{"id":43433,"date":"2025-02-18T03:03:00","date_gmt":"2025-02-18T02:03:00","guid":{"rendered":"https:\/\/schoenstatt.com\/?p=43433"},"modified":"2025-08-15T19:26:52","modified_gmt":"2025-08-15T17:26:52","slug":"estamos-adicionando-esperanca-aos-nossos-dias","status":"publish","type":"post","link":"https:\/\/schoenstatt.com\/pt-pt\/estamos-adicionando-esperanca-aos-nossos-dias\/","title":{"rendered":"Estamos adicionando esperan\u00e7a aos nossos dias?"},"content":{"rendered":"\n<p>O mundo parece estar se movendo de maneira particularmente r\u00e1pida nos dias atuais. Grandes mudan\u00e7as est\u00e3o acontecendo ou s\u00e3o iminentes. Nos Estados Unidos, Donald Trump assumiu a Casa Branca pela segunda vez. Desde ent\u00e3o, ele deixou claro, v\u00e1rias vezes, como pretende agir no cen\u00e1rio internacional: por meio de provoca\u00e7\u00f5es e questionando as ordens existentes. A \u00c1ustria ainda est\u00e1 esperando que um governo de coaliz\u00e3o se estabele\u00e7a, ap\u00f3s a vit\u00f3ria do partido populista de direita FP\u00d6. Aqui na Alemanha, um novo Parlamento Federal (Bundestag) ser\u00e1 eleito em alguns dias. A campanha eleitoral, que foi caracterizada principalmente pela quest\u00e3o da imigra\u00e7\u00e3o ap\u00f3s os ataques em Magdeburg, Aschaffenburg e, mais recentemente, Munique, foi bastante emotiva. Pela primeira vez, uma maioria conjunta com o partido AfD (partido de extrema direita) foi alcan\u00e7ada no parlamento alem\u00e3o. Portanto, h\u00e1 muitos pontos de interroga\u00e7\u00e3o pairando sobre o ainda jovem ano de 2025.<\/p>\n\n\n\n<p>\u201cA atual situa\u00e7\u00e3o do mundo realmente me assusta\u201d, comentou recentemente uma senhora, durante uma reuni\u00e3o. Muitos concordaram com ela. Obviamente, esse coment\u00e1rio tocou em um ponto sens\u00edvel. Havia uma certa sensa\u00e7\u00e3o de al\u00edvio pelo fato de a preocupa\u00e7\u00e3o, que n\u00e3o estava apenas na alma dessa mulher, ter sido expressa e compartilhada.<\/p>\n\n\n\n<p>Mas, \u00e0 medida em que a conversa avan\u00e7ava, percebemos que n\u00e3o se tratava apenas de compartilhar medos e preocupa\u00e7\u00f5es. Silenciosamente, de forma discreta, a CONFIAN\u00c7A se juntou ao nosso grupo e se \u201csentou \u00e0 mesa\u201d. O resultado foi uma conversa caracterizada por grande seriedade. Finalmente, chegamos \u00e0 percep\u00e7\u00e3o de que n\u00e3o estamos em um terreno inst\u00e1vel sem apoio. Apesar de toda a incerteza, <strong>temos bons motivos para ter confian\u00e7a no futuro.<\/strong><\/p>\n\n\n\n<p>Isso n\u00e3o \u00e9 interessante? A confian\u00e7a \u00e9 uma atitude que aparece exatamente quando \u00e9 mais necess\u00e1ria. \u00c9 semelhante \u00e0 luz, que se torna mais forte e clara quando est\u00e1 cercada pela escurid\u00e3o.<\/p>\n\n\n\n<p>\u201cPeregrinos da Esperan\u00e7a\u201d \u00e9 o lema que o Papa Francisco deu ao <a href=\"https:\/\/schoenstatt.com\/pt-pt\/ano-santo-da-igreja-2025\/\"><mark style=\"background-color:rgba(0, 0, 0, 0);color:#e46914\" class=\"has-inline-color\">Ano Santo<\/mark><\/a> celebrado pela Igreja Cat\u00f3lica. Parece-me que isso ressoa muito bem em nossos tempos. A peregrina\u00e7\u00e3o \u00e9 uma atitude ativa. Significa partir em uma jornada e viajar em busca de algo. A esperan\u00e7a n\u00e3o est\u00e1 simplesmente l\u00e1 no final, ela precisa ser buscada e conquistada repetidas vezes. O chamado para ser um peregrino da esperan\u00e7a traz a mensagem de que vale a pena partir!<\/p>\n\n\n\n<p>A esperan\u00e7a n\u00e3o deve ser entendida como algo banal. Ela n\u00e3o significa deixar de lado as preocupa\u00e7\u00f5es justificadas e fechar os olhos para a realidade. Da mesma forma, esperan\u00e7a n\u00e3o significa \u201ccolocar as m\u00e3os no bolso\u201d. Pelo contr\u00e1rio: em suas declara\u00e7\u00f5es no in\u00edcio do Ano Santo, o Papa deixa claro que a atitude de esperan\u00e7a tamb\u00e9m tem uma dimens\u00e3o pol\u00edtica. Trata-se de trabalhar em prol de uma nova vis\u00e3o para as pessoas e para toda a Terra, em grande e pequena escala.<\/p>\n\n\n\n<p>Um exemplo disso \u00e9 o apelo do Papa \u2013 de inspira\u00e7\u00e3o b\u00edblica \u2013 para o cancelamento das d\u00edvidas: \u201cExorto a comunidade internacional a tomar medidas para cancelar a d\u00edvida externa, reconhecendo a exist\u00eancia de uma d\u00edvida ecol\u00f3gica entre o Norte e o Sul\u201d (Mensagem para o Dia Mundial da Paz em 1\u00ba de janeiro de 2025). Os incessantes apelos do Papa pela paz no mundo tamb\u00e9m podem ser entendidos como uma express\u00e3o de esperan\u00e7a ativa.<\/p>\n\n\n\n<p>Diante disso tudo, eu me sinto feliz em partir como um peregrino da esperan\u00e7a e um explorador de novos come\u00e7os. Voc\u00ea vem comigo?<\/p>\n\n\n\n<p><strong>Pe. Frank Riedel, Munique<\/strong><br><a href=\"https:\/\/schoenstatt.com\/pt-pt\/em-comunidade\/sacerdotes\/padres-de-schoenstatt\/\"><mark style=\"background-color:rgba(0, 0, 0, 0);color:#e46914\" class=\"has-inline-color\">Instituto Secular dos Padres de Schoenstatt<\/mark><\/a><\/p>\n\n\n\n<p><strong>Fonte: <\/strong><a href=\"https:\/\/www.basis-online.net\/frank-riedel_15-01-2025_da-trat-hoffnung-hinzu\/\" target=\"_blank\" rel=\"noreferrer noopener\"><mark style=\"background-color:rgba(0, 0, 0, 0);color:#e46914\" class=\"has-inline-color\">basis-online.net<\/mark><\/a><\/p>\n","protected":false},"excerpt":{"rendered":"<p>O verbo \u201cperegrinar\u201d representa a\u00e7\u00e3o, mas uma atitude \u00e9 fundamental: peregrinar com esperan\u00e7a para mudar o mundo.<\/p>\n","protected":false},"author":3,"featured_media":43428,"comment_status":"closed","ping_status":"closed","sticky":false,"template":"","format":"standard","meta":{"footnotes":""},"categories":[897,916],"tags":[982,965],"class_list":["post-43433","post","type-post","status-publish","format-standard","has-post-thumbnail","hentry","category-em-missao-pt-pt","category-espiritualidade-pt-pt","tag-alianca-de-amor-pt-pt","tag-dia-18-de-cada-mes-pt-pt"],"yoast_head":"<!-- This site is optimized with the Yoast SEO Premium plugin v27.4 (Yoast SEO v27.4) - https:\/\/yoast.com\/product\/yoast-seo-premium-wordpress\/ -->\n<title>Estamos adicionando esperan\u00e7a aos nossos dias? - Schoenstatt<\/title>\n<meta name=\"description\" content=\"O verbo \u201cperegrinar\u201d representa a\u00e7\u00e3o, mas uma atitude \u00e9 fundamental: peregrinar com esperan\u00e7a para mudar o mundo.\" \/>\n<meta name=\"robots\" content=\"index, follow, max-snippet:-1, max-image-preview:large, max-video-preview:-1\" \/>\n<link rel=\"canonical\" href=\"https:\/\/schoenstatt.com\/pt-pt\/estamos-adicionando-esperanca-aos-nossos-dias\/\" \/>\n<meta property=\"og:locale\" content=\"pt_PT\" \/>\n<meta property=\"og:type\" content=\"article\" \/>\n<meta property=\"og:title\" content=\"Estamos adicionando esperan\u00e7a aos nossos dias?\" \/>\n<meta property=\"og:description\" content=\"O verbo \u201cperegrinar\u201d representa a\u00e7\u00e3o, mas uma atitude \u00e9 fundamental: peregrinar com esperan\u00e7a para mudar o mundo.\" \/>\n<meta property=\"og:url\" content=\"https:\/\/schoenstatt.com\/pt-pt\/estamos-adicionando-esperanca-aos-nossos-dias\/\" \/>\n<meta property=\"og:site_name\" content=\"Schoenstatt\" \/>\n<meta property=\"article:published_time\" content=\"2025-02-18T02:03:00+00:00\" \/>\n<meta property=\"article:modified_time\" content=\"2025-08-15T17:26:52+00:00\" \/>\n<meta property=\"og:image\" content=\"https:\/\/schoenstatt.com\/wp-content\/uploads\/2025\/02\/MTA-Schoenstatt-Mother-and-Queen-1.webp\" \/>\n\t<meta property=\"og:image:width\" content=\"1920\" \/>\n\t<meta property=\"og:image:height\" content=\"1253\" \/>\n\t<meta property=\"og:image:type\" content=\"image\/webp\" \/>\n<meta name=\"author\" content=\"Karen Bueno\" \/>\n<meta name=\"twitter:card\" content=\"summary_large_image\" \/>\n<meta name=\"twitter:label1\" content=\"Escrito por\" \/>\n\t<meta name=\"twitter:data1\" content=\"Karen Bueno\" \/>\n\t<meta name=\"twitter:label2\" content=\"Tempo estimado de leitura\" \/>\n\t<meta name=\"twitter:data2\" content=\"3 minutos\" \/>\n<script type=\"application\/ld+json\" class=\"yoast-schema-graph\">{\"@context\":\"https:\\\/\\\/schema.org\",\"@graph\":[{\"@type\":\"Article\",\"@id\":\"https:\\\/\\\/schoenstatt.com\\\/pt-pt\\\/estamos-adicionando-esperanca-aos-nossos-dias\\\/#article\",\"isPartOf\":{\"@id\":\"https:\\\/\\\/schoenstatt.com\\\/pt-pt\\\/estamos-adicionando-esperanca-aos-nossos-dias\\\/\"},\"author\":{\"name\":\"Karen Bueno\",\"@id\":\"https:\\\/\\\/schoenstatt.com\\\/pt-pt\\\/#\\\/schema\\\/person\\\/5158877ad4acae98b34daaeef2a1ce6e\"},\"headline\":\"Estamos adicionando esperan\u00e7a aos nossos dias?\",\"datePublished\":\"2025-02-18T02:03:00+00:00\",\"dateModified\":\"2025-08-15T17:26:52+00:00\",\"mainEntityOfPage\":{\"@id\":\"https:\\\/\\\/schoenstatt.com\\\/pt-pt\\\/estamos-adicionando-esperanca-aos-nossos-dias\\\/\"},\"wordCount\":631,\"publisher\":{\"@id\":\"https:\\\/\\\/schoenstatt.com\\\/pt-pt\\\/#organization\"},\"image\":{\"@id\":\"https:\\\/\\\/schoenstatt.com\\\/pt-pt\\\/estamos-adicionando-esperanca-aos-nossos-dias\\\/#primaryimage\"},\"thumbnailUrl\":\"https:\\\/\\\/schoenstatt.com\\\/wp-content\\\/uploads\\\/2025\\\/02\\\/MTA-Schoenstatt-Mother-and-Queen-1.webp\",\"keywords\":[\"Alian\u00e7a de Amor\",\"Dia 18 de cada m\u00eas\"],\"articleSection\":[\"Em miss\u00e3o\",\"Espiritualidade\"],\"inLanguage\":\"pt-PT\"},{\"@type\":\"WebPage\",\"@id\":\"https:\\\/\\\/schoenstatt.com\\\/pt-pt\\\/estamos-adicionando-esperanca-aos-nossos-dias\\\/\",\"url\":\"https:\\\/\\\/schoenstatt.com\\\/pt-pt\\\/estamos-adicionando-esperanca-aos-nossos-dias\\\/\",\"name\":\"Estamos adicionando esperan\u00e7a aos nossos dias? - Schoenstatt\",\"isPartOf\":{\"@id\":\"https:\\\/\\\/schoenstatt.com\\\/pt-pt\\\/#website\"},\"primaryImageOfPage\":{\"@id\":\"https:\\\/\\\/schoenstatt.com\\\/pt-pt\\\/estamos-adicionando-esperanca-aos-nossos-dias\\\/#primaryimage\"},\"image\":{\"@id\":\"https:\\\/\\\/schoenstatt.com\\\/pt-pt\\\/estamos-adicionando-esperanca-aos-nossos-dias\\\/#primaryimage\"},\"thumbnailUrl\":\"https:\\\/\\\/schoenstatt.com\\\/wp-content\\\/uploads\\\/2025\\\/02\\\/MTA-Schoenstatt-Mother-and-Queen-1.webp\",\"datePublished\":\"2025-02-18T02:03:00+00:00\",\"dateModified\":\"2025-08-15T17:26:52+00:00\",\"description\":\"O verbo \u201cperegrinar\u201d representa a\u00e7\u00e3o, mas uma atitude \u00e9 fundamental: peregrinar com esperan\u00e7a para mudar o mundo.\",\"breadcrumb\":{\"@id\":\"https:\\\/\\\/schoenstatt.com\\\/pt-pt\\\/estamos-adicionando-esperanca-aos-nossos-dias\\\/#breadcrumb\"},\"inLanguage\":\"pt-PT\",\"potentialAction\":[{\"@type\":\"ReadAction\",\"target\":[\"https:\\\/\\\/schoenstatt.com\\\/pt-pt\\\/estamos-adicionando-esperanca-aos-nossos-dias\\\/\"]}]},{\"@type\":\"ImageObject\",\"inLanguage\":\"pt-PT\",\"@id\":\"https:\\\/\\\/schoenstatt.com\\\/pt-pt\\\/estamos-adicionando-esperanca-aos-nossos-dias\\\/#primaryimage\",\"url\":\"https:\\\/\\\/schoenstatt.com\\\/wp-content\\\/uploads\\\/2025\\\/02\\\/MTA-Schoenstatt-Mother-and-Queen-1.webp\",\"contentUrl\":\"https:\\\/\\\/schoenstatt.com\\\/wp-content\\\/uploads\\\/2025\\\/02\\\/MTA-Schoenstatt-Mother-and-Queen-1.webp\",\"width\":1920,\"height\":1253},{\"@type\":\"BreadcrumbList\",\"@id\":\"https:\\\/\\\/schoenstatt.com\\\/pt-pt\\\/estamos-adicionando-esperanca-aos-nossos-dias\\\/#breadcrumb\",\"itemListElement\":[{\"@type\":\"ListItem\",\"position\":1,\"name\":\"Portada\",\"item\":\"https:\\\/\\\/schoenstatt.com\\\/pt-pt\\\/home\\\/\"},{\"@type\":\"ListItem\",\"position\":2,\"name\":\"Estamos adicionando esperan\u00e7a aos nossos dias?\"}]},{\"@type\":\"WebSite\",\"@id\":\"https:\\\/\\\/schoenstatt.com\\\/pt-pt\\\/#website\",\"url\":\"https:\\\/\\\/schoenstatt.com\\\/pt-pt\\\/\",\"name\":\"Schoenstatt\",\"description\":\"Apostolic Movement\",\"publisher\":{\"@id\":\"https:\\\/\\\/schoenstatt.com\\\/pt-pt\\\/#organization\"},\"potentialAction\":[{\"@type\":\"SearchAction\",\"target\":{\"@type\":\"EntryPoint\",\"urlTemplate\":\"https:\\\/\\\/schoenstatt.com\\\/pt-pt\\\/?s={search_term_string}\"},\"query-input\":{\"@type\":\"PropertyValueSpecification\",\"valueRequired\":true,\"valueName\":\"search_term_string\"}}],\"inLanguage\":\"pt-PT\"},{\"@type\":\"Organization\",\"@id\":\"https:\\\/\\\/schoenstatt.com\\\/pt-pt\\\/#organization\",\"name\":\"Schoenstatt\",\"url\":\"https:\\\/\\\/schoenstatt.com\\\/pt-pt\\\/\",\"logo\":{\"@type\":\"ImageObject\",\"inLanguage\":\"pt-PT\",\"@id\":\"https:\\\/\\\/schoenstatt.com\\\/pt-pt\\\/#\\\/schema\\\/logo\\\/image\\\/\",\"url\":\"https:\\\/\\\/schoenstatt.com\\\/wp-content\\\/uploads\\\/2025\\\/04\\\/logo-schoenstatt-white-696x696-1.png\",\"contentUrl\":\"https:\\\/\\\/schoenstatt.com\\\/wp-content\\\/uploads\\\/2025\\\/04\\\/logo-schoenstatt-white-696x696-1.png\",\"width\":696,\"height\":694,\"caption\":\"Schoenstatt\"},\"image\":{\"@id\":\"https:\\\/\\\/schoenstatt.com\\\/pt-pt\\\/#\\\/schema\\\/logo\\\/image\\\/\"}},{\"@type\":\"Person\",\"@id\":\"https:\\\/\\\/schoenstatt.com\\\/pt-pt\\\/#\\\/schema\\\/person\\\/5158877ad4acae98b34daaeef2a1ce6e\",\"name\":\"Karen Bueno\",\"image\":{\"@type\":\"ImageObject\",\"inLanguage\":\"pt-PT\",\"@id\":\"https:\\\/\\\/secure.gravatar.com\\\/avatar\\\/f9f4b823873154269d2b2130f195f6d41037dd0d7fc5f3cacb5c846bae70d66b?s=96&d=mm&r=g\",\"url\":\"https:\\\/\\\/secure.gravatar.com\\\/avatar\\\/f9f4b823873154269d2b2130f195f6d41037dd0d7fc5f3cacb5c846bae70d66b?s=96&d=mm&r=g\",\"contentUrl\":\"https:\\\/\\\/secure.gravatar.com\\\/avatar\\\/f9f4b823873154269d2b2130f195f6d41037dd0d7fc5f3cacb5c846bae70d66b?s=96&d=mm&r=g\",\"caption\":\"Karen Bueno\"},\"url\":\"https:\\\/\\\/schoenstatt.com\\\/pt-pt\\\/author\\\/karen-bueno\\\/\"}]}<\/script>\n<!-- \/ Yoast SEO Premium plugin. -->","yoast_head_json":{"title":"Estamos adicionando esperan\u00e7a aos nossos dias? - Schoenstatt","description":"O verbo \u201cperegrinar\u201d representa a\u00e7\u00e3o, mas uma atitude \u00e9 fundamental: peregrinar com esperan\u00e7a para mudar o mundo.","robots":{"index":"index","follow":"follow","max-snippet":"max-snippet:-1","max-image-preview":"max-image-preview:large","max-video-preview":"max-video-preview:-1"},"canonical":"https:\/\/schoenstatt.com\/pt-pt\/estamos-adicionando-esperanca-aos-nossos-dias\/","og_locale":"pt_PT","og_type":"article","og_title":"Estamos adicionando esperan\u00e7a aos nossos dias?","og_description":"O verbo \u201cperegrinar\u201d representa a\u00e7\u00e3o, mas uma atitude \u00e9 fundamental: peregrinar com esperan\u00e7a para mudar o mundo.","og_url":"https:\/\/schoenstatt.com\/pt-pt\/estamos-adicionando-esperanca-aos-nossos-dias\/","og_site_name":"Schoenstatt","article_published_time":"2025-02-18T02:03:00+00:00","article_modified_time":"2025-08-15T17:26:52+00:00","og_image":[{"width":1920,"height":1253,"url":"https:\/\/schoenstatt.com\/wp-content\/uploads\/2025\/02\/MTA-Schoenstatt-Mother-and-Queen-1.webp","type":"image\/webp"}],"author":"Karen Bueno","twitter_card":"summary_large_image","twitter_misc":{"Escrito por":"Karen Bueno","Tempo estimado de leitura":"3 minutos"},"schema":{"@context":"https:\/\/schema.org","@graph":[{"@type":"Article","@id":"https:\/\/schoenstatt.com\/pt-pt\/estamos-adicionando-esperanca-aos-nossos-dias\/#article","isPartOf":{"@id":"https:\/\/schoenstatt.com\/pt-pt\/estamos-adicionando-esperanca-aos-nossos-dias\/"},"author":{"name":"Karen Bueno","@id":"https:\/\/schoenstatt.com\/pt-pt\/#\/schema\/person\/5158877ad4acae98b34daaeef2a1ce6e"},"headline":"Estamos adicionando esperan\u00e7a aos nossos dias?","datePublished":"2025-02-18T02:03:00+00:00","dateModified":"2025-08-15T17:26:52+00:00","mainEntityOfPage":{"@id":"https:\/\/schoenstatt.com\/pt-pt\/estamos-adicionando-esperanca-aos-nossos-dias\/"},"wordCount":631,"publisher":{"@id":"https:\/\/schoenstatt.com\/pt-pt\/#organization"},"image":{"@id":"https:\/\/schoenstatt.com\/pt-pt\/estamos-adicionando-esperanca-aos-nossos-dias\/#primaryimage"},"thumbnailUrl":"https:\/\/schoenstatt.com\/wp-content\/uploads\/2025\/02\/MTA-Schoenstatt-Mother-and-Queen-1.webp","keywords":["Alian\u00e7a de Amor","Dia 18 de cada m\u00eas"],"articleSection":["Em miss\u00e3o","Espiritualidade"],"inLanguage":"pt-PT"},{"@type":"WebPage","@id":"https:\/\/schoenstatt.com\/pt-pt\/estamos-adicionando-esperanca-aos-nossos-dias\/","url":"https:\/\/schoenstatt.com\/pt-pt\/estamos-adicionando-esperanca-aos-nossos-dias\/","name":"Estamos adicionando esperan\u00e7a aos nossos dias? - Schoenstatt","isPartOf":{"@id":"https:\/\/schoenstatt.com\/pt-pt\/#website"},"primaryImageOfPage":{"@id":"https:\/\/schoenstatt.com\/pt-pt\/estamos-adicionando-esperanca-aos-nossos-dias\/#primaryimage"},"image":{"@id":"https:\/\/schoenstatt.com\/pt-pt\/estamos-adicionando-esperanca-aos-nossos-dias\/#primaryimage"},"thumbnailUrl":"https:\/\/schoenstatt.com\/wp-content\/uploads\/2025\/02\/MTA-Schoenstatt-Mother-and-Queen-1.webp","datePublished":"2025-02-18T02:03:00+00:00","dateModified":"2025-08-15T17:26:52+00:00","description":"O verbo \u201cperegrinar\u201d representa a\u00e7\u00e3o, mas uma atitude \u00e9 fundamental: peregrinar com esperan\u00e7a para mudar o mundo.","breadcrumb":{"@id":"https:\/\/schoenstatt.com\/pt-pt\/estamos-adicionando-esperanca-aos-nossos-dias\/#breadcrumb"},"inLanguage":"pt-PT","potentialAction":[{"@type":"ReadAction","target":["https:\/\/schoenstatt.com\/pt-pt\/estamos-adicionando-esperanca-aos-nossos-dias\/"]}]},{"@type":"ImageObject","inLanguage":"pt-PT","@id":"https:\/\/schoenstatt.com\/pt-pt\/estamos-adicionando-esperanca-aos-nossos-dias\/#primaryimage","url":"https:\/\/schoenstatt.com\/wp-content\/uploads\/2025\/02\/MTA-Schoenstatt-Mother-and-Queen-1.webp","contentUrl":"https:\/\/schoenstatt.com\/wp-content\/uploads\/2025\/02\/MTA-Schoenstatt-Mother-and-Queen-1.webp","width":1920,"height":1253},{"@type":"BreadcrumbList","@id":"https:\/\/schoenstatt.com\/pt-pt\/estamos-adicionando-esperanca-aos-nossos-dias\/#breadcrumb","itemListElement":[{"@type":"ListItem","position":1,"name":"Portada","item":"https:\/\/schoenstatt.com\/pt-pt\/home\/"},{"@type":"ListItem","position":2,"name":"Estamos adicionando esperan\u00e7a aos nossos dias?"}]},{"@type":"WebSite","@id":"https:\/\/schoenstatt.com\/pt-pt\/#website","url":"https:\/\/schoenstatt.com\/pt-pt\/","name":"Schoenstatt","description":"Apostolic Movement","publisher":{"@id":"https:\/\/schoenstatt.com\/pt-pt\/#organization"},"potentialAction":[{"@type":"SearchAction","target":{"@type":"EntryPoint","urlTemplate":"https:\/\/schoenstatt.com\/pt-pt\/?s={search_term_string}"},"query-input":{"@type":"PropertyValueSpecification","valueRequired":true,"valueName":"search_term_string"}}],"inLanguage":"pt-PT"},{"@type":"Organization","@id":"https:\/\/schoenstatt.com\/pt-pt\/#organization","name":"Schoenstatt","url":"https:\/\/schoenstatt.com\/pt-pt\/","logo":{"@type":"ImageObject","inLanguage":"pt-PT","@id":"https:\/\/schoenstatt.com\/pt-pt\/#\/schema\/logo\/image\/","url":"https:\/\/schoenstatt.com\/wp-content\/uploads\/2025\/04\/logo-schoenstatt-white-696x696-1.png","contentUrl":"https:\/\/schoenstatt.com\/wp-content\/uploads\/2025\/04\/logo-schoenstatt-white-696x696-1.png","width":696,"height":694,"caption":"Schoenstatt"},"image":{"@id":"https:\/\/schoenstatt.com\/pt-pt\/#\/schema\/logo\/image\/"}},{"@type":"Person","@id":"https:\/\/schoenstatt.com\/pt-pt\/#\/schema\/person\/5158877ad4acae98b34daaeef2a1ce6e","name":"Karen Bueno","image":{"@type":"ImageObject","inLanguage":"pt-PT","@id":"https:\/\/secure.gravatar.com\/avatar\/f9f4b823873154269d2b2130f195f6d41037dd0d7fc5f3cacb5c846bae70d66b?s=96&d=mm&r=g","url":"https:\/\/secure.gravatar.com\/avatar\/f9f4b823873154269d2b2130f195f6d41037dd0d7fc5f3cacb5c846bae70d66b?s=96&d=mm&r=g","contentUrl":"https:\/\/secure.gravatar.com\/avatar\/f9f4b823873154269d2b2130f195f6d41037dd0d7fc5f3cacb5c846bae70d66b?s=96&d=mm&r=g","caption":"Karen Bueno"},"url":"https:\/\/schoenstatt.com\/pt-pt\/author\/karen-bueno\/"}]}},"_links":{"self":[{"href":"https:\/\/schoenstatt.com\/pt-pt\/wp-json\/wp\/v2\/posts\/43433","targetHints":{"allow":["GET"]}}],"collection":[{"href":"https:\/\/schoenstatt.com\/pt-pt\/wp-json\/wp\/v2\/posts"}],"about":[{"href":"https:\/\/schoenstatt.com\/pt-pt\/wp-json\/wp\/v2\/types\/post"}],"author":[{"embeddable":true,"href":"https:\/\/schoenstatt.com\/pt-pt\/wp-json\/wp\/v2\/users\/3"}],"replies":[{"embeddable":true,"href":"https:\/\/schoenstatt.com\/pt-pt\/wp-json\/wp\/v2\/comments?post=43433"}],"version-history":[{"count":4,"href":"https:\/\/schoenstatt.com\/pt-pt\/wp-json\/wp\/v2\/posts\/43433\/revisions"}],"predecessor-version":[{"id":61883,"href":"https:\/\/schoenstatt.com\/pt-pt\/wp-json\/wp\/v2\/posts\/43433\/revisions\/61883"}],"wp:featuredmedia":[{"embeddable":true,"href":"https:\/\/schoenstatt.com\/pt-pt\/wp-json\/wp\/v2\/media\/43428"}],"wp:attachment":[{"href":"https:\/\/schoenstatt.com\/pt-pt\/wp-json\/wp\/v2\/media?parent=43433"}],"wp:term":[{"taxonomy":"category","embeddable":true,"href":"https:\/\/schoenstatt.com\/pt-pt\/wp-json\/wp\/v2\/categories?post=43433"},{"taxonomy":"post_tag","embeddable":true,"href":"https:\/\/schoenstatt.com\/pt-pt\/wp-json\/wp\/v2\/tags?post=43433"}],"curies":[{"name":"wp","href":"https:\/\/api.w.org\/{rel}","templated":true}]}}