{"id":43425,"date":"2025-02-17T13:26:30","date_gmt":"2025-02-17T12:26:30","guid":{"rendered":"https:\/\/schoenstatt.com\/?p=43425"},"modified":"2025-08-15T01:04:31","modified_gmt":"2025-08-14T23:04:31","slug":"ancorados-na-alianca-um-retiro-para-casais-em-lamar-eua","status":"publish","type":"post","link":"https:\/\/schoenstatt.com\/pt-pt\/ancorados-na-alianca-um-retiro-para-casais-em-lamar-eua\/","title":{"rendered":"Ancorados na Alian\u00e7a: Um retiro para casais em Lamar, EUA"},"content":{"rendered":"\n<p>No in\u00edcio deste ano, 25 casais de diferentes partes do Texas, nos Estados Unidos, participaram de um retiro de casais que foi realizado em <a href=\"https:\/\/maps.app.goo.gl\/2c8JjvAkZRFpfYzN8\" target=\"_blank\" rel=\"noreferrer noopener\"><mark style=\"background-color:rgba(0, 0, 0, 0);color:#e7750c\" class=\"has-inline-color\">Lamar\/TX<\/mark><\/a>, de 31 de janeiro a 2 de fevereiro de 2025. O tema do retiro foi \u201cPeregrinos da Esperan\u00e7a \u2013 Ancorados na Alian\u00e7a\u201d. Os anfitri\u00f5es do encontro, com seus conte\u00fados e sua hospitalidade, foram as <a href=\"https:\/\/schoenstatt.com\/pt-pt\/em-comunidade\/woman\/irmas-de-maria\/\"><mark style=\"background-color:rgba(0, 0, 0, 0);color:#e7750c\" class=\"has-inline-color\">Irm\u00e3s de Maria<\/mark><\/a>, os <a href=\"https:\/\/schoenstatt.com\/pt-pt\/em-comunidade\/sacerdotes\/padres-de-schoenstatt\/\"><mark style=\"background-color:rgba(0, 0, 0, 0);color:#e7750c\" class=\"has-inline-color\">Padres de Schoenstatt<\/mark><\/a> e a <a href=\"https:\/\/schoenstatt.com\/pt-pt\/em-comunidade\/familias\/liga-de-familias-de-schoenstatt\/\"><mark style=\"background-color:rgba(0, 0, 0, 0);color:#e7750c\" class=\"has-inline-color\">Liga de Fam\u00edlias de Schoenstatt<\/mark><\/a>.<\/p>\n\n\n\n<p>Os temas se aprofundaram na figura metaf\u00f3rica da \u00e2ncora, recordando a hist\u00f3ria de Schoenstatt, que \u00e9 ancorada na fam\u00edlia, um no outro, em nossa alian\u00e7a matrimonial, na ora\u00e7\u00e3o, nas tradi\u00e7\u00f5es, nas celebra\u00e7\u00f5es, na caridade e no servi\u00e7o. Os debates se concentraram nas lutas da vida cotidiana \u2013 a jornada de trabalhar as feridas da experi\u00eancia humana por meio da <a href=\"https:\/\/schoenstatt.com\/pt-pt\/nossa-espiritualidade\/alianca-de-amor\/\"><mark style=\"background-color:rgba(0, 0, 0, 0);color:#e7750c\" class=\"has-inline-color\">Alian\u00e7a de Amor<\/mark><\/a>. Quando estamos ancorados em nossa Alian\u00e7a de Amor de Schoenstatt, podemos crescer. Diz-se que quando algu\u00e9m est\u00e1 ancorado no outro (nesse caso, nosso c\u00f4njuge e os tr\u00eas pontos de contato), ele \u00e9 compreendido e apoiado por sua \u00e2ncora.<\/p>\n\n\n\n<figure class=\"wp-block-image size-large\"><img decoding=\"async\" src=\"https:\/\/schoenstatt.com\/wp-content\/uploads\/2025\/02\/family-couples-Lamar-USA-2-1024x768.jpg\" alt=\"\" class=\"wp-image-43410\"\/><\/figure>\n\n\n\n<h3 class=\"wp-block-heading\" id=\"h-piquenique-ao-estilo-texano\"><strong><strong>Piquenique ao estilo texano<\/strong><\/strong><\/h3>\n\n\n\n<p>Como a gra\u00e7a se baseia na natureza, desfrutamos de refei\u00e7\u00f5es deliciosas e fomos presenteados com um almo\u00e7o de piquenique, oferecido pelo Mac&#8217;s Pit, seguindo um t\u00edpico card\u00e1pio texano: churrasco de Brisket (corte de peito bovino), salsicha, frango, feij\u00e3o, salada de batata e p\u00e3o. Os casais aproveitaram o piquenique ao ar livre, com um c\u00e9u azul e ensolarado, pr\u00f3ximo ao Golfo do M\u00e9xico, enquanto conversavam sobre a esperan\u00e7a que t\u00eam em seu casamento e fam\u00edlia. No in\u00edcio da tarde, houve tempo para confiss\u00f5es, caminhadas, compras na loja de presentes ou cochilos. Uma sess\u00e3o de debates e um painel de discuss\u00e3o ofereceram mais inspira\u00e7\u00e3o para o crescimento na Alian\u00e7a de Amor.<\/p>\n\n\n\n<p>Como o Santu\u00e1rio Confidentia, em Lamar, Texas, foi designado como local de peregrina\u00e7\u00e3o para este Ano Santo, os participantes partiram como \u201cPeregrinos da Esperan\u00e7a\u201d e fizeram uma prociss\u00e3o at\u00e9 o Santu\u00e1rio para obter a indulg\u00eancia plen\u00e1ria, passando pela Porta Santa. Um casal selou sua Alian\u00e7a de Amor.<\/p>\n\n\n\n<figure class=\"wp-block-image size-large\"><img decoding=\"async\" src=\"https:\/\/schoenstatt.com\/wp-content\/uploads\/2025\/02\/family-couples-Lamar-USA-1024x575.jpg\" alt=\"\" class=\"wp-image-43415\"\/><\/figure>\n\n\n\n<h3 class=\"wp-block-heading\" id=\"h-enviados-como-peregrinos-da-esperanca\"><strong><strong>Enviados como peregrinos da esperan\u00e7a<\/strong><\/strong><\/h3>\n\n\n\n<p>\u00c0 noite, os casais se reuniram para dan\u00e7ar e desfrutar de queijo e vinho. Isso se tornou uma tradi\u00e7\u00e3o que \u00e9 muito apreciada por todos. Depois disso, o Sant\u00edssimo Sacramento foi exposto no Santu\u00e1rio e os esposos se revezaram para passar um tempo com o Senhor e sua M\u00e3e, do anoitecer ao amanhecer.<\/p>\n\n\n\n<p>O retiro terminou no domingo com um momento para que todos dessem feedback e enriquecessem uns aos outros. Durante a missa de encerramento, na festa da Apresenta\u00e7\u00e3o do Senhor, os casais foram convidados a renovar seu compromisso matrimonial e receberam uma \u00e2ncora como lembran\u00e7a da peregrina\u00e7\u00e3o da esperan\u00e7a. Ancorados na Alian\u00e7a, todos n\u00f3s partimos de volta \u00e0 nossa vida cotidiana, levando conosco as gra\u00e7as que recebemos de nosso Santu\u00e1rio e a experi\u00eancia do Hino da Minha Terra:<\/p>\n\n\n\n<p><em>\u201c\u2026Conhece a terra impregnada de alegria, porque nela o sol n\u00e3o conhece ocaso; onde os cora\u00e7\u00f5es vivem serenos, na posse dos bens eternos; onde cora\u00e7\u00e3o e vontade se deleitam, sem cessar, com os abundantes dons de Deus; onde a vara m\u00e1gica do amor logo transforma toda a tristeza em alegria?\u201d (Rumo ao C\u00e9u, 603)<\/em><\/p>\n\n\n\n<figure class=\"wp-block-image size-large\"><img decoding=\"async\" src=\"https:\/\/schoenstatt.com\/wp-content\/uploads\/2025\/02\/Lamar-Shrine-USA-1024x598.jpg\" alt=\"\" class=\"wp-image-43420\"\/><\/figure>\n\n\n\n<p><strong>Tradu\u00e7\u00e3o: <\/strong>Karen Bueno<\/p>\n","protected":false},"excerpt":{"rendered":"<p>25 casais de diferentes partes do Texas, EUA, participaram de um retiro que foi realizado em Lamar, de 31 de janeiro a 2 de fevereiro de 2025.<\/p>\n","protected":false},"author":3,"featured_media":43405,"comment_status":"closed","ping_status":"closed","sticky":false,"template":"","format":"standard","meta":{"footnotes":""},"categories":[625,876],"tags":[801,1154,1205],"class_list":["post-43425","post","type-post","status-publish","format-standard","has-post-thumbnail","hentry","category-america-pt-pt","category-familia-pt-pt","tag-familia-pt-pt","tag-liga-de-familias-de-schoenstatt-pt-pt","tag-schoenstatt-estados-unidos-eua-pt-pt"],"yoast_head":"<!-- This site is optimized with the Yoast SEO Premium plugin v27.4 (Yoast SEO v27.4) - https:\/\/yoast.com\/product\/yoast-seo-premium-wordpress\/ -->\n<title>Ancorados na Alian\u00e7a: Um retiro para casais em Lamar, EUA - Schoenstatt<\/title>\n<meta name=\"description\" content=\"25 casais de diferentes partes do Texas, EUA, participaram de um retiro que foi realizado em Lamar, de 31 de janeiro a 2 de fevereiro.\" \/>\n<meta name=\"robots\" content=\"index, follow, max-snippet:-1, max-image-preview:large, max-video-preview:-1\" \/>\n<link rel=\"canonical\" href=\"https:\/\/schoenstatt.com\/pt-pt\/ancorados-na-alianca-um-retiro-para-casais-em-lamar-eua\/\" \/>\n<meta property=\"og:locale\" content=\"pt_PT\" \/>\n<meta property=\"og:type\" content=\"article\" \/>\n<meta property=\"og:title\" content=\"Ancorados na Alian\u00e7a: Um retiro para casais em Lamar, EUA\" \/>\n<meta property=\"og:description\" content=\"25 casais de diferentes partes do Texas, EUA, participaram de um retiro que foi realizado em Lamar, de 31 de janeiro a 2 de fevereiro.\" \/>\n<meta property=\"og:url\" content=\"https:\/\/schoenstatt.com\/pt-pt\/ancorados-na-alianca-um-retiro-para-casais-em-lamar-eua\/\" \/>\n<meta property=\"og:site_name\" content=\"Schoenstatt\" \/>\n<meta property=\"article:published_time\" content=\"2025-02-17T12:26:30+00:00\" \/>\n<meta property=\"article:modified_time\" content=\"2025-08-14T23:04:31+00:00\" \/>\n<meta property=\"og:image\" content=\"https:\/\/schoenstatt.com\/wp-content\/uploads\/2025\/02\/family-couples-1.webp\" \/>\n\t<meta property=\"og:image:width\" content=\"1600\" \/>\n\t<meta property=\"og:image:height\" content=\"774\" \/>\n\t<meta property=\"og:image:type\" content=\"image\/webp\" \/>\n<meta name=\"author\" content=\"Karen Bueno\" \/>\n<meta name=\"twitter:card\" content=\"summary_large_image\" \/>\n<meta name=\"twitter:label1\" content=\"Escrito por\" \/>\n\t<meta name=\"twitter:data1\" content=\"Karen Bueno\" \/>\n\t<meta name=\"twitter:label2\" content=\"Tempo estimado de leitura\" \/>\n\t<meta name=\"twitter:data2\" content=\"4 minutos\" \/>\n<script type=\"application\/ld+json\" class=\"yoast-schema-graph\">{\"@context\":\"https:\\\/\\\/schema.org\",\"@graph\":[{\"@type\":\"Article\",\"@id\":\"https:\\\/\\\/schoenstatt.com\\\/pt-pt\\\/ancorados-na-alianca-um-retiro-para-casais-em-lamar-eua\\\/#article\",\"isPartOf\":{\"@id\":\"https:\\\/\\\/schoenstatt.com\\\/pt-pt\\\/ancorados-na-alianca-um-retiro-para-casais-em-lamar-eua\\\/\"},\"author\":{\"name\":\"Karen Bueno\",\"@id\":\"https:\\\/\\\/schoenstatt.com\\\/pt-pt\\\/#\\\/schema\\\/person\\\/5158877ad4acae98b34daaeef2a1ce6e\"},\"headline\":\"Ancorados na Alian\u00e7a: Um retiro para casais em Lamar, EUA\",\"datePublished\":\"2025-02-17T12:26:30+00:00\",\"dateModified\":\"2025-08-14T23:04:31+00:00\",\"mainEntityOfPage\":{\"@id\":\"https:\\\/\\\/schoenstatt.com\\\/pt-pt\\\/ancorados-na-alianca-um-retiro-para-casais-em-lamar-eua\\\/\"},\"wordCount\":595,\"publisher\":{\"@id\":\"https:\\\/\\\/schoenstatt.com\\\/pt-pt\\\/#organization\"},\"image\":{\"@id\":\"https:\\\/\\\/schoenstatt.com\\\/pt-pt\\\/ancorados-na-alianca-um-retiro-para-casais-em-lamar-eua\\\/#primaryimage\"},\"thumbnailUrl\":\"https:\\\/\\\/schoenstatt.com\\\/wp-content\\\/uploads\\\/2025\\\/02\\\/family-couples-1.webp\",\"keywords\":[\"Fam\u00edlia\",\"Liga de Fam\u00edlias de Schoenstatt\",\"Schoenstatt Estados Unidos \u2013 EUA\"],\"articleSection\":[\"Am\u00e9rica\",\"Fam\u00edlia\"],\"inLanguage\":\"pt-PT\"},{\"@type\":\"WebPage\",\"@id\":\"https:\\\/\\\/schoenstatt.com\\\/pt-pt\\\/ancorados-na-alianca-um-retiro-para-casais-em-lamar-eua\\\/\",\"url\":\"https:\\\/\\\/schoenstatt.com\\\/pt-pt\\\/ancorados-na-alianca-um-retiro-para-casais-em-lamar-eua\\\/\",\"name\":\"Ancorados na Alian\u00e7a: Um retiro para casais em Lamar, EUA - Schoenstatt\",\"isPartOf\":{\"@id\":\"https:\\\/\\\/schoenstatt.com\\\/pt-pt\\\/#website\"},\"primaryImageOfPage\":{\"@id\":\"https:\\\/\\\/schoenstatt.com\\\/pt-pt\\\/ancorados-na-alianca-um-retiro-para-casais-em-lamar-eua\\\/#primaryimage\"},\"image\":{\"@id\":\"https:\\\/\\\/schoenstatt.com\\\/pt-pt\\\/ancorados-na-alianca-um-retiro-para-casais-em-lamar-eua\\\/#primaryimage\"},\"thumbnailUrl\":\"https:\\\/\\\/schoenstatt.com\\\/wp-content\\\/uploads\\\/2025\\\/02\\\/family-couples-1.webp\",\"datePublished\":\"2025-02-17T12:26:30+00:00\",\"dateModified\":\"2025-08-14T23:04:31+00:00\",\"description\":\"25 casais de diferentes partes do Texas, EUA, participaram de um retiro que foi realizado em Lamar, de 31 de janeiro a 2 de fevereiro.\",\"breadcrumb\":{\"@id\":\"https:\\\/\\\/schoenstatt.com\\\/pt-pt\\\/ancorados-na-alianca-um-retiro-para-casais-em-lamar-eua\\\/#breadcrumb\"},\"inLanguage\":\"pt-PT\",\"potentialAction\":[{\"@type\":\"ReadAction\",\"target\":[\"https:\\\/\\\/schoenstatt.com\\\/pt-pt\\\/ancorados-na-alianca-um-retiro-para-casais-em-lamar-eua\\\/\"]}]},{\"@type\":\"ImageObject\",\"inLanguage\":\"pt-PT\",\"@id\":\"https:\\\/\\\/schoenstatt.com\\\/pt-pt\\\/ancorados-na-alianca-um-retiro-para-casais-em-lamar-eua\\\/#primaryimage\",\"url\":\"https:\\\/\\\/schoenstatt.com\\\/wp-content\\\/uploads\\\/2025\\\/02\\\/family-couples-1.webp\",\"contentUrl\":\"https:\\\/\\\/schoenstatt.com\\\/wp-content\\\/uploads\\\/2025\\\/02\\\/family-couples-1.webp\",\"width\":1600,\"height\":774},{\"@type\":\"BreadcrumbList\",\"@id\":\"https:\\\/\\\/schoenstatt.com\\\/pt-pt\\\/ancorados-na-alianca-um-retiro-para-casais-em-lamar-eua\\\/#breadcrumb\",\"itemListElement\":[{\"@type\":\"ListItem\",\"position\":1,\"name\":\"Portada\",\"item\":\"https:\\\/\\\/schoenstatt.com\\\/pt-pt\\\/home\\\/\"},{\"@type\":\"ListItem\",\"position\":2,\"name\":\"Ancorados na Alian\u00e7a: Um retiro para casais em Lamar, EUA\"}]},{\"@type\":\"WebSite\",\"@id\":\"https:\\\/\\\/schoenstatt.com\\\/pt-pt\\\/#website\",\"url\":\"https:\\\/\\\/schoenstatt.com\\\/pt-pt\\\/\",\"name\":\"Schoenstatt\",\"description\":\"Apostolic Movement\",\"publisher\":{\"@id\":\"https:\\\/\\\/schoenstatt.com\\\/pt-pt\\\/#organization\"},\"potentialAction\":[{\"@type\":\"SearchAction\",\"target\":{\"@type\":\"EntryPoint\",\"urlTemplate\":\"https:\\\/\\\/schoenstatt.com\\\/pt-pt\\\/?s={search_term_string}\"},\"query-input\":{\"@type\":\"PropertyValueSpecification\",\"valueRequired\":true,\"valueName\":\"search_term_string\"}}],\"inLanguage\":\"pt-PT\"},{\"@type\":\"Organization\",\"@id\":\"https:\\\/\\\/schoenstatt.com\\\/pt-pt\\\/#organization\",\"name\":\"Schoenstatt\",\"url\":\"https:\\\/\\\/schoenstatt.com\\\/pt-pt\\\/\",\"logo\":{\"@type\":\"ImageObject\",\"inLanguage\":\"pt-PT\",\"@id\":\"https:\\\/\\\/schoenstatt.com\\\/pt-pt\\\/#\\\/schema\\\/logo\\\/image\\\/\",\"url\":\"https:\\\/\\\/schoenstatt.com\\\/wp-content\\\/uploads\\\/2025\\\/04\\\/logo-schoenstatt-white-696x696-1.png\",\"contentUrl\":\"https:\\\/\\\/schoenstatt.com\\\/wp-content\\\/uploads\\\/2025\\\/04\\\/logo-schoenstatt-white-696x696-1.png\",\"width\":696,\"height\":694,\"caption\":\"Schoenstatt\"},\"image\":{\"@id\":\"https:\\\/\\\/schoenstatt.com\\\/pt-pt\\\/#\\\/schema\\\/logo\\\/image\\\/\"}},{\"@type\":\"Person\",\"@id\":\"https:\\\/\\\/schoenstatt.com\\\/pt-pt\\\/#\\\/schema\\\/person\\\/5158877ad4acae98b34daaeef2a1ce6e\",\"name\":\"Karen Bueno\",\"image\":{\"@type\":\"ImageObject\",\"inLanguage\":\"pt-PT\",\"@id\":\"https:\\\/\\\/secure.gravatar.com\\\/avatar\\\/f9f4b823873154269d2b2130f195f6d41037dd0d7fc5f3cacb5c846bae70d66b?s=96&d=mm&r=g\",\"url\":\"https:\\\/\\\/secure.gravatar.com\\\/avatar\\\/f9f4b823873154269d2b2130f195f6d41037dd0d7fc5f3cacb5c846bae70d66b?s=96&d=mm&r=g\",\"contentUrl\":\"https:\\\/\\\/secure.gravatar.com\\\/avatar\\\/f9f4b823873154269d2b2130f195f6d41037dd0d7fc5f3cacb5c846bae70d66b?s=96&d=mm&r=g\",\"caption\":\"Karen Bueno\"},\"url\":\"https:\\\/\\\/schoenstatt.com\\\/pt-pt\\\/author\\\/karen-bueno\\\/\"}]}<\/script>\n<!-- \/ Yoast SEO Premium plugin. -->","yoast_head_json":{"title":"Ancorados na Alian\u00e7a: Um retiro para casais em Lamar, EUA - Schoenstatt","description":"25 casais de diferentes partes do Texas, EUA, participaram de um retiro que foi realizado em Lamar, de 31 de janeiro a 2 de fevereiro.","robots":{"index":"index","follow":"follow","max-snippet":"max-snippet:-1","max-image-preview":"max-image-preview:large","max-video-preview":"max-video-preview:-1"},"canonical":"https:\/\/schoenstatt.com\/pt-pt\/ancorados-na-alianca-um-retiro-para-casais-em-lamar-eua\/","og_locale":"pt_PT","og_type":"article","og_title":"Ancorados na Alian\u00e7a: Um retiro para casais em Lamar, EUA","og_description":"25 casais de diferentes partes do Texas, EUA, participaram de um retiro que foi realizado em Lamar, de 31 de janeiro a 2 de fevereiro.","og_url":"https:\/\/schoenstatt.com\/pt-pt\/ancorados-na-alianca-um-retiro-para-casais-em-lamar-eua\/","og_site_name":"Schoenstatt","article_published_time":"2025-02-17T12:26:30+00:00","article_modified_time":"2025-08-14T23:04:31+00:00","og_image":[{"width":1600,"height":774,"url":"https:\/\/schoenstatt.com\/wp-content\/uploads\/2025\/02\/family-couples-1.webp","type":"image\/webp"}],"author":"Karen Bueno","twitter_card":"summary_large_image","twitter_misc":{"Escrito por":"Karen Bueno","Tempo estimado de leitura":"4 minutos"},"schema":{"@context":"https:\/\/schema.org","@graph":[{"@type":"Article","@id":"https:\/\/schoenstatt.com\/pt-pt\/ancorados-na-alianca-um-retiro-para-casais-em-lamar-eua\/#article","isPartOf":{"@id":"https:\/\/schoenstatt.com\/pt-pt\/ancorados-na-alianca-um-retiro-para-casais-em-lamar-eua\/"},"author":{"name":"Karen Bueno","@id":"https:\/\/schoenstatt.com\/pt-pt\/#\/schema\/person\/5158877ad4acae98b34daaeef2a1ce6e"},"headline":"Ancorados na Alian\u00e7a: Um retiro para casais em Lamar, EUA","datePublished":"2025-02-17T12:26:30+00:00","dateModified":"2025-08-14T23:04:31+00:00","mainEntityOfPage":{"@id":"https:\/\/schoenstatt.com\/pt-pt\/ancorados-na-alianca-um-retiro-para-casais-em-lamar-eua\/"},"wordCount":595,"publisher":{"@id":"https:\/\/schoenstatt.com\/pt-pt\/#organization"},"image":{"@id":"https:\/\/schoenstatt.com\/pt-pt\/ancorados-na-alianca-um-retiro-para-casais-em-lamar-eua\/#primaryimage"},"thumbnailUrl":"https:\/\/schoenstatt.com\/wp-content\/uploads\/2025\/02\/family-couples-1.webp","keywords":["Fam\u00edlia","Liga de Fam\u00edlias de Schoenstatt","Schoenstatt Estados Unidos \u2013 EUA"],"articleSection":["Am\u00e9rica","Fam\u00edlia"],"inLanguage":"pt-PT"},{"@type":"WebPage","@id":"https:\/\/schoenstatt.com\/pt-pt\/ancorados-na-alianca-um-retiro-para-casais-em-lamar-eua\/","url":"https:\/\/schoenstatt.com\/pt-pt\/ancorados-na-alianca-um-retiro-para-casais-em-lamar-eua\/","name":"Ancorados na Alian\u00e7a: Um retiro para casais em Lamar, EUA - Schoenstatt","isPartOf":{"@id":"https:\/\/schoenstatt.com\/pt-pt\/#website"},"primaryImageOfPage":{"@id":"https:\/\/schoenstatt.com\/pt-pt\/ancorados-na-alianca-um-retiro-para-casais-em-lamar-eua\/#primaryimage"},"image":{"@id":"https:\/\/schoenstatt.com\/pt-pt\/ancorados-na-alianca-um-retiro-para-casais-em-lamar-eua\/#primaryimage"},"thumbnailUrl":"https:\/\/schoenstatt.com\/wp-content\/uploads\/2025\/02\/family-couples-1.webp","datePublished":"2025-02-17T12:26:30+00:00","dateModified":"2025-08-14T23:04:31+00:00","description":"25 casais de diferentes partes do Texas, EUA, participaram de um retiro que foi realizado em Lamar, de 31 de janeiro a 2 de fevereiro.","breadcrumb":{"@id":"https:\/\/schoenstatt.com\/pt-pt\/ancorados-na-alianca-um-retiro-para-casais-em-lamar-eua\/#breadcrumb"},"inLanguage":"pt-PT","potentialAction":[{"@type":"ReadAction","target":["https:\/\/schoenstatt.com\/pt-pt\/ancorados-na-alianca-um-retiro-para-casais-em-lamar-eua\/"]}]},{"@type":"ImageObject","inLanguage":"pt-PT","@id":"https:\/\/schoenstatt.com\/pt-pt\/ancorados-na-alianca-um-retiro-para-casais-em-lamar-eua\/#primaryimage","url":"https:\/\/schoenstatt.com\/wp-content\/uploads\/2025\/02\/family-couples-1.webp","contentUrl":"https:\/\/schoenstatt.com\/wp-content\/uploads\/2025\/02\/family-couples-1.webp","width":1600,"height":774},{"@type":"BreadcrumbList","@id":"https:\/\/schoenstatt.com\/pt-pt\/ancorados-na-alianca-um-retiro-para-casais-em-lamar-eua\/#breadcrumb","itemListElement":[{"@type":"ListItem","position":1,"name":"Portada","item":"https:\/\/schoenstatt.com\/pt-pt\/home\/"},{"@type":"ListItem","position":2,"name":"Ancorados na Alian\u00e7a: Um retiro para casais em Lamar, EUA"}]},{"@type":"WebSite","@id":"https:\/\/schoenstatt.com\/pt-pt\/#website","url":"https:\/\/schoenstatt.com\/pt-pt\/","name":"Schoenstatt","description":"Apostolic Movement","publisher":{"@id":"https:\/\/schoenstatt.com\/pt-pt\/#organization"},"potentialAction":[{"@type":"SearchAction","target":{"@type":"EntryPoint","urlTemplate":"https:\/\/schoenstatt.com\/pt-pt\/?s={search_term_string}"},"query-input":{"@type":"PropertyValueSpecification","valueRequired":true,"valueName":"search_term_string"}}],"inLanguage":"pt-PT"},{"@type":"Organization","@id":"https:\/\/schoenstatt.com\/pt-pt\/#organization","name":"Schoenstatt","url":"https:\/\/schoenstatt.com\/pt-pt\/","logo":{"@type":"ImageObject","inLanguage":"pt-PT","@id":"https:\/\/schoenstatt.com\/pt-pt\/#\/schema\/logo\/image\/","url":"https:\/\/schoenstatt.com\/wp-content\/uploads\/2025\/04\/logo-schoenstatt-white-696x696-1.png","contentUrl":"https:\/\/schoenstatt.com\/wp-content\/uploads\/2025\/04\/logo-schoenstatt-white-696x696-1.png","width":696,"height":694,"caption":"Schoenstatt"},"image":{"@id":"https:\/\/schoenstatt.com\/pt-pt\/#\/schema\/logo\/image\/"}},{"@type":"Person","@id":"https:\/\/schoenstatt.com\/pt-pt\/#\/schema\/person\/5158877ad4acae98b34daaeef2a1ce6e","name":"Karen Bueno","image":{"@type":"ImageObject","inLanguage":"pt-PT","@id":"https:\/\/secure.gravatar.com\/avatar\/f9f4b823873154269d2b2130f195f6d41037dd0d7fc5f3cacb5c846bae70d66b?s=96&d=mm&r=g","url":"https:\/\/secure.gravatar.com\/avatar\/f9f4b823873154269d2b2130f195f6d41037dd0d7fc5f3cacb5c846bae70d66b?s=96&d=mm&r=g","contentUrl":"https:\/\/secure.gravatar.com\/avatar\/f9f4b823873154269d2b2130f195f6d41037dd0d7fc5f3cacb5c846bae70d66b?s=96&d=mm&r=g","caption":"Karen Bueno"},"url":"https:\/\/schoenstatt.com\/pt-pt\/author\/karen-bueno\/"}]}},"_links":{"self":[{"href":"https:\/\/schoenstatt.com\/pt-pt\/wp-json\/wp\/v2\/posts\/43425","targetHints":{"allow":["GET"]}}],"collection":[{"href":"https:\/\/schoenstatt.com\/pt-pt\/wp-json\/wp\/v2\/posts"}],"about":[{"href":"https:\/\/schoenstatt.com\/pt-pt\/wp-json\/wp\/v2\/types\/post"}],"author":[{"embeddable":true,"href":"https:\/\/schoenstatt.com\/pt-pt\/wp-json\/wp\/v2\/users\/3"}],"replies":[{"embeddable":true,"href":"https:\/\/schoenstatt.com\/pt-pt\/wp-json\/wp\/v2\/comments?post=43425"}],"version-history":[{"count":6,"href":"https:\/\/schoenstatt.com\/pt-pt\/wp-json\/wp\/v2\/posts\/43425\/revisions"}],"predecessor-version":[{"id":61796,"href":"https:\/\/schoenstatt.com\/pt-pt\/wp-json\/wp\/v2\/posts\/43425\/revisions\/61796"}],"wp:featuredmedia":[{"embeddable":true,"href":"https:\/\/schoenstatt.com\/pt-pt\/wp-json\/wp\/v2\/media\/43405"}],"wp:attachment":[{"href":"https:\/\/schoenstatt.com\/pt-pt\/wp-json\/wp\/v2\/media?parent=43425"}],"wp:term":[{"taxonomy":"category","embeddable":true,"href":"https:\/\/schoenstatt.com\/pt-pt\/wp-json\/wp\/v2\/categories?post=43425"},{"taxonomy":"post_tag","embeddable":true,"href":"https:\/\/schoenstatt.com\/pt-pt\/wp-json\/wp\/v2\/tags?post=43425"}],"curies":[{"name":"wp","href":"https:\/\/api.w.org\/{rel}","templated":true}]}}