{"id":43109,"date":"2025-01-29T03:03:00","date_gmt":"2025-01-29T02:03:00","guid":{"rendered":"https:\/\/schoenstatt.com\/?p=43109"},"modified":"2025-08-19T02:27:11","modified_gmt":"2025-08-19T00:27:11","slug":"novo-santuario-em-monterrey-conheca-seu-nome-e-a-data-da-bencao","status":"publish","type":"post","link":"https:\/\/schoenstatt.com\/pt-pt\/novo-santuario-em-monterrey-conheca-seu-nome-e-a-data-da-bencao\/","title":{"rendered":"Novo Santu\u00e1rio em Monterrey: Conhe\u00e7a seu nome e a data da b\u00ean\u00e7\u00e3o"},"content":{"rendered":"\n<p>Para n\u00f3s, mexicanos, a miss\u00e3o que nossa M\u00e3e prop\u00f4s a S\u00e3o Juan Diego durante sua apari\u00e7\u00e3o em nossas terras, vestida de <a href=\"https:\/\/schoenstatt.com\/pt-pt\/nossa-senhora-de-guadalupe-imperatriz-da-america\/\"><mark style=\"background-color:rgba(0, 0, 0, 0);color:#d56c0d\" class=\"has-inline-color\">Guadalupe<\/mark><\/a>, naquele dezembro de 1531, continua v\u00e1lida. Ela nos pediu, como povo, para construir sua \u201cCasinha Sagrada\u201d, atrever-nos a construir este lugar onde Ela nos dar\u00e1 o seu conforto e derramar\u00e1 as suas gra\u00e7as.<\/p>\n\n\n\n<p>Nesta ocasi\u00e3o, assumimos a miss\u00e3o a partir da cidade de Monterrey. Uma cidade diferente, cheia de ind\u00fastrias, inova\u00e7\u00f5es, gente acolhedora e montanhas espetaculares que cercam a terceira maior \u00e1rea metropolitana do M\u00e9xico, depois apenas da Cidade do M\u00e9xico e Guadalajara. Um lugar onde a Fam\u00edlia de Schoenstatt vem crescendo exponencialmente h\u00e1 mais de 30 anos e depois de uma \u00e1rdua conquista, em 2002 foi aben\u00e7oado o primeiro Santu\u00e1rio de Schoenstatt da cidade, uma incr\u00edvel fortaleza no alto de uma montanha, pensada para que a M\u00e3e reine a partir do alto em nossa cidade, fazendo honras ao seu nome \u201cMaria, Caminho para o C\u00e9u\u201d.<\/p>\n\n\n\n<figure class=\"wp-block-image size-large\"><img decoding=\"async\" src=\"https:\/\/schoenstatt.com\/wp-content\/uploads\/2025\/01\/Schoenstatt-Shrine-in-Monterrey-Mexico-4-1024x768.jpg\" alt=\"\" class=\"wp-image-43097\"\/><figcaption class=\"wp-element-caption\">Constru\u00e7\u00e3o do novo Santu\u00e1rio<\/figcaption><\/figure>\n\n\n\n<h3 class=\"wp-block-heading\" id=\"h-o-primeiro-santuario-de-monterrey\"><strong>O primeiro Santu\u00e1rio de Monterrey<\/strong><\/h3>\n\n\n\n<p>Desde maio de 2002, quando nosso Santu\u00e1rio foi aben\u00e7oado, a Fam\u00edlia de Schoenstatt de Monterrey (e de muitas outras cidades do M\u00e9xico) tem peregrinado e recebido in\u00fameras gra\u00e7as, incluindo voca\u00e7\u00f5es sacerdotais e leigas para os diferentes ramos de nossa Fam\u00edlia, assim como a conquista, constru\u00e7\u00e3o e realiza\u00e7\u00e3o da primeira Escola de Schoenstatt no M\u00e9xico, a Escola Monte Reina, entre muitos outros marcos da nossa Fam\u00edlia.<\/p>\n\n\n\n<p>Sendo mexicanos, Guadalupe sempre seguir\u00e1 viva e latente em nossos cora\u00e7\u00f5es e em nossos anseios. Como Fam\u00edlia, est\u00e1vamos perto de comemorar 20 anos de nosso Santu\u00e1rio e desfrutar todos os frutos que a M\u00e3e nos presenteia desde sua for\u00e7a, seu caminho para o C\u00e9u. Nossa cidade estava crescendo e nossas preocupa\u00e7\u00f5es tamb\u00e9m. E, enquanto est\u00e1vamos confinados pela pandemia, em vez de nosso Santu\u00e1rio ficar abandonado, a peregrina\u00e7\u00e3o a ele come\u00e7ou a crescer de uma forma inimagin\u00e1vel.<\/p>\n\n\n\n<p>Algo de novo come\u00e7ava a surgir de forma muito org\u00e2nica em nossa Fam\u00edlia: a necessidade de um segundo ponto de encontro, uma oficina onde Maria pudesse continuar a trabalhar as mesmas gra\u00e7as do alto da montanha e ao mesmo tempo se convertesse em um lugar extremamente perto de todos, um o\u00e1sis no meio da cidade, uma terra de esperan\u00e7a.<\/p>\n\n\n\n<h3 class=\"wp-block-heading\" id=\"h-conquistar-e-construir-um-segundo-santuario-um-santuario-cidade\"><strong>Conquistar e construir um segundo Santu\u00e1rio, um \u201cSantu\u00e1rio Cidade\u201d<\/strong><\/h3>\n\n\n\n<figure class=\"wp-block-gallery has-nested-images columns-default is-cropped wp-block-gallery-1 is-layout-flex wp-block-gallery-is-layout-flex\">\n<figure class=\"wp-block-image size-large\"><img decoding=\"async\" data-id=\"43077\" src=\"https:\/\/schoenstatt.com\/wp-content\/uploads\/2025\/01\/Schoenstatt-Shrine-in-Monterrey-Mexico-5.jpg\" alt=\"\" class=\"wp-image-43077\"\/><\/figure>\n\n\n\n<figure class=\"wp-block-image size-large\"><img decoding=\"async\" data-id=\"43079\" src=\"https:\/\/schoenstatt.com\/wp-content\/uploads\/2025\/01\/Schoenstatt-Shrine-in-Monterrey-Mexico-6.jpg\" alt=\"\" class=\"wp-image-43079\"\/><\/figure>\n<\/figure>\n\n\n\n<p>Foi assim que um grupo de representantes de diferentes ramos da fam\u00edlia come\u00e7ou a se reunir no in\u00edcio de 2021, com poucas coisas claras, mas com este desejo em comum: conquistar e construir um segundo Santu\u00e1rio, um \u201cSantu\u00e1rio Cidade\u201d em um lugar central para nossa cidade, um lugar acess\u00edvel a todos, que n\u00e3o substituiria, mas sim acrescentaria, \u00e0s op\u00e7\u00f5es de ponto de encontro que temos para visitar a M\u00e3e em sua casa sagrada, assim como ela pediu a S\u00e3o Juan Diego.<\/p>\n\n\n\n<p>Depois de algumas semanas de trabalho sobre essa proposta, em 23 de janeiro de 2021 foi anunciado \u00e0 Fam\u00edlia de Schoenstatt de Monterrey esse desejo e o sonho come\u00e7ou a tomar forma: toda a Fam\u00edlia se uniu, nos dividimos em comiss\u00f5es de trabalho e, com medos e incertezas, consagramos este desejo nas m\u00e3os da M\u00e3e.<\/p>\n\n\n\n<p>Depois veio a ben\u00e7\u00e3o do primeiro elemento que conquistamos para o nosso novo Santu\u00e1rio, o altar, que foi colocado junto com uma ermida que indicaria para toda a Fam\u00edlia o local onde seria constru\u00eddo o futuro Santu\u00e1rio, aben\u00e7oado no dia 20 de fevereiro de 2021 e cuja coloca\u00e7\u00e3o come\u00e7ou a gerar peregrina\u00e7\u00e3o e muita vida na Fam\u00edlia de Schoenstatt de Monterrey, que estava vivendo o impacto da pandemia, um lugar que imediatamente come\u00e7ou a gerar vida e, acima de tudo, esperan\u00e7a.<\/p>\n\n\n\n<p>E, mantendo a m\u00e3o no pulso do tempo e o ouvido no cora\u00e7\u00e3o de Deus, como bons schoenstattianos, nos recordamos constantemente que, seguindo o exemplo dos primeiros congregados, somos \u201cfilhos da guerra\u201d e as coisas n\u00e3o iriam acontecer sem conquist\u00e1-las, conquist\u00e1-las seriamente. Como Fam\u00edlia, continuamos coletando contribui\u00e7\u00f5es para o <a href=\"https:\/\/schoenstatt.com\/pt-pt\/nossa-espiritualidade\/alianca-de-amor\/capital-de-gracas\/\"><mark style=\"background-color:rgba(0, 0, 0, 0);color:#d56c0d\" class=\"has-inline-color\">Capital de Gra\u00e7as<\/mark><\/a>, mas tivemos que viver a f\u00e9 na confian\u00e7a divina, tendo que esperar pelas licen\u00e7as e recursos materiais para poder iniciar a constru\u00e7\u00e3o, tiveram que passar mais de 2 anos at\u00e9 que finalmente, em 9 de setembro de 2023, nossa Fam\u00edlia come\u00e7asse a ver esse sonho se tornando realidade, quando foi dada a primeira \u201cpazada\u201d para a obra, momento em que nossa Fam\u00edlia come\u00e7ou a acreditar que em breve ter\u00edamos o t\u00e3o desejado Santu\u00e1rio Cidade em Monterrey.<\/p>\n\n\n\n<figure class=\"wp-block-image size-large\"><img decoding=\"async\" src=\"https:\/\/schoenstatt.com\/wp-content\/uploads\/2025\/01\/Schoenstatt-Shrine-in-Monterrey-Mexico-2-1024x576.jpg\" alt=\"\" class=\"wp-image-43087\"\/><\/figure>\n\n\n\n<h3 class=\"wp-block-heading\" id=\"h-uma-terra-de-esperanca\"><strong>Uma terra de esperan\u00e7a<\/strong><\/h3>\n\n\n\n<p>\u00c0 medida que a constru\u00e7\u00e3o come\u00e7ou, a esperan\u00e7a cresceu. Um Santu\u00e1rio que se planejou tamb\u00e9m para incluir um por\u00e3o com nichos funer\u00e1rios, onde \u00e9 poss\u00edvel descansar eternamente sob o manto de Maria. Um espa\u00e7o de gra\u00e7a que, embora ainda n\u00e3o existisse materialmente, j\u00e1 contava com milhares e milhares de contribui\u00e7\u00f5es ao Capital de Gra\u00e7as e um desejo imensur\u00e1vel, mas que continuava sendo um lugar que ainda n\u00e3o tinha nome.<\/p>\n\n\n\n<p>Ent\u00e3o, duas tarefas enormes come\u00e7aram em paralelo. A primeira, peregrinar o quadro da M\u00e3e entre todas as fam\u00edlias que quisessem receb\u00ea-lo, o mesmo que foi enviado do Santu\u00e1rio Original. A segunda, envolver toda a Fam\u00edlia de Schoenstatt de Monterrey na conquista do nome do futuro Santu\u00e1rio. At\u00e9 o momento, o quadro visitou 678 casas e esteve presente em todas as missas, jornadas e eventos importantes da nossa Fam\u00edlia e continua sua caminhada.<\/p>\n\n\n\n<figure class=\"wp-block-image size-large\"><img decoding=\"async\" src=\"https:\/\/schoenstatt.com\/wp-content\/uploads\/2025\/01\/Schoenstatt-Shrine-in-Monterrey-Mexico-3-1024x768.jpg\" alt=\"\" class=\"wp-image-43092\"\/><figcaption class=\"wp-element-caption\">An\u00fancio do nome do novo Santu\u00e1rio<\/figcaption><\/figure>\n\n\n\n<p>Quanto ao nome, depois de meses de reuni\u00f5es de grupo, intensas jornadas e muita ora\u00e7\u00e3o, contando com a participa\u00e7\u00e3o de toda a Fam\u00edlia de Schoenstatt de Monterrey, <strong>foi escolhido o nome \u201cMaria, Terra de Esperan\u00e7a\u201d para o nosso Santu\u00e1rio<\/strong>, que, como se isso n\u00e3o bastasse, ser\u00e1 aben\u00e7oado no ano jubilar da Esperan\u00e7a.<\/p>\n\n\n\n<p>Agora, nosso Arcebispo, Dom Rogelio Cabrera L\u00f3pez, nos confirmou que<strong> a data para a b\u00ean\u00e7\u00e3o do nosso Santu\u00e1rio ser\u00e1 1\u00ba de mar\u00e7o de 2025<\/strong>, a constru\u00e7\u00e3o est\u00e1 em fase final e a conquista, tanto material quanto espiritual, est\u00e1 mais viva do que nunca. As campanhas do Capital de Gra\u00e7as superaram as expectativas e a Fam\u00edlia conta os dias para coroar o que durante esses quatro anos era apenas um desejo. A esperan\u00e7a com que come\u00e7ou uma ideia, que espera que o c\u00e9u e a terra se unam no jubileu de celebra\u00e7\u00e3o, porque Monterrey tem um novo Santu\u00e1rio, um lugar predileto, de onde podemos sentir esse o\u00e1sis, essa terra de esperan\u00e7a no meio da nossa cidade.<\/p>\n\n\n\n<p>Faltam apenas algumas semanas, contamos com sua contribui\u00e7\u00e3o para o Capital de Gra\u00e7as.<\/p>\n\n\n\n<p><strong>Tradu\u00e7\u00e3o: <\/strong>Audrey Markutis<\/p>\n","protected":false},"excerpt":{"rendered":"<p>Construindo nossa terra de esperan\u00e7a. Sobre a constru\u00e7\u00e3o do Santu\u00e1rio Maria, Terra de Esperan\u00e7a, em Monterrey, M\u00e9xico<\/p>\n","protected":false},"author":3,"featured_media":43102,"comment_status":"closed","ping_status":"closed","sticky":false,"template":"","format":"standard","meta":{"footnotes":""},"categories":[625],"tags":[1289,1198,1187],"class_list":["post-43109","post","type-post","status-publish","format-standard","has-post-thumbnail","hentry","category-america-pt-pt","tag-america-pt-pt","tag-santuario-de-schoenstatt-pt-pt","tag-schoenstatt-mexico-pt-pt"],"yoast_head":"<!-- This site is optimized with the Yoast SEO Premium plugin v27.4 (Yoast SEO v27.5) - https:\/\/yoast.com\/product\/yoast-seo-premium-wordpress\/ -->\n<title>Novo Santu\u00e1rio em Monterrey: Conhe\u00e7a seu nome e a data da b\u00ean\u00e7\u00e3o<\/title>\n<meta name=\"description\" content=\"Construindo nossa terra de esperan\u00e7a. Sobre a constru\u00e7\u00e3o do Santu\u00e1rio Maria, Terra de Esperan\u00e7a, em Monterrey, M\u00e9xico\" \/>\n<meta name=\"robots\" content=\"index, follow, max-snippet:-1, max-image-preview:large, max-video-preview:-1\" \/>\n<link rel=\"canonical\" href=\"https:\/\/schoenstatt.com\/pt-pt\/novo-santuario-em-monterrey-conheca-seu-nome-e-a-data-da-bencao\/\" \/>\n<meta property=\"og:locale\" content=\"pt_PT\" \/>\n<meta property=\"og:type\" content=\"article\" \/>\n<meta property=\"og:title\" content=\"Novo Santu\u00e1rio em Monterrey: Conhe\u00e7a seu nome e a data da b\u00ean\u00e7\u00e3o\" \/>\n<meta property=\"og:description\" content=\"Construindo nossa terra de esperan\u00e7a. Sobre a constru\u00e7\u00e3o do Santu\u00e1rio Maria, Terra de Esperan\u00e7a, em Monterrey, M\u00e9xico\" \/>\n<meta property=\"og:url\" content=\"https:\/\/schoenstatt.com\/pt-pt\/novo-santuario-em-monterrey-conheca-seu-nome-e-a-data-da-bencao\/\" \/>\n<meta property=\"og:site_name\" content=\"Schoenstatt\" \/>\n<meta property=\"article:published_time\" content=\"2025-01-29T02:03:00+00:00\" \/>\n<meta property=\"article:modified_time\" content=\"2025-08-19T00:27:11+00:00\" \/>\n<meta property=\"og:image\" content=\"https:\/\/schoenstatt.com\/wp-content\/uploads\/2025\/01\/Schoenstatt-Shrine-in-Monterrey-Mexico-1.jpg\" \/>\n\t<meta property=\"og:image:width\" content=\"2048\" \/>\n\t<meta property=\"og:image:height\" content=\"1338\" \/>\n\t<meta property=\"og:image:type\" content=\"image\/jpeg\" \/>\n<meta name=\"author\" content=\"Karen Bueno\" \/>\n<meta name=\"twitter:card\" content=\"summary_large_image\" \/>\n<meta name=\"twitter:label1\" content=\"Escrito por\" \/>\n\t<meta name=\"twitter:data1\" content=\"Karen Bueno\" \/>\n\t<meta name=\"twitter:label2\" content=\"Tempo estimado de leitura\" \/>\n\t<meta name=\"twitter:data2\" content=\"7 minutos\" \/>\n<script type=\"application\/ld+json\" class=\"yoast-schema-graph\">{\"@context\":\"https:\\\/\\\/schema.org\",\"@graph\":[{\"@type\":\"Article\",\"@id\":\"https:\\\/\\\/schoenstatt.com\\\/pt-pt\\\/novo-santuario-em-monterrey-conheca-seu-nome-e-a-data-da-bencao\\\/#article\",\"isPartOf\":{\"@id\":\"https:\\\/\\\/schoenstatt.com\\\/pt-pt\\\/novo-santuario-em-monterrey-conheca-seu-nome-e-a-data-da-bencao\\\/\"},\"author\":{\"name\":\"Karen Bueno\",\"@id\":\"https:\\\/\\\/schoenstatt.com\\\/pt-pt\\\/#\\\/schema\\\/person\\\/5158877ad4acae98b34daaeef2a1ce6e\"},\"headline\":\"Novo Santu\u00e1rio em Monterrey: Conhe\u00e7a seu nome e a data da b\u00ean\u00e7\u00e3o\",\"datePublished\":\"2025-01-29T02:03:00+00:00\",\"dateModified\":\"2025-08-19T00:27:11+00:00\",\"mainEntityOfPage\":{\"@id\":\"https:\\\/\\\/schoenstatt.com\\\/pt-pt\\\/novo-santuario-em-monterrey-conheca-seu-nome-e-a-data-da-bencao\\\/\"},\"wordCount\":1209,\"publisher\":{\"@id\":\"https:\\\/\\\/schoenstatt.com\\\/pt-pt\\\/#organization\"},\"image\":{\"@id\":\"https:\\\/\\\/schoenstatt.com\\\/pt-pt\\\/novo-santuario-em-monterrey-conheca-seu-nome-e-a-data-da-bencao\\\/#primaryimage\"},\"thumbnailUrl\":\"https:\\\/\\\/schoenstatt.com\\\/wp-content\\\/uploads\\\/2025\\\/01\\\/Schoenstatt-Shrine-in-Monterrey-Mexico-1.jpg\",\"keywords\":[\"Am\u00e9rica\",\"Santu\u00e1rio de Schoenstatt\",\"Schoenstatt M\u00e9xico\"],\"articleSection\":[\"Am\u00e9rica\"],\"inLanguage\":\"pt-PT\"},{\"@type\":\"WebPage\",\"@id\":\"https:\\\/\\\/schoenstatt.com\\\/pt-pt\\\/novo-santuario-em-monterrey-conheca-seu-nome-e-a-data-da-bencao\\\/\",\"url\":\"https:\\\/\\\/schoenstatt.com\\\/pt-pt\\\/novo-santuario-em-monterrey-conheca-seu-nome-e-a-data-da-bencao\\\/\",\"name\":\"Novo Santu\u00e1rio em Monterrey: Conhe\u00e7a seu nome e a data da b\u00ean\u00e7\u00e3o\",\"isPartOf\":{\"@id\":\"https:\\\/\\\/schoenstatt.com\\\/pt-pt\\\/#website\"},\"primaryImageOfPage\":{\"@id\":\"https:\\\/\\\/schoenstatt.com\\\/pt-pt\\\/novo-santuario-em-monterrey-conheca-seu-nome-e-a-data-da-bencao\\\/#primaryimage\"},\"image\":{\"@id\":\"https:\\\/\\\/schoenstatt.com\\\/pt-pt\\\/novo-santuario-em-monterrey-conheca-seu-nome-e-a-data-da-bencao\\\/#primaryimage\"},\"thumbnailUrl\":\"https:\\\/\\\/schoenstatt.com\\\/wp-content\\\/uploads\\\/2025\\\/01\\\/Schoenstatt-Shrine-in-Monterrey-Mexico-1.jpg\",\"datePublished\":\"2025-01-29T02:03:00+00:00\",\"dateModified\":\"2025-08-19T00:27:11+00:00\",\"description\":\"Construindo nossa terra de esperan\u00e7a. Sobre a constru\u00e7\u00e3o do Santu\u00e1rio Maria, Terra de Esperan\u00e7a, em Monterrey, M\u00e9xico\",\"breadcrumb\":{\"@id\":\"https:\\\/\\\/schoenstatt.com\\\/pt-pt\\\/novo-santuario-em-monterrey-conheca-seu-nome-e-a-data-da-bencao\\\/#breadcrumb\"},\"inLanguage\":\"pt-PT\",\"potentialAction\":[{\"@type\":\"ReadAction\",\"target\":[\"https:\\\/\\\/schoenstatt.com\\\/pt-pt\\\/novo-santuario-em-monterrey-conheca-seu-nome-e-a-data-da-bencao\\\/\"]}]},{\"@type\":\"ImageObject\",\"inLanguage\":\"pt-PT\",\"@id\":\"https:\\\/\\\/schoenstatt.com\\\/pt-pt\\\/novo-santuario-em-monterrey-conheca-seu-nome-e-a-data-da-bencao\\\/#primaryimage\",\"url\":\"https:\\\/\\\/schoenstatt.com\\\/wp-content\\\/uploads\\\/2025\\\/01\\\/Schoenstatt-Shrine-in-Monterrey-Mexico-1.jpg\",\"contentUrl\":\"https:\\\/\\\/schoenstatt.com\\\/wp-content\\\/uploads\\\/2025\\\/01\\\/Schoenstatt-Shrine-in-Monterrey-Mexico-1.jpg\",\"width\":2048,\"height\":1338,\"caption\":\"default\"},{\"@type\":\"BreadcrumbList\",\"@id\":\"https:\\\/\\\/schoenstatt.com\\\/pt-pt\\\/novo-santuario-em-monterrey-conheca-seu-nome-e-a-data-da-bencao\\\/#breadcrumb\",\"itemListElement\":[{\"@type\":\"ListItem\",\"position\":1,\"name\":\"Portada\",\"item\":\"https:\\\/\\\/schoenstatt.com\\\/pt-pt\\\/home\\\/\"},{\"@type\":\"ListItem\",\"position\":2,\"name\":\"Novo Santu\u00e1rio em Monterrey: Conhe\u00e7a seu nome e a data da b\u00ean\u00e7\u00e3o\"}]},{\"@type\":\"WebSite\",\"@id\":\"https:\\\/\\\/schoenstatt.com\\\/pt-pt\\\/#website\",\"url\":\"https:\\\/\\\/schoenstatt.com\\\/pt-pt\\\/\",\"name\":\"Schoenstatt\",\"description\":\"Apostolic Movement\",\"publisher\":{\"@id\":\"https:\\\/\\\/schoenstatt.com\\\/pt-pt\\\/#organization\"},\"potentialAction\":[{\"@type\":\"SearchAction\",\"target\":{\"@type\":\"EntryPoint\",\"urlTemplate\":\"https:\\\/\\\/schoenstatt.com\\\/pt-pt\\\/?s={search_term_string}\"},\"query-input\":{\"@type\":\"PropertyValueSpecification\",\"valueRequired\":true,\"valueName\":\"search_term_string\"}}],\"inLanguage\":\"pt-PT\"},{\"@type\":\"Organization\",\"@id\":\"https:\\\/\\\/schoenstatt.com\\\/pt-pt\\\/#organization\",\"name\":\"Schoenstatt\",\"url\":\"https:\\\/\\\/schoenstatt.com\\\/pt-pt\\\/\",\"logo\":{\"@type\":\"ImageObject\",\"inLanguage\":\"pt-PT\",\"@id\":\"https:\\\/\\\/schoenstatt.com\\\/pt-pt\\\/#\\\/schema\\\/logo\\\/image\\\/\",\"url\":\"https:\\\/\\\/schoenstatt.com\\\/wp-content\\\/uploads\\\/2025\\\/04\\\/logo-schoenstatt-white-696x696-1.png\",\"contentUrl\":\"https:\\\/\\\/schoenstatt.com\\\/wp-content\\\/uploads\\\/2025\\\/04\\\/logo-schoenstatt-white-696x696-1.png\",\"width\":696,\"height\":694,\"caption\":\"Schoenstatt\"},\"image\":{\"@id\":\"https:\\\/\\\/schoenstatt.com\\\/pt-pt\\\/#\\\/schema\\\/logo\\\/image\\\/\"}},{\"@type\":\"Person\",\"@id\":\"https:\\\/\\\/schoenstatt.com\\\/pt-pt\\\/#\\\/schema\\\/person\\\/5158877ad4acae98b34daaeef2a1ce6e\",\"name\":\"Karen Bueno\",\"image\":{\"@type\":\"ImageObject\",\"inLanguage\":\"pt-PT\",\"@id\":\"https:\\\/\\\/secure.gravatar.com\\\/avatar\\\/f9f4b823873154269d2b2130f195f6d41037dd0d7fc5f3cacb5c846bae70d66b?s=96&d=mm&r=g\",\"url\":\"https:\\\/\\\/secure.gravatar.com\\\/avatar\\\/f9f4b823873154269d2b2130f195f6d41037dd0d7fc5f3cacb5c846bae70d66b?s=96&d=mm&r=g\",\"contentUrl\":\"https:\\\/\\\/secure.gravatar.com\\\/avatar\\\/f9f4b823873154269d2b2130f195f6d41037dd0d7fc5f3cacb5c846bae70d66b?s=96&d=mm&r=g\",\"caption\":\"Karen Bueno\"},\"url\":\"https:\\\/\\\/schoenstatt.com\\\/pt-pt\\\/author\\\/karen-bueno\\\/\"}]}<\/script>\n<!-- \/ Yoast SEO Premium plugin. -->","yoast_head_json":{"title":"Novo Santu\u00e1rio em Monterrey: Conhe\u00e7a seu nome e a data da b\u00ean\u00e7\u00e3o","description":"Construindo nossa terra de esperan\u00e7a. Sobre a constru\u00e7\u00e3o do Santu\u00e1rio Maria, Terra de Esperan\u00e7a, em Monterrey, M\u00e9xico","robots":{"index":"index","follow":"follow","max-snippet":"max-snippet:-1","max-image-preview":"max-image-preview:large","max-video-preview":"max-video-preview:-1"},"canonical":"https:\/\/schoenstatt.com\/pt-pt\/novo-santuario-em-monterrey-conheca-seu-nome-e-a-data-da-bencao\/","og_locale":"pt_PT","og_type":"article","og_title":"Novo Santu\u00e1rio em Monterrey: Conhe\u00e7a seu nome e a data da b\u00ean\u00e7\u00e3o","og_description":"Construindo nossa terra de esperan\u00e7a. Sobre a constru\u00e7\u00e3o do Santu\u00e1rio Maria, Terra de Esperan\u00e7a, em Monterrey, M\u00e9xico","og_url":"https:\/\/schoenstatt.com\/pt-pt\/novo-santuario-em-monterrey-conheca-seu-nome-e-a-data-da-bencao\/","og_site_name":"Schoenstatt","article_published_time":"2025-01-29T02:03:00+00:00","article_modified_time":"2025-08-19T00:27:11+00:00","og_image":[{"width":2048,"height":1338,"url":"https:\/\/schoenstatt.com\/wp-content\/uploads\/2025\/01\/Schoenstatt-Shrine-in-Monterrey-Mexico-1.jpg","type":"image\/jpeg"}],"author":"Karen Bueno","twitter_card":"summary_large_image","twitter_misc":{"Escrito por":"Karen Bueno","Tempo estimado de leitura":"7 minutos"},"schema":{"@context":"https:\/\/schema.org","@graph":[{"@type":"Article","@id":"https:\/\/schoenstatt.com\/pt-pt\/novo-santuario-em-monterrey-conheca-seu-nome-e-a-data-da-bencao\/#article","isPartOf":{"@id":"https:\/\/schoenstatt.com\/pt-pt\/novo-santuario-em-monterrey-conheca-seu-nome-e-a-data-da-bencao\/"},"author":{"name":"Karen Bueno","@id":"https:\/\/schoenstatt.com\/pt-pt\/#\/schema\/person\/5158877ad4acae98b34daaeef2a1ce6e"},"headline":"Novo Santu\u00e1rio em Monterrey: Conhe\u00e7a seu nome e a data da b\u00ean\u00e7\u00e3o","datePublished":"2025-01-29T02:03:00+00:00","dateModified":"2025-08-19T00:27:11+00:00","mainEntityOfPage":{"@id":"https:\/\/schoenstatt.com\/pt-pt\/novo-santuario-em-monterrey-conheca-seu-nome-e-a-data-da-bencao\/"},"wordCount":1209,"publisher":{"@id":"https:\/\/schoenstatt.com\/pt-pt\/#organization"},"image":{"@id":"https:\/\/schoenstatt.com\/pt-pt\/novo-santuario-em-monterrey-conheca-seu-nome-e-a-data-da-bencao\/#primaryimage"},"thumbnailUrl":"https:\/\/schoenstatt.com\/wp-content\/uploads\/2025\/01\/Schoenstatt-Shrine-in-Monterrey-Mexico-1.jpg","keywords":["Am\u00e9rica","Santu\u00e1rio de Schoenstatt","Schoenstatt M\u00e9xico"],"articleSection":["Am\u00e9rica"],"inLanguage":"pt-PT"},{"@type":"WebPage","@id":"https:\/\/schoenstatt.com\/pt-pt\/novo-santuario-em-monterrey-conheca-seu-nome-e-a-data-da-bencao\/","url":"https:\/\/schoenstatt.com\/pt-pt\/novo-santuario-em-monterrey-conheca-seu-nome-e-a-data-da-bencao\/","name":"Novo Santu\u00e1rio em Monterrey: Conhe\u00e7a seu nome e a data da b\u00ean\u00e7\u00e3o","isPartOf":{"@id":"https:\/\/schoenstatt.com\/pt-pt\/#website"},"primaryImageOfPage":{"@id":"https:\/\/schoenstatt.com\/pt-pt\/novo-santuario-em-monterrey-conheca-seu-nome-e-a-data-da-bencao\/#primaryimage"},"image":{"@id":"https:\/\/schoenstatt.com\/pt-pt\/novo-santuario-em-monterrey-conheca-seu-nome-e-a-data-da-bencao\/#primaryimage"},"thumbnailUrl":"https:\/\/schoenstatt.com\/wp-content\/uploads\/2025\/01\/Schoenstatt-Shrine-in-Monterrey-Mexico-1.jpg","datePublished":"2025-01-29T02:03:00+00:00","dateModified":"2025-08-19T00:27:11+00:00","description":"Construindo nossa terra de esperan\u00e7a. Sobre a constru\u00e7\u00e3o do Santu\u00e1rio Maria, Terra de Esperan\u00e7a, em Monterrey, M\u00e9xico","breadcrumb":{"@id":"https:\/\/schoenstatt.com\/pt-pt\/novo-santuario-em-monterrey-conheca-seu-nome-e-a-data-da-bencao\/#breadcrumb"},"inLanguage":"pt-PT","potentialAction":[{"@type":"ReadAction","target":["https:\/\/schoenstatt.com\/pt-pt\/novo-santuario-em-monterrey-conheca-seu-nome-e-a-data-da-bencao\/"]}]},{"@type":"ImageObject","inLanguage":"pt-PT","@id":"https:\/\/schoenstatt.com\/pt-pt\/novo-santuario-em-monterrey-conheca-seu-nome-e-a-data-da-bencao\/#primaryimage","url":"https:\/\/schoenstatt.com\/wp-content\/uploads\/2025\/01\/Schoenstatt-Shrine-in-Monterrey-Mexico-1.jpg","contentUrl":"https:\/\/schoenstatt.com\/wp-content\/uploads\/2025\/01\/Schoenstatt-Shrine-in-Monterrey-Mexico-1.jpg","width":2048,"height":1338,"caption":"default"},{"@type":"BreadcrumbList","@id":"https:\/\/schoenstatt.com\/pt-pt\/novo-santuario-em-monterrey-conheca-seu-nome-e-a-data-da-bencao\/#breadcrumb","itemListElement":[{"@type":"ListItem","position":1,"name":"Portada","item":"https:\/\/schoenstatt.com\/pt-pt\/home\/"},{"@type":"ListItem","position":2,"name":"Novo Santu\u00e1rio em Monterrey: Conhe\u00e7a seu nome e a data da b\u00ean\u00e7\u00e3o"}]},{"@type":"WebSite","@id":"https:\/\/schoenstatt.com\/pt-pt\/#website","url":"https:\/\/schoenstatt.com\/pt-pt\/","name":"Schoenstatt","description":"Apostolic Movement","publisher":{"@id":"https:\/\/schoenstatt.com\/pt-pt\/#organization"},"potentialAction":[{"@type":"SearchAction","target":{"@type":"EntryPoint","urlTemplate":"https:\/\/schoenstatt.com\/pt-pt\/?s={search_term_string}"},"query-input":{"@type":"PropertyValueSpecification","valueRequired":true,"valueName":"search_term_string"}}],"inLanguage":"pt-PT"},{"@type":"Organization","@id":"https:\/\/schoenstatt.com\/pt-pt\/#organization","name":"Schoenstatt","url":"https:\/\/schoenstatt.com\/pt-pt\/","logo":{"@type":"ImageObject","inLanguage":"pt-PT","@id":"https:\/\/schoenstatt.com\/pt-pt\/#\/schema\/logo\/image\/","url":"https:\/\/schoenstatt.com\/wp-content\/uploads\/2025\/04\/logo-schoenstatt-white-696x696-1.png","contentUrl":"https:\/\/schoenstatt.com\/wp-content\/uploads\/2025\/04\/logo-schoenstatt-white-696x696-1.png","width":696,"height":694,"caption":"Schoenstatt"},"image":{"@id":"https:\/\/schoenstatt.com\/pt-pt\/#\/schema\/logo\/image\/"}},{"@type":"Person","@id":"https:\/\/schoenstatt.com\/pt-pt\/#\/schema\/person\/5158877ad4acae98b34daaeef2a1ce6e","name":"Karen Bueno","image":{"@type":"ImageObject","inLanguage":"pt-PT","@id":"https:\/\/secure.gravatar.com\/avatar\/f9f4b823873154269d2b2130f195f6d41037dd0d7fc5f3cacb5c846bae70d66b?s=96&d=mm&r=g","url":"https:\/\/secure.gravatar.com\/avatar\/f9f4b823873154269d2b2130f195f6d41037dd0d7fc5f3cacb5c846bae70d66b?s=96&d=mm&r=g","contentUrl":"https:\/\/secure.gravatar.com\/avatar\/f9f4b823873154269d2b2130f195f6d41037dd0d7fc5f3cacb5c846bae70d66b?s=96&d=mm&r=g","caption":"Karen Bueno"},"url":"https:\/\/schoenstatt.com\/pt-pt\/author\/karen-bueno\/"}]}},"_links":{"self":[{"href":"https:\/\/schoenstatt.com\/pt-pt\/wp-json\/wp\/v2\/posts\/43109","targetHints":{"allow":["GET"]}}],"collection":[{"href":"https:\/\/schoenstatt.com\/pt-pt\/wp-json\/wp\/v2\/posts"}],"about":[{"href":"https:\/\/schoenstatt.com\/pt-pt\/wp-json\/wp\/v2\/types\/post"}],"author":[{"embeddable":true,"href":"https:\/\/schoenstatt.com\/pt-pt\/wp-json\/wp\/v2\/users\/3"}],"replies":[{"embeddable":true,"href":"https:\/\/schoenstatt.com\/pt-pt\/wp-json\/wp\/v2\/comments?post=43109"}],"version-history":[{"count":6,"href":"https:\/\/schoenstatt.com\/pt-pt\/wp-json\/wp\/v2\/posts\/43109\/revisions"}],"predecessor-version":[{"id":62488,"href":"https:\/\/schoenstatt.com\/pt-pt\/wp-json\/wp\/v2\/posts\/43109\/revisions\/62488"}],"wp:featuredmedia":[{"embeddable":true,"href":"https:\/\/schoenstatt.com\/pt-pt\/wp-json\/wp\/v2\/media\/43102"}],"wp:attachment":[{"href":"https:\/\/schoenstatt.com\/pt-pt\/wp-json\/wp\/v2\/media?parent=43109"}],"wp:term":[{"taxonomy":"category","embeddable":true,"href":"https:\/\/schoenstatt.com\/pt-pt\/wp-json\/wp\/v2\/categories?post=43109"},{"taxonomy":"post_tag","embeddable":true,"href":"https:\/\/schoenstatt.com\/pt-pt\/wp-json\/wp\/v2\/tags?post=43109"}],"curies":[{"name":"wp","href":"https:\/\/api.w.org\/{rel}","templated":true}]}}