{"id":42872,"date":"2025-01-15T03:03:00","date_gmt":"2025-01-15T02:03:00","guid":{"rendered":"https:\/\/schoenstatt.com\/?p=42872"},"modified":"2025-05-16T00:59:01","modified_gmt":"2025-05-15T22:59:01","slug":"vem-ai-um-congresso-academico-internacional-sobre-joao-luiz-pozzobon","status":"publish","type":"post","link":"https:\/\/schoenstatt.com\/pt-pt\/vem-ai-um-congresso-academico-internacional-sobre-joao-luiz-pozzobon\/","title":{"rendered":"Vem a\u00ed: Um congresso acad\u00eamico internacional sobre Jo\u00e3o Luiz Pozzobon"},"content":{"rendered":"\n<p>Em setembro de 2025, ser\u00e3o realizadas em Santa Maria, Brasil, as celebra\u00e7\u00f5es dos 75 anos da Campanha da M\u00e3e Peregrina de Schoenstatt. Dentre os eventos principais, haver\u00e1 um encontro acad\u00eamico, com \u00eanfase em pesquisas e estudos sobre a vida e a obra do <a href=\"https:\/\/schoenstatt.com\/pt-pt\/o-processo-de-beatificacao-de-joao-pozzobon-avanca-em-roma\/\"><mark style=\"background-color:rgba(0, 0, 0, 0);color:#ba6103\" class=\"has-inline-color\">Servo de Deus Jo\u00e3o Luiz Pozzobon<\/mark><\/a>.<\/p>\n\n\n\n<p>O <strong>CONGRESSO INTERNACIONAL JO\u00c3O LUIZ POZZOBON<\/strong> ser\u00e1 nos dias 9 e 10 de setembro. Ele tem como previs\u00e3o a participa\u00e7\u00e3o de 450 participantes, sob o lema \u201cNos passos do Peregrino: Sobre vida e obra do Di\u00e1cono Jo\u00e3o Luiz Pozzobon\u201d.<\/p>\n\n\n\n<p>As confer\u00eancias ser\u00e3o traduzidas em <strong>portugu\u00eas e espanhol<\/strong> (textos e intera\u00e7\u00f5es simult\u00e2neas).<\/p>\n\n\n\n<h3 class=\"wp-block-heading\" id=\"h-os-objetivos-deste-congresso\"><strong>Os objetivos deste congresso<\/strong><\/h3>\n\n\n\n<p>O Congresso d\u00e1 continuidade \u00e0 reflex\u00e3o sobre a miss\u00e3o e o legado do Servo de Deus, Di\u00e1cono Jo\u00e3o Luiz Pozzobon, no contexto da celebra\u00e7\u00e3o dos 75 anos da Campanha da M\u00e3e Peregrina.<\/p>\n\n\n\n<p>Ele est\u00e1 em sintonia com alguns eventos acad\u00eamicos j\u00e1 realizados em anos anteriores: o Semin\u00e1rio Teol\u00f3gico Pastoral, de 2005, em Santa Maria, e o Simp\u00f3sio Teol\u00f3gico Pastoral de 2006, em Londrina, ambos no Brasil.<\/p>\n\n\n\n<p><strong>Dentre os objetivos, se destacam:<\/strong><\/p>\n\n\n\n<p>Divulgar o Servo de Deus Jo\u00e3o Luiz Pozzobon e seu Processo de Beatifica\u00e7\u00e3o.<\/p>\n\n\n\n<p>Propor uma reflex\u00e3o teol\u00f3gica sobre essa causa de beatifica\u00e7\u00e3o e sua import\u00e2ncia para a Igreja.<\/p>\n\n\n\n<p>Analisar em perspectiva interdisciplinar os seus aspectos hist\u00f3ricos e os impactos para a sociedade.<\/p>\n\n\n\n<p>Congregar fi\u00e9is e estudiosos para aprofundar o conhecimento sobre a vida e miss\u00e3o do Servo de Deus Jo\u00e3o Pozzobon e seu legado, inspirando um maior compromisso com a evangeliza\u00e7\u00e3o e o chamado \u00e0 santidade.<\/p>\n\n\n\n<h3 class=\"wp-block-heading\" id=\"h-quem-pode-participar\"><strong>Quem pode participar?<\/strong><\/h3>\n\n\n\n<p>O Congresso \u00e9 destinado a professores e estudantes, pesquisadores, lideran\u00e7as da Igreja (presb\u00edteros, di\u00e1conos, seminaristas, vida consagrada, laicato) e \u00e0 comunidade em geral.<\/p>\n\n\n\n<h3 class=\"wp-block-heading\" id=\"h-onde-vai-acontecer-o-congresso\"><strong>Onde vai acontecer o congresso?<\/strong><\/h3>\n\n\n\n<p>Na Universidade Franciscana, em Santa Maria\/RS &#8211; <a href=\"https:\/\/maps.app.goo.gl\/2VvjpRSswifd7xUm8\" target=\"_blank\" rel=\"noreferrer noopener\"><mark style=\"background-color:rgba(0, 0, 0, 0);color:#ba6103\" class=\"has-inline-color\">veja a localiza\u00e7\u00e3o no mapa<\/mark><\/a><\/p>\n\n\n\n<h3 class=\"wp-block-heading\" id=\"h-como-participar\"><strong>Como participar?<\/strong><\/h3>\n\n\n\n<p>As inscri\u00e7\u00f5es est\u00e3o abertas at\u00e9 o dia 1 de setembro de 2025. Clique no bot\u00e3o abaixo para se inscrever e consultar valores:<\/p>\n\n\n\n<div class=\"wp-block-buttons is-content-justification-center is-layout-flex wp-container-core-buttons-is-layout-a89b3969 wp-block-buttons-is-layout-flex\">\n<div class=\"wp-block-button\"><a class=\"wp-block-button__link has-white-color has-text-color has-background has-link-color has-text-align-center wp-element-button\" href=\"https:\/\/www.ufn.edu.br\/eventos\/maiseventos\/Default.aspx?id=njFhAXJaKVw=#\" style=\"border-style:none;border-width:0px;border-radius:12px;background-color:#cc5d02\" target=\"_blank\" rel=\"noreferrer noopener\"><strong>INSCRI\u00c7\u00d5ES<\/strong><\/a><\/div>\n<\/div>\n\n\n\n<p>No total, s\u00e3o 450 vagas, limitadas de acordo com a capacidade do local. Haver\u00e1 entrega de certificado pela participa\u00e7\u00e3o.<\/p>\n\n\n\n<h3 class=\"wp-block-heading\" id=\"h-apresentacao-de-trabalhos-academicos\"><strong>Apresenta\u00e7\u00e3o de trabalhos acad\u00eamicos<\/strong><\/h3>\n\n\n\n<p>H\u00e1 tamb\u00e9m a possibilidade de apresenta\u00e7\u00e3o de trabalhos acad\u00eamicos, vinculados a projetos de pesquisa e\/ou ensino e\/ou extens\u00e3o, com seus resultados parciais ou finais, relacionados a Jo\u00e3o Luiz Pozzobon, nas \u00e1reas de: teologia, pastoral, hist\u00f3ria, turismo, comunica\u00e7\u00e3o, arquivologia, museologia, educa\u00e7\u00e3o, etc. Mais informa\u00e7\u00f5es est\u00e3o dispon\u00edveis no site de inscri\u00e7\u00e3o.<\/p>\n\n\n\n<h3 class=\"wp-block-heading\" id=\"h-programacao-do-congresso\"><strong>Programa\u00e7\u00e3o do Congresso<\/strong><\/h3>\n\n\n\n<figure class=\"wp-block-image size-large\"><img decoding=\"async\" src=\"https:\/\/schoenstatt.com\/wp-content\/uploads\/2025\/01\/congresso-joao-pozzobon-1024x408.jpg\" alt=\"\" class=\"wp-image-42864\"\/><\/figure>\n\n\n\n<p><strong>09 de setembro<\/strong><\/p>\n\n\n\n<p><strong>8h00<\/strong> \u2013 Credenciamento<\/p>\n\n\n\n<p><strong>8h30<\/strong> \u2013 Cerimonial de Abertura e Ora\u00e7\u00e3o Inicial<\/p>\n\n\n\n<p><strong>9h15 <\/strong>\u2013 Confer\u00eancia Inaugural: Dom Leomar Brustolin (Arcebispo da Arq. de Santa Maria) \u2013 Contexto Eclesiol\u00f3gico \u2013 \u201cDi\u00e1cono Jo\u00e3o Luiz Pozzobon, Vaticano II e Igreja em Sa\u00edda\u201d<\/p>\n\n\n\n<p><strong>10h30<\/strong> \u2013 Intervalo com coffee break<\/p>\n\n\n\n<p><strong>11h00 <\/strong>\u2013 Painel: \u2013 \u201cContextos hist\u00f3rico, social e cultural da vida e obra de Jo\u00e3o Luiz Pozzobon\u201d<br>\u2013 Dra. Maria Medianeira (UFSM)<br>\u2013 Dra. Marta Borin (UFSM)<\/p>\n\n\n\n<p><strong>13h30<\/strong> \u2013 Comunica\u00e7\u00f5es (Pesquisadores)<\/p>\n\n\n\n<p><strong>15h30<\/strong> \u2013 Momento Cultural<\/p>\n\n\n\n<p><strong>16:00 <\/strong>\u2013 Painel: \u201cA Espiritualidade e a A\u00e7\u00e3o Evangelizadora do Pobre Peregrino Di\u00e1cono Jo\u00e3o Luiz Pozzobon\u201d<br>\u2013 Ir. Maria da Gra\u00e7a Sales (Instituto Secular das Irm\u00e3s de Maria de Schoenstatt)<br>\u2013 Pe. Alexandre Awi Melo, ISch (Presidente da Presid\u00eancia Internacional do Movimento Apost\u00f3lico de Schoenstatt)<\/p>\n\n\n\n<p><strong>17h30 <\/strong>\u2013 Encerramento do primeiro dia<\/p>\n\n\n\n<p><strong>17h45<\/strong> \u2013 Santa Missa<\/p>\n\n\n\n<p><strong>10 de setembro<\/strong><\/p>\n\n\n\n<p><strong>8h30<\/strong> \u2013 Ora\u00e7\u00e3o Inicial e Abertura do segundo dia<\/p>\n\n\n\n<p><strong>8h45<\/strong> \u2013 Painel: \u201cFama de Santidade e Legado do Di\u00e1cono Jo\u00e3o Luiz Pozzobon\u201d<br>\u2013 Pe. Francisco Bianchin, SAC (\u00daltimo p\u00e1roco de Jo\u00e3o Pozzobon)<br>\u2013 Ana Echevarria (Expans\u00e3o internacional da Campanha \u2013 Argentina)<br>\u2013 Humberto Pozzobon (Filho de Jo\u00e3o Pozzobon)<br>\u2013 Pe. Ant\u00f4nio Bracht, ISch (Vice-postulador e Diretor Nacional do Movimento de Schoenstatt \u2013 Brasil)<br>\u2013 Ir. M. Rosequiel F\u00e1vero (Coordenadora do Jubileu 75 anos da Campanha da M\u00e3e Peregrina)<\/p>\n\n\n\n<p><strong>10h15<\/strong> \u2013 Intervalo com coffee break<\/p>\n\n\n\n<p><strong>10h30<\/strong> \u2013 Momento Cultural<\/p>\n\n\n\n<p><strong>10h45 <\/strong>\u2013 Confer\u00eancia Final: Santidade, Causa de Beatifica\u00e7\u00e3o e a originalidade do Di\u00e1cono Jo\u00e3o Luiz Pozzobon<\/p>\n\n\n\n<p><strong>12h00<\/strong> \u2013 Encerramento e Ben\u00e7\u00e3o de Envioent<\/p>\n\n\n\n<h3 class=\"wp-block-heading\" id=\"h-realizacao-do-congresso-e-contato\"><strong>Realiza\u00e7\u00e3o do Congresso e contato<\/strong><\/h3>\n\n\n\n<p>O congresso \u00e9 realizado pela Secretaria da Causa de Beatifica\u00e7\u00e3o Jo\u00e3o Luiz Pozzobon, em parceria com Arquidiocese de Santa Maria, Universidade Franciscana (UFN), Faculdade Palotina de Santa Maria (FAPAS) e Programa de P\u00f3s-Gradua\u00e7\u00e3o em Patrim\u00f4nio Cultural da Universidade Federal de Santa Maria (UFSM).<\/p>\n\n\n\n<p>Maiores Informa\u00e7\u00f5es: +55 (55) 9 91949032 \u2013 Secretaria Pastoral Jo\u00e3o Luiz Pozzobon<br>P\u00e1gina de inscri\u00e7\u00e3o e mais informa\u00e7\u00f5es:<br><a href=\"https:\/\/www.ufn.edu.br\/eventos\/maiseventos\/Default.aspx?id=njFhAXJaKVw=#\" target=\"_blank\" rel=\"noreferrer noopener\"><mark style=\"background-color:rgba(0, 0, 0, 0);color:#ba6103\" class=\"has-inline-color\">https:\/\/www.ufn.edu.br\/eventos\/maiseventos\/Default.aspx?id=njFhAXJaKVw=#<\/mark><\/a><\/p>\n\n\n\n<h3 class=\"wp-block-heading\" id=\"h-outros-eventos\"><strong>Outros eventos<\/strong><\/h3>\n\n\n\n<p>Al\u00e9m deste Congresso de cunho acad\u00eamico, haver\u00e1 um encontro jubilar internacional no Santu\u00e1rio Tabor, em Santa Maria. Ele reunir\u00e1 integrantes da Campanha de diversos pa\u00edses, de 10 a 14 de setembro. No dia 14 de setembro haver\u00e1 a Romaria da Primavera em Santa Maria, aberta a todos que desejam participar. Para mais informa\u00e7\u00f5es: <a href=\"https:\/\/schoenstatt.com\/pt-pt\/75-anos-da-campanha-da-mae-peregrina\/\"><mark style=\"background-color:rgba(0, 0, 0, 0);color:#ba6103\" class=\"has-inline-color\">clique aqui<\/mark><\/a>.<\/p>\n","protected":false},"excerpt":{"rendered":"<p>No Brasil ser\u00e1 realizado o Congresso Internacional Jo\u00e3o Luiz Pozzobon, com \u00eanfase em pesquisas e reflex\u00f5es acad\u00eamicas. <\/p>\n","protected":false},"author":3,"featured_media":42868,"comment_status":"closed","ping_status":"closed","sticky":false,"template":"","format":"standard","meta":{"footnotes":""},"categories":[625,636,888],"tags":[],"class_list":["post-42872","post","type-post","status-publish","format-standard","has-post-thumbnail","hentry","category-america-pt-pt","category-eventos-pt-pt","category-herois-de-schoenstatt-pt-pt"],"yoast_head":"<!-- This site is optimized with the Yoast SEO Premium plugin v27.4 (Yoast SEO v27.4) - https:\/\/yoast.com\/product\/yoast-seo-premium-wordpress\/ -->\n<title>Vem a\u00ed: Um congresso acad\u00eamico internacional sobre Jo\u00e3o Luiz Pozzobon<\/title>\n<meta name=\"description\" content=\"No Brasil ser\u00e1 realizado o Congresso Internacional Jo\u00e3o Luiz Pozzobon, com \u00eanfase em pesquisas e reflex\u00f5es acad\u00eamicas.\" \/>\n<meta name=\"robots\" content=\"index, follow, max-snippet:-1, max-image-preview:large, max-video-preview:-1\" \/>\n<link rel=\"canonical\" href=\"https:\/\/schoenstatt.com\/pt-pt\/vem-ai-um-congresso-academico-internacional-sobre-joao-luiz-pozzobon\/\" \/>\n<meta property=\"og:locale\" content=\"pt_PT\" \/>\n<meta property=\"og:type\" content=\"article\" \/>\n<meta property=\"og:title\" content=\"Vem a\u00ed: Um congresso acad\u00eamico internacional sobre Jo\u00e3o Luiz Pozzobon\" \/>\n<meta property=\"og:description\" content=\"No Brasil ser\u00e1 realizado o Congresso Internacional Jo\u00e3o Luiz Pozzobon, com \u00eanfase em pesquisas e reflex\u00f5es acad\u00eamicas.\" \/>\n<meta property=\"og:url\" content=\"https:\/\/schoenstatt.com\/pt-pt\/vem-ai-um-congresso-academico-internacional-sobre-joao-luiz-pozzobon\/\" \/>\n<meta property=\"og:site_name\" content=\"Schoenstatt\" \/>\n<meta property=\"article:published_time\" content=\"2025-01-15T02:03:00+00:00\" \/>\n<meta property=\"article:modified_time\" content=\"2025-05-15T22:59:01+00:00\" \/>\n<meta property=\"og:image\" content=\"https:\/\/schoenstatt.com\/wp-content\/uploads\/2025\/01\/Joao-Luiz-Pozzobon-1.jpg\" \/>\n\t<meta property=\"og:image:width\" content=\"2048\" \/>\n\t<meta property=\"og:image:height\" content=\"1350\" \/>\n\t<meta property=\"og:image:type\" content=\"image\/jpeg\" \/>\n<meta name=\"author\" content=\"Karen Bueno\" \/>\n<meta name=\"twitter:card\" content=\"summary_large_image\" \/>\n<meta name=\"twitter:label1\" content=\"Escrito por\" \/>\n\t<meta name=\"twitter:data1\" content=\"Karen Bueno\" \/>\n\t<meta name=\"twitter:label2\" content=\"Tempo estimado de leitura\" \/>\n\t<meta name=\"twitter:data2\" content=\"4 minutos\" \/>\n<script type=\"application\/ld+json\" class=\"yoast-schema-graph\">{\"@context\":\"https:\\\/\\\/schema.org\",\"@graph\":[{\"@type\":\"Article\",\"@id\":\"https:\\\/\\\/schoenstatt.com\\\/pt-pt\\\/vem-ai-um-congresso-academico-internacional-sobre-joao-luiz-pozzobon\\\/#article\",\"isPartOf\":{\"@id\":\"https:\\\/\\\/schoenstatt.com\\\/pt-pt\\\/vem-ai-um-congresso-academico-internacional-sobre-joao-luiz-pozzobon\\\/\"},\"author\":{\"name\":\"Karen Bueno\",\"@id\":\"https:\\\/\\\/schoenstatt.com\\\/pt-pt\\\/#\\\/schema\\\/person\\\/5158877ad4acae98b34daaeef2a1ce6e\"},\"headline\":\"Vem a\u00ed: Um congresso acad\u00eamico internacional sobre Jo\u00e3o Luiz Pozzobon\",\"datePublished\":\"2025-01-15T02:03:00+00:00\",\"dateModified\":\"2025-05-15T22:59:01+00:00\",\"mainEntityOfPage\":{\"@id\":\"https:\\\/\\\/schoenstatt.com\\\/pt-pt\\\/vem-ai-um-congresso-academico-internacional-sobre-joao-luiz-pozzobon\\\/\"},\"wordCount\":844,\"publisher\":{\"@id\":\"https:\\\/\\\/schoenstatt.com\\\/pt-pt\\\/#organization\"},\"image\":{\"@id\":\"https:\\\/\\\/schoenstatt.com\\\/pt-pt\\\/vem-ai-um-congresso-academico-internacional-sobre-joao-luiz-pozzobon\\\/#primaryimage\"},\"thumbnailUrl\":\"https:\\\/\\\/schoenstatt.com\\\/wp-content\\\/uploads\\\/2025\\\/01\\\/Joao-Luiz-Pozzobon-1.jpg\",\"articleSection\":[\"Am\u00e9rica\",\"Eventos\",\"Her\u00f3is de Schoenstatt\"],\"inLanguage\":\"pt-PT\"},{\"@type\":\"WebPage\",\"@id\":\"https:\\\/\\\/schoenstatt.com\\\/pt-pt\\\/vem-ai-um-congresso-academico-internacional-sobre-joao-luiz-pozzobon\\\/\",\"url\":\"https:\\\/\\\/schoenstatt.com\\\/pt-pt\\\/vem-ai-um-congresso-academico-internacional-sobre-joao-luiz-pozzobon\\\/\",\"name\":\"Vem a\u00ed: Um congresso acad\u00eamico internacional sobre Jo\u00e3o Luiz Pozzobon\",\"isPartOf\":{\"@id\":\"https:\\\/\\\/schoenstatt.com\\\/pt-pt\\\/#website\"},\"primaryImageOfPage\":{\"@id\":\"https:\\\/\\\/schoenstatt.com\\\/pt-pt\\\/vem-ai-um-congresso-academico-internacional-sobre-joao-luiz-pozzobon\\\/#primaryimage\"},\"image\":{\"@id\":\"https:\\\/\\\/schoenstatt.com\\\/pt-pt\\\/vem-ai-um-congresso-academico-internacional-sobre-joao-luiz-pozzobon\\\/#primaryimage\"},\"thumbnailUrl\":\"https:\\\/\\\/schoenstatt.com\\\/wp-content\\\/uploads\\\/2025\\\/01\\\/Joao-Luiz-Pozzobon-1.jpg\",\"datePublished\":\"2025-01-15T02:03:00+00:00\",\"dateModified\":\"2025-05-15T22:59:01+00:00\",\"description\":\"No Brasil ser\u00e1 realizado o Congresso Internacional Jo\u00e3o Luiz Pozzobon, com \u00eanfase em pesquisas e reflex\u00f5es acad\u00eamicas.\",\"breadcrumb\":{\"@id\":\"https:\\\/\\\/schoenstatt.com\\\/pt-pt\\\/vem-ai-um-congresso-academico-internacional-sobre-joao-luiz-pozzobon\\\/#breadcrumb\"},\"inLanguage\":\"pt-PT\",\"potentialAction\":[{\"@type\":\"ReadAction\",\"target\":[\"https:\\\/\\\/schoenstatt.com\\\/pt-pt\\\/vem-ai-um-congresso-academico-internacional-sobre-joao-luiz-pozzobon\\\/\"]}]},{\"@type\":\"ImageObject\",\"inLanguage\":\"pt-PT\",\"@id\":\"https:\\\/\\\/schoenstatt.com\\\/pt-pt\\\/vem-ai-um-congresso-academico-internacional-sobre-joao-luiz-pozzobon\\\/#primaryimage\",\"url\":\"https:\\\/\\\/schoenstatt.com\\\/wp-content\\\/uploads\\\/2025\\\/01\\\/Joao-Luiz-Pozzobon-1.jpg\",\"contentUrl\":\"https:\\\/\\\/schoenstatt.com\\\/wp-content\\\/uploads\\\/2025\\\/01\\\/Joao-Luiz-Pozzobon-1.jpg\",\"width\":2048,\"height\":1350,\"caption\":\"Jo\u00e3o Luiz Pozzobon\"},{\"@type\":\"BreadcrumbList\",\"@id\":\"https:\\\/\\\/schoenstatt.com\\\/pt-pt\\\/vem-ai-um-congresso-academico-internacional-sobre-joao-luiz-pozzobon\\\/#breadcrumb\",\"itemListElement\":[{\"@type\":\"ListItem\",\"position\":1,\"name\":\"Portada\",\"item\":\"https:\\\/\\\/schoenstatt.com\\\/pt-pt\\\/home\\\/\"},{\"@type\":\"ListItem\",\"position\":2,\"name\":\"Vem a\u00ed: Um congresso acad\u00eamico internacional sobre Jo\u00e3o Luiz Pozzobon\"}]},{\"@type\":\"WebSite\",\"@id\":\"https:\\\/\\\/schoenstatt.com\\\/pt-pt\\\/#website\",\"url\":\"https:\\\/\\\/schoenstatt.com\\\/pt-pt\\\/\",\"name\":\"Schoenstatt\",\"description\":\"Apostolic Movement\",\"publisher\":{\"@id\":\"https:\\\/\\\/schoenstatt.com\\\/pt-pt\\\/#organization\"},\"potentialAction\":[{\"@type\":\"SearchAction\",\"target\":{\"@type\":\"EntryPoint\",\"urlTemplate\":\"https:\\\/\\\/schoenstatt.com\\\/pt-pt\\\/?s={search_term_string}\"},\"query-input\":{\"@type\":\"PropertyValueSpecification\",\"valueRequired\":true,\"valueName\":\"search_term_string\"}}],\"inLanguage\":\"pt-PT\"},{\"@type\":\"Organization\",\"@id\":\"https:\\\/\\\/schoenstatt.com\\\/pt-pt\\\/#organization\",\"name\":\"Schoenstatt\",\"url\":\"https:\\\/\\\/schoenstatt.com\\\/pt-pt\\\/\",\"logo\":{\"@type\":\"ImageObject\",\"inLanguage\":\"pt-PT\",\"@id\":\"https:\\\/\\\/schoenstatt.com\\\/pt-pt\\\/#\\\/schema\\\/logo\\\/image\\\/\",\"url\":\"https:\\\/\\\/schoenstatt.com\\\/wp-content\\\/uploads\\\/2025\\\/04\\\/logo-schoenstatt-white-696x696-1.png\",\"contentUrl\":\"https:\\\/\\\/schoenstatt.com\\\/wp-content\\\/uploads\\\/2025\\\/04\\\/logo-schoenstatt-white-696x696-1.png\",\"width\":696,\"height\":694,\"caption\":\"Schoenstatt\"},\"image\":{\"@id\":\"https:\\\/\\\/schoenstatt.com\\\/pt-pt\\\/#\\\/schema\\\/logo\\\/image\\\/\"}},{\"@type\":\"Person\",\"@id\":\"https:\\\/\\\/schoenstatt.com\\\/pt-pt\\\/#\\\/schema\\\/person\\\/5158877ad4acae98b34daaeef2a1ce6e\",\"name\":\"Karen Bueno\",\"image\":{\"@type\":\"ImageObject\",\"inLanguage\":\"pt-PT\",\"@id\":\"https:\\\/\\\/secure.gravatar.com\\\/avatar\\\/f9f4b823873154269d2b2130f195f6d41037dd0d7fc5f3cacb5c846bae70d66b?s=96&d=mm&r=g\",\"url\":\"https:\\\/\\\/secure.gravatar.com\\\/avatar\\\/f9f4b823873154269d2b2130f195f6d41037dd0d7fc5f3cacb5c846bae70d66b?s=96&d=mm&r=g\",\"contentUrl\":\"https:\\\/\\\/secure.gravatar.com\\\/avatar\\\/f9f4b823873154269d2b2130f195f6d41037dd0d7fc5f3cacb5c846bae70d66b?s=96&d=mm&r=g\",\"caption\":\"Karen Bueno\"},\"url\":\"https:\\\/\\\/schoenstatt.com\\\/pt-pt\\\/author\\\/karen-bueno\\\/\"}]}<\/script>\n<!-- \/ Yoast SEO Premium plugin. -->","yoast_head_json":{"title":"Vem a\u00ed: Um congresso acad\u00eamico internacional sobre Jo\u00e3o Luiz Pozzobon","description":"No Brasil ser\u00e1 realizado o Congresso Internacional Jo\u00e3o Luiz Pozzobon, com \u00eanfase em pesquisas e reflex\u00f5es acad\u00eamicas.","robots":{"index":"index","follow":"follow","max-snippet":"max-snippet:-1","max-image-preview":"max-image-preview:large","max-video-preview":"max-video-preview:-1"},"canonical":"https:\/\/schoenstatt.com\/pt-pt\/vem-ai-um-congresso-academico-internacional-sobre-joao-luiz-pozzobon\/","og_locale":"pt_PT","og_type":"article","og_title":"Vem a\u00ed: Um congresso acad\u00eamico internacional sobre Jo\u00e3o Luiz Pozzobon","og_description":"No Brasil ser\u00e1 realizado o Congresso Internacional Jo\u00e3o Luiz Pozzobon, com \u00eanfase em pesquisas e reflex\u00f5es acad\u00eamicas.","og_url":"https:\/\/schoenstatt.com\/pt-pt\/vem-ai-um-congresso-academico-internacional-sobre-joao-luiz-pozzobon\/","og_site_name":"Schoenstatt","article_published_time":"2025-01-15T02:03:00+00:00","article_modified_time":"2025-05-15T22:59:01+00:00","og_image":[{"width":2048,"height":1350,"url":"https:\/\/schoenstatt.com\/wp-content\/uploads\/2025\/01\/Joao-Luiz-Pozzobon-1.jpg","type":"image\/jpeg"}],"author":"Karen Bueno","twitter_card":"summary_large_image","twitter_misc":{"Escrito por":"Karen Bueno","Tempo estimado de leitura":"4 minutos"},"schema":{"@context":"https:\/\/schema.org","@graph":[{"@type":"Article","@id":"https:\/\/schoenstatt.com\/pt-pt\/vem-ai-um-congresso-academico-internacional-sobre-joao-luiz-pozzobon\/#article","isPartOf":{"@id":"https:\/\/schoenstatt.com\/pt-pt\/vem-ai-um-congresso-academico-internacional-sobre-joao-luiz-pozzobon\/"},"author":{"name":"Karen Bueno","@id":"https:\/\/schoenstatt.com\/pt-pt\/#\/schema\/person\/5158877ad4acae98b34daaeef2a1ce6e"},"headline":"Vem a\u00ed: Um congresso acad\u00eamico internacional sobre Jo\u00e3o Luiz Pozzobon","datePublished":"2025-01-15T02:03:00+00:00","dateModified":"2025-05-15T22:59:01+00:00","mainEntityOfPage":{"@id":"https:\/\/schoenstatt.com\/pt-pt\/vem-ai-um-congresso-academico-internacional-sobre-joao-luiz-pozzobon\/"},"wordCount":844,"publisher":{"@id":"https:\/\/schoenstatt.com\/pt-pt\/#organization"},"image":{"@id":"https:\/\/schoenstatt.com\/pt-pt\/vem-ai-um-congresso-academico-internacional-sobre-joao-luiz-pozzobon\/#primaryimage"},"thumbnailUrl":"https:\/\/schoenstatt.com\/wp-content\/uploads\/2025\/01\/Joao-Luiz-Pozzobon-1.jpg","articleSection":["Am\u00e9rica","Eventos","Her\u00f3is de Schoenstatt"],"inLanguage":"pt-PT"},{"@type":"WebPage","@id":"https:\/\/schoenstatt.com\/pt-pt\/vem-ai-um-congresso-academico-internacional-sobre-joao-luiz-pozzobon\/","url":"https:\/\/schoenstatt.com\/pt-pt\/vem-ai-um-congresso-academico-internacional-sobre-joao-luiz-pozzobon\/","name":"Vem a\u00ed: Um congresso acad\u00eamico internacional sobre Jo\u00e3o Luiz Pozzobon","isPartOf":{"@id":"https:\/\/schoenstatt.com\/pt-pt\/#website"},"primaryImageOfPage":{"@id":"https:\/\/schoenstatt.com\/pt-pt\/vem-ai-um-congresso-academico-internacional-sobre-joao-luiz-pozzobon\/#primaryimage"},"image":{"@id":"https:\/\/schoenstatt.com\/pt-pt\/vem-ai-um-congresso-academico-internacional-sobre-joao-luiz-pozzobon\/#primaryimage"},"thumbnailUrl":"https:\/\/schoenstatt.com\/wp-content\/uploads\/2025\/01\/Joao-Luiz-Pozzobon-1.jpg","datePublished":"2025-01-15T02:03:00+00:00","dateModified":"2025-05-15T22:59:01+00:00","description":"No Brasil ser\u00e1 realizado o Congresso Internacional Jo\u00e3o Luiz Pozzobon, com \u00eanfase em pesquisas e reflex\u00f5es acad\u00eamicas.","breadcrumb":{"@id":"https:\/\/schoenstatt.com\/pt-pt\/vem-ai-um-congresso-academico-internacional-sobre-joao-luiz-pozzobon\/#breadcrumb"},"inLanguage":"pt-PT","potentialAction":[{"@type":"ReadAction","target":["https:\/\/schoenstatt.com\/pt-pt\/vem-ai-um-congresso-academico-internacional-sobre-joao-luiz-pozzobon\/"]}]},{"@type":"ImageObject","inLanguage":"pt-PT","@id":"https:\/\/schoenstatt.com\/pt-pt\/vem-ai-um-congresso-academico-internacional-sobre-joao-luiz-pozzobon\/#primaryimage","url":"https:\/\/schoenstatt.com\/wp-content\/uploads\/2025\/01\/Joao-Luiz-Pozzobon-1.jpg","contentUrl":"https:\/\/schoenstatt.com\/wp-content\/uploads\/2025\/01\/Joao-Luiz-Pozzobon-1.jpg","width":2048,"height":1350,"caption":"Jo\u00e3o Luiz Pozzobon"},{"@type":"BreadcrumbList","@id":"https:\/\/schoenstatt.com\/pt-pt\/vem-ai-um-congresso-academico-internacional-sobre-joao-luiz-pozzobon\/#breadcrumb","itemListElement":[{"@type":"ListItem","position":1,"name":"Portada","item":"https:\/\/schoenstatt.com\/pt-pt\/home\/"},{"@type":"ListItem","position":2,"name":"Vem a\u00ed: Um congresso acad\u00eamico internacional sobre Jo\u00e3o Luiz Pozzobon"}]},{"@type":"WebSite","@id":"https:\/\/schoenstatt.com\/pt-pt\/#website","url":"https:\/\/schoenstatt.com\/pt-pt\/","name":"Schoenstatt","description":"Apostolic Movement","publisher":{"@id":"https:\/\/schoenstatt.com\/pt-pt\/#organization"},"potentialAction":[{"@type":"SearchAction","target":{"@type":"EntryPoint","urlTemplate":"https:\/\/schoenstatt.com\/pt-pt\/?s={search_term_string}"},"query-input":{"@type":"PropertyValueSpecification","valueRequired":true,"valueName":"search_term_string"}}],"inLanguage":"pt-PT"},{"@type":"Organization","@id":"https:\/\/schoenstatt.com\/pt-pt\/#organization","name":"Schoenstatt","url":"https:\/\/schoenstatt.com\/pt-pt\/","logo":{"@type":"ImageObject","inLanguage":"pt-PT","@id":"https:\/\/schoenstatt.com\/pt-pt\/#\/schema\/logo\/image\/","url":"https:\/\/schoenstatt.com\/wp-content\/uploads\/2025\/04\/logo-schoenstatt-white-696x696-1.png","contentUrl":"https:\/\/schoenstatt.com\/wp-content\/uploads\/2025\/04\/logo-schoenstatt-white-696x696-1.png","width":696,"height":694,"caption":"Schoenstatt"},"image":{"@id":"https:\/\/schoenstatt.com\/pt-pt\/#\/schema\/logo\/image\/"}},{"@type":"Person","@id":"https:\/\/schoenstatt.com\/pt-pt\/#\/schema\/person\/5158877ad4acae98b34daaeef2a1ce6e","name":"Karen Bueno","image":{"@type":"ImageObject","inLanguage":"pt-PT","@id":"https:\/\/secure.gravatar.com\/avatar\/f9f4b823873154269d2b2130f195f6d41037dd0d7fc5f3cacb5c846bae70d66b?s=96&d=mm&r=g","url":"https:\/\/secure.gravatar.com\/avatar\/f9f4b823873154269d2b2130f195f6d41037dd0d7fc5f3cacb5c846bae70d66b?s=96&d=mm&r=g","contentUrl":"https:\/\/secure.gravatar.com\/avatar\/f9f4b823873154269d2b2130f195f6d41037dd0d7fc5f3cacb5c846bae70d66b?s=96&d=mm&r=g","caption":"Karen Bueno"},"url":"https:\/\/schoenstatt.com\/pt-pt\/author\/karen-bueno\/"}]}},"_links":{"self":[{"href":"https:\/\/schoenstatt.com\/pt-pt\/wp-json\/wp\/v2\/posts\/42872","targetHints":{"allow":["GET"]}}],"collection":[{"href":"https:\/\/schoenstatt.com\/pt-pt\/wp-json\/wp\/v2\/posts"}],"about":[{"href":"https:\/\/schoenstatt.com\/pt-pt\/wp-json\/wp\/v2\/types\/post"}],"author":[{"embeddable":true,"href":"https:\/\/schoenstatt.com\/pt-pt\/wp-json\/wp\/v2\/users\/3"}],"replies":[{"embeddable":true,"href":"https:\/\/schoenstatt.com\/pt-pt\/wp-json\/wp\/v2\/comments?post=42872"}],"version-history":[{"count":1,"href":"https:\/\/schoenstatt.com\/pt-pt\/wp-json\/wp\/v2\/posts\/42872\/revisions"}],"predecessor-version":[{"id":47268,"href":"https:\/\/schoenstatt.com\/pt-pt\/wp-json\/wp\/v2\/posts\/42872\/revisions\/47268"}],"wp:featuredmedia":[{"embeddable":true,"href":"https:\/\/schoenstatt.com\/pt-pt\/wp-json\/wp\/v2\/media\/42868"}],"wp:attachment":[{"href":"https:\/\/schoenstatt.com\/pt-pt\/wp-json\/wp\/v2\/media?parent=42872"}],"wp:term":[{"taxonomy":"category","embeddable":true,"href":"https:\/\/schoenstatt.com\/pt-pt\/wp-json\/wp\/v2\/categories?post=42872"},{"taxonomy":"post_tag","embeddable":true,"href":"https:\/\/schoenstatt.com\/pt-pt\/wp-json\/wp\/v2\/tags?post=42872"}],"curies":[{"name":"wp","href":"https:\/\/api.w.org\/{rel}","templated":true}]}}