{"id":42833,"date":"2025-01-10T12:41:30","date_gmt":"2025-01-10T11:41:30","guid":{"rendered":"https:\/\/schoenstatt.com\/?p=42833"},"modified":"2025-05-16T00:12:57","modified_gmt":"2025-05-15T22:12:57","slug":"uniao-dos-homens-da-argentina-se-reune-em-sua-jornada-anual","status":"publish","type":"post","link":"https:\/\/schoenstatt.com\/pt-pt\/uniao-dos-homens-da-argentina-se-reune-em-sua-jornada-anual\/","title":{"rendered":"Uni\u00e3o dos Homens da Argentina se re\u00fane em sua Jornada Anual"},"content":{"rendered":"\n<p>Nos dias 14 e 15 de dezembro de 2024, a <a href=\"https:\/\/schoenstatt.com\/pt-pt\/em-comunidade\/men\/uniao-dos-homens\/\">Uni\u00e3o dos Homens de Schoenstatt<\/a> se reuniu para sua quarta Jornada Anual na cidade de Ros\u00e1rio, Santa F\u00e9, <a href=\"https:\/\/www.schoenstatt.org.ar\/\" target=\"_blank\" rel=\"noreferrer noopener\">Argentina<\/a>. Foi um encontro caracterizado por um ambiente fraterno e acolhedor, no qual os participantes puderam fortalecer os v\u00ednculos de uni\u00e3o com a M\u00e3e e o Padre Jos\u00e9 Kentenich e refletir sobre a import\u00e2ncia da santidade da vida di\u00e1ria em sua voca\u00e7\u00e3o laical.<\/p>\n\n\n\n<p>O dia come\u00e7ou com um espa\u00e7o para compartilhar experi\u00eancias e reflex\u00f5es em pequenos grupos. Essa din\u00e2mica permitiu que os participantes se conhecessem melhor e aprofundassem os la\u00e7os de fraternidade que os unem como membros da Uni\u00e3o. Em seguida, houve um momento de ora\u00e7\u00e3o profunda, no qual o cora\u00e7\u00e3o se elevou a Deus e o compromisso de viver a f\u00e9 com autenticidade foi renovado. Para encerrar a manh\u00e3, um almo\u00e7o fraterno foi compartilhado.<\/p>\n\n\n\n<figure class=\"wp-block-image size-large\"><img decoding=\"async\" src=\"https:\/\/schoenstatt.com\/wp-content\/uploads\/2025\/01\/federacion-de-hombres-argentina-2-1024x888.jpg\" alt=\"\" class=\"wp-image-42819\"\/><\/figure>\n\n\n\n<h3 class=\"wp-block-heading\" id=\"h-santidade-e-o-apostolado-leigo\"><strong>Santidade e o apostolado leigo<\/strong><\/h3>\n\n\n\n<p>Na tarde do dia 14, o encontro continuou com uma palestra sobre a conex\u00e3o entre a santidade da vida di\u00e1ria e o apostolado leigo. Aprofundou-se o significado da consagra\u00e7\u00e3o na Uni\u00e3o dos Homens, um compromisso que implica viver o ideal de Schoenstatt na vida cotidiana e no servi\u00e7o \u00e0 Igreja.<\/p>\n\n\n\n<p>No final da tarde, a Jornada continuou no Santu\u00e1rio de Ros\u00e1rio. Ali, em um momento de grande emo\u00e7\u00e3o, o Curso \u201cFilhos do Pai\u201d teve sua segunda Consagra\u00e7\u00e3o. Este ato foi compartilhado com toda a Fam\u00edlia de Schoenstatt de Ros\u00e1rio, que se uniu em ora\u00e7\u00e3o e alegria por este acontecimento.<\/p>\n\n\n\n<figure class=\"wp-block-gallery has-nested-images columns-default is-cropped wp-block-gallery-1 is-layout-flex wp-block-gallery-is-layout-flex\">\n<figure class=\"wp-block-image size-large\"><img decoding=\"async\" data-id=\"42823\" src=\"https:\/\/schoenstatt.com\/wp-content\/uploads\/2025\/01\/federacion-de-hombres-argentina-3.jpg\" alt=\"\" class=\"wp-image-42823\"\/><\/figure>\n\n\n\n<figure class=\"wp-block-image size-large\"><img decoding=\"async\" data-id=\"42825\" src=\"https:\/\/schoenstatt.com\/wp-content\/uploads\/2025\/01\/federacion-de-hombres-argentina-4.jpg\" alt=\"\" class=\"wp-image-42825\"\/><\/figure>\n<\/figure>\n\n\n\n<p>Outro momento importante do dia foi a elei\u00e7\u00e3o do novo dirigente da Uni\u00e3o de Homens na Argentina. Roberto Horat foi eleito para esse cargo, com a ajuda de Mart\u00edn Esquivel e Fernando Gim\u00e9nez como seus colaboradores.<\/p>\n\n\n\n<p>Finalmente, foi anunciado que a cidade do Paran\u00e1 sediar\u00e1 a pr\u00f3xima Jornada da Uni\u00e3o, a ser realizada em novembro de 2025. Essa escolha \u00e9 especialmente significativa, pois est\u00e1 enquadrada no contexto do Jubileu da Igreja e dos 50 anos da b\u00ean\u00e7\u00e3o do Santu\u00e1rio de La Loma.<\/p>\n\n\n\n<figure class=\"wp-block-image size-large\"><img decoding=\"async\" src=\"https:\/\/schoenstatt.com\/wp-content\/uploads\/2025\/01\/federacion-de-hombres-argentina-1024x680.jpg\" alt=\"\" class=\"wp-image-42815\"\/><\/figure>\n\n\n\n<h3 class=\"wp-block-heading\" id=\"h-homens-novos\"><strong>Homens Novos<\/strong><\/h3>\n\n\n\n<p>A funda\u00e7\u00e3o da Uni\u00e3o de Homens da Argentina data de 2015 e tem dado passos de crescimento e amadurecimento, com membros de diferentes prov\u00edncias do pa\u00eds. Somos chamados a construir um novo homem no esp\u00edrito maior da Miss\u00e3o de 31 de maio.<\/p>\n\n\n\n<p>Todos os interessados est\u00e3o convidados a entrar em contato conosco:<\/p>\n\n\n\n<p><strong>Contato<\/strong><\/p>\n\n\n\n<p>Juan Eduardo Villarrasa +54 9 3436 21-1963<br>Patricio Salas +54 9 11 67694628<\/p>\n\n\n\n<p><strong>Tradu\u00e7\u00e3o: <\/strong>Karen Bueno<\/p>\n","protected":false},"excerpt":{"rendered":"<p>A quarta Jornada Anual da Uni\u00e3o dos Homens de Schoenstatt da Argentina: um encontro para fortalecer a f\u00e9 e a fraternidade.<\/p>\n","protected":false},"author":3,"featured_media":42815,"comment_status":"closed","ping_status":"closed","sticky":false,"template":"","format":"standard","meta":{"footnotes":""},"categories":[625,908],"tags":[],"class_list":["post-42833","post","type-post","status-publish","format-standard","has-post-thumbnail","hentry","category-america-pt-pt","category-comunidades-de-schoenstatt-pt-pt"],"yoast_head":"<!-- This site is optimized with the Yoast SEO Premium plugin v27.4 (Yoast SEO v27.4) - https:\/\/yoast.com\/product\/yoast-seo-premium-wordpress\/ -->\n<title>Uni\u00e3o dos Homens da Argentina se re\u00fane em sua Jornada Anual<\/title>\n<meta name=\"description\" content=\"A quarta Jornada Anual da Uni\u00e3o dos Homens de Schoenstatt da Argentina: um encontro para fortalecer a f\u00e9 e a fraternidade.\" \/>\n<meta name=\"robots\" content=\"index, follow, max-snippet:-1, max-image-preview:large, max-video-preview:-1\" \/>\n<link rel=\"canonical\" href=\"https:\/\/schoenstatt.com\/pt-pt\/uniao-dos-homens-da-argentina-se-reune-em-sua-jornada-anual\/\" \/>\n<meta property=\"og:locale\" content=\"pt_PT\" \/>\n<meta property=\"og:type\" content=\"article\" \/>\n<meta property=\"og:title\" content=\"Uni\u00e3o dos Homens da Argentina se re\u00fane em sua Jornada Anual\" \/>\n<meta property=\"og:description\" content=\"A quarta Jornada Anual da Uni\u00e3o dos Homens de Schoenstatt da Argentina: um encontro para fortalecer a f\u00e9 e a fraternidade.\" \/>\n<meta property=\"og:url\" content=\"https:\/\/schoenstatt.com\/pt-pt\/uniao-dos-homens-da-argentina-se-reune-em-sua-jornada-anual\/\" \/>\n<meta property=\"og:site_name\" content=\"Schoenstatt\" \/>\n<meta property=\"article:published_time\" content=\"2025-01-10T11:41:30+00:00\" \/>\n<meta property=\"article:modified_time\" content=\"2025-05-15T22:12:57+00:00\" \/>\n<meta property=\"og:image\" content=\"https:\/\/schoenstatt.com\/wp-content\/uploads\/2025\/01\/federacion-de-hombres-argentina-1.jpg\" \/>\n\t<meta property=\"og:image:width\" content=\"1600\" \/>\n\t<meta property=\"og:image:height\" content=\"1062\" \/>\n\t<meta property=\"og:image:type\" content=\"image\/jpeg\" \/>\n<meta name=\"author\" content=\"Karen Bueno\" \/>\n<meta name=\"twitter:card\" content=\"summary_large_image\" \/>\n<meta name=\"twitter:label1\" content=\"Escrito por\" \/>\n\t<meta name=\"twitter:data1\" content=\"Karen Bueno\" \/>\n\t<meta name=\"twitter:label2\" content=\"Tempo estimado de leitura\" \/>\n\t<meta name=\"twitter:data2\" content=\"3 minutos\" \/>\n<script type=\"application\/ld+json\" class=\"yoast-schema-graph\">{\"@context\":\"https:\\\/\\\/schema.org\",\"@graph\":[{\"@type\":\"Article\",\"@id\":\"https:\\\/\\\/schoenstatt.com\\\/pt-pt\\\/uniao-dos-homens-da-argentina-se-reune-em-sua-jornada-anual\\\/#article\",\"isPartOf\":{\"@id\":\"https:\\\/\\\/schoenstatt.com\\\/pt-pt\\\/uniao-dos-homens-da-argentina-se-reune-em-sua-jornada-anual\\\/\"},\"author\":{\"name\":\"Karen Bueno\",\"@id\":\"https:\\\/\\\/schoenstatt.com\\\/pt-pt\\\/#\\\/schema\\\/person\\\/5158877ad4acae98b34daaeef2a1ce6e\"},\"headline\":\"Uni\u00e3o dos Homens da Argentina se re\u00fane em sua Jornada Anual\",\"datePublished\":\"2025-01-10T11:41:30+00:00\",\"dateModified\":\"2025-05-15T22:12:57+00:00\",\"mainEntityOfPage\":{\"@id\":\"https:\\\/\\\/schoenstatt.com\\\/pt-pt\\\/uniao-dos-homens-da-argentina-se-reune-em-sua-jornada-anual\\\/\"},\"wordCount\":443,\"publisher\":{\"@id\":\"https:\\\/\\\/schoenstatt.com\\\/pt-pt\\\/#organization\"},\"image\":{\"@id\":\"https:\\\/\\\/schoenstatt.com\\\/pt-pt\\\/uniao-dos-homens-da-argentina-se-reune-em-sua-jornada-anual\\\/#primaryimage\"},\"thumbnailUrl\":\"https:\\\/\\\/schoenstatt.com\\\/wp-content\\\/uploads\\\/2025\\\/01\\\/federacion-de-hombres-argentina-1.jpg\",\"articleSection\":[\"Am\u00e9rica\",\"Comunidades de Schoenstatt\"],\"inLanguage\":\"pt-PT\"},{\"@type\":\"WebPage\",\"@id\":\"https:\\\/\\\/schoenstatt.com\\\/pt-pt\\\/uniao-dos-homens-da-argentina-se-reune-em-sua-jornada-anual\\\/\",\"url\":\"https:\\\/\\\/schoenstatt.com\\\/pt-pt\\\/uniao-dos-homens-da-argentina-se-reune-em-sua-jornada-anual\\\/\",\"name\":\"Uni\u00e3o dos Homens da Argentina se re\u00fane em sua Jornada Anual\",\"isPartOf\":{\"@id\":\"https:\\\/\\\/schoenstatt.com\\\/pt-pt\\\/#website\"},\"primaryImageOfPage\":{\"@id\":\"https:\\\/\\\/schoenstatt.com\\\/pt-pt\\\/uniao-dos-homens-da-argentina-se-reune-em-sua-jornada-anual\\\/#primaryimage\"},\"image\":{\"@id\":\"https:\\\/\\\/schoenstatt.com\\\/pt-pt\\\/uniao-dos-homens-da-argentina-se-reune-em-sua-jornada-anual\\\/#primaryimage\"},\"thumbnailUrl\":\"https:\\\/\\\/schoenstatt.com\\\/wp-content\\\/uploads\\\/2025\\\/01\\\/federacion-de-hombres-argentina-1.jpg\",\"datePublished\":\"2025-01-10T11:41:30+00:00\",\"dateModified\":\"2025-05-15T22:12:57+00:00\",\"description\":\"A quarta Jornada Anual da Uni\u00e3o dos Homens de Schoenstatt da Argentina: um encontro para fortalecer a f\u00e9 e a fraternidade.\",\"breadcrumb\":{\"@id\":\"https:\\\/\\\/schoenstatt.com\\\/pt-pt\\\/uniao-dos-homens-da-argentina-se-reune-em-sua-jornada-anual\\\/#breadcrumb\"},\"inLanguage\":\"pt-PT\",\"potentialAction\":[{\"@type\":\"ReadAction\",\"target\":[\"https:\\\/\\\/schoenstatt.com\\\/pt-pt\\\/uniao-dos-homens-da-argentina-se-reune-em-sua-jornada-anual\\\/\"]}]},{\"@type\":\"ImageObject\",\"inLanguage\":\"pt-PT\",\"@id\":\"https:\\\/\\\/schoenstatt.com\\\/pt-pt\\\/uniao-dos-homens-da-argentina-se-reune-em-sua-jornada-anual\\\/#primaryimage\",\"url\":\"https:\\\/\\\/schoenstatt.com\\\/wp-content\\\/uploads\\\/2025\\\/01\\\/federacion-de-hombres-argentina-1.jpg\",\"contentUrl\":\"https:\\\/\\\/schoenstatt.com\\\/wp-content\\\/uploads\\\/2025\\\/01\\\/federacion-de-hombres-argentina-1.jpg\",\"width\":1600,\"height\":1062},{\"@type\":\"BreadcrumbList\",\"@id\":\"https:\\\/\\\/schoenstatt.com\\\/pt-pt\\\/uniao-dos-homens-da-argentina-se-reune-em-sua-jornada-anual\\\/#breadcrumb\",\"itemListElement\":[{\"@type\":\"ListItem\",\"position\":1,\"name\":\"Portada\",\"item\":\"https:\\\/\\\/schoenstatt.com\\\/pt-pt\\\/home\\\/\"},{\"@type\":\"ListItem\",\"position\":2,\"name\":\"Uni\u00e3o dos Homens da Argentina se re\u00fane em sua Jornada Anual\"}]},{\"@type\":\"WebSite\",\"@id\":\"https:\\\/\\\/schoenstatt.com\\\/pt-pt\\\/#website\",\"url\":\"https:\\\/\\\/schoenstatt.com\\\/pt-pt\\\/\",\"name\":\"Schoenstatt\",\"description\":\"Apostolic Movement\",\"publisher\":{\"@id\":\"https:\\\/\\\/schoenstatt.com\\\/pt-pt\\\/#organization\"},\"potentialAction\":[{\"@type\":\"SearchAction\",\"target\":{\"@type\":\"EntryPoint\",\"urlTemplate\":\"https:\\\/\\\/schoenstatt.com\\\/pt-pt\\\/?s={search_term_string}\"},\"query-input\":{\"@type\":\"PropertyValueSpecification\",\"valueRequired\":true,\"valueName\":\"search_term_string\"}}],\"inLanguage\":\"pt-PT\"},{\"@type\":\"Organization\",\"@id\":\"https:\\\/\\\/schoenstatt.com\\\/pt-pt\\\/#organization\",\"name\":\"Schoenstatt\",\"url\":\"https:\\\/\\\/schoenstatt.com\\\/pt-pt\\\/\",\"logo\":{\"@type\":\"ImageObject\",\"inLanguage\":\"pt-PT\",\"@id\":\"https:\\\/\\\/schoenstatt.com\\\/pt-pt\\\/#\\\/schema\\\/logo\\\/image\\\/\",\"url\":\"https:\\\/\\\/schoenstatt.com\\\/wp-content\\\/uploads\\\/2025\\\/04\\\/logo-schoenstatt-white-696x696-1.png\",\"contentUrl\":\"https:\\\/\\\/schoenstatt.com\\\/wp-content\\\/uploads\\\/2025\\\/04\\\/logo-schoenstatt-white-696x696-1.png\",\"width\":696,\"height\":694,\"caption\":\"Schoenstatt\"},\"image\":{\"@id\":\"https:\\\/\\\/schoenstatt.com\\\/pt-pt\\\/#\\\/schema\\\/logo\\\/image\\\/\"}},{\"@type\":\"Person\",\"@id\":\"https:\\\/\\\/schoenstatt.com\\\/pt-pt\\\/#\\\/schema\\\/person\\\/5158877ad4acae98b34daaeef2a1ce6e\",\"name\":\"Karen Bueno\",\"image\":{\"@type\":\"ImageObject\",\"inLanguage\":\"pt-PT\",\"@id\":\"https:\\\/\\\/secure.gravatar.com\\\/avatar\\\/f9f4b823873154269d2b2130f195f6d41037dd0d7fc5f3cacb5c846bae70d66b?s=96&d=mm&r=g\",\"url\":\"https:\\\/\\\/secure.gravatar.com\\\/avatar\\\/f9f4b823873154269d2b2130f195f6d41037dd0d7fc5f3cacb5c846bae70d66b?s=96&d=mm&r=g\",\"contentUrl\":\"https:\\\/\\\/secure.gravatar.com\\\/avatar\\\/f9f4b823873154269d2b2130f195f6d41037dd0d7fc5f3cacb5c846bae70d66b?s=96&d=mm&r=g\",\"caption\":\"Karen Bueno\"},\"url\":\"https:\\\/\\\/schoenstatt.com\\\/pt-pt\\\/author\\\/karen-bueno\\\/\"}]}<\/script>\n<!-- \/ Yoast SEO Premium plugin. -->","yoast_head_json":{"title":"Uni\u00e3o dos Homens da Argentina se re\u00fane em sua Jornada Anual","description":"A quarta Jornada Anual da Uni\u00e3o dos Homens de Schoenstatt da Argentina: um encontro para fortalecer a f\u00e9 e a fraternidade.","robots":{"index":"index","follow":"follow","max-snippet":"max-snippet:-1","max-image-preview":"max-image-preview:large","max-video-preview":"max-video-preview:-1"},"canonical":"https:\/\/schoenstatt.com\/pt-pt\/uniao-dos-homens-da-argentina-se-reune-em-sua-jornada-anual\/","og_locale":"pt_PT","og_type":"article","og_title":"Uni\u00e3o dos Homens da Argentina se re\u00fane em sua Jornada Anual","og_description":"A quarta Jornada Anual da Uni\u00e3o dos Homens de Schoenstatt da Argentina: um encontro para fortalecer a f\u00e9 e a fraternidade.","og_url":"https:\/\/schoenstatt.com\/pt-pt\/uniao-dos-homens-da-argentina-se-reune-em-sua-jornada-anual\/","og_site_name":"Schoenstatt","article_published_time":"2025-01-10T11:41:30+00:00","article_modified_time":"2025-05-15T22:12:57+00:00","og_image":[{"width":1600,"height":1062,"url":"https:\/\/schoenstatt.com\/wp-content\/uploads\/2025\/01\/federacion-de-hombres-argentina-1.jpg","type":"image\/jpeg"}],"author":"Karen Bueno","twitter_card":"summary_large_image","twitter_misc":{"Escrito por":"Karen Bueno","Tempo estimado de leitura":"3 minutos"},"schema":{"@context":"https:\/\/schema.org","@graph":[{"@type":"Article","@id":"https:\/\/schoenstatt.com\/pt-pt\/uniao-dos-homens-da-argentina-se-reune-em-sua-jornada-anual\/#article","isPartOf":{"@id":"https:\/\/schoenstatt.com\/pt-pt\/uniao-dos-homens-da-argentina-se-reune-em-sua-jornada-anual\/"},"author":{"name":"Karen Bueno","@id":"https:\/\/schoenstatt.com\/pt-pt\/#\/schema\/person\/5158877ad4acae98b34daaeef2a1ce6e"},"headline":"Uni\u00e3o dos Homens da Argentina se re\u00fane em sua Jornada Anual","datePublished":"2025-01-10T11:41:30+00:00","dateModified":"2025-05-15T22:12:57+00:00","mainEntityOfPage":{"@id":"https:\/\/schoenstatt.com\/pt-pt\/uniao-dos-homens-da-argentina-se-reune-em-sua-jornada-anual\/"},"wordCount":443,"publisher":{"@id":"https:\/\/schoenstatt.com\/pt-pt\/#organization"},"image":{"@id":"https:\/\/schoenstatt.com\/pt-pt\/uniao-dos-homens-da-argentina-se-reune-em-sua-jornada-anual\/#primaryimage"},"thumbnailUrl":"https:\/\/schoenstatt.com\/wp-content\/uploads\/2025\/01\/federacion-de-hombres-argentina-1.jpg","articleSection":["Am\u00e9rica","Comunidades de Schoenstatt"],"inLanguage":"pt-PT"},{"@type":"WebPage","@id":"https:\/\/schoenstatt.com\/pt-pt\/uniao-dos-homens-da-argentina-se-reune-em-sua-jornada-anual\/","url":"https:\/\/schoenstatt.com\/pt-pt\/uniao-dos-homens-da-argentina-se-reune-em-sua-jornada-anual\/","name":"Uni\u00e3o dos Homens da Argentina se re\u00fane em sua Jornada Anual","isPartOf":{"@id":"https:\/\/schoenstatt.com\/pt-pt\/#website"},"primaryImageOfPage":{"@id":"https:\/\/schoenstatt.com\/pt-pt\/uniao-dos-homens-da-argentina-se-reune-em-sua-jornada-anual\/#primaryimage"},"image":{"@id":"https:\/\/schoenstatt.com\/pt-pt\/uniao-dos-homens-da-argentina-se-reune-em-sua-jornada-anual\/#primaryimage"},"thumbnailUrl":"https:\/\/schoenstatt.com\/wp-content\/uploads\/2025\/01\/federacion-de-hombres-argentina-1.jpg","datePublished":"2025-01-10T11:41:30+00:00","dateModified":"2025-05-15T22:12:57+00:00","description":"A quarta Jornada Anual da Uni\u00e3o dos Homens de Schoenstatt da Argentina: um encontro para fortalecer a f\u00e9 e a fraternidade.","breadcrumb":{"@id":"https:\/\/schoenstatt.com\/pt-pt\/uniao-dos-homens-da-argentina-se-reune-em-sua-jornada-anual\/#breadcrumb"},"inLanguage":"pt-PT","potentialAction":[{"@type":"ReadAction","target":["https:\/\/schoenstatt.com\/pt-pt\/uniao-dos-homens-da-argentina-se-reune-em-sua-jornada-anual\/"]}]},{"@type":"ImageObject","inLanguage":"pt-PT","@id":"https:\/\/schoenstatt.com\/pt-pt\/uniao-dos-homens-da-argentina-se-reune-em-sua-jornada-anual\/#primaryimage","url":"https:\/\/schoenstatt.com\/wp-content\/uploads\/2025\/01\/federacion-de-hombres-argentina-1.jpg","contentUrl":"https:\/\/schoenstatt.com\/wp-content\/uploads\/2025\/01\/federacion-de-hombres-argentina-1.jpg","width":1600,"height":1062},{"@type":"BreadcrumbList","@id":"https:\/\/schoenstatt.com\/pt-pt\/uniao-dos-homens-da-argentina-se-reune-em-sua-jornada-anual\/#breadcrumb","itemListElement":[{"@type":"ListItem","position":1,"name":"Portada","item":"https:\/\/schoenstatt.com\/pt-pt\/home\/"},{"@type":"ListItem","position":2,"name":"Uni\u00e3o dos Homens da Argentina se re\u00fane em sua Jornada Anual"}]},{"@type":"WebSite","@id":"https:\/\/schoenstatt.com\/pt-pt\/#website","url":"https:\/\/schoenstatt.com\/pt-pt\/","name":"Schoenstatt","description":"Apostolic Movement","publisher":{"@id":"https:\/\/schoenstatt.com\/pt-pt\/#organization"},"potentialAction":[{"@type":"SearchAction","target":{"@type":"EntryPoint","urlTemplate":"https:\/\/schoenstatt.com\/pt-pt\/?s={search_term_string}"},"query-input":{"@type":"PropertyValueSpecification","valueRequired":true,"valueName":"search_term_string"}}],"inLanguage":"pt-PT"},{"@type":"Organization","@id":"https:\/\/schoenstatt.com\/pt-pt\/#organization","name":"Schoenstatt","url":"https:\/\/schoenstatt.com\/pt-pt\/","logo":{"@type":"ImageObject","inLanguage":"pt-PT","@id":"https:\/\/schoenstatt.com\/pt-pt\/#\/schema\/logo\/image\/","url":"https:\/\/schoenstatt.com\/wp-content\/uploads\/2025\/04\/logo-schoenstatt-white-696x696-1.png","contentUrl":"https:\/\/schoenstatt.com\/wp-content\/uploads\/2025\/04\/logo-schoenstatt-white-696x696-1.png","width":696,"height":694,"caption":"Schoenstatt"},"image":{"@id":"https:\/\/schoenstatt.com\/pt-pt\/#\/schema\/logo\/image\/"}},{"@type":"Person","@id":"https:\/\/schoenstatt.com\/pt-pt\/#\/schema\/person\/5158877ad4acae98b34daaeef2a1ce6e","name":"Karen Bueno","image":{"@type":"ImageObject","inLanguage":"pt-PT","@id":"https:\/\/secure.gravatar.com\/avatar\/f9f4b823873154269d2b2130f195f6d41037dd0d7fc5f3cacb5c846bae70d66b?s=96&d=mm&r=g","url":"https:\/\/secure.gravatar.com\/avatar\/f9f4b823873154269d2b2130f195f6d41037dd0d7fc5f3cacb5c846bae70d66b?s=96&d=mm&r=g","contentUrl":"https:\/\/secure.gravatar.com\/avatar\/f9f4b823873154269d2b2130f195f6d41037dd0d7fc5f3cacb5c846bae70d66b?s=96&d=mm&r=g","caption":"Karen Bueno"},"url":"https:\/\/schoenstatt.com\/pt-pt\/author\/karen-bueno\/"}]}},"_links":{"self":[{"href":"https:\/\/schoenstatt.com\/pt-pt\/wp-json\/wp\/v2\/posts\/42833","targetHints":{"allow":["GET"]}}],"collection":[{"href":"https:\/\/schoenstatt.com\/pt-pt\/wp-json\/wp\/v2\/posts"}],"about":[{"href":"https:\/\/schoenstatt.com\/pt-pt\/wp-json\/wp\/v2\/types\/post"}],"author":[{"embeddable":true,"href":"https:\/\/schoenstatt.com\/pt-pt\/wp-json\/wp\/v2\/users\/3"}],"replies":[{"embeddable":true,"href":"https:\/\/schoenstatt.com\/pt-pt\/wp-json\/wp\/v2\/comments?post=42833"}],"version-history":[{"count":1,"href":"https:\/\/schoenstatt.com\/pt-pt\/wp-json\/wp\/v2\/posts\/42833\/revisions"}],"predecessor-version":[{"id":47262,"href":"https:\/\/schoenstatt.com\/pt-pt\/wp-json\/wp\/v2\/posts\/42833\/revisions\/47262"}],"wp:featuredmedia":[{"embeddable":true,"href":"https:\/\/schoenstatt.com\/pt-pt\/wp-json\/wp\/v2\/media\/42815"}],"wp:attachment":[{"href":"https:\/\/schoenstatt.com\/pt-pt\/wp-json\/wp\/v2\/media?parent=42833"}],"wp:term":[{"taxonomy":"category","embeddable":true,"href":"https:\/\/schoenstatt.com\/pt-pt\/wp-json\/wp\/v2\/categories?post=42833"},{"taxonomy":"post_tag","embeddable":true,"href":"https:\/\/schoenstatt.com\/pt-pt\/wp-json\/wp\/v2\/tags?post=42833"}],"curies":[{"name":"wp","href":"https:\/\/api.w.org\/{rel}","templated":true}]}}