{"id":42785,"date":"2025-01-07T03:03:00","date_gmt":"2025-01-07T02:03:00","guid":{"rendered":"https:\/\/schoenstatt.com\/?p=42785"},"modified":"2025-05-16T00:52:22","modified_gmt":"2025-05-15T22:52:22","slug":"encerrando-o-ano-com-uniao-e-esperanca-na-praia","status":"publish","type":"post","link":"https:\/\/schoenstatt.com\/pt-pt\/encerrando-o-ano-com-uniao-e-esperanca-na-praia\/","title":{"rendered":"Encerrando o ano com uni\u00e3o e esperan\u00e7a&#8230; na praia"},"content":{"rendered":"\n<p>Em 28 de dezembro de 2024, na <a href=\"https:\/\/pt.wikipedia.org\/wiki\/Massacre_dos_Inocentes\" target=\"_blank\" rel=\"noreferrer noopener\">Festa dos Santos Inocentes<\/a>, a Fam\u00edlia de Schoenstatt de Lagos, na Nig\u00e9ria, se reuniu para um memor\u00e1vel passeio na praia, encerrando o ano com f\u00e9 e uma divertida comunh\u00e3o. Os 54 participantes inclu\u00edam 11 fam\u00edlias, inclusive crian\u00e7as e familiares.<\/p>\n\n\n\n<figure class=\"wp-block-image size-large\"><img decoding=\"async\" src=\"https:\/\/schoenstatt.com\/wp-content\/uploads\/2025\/01\/schoenstatt-family-nigeria-beach-playa-mar-2024-c-1024x680.jpg\" alt=\"\" class=\"wp-image-42769\"\/><\/figure>\n\n\n\n<p>O encontro come\u00e7ou com a Santa Missa \u00e0s 12 horas na Capela da Igreja Cat\u00f3lica Stella Maris, Beach Road, Ogombo, estado de Lagos. O Pe. Jude Eze, ISch, assessor local do Movimento de Schoenstatt, celebrou a missa, que deu um tom espiritual profundo para o dia.<\/p>\n\n\n\n<p>Em sua homilia, o Pe. Jude destacou o significado dos Santos Inocentes, cujo mart\u00edrio nos lembra da sacralidade da vida e da responsabilidade de proteger o que Deus nos confiou. Ele contrastou a resposta ego\u00edsta e destrutiva de Herodes \u00e0 vinda de Cristo com a confian\u00e7a da Sagrada Fam\u00edlia na provid\u00eancia de Deus.<\/p>\n\n\n\n<p>\u201cPara voc\u00eas, queridas fam\u00edlias\u201d, disse o Pe. Jude, \u201ca festa dos Santos Inocentes convida a refletir sobre a voca\u00e7\u00e3o de defender o dom sagrado do matrim\u00f4nio e da fam\u00edlia. Como S\u00e3o Jos\u00e9, que se levantou para proteger sua fam\u00edlia, voc\u00eas tamb\u00e9m s\u00e3o chamados a se levantar todos os dias para proteger seus relacionamentos de tudo o que amea\u00e7a o amor, a unidade e a santidade\u201d.<\/p>\n\n\n\n<p>Ele enfatizou tr\u00eas pontos-chave:<\/p>\n\n\n\n<p><strong>O matrim\u00f4nio como uma luz na escurid\u00e3o:<\/strong> Os casais s\u00e3o chamados a ser far\u00f3is do amor de Deus, irradiando bondade, perd\u00e3o e alegria em um mundo obscurecido por relacionamentos desfeitos.<\/p>\n\n\n\n<p><strong>Proteger o sagrado: <\/strong>as distra\u00e7\u00f5es e os desafios modernos podem minar a santidade da vida familiar. O Pe. Jude incentivou as fam\u00edlias a confiar na gra\u00e7a de Deus, abra\u00e7ar a ora\u00e7\u00e3o e manter uma comunica\u00e7\u00e3o aberta.<\/p>\n\n\n\n<p><strong>A b\u00ean\u00e7\u00e3o da inoc\u00eancia: <\/strong>Os casais foram incentivados a redescobrir a pureza e a maravilha de seu amor inicial, concentrando-se na gratid\u00e3o e no apre\u00e7o m\u00fatuo, e n\u00e3o nas falhas.<\/p>\n\n\n\n<figure class=\"wp-block-image size-large\"><img decoding=\"async\" src=\"https:\/\/schoenstatt.com\/wp-content\/uploads\/2025\/01\/schoenstatt-family-nigeria-beach-playa-mar-2024-b-1024x770.jpg\" alt=\"\" class=\"wp-image-42773\"\/><\/figure>\n\n\n\n<h3 class=\"wp-block-heading\" id=\"h-uma-tarde-de-diversao-e-companheirismo\">Uma tarde de divers\u00e3o e companheirismo<\/h3>\n\n\n\n<p>Ap\u00f3s a missa, as fam\u00edlias foram para a tranquila praia, vivendo um momento de relaxamento e uni\u00e3o. Foi um prazer observar as crian\u00e7as construindo castelos de areia, brincando e correndo livremente \u00e0 beira do mar. Os adultos se envolveram em conversas amig\u00e1veis, risadas e jogos em grupo, que promoveram um senso de vincula\u00e7\u00e3o.<\/p>\n\n\n\n<p>Um ponto alto do passeio foi a refei\u00e7\u00e3o compartilhada, onde todos contribu\u00edram com pratos, criando um mini banquete que refletia a diversidade e a riqueza da Fam\u00edlia de Schoenstatt. De refei\u00e7\u00f5es tradicionais nigerianas a guloseimas festivas, foi uma celebra\u00e7\u00e3o culin\u00e1ria da unidade.<\/p>\n\n\n\n<h3 class=\"wp-block-heading\" id=\"h-encerrando-o-ano-em-unidade-e-esperanca\"><strong>Encerrando o ano em unidade e esperan\u00e7a<\/strong><\/h3>\n\n\n\n<p>\u201cEste passeio encarna maravilhosamente a nossa miss\u00e3o de Schoenstatt, uma fam\u00edlia em alian\u00e7a unida na f\u00e9, caminhando juntos com esperan\u00e7a e confian\u00e7a na Divina Provid\u00eancia\u201d, disse o Pe. Jude.<\/p>\n\n\n\n<figure class=\"wp-block-image size-full\"><img decoding=\"async\" src=\"https:\/\/schoenstatt.com\/wp-content\/uploads\/2025\/01\/schoenstatt-family-nigeria-beach-playa-mar-2024-d.jpg\" alt=\"\" class=\"wp-image-42777\"\/><\/figure>\n\n\n\n<p>Enquanto o sol se punha abaixo do horizonte, a reuni\u00e3o terminou com os cora\u00e7\u00f5es cheios de gratid\u00e3o e alegria. Esse passeio na praia n\u00e3o foi apenas um evento; foi um testemunho do compromisso compartilhado da Fam\u00edlia de Schoenstatt com a f\u00e9, a fam\u00edlia e a comunidade.<\/p>\n\n\n\n<p>Olhando para o futuro, a Fam\u00edlia de Schoenstatt de Lagos abra\u00e7a o Ano Novo com renovada esperan\u00e7a, inspirada a caminhar com Deus e com a M\u00e3e, Rainha e Vencedora Tr\u00eas Vezes Admir\u00e1vel de Schoenstatt.<\/p>\n\n\n\n<p><strong>Tradu\u00e7\u00e3o:<\/strong> Karen Bueno<\/p>\n","protected":false},"excerpt":{"rendered":"<p>Um alegre encontro: Os grupos de fam\u00edlias de Schoenstatt em Lagos, Nig\u00e9ria, celebram o final do ano com um passeio na praia.<\/p>\n","protected":false},"author":3,"featured_media":42781,"comment_status":"closed","ping_status":"closed","sticky":false,"template":"","format":"standard","meta":{"footnotes":""},"categories":[862,876],"tags":[],"class_list":["post-42785","post","type-post","status-publish","format-standard","has-post-thumbnail","hentry","category-africa-pt-pt","category-familia-pt-pt"],"yoast_head":"<!-- This site is optimized with the Yoast SEO Premium plugin v27.4 (Yoast SEO v27.4) - https:\/\/yoast.com\/product\/yoast-seo-premium-wordpress\/ -->\n<title>Encerrando o ano com uni\u00e3o e esperan\u00e7a... na praia - Schoenstatt<\/title>\n<meta name=\"description\" content=\"Um alegre encontro: Os grupos de fam\u00edlias de Schoenstatt em Lagos, Nig\u00e9ria, celebram o final do ano com um passeio na praia.\" \/>\n<meta name=\"robots\" content=\"index, follow, max-snippet:-1, max-image-preview:large, max-video-preview:-1\" \/>\n<link rel=\"canonical\" href=\"https:\/\/schoenstatt.com\/pt-pt\/encerrando-o-ano-com-uniao-e-esperanca-na-praia\/\" \/>\n<meta property=\"og:locale\" content=\"pt_PT\" \/>\n<meta property=\"og:type\" content=\"article\" \/>\n<meta property=\"og:title\" content=\"Encerrando o ano com uni\u00e3o e esperan\u00e7a... na praia\" \/>\n<meta property=\"og:description\" content=\"Um alegre encontro: Os grupos de fam\u00edlias de Schoenstatt em Lagos, Nig\u00e9ria, celebram o final do ano com um passeio na praia.\" \/>\n<meta property=\"og:url\" content=\"https:\/\/schoenstatt.com\/pt-pt\/encerrando-o-ano-com-uniao-e-esperanca-na-praia\/\" \/>\n<meta property=\"og:site_name\" content=\"Schoenstatt\" \/>\n<meta property=\"article:published_time\" content=\"2025-01-07T02:03:00+00:00\" \/>\n<meta property=\"article:modified_time\" content=\"2025-05-15T22:52:22+00:00\" \/>\n<meta property=\"og:image\" content=\"https:\/\/schoenstatt.com\/wp-content\/uploads\/2025\/01\/schoenstatt-family-nigeria-beach-playa-mar-2024-1.jpg\" \/>\n\t<meta property=\"og:image:width\" content=\"2048\" \/>\n\t<meta property=\"og:image:height\" content=\"1487\" \/>\n\t<meta property=\"og:image:type\" content=\"image\/jpeg\" \/>\n<meta name=\"author\" content=\"Karen Bueno\" \/>\n<meta name=\"twitter:card\" content=\"summary_large_image\" \/>\n<meta name=\"twitter:label1\" content=\"Escrito por\" \/>\n\t<meta name=\"twitter:data1\" content=\"Karen Bueno\" \/>\n\t<meta name=\"twitter:label2\" content=\"Tempo estimado de leitura\" \/>\n\t<meta name=\"twitter:data2\" content=\"4 minutos\" \/>\n<script type=\"application\/ld+json\" class=\"yoast-schema-graph\">{\"@context\":\"https:\\\/\\\/schema.org\",\"@graph\":[{\"@type\":\"Article\",\"@id\":\"https:\\\/\\\/schoenstatt.com\\\/pt-pt\\\/encerrando-o-ano-com-uniao-e-esperanca-na-praia\\\/#article\",\"isPartOf\":{\"@id\":\"https:\\\/\\\/schoenstatt.com\\\/pt-pt\\\/encerrando-o-ano-com-uniao-e-esperanca-na-praia\\\/\"},\"author\":{\"name\":\"Karen Bueno\",\"@id\":\"https:\\\/\\\/schoenstatt.com\\\/pt-pt\\\/#\\\/schema\\\/person\\\/5158877ad4acae98b34daaeef2a1ce6e\"},\"headline\":\"Encerrando o ano com uni\u00e3o e esperan\u00e7a&#8230; na praia\",\"datePublished\":\"2025-01-07T02:03:00+00:00\",\"dateModified\":\"2025-05-15T22:52:22+00:00\",\"mainEntityOfPage\":{\"@id\":\"https:\\\/\\\/schoenstatt.com\\\/pt-pt\\\/encerrando-o-ano-com-uniao-e-esperanca-na-praia\\\/\"},\"wordCount\":611,\"publisher\":{\"@id\":\"https:\\\/\\\/schoenstatt.com\\\/pt-pt\\\/#organization\"},\"image\":{\"@id\":\"https:\\\/\\\/schoenstatt.com\\\/pt-pt\\\/encerrando-o-ano-com-uniao-e-esperanca-na-praia\\\/#primaryimage\"},\"thumbnailUrl\":\"https:\\\/\\\/schoenstatt.com\\\/wp-content\\\/uploads\\\/2025\\\/01\\\/schoenstatt-family-nigeria-beach-playa-mar-2024-1.jpg\",\"articleSection\":[\"\u00c1frica\",\"Fam\u00edlia\"],\"inLanguage\":\"pt-PT\"},{\"@type\":\"WebPage\",\"@id\":\"https:\\\/\\\/schoenstatt.com\\\/pt-pt\\\/encerrando-o-ano-com-uniao-e-esperanca-na-praia\\\/\",\"url\":\"https:\\\/\\\/schoenstatt.com\\\/pt-pt\\\/encerrando-o-ano-com-uniao-e-esperanca-na-praia\\\/\",\"name\":\"Encerrando o ano com uni\u00e3o e esperan\u00e7a... na praia - Schoenstatt\",\"isPartOf\":{\"@id\":\"https:\\\/\\\/schoenstatt.com\\\/pt-pt\\\/#website\"},\"primaryImageOfPage\":{\"@id\":\"https:\\\/\\\/schoenstatt.com\\\/pt-pt\\\/encerrando-o-ano-com-uniao-e-esperanca-na-praia\\\/#primaryimage\"},\"image\":{\"@id\":\"https:\\\/\\\/schoenstatt.com\\\/pt-pt\\\/encerrando-o-ano-com-uniao-e-esperanca-na-praia\\\/#primaryimage\"},\"thumbnailUrl\":\"https:\\\/\\\/schoenstatt.com\\\/wp-content\\\/uploads\\\/2025\\\/01\\\/schoenstatt-family-nigeria-beach-playa-mar-2024-1.jpg\",\"datePublished\":\"2025-01-07T02:03:00+00:00\",\"dateModified\":\"2025-05-15T22:52:22+00:00\",\"description\":\"Um alegre encontro: Os grupos de fam\u00edlias de Schoenstatt em Lagos, Nig\u00e9ria, celebram o final do ano com um passeio na praia.\",\"breadcrumb\":{\"@id\":\"https:\\\/\\\/schoenstatt.com\\\/pt-pt\\\/encerrando-o-ano-com-uniao-e-esperanca-na-praia\\\/#breadcrumb\"},\"inLanguage\":\"pt-PT\",\"potentialAction\":[{\"@type\":\"ReadAction\",\"target\":[\"https:\\\/\\\/schoenstatt.com\\\/pt-pt\\\/encerrando-o-ano-com-uniao-e-esperanca-na-praia\\\/\"]}]},{\"@type\":\"ImageObject\",\"inLanguage\":\"pt-PT\",\"@id\":\"https:\\\/\\\/schoenstatt.com\\\/pt-pt\\\/encerrando-o-ano-com-uniao-e-esperanca-na-praia\\\/#primaryimage\",\"url\":\"https:\\\/\\\/schoenstatt.com\\\/wp-content\\\/uploads\\\/2025\\\/01\\\/schoenstatt-family-nigeria-beach-playa-mar-2024-1.jpg\",\"contentUrl\":\"https:\\\/\\\/schoenstatt.com\\\/wp-content\\\/uploads\\\/2025\\\/01\\\/schoenstatt-family-nigeria-beach-playa-mar-2024-1.jpg\",\"width\":2048,\"height\":1487},{\"@type\":\"BreadcrumbList\",\"@id\":\"https:\\\/\\\/schoenstatt.com\\\/pt-pt\\\/encerrando-o-ano-com-uniao-e-esperanca-na-praia\\\/#breadcrumb\",\"itemListElement\":[{\"@type\":\"ListItem\",\"position\":1,\"name\":\"Portada\",\"item\":\"https:\\\/\\\/schoenstatt.com\\\/pt-pt\\\/home\\\/\"},{\"@type\":\"ListItem\",\"position\":2,\"name\":\"Encerrando o ano com uni\u00e3o e esperan\u00e7a&#8230; na praia\"}]},{\"@type\":\"WebSite\",\"@id\":\"https:\\\/\\\/schoenstatt.com\\\/pt-pt\\\/#website\",\"url\":\"https:\\\/\\\/schoenstatt.com\\\/pt-pt\\\/\",\"name\":\"Schoenstatt\",\"description\":\"Apostolic Movement\",\"publisher\":{\"@id\":\"https:\\\/\\\/schoenstatt.com\\\/pt-pt\\\/#organization\"},\"potentialAction\":[{\"@type\":\"SearchAction\",\"target\":{\"@type\":\"EntryPoint\",\"urlTemplate\":\"https:\\\/\\\/schoenstatt.com\\\/pt-pt\\\/?s={search_term_string}\"},\"query-input\":{\"@type\":\"PropertyValueSpecification\",\"valueRequired\":true,\"valueName\":\"search_term_string\"}}],\"inLanguage\":\"pt-PT\"},{\"@type\":\"Organization\",\"@id\":\"https:\\\/\\\/schoenstatt.com\\\/pt-pt\\\/#organization\",\"name\":\"Schoenstatt\",\"url\":\"https:\\\/\\\/schoenstatt.com\\\/pt-pt\\\/\",\"logo\":{\"@type\":\"ImageObject\",\"inLanguage\":\"pt-PT\",\"@id\":\"https:\\\/\\\/schoenstatt.com\\\/pt-pt\\\/#\\\/schema\\\/logo\\\/image\\\/\",\"url\":\"https:\\\/\\\/schoenstatt.com\\\/wp-content\\\/uploads\\\/2025\\\/04\\\/logo-schoenstatt-white-696x696-1.png\",\"contentUrl\":\"https:\\\/\\\/schoenstatt.com\\\/wp-content\\\/uploads\\\/2025\\\/04\\\/logo-schoenstatt-white-696x696-1.png\",\"width\":696,\"height\":694,\"caption\":\"Schoenstatt\"},\"image\":{\"@id\":\"https:\\\/\\\/schoenstatt.com\\\/pt-pt\\\/#\\\/schema\\\/logo\\\/image\\\/\"}},{\"@type\":\"Person\",\"@id\":\"https:\\\/\\\/schoenstatt.com\\\/pt-pt\\\/#\\\/schema\\\/person\\\/5158877ad4acae98b34daaeef2a1ce6e\",\"name\":\"Karen Bueno\",\"image\":{\"@type\":\"ImageObject\",\"inLanguage\":\"pt-PT\",\"@id\":\"https:\\\/\\\/secure.gravatar.com\\\/avatar\\\/f9f4b823873154269d2b2130f195f6d41037dd0d7fc5f3cacb5c846bae70d66b?s=96&d=mm&r=g\",\"url\":\"https:\\\/\\\/secure.gravatar.com\\\/avatar\\\/f9f4b823873154269d2b2130f195f6d41037dd0d7fc5f3cacb5c846bae70d66b?s=96&d=mm&r=g\",\"contentUrl\":\"https:\\\/\\\/secure.gravatar.com\\\/avatar\\\/f9f4b823873154269d2b2130f195f6d41037dd0d7fc5f3cacb5c846bae70d66b?s=96&d=mm&r=g\",\"caption\":\"Karen Bueno\"},\"url\":\"https:\\\/\\\/schoenstatt.com\\\/pt-pt\\\/author\\\/karen-bueno\\\/\"}]}<\/script>\n<!-- \/ Yoast SEO Premium plugin. -->","yoast_head_json":{"title":"Encerrando o ano com uni\u00e3o e esperan\u00e7a... na praia - Schoenstatt","description":"Um alegre encontro: Os grupos de fam\u00edlias de Schoenstatt em Lagos, Nig\u00e9ria, celebram o final do ano com um passeio na praia.","robots":{"index":"index","follow":"follow","max-snippet":"max-snippet:-1","max-image-preview":"max-image-preview:large","max-video-preview":"max-video-preview:-1"},"canonical":"https:\/\/schoenstatt.com\/pt-pt\/encerrando-o-ano-com-uniao-e-esperanca-na-praia\/","og_locale":"pt_PT","og_type":"article","og_title":"Encerrando o ano com uni\u00e3o e esperan\u00e7a... na praia","og_description":"Um alegre encontro: Os grupos de fam\u00edlias de Schoenstatt em Lagos, Nig\u00e9ria, celebram o final do ano com um passeio na praia.","og_url":"https:\/\/schoenstatt.com\/pt-pt\/encerrando-o-ano-com-uniao-e-esperanca-na-praia\/","og_site_name":"Schoenstatt","article_published_time":"2025-01-07T02:03:00+00:00","article_modified_time":"2025-05-15T22:52:22+00:00","og_image":[{"width":2048,"height":1487,"url":"https:\/\/schoenstatt.com\/wp-content\/uploads\/2025\/01\/schoenstatt-family-nigeria-beach-playa-mar-2024-1.jpg","type":"image\/jpeg"}],"author":"Karen Bueno","twitter_card":"summary_large_image","twitter_misc":{"Escrito por":"Karen Bueno","Tempo estimado de leitura":"4 minutos"},"schema":{"@context":"https:\/\/schema.org","@graph":[{"@type":"Article","@id":"https:\/\/schoenstatt.com\/pt-pt\/encerrando-o-ano-com-uniao-e-esperanca-na-praia\/#article","isPartOf":{"@id":"https:\/\/schoenstatt.com\/pt-pt\/encerrando-o-ano-com-uniao-e-esperanca-na-praia\/"},"author":{"name":"Karen Bueno","@id":"https:\/\/schoenstatt.com\/pt-pt\/#\/schema\/person\/5158877ad4acae98b34daaeef2a1ce6e"},"headline":"Encerrando o ano com uni\u00e3o e esperan\u00e7a&#8230; na praia","datePublished":"2025-01-07T02:03:00+00:00","dateModified":"2025-05-15T22:52:22+00:00","mainEntityOfPage":{"@id":"https:\/\/schoenstatt.com\/pt-pt\/encerrando-o-ano-com-uniao-e-esperanca-na-praia\/"},"wordCount":611,"publisher":{"@id":"https:\/\/schoenstatt.com\/pt-pt\/#organization"},"image":{"@id":"https:\/\/schoenstatt.com\/pt-pt\/encerrando-o-ano-com-uniao-e-esperanca-na-praia\/#primaryimage"},"thumbnailUrl":"https:\/\/schoenstatt.com\/wp-content\/uploads\/2025\/01\/schoenstatt-family-nigeria-beach-playa-mar-2024-1.jpg","articleSection":["\u00c1frica","Fam\u00edlia"],"inLanguage":"pt-PT"},{"@type":"WebPage","@id":"https:\/\/schoenstatt.com\/pt-pt\/encerrando-o-ano-com-uniao-e-esperanca-na-praia\/","url":"https:\/\/schoenstatt.com\/pt-pt\/encerrando-o-ano-com-uniao-e-esperanca-na-praia\/","name":"Encerrando o ano com uni\u00e3o e esperan\u00e7a... na praia - Schoenstatt","isPartOf":{"@id":"https:\/\/schoenstatt.com\/pt-pt\/#website"},"primaryImageOfPage":{"@id":"https:\/\/schoenstatt.com\/pt-pt\/encerrando-o-ano-com-uniao-e-esperanca-na-praia\/#primaryimage"},"image":{"@id":"https:\/\/schoenstatt.com\/pt-pt\/encerrando-o-ano-com-uniao-e-esperanca-na-praia\/#primaryimage"},"thumbnailUrl":"https:\/\/schoenstatt.com\/wp-content\/uploads\/2025\/01\/schoenstatt-family-nigeria-beach-playa-mar-2024-1.jpg","datePublished":"2025-01-07T02:03:00+00:00","dateModified":"2025-05-15T22:52:22+00:00","description":"Um alegre encontro: Os grupos de fam\u00edlias de Schoenstatt em Lagos, Nig\u00e9ria, celebram o final do ano com um passeio na praia.","breadcrumb":{"@id":"https:\/\/schoenstatt.com\/pt-pt\/encerrando-o-ano-com-uniao-e-esperanca-na-praia\/#breadcrumb"},"inLanguage":"pt-PT","potentialAction":[{"@type":"ReadAction","target":["https:\/\/schoenstatt.com\/pt-pt\/encerrando-o-ano-com-uniao-e-esperanca-na-praia\/"]}]},{"@type":"ImageObject","inLanguage":"pt-PT","@id":"https:\/\/schoenstatt.com\/pt-pt\/encerrando-o-ano-com-uniao-e-esperanca-na-praia\/#primaryimage","url":"https:\/\/schoenstatt.com\/wp-content\/uploads\/2025\/01\/schoenstatt-family-nigeria-beach-playa-mar-2024-1.jpg","contentUrl":"https:\/\/schoenstatt.com\/wp-content\/uploads\/2025\/01\/schoenstatt-family-nigeria-beach-playa-mar-2024-1.jpg","width":2048,"height":1487},{"@type":"BreadcrumbList","@id":"https:\/\/schoenstatt.com\/pt-pt\/encerrando-o-ano-com-uniao-e-esperanca-na-praia\/#breadcrumb","itemListElement":[{"@type":"ListItem","position":1,"name":"Portada","item":"https:\/\/schoenstatt.com\/pt-pt\/home\/"},{"@type":"ListItem","position":2,"name":"Encerrando o ano com uni\u00e3o e esperan\u00e7a&#8230; na praia"}]},{"@type":"WebSite","@id":"https:\/\/schoenstatt.com\/pt-pt\/#website","url":"https:\/\/schoenstatt.com\/pt-pt\/","name":"Schoenstatt","description":"Apostolic Movement","publisher":{"@id":"https:\/\/schoenstatt.com\/pt-pt\/#organization"},"potentialAction":[{"@type":"SearchAction","target":{"@type":"EntryPoint","urlTemplate":"https:\/\/schoenstatt.com\/pt-pt\/?s={search_term_string}"},"query-input":{"@type":"PropertyValueSpecification","valueRequired":true,"valueName":"search_term_string"}}],"inLanguage":"pt-PT"},{"@type":"Organization","@id":"https:\/\/schoenstatt.com\/pt-pt\/#organization","name":"Schoenstatt","url":"https:\/\/schoenstatt.com\/pt-pt\/","logo":{"@type":"ImageObject","inLanguage":"pt-PT","@id":"https:\/\/schoenstatt.com\/pt-pt\/#\/schema\/logo\/image\/","url":"https:\/\/schoenstatt.com\/wp-content\/uploads\/2025\/04\/logo-schoenstatt-white-696x696-1.png","contentUrl":"https:\/\/schoenstatt.com\/wp-content\/uploads\/2025\/04\/logo-schoenstatt-white-696x696-1.png","width":696,"height":694,"caption":"Schoenstatt"},"image":{"@id":"https:\/\/schoenstatt.com\/pt-pt\/#\/schema\/logo\/image\/"}},{"@type":"Person","@id":"https:\/\/schoenstatt.com\/pt-pt\/#\/schema\/person\/5158877ad4acae98b34daaeef2a1ce6e","name":"Karen Bueno","image":{"@type":"ImageObject","inLanguage":"pt-PT","@id":"https:\/\/secure.gravatar.com\/avatar\/f9f4b823873154269d2b2130f195f6d41037dd0d7fc5f3cacb5c846bae70d66b?s=96&d=mm&r=g","url":"https:\/\/secure.gravatar.com\/avatar\/f9f4b823873154269d2b2130f195f6d41037dd0d7fc5f3cacb5c846bae70d66b?s=96&d=mm&r=g","contentUrl":"https:\/\/secure.gravatar.com\/avatar\/f9f4b823873154269d2b2130f195f6d41037dd0d7fc5f3cacb5c846bae70d66b?s=96&d=mm&r=g","caption":"Karen Bueno"},"url":"https:\/\/schoenstatt.com\/pt-pt\/author\/karen-bueno\/"}]}},"_links":{"self":[{"href":"https:\/\/schoenstatt.com\/pt-pt\/wp-json\/wp\/v2\/posts\/42785","targetHints":{"allow":["GET"]}}],"collection":[{"href":"https:\/\/schoenstatt.com\/pt-pt\/wp-json\/wp\/v2\/posts"}],"about":[{"href":"https:\/\/schoenstatt.com\/pt-pt\/wp-json\/wp\/v2\/types\/post"}],"author":[{"embeddable":true,"href":"https:\/\/schoenstatt.com\/pt-pt\/wp-json\/wp\/v2\/users\/3"}],"replies":[{"embeddable":true,"href":"https:\/\/schoenstatt.com\/pt-pt\/wp-json\/wp\/v2\/comments?post=42785"}],"version-history":[{"count":1,"href":"https:\/\/schoenstatt.com\/pt-pt\/wp-json\/wp\/v2\/posts\/42785\/revisions"}],"predecessor-version":[{"id":47252,"href":"https:\/\/schoenstatt.com\/pt-pt\/wp-json\/wp\/v2\/posts\/42785\/revisions\/47252"}],"wp:featuredmedia":[{"embeddable":true,"href":"https:\/\/schoenstatt.com\/pt-pt\/wp-json\/wp\/v2\/media\/42781"}],"wp:attachment":[{"href":"https:\/\/schoenstatt.com\/pt-pt\/wp-json\/wp\/v2\/media?parent=42785"}],"wp:term":[{"taxonomy":"category","embeddable":true,"href":"https:\/\/schoenstatt.com\/pt-pt\/wp-json\/wp\/v2\/categories?post=42785"},{"taxonomy":"post_tag","embeddable":true,"href":"https:\/\/schoenstatt.com\/pt-pt\/wp-json\/wp\/v2\/tags?post=42785"}],"curies":[{"name":"wp","href":"https:\/\/api.w.org\/{rel}","templated":true}]}}