{"id":42525,"date":"2024-12-04T12:04:17","date_gmt":"2024-12-04T11:04:17","guid":{"rendered":"https:\/\/schoenstatt.com\/?p=42525"},"modified":"2025-05-16T03:19:47","modified_gmt":"2025-05-16T01:19:47","slug":"papa-rezemos-para-que-o-proximo-jubileu-nos-fortaleca-na-fe","status":"publish","type":"post","link":"https:\/\/schoenstatt.com\/pt-pt\/papa-rezemos-para-que-o-proximo-jubileu-nos-fortaleca-na-fe\/","title":{"rendered":"Papa: Rezemos para que o pr\u00f3ximo Jubileu nos fortale\u00e7a na f\u00e9"},"content":{"rendered":"\n<figure class=\"wp-block-embed is-type-video is-provider-youtube wp-block-embed-youtube wp-embed-aspect-16-9 wp-has-aspect-ratio\"><div class=\"wp-block-embed__wrapper\">\n<iframe title=\"Pelos peregrinos da esperan\u00e7a \u2013 O V\u00eddeo do Papa 12 \u2013 Dezembro 2024\" width=\"800\" height=\"450\" src=\"https:\/\/www.youtube.com\/embed\/YNVl-Fgc22U?feature=oembed\" frameborder=\"0\" allow=\"accelerometer; autoplay; clipboard-write; encrypted-media; gyroscope; picture-in-picture; web-share\" referrerpolicy=\"strict-origin-when-cross-origin\" allowfullscreen><\/iframe>\n<\/div><\/figure>\n\n\n\n<p>&#8220;Pelos peregrinos da esperan\u00e7a&#8221; \u00e9 a inten\u00e7\u00e3o de ora\u00e7\u00e3o do Papa Francisco para este m\u00eas de dezembro, um chamado especial no contexto do Jubileu 2025.<\/p>\n\n\n\n<p>Na mensagem de v\u00eddeo, divulgada nesta ter\u00e7a-feira (03\/12), o Santo Padre afirma que &#8220;a esperan\u00e7a crist\u00e3 \u00e9 um presente de Deus que enche de alegria nossa vida. E hoje, necessitamos tanto dela. O mundo a necessita tanto&#8221;. O Papa Francisco convida os fi\u00e9is a serem testemunhas da &#8220;esperan\u00e7a crist\u00e3&#8221; num mundo onde predominam a desesperan\u00e7a e a desconfian\u00e7a.<\/p>\n\n\n\n<h3 class=\"wp-block-heading\" id=\"h-a-esperanca-e-uma-ancora\"><strong>A esperan\u00e7a \u00e9 uma \u00e2ncora<\/strong><\/h3>\n\n\n\n<p>Durante o per\u00edodo da pandemia, durante a Statio Orbis na Pra\u00e7a S\u00e3o Pedro totalmente vazia, o Papa Francisco utilizou a met\u00e1fora evang\u00e9lica do barco em meio \u00e0 tempestade, para recordar a fragilidade e o desconcerto da humanidade diante das grandes prova\u00e7\u00f5es. Num certo sentido, na inten\u00e7\u00e3o de ora\u00e7\u00e3o deste m\u00eas, o Santo Padre volta a nos colocar nesse barco a fim de destacar a import\u00e2ncia da \u00e2ncora:<\/p>\n\n\n\n<p>\u201cQuando n\u00e3o sabes se amanh\u00e3 poder\u00e1s dar de comer a teus filhos, ou se o que est\u00e1s estudando te permitir\u00e1 ter um trabalho digno, \u00e9 f\u00e1cil cair no des\u00e2nimo. Onde buscar a esperan\u00e7a?\u201d<\/p>\n\n\n\n<p>\u201cA esperan\u00e7a \u00e9 uma \u00e2ncora. Uma \u00e2ncora que se joga com a corda e afunda na areia. E n\u00f3s temos de estar agarrados \u00e0 corda da esperan\u00e7a. Bem agarrados.\u201d<\/p>\n\n\n\n<h3 class=\"wp-block-heading\" id=\"h-que-o-jubileu-nos-fortaleca-na-fe\"><strong>Que o Jubileu nos fortale\u00e7a na f\u00e9<\/strong><\/h3>\n\n\n\n<p>O Jubileu 2025, cujo tema \u00e9 &#8220;Peregrinos da esperan\u00e7a&#8221;, ser\u00e1 um tempo de celebra\u00e7\u00e3o e de profunda reflex\u00e3o. O tamb\u00e9m chamado &#8220;Ano Santo&#8221; n\u00e3o \u00e9 somente uma etapa no caminho da f\u00e9, mas \u00e9 um chamado a reconhecer a Cristo no dia a dia.<\/p>\n\n\n\n<p>\u201cAjudemo-nos uns aos outros a descobrir este encontro com Cristo que nos d\u00e1 a vida e coloquemo-nos a caminho como peregrinos da esperan\u00e7a, para celebrar a vida e dentro da vida est\u00e1 tamb\u00e9m o pr\u00f3ximo Jubileu, como uma etapa.\u201d<\/p>\n\n\n\n<p>&#8220;Vamos encher nosso dia a dia com o dom da esperan\u00e7a que Deus nos d\u00e1 e permitamos que atrav\u00e9s de n\u00f3s ela chegue a todos que a procuram. N\u00e3o se esque\u00e7am: a esperan\u00e7a n\u00e3o decepciona nunca&#8221;, diz o Papa, no v\u00eddeo elaborado pela Rede Mundial de Ora\u00e7\u00e3o do Papa e produzido em parceria com a Funda\u00e7\u00e3o Pro Rede Mundial de Ora\u00e7\u00e3o do Papa e com o Dicast\u00e9rio para a Evangeliza\u00e7\u00e3o.<\/p>\n\n\n\n<p>\u201cRezemos para que o pr\u00f3ximo Jubileu nos fortale\u00e7a na f\u00e9, nos ajude a reconhecer Cristo ressuscitado presente em nossas vidas, e nos transforme em peregrinos da esperan\u00e7a crist\u00e3.\u201d<\/p>\n\n\n\n<p><strong>Fonte:<\/strong> <a href=\"https:\/\/www.vaticannews.va\/pt\/papa\/news\/2024-12\/papa-francisco-video-dezembro-peregrinos-esperanca-fe-jubileu.html\" target=\"_blank\" rel=\"noreferrer noopener\">vaticannews.va\/pt<\/a><\/p>\n\n\n\n<p><\/p>\n","protected":false},"excerpt":{"rendered":"<p>&#8220;Pelos peregrinos da esperan\u00e7a&#8221; \u00e9 a inten\u00e7\u00e3o de ora\u00e7\u00e3o do Papa Francisco para este m\u00eas de dezembro de 2024.<\/p>\n","protected":false},"author":3,"featured_media":32663,"comment_status":"closed","ping_status":"closed","sticky":false,"template":"","format":"standard","meta":{"footnotes":""},"categories":[608,906],"tags":[],"class_list":["post-42525","post","type-post","status-publish","format-standard","has-post-thumbnail","hentry","category-igreja-pt-pt","category-papa-francisco-pt-pt"],"yoast_head":"<!-- This site is optimized with the Yoast SEO Premium plugin v27.4 (Yoast SEO v27.5) - https:\/\/yoast.com\/product\/yoast-seo-premium-wordpress\/ -->\n<title>Papa: Rezemos para que o pr\u00f3ximo Jubileu nos fortale\u00e7a na f\u00e9 - Schoenstatt<\/title>\n<meta name=\"description\" content=\"&quot;Pelos peregrinos da esperan\u00e7a&quot; \u00e9 a inten\u00e7\u00e3o de ora\u00e7\u00e3o do Papa Francisco para este m\u00eas de dezembro de 2024.\" \/>\n<meta name=\"robots\" content=\"index, follow, max-snippet:-1, max-image-preview:large, max-video-preview:-1\" \/>\n<link rel=\"canonical\" href=\"https:\/\/schoenstatt.com\/pt-pt\/papa-rezemos-para-que-o-proximo-jubileu-nos-fortaleca-na-fe\/\" \/>\n<meta property=\"og:locale\" content=\"pt_PT\" \/>\n<meta property=\"og:type\" content=\"article\" \/>\n<meta property=\"og:title\" content=\"Papa: Rezemos para que o pr\u00f3ximo Jubileu nos fortale\u00e7a na f\u00e9\" \/>\n<meta property=\"og:description\" content=\"&quot;Pelos peregrinos da esperan\u00e7a&quot; \u00e9 a inten\u00e7\u00e3o de ora\u00e7\u00e3o do Papa Francisco para este m\u00eas de dezembro de 2024.\" \/>\n<meta property=\"og:url\" content=\"https:\/\/schoenstatt.com\/pt-pt\/papa-rezemos-para-que-o-proximo-jubileu-nos-fortaleca-na-fe\/\" \/>\n<meta property=\"og:site_name\" content=\"Schoenstatt\" \/>\n<meta property=\"article:published_time\" content=\"2024-12-04T11:04:17+00:00\" \/>\n<meta property=\"article:modified_time\" content=\"2025-05-16T01:19:47+00:00\" \/>\n<meta property=\"og:image\" content=\"https:\/\/schoenstatt.com\/wp-content\/uploads\/2023\/09\/vatican-vaticano-roma-1.jpg\" \/>\n\t<meta property=\"og:image:width\" content=\"768\" \/>\n\t<meta property=\"og:image:height\" content=\"522\" \/>\n\t<meta property=\"og:image:type\" content=\"image\/jpeg\" \/>\n<meta name=\"author\" content=\"Karen Bueno\" \/>\n<meta name=\"twitter:card\" content=\"summary_large_image\" \/>\n<meta name=\"twitter:label1\" content=\"Escrito por\" \/>\n\t<meta name=\"twitter:data1\" content=\"Karen Bueno\" \/>\n\t<meta name=\"twitter:label2\" content=\"Tempo estimado de leitura\" \/>\n\t<meta name=\"twitter:data2\" content=\"2 minutos\" \/>\n<script type=\"application\/ld+json\" class=\"yoast-schema-graph\">{\"@context\":\"https:\\\/\\\/schema.org\",\"@graph\":[{\"@type\":\"Article\",\"@id\":\"https:\\\/\\\/schoenstatt.com\\\/pt-pt\\\/papa-rezemos-para-que-o-proximo-jubileu-nos-fortaleca-na-fe\\\/#article\",\"isPartOf\":{\"@id\":\"https:\\\/\\\/schoenstatt.com\\\/pt-pt\\\/papa-rezemos-para-que-o-proximo-jubileu-nos-fortaleca-na-fe\\\/\"},\"author\":{\"name\":\"Karen Bueno\",\"@id\":\"https:\\\/\\\/schoenstatt.com\\\/pt-pt\\\/#\\\/schema\\\/person\\\/5158877ad4acae98b34daaeef2a1ce6e\"},\"headline\":\"Papa: Rezemos para que o pr\u00f3ximo Jubileu nos fortale\u00e7a na f\u00e9\",\"datePublished\":\"2024-12-04T11:04:17+00:00\",\"dateModified\":\"2025-05-16T01:19:47+00:00\",\"mainEntityOfPage\":{\"@id\":\"https:\\\/\\\/schoenstatt.com\\\/pt-pt\\\/papa-rezemos-para-que-o-proximo-jubileu-nos-fortaleca-na-fe\\\/\"},\"wordCount\":473,\"publisher\":{\"@id\":\"https:\\\/\\\/schoenstatt.com\\\/pt-pt\\\/#organization\"},\"image\":{\"@id\":\"https:\\\/\\\/schoenstatt.com\\\/pt-pt\\\/papa-rezemos-para-que-o-proximo-jubileu-nos-fortaleca-na-fe\\\/#primaryimage\"},\"thumbnailUrl\":\"https:\\\/\\\/schoenstatt.com\\\/wp-content\\\/uploads\\\/2023\\\/09\\\/vatican-vaticano-roma-1.jpg\",\"articleSection\":[\"Igreja\",\"Papa Francisco\"],\"inLanguage\":\"pt-PT\"},{\"@type\":\"WebPage\",\"@id\":\"https:\\\/\\\/schoenstatt.com\\\/pt-pt\\\/papa-rezemos-para-que-o-proximo-jubileu-nos-fortaleca-na-fe\\\/\",\"url\":\"https:\\\/\\\/schoenstatt.com\\\/pt-pt\\\/papa-rezemos-para-que-o-proximo-jubileu-nos-fortaleca-na-fe\\\/\",\"name\":\"Papa: Rezemos para que o pr\u00f3ximo Jubileu nos fortale\u00e7a na f\u00e9 - Schoenstatt\",\"isPartOf\":{\"@id\":\"https:\\\/\\\/schoenstatt.com\\\/pt-pt\\\/#website\"},\"primaryImageOfPage\":{\"@id\":\"https:\\\/\\\/schoenstatt.com\\\/pt-pt\\\/papa-rezemos-para-que-o-proximo-jubileu-nos-fortaleca-na-fe\\\/#primaryimage\"},\"image\":{\"@id\":\"https:\\\/\\\/schoenstatt.com\\\/pt-pt\\\/papa-rezemos-para-que-o-proximo-jubileu-nos-fortaleca-na-fe\\\/#primaryimage\"},\"thumbnailUrl\":\"https:\\\/\\\/schoenstatt.com\\\/wp-content\\\/uploads\\\/2023\\\/09\\\/vatican-vaticano-roma-1.jpg\",\"datePublished\":\"2024-12-04T11:04:17+00:00\",\"dateModified\":\"2025-05-16T01:19:47+00:00\",\"description\":\"\\\"Pelos peregrinos da esperan\u00e7a\\\" \u00e9 a inten\u00e7\u00e3o de ora\u00e7\u00e3o do Papa Francisco para este m\u00eas de dezembro de 2024.\",\"breadcrumb\":{\"@id\":\"https:\\\/\\\/schoenstatt.com\\\/pt-pt\\\/papa-rezemos-para-que-o-proximo-jubileu-nos-fortaleca-na-fe\\\/#breadcrumb\"},\"inLanguage\":\"pt-PT\",\"potentialAction\":[{\"@type\":\"ReadAction\",\"target\":[\"https:\\\/\\\/schoenstatt.com\\\/pt-pt\\\/papa-rezemos-para-que-o-proximo-jubileu-nos-fortaleca-na-fe\\\/\"]}]},{\"@type\":\"ImageObject\",\"inLanguage\":\"pt-PT\",\"@id\":\"https:\\\/\\\/schoenstatt.com\\\/pt-pt\\\/papa-rezemos-para-que-o-proximo-jubileu-nos-fortaleca-na-fe\\\/#primaryimage\",\"url\":\"https:\\\/\\\/schoenstatt.com\\\/wp-content\\\/uploads\\\/2023\\\/09\\\/vatican-vaticano-roma-1.jpg\",\"contentUrl\":\"https:\\\/\\\/schoenstatt.com\\\/wp-content\\\/uploads\\\/2023\\\/09\\\/vatican-vaticano-roma-1.jpg\",\"width\":768,\"height\":522},{\"@type\":\"BreadcrumbList\",\"@id\":\"https:\\\/\\\/schoenstatt.com\\\/pt-pt\\\/papa-rezemos-para-que-o-proximo-jubileu-nos-fortaleca-na-fe\\\/#breadcrumb\",\"itemListElement\":[{\"@type\":\"ListItem\",\"position\":1,\"name\":\"Portada\",\"item\":\"https:\\\/\\\/schoenstatt.com\\\/pt-pt\\\/home\\\/\"},{\"@type\":\"ListItem\",\"position\":2,\"name\":\"Papa: Rezemos para que o pr\u00f3ximo Jubileu nos fortale\u00e7a na f\u00e9\"}]},{\"@type\":\"WebSite\",\"@id\":\"https:\\\/\\\/schoenstatt.com\\\/pt-pt\\\/#website\",\"url\":\"https:\\\/\\\/schoenstatt.com\\\/pt-pt\\\/\",\"name\":\"Schoenstatt\",\"description\":\"Apostolic Movement\",\"publisher\":{\"@id\":\"https:\\\/\\\/schoenstatt.com\\\/pt-pt\\\/#organization\"},\"potentialAction\":[{\"@type\":\"SearchAction\",\"target\":{\"@type\":\"EntryPoint\",\"urlTemplate\":\"https:\\\/\\\/schoenstatt.com\\\/pt-pt\\\/?s={search_term_string}\"},\"query-input\":{\"@type\":\"PropertyValueSpecification\",\"valueRequired\":true,\"valueName\":\"search_term_string\"}}],\"inLanguage\":\"pt-PT\"},{\"@type\":\"Organization\",\"@id\":\"https:\\\/\\\/schoenstatt.com\\\/pt-pt\\\/#organization\",\"name\":\"Schoenstatt\",\"url\":\"https:\\\/\\\/schoenstatt.com\\\/pt-pt\\\/\",\"logo\":{\"@type\":\"ImageObject\",\"inLanguage\":\"pt-PT\",\"@id\":\"https:\\\/\\\/schoenstatt.com\\\/pt-pt\\\/#\\\/schema\\\/logo\\\/image\\\/\",\"url\":\"https:\\\/\\\/schoenstatt.com\\\/wp-content\\\/uploads\\\/2025\\\/04\\\/logo-schoenstatt-white-696x696-1.png\",\"contentUrl\":\"https:\\\/\\\/schoenstatt.com\\\/wp-content\\\/uploads\\\/2025\\\/04\\\/logo-schoenstatt-white-696x696-1.png\",\"width\":696,\"height\":694,\"caption\":\"Schoenstatt\"},\"image\":{\"@id\":\"https:\\\/\\\/schoenstatt.com\\\/pt-pt\\\/#\\\/schema\\\/logo\\\/image\\\/\"}},{\"@type\":\"Person\",\"@id\":\"https:\\\/\\\/schoenstatt.com\\\/pt-pt\\\/#\\\/schema\\\/person\\\/5158877ad4acae98b34daaeef2a1ce6e\",\"name\":\"Karen Bueno\",\"image\":{\"@type\":\"ImageObject\",\"inLanguage\":\"pt-PT\",\"@id\":\"https:\\\/\\\/secure.gravatar.com\\\/avatar\\\/f9f4b823873154269d2b2130f195f6d41037dd0d7fc5f3cacb5c846bae70d66b?s=96&d=mm&r=g\",\"url\":\"https:\\\/\\\/secure.gravatar.com\\\/avatar\\\/f9f4b823873154269d2b2130f195f6d41037dd0d7fc5f3cacb5c846bae70d66b?s=96&d=mm&r=g\",\"contentUrl\":\"https:\\\/\\\/secure.gravatar.com\\\/avatar\\\/f9f4b823873154269d2b2130f195f6d41037dd0d7fc5f3cacb5c846bae70d66b?s=96&d=mm&r=g\",\"caption\":\"Karen Bueno\"},\"url\":\"https:\\\/\\\/schoenstatt.com\\\/pt-pt\\\/author\\\/karen-bueno\\\/\"}]}<\/script>\n<!-- \/ Yoast SEO Premium plugin. -->","yoast_head_json":{"title":"Papa: Rezemos para que o pr\u00f3ximo Jubileu nos fortale\u00e7a na f\u00e9 - Schoenstatt","description":"\"Pelos peregrinos da esperan\u00e7a\" \u00e9 a inten\u00e7\u00e3o de ora\u00e7\u00e3o do Papa Francisco para este m\u00eas de dezembro de 2024.","robots":{"index":"index","follow":"follow","max-snippet":"max-snippet:-1","max-image-preview":"max-image-preview:large","max-video-preview":"max-video-preview:-1"},"canonical":"https:\/\/schoenstatt.com\/pt-pt\/papa-rezemos-para-que-o-proximo-jubileu-nos-fortaleca-na-fe\/","og_locale":"pt_PT","og_type":"article","og_title":"Papa: Rezemos para que o pr\u00f3ximo Jubileu nos fortale\u00e7a na f\u00e9","og_description":"\"Pelos peregrinos da esperan\u00e7a\" \u00e9 a inten\u00e7\u00e3o de ora\u00e7\u00e3o do Papa Francisco para este m\u00eas de dezembro de 2024.","og_url":"https:\/\/schoenstatt.com\/pt-pt\/papa-rezemos-para-que-o-proximo-jubileu-nos-fortaleca-na-fe\/","og_site_name":"Schoenstatt","article_published_time":"2024-12-04T11:04:17+00:00","article_modified_time":"2025-05-16T01:19:47+00:00","og_image":[{"width":768,"height":522,"url":"https:\/\/schoenstatt.com\/wp-content\/uploads\/2023\/09\/vatican-vaticano-roma-1.jpg","type":"image\/jpeg"}],"author":"Karen Bueno","twitter_card":"summary_large_image","twitter_misc":{"Escrito por":"Karen Bueno","Tempo estimado de leitura":"2 minutos"},"schema":{"@context":"https:\/\/schema.org","@graph":[{"@type":"Article","@id":"https:\/\/schoenstatt.com\/pt-pt\/papa-rezemos-para-que-o-proximo-jubileu-nos-fortaleca-na-fe\/#article","isPartOf":{"@id":"https:\/\/schoenstatt.com\/pt-pt\/papa-rezemos-para-que-o-proximo-jubileu-nos-fortaleca-na-fe\/"},"author":{"name":"Karen Bueno","@id":"https:\/\/schoenstatt.com\/pt-pt\/#\/schema\/person\/5158877ad4acae98b34daaeef2a1ce6e"},"headline":"Papa: Rezemos para que o pr\u00f3ximo Jubileu nos fortale\u00e7a na f\u00e9","datePublished":"2024-12-04T11:04:17+00:00","dateModified":"2025-05-16T01:19:47+00:00","mainEntityOfPage":{"@id":"https:\/\/schoenstatt.com\/pt-pt\/papa-rezemos-para-que-o-proximo-jubileu-nos-fortaleca-na-fe\/"},"wordCount":473,"publisher":{"@id":"https:\/\/schoenstatt.com\/pt-pt\/#organization"},"image":{"@id":"https:\/\/schoenstatt.com\/pt-pt\/papa-rezemos-para-que-o-proximo-jubileu-nos-fortaleca-na-fe\/#primaryimage"},"thumbnailUrl":"https:\/\/schoenstatt.com\/wp-content\/uploads\/2023\/09\/vatican-vaticano-roma-1.jpg","articleSection":["Igreja","Papa Francisco"],"inLanguage":"pt-PT"},{"@type":"WebPage","@id":"https:\/\/schoenstatt.com\/pt-pt\/papa-rezemos-para-que-o-proximo-jubileu-nos-fortaleca-na-fe\/","url":"https:\/\/schoenstatt.com\/pt-pt\/papa-rezemos-para-que-o-proximo-jubileu-nos-fortaleca-na-fe\/","name":"Papa: Rezemos para que o pr\u00f3ximo Jubileu nos fortale\u00e7a na f\u00e9 - Schoenstatt","isPartOf":{"@id":"https:\/\/schoenstatt.com\/pt-pt\/#website"},"primaryImageOfPage":{"@id":"https:\/\/schoenstatt.com\/pt-pt\/papa-rezemos-para-que-o-proximo-jubileu-nos-fortaleca-na-fe\/#primaryimage"},"image":{"@id":"https:\/\/schoenstatt.com\/pt-pt\/papa-rezemos-para-que-o-proximo-jubileu-nos-fortaleca-na-fe\/#primaryimage"},"thumbnailUrl":"https:\/\/schoenstatt.com\/wp-content\/uploads\/2023\/09\/vatican-vaticano-roma-1.jpg","datePublished":"2024-12-04T11:04:17+00:00","dateModified":"2025-05-16T01:19:47+00:00","description":"\"Pelos peregrinos da esperan\u00e7a\" \u00e9 a inten\u00e7\u00e3o de ora\u00e7\u00e3o do Papa Francisco para este m\u00eas de dezembro de 2024.","breadcrumb":{"@id":"https:\/\/schoenstatt.com\/pt-pt\/papa-rezemos-para-que-o-proximo-jubileu-nos-fortaleca-na-fe\/#breadcrumb"},"inLanguage":"pt-PT","potentialAction":[{"@type":"ReadAction","target":["https:\/\/schoenstatt.com\/pt-pt\/papa-rezemos-para-que-o-proximo-jubileu-nos-fortaleca-na-fe\/"]}]},{"@type":"ImageObject","inLanguage":"pt-PT","@id":"https:\/\/schoenstatt.com\/pt-pt\/papa-rezemos-para-que-o-proximo-jubileu-nos-fortaleca-na-fe\/#primaryimage","url":"https:\/\/schoenstatt.com\/wp-content\/uploads\/2023\/09\/vatican-vaticano-roma-1.jpg","contentUrl":"https:\/\/schoenstatt.com\/wp-content\/uploads\/2023\/09\/vatican-vaticano-roma-1.jpg","width":768,"height":522},{"@type":"BreadcrumbList","@id":"https:\/\/schoenstatt.com\/pt-pt\/papa-rezemos-para-que-o-proximo-jubileu-nos-fortaleca-na-fe\/#breadcrumb","itemListElement":[{"@type":"ListItem","position":1,"name":"Portada","item":"https:\/\/schoenstatt.com\/pt-pt\/home\/"},{"@type":"ListItem","position":2,"name":"Papa: Rezemos para que o pr\u00f3ximo Jubileu nos fortale\u00e7a na f\u00e9"}]},{"@type":"WebSite","@id":"https:\/\/schoenstatt.com\/pt-pt\/#website","url":"https:\/\/schoenstatt.com\/pt-pt\/","name":"Schoenstatt","description":"Apostolic Movement","publisher":{"@id":"https:\/\/schoenstatt.com\/pt-pt\/#organization"},"potentialAction":[{"@type":"SearchAction","target":{"@type":"EntryPoint","urlTemplate":"https:\/\/schoenstatt.com\/pt-pt\/?s={search_term_string}"},"query-input":{"@type":"PropertyValueSpecification","valueRequired":true,"valueName":"search_term_string"}}],"inLanguage":"pt-PT"},{"@type":"Organization","@id":"https:\/\/schoenstatt.com\/pt-pt\/#organization","name":"Schoenstatt","url":"https:\/\/schoenstatt.com\/pt-pt\/","logo":{"@type":"ImageObject","inLanguage":"pt-PT","@id":"https:\/\/schoenstatt.com\/pt-pt\/#\/schema\/logo\/image\/","url":"https:\/\/schoenstatt.com\/wp-content\/uploads\/2025\/04\/logo-schoenstatt-white-696x696-1.png","contentUrl":"https:\/\/schoenstatt.com\/wp-content\/uploads\/2025\/04\/logo-schoenstatt-white-696x696-1.png","width":696,"height":694,"caption":"Schoenstatt"},"image":{"@id":"https:\/\/schoenstatt.com\/pt-pt\/#\/schema\/logo\/image\/"}},{"@type":"Person","@id":"https:\/\/schoenstatt.com\/pt-pt\/#\/schema\/person\/5158877ad4acae98b34daaeef2a1ce6e","name":"Karen Bueno","image":{"@type":"ImageObject","inLanguage":"pt-PT","@id":"https:\/\/secure.gravatar.com\/avatar\/f9f4b823873154269d2b2130f195f6d41037dd0d7fc5f3cacb5c846bae70d66b?s=96&d=mm&r=g","url":"https:\/\/secure.gravatar.com\/avatar\/f9f4b823873154269d2b2130f195f6d41037dd0d7fc5f3cacb5c846bae70d66b?s=96&d=mm&r=g","contentUrl":"https:\/\/secure.gravatar.com\/avatar\/f9f4b823873154269d2b2130f195f6d41037dd0d7fc5f3cacb5c846bae70d66b?s=96&d=mm&r=g","caption":"Karen Bueno"},"url":"https:\/\/schoenstatt.com\/pt-pt\/author\/karen-bueno\/"}]}},"_links":{"self":[{"href":"https:\/\/schoenstatt.com\/pt-pt\/wp-json\/wp\/v2\/posts\/42525","targetHints":{"allow":["GET"]}}],"collection":[{"href":"https:\/\/schoenstatt.com\/pt-pt\/wp-json\/wp\/v2\/posts"}],"about":[{"href":"https:\/\/schoenstatt.com\/pt-pt\/wp-json\/wp\/v2\/types\/post"}],"author":[{"embeddable":true,"href":"https:\/\/schoenstatt.com\/pt-pt\/wp-json\/wp\/v2\/users\/3"}],"replies":[{"embeddable":true,"href":"https:\/\/schoenstatt.com\/pt-pt\/wp-json\/wp\/v2\/comments?post=42525"}],"version-history":[{"count":1,"href":"https:\/\/schoenstatt.com\/pt-pt\/wp-json\/wp\/v2\/posts\/42525\/revisions"}],"predecessor-version":[{"id":47207,"href":"https:\/\/schoenstatt.com\/pt-pt\/wp-json\/wp\/v2\/posts\/42525\/revisions\/47207"}],"wp:featuredmedia":[{"embeddable":true,"href":"https:\/\/schoenstatt.com\/pt-pt\/wp-json\/wp\/v2\/media\/32663"}],"wp:attachment":[{"href":"https:\/\/schoenstatt.com\/pt-pt\/wp-json\/wp\/v2\/media?parent=42525"}],"wp:term":[{"taxonomy":"category","embeddable":true,"href":"https:\/\/schoenstatt.com\/pt-pt\/wp-json\/wp\/v2\/categories?post=42525"},{"taxonomy":"post_tag","embeddable":true,"href":"https:\/\/schoenstatt.com\/pt-pt\/wp-json\/wp\/v2\/tags?post=42525"}],"curies":[{"name":"wp","href":"https:\/\/api.w.org\/{rel}","templated":true}]}}