{"id":42077,"date":"2024-10-29T03:03:00","date_gmt":"2024-10-29T02:03:00","guid":{"rendered":"https:\/\/schoenstatt.com\/?p=42077"},"modified":"2025-04-18T21:26:26","modified_gmt":"2025-04-18T19:26:26","slug":"australia-a-mae-e-novamente-coroada-como-vencedora","status":"publish","type":"post","link":"https:\/\/schoenstatt.com\/pt-pt\/australia-a-mae-e-novamente-coroada-como-vencedora\/","title":{"rendered":"Austr\u00e1lia: A M\u00e3e \u00e9 novamente coroada como \u201cVencedora\u201d"},"content":{"rendered":"\n<p>20 de outubro de 2024 foi um dia especial de celebra\u00e7\u00e3o no Monte Schoenstatt, em Mulgoa, <a href=\"https:\/\/schoenstatt.org.au\/\" target=\"_blank\" rel=\"noreferrer noopener\">Austr\u00e1lia<\/a>. N\u00e3o apenas foram celebrados os 110 anos da funda\u00e7\u00e3o de Schoenstatt, como tamb\u00e9m os 50 anos desde que o Movimento coroou a M\u00e3e de Deus como M\u00e3e, Rainha e VENCEDORA, na rec\u00e9m-conclu\u00edda Igreja da Adora\u00e7\u00e3o, em Schoenstatt.<\/p>\n\n\n\n<p>A celebra\u00e7\u00e3o de 2024 foi uma verdadeira festa em Fam\u00edlia. O programa de abertura incluiu informa\u00e7\u00f5es sobre a funda\u00e7\u00e3o de Schoenstatt e testemunhos sobre o que a Alian\u00e7a de Amor e o carisma pr\u00f3prio de Schoenstatt significam para v\u00e1rios membros do Movimento. Ao mesmo tempo, houve a oportunidade de se confessar. Os participantes foram encorajados a escrever suas ofertas de amor \u00e0 M\u00e3e de Deus, juntamente com seus pedidos, e coloc\u00e1-los na talha, que ocupava um lugar central abaixo de nossa M\u00e3e Tr\u00eas Vezes Admir\u00e1vel, juntamente com a Coroa que seria oferecida novamente, durante o programa da tarde.<\/p>\n\n\n\n<figure class=\"wp-block-image aligncenter size-full\"><img decoding=\"async\" src=\"https:\/\/schoenstatt.com\/wp-content\/uploads\/2024\/10\/australia-3.jpg\" alt=\"\" class=\"wp-image-42066\"\/><\/figure>\n\n\n\n<h3 class=\"wp-block-heading\" id=\"h-gratidao-a-deus\"><strong>Gratid\u00e3o a Deus<\/strong><\/h3>\n\n\n\n<p>A missa festiva come\u00e7ou com a prociss\u00e3o das bandeiras, representando 24 pa\u00edses, e o alegre canto de entrada: \u201cQue alegria quando me disseram, vamos \u00e0 casa do Senhor\u201d. Dois sacerdotes concelebraram, ambos pertencentes a diferentes ordens (Dominicanos e Somascanos), mas que selaram a Alian\u00e7a de Amor de Schoenstatt.<\/p>\n\n\n\n<p>Durante a homilia, o Pe. Pawel Barszcsewski OP conduziu mais de 400 peregrinos e membros de Schoenstatt a uma compreens\u00e3o do dom da <a href=\"https:\/\/schoenstatt.com\/pt-pt\/nossa-espiritualidade\/alianca-de-amor\/\">Alian\u00e7a de Amor<\/a> e da import\u00e2ncia do Santu\u00e1rio de Schoenstatt. Ele encorajou os ouvintes a n\u00e3o terem medo de se oferecerem \u00e0 M\u00e3e de Deus, pois ela \u00e9 a \u00fanica que pode conduzi-los r\u00e1pida e seguramente a Jesus e ao Pai celestial. Ele falou sobre a coroa\u00e7\u00e3o que seria renovada \u00e0 tarde e confiou todos n\u00f3s aos cuidados de nossa M\u00e3e, Rainha e Vencedora.<\/p>\n\n\n\n<p>Ap\u00f3s a Santa Missa, fomos em prociss\u00e3o at\u00e9 o Santu\u00e1rio, onde renovamos a Alian\u00e7a de Amor e foi enviada uma nova imagem da M\u00e3e Peregrina e uma nova coordenadora.<\/p>\n\n\n\n<h3 class=\"wp-block-heading\" id=\"h-diversao-para-todos\"><strong>Divers\u00e3o para todos<\/strong><\/h3>\n\n\n\n<p>No intervalo para o almo\u00e7o, houve uma s\u00e9rie de atividades para as fam\u00edlias. Al\u00e9m de v\u00e1rias op\u00e7\u00f5es de comida, as crian\u00e7as se divertiram muito com um castelo de pula-pula, pintura facial, pipoca e a possibilidade de confeccionar um vaso de planta, enquanto os adultos puderam aprender mais sobre Schoenstatt na barraca de informa\u00e7\u00f5es, visitar o Centro de Peregrinos com sua barraca de artigos religiosos ou comprar plantas para ajudar a arrecadar fundos para nossa miss\u00e3o nas Filipinas.<\/p>\n\n\n\n<h3 class=\"wp-block-heading\" id=\"h-a-mae-e-novamente-coroada\"><strong>A M\u00e3e \u00e9 novamente coroada<\/strong><\/h3>\n\n\n\n<p>O ponto culminante do dia foi a coroa\u00e7\u00e3o da M\u00e3e, Rainha e Vencedora Tr\u00eas Vezes Admir\u00e1vel de Schoenstatt, no hall de entrada da Casa Jos\u00e9 Kentenich. Esta celebra\u00e7\u00e3o come\u00e7ou com reflex\u00f5es e ora\u00e7\u00f5es no Santu\u00e1rio, uma pausa na est\u00e1tua do Pe. Jos\u00e9 Kentenich, onde rezamos e prometemos novamente nossa fidelidade ao nosso Pai e Fundador e, finalmente, a renova\u00e7\u00e3o solene da coroa\u00e7\u00e3o de nossa M\u00e3e Tr\u00eas Vezes Admir\u00e1vel no Centro do Movimento.<\/p>\n\n\n\n\n<figure class=\"wp-block-gallery has-nested-images columns-default is-cropped wp-block-gallery-1 is-layout-flex wp-block-gallery-is-layout-flex\">\n<figure class=\"wp-block-image size-full\"><img decoding=\"async\" data-id=\"42068\" src=\"https:\/\/schoenstatt.com\/wp-content\/uploads\/2024\/10\/australia-2.jpg\" alt=\"\" class=\"wp-image-42068\"\/><\/figure>\n\n\n\n<figure class=\"wp-block-image size-large\"><img decoding=\"async\" data-id=\"42069\" src=\"https:\/\/schoenstatt.com\/wp-content\/uploads\/2024\/10\/australia.jpg\" alt=\"\" class=\"wp-image-42069\"\/><\/figure>\n<\/figure>\n\n\n\n<p>Enquanto o Pe. Pawel Barszcsewski OP solenemente re-coroava nossa MTA, aproximadamente 150 membros de Schoenstatt e peregrinos rezaram juntos a ora\u00e7\u00e3o de coroa\u00e7\u00e3o. Em grata lembran\u00e7a do evento de 50 anos atr\u00e1s, representantes dos v\u00e1rios ramos compartilharam sobre o presente que haviam oferecido \u00e0 M\u00e3e de Deus em 1974 e rezaram uma ora\u00e7\u00e3o que era \u00fanica para cada ramo naquela \u00e9poca.<\/p>\n\n\n\n<p>Foi uma grande alegria o fato de que cerca de dez membros de Schoenstatt que estiveram presentes em 1974 puderam estar mais uma vez na celebra\u00e7\u00e3o e relembraram com alegria o evento de 50 anos atr\u00e1s.<\/p>\n\n\n\n<p>As celebra\u00e7\u00f5es do dia n\u00e3o teriam acontecido sem a grande equipe de volunt\u00e1rios que ajudaram na organiza\u00e7\u00e3o, montagem e execu\u00e7\u00e3o das atividades do dia, bem como os muitos benfeitores que apoiaram financeiramente este evento.<\/p>\n\n\n\n<p>Confiamos que nossa M\u00e3e Tr\u00eas Vezes Admir\u00e1vel se mostrar\u00e1 verdadeiramente vitoriosa em todas as preocupa\u00e7\u00f5es e inquieta\u00e7\u00f5es atuais da sociedade e da Igreja, mas em particular nas quest\u00f5es relativas \u00e0 maneira como desejamos levar Schoenstatt \u00e0 nossa Igreja local e aos muitos visitantes de nosso Santu\u00e1rio.<\/p>\n","protected":false},"excerpt":{"rendered":"<p>A Fam\u00edlia de Schoenstatt de Mulgoa, Austr\u00e1lia, coroou a MTA como Vencedora, renovando sua confian\u00e7a em Maria, M\u00e3e de Deus.<\/p>\n","protected":false},"author":3,"featured_media":42073,"comment_status":"closed","ping_status":"closed","sticky":false,"template":"","format":"standard","meta":{"footnotes":""},"categories":[504],"tags":[],"class_list":["post-42077","post","type-post","status-publish","format-standard","has-post-thumbnail","hentry","category-oceania-pt-pt"],"yoast_head":"<!-- This site is optimized with the Yoast SEO Premium plugin v27.4 (Yoast SEO v27.4) - https:\/\/yoast.com\/product\/yoast-seo-premium-wordpress\/ -->\n<title>Austr\u00e1lia: A M\u00e3e \u00e9 novamente coroada como \u201cVencedora\u201d<\/title>\n<meta name=\"description\" content=\"A Fam\u00edlia de Schoenstatt de Mulgoa, Austr\u00e1lia, coroou a MTA como Vencedora, renovando sua confian\u00e7a em Maria, M\u00e3e de Deus.\" \/>\n<meta name=\"robots\" content=\"index, follow, max-snippet:-1, max-image-preview:large, max-video-preview:-1\" \/>\n<link rel=\"canonical\" href=\"https:\/\/schoenstatt.com\/pt-pt\/australia-a-mae-e-novamente-coroada-como-vencedora\/\" \/>\n<meta property=\"og:locale\" content=\"pt_PT\" \/>\n<meta property=\"og:type\" content=\"article\" \/>\n<meta property=\"og:title\" content=\"Austr\u00e1lia: A M\u00e3e \u00e9 novamente coroada como \u201cVencedora\u201d\" \/>\n<meta property=\"og:description\" content=\"A Fam\u00edlia de Schoenstatt de Mulgoa, Austr\u00e1lia, coroou a MTA como Vencedora, renovando sua confian\u00e7a em Maria, M\u00e3e de Deus.\" \/>\n<meta property=\"og:url\" content=\"https:\/\/schoenstatt.com\/pt-pt\/australia-a-mae-e-novamente-coroada-como-vencedora\/\" \/>\n<meta property=\"og:site_name\" content=\"Schoenstatt\" \/>\n<meta property=\"article:published_time\" content=\"2024-10-29T02:03:00+00:00\" \/>\n<meta property=\"article:modified_time\" content=\"2025-04-18T19:26:26+00:00\" \/>\n<meta property=\"og:image\" content=\"https:\/\/schoenstatt.com\/wp-content\/uploads\/2024\/10\/mulgoa-australia-1.jpg\" \/>\n\t<meta property=\"og:image:width\" content=\"1634\" \/>\n\t<meta property=\"og:image:height\" content=\"1226\" \/>\n\t<meta property=\"og:image:type\" content=\"image\/jpeg\" \/>\n<meta name=\"author\" content=\"Karen Bueno\" \/>\n<meta name=\"twitter:card\" content=\"summary_large_image\" \/>\n<meta name=\"twitter:label1\" content=\"Escrito por\" \/>\n\t<meta name=\"twitter:data1\" content=\"Karen Bueno\" \/>\n\t<meta name=\"twitter:label2\" content=\"Tempo estimado de leitura\" \/>\n\t<meta name=\"twitter:data2\" content=\"4 minutos\" \/>\n<script type=\"application\/ld+json\" class=\"yoast-schema-graph\">{\"@context\":\"https:\\\/\\\/schema.org\",\"@graph\":[{\"@type\":\"Article\",\"@id\":\"https:\\\/\\\/schoenstatt.com\\\/pt-pt\\\/australia-a-mae-e-novamente-coroada-como-vencedora\\\/#article\",\"isPartOf\":{\"@id\":\"https:\\\/\\\/schoenstatt.com\\\/pt-pt\\\/australia-a-mae-e-novamente-coroada-como-vencedora\\\/\"},\"author\":{\"name\":\"Karen Bueno\",\"@id\":\"https:\\\/\\\/schoenstatt.com\\\/pt-pt\\\/#\\\/schema\\\/person\\\/5158877ad4acae98b34daaeef2a1ce6e\"},\"headline\":\"Austr\u00e1lia: A M\u00e3e \u00e9 novamente coroada como \u201cVencedora\u201d\",\"datePublished\":\"2024-10-29T02:03:00+00:00\",\"dateModified\":\"2025-04-18T19:26:26+00:00\",\"mainEntityOfPage\":{\"@id\":\"https:\\\/\\\/schoenstatt.com\\\/pt-pt\\\/australia-a-mae-e-novamente-coroada-como-vencedora\\\/\"},\"wordCount\":730,\"publisher\":{\"@id\":\"https:\\\/\\\/schoenstatt.com\\\/pt-pt\\\/#organization\"},\"image\":{\"@id\":\"https:\\\/\\\/schoenstatt.com\\\/pt-pt\\\/australia-a-mae-e-novamente-coroada-como-vencedora\\\/#primaryimage\"},\"thumbnailUrl\":\"https:\\\/\\\/schoenstatt.com\\\/wp-content\\\/uploads\\\/2024\\\/10\\\/mulgoa-australia-1.jpg\",\"articleSection\":[\"Oceania\"],\"inLanguage\":\"pt-PT\"},{\"@type\":\"WebPage\",\"@id\":\"https:\\\/\\\/schoenstatt.com\\\/pt-pt\\\/australia-a-mae-e-novamente-coroada-como-vencedora\\\/\",\"url\":\"https:\\\/\\\/schoenstatt.com\\\/pt-pt\\\/australia-a-mae-e-novamente-coroada-como-vencedora\\\/\",\"name\":\"Austr\u00e1lia: A M\u00e3e \u00e9 novamente coroada como \u201cVencedora\u201d\",\"isPartOf\":{\"@id\":\"https:\\\/\\\/schoenstatt.com\\\/pt-pt\\\/#website\"},\"primaryImageOfPage\":{\"@id\":\"https:\\\/\\\/schoenstatt.com\\\/pt-pt\\\/australia-a-mae-e-novamente-coroada-como-vencedora\\\/#primaryimage\"},\"image\":{\"@id\":\"https:\\\/\\\/schoenstatt.com\\\/pt-pt\\\/australia-a-mae-e-novamente-coroada-como-vencedora\\\/#primaryimage\"},\"thumbnailUrl\":\"https:\\\/\\\/schoenstatt.com\\\/wp-content\\\/uploads\\\/2024\\\/10\\\/mulgoa-australia-1.jpg\",\"datePublished\":\"2024-10-29T02:03:00+00:00\",\"dateModified\":\"2025-04-18T19:26:26+00:00\",\"description\":\"A Fam\u00edlia de Schoenstatt de Mulgoa, Austr\u00e1lia, coroou a MTA como Vencedora, renovando sua confian\u00e7a em Maria, M\u00e3e de Deus.\",\"breadcrumb\":{\"@id\":\"https:\\\/\\\/schoenstatt.com\\\/pt-pt\\\/australia-a-mae-e-novamente-coroada-como-vencedora\\\/#breadcrumb\"},\"inLanguage\":\"pt-PT\",\"potentialAction\":[{\"@type\":\"ReadAction\",\"target\":[\"https:\\\/\\\/schoenstatt.com\\\/pt-pt\\\/australia-a-mae-e-novamente-coroada-como-vencedora\\\/\"]}]},{\"@type\":\"ImageObject\",\"inLanguage\":\"pt-PT\",\"@id\":\"https:\\\/\\\/schoenstatt.com\\\/pt-pt\\\/australia-a-mae-e-novamente-coroada-como-vencedora\\\/#primaryimage\",\"url\":\"https:\\\/\\\/schoenstatt.com\\\/wp-content\\\/uploads\\\/2024\\\/10\\\/mulgoa-australia-1.jpg\",\"contentUrl\":\"https:\\\/\\\/schoenstatt.com\\\/wp-content\\\/uploads\\\/2024\\\/10\\\/mulgoa-australia-1.jpg\",\"width\":1634,\"height\":1226},{\"@type\":\"BreadcrumbList\",\"@id\":\"https:\\\/\\\/schoenstatt.com\\\/pt-pt\\\/australia-a-mae-e-novamente-coroada-como-vencedora\\\/#breadcrumb\",\"itemListElement\":[{\"@type\":\"ListItem\",\"position\":1,\"name\":\"Portada\",\"item\":\"https:\\\/\\\/schoenstatt.com\\\/pt-pt\\\/home\\\/\"},{\"@type\":\"ListItem\",\"position\":2,\"name\":\"Austr\u00e1lia: A M\u00e3e \u00e9 novamente coroada como \u201cVencedora\u201d\"}]},{\"@type\":\"WebSite\",\"@id\":\"https:\\\/\\\/schoenstatt.com\\\/pt-pt\\\/#website\",\"url\":\"https:\\\/\\\/schoenstatt.com\\\/pt-pt\\\/\",\"name\":\"Schoenstatt\",\"description\":\"Apostolic Movement\",\"publisher\":{\"@id\":\"https:\\\/\\\/schoenstatt.com\\\/pt-pt\\\/#organization\"},\"potentialAction\":[{\"@type\":\"SearchAction\",\"target\":{\"@type\":\"EntryPoint\",\"urlTemplate\":\"https:\\\/\\\/schoenstatt.com\\\/pt-pt\\\/?s={search_term_string}\"},\"query-input\":{\"@type\":\"PropertyValueSpecification\",\"valueRequired\":true,\"valueName\":\"search_term_string\"}}],\"inLanguage\":\"pt-PT\"},{\"@type\":\"Organization\",\"@id\":\"https:\\\/\\\/schoenstatt.com\\\/pt-pt\\\/#organization\",\"name\":\"Schoenstatt\",\"url\":\"https:\\\/\\\/schoenstatt.com\\\/pt-pt\\\/\",\"logo\":{\"@type\":\"ImageObject\",\"inLanguage\":\"pt-PT\",\"@id\":\"https:\\\/\\\/schoenstatt.com\\\/pt-pt\\\/#\\\/schema\\\/logo\\\/image\\\/\",\"url\":\"https:\\\/\\\/schoenstatt.com\\\/wp-content\\\/uploads\\\/2025\\\/04\\\/logo-schoenstatt-white-696x696-1.png\",\"contentUrl\":\"https:\\\/\\\/schoenstatt.com\\\/wp-content\\\/uploads\\\/2025\\\/04\\\/logo-schoenstatt-white-696x696-1.png\",\"width\":696,\"height\":694,\"caption\":\"Schoenstatt\"},\"image\":{\"@id\":\"https:\\\/\\\/schoenstatt.com\\\/pt-pt\\\/#\\\/schema\\\/logo\\\/image\\\/\"}},{\"@type\":\"Person\",\"@id\":\"https:\\\/\\\/schoenstatt.com\\\/pt-pt\\\/#\\\/schema\\\/person\\\/5158877ad4acae98b34daaeef2a1ce6e\",\"name\":\"Karen Bueno\",\"image\":{\"@type\":\"ImageObject\",\"inLanguage\":\"pt-PT\",\"@id\":\"https:\\\/\\\/secure.gravatar.com\\\/avatar\\\/f9f4b823873154269d2b2130f195f6d41037dd0d7fc5f3cacb5c846bae70d66b?s=96&d=mm&r=g\",\"url\":\"https:\\\/\\\/secure.gravatar.com\\\/avatar\\\/f9f4b823873154269d2b2130f195f6d41037dd0d7fc5f3cacb5c846bae70d66b?s=96&d=mm&r=g\",\"contentUrl\":\"https:\\\/\\\/secure.gravatar.com\\\/avatar\\\/f9f4b823873154269d2b2130f195f6d41037dd0d7fc5f3cacb5c846bae70d66b?s=96&d=mm&r=g\",\"caption\":\"Karen Bueno\"},\"url\":\"https:\\\/\\\/schoenstatt.com\\\/pt-pt\\\/author\\\/karen-bueno\\\/\"}]}<\/script>\n<!-- \/ Yoast SEO Premium plugin. -->","yoast_head_json":{"title":"Austr\u00e1lia: A M\u00e3e \u00e9 novamente coroada como \u201cVencedora\u201d","description":"A Fam\u00edlia de Schoenstatt de Mulgoa, Austr\u00e1lia, coroou a MTA como Vencedora, renovando sua confian\u00e7a em Maria, M\u00e3e de Deus.","robots":{"index":"index","follow":"follow","max-snippet":"max-snippet:-1","max-image-preview":"max-image-preview:large","max-video-preview":"max-video-preview:-1"},"canonical":"https:\/\/schoenstatt.com\/pt-pt\/australia-a-mae-e-novamente-coroada-como-vencedora\/","og_locale":"pt_PT","og_type":"article","og_title":"Austr\u00e1lia: A M\u00e3e \u00e9 novamente coroada como \u201cVencedora\u201d","og_description":"A Fam\u00edlia de Schoenstatt de Mulgoa, Austr\u00e1lia, coroou a MTA como Vencedora, renovando sua confian\u00e7a em Maria, M\u00e3e de Deus.","og_url":"https:\/\/schoenstatt.com\/pt-pt\/australia-a-mae-e-novamente-coroada-como-vencedora\/","og_site_name":"Schoenstatt","article_published_time":"2024-10-29T02:03:00+00:00","article_modified_time":"2025-04-18T19:26:26+00:00","og_image":[{"width":1634,"height":1226,"url":"https:\/\/schoenstatt.com\/wp-content\/uploads\/2024\/10\/mulgoa-australia-1.jpg","type":"image\/jpeg"}],"author":"Karen Bueno","twitter_card":"summary_large_image","twitter_misc":{"Escrito por":"Karen Bueno","Tempo estimado de leitura":"4 minutos"},"schema":{"@context":"https:\/\/schema.org","@graph":[{"@type":"Article","@id":"https:\/\/schoenstatt.com\/pt-pt\/australia-a-mae-e-novamente-coroada-como-vencedora\/#article","isPartOf":{"@id":"https:\/\/schoenstatt.com\/pt-pt\/australia-a-mae-e-novamente-coroada-como-vencedora\/"},"author":{"name":"Karen Bueno","@id":"https:\/\/schoenstatt.com\/pt-pt\/#\/schema\/person\/5158877ad4acae98b34daaeef2a1ce6e"},"headline":"Austr\u00e1lia: A M\u00e3e \u00e9 novamente coroada como \u201cVencedora\u201d","datePublished":"2024-10-29T02:03:00+00:00","dateModified":"2025-04-18T19:26:26+00:00","mainEntityOfPage":{"@id":"https:\/\/schoenstatt.com\/pt-pt\/australia-a-mae-e-novamente-coroada-como-vencedora\/"},"wordCount":730,"publisher":{"@id":"https:\/\/schoenstatt.com\/pt-pt\/#organization"},"image":{"@id":"https:\/\/schoenstatt.com\/pt-pt\/australia-a-mae-e-novamente-coroada-como-vencedora\/#primaryimage"},"thumbnailUrl":"https:\/\/schoenstatt.com\/wp-content\/uploads\/2024\/10\/mulgoa-australia-1.jpg","articleSection":["Oceania"],"inLanguage":"pt-PT"},{"@type":"WebPage","@id":"https:\/\/schoenstatt.com\/pt-pt\/australia-a-mae-e-novamente-coroada-como-vencedora\/","url":"https:\/\/schoenstatt.com\/pt-pt\/australia-a-mae-e-novamente-coroada-como-vencedora\/","name":"Austr\u00e1lia: A M\u00e3e \u00e9 novamente coroada como \u201cVencedora\u201d","isPartOf":{"@id":"https:\/\/schoenstatt.com\/pt-pt\/#website"},"primaryImageOfPage":{"@id":"https:\/\/schoenstatt.com\/pt-pt\/australia-a-mae-e-novamente-coroada-como-vencedora\/#primaryimage"},"image":{"@id":"https:\/\/schoenstatt.com\/pt-pt\/australia-a-mae-e-novamente-coroada-como-vencedora\/#primaryimage"},"thumbnailUrl":"https:\/\/schoenstatt.com\/wp-content\/uploads\/2024\/10\/mulgoa-australia-1.jpg","datePublished":"2024-10-29T02:03:00+00:00","dateModified":"2025-04-18T19:26:26+00:00","description":"A Fam\u00edlia de Schoenstatt de Mulgoa, Austr\u00e1lia, coroou a MTA como Vencedora, renovando sua confian\u00e7a em Maria, M\u00e3e de Deus.","breadcrumb":{"@id":"https:\/\/schoenstatt.com\/pt-pt\/australia-a-mae-e-novamente-coroada-como-vencedora\/#breadcrumb"},"inLanguage":"pt-PT","potentialAction":[{"@type":"ReadAction","target":["https:\/\/schoenstatt.com\/pt-pt\/australia-a-mae-e-novamente-coroada-como-vencedora\/"]}]},{"@type":"ImageObject","inLanguage":"pt-PT","@id":"https:\/\/schoenstatt.com\/pt-pt\/australia-a-mae-e-novamente-coroada-como-vencedora\/#primaryimage","url":"https:\/\/schoenstatt.com\/wp-content\/uploads\/2024\/10\/mulgoa-australia-1.jpg","contentUrl":"https:\/\/schoenstatt.com\/wp-content\/uploads\/2024\/10\/mulgoa-australia-1.jpg","width":1634,"height":1226},{"@type":"BreadcrumbList","@id":"https:\/\/schoenstatt.com\/pt-pt\/australia-a-mae-e-novamente-coroada-como-vencedora\/#breadcrumb","itemListElement":[{"@type":"ListItem","position":1,"name":"Portada","item":"https:\/\/schoenstatt.com\/pt-pt\/home\/"},{"@type":"ListItem","position":2,"name":"Austr\u00e1lia: A M\u00e3e \u00e9 novamente coroada como \u201cVencedora\u201d"}]},{"@type":"WebSite","@id":"https:\/\/schoenstatt.com\/pt-pt\/#website","url":"https:\/\/schoenstatt.com\/pt-pt\/","name":"Schoenstatt","description":"Apostolic Movement","publisher":{"@id":"https:\/\/schoenstatt.com\/pt-pt\/#organization"},"potentialAction":[{"@type":"SearchAction","target":{"@type":"EntryPoint","urlTemplate":"https:\/\/schoenstatt.com\/pt-pt\/?s={search_term_string}"},"query-input":{"@type":"PropertyValueSpecification","valueRequired":true,"valueName":"search_term_string"}}],"inLanguage":"pt-PT"},{"@type":"Organization","@id":"https:\/\/schoenstatt.com\/pt-pt\/#organization","name":"Schoenstatt","url":"https:\/\/schoenstatt.com\/pt-pt\/","logo":{"@type":"ImageObject","inLanguage":"pt-PT","@id":"https:\/\/schoenstatt.com\/pt-pt\/#\/schema\/logo\/image\/","url":"https:\/\/schoenstatt.com\/wp-content\/uploads\/2025\/04\/logo-schoenstatt-white-696x696-1.png","contentUrl":"https:\/\/schoenstatt.com\/wp-content\/uploads\/2025\/04\/logo-schoenstatt-white-696x696-1.png","width":696,"height":694,"caption":"Schoenstatt"},"image":{"@id":"https:\/\/schoenstatt.com\/pt-pt\/#\/schema\/logo\/image\/"}},{"@type":"Person","@id":"https:\/\/schoenstatt.com\/pt-pt\/#\/schema\/person\/5158877ad4acae98b34daaeef2a1ce6e","name":"Karen Bueno","image":{"@type":"ImageObject","inLanguage":"pt-PT","@id":"https:\/\/secure.gravatar.com\/avatar\/f9f4b823873154269d2b2130f195f6d41037dd0d7fc5f3cacb5c846bae70d66b?s=96&d=mm&r=g","url":"https:\/\/secure.gravatar.com\/avatar\/f9f4b823873154269d2b2130f195f6d41037dd0d7fc5f3cacb5c846bae70d66b?s=96&d=mm&r=g","contentUrl":"https:\/\/secure.gravatar.com\/avatar\/f9f4b823873154269d2b2130f195f6d41037dd0d7fc5f3cacb5c846bae70d66b?s=96&d=mm&r=g","caption":"Karen Bueno"},"url":"https:\/\/schoenstatt.com\/pt-pt\/author\/karen-bueno\/"}]}},"_links":{"self":[{"href":"https:\/\/schoenstatt.com\/pt-pt\/wp-json\/wp\/v2\/posts\/42077","targetHints":{"allow":["GET"]}}],"collection":[{"href":"https:\/\/schoenstatt.com\/pt-pt\/wp-json\/wp\/v2\/posts"}],"about":[{"href":"https:\/\/schoenstatt.com\/pt-pt\/wp-json\/wp\/v2\/types\/post"}],"author":[{"embeddable":true,"href":"https:\/\/schoenstatt.com\/pt-pt\/wp-json\/wp\/v2\/users\/3"}],"replies":[{"embeddable":true,"href":"https:\/\/schoenstatt.com\/pt-pt\/wp-json\/wp\/v2\/comments?post=42077"}],"version-history":[{"count":1,"href":"https:\/\/schoenstatt.com\/pt-pt\/wp-json\/wp\/v2\/posts\/42077\/revisions"}],"predecessor-version":[{"id":47127,"href":"https:\/\/schoenstatt.com\/pt-pt\/wp-json\/wp\/v2\/posts\/42077\/revisions\/47127"}],"wp:featuredmedia":[{"embeddable":true,"href":"https:\/\/schoenstatt.com\/pt-pt\/wp-json\/wp\/v2\/media\/42073"}],"wp:attachment":[{"href":"https:\/\/schoenstatt.com\/pt-pt\/wp-json\/wp\/v2\/media?parent=42077"}],"wp:term":[{"taxonomy":"category","embeddable":true,"href":"https:\/\/schoenstatt.com\/pt-pt\/wp-json\/wp\/v2\/categories?post=42077"},{"taxonomy":"post_tag","embeddable":true,"href":"https:\/\/schoenstatt.com\/pt-pt\/wp-json\/wp\/v2\/tags?post=42077"}],"curies":[{"name":"wp","href":"https:\/\/api.w.org\/{rel}","templated":true}]}}