{"id":41930,"date":"2024-10-22T14:54:04","date_gmt":"2024-10-22T12:54:04","guid":{"rendered":"https:\/\/schoenstatt.com\/?p=41930"},"modified":"2025-05-16T00:22:11","modified_gmt":"2025-05-15T22:22:11","slug":"a-argentina-celebra-um-congresso-nacional-das-missoes-familiares","status":"publish","type":"post","link":"https:\/\/schoenstatt.com\/pt-pt\/a-argentina-celebra-um-congresso-nacional-das-missoes-familiares\/","title":{"rendered":"A Argentina celebra um Congresso Nacional das Miss\u00f5es Familiares"},"content":{"rendered":"\n<p>Este ano as Miss\u00f5es Familiares completaram 25 anos de vida na <a href=\"https:\/\/www.schoenstatt.org.ar\/\" target=\"_blank\" rel=\"noreferrer noopener\">Argentina<\/a>. O Movimento de Schoenstatt celebrou seu jubileu reunindo muitos participantes \u2013 as fam\u00edlias mission\u00e1rias \u2013 para participar de um Congresso Nacional das Miss\u00f5es Familiares Argentinas.<\/p>\n\n\n\n<p>Durante o fim de semana de 10 a 13 de outubro, mais de 70 mission\u00e1rios de todas as idades e voca\u00e7\u00f5es se reuniram. Como representantes de diferentes dioceses do pa\u00eds (C\u00f3rdoba, Mendoza, San Juan, San Luis, Paran\u00e1, Chaco, Misiones, La Plata, San Isidro e Buenos Aires), eles se encontraram no Col\u00e9gio Mar\u00eda de Nazareth, em C\u00f3rdoba, para celebrar aquilo que os une.<\/p>\n\n\n\n<p>Crian\u00e7as, jovens, casais, av\u00f3s, leigos e consagrados\u2026 Em cada um foi renovada a consci\u00eancia de que s\u00e3o protagonistas de uma modalidade mission\u00e1ria que tem lugar para todos os estados de vida e todas as idades, e nos faz redescobrir com clareza que, como filhos de Schoenstatt, somos Fam\u00edlia.<\/p>\n\n\n\n<figure class=\"wp-block-image size-large\"><img decoding=\"async\" src=\"https:\/\/schoenstatt.com\/wp-content\/uploads\/2024\/10\/Congreso-de-Misiones-Familiares-Argentinas-2024-c-851x1024.jpg\" alt=\"\" class=\"wp-image-41919\"\/><\/figure>\n\n\n\n<h3 class=\"wp-block-heading\" id=\"h-nao-ficamos-parados-temos-uma-missao\"><strong>N\u00e3o ficamos parados, temos uma miss\u00e3o<\/strong><\/h3>\n\n\n\n<p>Os mission\u00e1rios experimentaram que Schoenstatt n\u00e3o \u00e9 simplesmente uma Fam\u00edlia espiritual que se re\u00fane em torno do Santu\u00e1rio, mas sim uma Fam\u00edlia Apost\u00f3lica que leva e compartilha as gra\u00e7as do Santu\u00e1rio por onde passa, pois, como expressa o lema que os reuniu nesses dias, somos:<strong> \u201cFam\u00edlia Mission\u00e1ria, Santu\u00e1rios Vivos para o mundo\u201d.<\/strong><\/p>\n\n\n\n<p>A proposta era celebrar e agradecer os 25 anos de hist\u00f3ria (n\u00e3o faltou festa nem bolo!), mas n\u00e3o ficamos no passado, e sim sonhamos juntos com o futuro. Do Congresso, levamos uma consci\u00eancia muito clara de todos os passos que queremos dar para que as Miss\u00f5es Familiares se fortale\u00e7am nas dioceses onde j\u00e1 est\u00e3o presentes e continuem a crescer e se multiplicar nos lugares onde h\u00e1 cora\u00e7\u00f5es inflamados pela voca\u00e7\u00e3o de ser fam\u00edlias mission\u00e1rias.<\/p>\n\n\n\n<p>Romi e Pio Reitano, de Mendoza, nos dizem: <em>\u201cAs crian\u00e7as s\u00e3o os principais motivadores para participarmos do Congresso e isso \u00e9 um testemunho de que para elas tamb\u00e9m \u00e9 uma verdadeira alegria. Todas elas voltaram com novos v\u00ednculos, novos amigos, nova fam\u00edlia\u201d.<\/em><\/p>\n\n\n\n<figure class=\"wp-block-image size-large\"><img decoding=\"async\" src=\"https:\/\/schoenstatt.com\/wp-content\/uploads\/2024\/10\/ninos-criancas-chicos-children-1024x683.jpg\" alt=\"\" class=\"wp-image-41923\"\/><\/figure>\n\n\n\n<h3 class=\"wp-block-heading\" id=\"h-frutos\"><strong>Frutos<\/strong><\/h3>\n\n\n\n<p>Como fruto das oficinas e dos interc\u00e2mbios realizados pelas fam\u00edlias de vida, sob o nome de her\u00f3is de Schoenstatt como Jo\u00e3o Pozzobon, Ir. M. Emilie Engel, Pe. Franz Reinisch, Jos\u00e9 Engling e Pe. Esteban Uriburu, discernimos na ora\u00e7\u00e3o e no di\u00e1logo alguns horizontes de trabalho. Entre eles, destacamos a import\u00e2ncia que queremos dar \u00e0 unidade e \u00e0 identidade nacional como Miss\u00f5es Familiares Argentinas; o valor da integra\u00e7\u00e3o e do trabalho sin\u00e9rgico com a Campanha da M\u00e3e Peregrina e com os Ramos da Fam\u00edlia de Schoenstatt; e o compromisso com os frequentes encontros nacionais como inst\u00e2ncias que nos inflamam e fortalecem mutuamente.<\/p>\n\n\n\n<p><em>\u201cExperimentamos uma grande \u2018consci\u00eancia\u2019 daquilo que as Miss\u00f5es Familiares representam para nossa Igreja, nosso Movimento e nosso pa\u00eds. Ressoam as palavras: amor, fam\u00edlia, amizade, uni\u00e3o, comunh\u00e3o, Miss\u00f5es Familiares. Que este espa\u00e7o continue sendo uma fonte de gra\u00e7as para a nossa sociedade e que nos ajude a sermos Santu\u00e1rios Vivos, de onde doamos nosso tesouro de gra\u00e7as\u201d<\/em>, comentaram Ana e Osvaldo Marcozzi, de La Plata.<\/p>\n\n\n\n<h3 class=\"wp-block-heading\" id=\"h-origens\"><strong>Origens<\/strong><\/h3>\n\n\n\n<p>Um momento muito especial foi a visita e os testemunhos dos casais pioneiros das Miss\u00f5es Familiares, que come\u00e7aram essa aventura h\u00e1 25 anos em La Plata. Eles contaram como essa experi\u00eancia mission\u00e1ria transformou suas vidas e as de seus filhos, devido aos v\u00ednculos profundos e duradouros que se formaram durante a miss\u00e3o. Cada \u201cfam\u00edlia da vida\u201d formada durante a miss\u00e3o, com os filhos naturais e os \u201cadotivos\u201d, tornou-se uma escola familiar, na qual todos aprenderam a compartilhar, a dialogar, a ajudar e a valorizar uns aos outros. Eles compartilharam como, ao longo dos anos, esses la\u00e7os foram mantidos na vida cotidiana e se tornaram uma amizade e uma familiaridade muito profundas.<\/p>\n\n\n\n<p>No contexto do testemunho da \u00e9poca da funda\u00e7\u00e3o, eles contaram como foi dif\u00edcil, para eles, encontrar um lugar para ir em miss\u00e3o, j\u00e1 que em 1999 nenhum p\u00e1roco tinha muita confian\u00e7a nessa nova iniciativa de \u201cmiss\u00f5es familiares\u201d. Depois de v\u00e1rias tentativas infrut\u00edferas e diante da impossibilidade de encontrar um lugar para a miss\u00e3o, confiaram essa inten\u00e7\u00e3o ao Pe. Esteban Uriburu, Padre de Schoenstatt e promotor internacional da Campanha da M\u00e3e Peregrina, que havia falecido pouco tempo antes, em 12 de outubro de 1998. Ele tinha um v\u00ednculo pessoal com esses casais pioneiros e certamente, com seu esp\u00edrito mission\u00e1rio, teria gostado de participar das miss\u00f5es.<\/p>\n\n\n\n<p>Pouco tempo depois, chegou a not\u00edcia: apareceu um p\u00e1roco que queria receb\u00ea-los, em Belgrano! Assim, desde o in\u00edcio, eles atribu\u00edram o patroc\u00ednio das Miss\u00f5es ao Padre Esteban. Com o passar dos anos, essa hist\u00f3ria se perdeu, pois a gera\u00e7\u00e3o atual n\u00e3o tinha conhecimento desses fatos, mas agora ela retornou \u00e0 mem\u00f3ria coletiva de todos. Providencialmente, naquele s\u00e1bado, est\u00e1vamos no meio do Congresso e era 12 de outubro, e nos demos conta de que era o 26\u00ba anivers\u00e1rio da partida do Padre Esteban!<\/p>\n\n\n\n<figure class=\"wp-block-image size-large\"><img decoding=\"async\" src=\"https:\/\/schoenstatt.com\/wp-content\/uploads\/2024\/10\/Congreso-de-Misiones-Familiares-Argentinas-2024-b-1024x576.jpg\" alt=\"\" class=\"wp-image-41927\"\/><\/figure>\n\n\n\n<h3 class=\"wp-block-heading\" id=\"h-e-uma-vocacao-missionaria\"><strong>\u00c9 uma voca\u00e7\u00e3o mission\u00e1ria<\/strong><\/h3>\n\n\n\n<p>Para concluir, algo que pode ser destacado de todo o Congresso n\u00e3o foram apenas as palavras ou os documentos, mas uma profunda viv\u00eancia que nos fez sintonizar de maneira quase \u201cespont\u00e2nea\u201d: a alegria de estar em fam\u00edlia compartilhando essa voca\u00e7\u00e3o mission\u00e1ria com uma naturalidade extraordin\u00e1ria.<\/p>\n\n\n\n<p>N\u00e3o h\u00e1 d\u00favida de que essa \u00e9 uma gra\u00e7a de Deus e que a M\u00e3e de Deus quer derramar muitas b\u00ean\u00e7\u00e3os por meio dessa iniciativa de apostolado familiar. \u00c9 uma voca\u00e7\u00e3o mission\u00e1ria que j\u00e1 deu frutos em 11 comunidades em todo o pa\u00eds e que quer levar a M\u00e3e de Deus a muitos lugares, n\u00e3o s\u00f3 porque leva a M\u00e3e Peregrina, mas tamb\u00e9m porque mostra um estilo de vida familiar que difunde a f\u00e9 e os valores da maneira mais natural e tremendamente eficaz.<\/p>\n\n\n\n<p><strong>Tradu\u00e7\u00e3o:<\/strong> Karen Bueno<\/p>\n","protected":false},"excerpt":{"rendered":"<p>Nos 25 anos das Miss\u00f5es Familiares de Schoenstatt, que come\u00e7aram na Argentina, o Movimento realiza um Congresso Nacional.<\/p>\n","protected":false},"author":3,"featured_media":41913,"comment_status":"closed","ping_status":"closed","sticky":false,"template":"","format":"standard","meta":{"footnotes":""},"categories":[625,897],"tags":[],"class_list":["post-41930","post","type-post","status-publish","format-standard","has-post-thumbnail","hentry","category-america-pt-pt","category-em-missao-pt-pt"],"yoast_head":"<!-- This site is optimized with the Yoast SEO Premium plugin v27.4 (Yoast SEO v27.4) - https:\/\/yoast.com\/product\/yoast-seo-premium-wordpress\/ -->\n<title>A Argentina celebra um Congresso Nacional das Miss\u00f5es Familiares<\/title>\n<meta name=\"description\" content=\"Nos 25 anos das Miss\u00f5es Familiares de Schoenstatt, que come\u00e7aram na Argentina, o Movimento realiza um Congresso Nacional.\" \/>\n<meta name=\"robots\" content=\"index, follow, max-snippet:-1, max-image-preview:large, max-video-preview:-1\" \/>\n<link rel=\"canonical\" href=\"https:\/\/schoenstatt.com\/pt-pt\/a-argentina-celebra-um-congresso-nacional-das-missoes-familiares\/\" \/>\n<meta property=\"og:locale\" content=\"pt_PT\" \/>\n<meta property=\"og:type\" content=\"article\" \/>\n<meta property=\"og:title\" content=\"A Argentina celebra um Congresso Nacional das Miss\u00f5es Familiares\" \/>\n<meta property=\"og:description\" content=\"Nos 25 anos das Miss\u00f5es Familiares de Schoenstatt, que come\u00e7aram na Argentina, o Movimento realiza um Congresso Nacional.\" \/>\n<meta property=\"og:url\" content=\"https:\/\/schoenstatt.com\/pt-pt\/a-argentina-celebra-um-congresso-nacional-das-missoes-familiares\/\" \/>\n<meta property=\"og:site_name\" content=\"Schoenstatt\" \/>\n<meta property=\"article:published_time\" content=\"2024-10-22T12:54:04+00:00\" \/>\n<meta property=\"article:modified_time\" content=\"2025-05-15T22:22:11+00:00\" \/>\n<meta property=\"og:image\" content=\"https:\/\/schoenstatt.com\/wp-content\/uploads\/2024\/10\/Congreso-de-Misiones-Familiares-Argentinas-2024-1.jpg\" \/>\n\t<meta property=\"og:image:width\" content=\"1280\" \/>\n\t<meta property=\"og:image:height\" content=\"721\" \/>\n\t<meta property=\"og:image:type\" content=\"image\/jpeg\" \/>\n<meta name=\"author\" content=\"Karen Bueno\" \/>\n<meta name=\"twitter:card\" content=\"summary_large_image\" \/>\n<meta name=\"twitter:label1\" content=\"Escrito por\" \/>\n\t<meta name=\"twitter:data1\" content=\"Karen Bueno\" \/>\n\t<meta name=\"twitter:label2\" content=\"Tempo estimado de leitura\" \/>\n\t<meta name=\"twitter:data2\" content=\"5 minutos\" \/>\n<script type=\"application\/ld+json\" class=\"yoast-schema-graph\">{\"@context\":\"https:\\\/\\\/schema.org\",\"@graph\":[{\"@type\":\"Article\",\"@id\":\"https:\\\/\\\/schoenstatt.com\\\/pt-pt\\\/a-argentina-celebra-um-congresso-nacional-das-missoes-familiares\\\/#article\",\"isPartOf\":{\"@id\":\"https:\\\/\\\/schoenstatt.com\\\/pt-pt\\\/a-argentina-celebra-um-congresso-nacional-das-missoes-familiares\\\/\"},\"author\":{\"name\":\"Karen Bueno\",\"@id\":\"https:\\\/\\\/schoenstatt.com\\\/pt-pt\\\/#\\\/schema\\\/person\\\/5158877ad4acae98b34daaeef2a1ce6e\"},\"headline\":\"A Argentina celebra um Congresso Nacional das Miss\u00f5es Familiares\",\"datePublished\":\"2024-10-22T12:54:04+00:00\",\"dateModified\":\"2025-05-15T22:22:11+00:00\",\"mainEntityOfPage\":{\"@id\":\"https:\\\/\\\/schoenstatt.com\\\/pt-pt\\\/a-argentina-celebra-um-congresso-nacional-das-missoes-familiares\\\/\"},\"wordCount\":1040,\"publisher\":{\"@id\":\"https:\\\/\\\/schoenstatt.com\\\/pt-pt\\\/#organization\"},\"image\":{\"@id\":\"https:\\\/\\\/schoenstatt.com\\\/pt-pt\\\/a-argentina-celebra-um-congresso-nacional-das-missoes-familiares\\\/#primaryimage\"},\"thumbnailUrl\":\"https:\\\/\\\/schoenstatt.com\\\/wp-content\\\/uploads\\\/2024\\\/10\\\/Congreso-de-Misiones-Familiares-Argentinas-2024-1.jpg\",\"articleSection\":[\"Am\u00e9rica\",\"Em miss\u00e3o\"],\"inLanguage\":\"pt-PT\"},{\"@type\":\"WebPage\",\"@id\":\"https:\\\/\\\/schoenstatt.com\\\/pt-pt\\\/a-argentina-celebra-um-congresso-nacional-das-missoes-familiares\\\/\",\"url\":\"https:\\\/\\\/schoenstatt.com\\\/pt-pt\\\/a-argentina-celebra-um-congresso-nacional-das-missoes-familiares\\\/\",\"name\":\"A Argentina celebra um Congresso Nacional das Miss\u00f5es Familiares\",\"isPartOf\":{\"@id\":\"https:\\\/\\\/schoenstatt.com\\\/pt-pt\\\/#website\"},\"primaryImageOfPage\":{\"@id\":\"https:\\\/\\\/schoenstatt.com\\\/pt-pt\\\/a-argentina-celebra-um-congresso-nacional-das-missoes-familiares\\\/#primaryimage\"},\"image\":{\"@id\":\"https:\\\/\\\/schoenstatt.com\\\/pt-pt\\\/a-argentina-celebra-um-congresso-nacional-das-missoes-familiares\\\/#primaryimage\"},\"thumbnailUrl\":\"https:\\\/\\\/schoenstatt.com\\\/wp-content\\\/uploads\\\/2024\\\/10\\\/Congreso-de-Misiones-Familiares-Argentinas-2024-1.jpg\",\"datePublished\":\"2024-10-22T12:54:04+00:00\",\"dateModified\":\"2025-05-15T22:22:11+00:00\",\"description\":\"Nos 25 anos das Miss\u00f5es Familiares de Schoenstatt, que come\u00e7aram na Argentina, o Movimento realiza um Congresso Nacional.\",\"breadcrumb\":{\"@id\":\"https:\\\/\\\/schoenstatt.com\\\/pt-pt\\\/a-argentina-celebra-um-congresso-nacional-das-missoes-familiares\\\/#breadcrumb\"},\"inLanguage\":\"pt-PT\",\"potentialAction\":[{\"@type\":\"ReadAction\",\"target\":[\"https:\\\/\\\/schoenstatt.com\\\/pt-pt\\\/a-argentina-celebra-um-congresso-nacional-das-missoes-familiares\\\/\"]}]},{\"@type\":\"ImageObject\",\"inLanguage\":\"pt-PT\",\"@id\":\"https:\\\/\\\/schoenstatt.com\\\/pt-pt\\\/a-argentina-celebra-um-congresso-nacional-das-missoes-familiares\\\/#primaryimage\",\"url\":\"https:\\\/\\\/schoenstatt.com\\\/wp-content\\\/uploads\\\/2024\\\/10\\\/Congreso-de-Misiones-Familiares-Argentinas-2024-1.jpg\",\"contentUrl\":\"https:\\\/\\\/schoenstatt.com\\\/wp-content\\\/uploads\\\/2024\\\/10\\\/Congreso-de-Misiones-Familiares-Argentinas-2024-1.jpg\",\"width\":1280,\"height\":721},{\"@type\":\"BreadcrumbList\",\"@id\":\"https:\\\/\\\/schoenstatt.com\\\/pt-pt\\\/a-argentina-celebra-um-congresso-nacional-das-missoes-familiares\\\/#breadcrumb\",\"itemListElement\":[{\"@type\":\"ListItem\",\"position\":1,\"name\":\"Portada\",\"item\":\"https:\\\/\\\/schoenstatt.com\\\/pt-pt\\\/home\\\/\"},{\"@type\":\"ListItem\",\"position\":2,\"name\":\"A Argentina celebra um Congresso Nacional das Miss\u00f5es Familiares\"}]},{\"@type\":\"WebSite\",\"@id\":\"https:\\\/\\\/schoenstatt.com\\\/pt-pt\\\/#website\",\"url\":\"https:\\\/\\\/schoenstatt.com\\\/pt-pt\\\/\",\"name\":\"Schoenstatt\",\"description\":\"Apostolic Movement\",\"publisher\":{\"@id\":\"https:\\\/\\\/schoenstatt.com\\\/pt-pt\\\/#organization\"},\"potentialAction\":[{\"@type\":\"SearchAction\",\"target\":{\"@type\":\"EntryPoint\",\"urlTemplate\":\"https:\\\/\\\/schoenstatt.com\\\/pt-pt\\\/?s={search_term_string}\"},\"query-input\":{\"@type\":\"PropertyValueSpecification\",\"valueRequired\":true,\"valueName\":\"search_term_string\"}}],\"inLanguage\":\"pt-PT\"},{\"@type\":\"Organization\",\"@id\":\"https:\\\/\\\/schoenstatt.com\\\/pt-pt\\\/#organization\",\"name\":\"Schoenstatt\",\"url\":\"https:\\\/\\\/schoenstatt.com\\\/pt-pt\\\/\",\"logo\":{\"@type\":\"ImageObject\",\"inLanguage\":\"pt-PT\",\"@id\":\"https:\\\/\\\/schoenstatt.com\\\/pt-pt\\\/#\\\/schema\\\/logo\\\/image\\\/\",\"url\":\"https:\\\/\\\/schoenstatt.com\\\/wp-content\\\/uploads\\\/2025\\\/04\\\/logo-schoenstatt-white-696x696-1.png\",\"contentUrl\":\"https:\\\/\\\/schoenstatt.com\\\/wp-content\\\/uploads\\\/2025\\\/04\\\/logo-schoenstatt-white-696x696-1.png\",\"width\":696,\"height\":694,\"caption\":\"Schoenstatt\"},\"image\":{\"@id\":\"https:\\\/\\\/schoenstatt.com\\\/pt-pt\\\/#\\\/schema\\\/logo\\\/image\\\/\"}},{\"@type\":\"Person\",\"@id\":\"https:\\\/\\\/schoenstatt.com\\\/pt-pt\\\/#\\\/schema\\\/person\\\/5158877ad4acae98b34daaeef2a1ce6e\",\"name\":\"Karen Bueno\",\"image\":{\"@type\":\"ImageObject\",\"inLanguage\":\"pt-PT\",\"@id\":\"https:\\\/\\\/secure.gravatar.com\\\/avatar\\\/f9f4b823873154269d2b2130f195f6d41037dd0d7fc5f3cacb5c846bae70d66b?s=96&d=mm&r=g\",\"url\":\"https:\\\/\\\/secure.gravatar.com\\\/avatar\\\/f9f4b823873154269d2b2130f195f6d41037dd0d7fc5f3cacb5c846bae70d66b?s=96&d=mm&r=g\",\"contentUrl\":\"https:\\\/\\\/secure.gravatar.com\\\/avatar\\\/f9f4b823873154269d2b2130f195f6d41037dd0d7fc5f3cacb5c846bae70d66b?s=96&d=mm&r=g\",\"caption\":\"Karen Bueno\"},\"url\":\"https:\\\/\\\/schoenstatt.com\\\/pt-pt\\\/author\\\/karen-bueno\\\/\"}]}<\/script>\n<!-- \/ Yoast SEO Premium plugin. -->","yoast_head_json":{"title":"A Argentina celebra um Congresso Nacional das Miss\u00f5es Familiares","description":"Nos 25 anos das Miss\u00f5es Familiares de Schoenstatt, que come\u00e7aram na Argentina, o Movimento realiza um Congresso Nacional.","robots":{"index":"index","follow":"follow","max-snippet":"max-snippet:-1","max-image-preview":"max-image-preview:large","max-video-preview":"max-video-preview:-1"},"canonical":"https:\/\/schoenstatt.com\/pt-pt\/a-argentina-celebra-um-congresso-nacional-das-missoes-familiares\/","og_locale":"pt_PT","og_type":"article","og_title":"A Argentina celebra um Congresso Nacional das Miss\u00f5es Familiares","og_description":"Nos 25 anos das Miss\u00f5es Familiares de Schoenstatt, que come\u00e7aram na Argentina, o Movimento realiza um Congresso Nacional.","og_url":"https:\/\/schoenstatt.com\/pt-pt\/a-argentina-celebra-um-congresso-nacional-das-missoes-familiares\/","og_site_name":"Schoenstatt","article_published_time":"2024-10-22T12:54:04+00:00","article_modified_time":"2025-05-15T22:22:11+00:00","og_image":[{"width":1280,"height":721,"url":"https:\/\/schoenstatt.com\/wp-content\/uploads\/2024\/10\/Congreso-de-Misiones-Familiares-Argentinas-2024-1.jpg","type":"image\/jpeg"}],"author":"Karen Bueno","twitter_card":"summary_large_image","twitter_misc":{"Escrito por":"Karen Bueno","Tempo estimado de leitura":"5 minutos"},"schema":{"@context":"https:\/\/schema.org","@graph":[{"@type":"Article","@id":"https:\/\/schoenstatt.com\/pt-pt\/a-argentina-celebra-um-congresso-nacional-das-missoes-familiares\/#article","isPartOf":{"@id":"https:\/\/schoenstatt.com\/pt-pt\/a-argentina-celebra-um-congresso-nacional-das-missoes-familiares\/"},"author":{"name":"Karen Bueno","@id":"https:\/\/schoenstatt.com\/pt-pt\/#\/schema\/person\/5158877ad4acae98b34daaeef2a1ce6e"},"headline":"A Argentina celebra um Congresso Nacional das Miss\u00f5es Familiares","datePublished":"2024-10-22T12:54:04+00:00","dateModified":"2025-05-15T22:22:11+00:00","mainEntityOfPage":{"@id":"https:\/\/schoenstatt.com\/pt-pt\/a-argentina-celebra-um-congresso-nacional-das-missoes-familiares\/"},"wordCount":1040,"publisher":{"@id":"https:\/\/schoenstatt.com\/pt-pt\/#organization"},"image":{"@id":"https:\/\/schoenstatt.com\/pt-pt\/a-argentina-celebra-um-congresso-nacional-das-missoes-familiares\/#primaryimage"},"thumbnailUrl":"https:\/\/schoenstatt.com\/wp-content\/uploads\/2024\/10\/Congreso-de-Misiones-Familiares-Argentinas-2024-1.jpg","articleSection":["Am\u00e9rica","Em miss\u00e3o"],"inLanguage":"pt-PT"},{"@type":"WebPage","@id":"https:\/\/schoenstatt.com\/pt-pt\/a-argentina-celebra-um-congresso-nacional-das-missoes-familiares\/","url":"https:\/\/schoenstatt.com\/pt-pt\/a-argentina-celebra-um-congresso-nacional-das-missoes-familiares\/","name":"A Argentina celebra um Congresso Nacional das Miss\u00f5es Familiares","isPartOf":{"@id":"https:\/\/schoenstatt.com\/pt-pt\/#website"},"primaryImageOfPage":{"@id":"https:\/\/schoenstatt.com\/pt-pt\/a-argentina-celebra-um-congresso-nacional-das-missoes-familiares\/#primaryimage"},"image":{"@id":"https:\/\/schoenstatt.com\/pt-pt\/a-argentina-celebra-um-congresso-nacional-das-missoes-familiares\/#primaryimage"},"thumbnailUrl":"https:\/\/schoenstatt.com\/wp-content\/uploads\/2024\/10\/Congreso-de-Misiones-Familiares-Argentinas-2024-1.jpg","datePublished":"2024-10-22T12:54:04+00:00","dateModified":"2025-05-15T22:22:11+00:00","description":"Nos 25 anos das Miss\u00f5es Familiares de Schoenstatt, que come\u00e7aram na Argentina, o Movimento realiza um Congresso Nacional.","breadcrumb":{"@id":"https:\/\/schoenstatt.com\/pt-pt\/a-argentina-celebra-um-congresso-nacional-das-missoes-familiares\/#breadcrumb"},"inLanguage":"pt-PT","potentialAction":[{"@type":"ReadAction","target":["https:\/\/schoenstatt.com\/pt-pt\/a-argentina-celebra-um-congresso-nacional-das-missoes-familiares\/"]}]},{"@type":"ImageObject","inLanguage":"pt-PT","@id":"https:\/\/schoenstatt.com\/pt-pt\/a-argentina-celebra-um-congresso-nacional-das-missoes-familiares\/#primaryimage","url":"https:\/\/schoenstatt.com\/wp-content\/uploads\/2024\/10\/Congreso-de-Misiones-Familiares-Argentinas-2024-1.jpg","contentUrl":"https:\/\/schoenstatt.com\/wp-content\/uploads\/2024\/10\/Congreso-de-Misiones-Familiares-Argentinas-2024-1.jpg","width":1280,"height":721},{"@type":"BreadcrumbList","@id":"https:\/\/schoenstatt.com\/pt-pt\/a-argentina-celebra-um-congresso-nacional-das-missoes-familiares\/#breadcrumb","itemListElement":[{"@type":"ListItem","position":1,"name":"Portada","item":"https:\/\/schoenstatt.com\/pt-pt\/home\/"},{"@type":"ListItem","position":2,"name":"A Argentina celebra um Congresso Nacional das Miss\u00f5es Familiares"}]},{"@type":"WebSite","@id":"https:\/\/schoenstatt.com\/pt-pt\/#website","url":"https:\/\/schoenstatt.com\/pt-pt\/","name":"Schoenstatt","description":"Apostolic Movement","publisher":{"@id":"https:\/\/schoenstatt.com\/pt-pt\/#organization"},"potentialAction":[{"@type":"SearchAction","target":{"@type":"EntryPoint","urlTemplate":"https:\/\/schoenstatt.com\/pt-pt\/?s={search_term_string}"},"query-input":{"@type":"PropertyValueSpecification","valueRequired":true,"valueName":"search_term_string"}}],"inLanguage":"pt-PT"},{"@type":"Organization","@id":"https:\/\/schoenstatt.com\/pt-pt\/#organization","name":"Schoenstatt","url":"https:\/\/schoenstatt.com\/pt-pt\/","logo":{"@type":"ImageObject","inLanguage":"pt-PT","@id":"https:\/\/schoenstatt.com\/pt-pt\/#\/schema\/logo\/image\/","url":"https:\/\/schoenstatt.com\/wp-content\/uploads\/2025\/04\/logo-schoenstatt-white-696x696-1.png","contentUrl":"https:\/\/schoenstatt.com\/wp-content\/uploads\/2025\/04\/logo-schoenstatt-white-696x696-1.png","width":696,"height":694,"caption":"Schoenstatt"},"image":{"@id":"https:\/\/schoenstatt.com\/pt-pt\/#\/schema\/logo\/image\/"}},{"@type":"Person","@id":"https:\/\/schoenstatt.com\/pt-pt\/#\/schema\/person\/5158877ad4acae98b34daaeef2a1ce6e","name":"Karen Bueno","image":{"@type":"ImageObject","inLanguage":"pt-PT","@id":"https:\/\/secure.gravatar.com\/avatar\/f9f4b823873154269d2b2130f195f6d41037dd0d7fc5f3cacb5c846bae70d66b?s=96&d=mm&r=g","url":"https:\/\/secure.gravatar.com\/avatar\/f9f4b823873154269d2b2130f195f6d41037dd0d7fc5f3cacb5c846bae70d66b?s=96&d=mm&r=g","contentUrl":"https:\/\/secure.gravatar.com\/avatar\/f9f4b823873154269d2b2130f195f6d41037dd0d7fc5f3cacb5c846bae70d66b?s=96&d=mm&r=g","caption":"Karen Bueno"},"url":"https:\/\/schoenstatt.com\/pt-pt\/author\/karen-bueno\/"}]}},"_links":{"self":[{"href":"https:\/\/schoenstatt.com\/pt-pt\/wp-json\/wp\/v2\/posts\/41930","targetHints":{"allow":["GET"]}}],"collection":[{"href":"https:\/\/schoenstatt.com\/pt-pt\/wp-json\/wp\/v2\/posts"}],"about":[{"href":"https:\/\/schoenstatt.com\/pt-pt\/wp-json\/wp\/v2\/types\/post"}],"author":[{"embeddable":true,"href":"https:\/\/schoenstatt.com\/pt-pt\/wp-json\/wp\/v2\/users\/3"}],"replies":[{"embeddable":true,"href":"https:\/\/schoenstatt.com\/pt-pt\/wp-json\/wp\/v2\/comments?post=41930"}],"version-history":[{"count":1,"href":"https:\/\/schoenstatt.com\/pt-pt\/wp-json\/wp\/v2\/posts\/41930\/revisions"}],"predecessor-version":[{"id":47096,"href":"https:\/\/schoenstatt.com\/pt-pt\/wp-json\/wp\/v2\/posts\/41930\/revisions\/47096"}],"wp:featuredmedia":[{"embeddable":true,"href":"https:\/\/schoenstatt.com\/pt-pt\/wp-json\/wp\/v2\/media\/41913"}],"wp:attachment":[{"href":"https:\/\/schoenstatt.com\/pt-pt\/wp-json\/wp\/v2\/media?parent=41930"}],"wp:term":[{"taxonomy":"category","embeddable":true,"href":"https:\/\/schoenstatt.com\/pt-pt\/wp-json\/wp\/v2\/categories?post=41930"},{"taxonomy":"post_tag","embeddable":true,"href":"https:\/\/schoenstatt.com\/pt-pt\/wp-json\/wp\/v2\/tags?post=41930"}],"curies":[{"name":"wp","href":"https:\/\/api.w.org\/{rel}","templated":true}]}}