{"id":41368,"date":"2024-10-07T03:03:00","date_gmt":"2024-10-07T01:03:00","guid":{"rendered":"https:\/\/schoenstatt.com\/?p=41368"},"modified":"2025-05-16T02:50:52","modified_gmt":"2025-05-16T00:50:52","slug":"o-que-significa-ser-climariano-um-desafio-para-todos-nos","status":"publish","type":"post","link":"https:\/\/schoenstatt.com\/pt-pt\/o-que-significa-ser-climariano-um-desafio-para-todos-nos\/","title":{"rendered":"O que significa ser \u201cclimariano\u201d? Um desafio para todos n\u00f3s"},"content":{"rendered":"\n<p><strong>CliMariano<\/strong> &#8211; um termo muito atual no dicion\u00e1rio da sustentabilidade.<\/p>\n\n\n\n<p><em>Se cada vez que voc\u00ea tomar uma decis\u00e3o, tiver em conta o seu impacto nas altera\u00e7\u00f5es clim\u00e1ticas, poder\u00e1 chamar-se um climariano.<\/em><\/p>\n\n\n\n<p>Nesta defini\u00e7\u00e3o, como marianos, podemos deduzir que a Divina Providencia nos convida a <strong>olhar para a sustentabilidade.<\/strong><\/p>\n\n\n\n<h2 class=\"wp-block-heading\" id=\"h-uma-sustentabilidade-baseada-na-alianca-de-amor\"><strong>Uma sustentabilidade baseada na Alian\u00e7a de Amor<\/strong><\/h2>\n\n\n\n<p>Schoenstatt quer nos ajudar a descobrir toda a riqueza de Nossa Senhora. Queremos <strong>amar integralmente<\/strong>, como Nossa Senhora, e dar respostas \u00e0 sociedade de hoje baseadas na nossa Alian\u00e7a de Amor com Ela.<\/p>\n\n\n\n<p>A Alian\u00e7a de Amor \u00e9 dar-se tempo para observar e integrar como sobrenatural, o mundo que est\u00e1 ao meu redor. Neste momento estamos vivendo um tempo crucial na humanidade. No m\u00eas de agosto de 2024, n\u00f3s, como humanidade, j\u00e1 t\u00ednhamos gastado todos os recursos que a terra nos poderia dar para o ano 2024. A cada ano gastamos com maior velocidade os recursos da terra.<\/p>\n\n\n\n<p>Imaginem uma fam\u00edlia que, ao meio do ano, j\u00e1 tenha gastado todos os recursos financeiros de um ano inteiro? Neste momento n\u00f3s, seres humanos, estamos em um d\u00e9ficit com a terra. A nossa Casa M\u00e3e.<\/p>\n\n\n\n<h2 class=\"wp-block-heading\" id=\"h-um-termo-novo-na-igreja\"><strong>Um termo novo na Igreja<\/strong><\/h2>\n\n\n\n<p>\u201cClimarian\u201d \u00e9 um termo novo, que aos poucos ouviremos regularmente na linguagem cotidiana. Pelo menos por aqueles que tentam mexer com as consci\u00eancias e combater, numa perspectiva individual, o avan\u00e7o das altera\u00e7\u00f5es clim\u00e1ticas.<\/p>\n\n\n\n<p>Diz S\u00e3o Bas\u00edlio:<em> \u201cO Senhor n\u00e3o se serve de olhos para contemplar a Beleza da sua Obra, mas n\u00f3s precisamos de olhos para admir\u00e1-la. A Beleza \u00e9 a base da obra criadora.\u201d<\/em><\/p>\n\n\n\n<p>O mundo deve ser a recorda\u00e7\u00e3o constante desse contato com o Divino. \u00c0 medida que gastamos indevidamente os recursos, vamos perdendo a no\u00e7\u00e3o de que a natureza e as criaturas s\u00e3o recorda\u00e7\u00f5es da presen\u00e7a de Deus. As coisas criadas s\u00e3o feitas para evocar isto. Elas s\u00e3o um interc\u00e2mbio: Humano-Natureza-Comunh\u00e3o com o Sagrado. O ser humano torna-se pessoa enquanto \u00e9 rela\u00e7\u00e3o com a totalidade. E, se possui rela\u00e7\u00e3o com as coisas, deve ter tamb\u00e9m uma \u00edntima rela\u00e7\u00e3o com o Absoluto.<\/p>\n\n\n\n<h2 class=\"wp-block-heading\" id=\"h-uma-oportunidade-para-criar-um-amanha-melhor\"><strong>Uma oportunidade para criar um amanh\u00e3 melhor<\/strong><\/h2>\n\n\n\n<p>O nosso Papa Francisco nos disse em setembro 2024:<\/p>\n\n\n\n<figure class=\"wp-block-pullquote has-medium-font-size\" style=\"border-radius:0px;border-top-style:none;border-top-width:0px;border-bottom-style:none;border-bottom-width:0px;border-left-color:var(--wp--preset--color--luminous-vivid-orange);border-left-width:1px;font-style:italic;font-weight:300\"><blockquote><p><em>\u201cQue mundo queremos deixar \u00e0s nossas crian\u00e7as e aos nossos jovens? O nosso ego\u00edsmo, a nossa indiferen\u00e7a e os nossos estilos irrespons\u00e1veis est\u00e3o amea\u00e7ando o futuro dos nossos jovens! Assim, renovo o meu apelo: cuidemos da nossa m\u00e3e Terra, superemos a tenta\u00e7\u00e3o do ego\u00edsmo que nos faz predadores de recursos, cultivemos o respeito pelos dons da Terra e da cria\u00e7\u00e3o, inauguremos um estilo de vida e uma sociedade finalmente ecos sustent\u00e1veis: temos a oportunidade de preparar um amanh\u00e3 melhor para todos. Das m\u00e3os de Deus recebemos um jardim; aos nossos filhos n\u00e3o podemos deixar um deserto.\u201d<\/em><\/p><\/blockquote><\/figure>\n\n\n\n<p>Como schoenstattianos, Nossa Senhora conta conosco para assegurar, em Alian\u00e7a de Amor, o futuro das gera\u00e7\u00f5es vindouras, como disse o Papa: <em>\u201ctemos a oportunidade de preparar um amanh\u00e3 melhor para todos.\u201d<\/em><\/p>\n\n\n\n<p>Neste m\u00eas de outubro, convidamos a Schoenstatt no mundo inteiro para colocar em pr\u00e1tica algumas experi\u00eancias de cuidar do futuro, sendo um CliMARIANO.<\/p>\n\n\n\n<h2 class=\"wp-block-heading\" id=\"h-um-convite-especial\"><strong>Um convite especial<\/strong><\/h2>\n\n\n\n<p>COMO SER UM CLIMARIANO DA CABE\u00c7A AOS P\u00c9S?<\/p>\n\n\n\n<p>Temos um convite direcionado a profissionais de Design, Engenharia, Arquitetura, Paisagismo e Constru\u00e7\u00e3o a se unirem e tentarem, juntos, refletir nessa conquista da sustentabilidade e do futuro da humanidade.<\/p>\n\n\n\n<p>O grupo ser\u00e1 organizado pela Sra. Rosana Silva, do Instituto Nossa Senhora de Schoenstatt, de Lisboa. A princ\u00edpio, esse grupo est\u00e1 focado em pessoas de idioma portugu\u00eas e espanhol.<\/p>\n\n\n\n<p>Para participar, entre em contato pelo Instagram, pela conta: <a href=\"https:\/\/www.instagram.com\/gavilan_green.spaces\/\" target=\"_blank\" rel=\"noreferrer noopener\"><mark style=\"background-color:rgba(0, 0, 0, 0);color:#c8780a\" class=\"has-inline-color\">@gavilan_green.spaces<\/mark><\/a><\/p>\n\n\n\n<p>Ou por email: gavilan.foreverstore@gmail.com<\/p>\n\n\n\n<h2 class=\"wp-block-heading\" id=\"h-desafios-para-o-mes-de-outubro\"><strong>Desafios para o m\u00eas de outubro<\/strong><\/h2>\n\n\n\n<p>A cada m\u00eas traremos desafios para VIVER O ORDIN\u00c1RIO EXTRAORDINARIAMENTE BEM.<\/p>\n\n\n\n<p>Climariano \u00e9 mais do que um adjetivo, representa um estilo de vida. Nele, cada gesto do dia \u00e9 concebido para produzir o menor impacto poss\u00edvel no planeta. A lista de pequenos detalhes individuais com os quais se pode travar uma guerra contra as altera\u00e7\u00f5es clim\u00e1ticas \u00e9 intermin\u00e1vel, aqui ficam algumas sugest\u00f5es.<\/p>\n\n\n\n<figure class=\"wp-block-pullquote has-medium-font-size\" style=\"border-top-color:var(--wp--preset--color--luminous-vivid-orange);border-top-style:solid;border-top-width:1px;border-bottom-color:var(--wp--preset--color--luminous-vivid-orange);border-bottom-style:solid;border-bottom-width:1px;font-style:italic;font-weight:300\"><blockquote><p><strong>&#8211; TER SEMPRE EM MENTE OS 3Rs DA ECONOMIA CIRCULAR<\/strong><br>\u00a0<br><strong>Reduzir<\/strong>, pensar se \u00e9 mesmo necess\u00e1rio. <strong>Reutilizar<\/strong>, certamente pode prolongar a vida de muitas coisas que j\u00e1 tinha mandado para o aterro. <strong>Reciclar<\/strong>, talvez possa dar outra oportunidade a esses res\u00edduos como recurso.<br>\u00a0<br><strong>&#8211; PRATICAR UMA MOBILIDADE SUSTENT\u00c1VEL<br><\/strong>\u00a0<br>Escolha o meio de transporte menos poluente, sempre que puder. A op\u00e7\u00e3o mais saud\u00e1vel \u00e9 ir a p\u00e9 ou de bicicleta para todo o lado. Caso contr\u00e1rio, os transportes p\u00fablicos. Se preferir ir pelo seu pr\u00f3prio caminho, opte por transportes multimodais, como scooters ou bicicletas el\u00e9ctricas partilhadas.<br>\u00a0<br>E para viagens de menos de 3 horas, apanhe sempre o comboio (\u00f4nibus) em vez do avi\u00e3o. Um exemplo para sensibilizar para a import\u00e2ncia da mobilidade sustent\u00e1vel: a viagem Amesterd\u00e3o &#8211; Bruxelas de avi\u00e3o gera entre 26 e 56 quilos de CO\u2082, enquanto de comboio as emiss\u00f5es se situam entre 1,7 e 2 quilos.<\/p><\/blockquote><\/figure>\n\n\n\n<p>No pr\u00f3ximo m\u00eas traremos mais sugest\u00f5es pr\u00e1ticas para uma vida sustent\u00e1vel.<\/p>\n","protected":false},"excerpt":{"rendered":"<p>Se cada vez que voc\u00ea tomar uma decis\u00e3o, tiver em conta o seu impacto nas altera\u00e7\u00f5es clim\u00e1ticas, poder\u00e1 chamar-se um climariano.<\/p>\n","protected":false},"author":3,"featured_media":41364,"comment_status":"closed","ping_status":"closed","sticky":false,"template":"","format":"standard","meta":{"footnotes":""},"categories":[608,884,912],"tags":[],"class_list":["post-41368","post","type-post","status-publish","format-standard","has-post-thumbnail","hentry","category-igreja-pt-pt","category-meio-ambiente-pt-pt","category-sociedade-pt-pt"],"yoast_head":"<!-- This site is optimized with the Yoast SEO Premium plugin v27.4 (Yoast SEO v27.4) - https:\/\/yoast.com\/product\/yoast-seo-premium-wordpress\/ -->\n<title>O que significa ser \u201cclimariano\u201d? Um desafio para todos n\u00f3s - Schoenstatt<\/title>\n<meta name=\"description\" content=\"Se cada vez que voc\u00ea tomar uma decis\u00e3o, tiver em conta o seu impacto nas altera\u00e7\u00f5es clim\u00e1ticas, poder\u00e1 chamar-se um climariano.\" \/>\n<meta name=\"robots\" content=\"index, follow, max-snippet:-1, max-image-preview:large, max-video-preview:-1\" \/>\n<link rel=\"canonical\" href=\"https:\/\/schoenstatt.com\/pt-pt\/o-que-significa-ser-climariano-um-desafio-para-todos-nos\/\" \/>\n<meta property=\"og:locale\" content=\"pt_PT\" \/>\n<meta property=\"og:type\" content=\"article\" \/>\n<meta property=\"og:title\" content=\"O que significa ser \u201cclimariano\u201d? Um desafio para todos n\u00f3s\" \/>\n<meta property=\"og:description\" content=\"Se cada vez que voc\u00ea tomar uma decis\u00e3o, tiver em conta o seu impacto nas altera\u00e7\u00f5es clim\u00e1ticas, poder\u00e1 chamar-se um climariano.\" \/>\n<meta property=\"og:url\" content=\"https:\/\/schoenstatt.com\/pt-pt\/o-que-significa-ser-climariano-um-desafio-para-todos-nos\/\" \/>\n<meta property=\"og:site_name\" content=\"Schoenstatt\" \/>\n<meta property=\"article:published_time\" content=\"2024-10-07T01:03:00+00:00\" \/>\n<meta property=\"article:modified_time\" content=\"2025-05-16T00:50:52+00:00\" \/>\n<meta property=\"og:image\" content=\"https:\/\/schoenstatt.com\/wp-content\/uploads\/2024\/10\/ecologia-mae-mater-mta-1.jpg\" \/>\n\t<meta property=\"og:image:width\" content=\"2048\" \/>\n\t<meta property=\"og:image:height\" content=\"1331\" \/>\n\t<meta property=\"og:image:type\" content=\"image\/jpeg\" \/>\n<meta name=\"author\" content=\"Karen Bueno\" \/>\n<meta name=\"twitter:card\" content=\"summary_large_image\" \/>\n<meta name=\"twitter:label1\" content=\"Escrito por\" \/>\n\t<meta name=\"twitter:data1\" content=\"Karen Bueno\" \/>\n\t<meta name=\"twitter:label2\" content=\"Tempo estimado de leitura\" \/>\n\t<meta name=\"twitter:data2\" content=\"3 minutos\" \/>\n<script type=\"application\/ld+json\" class=\"yoast-schema-graph\">{\"@context\":\"https:\\\/\\\/schema.org\",\"@graph\":[{\"@type\":\"Article\",\"@id\":\"https:\\\/\\\/schoenstatt.com\\\/pt-pt\\\/o-que-significa-ser-climariano-um-desafio-para-todos-nos\\\/#article\",\"isPartOf\":{\"@id\":\"https:\\\/\\\/schoenstatt.com\\\/pt-pt\\\/o-que-significa-ser-climariano-um-desafio-para-todos-nos\\\/\"},\"author\":{\"name\":\"Karen Bueno\",\"@id\":\"https:\\\/\\\/schoenstatt.com\\\/pt-pt\\\/#\\\/schema\\\/person\\\/5158877ad4acae98b34daaeef2a1ce6e\"},\"headline\":\"O que significa ser \u201cclimariano\u201d? Um desafio para todos n\u00f3s\",\"datePublished\":\"2024-10-07T01:03:00+00:00\",\"dateModified\":\"2025-05-16T00:50:52+00:00\",\"mainEntityOfPage\":{\"@id\":\"https:\\\/\\\/schoenstatt.com\\\/pt-pt\\\/o-que-significa-ser-climariano-um-desafio-para-todos-nos\\\/\"},\"wordCount\":899,\"publisher\":{\"@id\":\"https:\\\/\\\/schoenstatt.com\\\/pt-pt\\\/#organization\"},\"image\":{\"@id\":\"https:\\\/\\\/schoenstatt.com\\\/pt-pt\\\/o-que-significa-ser-climariano-um-desafio-para-todos-nos\\\/#primaryimage\"},\"thumbnailUrl\":\"https:\\\/\\\/schoenstatt.com\\\/wp-content\\\/uploads\\\/2024\\\/10\\\/ecologia-mae-mater-mta-1.jpg\",\"articleSection\":[\"Igreja\",\"Meio Ambiente\",\"Sociedade\"],\"inLanguage\":\"pt-PT\"},{\"@type\":\"WebPage\",\"@id\":\"https:\\\/\\\/schoenstatt.com\\\/pt-pt\\\/o-que-significa-ser-climariano-um-desafio-para-todos-nos\\\/\",\"url\":\"https:\\\/\\\/schoenstatt.com\\\/pt-pt\\\/o-que-significa-ser-climariano-um-desafio-para-todos-nos\\\/\",\"name\":\"O que significa ser \u201cclimariano\u201d? Um desafio para todos n\u00f3s - Schoenstatt\",\"isPartOf\":{\"@id\":\"https:\\\/\\\/schoenstatt.com\\\/pt-pt\\\/#website\"},\"primaryImageOfPage\":{\"@id\":\"https:\\\/\\\/schoenstatt.com\\\/pt-pt\\\/o-que-significa-ser-climariano-um-desafio-para-todos-nos\\\/#primaryimage\"},\"image\":{\"@id\":\"https:\\\/\\\/schoenstatt.com\\\/pt-pt\\\/o-que-significa-ser-climariano-um-desafio-para-todos-nos\\\/#primaryimage\"},\"thumbnailUrl\":\"https:\\\/\\\/schoenstatt.com\\\/wp-content\\\/uploads\\\/2024\\\/10\\\/ecologia-mae-mater-mta-1.jpg\",\"datePublished\":\"2024-10-07T01:03:00+00:00\",\"dateModified\":\"2025-05-16T00:50:52+00:00\",\"description\":\"Se cada vez que voc\u00ea tomar uma decis\u00e3o, tiver em conta o seu impacto nas altera\u00e7\u00f5es clim\u00e1ticas, poder\u00e1 chamar-se um climariano.\",\"breadcrumb\":{\"@id\":\"https:\\\/\\\/schoenstatt.com\\\/pt-pt\\\/o-que-significa-ser-climariano-um-desafio-para-todos-nos\\\/#breadcrumb\"},\"inLanguage\":\"pt-PT\",\"potentialAction\":[{\"@type\":\"ReadAction\",\"target\":[\"https:\\\/\\\/schoenstatt.com\\\/pt-pt\\\/o-que-significa-ser-climariano-um-desafio-para-todos-nos\\\/\"]}]},{\"@type\":\"ImageObject\",\"inLanguage\":\"pt-PT\",\"@id\":\"https:\\\/\\\/schoenstatt.com\\\/pt-pt\\\/o-que-significa-ser-climariano-um-desafio-para-todos-nos\\\/#primaryimage\",\"url\":\"https:\\\/\\\/schoenstatt.com\\\/wp-content\\\/uploads\\\/2024\\\/10\\\/ecologia-mae-mater-mta-1.jpg\",\"contentUrl\":\"https:\\\/\\\/schoenstatt.com\\\/wp-content\\\/uploads\\\/2024\\\/10\\\/ecologia-mae-mater-mta-1.jpg\",\"width\":2048,\"height\":1331},{\"@type\":\"BreadcrumbList\",\"@id\":\"https:\\\/\\\/schoenstatt.com\\\/pt-pt\\\/o-que-significa-ser-climariano-um-desafio-para-todos-nos\\\/#breadcrumb\",\"itemListElement\":[{\"@type\":\"ListItem\",\"position\":1,\"name\":\"Portada\",\"item\":\"https:\\\/\\\/schoenstatt.com\\\/pt-pt\\\/home\\\/\"},{\"@type\":\"ListItem\",\"position\":2,\"name\":\"O que significa ser \u201cclimariano\u201d? Um desafio para todos n\u00f3s\"}]},{\"@type\":\"WebSite\",\"@id\":\"https:\\\/\\\/schoenstatt.com\\\/pt-pt\\\/#website\",\"url\":\"https:\\\/\\\/schoenstatt.com\\\/pt-pt\\\/\",\"name\":\"Schoenstatt\",\"description\":\"Apostolic Movement\",\"publisher\":{\"@id\":\"https:\\\/\\\/schoenstatt.com\\\/pt-pt\\\/#organization\"},\"potentialAction\":[{\"@type\":\"SearchAction\",\"target\":{\"@type\":\"EntryPoint\",\"urlTemplate\":\"https:\\\/\\\/schoenstatt.com\\\/pt-pt\\\/?s={search_term_string}\"},\"query-input\":{\"@type\":\"PropertyValueSpecification\",\"valueRequired\":true,\"valueName\":\"search_term_string\"}}],\"inLanguage\":\"pt-PT\"},{\"@type\":\"Organization\",\"@id\":\"https:\\\/\\\/schoenstatt.com\\\/pt-pt\\\/#organization\",\"name\":\"Schoenstatt\",\"url\":\"https:\\\/\\\/schoenstatt.com\\\/pt-pt\\\/\",\"logo\":{\"@type\":\"ImageObject\",\"inLanguage\":\"pt-PT\",\"@id\":\"https:\\\/\\\/schoenstatt.com\\\/pt-pt\\\/#\\\/schema\\\/logo\\\/image\\\/\",\"url\":\"https:\\\/\\\/schoenstatt.com\\\/wp-content\\\/uploads\\\/2025\\\/04\\\/logo-schoenstatt-white-696x696-1.png\",\"contentUrl\":\"https:\\\/\\\/schoenstatt.com\\\/wp-content\\\/uploads\\\/2025\\\/04\\\/logo-schoenstatt-white-696x696-1.png\",\"width\":696,\"height\":694,\"caption\":\"Schoenstatt\"},\"image\":{\"@id\":\"https:\\\/\\\/schoenstatt.com\\\/pt-pt\\\/#\\\/schema\\\/logo\\\/image\\\/\"}},{\"@type\":\"Person\",\"@id\":\"https:\\\/\\\/schoenstatt.com\\\/pt-pt\\\/#\\\/schema\\\/person\\\/5158877ad4acae98b34daaeef2a1ce6e\",\"name\":\"Karen Bueno\",\"image\":{\"@type\":\"ImageObject\",\"inLanguage\":\"pt-PT\",\"@id\":\"https:\\\/\\\/secure.gravatar.com\\\/avatar\\\/f9f4b823873154269d2b2130f195f6d41037dd0d7fc5f3cacb5c846bae70d66b?s=96&d=mm&r=g\",\"url\":\"https:\\\/\\\/secure.gravatar.com\\\/avatar\\\/f9f4b823873154269d2b2130f195f6d41037dd0d7fc5f3cacb5c846bae70d66b?s=96&d=mm&r=g\",\"contentUrl\":\"https:\\\/\\\/secure.gravatar.com\\\/avatar\\\/f9f4b823873154269d2b2130f195f6d41037dd0d7fc5f3cacb5c846bae70d66b?s=96&d=mm&r=g\",\"caption\":\"Karen Bueno\"},\"url\":\"https:\\\/\\\/schoenstatt.com\\\/pt-pt\\\/author\\\/karen-bueno\\\/\"}]}<\/script>\n<!-- \/ Yoast SEO Premium plugin. -->","yoast_head_json":{"title":"O que significa ser \u201cclimariano\u201d? Um desafio para todos n\u00f3s - Schoenstatt","description":"Se cada vez que voc\u00ea tomar uma decis\u00e3o, tiver em conta o seu impacto nas altera\u00e7\u00f5es clim\u00e1ticas, poder\u00e1 chamar-se um climariano.","robots":{"index":"index","follow":"follow","max-snippet":"max-snippet:-1","max-image-preview":"max-image-preview:large","max-video-preview":"max-video-preview:-1"},"canonical":"https:\/\/schoenstatt.com\/pt-pt\/o-que-significa-ser-climariano-um-desafio-para-todos-nos\/","og_locale":"pt_PT","og_type":"article","og_title":"O que significa ser \u201cclimariano\u201d? Um desafio para todos n\u00f3s","og_description":"Se cada vez que voc\u00ea tomar uma decis\u00e3o, tiver em conta o seu impacto nas altera\u00e7\u00f5es clim\u00e1ticas, poder\u00e1 chamar-se um climariano.","og_url":"https:\/\/schoenstatt.com\/pt-pt\/o-que-significa-ser-climariano-um-desafio-para-todos-nos\/","og_site_name":"Schoenstatt","article_published_time":"2024-10-07T01:03:00+00:00","article_modified_time":"2025-05-16T00:50:52+00:00","og_image":[{"width":2048,"height":1331,"url":"https:\/\/schoenstatt.com\/wp-content\/uploads\/2024\/10\/ecologia-mae-mater-mta-1.jpg","type":"image\/jpeg"}],"author":"Karen Bueno","twitter_card":"summary_large_image","twitter_misc":{"Escrito por":"Karen Bueno","Tempo estimado de leitura":"3 minutos"},"schema":{"@context":"https:\/\/schema.org","@graph":[{"@type":"Article","@id":"https:\/\/schoenstatt.com\/pt-pt\/o-que-significa-ser-climariano-um-desafio-para-todos-nos\/#article","isPartOf":{"@id":"https:\/\/schoenstatt.com\/pt-pt\/o-que-significa-ser-climariano-um-desafio-para-todos-nos\/"},"author":{"name":"Karen Bueno","@id":"https:\/\/schoenstatt.com\/pt-pt\/#\/schema\/person\/5158877ad4acae98b34daaeef2a1ce6e"},"headline":"O que significa ser \u201cclimariano\u201d? Um desafio para todos n\u00f3s","datePublished":"2024-10-07T01:03:00+00:00","dateModified":"2025-05-16T00:50:52+00:00","mainEntityOfPage":{"@id":"https:\/\/schoenstatt.com\/pt-pt\/o-que-significa-ser-climariano-um-desafio-para-todos-nos\/"},"wordCount":899,"publisher":{"@id":"https:\/\/schoenstatt.com\/pt-pt\/#organization"},"image":{"@id":"https:\/\/schoenstatt.com\/pt-pt\/o-que-significa-ser-climariano-um-desafio-para-todos-nos\/#primaryimage"},"thumbnailUrl":"https:\/\/schoenstatt.com\/wp-content\/uploads\/2024\/10\/ecologia-mae-mater-mta-1.jpg","articleSection":["Igreja","Meio Ambiente","Sociedade"],"inLanguage":"pt-PT"},{"@type":"WebPage","@id":"https:\/\/schoenstatt.com\/pt-pt\/o-que-significa-ser-climariano-um-desafio-para-todos-nos\/","url":"https:\/\/schoenstatt.com\/pt-pt\/o-que-significa-ser-climariano-um-desafio-para-todos-nos\/","name":"O que significa ser \u201cclimariano\u201d? Um desafio para todos n\u00f3s - Schoenstatt","isPartOf":{"@id":"https:\/\/schoenstatt.com\/pt-pt\/#website"},"primaryImageOfPage":{"@id":"https:\/\/schoenstatt.com\/pt-pt\/o-que-significa-ser-climariano-um-desafio-para-todos-nos\/#primaryimage"},"image":{"@id":"https:\/\/schoenstatt.com\/pt-pt\/o-que-significa-ser-climariano-um-desafio-para-todos-nos\/#primaryimage"},"thumbnailUrl":"https:\/\/schoenstatt.com\/wp-content\/uploads\/2024\/10\/ecologia-mae-mater-mta-1.jpg","datePublished":"2024-10-07T01:03:00+00:00","dateModified":"2025-05-16T00:50:52+00:00","description":"Se cada vez que voc\u00ea tomar uma decis\u00e3o, tiver em conta o seu impacto nas altera\u00e7\u00f5es clim\u00e1ticas, poder\u00e1 chamar-se um climariano.","breadcrumb":{"@id":"https:\/\/schoenstatt.com\/pt-pt\/o-que-significa-ser-climariano-um-desafio-para-todos-nos\/#breadcrumb"},"inLanguage":"pt-PT","potentialAction":[{"@type":"ReadAction","target":["https:\/\/schoenstatt.com\/pt-pt\/o-que-significa-ser-climariano-um-desafio-para-todos-nos\/"]}]},{"@type":"ImageObject","inLanguage":"pt-PT","@id":"https:\/\/schoenstatt.com\/pt-pt\/o-que-significa-ser-climariano-um-desafio-para-todos-nos\/#primaryimage","url":"https:\/\/schoenstatt.com\/wp-content\/uploads\/2024\/10\/ecologia-mae-mater-mta-1.jpg","contentUrl":"https:\/\/schoenstatt.com\/wp-content\/uploads\/2024\/10\/ecologia-mae-mater-mta-1.jpg","width":2048,"height":1331},{"@type":"BreadcrumbList","@id":"https:\/\/schoenstatt.com\/pt-pt\/o-que-significa-ser-climariano-um-desafio-para-todos-nos\/#breadcrumb","itemListElement":[{"@type":"ListItem","position":1,"name":"Portada","item":"https:\/\/schoenstatt.com\/pt-pt\/home\/"},{"@type":"ListItem","position":2,"name":"O que significa ser \u201cclimariano\u201d? Um desafio para todos n\u00f3s"}]},{"@type":"WebSite","@id":"https:\/\/schoenstatt.com\/pt-pt\/#website","url":"https:\/\/schoenstatt.com\/pt-pt\/","name":"Schoenstatt","description":"Apostolic Movement","publisher":{"@id":"https:\/\/schoenstatt.com\/pt-pt\/#organization"},"potentialAction":[{"@type":"SearchAction","target":{"@type":"EntryPoint","urlTemplate":"https:\/\/schoenstatt.com\/pt-pt\/?s={search_term_string}"},"query-input":{"@type":"PropertyValueSpecification","valueRequired":true,"valueName":"search_term_string"}}],"inLanguage":"pt-PT"},{"@type":"Organization","@id":"https:\/\/schoenstatt.com\/pt-pt\/#organization","name":"Schoenstatt","url":"https:\/\/schoenstatt.com\/pt-pt\/","logo":{"@type":"ImageObject","inLanguage":"pt-PT","@id":"https:\/\/schoenstatt.com\/pt-pt\/#\/schema\/logo\/image\/","url":"https:\/\/schoenstatt.com\/wp-content\/uploads\/2025\/04\/logo-schoenstatt-white-696x696-1.png","contentUrl":"https:\/\/schoenstatt.com\/wp-content\/uploads\/2025\/04\/logo-schoenstatt-white-696x696-1.png","width":696,"height":694,"caption":"Schoenstatt"},"image":{"@id":"https:\/\/schoenstatt.com\/pt-pt\/#\/schema\/logo\/image\/"}},{"@type":"Person","@id":"https:\/\/schoenstatt.com\/pt-pt\/#\/schema\/person\/5158877ad4acae98b34daaeef2a1ce6e","name":"Karen Bueno","image":{"@type":"ImageObject","inLanguage":"pt-PT","@id":"https:\/\/secure.gravatar.com\/avatar\/f9f4b823873154269d2b2130f195f6d41037dd0d7fc5f3cacb5c846bae70d66b?s=96&d=mm&r=g","url":"https:\/\/secure.gravatar.com\/avatar\/f9f4b823873154269d2b2130f195f6d41037dd0d7fc5f3cacb5c846bae70d66b?s=96&d=mm&r=g","contentUrl":"https:\/\/secure.gravatar.com\/avatar\/f9f4b823873154269d2b2130f195f6d41037dd0d7fc5f3cacb5c846bae70d66b?s=96&d=mm&r=g","caption":"Karen Bueno"},"url":"https:\/\/schoenstatt.com\/pt-pt\/author\/karen-bueno\/"}]}},"_links":{"self":[{"href":"https:\/\/schoenstatt.com\/pt-pt\/wp-json\/wp\/v2\/posts\/41368","targetHints":{"allow":["GET"]}}],"collection":[{"href":"https:\/\/schoenstatt.com\/pt-pt\/wp-json\/wp\/v2\/posts"}],"about":[{"href":"https:\/\/schoenstatt.com\/pt-pt\/wp-json\/wp\/v2\/types\/post"}],"author":[{"embeddable":true,"href":"https:\/\/schoenstatt.com\/pt-pt\/wp-json\/wp\/v2\/users\/3"}],"replies":[{"embeddable":true,"href":"https:\/\/schoenstatt.com\/pt-pt\/wp-json\/wp\/v2\/comments?post=41368"}],"version-history":[{"count":1,"href":"https:\/\/schoenstatt.com\/pt-pt\/wp-json\/wp\/v2\/posts\/41368\/revisions"}],"predecessor-version":[{"id":47070,"href":"https:\/\/schoenstatt.com\/pt-pt\/wp-json\/wp\/v2\/posts\/41368\/revisions\/47070"}],"wp:featuredmedia":[{"embeddable":true,"href":"https:\/\/schoenstatt.com\/pt-pt\/wp-json\/wp\/v2\/media\/41364"}],"wp:attachment":[{"href":"https:\/\/schoenstatt.com\/pt-pt\/wp-json\/wp\/v2\/media?parent=41368"}],"wp:term":[{"taxonomy":"category","embeddable":true,"href":"https:\/\/schoenstatt.com\/pt-pt\/wp-json\/wp\/v2\/categories?post=41368"},{"taxonomy":"post_tag","embeddable":true,"href":"https:\/\/schoenstatt.com\/pt-pt\/wp-json\/wp\/v2\/tags?post=41368"}],"curies":[{"name":"wp","href":"https:\/\/api.w.org\/{rel}","templated":true}]}}