{"id":41334,"date":"2024-10-01T18:28:32","date_gmt":"2024-10-01T16:28:32","guid":{"rendered":"https:\/\/schoenstatt.com\/?p=41334"},"modified":"2025-05-16T00:13:03","modified_gmt":"2025-05-15T22:13:03","slug":"uma-luz-de-esperanca-se-acende-no-mundo-digital","status":"publish","type":"post","link":"https:\/\/schoenstatt.com\/pt-pt\/uma-luz-de-esperanca-se-acende-no-mundo-digital\/","title":{"rendered":"Uma luz de esperan\u00e7a se acende no mundo digital"},"content":{"rendered":"\n<p>Existe algo mais belo do que ver a luz se multiplicar em um ambiente escuro? Pouco a pouco, a claridade vence a escurid\u00e3o e tudo parece estar vestido de esperan\u00e7a.<\/p>\n\n\n\n<p>Hoje, 1\u00ba de outubro de 2024, surge, t\u00eanue e crescente, o brilho de uma nova luz, de uma luz de esperan\u00e7a no espa\u00e7o digital.<\/p>\n\n\n\n<p>Hoje, as <a href=\"https:\/\/schoenstatt.com\/pt-pt\/em-comunidade\/woman\/irmas-de-maria\/\">Irm\u00e3s de Maria de Schoenstatt<\/a> da Prov\u00edncia Nazar\u00e9 \u2013 Argentina, Paraguai e Uruguai \u2013, estamos lan\u00e7ando nosso site e canal no Instagram. Queremos ser uma presen\u00e7a viva de Maria no espa\u00e7o digital para acolh\u00ea-lo, transform\u00e1-lo e direcion\u00e1-lo cada vez mais para o c\u00e9u.<\/p>\n\n\n\n<h2 class=\"wp-block-heading\" id=\"h-um-pouco-de-historia\"><strong>Um pouco de hist\u00f3ria<\/strong><\/h2>\n\n\n\n<p>Em 1926, um corajoso grupo de mulheres j\u00e1 consagradas \u00e0 miss\u00e3o de Schoenstatt arriscou-se a deixar sua profiss\u00e3o e renunciar a seguran\u00e7a de um trabalho est\u00e1vel e remunerado. O fogo do amor pelo Santu\u00e1rio, no vale de Schoenstatt, e pela miss\u00e3o que exigia seu sim incondicional era mais forte do que qualquer alternativa que as afastasse dele. Deus mesmo, por meio da M\u00e3e Tr\u00eas Vezes Admir\u00e1vel, as convocava para ser a alma de um Movimento que crescia a passos de gigante e que necessitava de pessoas decididas e abnegadas que se colocassem inteiramente a servi\u00e7o dessa obra, para que a grande Educadora pudesse realizar sua tarefa a partir da capelinha.<\/p>\n\n\n\n<h2 class=\"wp-block-heading\" id=\"h-as-portas-do-primeiro-seculo\"><strong>\u00c0s portas do primeiro s\u00e9culo<\/strong><\/h2>\n\n\n\n<figure class=\"wp-block-gallery has-nested-images columns-default is-cropped wp-block-gallery-1 is-layout-flex wp-block-gallery-is-layout-flex\">\n<figure class=\"wp-block-image size-large\"><img decoding=\"async\" data-id=\"41330\" src=\"https:\/\/schoenstatt.com\/wp-content\/uploads\/2024\/10\/hermanas-sisters-schwester-irmas-2-1024x683.jpg\" alt=\"\" class=\"wp-image-41330\"\/><\/figure>\n\n\n\n<figure class=\"wp-block-image size-large\"><img decoding=\"async\" data-id=\"41322\" src=\"https:\/\/schoenstatt.com\/wp-content\/uploads\/2024\/10\/hermanas-sisters-schwester-irmas-3.jpg\" alt=\"\" class=\"wp-image-41322\"\/><\/figure>\n\n\n\n<figure class=\"wp-block-image size-large\"><img decoding=\"async\" data-id=\"41327\" src=\"https:\/\/schoenstatt.com\/wp-content\/uploads\/2024\/10\/hermanas-sisters-schwester-irmas-1024x683.jpg\" alt=\"\" class=\"wp-image-41327\"\/><\/figure>\n<\/figure>\n\n\n\n<p>Caminhamos rumo ao 1\u00ba de outubro de 2026, os primeiros cem anos de uma comunidade que continua sendo a alma da Obra de Schoenstatt!<\/p>\n\n\n\n<p>Olhar para tr\u00e1s \u00e9 retornar \u00e0 origem, \u00e0 raiz, para encontrar ali nossa identidade mais profunda e nos entregar de uma maneira nova, de acordo com o tempo presente. \u00c9 isso que nos move a dar esse passo de presen\u00e7a ativa no espa\u00e7o digital, onde tamb\u00e9m queremos presentear Maria!<\/p>\n\n\n\n<p>N\u00f3s oferecemos aquilo que recebemos. Como ela, somos herdeiros da luz. Como ela, podemos oferec\u00ea-la aos outros porque, assim como ontem, fomos tocados pelo fogo do amor que nos convida a nos consumirmos inteiramente para sermos luz, para distribu\u00ed-la com as m\u00e3os cheias!<\/p>\n\n\n\n<p>A luz se multiplica, torna-se uma \u00fanica chama que ilumina o mundo. Maria, luz da esperan\u00e7a, caminha \u00e0 nossa frente. Em seus passos, somos sua presen\u00e7a viva, uma presen\u00e7a que transforma nossa hist\u00f3ria de hoje para os s\u00e9culos vindouros.<\/p>\n\n\n\n<p>Convidamos voc\u00ea a conhecer nosso novo site, Instagram e canal do YouTube!<\/p>\n\n\n\n<p class=\"has-text-align-center\"><strong>www.hms-nazaret.org<\/strong><\/p>\n\n\n\n<div class=\"wp-block-buttons is-content-justification-center is-layout-flex wp-container-core-buttons-is-layout-a89b3969 wp-block-buttons-is-layout-flex\">\n<div class=\"wp-block-button\"><a class=\"wp-block-button__link has-white-color has-text-color has-background has-link-color has-text-align-center wp-element-button\" href=\"https:\/\/hms-nazaret.org\/\" style=\"border-radius:14px;background-color:#c35800\" target=\"_blank\" rel=\"noreferrer noopener\">Novo site<\/a><\/div>\n<\/div>\n\n\n\n<p><strong>Instagram: <\/strong><a href=\"https:\/\/www.instagram.com\/hmsnazaret\/\" target=\"_blank\" rel=\"noreferrer noopener\"><mark style=\"background-color:rgba(0, 0, 0, 0);color:#cc6d17\" class=\"has-inline-color\">@hmsnazaret<\/mark><\/a><br><strong>Youtube:<\/strong> <a href=\"https:\/\/www.youtube.com\/@Hmsnazaret\" target=\"_blank\" rel=\"noreferrer noopener\"><mark style=\"background-color:rgba(0, 0, 0, 0);color:#cc6d17\" class=\"has-inline-color\">@Hmsnazaret<\/mark><\/a><\/p>\n","protected":false},"excerpt":{"rendered":"<p>No dia da funda\u00e7\u00e3o da comunidade das Irm\u00e3s de Maria, surge um sinal de luz: o novo site da Prov\u00edncia Nazar\u00e9.<\/p>\n","protected":false},"author":3,"featured_media":41316,"comment_status":"closed","ping_status":"closed","sticky":false,"template":"","format":"standard","meta":{"footnotes":""},"categories":[625,908],"tags":[],"class_list":["post-41334","post","type-post","status-publish","format-standard","has-post-thumbnail","hentry","category-america-pt-pt","category-comunidades-de-schoenstatt-pt-pt"],"yoast_head":"<!-- This site is optimized with the Yoast SEO Premium plugin v27.4 (Yoast SEO v27.4) - https:\/\/yoast.com\/product\/yoast-seo-premium-wordpress\/ -->\n<title>Uma luz de esperan\u00e7a se acende no mundo digital - Schoenstatt<\/title>\n<meta name=\"description\" content=\"No dia da funda\u00e7\u00e3o da comunidade das Irm\u00e3s de Maria, surge um sinal de luz: o novo site da Prov\u00edncia Nazar\u00e9.\" \/>\n<meta name=\"robots\" content=\"index, follow, max-snippet:-1, max-image-preview:large, max-video-preview:-1\" \/>\n<link rel=\"canonical\" href=\"https:\/\/schoenstatt.com\/pt-pt\/uma-luz-de-esperanca-se-acende-no-mundo-digital\/\" \/>\n<meta property=\"og:locale\" content=\"pt_PT\" \/>\n<meta property=\"og:type\" content=\"article\" \/>\n<meta property=\"og:title\" content=\"Uma luz de esperan\u00e7a se acende no mundo digital\" \/>\n<meta property=\"og:description\" content=\"No dia da funda\u00e7\u00e3o da comunidade das Irm\u00e3s de Maria, surge um sinal de luz: o novo site da Prov\u00edncia Nazar\u00e9.\" \/>\n<meta property=\"og:url\" content=\"https:\/\/schoenstatt.com\/pt-pt\/uma-luz-de-esperanca-se-acende-no-mundo-digital\/\" \/>\n<meta property=\"og:site_name\" content=\"Schoenstatt\" \/>\n<meta property=\"article:published_time\" content=\"2024-10-01T16:28:32+00:00\" \/>\n<meta property=\"article:modified_time\" content=\"2025-05-15T22:13:03+00:00\" \/>\n<meta property=\"og:image\" content=\"https:\/\/schoenstatt.com\/wp-content\/uploads\/2024\/10\/light-luz-vela-fuego-fire-1.jpg\" \/>\n\t<meta property=\"og:image:width\" content=\"2048\" \/>\n\t<meta property=\"og:image:height\" content=\"1208\" \/>\n\t<meta property=\"og:image:type\" content=\"image\/jpeg\" \/>\n<meta name=\"author\" content=\"Karen Bueno\" \/>\n<meta name=\"twitter:card\" content=\"summary_large_image\" \/>\n<meta name=\"twitter:label1\" content=\"Escrito por\" \/>\n\t<meta name=\"twitter:data1\" content=\"Karen Bueno\" \/>\n\t<meta name=\"twitter:label2\" content=\"Tempo estimado de leitura\" \/>\n\t<meta name=\"twitter:data2\" content=\"3 minutos\" \/>\n<script type=\"application\/ld+json\" class=\"yoast-schema-graph\">{\"@context\":\"https:\\\/\\\/schema.org\",\"@graph\":[{\"@type\":\"Article\",\"@id\":\"https:\\\/\\\/schoenstatt.com\\\/pt-pt\\\/uma-luz-de-esperanca-se-acende-no-mundo-digital\\\/#article\",\"isPartOf\":{\"@id\":\"https:\\\/\\\/schoenstatt.com\\\/pt-pt\\\/uma-luz-de-esperanca-se-acende-no-mundo-digital\\\/\"},\"author\":{\"name\":\"Karen Bueno\",\"@id\":\"https:\\\/\\\/schoenstatt.com\\\/pt-pt\\\/#\\\/schema\\\/person\\\/5158877ad4acae98b34daaeef2a1ce6e\"},\"headline\":\"Uma luz de esperan\u00e7a se acende no mundo digital\",\"datePublished\":\"2024-10-01T16:28:32+00:00\",\"dateModified\":\"2025-05-15T22:13:03+00:00\",\"mainEntityOfPage\":{\"@id\":\"https:\\\/\\\/schoenstatt.com\\\/pt-pt\\\/uma-luz-de-esperanca-se-acende-no-mundo-digital\\\/\"},\"wordCount\":430,\"publisher\":{\"@id\":\"https:\\\/\\\/schoenstatt.com\\\/pt-pt\\\/#organization\"},\"image\":{\"@id\":\"https:\\\/\\\/schoenstatt.com\\\/pt-pt\\\/uma-luz-de-esperanca-se-acende-no-mundo-digital\\\/#primaryimage\"},\"thumbnailUrl\":\"https:\\\/\\\/schoenstatt.com\\\/wp-content\\\/uploads\\\/2024\\\/10\\\/light-luz-vela-fuego-fire-1.jpg\",\"articleSection\":[\"Am\u00e9rica\",\"Comunidades de Schoenstatt\"],\"inLanguage\":\"pt-PT\"},{\"@type\":\"WebPage\",\"@id\":\"https:\\\/\\\/schoenstatt.com\\\/pt-pt\\\/uma-luz-de-esperanca-se-acende-no-mundo-digital\\\/\",\"url\":\"https:\\\/\\\/schoenstatt.com\\\/pt-pt\\\/uma-luz-de-esperanca-se-acende-no-mundo-digital\\\/\",\"name\":\"Uma luz de esperan\u00e7a se acende no mundo digital - Schoenstatt\",\"isPartOf\":{\"@id\":\"https:\\\/\\\/schoenstatt.com\\\/pt-pt\\\/#website\"},\"primaryImageOfPage\":{\"@id\":\"https:\\\/\\\/schoenstatt.com\\\/pt-pt\\\/uma-luz-de-esperanca-se-acende-no-mundo-digital\\\/#primaryimage\"},\"image\":{\"@id\":\"https:\\\/\\\/schoenstatt.com\\\/pt-pt\\\/uma-luz-de-esperanca-se-acende-no-mundo-digital\\\/#primaryimage\"},\"thumbnailUrl\":\"https:\\\/\\\/schoenstatt.com\\\/wp-content\\\/uploads\\\/2024\\\/10\\\/light-luz-vela-fuego-fire-1.jpg\",\"datePublished\":\"2024-10-01T16:28:32+00:00\",\"dateModified\":\"2025-05-15T22:13:03+00:00\",\"description\":\"No dia da funda\u00e7\u00e3o da comunidade das Irm\u00e3s de Maria, surge um sinal de luz: o novo site da Prov\u00edncia Nazar\u00e9.\",\"breadcrumb\":{\"@id\":\"https:\\\/\\\/schoenstatt.com\\\/pt-pt\\\/uma-luz-de-esperanca-se-acende-no-mundo-digital\\\/#breadcrumb\"},\"inLanguage\":\"pt-PT\",\"potentialAction\":[{\"@type\":\"ReadAction\",\"target\":[\"https:\\\/\\\/schoenstatt.com\\\/pt-pt\\\/uma-luz-de-esperanca-se-acende-no-mundo-digital\\\/\"]}]},{\"@type\":\"ImageObject\",\"inLanguage\":\"pt-PT\",\"@id\":\"https:\\\/\\\/schoenstatt.com\\\/pt-pt\\\/uma-luz-de-esperanca-se-acende-no-mundo-digital\\\/#primaryimage\",\"url\":\"https:\\\/\\\/schoenstatt.com\\\/wp-content\\\/uploads\\\/2024\\\/10\\\/light-luz-vela-fuego-fire-1.jpg\",\"contentUrl\":\"https:\\\/\\\/schoenstatt.com\\\/wp-content\\\/uploads\\\/2024\\\/10\\\/light-luz-vela-fuego-fire-1.jpg\",\"width\":2048,\"height\":1208},{\"@type\":\"BreadcrumbList\",\"@id\":\"https:\\\/\\\/schoenstatt.com\\\/pt-pt\\\/uma-luz-de-esperanca-se-acende-no-mundo-digital\\\/#breadcrumb\",\"itemListElement\":[{\"@type\":\"ListItem\",\"position\":1,\"name\":\"Portada\",\"item\":\"https:\\\/\\\/schoenstatt.com\\\/pt-pt\\\/home\\\/\"},{\"@type\":\"ListItem\",\"position\":2,\"name\":\"Uma luz de esperan\u00e7a se acende no mundo digital\"}]},{\"@type\":\"WebSite\",\"@id\":\"https:\\\/\\\/schoenstatt.com\\\/pt-pt\\\/#website\",\"url\":\"https:\\\/\\\/schoenstatt.com\\\/pt-pt\\\/\",\"name\":\"Schoenstatt\",\"description\":\"Apostolic Movement\",\"publisher\":{\"@id\":\"https:\\\/\\\/schoenstatt.com\\\/pt-pt\\\/#organization\"},\"potentialAction\":[{\"@type\":\"SearchAction\",\"target\":{\"@type\":\"EntryPoint\",\"urlTemplate\":\"https:\\\/\\\/schoenstatt.com\\\/pt-pt\\\/?s={search_term_string}\"},\"query-input\":{\"@type\":\"PropertyValueSpecification\",\"valueRequired\":true,\"valueName\":\"search_term_string\"}}],\"inLanguage\":\"pt-PT\"},{\"@type\":\"Organization\",\"@id\":\"https:\\\/\\\/schoenstatt.com\\\/pt-pt\\\/#organization\",\"name\":\"Schoenstatt\",\"url\":\"https:\\\/\\\/schoenstatt.com\\\/pt-pt\\\/\",\"logo\":{\"@type\":\"ImageObject\",\"inLanguage\":\"pt-PT\",\"@id\":\"https:\\\/\\\/schoenstatt.com\\\/pt-pt\\\/#\\\/schema\\\/logo\\\/image\\\/\",\"url\":\"https:\\\/\\\/schoenstatt.com\\\/wp-content\\\/uploads\\\/2025\\\/04\\\/logo-schoenstatt-white-696x696-1.png\",\"contentUrl\":\"https:\\\/\\\/schoenstatt.com\\\/wp-content\\\/uploads\\\/2025\\\/04\\\/logo-schoenstatt-white-696x696-1.png\",\"width\":696,\"height\":694,\"caption\":\"Schoenstatt\"},\"image\":{\"@id\":\"https:\\\/\\\/schoenstatt.com\\\/pt-pt\\\/#\\\/schema\\\/logo\\\/image\\\/\"}},{\"@type\":\"Person\",\"@id\":\"https:\\\/\\\/schoenstatt.com\\\/pt-pt\\\/#\\\/schema\\\/person\\\/5158877ad4acae98b34daaeef2a1ce6e\",\"name\":\"Karen Bueno\",\"image\":{\"@type\":\"ImageObject\",\"inLanguage\":\"pt-PT\",\"@id\":\"https:\\\/\\\/secure.gravatar.com\\\/avatar\\\/f9f4b823873154269d2b2130f195f6d41037dd0d7fc5f3cacb5c846bae70d66b?s=96&d=mm&r=g\",\"url\":\"https:\\\/\\\/secure.gravatar.com\\\/avatar\\\/f9f4b823873154269d2b2130f195f6d41037dd0d7fc5f3cacb5c846bae70d66b?s=96&d=mm&r=g\",\"contentUrl\":\"https:\\\/\\\/secure.gravatar.com\\\/avatar\\\/f9f4b823873154269d2b2130f195f6d41037dd0d7fc5f3cacb5c846bae70d66b?s=96&d=mm&r=g\",\"caption\":\"Karen Bueno\"},\"url\":\"https:\\\/\\\/schoenstatt.com\\\/pt-pt\\\/author\\\/karen-bueno\\\/\"}]}<\/script>\n<!-- \/ Yoast SEO Premium plugin. -->","yoast_head_json":{"title":"Uma luz de esperan\u00e7a se acende no mundo digital - Schoenstatt","description":"No dia da funda\u00e7\u00e3o da comunidade das Irm\u00e3s de Maria, surge um sinal de luz: o novo site da Prov\u00edncia Nazar\u00e9.","robots":{"index":"index","follow":"follow","max-snippet":"max-snippet:-1","max-image-preview":"max-image-preview:large","max-video-preview":"max-video-preview:-1"},"canonical":"https:\/\/schoenstatt.com\/pt-pt\/uma-luz-de-esperanca-se-acende-no-mundo-digital\/","og_locale":"pt_PT","og_type":"article","og_title":"Uma luz de esperan\u00e7a se acende no mundo digital","og_description":"No dia da funda\u00e7\u00e3o da comunidade das Irm\u00e3s de Maria, surge um sinal de luz: o novo site da Prov\u00edncia Nazar\u00e9.","og_url":"https:\/\/schoenstatt.com\/pt-pt\/uma-luz-de-esperanca-se-acende-no-mundo-digital\/","og_site_name":"Schoenstatt","article_published_time":"2024-10-01T16:28:32+00:00","article_modified_time":"2025-05-15T22:13:03+00:00","og_image":[{"width":2048,"height":1208,"url":"https:\/\/schoenstatt.com\/wp-content\/uploads\/2024\/10\/light-luz-vela-fuego-fire-1.jpg","type":"image\/jpeg"}],"author":"Karen Bueno","twitter_card":"summary_large_image","twitter_misc":{"Escrito por":"Karen Bueno","Tempo estimado de leitura":"3 minutos"},"schema":{"@context":"https:\/\/schema.org","@graph":[{"@type":"Article","@id":"https:\/\/schoenstatt.com\/pt-pt\/uma-luz-de-esperanca-se-acende-no-mundo-digital\/#article","isPartOf":{"@id":"https:\/\/schoenstatt.com\/pt-pt\/uma-luz-de-esperanca-se-acende-no-mundo-digital\/"},"author":{"name":"Karen Bueno","@id":"https:\/\/schoenstatt.com\/pt-pt\/#\/schema\/person\/5158877ad4acae98b34daaeef2a1ce6e"},"headline":"Uma luz de esperan\u00e7a se acende no mundo digital","datePublished":"2024-10-01T16:28:32+00:00","dateModified":"2025-05-15T22:13:03+00:00","mainEntityOfPage":{"@id":"https:\/\/schoenstatt.com\/pt-pt\/uma-luz-de-esperanca-se-acende-no-mundo-digital\/"},"wordCount":430,"publisher":{"@id":"https:\/\/schoenstatt.com\/pt-pt\/#organization"},"image":{"@id":"https:\/\/schoenstatt.com\/pt-pt\/uma-luz-de-esperanca-se-acende-no-mundo-digital\/#primaryimage"},"thumbnailUrl":"https:\/\/schoenstatt.com\/wp-content\/uploads\/2024\/10\/light-luz-vela-fuego-fire-1.jpg","articleSection":["Am\u00e9rica","Comunidades de Schoenstatt"],"inLanguage":"pt-PT"},{"@type":"WebPage","@id":"https:\/\/schoenstatt.com\/pt-pt\/uma-luz-de-esperanca-se-acende-no-mundo-digital\/","url":"https:\/\/schoenstatt.com\/pt-pt\/uma-luz-de-esperanca-se-acende-no-mundo-digital\/","name":"Uma luz de esperan\u00e7a se acende no mundo digital - Schoenstatt","isPartOf":{"@id":"https:\/\/schoenstatt.com\/pt-pt\/#website"},"primaryImageOfPage":{"@id":"https:\/\/schoenstatt.com\/pt-pt\/uma-luz-de-esperanca-se-acende-no-mundo-digital\/#primaryimage"},"image":{"@id":"https:\/\/schoenstatt.com\/pt-pt\/uma-luz-de-esperanca-se-acende-no-mundo-digital\/#primaryimage"},"thumbnailUrl":"https:\/\/schoenstatt.com\/wp-content\/uploads\/2024\/10\/light-luz-vela-fuego-fire-1.jpg","datePublished":"2024-10-01T16:28:32+00:00","dateModified":"2025-05-15T22:13:03+00:00","description":"No dia da funda\u00e7\u00e3o da comunidade das Irm\u00e3s de Maria, surge um sinal de luz: o novo site da Prov\u00edncia Nazar\u00e9.","breadcrumb":{"@id":"https:\/\/schoenstatt.com\/pt-pt\/uma-luz-de-esperanca-se-acende-no-mundo-digital\/#breadcrumb"},"inLanguage":"pt-PT","potentialAction":[{"@type":"ReadAction","target":["https:\/\/schoenstatt.com\/pt-pt\/uma-luz-de-esperanca-se-acende-no-mundo-digital\/"]}]},{"@type":"ImageObject","inLanguage":"pt-PT","@id":"https:\/\/schoenstatt.com\/pt-pt\/uma-luz-de-esperanca-se-acende-no-mundo-digital\/#primaryimage","url":"https:\/\/schoenstatt.com\/wp-content\/uploads\/2024\/10\/light-luz-vela-fuego-fire-1.jpg","contentUrl":"https:\/\/schoenstatt.com\/wp-content\/uploads\/2024\/10\/light-luz-vela-fuego-fire-1.jpg","width":2048,"height":1208},{"@type":"BreadcrumbList","@id":"https:\/\/schoenstatt.com\/pt-pt\/uma-luz-de-esperanca-se-acende-no-mundo-digital\/#breadcrumb","itemListElement":[{"@type":"ListItem","position":1,"name":"Portada","item":"https:\/\/schoenstatt.com\/pt-pt\/home\/"},{"@type":"ListItem","position":2,"name":"Uma luz de esperan\u00e7a se acende no mundo digital"}]},{"@type":"WebSite","@id":"https:\/\/schoenstatt.com\/pt-pt\/#website","url":"https:\/\/schoenstatt.com\/pt-pt\/","name":"Schoenstatt","description":"Apostolic Movement","publisher":{"@id":"https:\/\/schoenstatt.com\/pt-pt\/#organization"},"potentialAction":[{"@type":"SearchAction","target":{"@type":"EntryPoint","urlTemplate":"https:\/\/schoenstatt.com\/pt-pt\/?s={search_term_string}"},"query-input":{"@type":"PropertyValueSpecification","valueRequired":true,"valueName":"search_term_string"}}],"inLanguage":"pt-PT"},{"@type":"Organization","@id":"https:\/\/schoenstatt.com\/pt-pt\/#organization","name":"Schoenstatt","url":"https:\/\/schoenstatt.com\/pt-pt\/","logo":{"@type":"ImageObject","inLanguage":"pt-PT","@id":"https:\/\/schoenstatt.com\/pt-pt\/#\/schema\/logo\/image\/","url":"https:\/\/schoenstatt.com\/wp-content\/uploads\/2025\/04\/logo-schoenstatt-white-696x696-1.png","contentUrl":"https:\/\/schoenstatt.com\/wp-content\/uploads\/2025\/04\/logo-schoenstatt-white-696x696-1.png","width":696,"height":694,"caption":"Schoenstatt"},"image":{"@id":"https:\/\/schoenstatt.com\/pt-pt\/#\/schema\/logo\/image\/"}},{"@type":"Person","@id":"https:\/\/schoenstatt.com\/pt-pt\/#\/schema\/person\/5158877ad4acae98b34daaeef2a1ce6e","name":"Karen Bueno","image":{"@type":"ImageObject","inLanguage":"pt-PT","@id":"https:\/\/secure.gravatar.com\/avatar\/f9f4b823873154269d2b2130f195f6d41037dd0d7fc5f3cacb5c846bae70d66b?s=96&d=mm&r=g","url":"https:\/\/secure.gravatar.com\/avatar\/f9f4b823873154269d2b2130f195f6d41037dd0d7fc5f3cacb5c846bae70d66b?s=96&d=mm&r=g","contentUrl":"https:\/\/secure.gravatar.com\/avatar\/f9f4b823873154269d2b2130f195f6d41037dd0d7fc5f3cacb5c846bae70d66b?s=96&d=mm&r=g","caption":"Karen Bueno"},"url":"https:\/\/schoenstatt.com\/pt-pt\/author\/karen-bueno\/"}]}},"_links":{"self":[{"href":"https:\/\/schoenstatt.com\/pt-pt\/wp-json\/wp\/v2\/posts\/41334","targetHints":{"allow":["GET"]}}],"collection":[{"href":"https:\/\/schoenstatt.com\/pt-pt\/wp-json\/wp\/v2\/posts"}],"about":[{"href":"https:\/\/schoenstatt.com\/pt-pt\/wp-json\/wp\/v2\/types\/post"}],"author":[{"embeddable":true,"href":"https:\/\/schoenstatt.com\/pt-pt\/wp-json\/wp\/v2\/users\/3"}],"replies":[{"embeddable":true,"href":"https:\/\/schoenstatt.com\/pt-pt\/wp-json\/wp\/v2\/comments?post=41334"}],"version-history":[{"count":1,"href":"https:\/\/schoenstatt.com\/pt-pt\/wp-json\/wp\/v2\/posts\/41334\/revisions"}],"predecessor-version":[{"id":47064,"href":"https:\/\/schoenstatt.com\/pt-pt\/wp-json\/wp\/v2\/posts\/41334\/revisions\/47064"}],"wp:featuredmedia":[{"embeddable":true,"href":"https:\/\/schoenstatt.com\/pt-pt\/wp-json\/wp\/v2\/media\/41316"}],"wp:attachment":[{"href":"https:\/\/schoenstatt.com\/pt-pt\/wp-json\/wp\/v2\/media?parent=41334"}],"wp:term":[{"taxonomy":"category","embeddable":true,"href":"https:\/\/schoenstatt.com\/pt-pt\/wp-json\/wp\/v2\/categories?post=41334"},{"taxonomy":"post_tag","embeddable":true,"href":"https:\/\/schoenstatt.com\/pt-pt\/wp-json\/wp\/v2\/tags?post=41334"}],"curies":[{"name":"wp","href":"https:\/\/api.w.org\/{rel}","templated":true}]}}