{"id":41052,"date":"2024-09-06T13:30:00","date_gmt":"2024-09-06T11:30:00","guid":{"rendered":"https:\/\/schoenstatt.com\/?p=41052"},"modified":"2025-05-16T01:36:28","modified_gmt":"2025-05-15T23:36:28","slug":"primeiro-encontro-nacional-mulheres-equador","status":"publish","type":"post","link":"https:\/\/schoenstatt.com\/pt-pt\/primeiro-encontro-nacional-mulheres-equador\/","title":{"rendered":"Primeiro Encontro Nacional de Mulheres em Schoenstatt Equador: \u201cMulher, Fonte de Esperan\u00e7a\u201d"},"content":{"rendered":"\n<p>No s\u00e1bado, 31 de agosto, foi realizado no Santu\u00e1rio Nacional de Guayaquil o <strong>Primeiro Encontro Nacional de Mulheres<\/strong>, dirigido a todas as mulheres de Schoenstatt do Equador, iluminado pelo lema: \u201cMulher, Fonte de Esperan\u00e7a\u201d e pelo simbolismo da \u00e1rvore da grandeza feminina utilizada pelo Pai Fundador.<\/p>\n\n\n\n<p id=\"E506\">O grande objetivo foi unir-nos como mulheres cat\u00f3licas para dar uma contribui\u00e7\u00e3o ainda mais significativa no desafiante momento atual do nosso pa\u00eds, \u00e0 luz do carisma de Schoenstatt. Tamb\u00e9m queria ser uma oportunidade para que todas pudessem conhecer melhor as diferentes voca\u00e7\u00f5es dos ramos e comunidades da nossa <a href=\"https:\/\/schoenstatt.com\/pt-pt\/em-comunidade\/woman\/\">coluna feminina<\/a>.<\/p>\n\n\n\n<p id=\"E519\">Este encontro contou com a <a href=\"https:\/\/www.instagram.com\/reel\/C_bfQyix17D\/?utm_source=ig_web_copy_link&amp;igsh=MzRlODBiNWFlZA==\">presen\u00e7a <\/a>de cerca de 175 mulheres, provenientes de Guayaquil, Quito e Manta, pertencentes \u00e0 Juventude Feminina, \u00e0 Liga Apost\u00f3lica Feminina, ao Ramo das M\u00e3es, ao Instituto das Irm\u00e3s de Maria, ao Instituto Nossa Senhora de Schoenstatt e \u00e0 Federa\u00e7\u00e3o Apost\u00f3lica de Mulheres. <\/p>\n\n\n\n<h2 class=\"wp-block-heading\" id=\"h-ideal-e-realidade-das-mulheres-percepcoes-e-respostas\">Ideal e realidade das mulheres: Percep\u00e7\u00f5es e respostas<\/h2>\n\n\n\n<div class=\"wp-block-columns is-layout-flex wp-container-core-columns-is-layout-28f84493 wp-block-columns-is-layout-flex\">\n<div class=\"wp-block-column is-layout-flow wp-block-column-is-layout-flow\">\n<figure class=\"wp-block-image aligncenter size-large\"><img decoding=\"async\" src=\"https:\/\/schoenstatt.com\/wp-content\/uploads\/2024\/09\/National-Womens-Encounter-in-Ecuador-4-1024x682.jpg\" alt=\"primeiro encontro nacional de mulheres em Schoenstatt Equador\" class=\"wp-image-41035\"\/><\/figure>\n<\/div>\n\n\n\n<div class=\"wp-block-column is-layout-flow wp-block-column-is-layout-flow\">\n<div style=\"height:100px\" aria-hidden=\"true\" class=\"wp-block-spacer\"><\/div>\n\n\n\n<p>Pela manh\u00e3 come\u00e7amos com um painel sobre <strong>\u201cPensamentos da Igreja e do Padre Kentenich sobre o ideal da mulher\u201d<\/strong>. Motivado pelo que o padre Kentenich disse na confer\u00eancia pedag\u00f3gica de 1934:<\/p>\n<\/div>\n<\/div>\n\n\n\n<blockquote class=\"wp-block-quote is-layout-flow wp-block-quote-is-layout-flow\" style=\"font-style:italic;font-weight:300\">\n<p class=\"has-text-align-center\"><em>\u201cas mulheres devem conhecer e cultivar seu diferencial, <\/em><\/p>\n\n\n\n<p class=\"has-text-align-center\"><em>devem orgulhar-se da sua identidade, da sua grandeza e beleza\u201d, &#8230; <\/em><\/p>\n<\/blockquote>\n\n\n\n<p>&#8230; foram escolhidos 3 diferenciais das mulheres: o materno, os v\u00ednculos e o espiritual.<\/p>\n\n\n\n<p id=\"E546\">O 2\u00ba bloco tratou sobre a \u201c<strong>Realidade da Mulher no Equador<\/strong>\u201d. Atrav\u00e9s de um \u201cnotici\u00e1rio\u201d ao vivo, com v\u00eddeos e entrevistas, em que abordaram importantes temas, tais como: mudan\u00e7a ambiciosa das mulheres, empregabilidade, viol\u00eancia contra a mulher, participa\u00e7\u00e3o pol\u00edtica, seguran\u00e7a jur\u00eddica e direitos humanos.<\/p>\n\n\n\n<p id=\"E559\">\u00c0 tarde foi abordado: \u201c<strong>Nossa Resposta: chamadas para ser fonte de esperan\u00e7a<\/strong>\u201d, atrav\u00e9s de um debate que contou com dois testemunhos audiovisuais no campo da educa\u00e7\u00e3o e da sa\u00fade de Gladys Lindao e Bella Maldonado, respectivamente. E com a presen\u00e7a de tr\u00eas convidadas: Mar\u00eda Alejandra Mu\u00f1oz, Martha Cecilia Villafuerte e Liz Valarezo, que deram valiosos e impactantes testemunhos no campo da pol\u00edtica, social e da comunica\u00e7\u00e3o.<\/p>\n\n\n\n<h2 class=\"wp-block-heading\" id=\"h-vocacoes-e-engajamentos-na-exposicao-feminina-de-schoenstatt\">Voca\u00e7\u00f5es e engajamentos na Exposi\u00e7\u00e3o Feminina de Schoenstatt<\/h2>\n\n\n\n<div class=\"wp-block-columns is-layout-flex wp-container-core-columns-is-layout-28f84493 wp-block-columns-is-layout-flex\">\n<div class=\"wp-block-column is-layout-flow wp-block-column-is-layout-flow\">\n<div style=\"height:100px\" aria-hidden=\"true\" class=\"wp-block-spacer\"><\/div>\n\n\n\n<p>Em seguida, visitamos a <strong>Expo Coluna Feminina de Schoenstatt<\/strong> onde as participantes puderam conhecer as diferentes voca\u00e7\u00f5es e ideais de cada ramo e comunidade, juntamente com a sua hist\u00f3ria, atrav\u00e9s de fotos, cartazes e mensagens.<\/p>\n<\/div>\n\n\n\n<div class=\"wp-block-column is-layout-flow wp-block-column-is-layout-flow\">\n<figure class=\"wp-block-image size-large\"><img decoding=\"async\" src=\"https:\/\/schoenstatt.com\/wp-content\/uploads\/2024\/09\/National-Womens-Encounter-in-Ecuador-3-1024x682.jpg\" alt=\"\" class=\"wp-image-41039\"\/><\/figure>\n<\/div>\n<\/div>\n\n\n\n<p>Por fim, as conclus\u00f5es e a reflex\u00e3o final foram apresentadas pela Irm\u00e3. M. Fl\u00e1via, que motivou o compromisso pessoal, que cada uma depositou nas m\u00e3os do Pe. Kentenich no seu monumento a caminho do Santu\u00e1rio.<\/p>\n\n\n\n<p id=\"E616\">O Encontro culminou com a celebra\u00e7\u00e3o da Santa Missa na esplanada do Santu\u00e1rio, presidida pelo Pe. Eduardo Auza, na qual foi apresentada uma \u00e1rvore de Guayac\u00e1n para ser plantada no Jardim junto ao Santu\u00e1rio. Como lembran\u00e7a, cada participante recebeu de presente um pequeno guayac\u00e1n.<\/p>\n\n\n\n<figure class=\"wp-block-image aligncenter size-large\"><img decoding=\"async\" src=\"https:\/\/schoenstatt.com\/wp-content\/uploads\/2024\/09\/National-Womens-Encounter-in-Ecuador-1-edited.jpg\" alt=\"\" class=\"wp-image-41043\"\/><\/figure>\n\n\n\n<p class=\"has-text-align-left\"><sub><em><strong>Tradu\u00e7\u00e3o<\/strong>: Audrey Markutis |\u00a0<strong>Fotos<\/strong>: Schoenstatt Equador<\/em><\/sub><\/p>\n","protected":false},"excerpt":{"rendered":"<p>No dia 31 de agosto, o Santu\u00e1rio Nacional de Guayaquil acolheu o Primeiro Encontro Nacional de Mulheres, do qual compareceram 175 mulheres de Schoenstatt Equador. Sob o lema \u201cMulher, Fonte de Esperan\u00e7a\u201d, o evento procurou unir as mulheres cat\u00f3licas para enfrentar os desafios atuais do pa\u00eds, inspiradas pelo carisma de Schoenstatt e no simbolismo da \u00e1rvore da grandeza feminina do Padre Jos\u00e9 Kentenich.<\/p>\n","protected":false},"author":6,"featured_media":41029,"comment_status":"closed","ping_status":"closed","sticky":false,"template":"","format":"standard","meta":{"footnotes":""},"categories":[636,920],"tags":[],"class_list":["post-41052","post","type-post","status-publish","format-standard","has-post-thumbnail","hentry","category-eventos-pt-pt","category-mulher-pt-pt"],"yoast_head":"<!-- This site is optimized with the Yoast SEO Premium plugin v27.4 (Yoast SEO v27.5) - https:\/\/yoast.com\/product\/yoast-seo-premium-wordpress\/ -->\n<title>Primeiro Encontro Nacional de Mulheres em Schoenstatt Equador: \u201cMulher, Fonte de Esperan\u00e7a\u201d - Schoenstatt<\/title>\n<meta name=\"description\" content=\"Primeiro Encontro Nacional de Mulheres de Schoenstatt Equador: 175 mulheres unidas em Guayaquil sob o lema &quot;Mulher, Fonte de Esperan\u00e7a&quot;.\" \/>\n<meta name=\"robots\" content=\"index, follow, max-snippet:-1, max-image-preview:large, max-video-preview:-1\" \/>\n<link rel=\"canonical\" href=\"https:\/\/schoenstatt.com\/pt-pt\/primeiro-encontro-nacional-mulheres-equador\/\" \/>\n<meta property=\"og:locale\" content=\"pt_PT\" \/>\n<meta property=\"og:type\" content=\"article\" \/>\n<meta property=\"og:title\" content=\"Primeiro Encontro Nacional de Mulheres em Schoenstatt Equador: \u201cMulher, Fonte de Esperan\u00e7a\u201d\" \/>\n<meta property=\"og:description\" content=\"Primeiro Encontro Nacional de Mulheres de Schoenstatt Equador: 175 mulheres unidas em Guayaquil sob o lema &quot;Mulher, Fonte de Esperan\u00e7a&quot;.\" \/>\n<meta property=\"og:url\" content=\"https:\/\/schoenstatt.com\/pt-pt\/primeiro-encontro-nacional-mulheres-equador\/\" \/>\n<meta property=\"og:site_name\" content=\"Schoenstatt\" \/>\n<meta property=\"article:published_time\" content=\"2024-09-06T11:30:00+00:00\" \/>\n<meta property=\"article:modified_time\" content=\"2025-05-15T23:36:28+00:00\" \/>\n<meta property=\"og:image\" content=\"https:\/\/schoenstatt.com\/wp-content\/uploads\/2024\/09\/National-Womens-Encounter-in-Ecuador-Header-3.jpg\" \/>\n\t<meta property=\"og:image:width\" content=\"1600\" \/>\n\t<meta property=\"og:image:height\" content=\"1200\" \/>\n\t<meta property=\"og:image:type\" content=\"image\/jpeg\" \/>\n<meta name=\"author\" content=\"Vanessa Franke\" \/>\n<meta name=\"twitter:card\" content=\"summary_large_image\" \/>\n<meta name=\"twitter:label1\" content=\"Escrito por\" \/>\n\t<meta name=\"twitter:data1\" content=\"Vanessa Franke\" \/>\n\t<meta name=\"twitter:label2\" content=\"Tempo estimado de leitura\" \/>\n\t<meta name=\"twitter:data2\" content=\"3 minutos\" \/>\n<script type=\"application\/ld+json\" class=\"yoast-schema-graph\">{\"@context\":\"https:\\\/\\\/schema.org\",\"@graph\":[{\"@type\":\"Article\",\"@id\":\"https:\\\/\\\/schoenstatt.com\\\/pt-pt\\\/primeiro-encontro-nacional-mulheres-equador\\\/#article\",\"isPartOf\":{\"@id\":\"https:\\\/\\\/schoenstatt.com\\\/pt-pt\\\/primeiro-encontro-nacional-mulheres-equador\\\/\"},\"author\":{\"name\":\"Vanessa Franke\",\"@id\":\"https:\\\/\\\/schoenstatt.com\\\/pt-pt\\\/#\\\/schema\\\/person\\\/ea97a60c723e21c923e2177f0f3163f7\"},\"headline\":\"Primeiro Encontro Nacional de Mulheres em Schoenstatt Equador: \u201cMulher, Fonte de Esperan\u00e7a\u201d\",\"datePublished\":\"2024-09-06T11:30:00+00:00\",\"dateModified\":\"2025-05-15T23:36:28+00:00\",\"mainEntityOfPage\":{\"@id\":\"https:\\\/\\\/schoenstatt.com\\\/pt-pt\\\/primeiro-encontro-nacional-mulheres-equador\\\/\"},\"wordCount\":509,\"publisher\":{\"@id\":\"https:\\\/\\\/schoenstatt.com\\\/pt-pt\\\/#organization\"},\"image\":{\"@id\":\"https:\\\/\\\/schoenstatt.com\\\/pt-pt\\\/primeiro-encontro-nacional-mulheres-equador\\\/#primaryimage\"},\"thumbnailUrl\":\"https:\\\/\\\/schoenstatt.com\\\/wp-content\\\/uploads\\\/2024\\\/09\\\/National-Womens-Encounter-in-Ecuador-Header-3.jpg\",\"articleSection\":[\"Eventos\",\"Mulher\"],\"inLanguage\":\"pt-PT\"},{\"@type\":\"WebPage\",\"@id\":\"https:\\\/\\\/schoenstatt.com\\\/pt-pt\\\/primeiro-encontro-nacional-mulheres-equador\\\/\",\"url\":\"https:\\\/\\\/schoenstatt.com\\\/pt-pt\\\/primeiro-encontro-nacional-mulheres-equador\\\/\",\"name\":\"Primeiro Encontro Nacional de Mulheres em Schoenstatt Equador: \u201cMulher, Fonte de Esperan\u00e7a\u201d - Schoenstatt\",\"isPartOf\":{\"@id\":\"https:\\\/\\\/schoenstatt.com\\\/pt-pt\\\/#website\"},\"primaryImageOfPage\":{\"@id\":\"https:\\\/\\\/schoenstatt.com\\\/pt-pt\\\/primeiro-encontro-nacional-mulheres-equador\\\/#primaryimage\"},\"image\":{\"@id\":\"https:\\\/\\\/schoenstatt.com\\\/pt-pt\\\/primeiro-encontro-nacional-mulheres-equador\\\/#primaryimage\"},\"thumbnailUrl\":\"https:\\\/\\\/schoenstatt.com\\\/wp-content\\\/uploads\\\/2024\\\/09\\\/National-Womens-Encounter-in-Ecuador-Header-3.jpg\",\"datePublished\":\"2024-09-06T11:30:00+00:00\",\"dateModified\":\"2025-05-15T23:36:28+00:00\",\"description\":\"Primeiro Encontro Nacional de Mulheres de Schoenstatt Equador: 175 mulheres unidas em Guayaquil sob o lema \\\"Mulher, Fonte de Esperan\u00e7a\\\".\",\"breadcrumb\":{\"@id\":\"https:\\\/\\\/schoenstatt.com\\\/pt-pt\\\/primeiro-encontro-nacional-mulheres-equador\\\/#breadcrumb\"},\"inLanguage\":\"pt-PT\",\"potentialAction\":[{\"@type\":\"ReadAction\",\"target\":[\"https:\\\/\\\/schoenstatt.com\\\/pt-pt\\\/primeiro-encontro-nacional-mulheres-equador\\\/\"]}]},{\"@type\":\"ImageObject\",\"inLanguage\":\"pt-PT\",\"@id\":\"https:\\\/\\\/schoenstatt.com\\\/pt-pt\\\/primeiro-encontro-nacional-mulheres-equador\\\/#primaryimage\",\"url\":\"https:\\\/\\\/schoenstatt.com\\\/wp-content\\\/uploads\\\/2024\\\/09\\\/National-Womens-Encounter-in-Ecuador-Header-3.jpg\",\"contentUrl\":\"https:\\\/\\\/schoenstatt.com\\\/wp-content\\\/uploads\\\/2024\\\/09\\\/National-Womens-Encounter-in-Ecuador-Header-3.jpg\",\"width\":1600,\"height\":1200,\"caption\":\"primeiro encontro nacional mulheres schoenstatt ecuador\"},{\"@type\":\"BreadcrumbList\",\"@id\":\"https:\\\/\\\/schoenstatt.com\\\/pt-pt\\\/primeiro-encontro-nacional-mulheres-equador\\\/#breadcrumb\",\"itemListElement\":[{\"@type\":\"ListItem\",\"position\":1,\"name\":\"Portada\",\"item\":\"https:\\\/\\\/schoenstatt.com\\\/pt-pt\\\/home\\\/\"},{\"@type\":\"ListItem\",\"position\":2,\"name\":\"Primeiro Encontro Nacional de Mulheres em Schoenstatt Equador: \u201cMulher, Fonte de Esperan\u00e7a\u201d\"}]},{\"@type\":\"WebSite\",\"@id\":\"https:\\\/\\\/schoenstatt.com\\\/pt-pt\\\/#website\",\"url\":\"https:\\\/\\\/schoenstatt.com\\\/pt-pt\\\/\",\"name\":\"Schoenstatt\",\"description\":\"Apostolic Movement\",\"publisher\":{\"@id\":\"https:\\\/\\\/schoenstatt.com\\\/pt-pt\\\/#organization\"},\"potentialAction\":[{\"@type\":\"SearchAction\",\"target\":{\"@type\":\"EntryPoint\",\"urlTemplate\":\"https:\\\/\\\/schoenstatt.com\\\/pt-pt\\\/?s={search_term_string}\"},\"query-input\":{\"@type\":\"PropertyValueSpecification\",\"valueRequired\":true,\"valueName\":\"search_term_string\"}}],\"inLanguage\":\"pt-PT\"},{\"@type\":\"Organization\",\"@id\":\"https:\\\/\\\/schoenstatt.com\\\/pt-pt\\\/#organization\",\"name\":\"Schoenstatt\",\"url\":\"https:\\\/\\\/schoenstatt.com\\\/pt-pt\\\/\",\"logo\":{\"@type\":\"ImageObject\",\"inLanguage\":\"pt-PT\",\"@id\":\"https:\\\/\\\/schoenstatt.com\\\/pt-pt\\\/#\\\/schema\\\/logo\\\/image\\\/\",\"url\":\"https:\\\/\\\/schoenstatt.com\\\/wp-content\\\/uploads\\\/2025\\\/04\\\/logo-schoenstatt-white-696x696-1.png\",\"contentUrl\":\"https:\\\/\\\/schoenstatt.com\\\/wp-content\\\/uploads\\\/2025\\\/04\\\/logo-schoenstatt-white-696x696-1.png\",\"width\":696,\"height\":694,\"caption\":\"Schoenstatt\"},\"image\":{\"@id\":\"https:\\\/\\\/schoenstatt.com\\\/pt-pt\\\/#\\\/schema\\\/logo\\\/image\\\/\"}},{\"@type\":\"Person\",\"@id\":\"https:\\\/\\\/schoenstatt.com\\\/pt-pt\\\/#\\\/schema\\\/person\\\/ea97a60c723e21c923e2177f0f3163f7\",\"name\":\"Vanessa Franke\",\"image\":{\"@type\":\"ImageObject\",\"inLanguage\":\"pt-PT\",\"@id\":\"https:\\\/\\\/secure.gravatar.com\\\/avatar\\\/a9bcca3409928ccd3195eca11e2ccbb2e5d7c7912e9a945d4f326f81a0a5cb4a?s=96&d=mm&r=g\",\"url\":\"https:\\\/\\\/secure.gravatar.com\\\/avatar\\\/a9bcca3409928ccd3195eca11e2ccbb2e5d7c7912e9a945d4f326f81a0a5cb4a?s=96&d=mm&r=g\",\"contentUrl\":\"https:\\\/\\\/secure.gravatar.com\\\/avatar\\\/a9bcca3409928ccd3195eca11e2ccbb2e5d7c7912e9a945d4f326f81a0a5cb4a?s=96&d=mm&r=g\",\"caption\":\"Vanessa Franke\"},\"url\":\"https:\\\/\\\/schoenstatt.com\\\/pt-pt\\\/author\\\/vanessa-franke\\\/\"}]}<\/script>\n<!-- \/ Yoast SEO Premium plugin. -->","yoast_head_json":{"title":"Primeiro Encontro Nacional de Mulheres em Schoenstatt Equador: \u201cMulher, Fonte de Esperan\u00e7a\u201d - Schoenstatt","description":"Primeiro Encontro Nacional de Mulheres de Schoenstatt Equador: 175 mulheres unidas em Guayaquil sob o lema \"Mulher, Fonte de Esperan\u00e7a\".","robots":{"index":"index","follow":"follow","max-snippet":"max-snippet:-1","max-image-preview":"max-image-preview:large","max-video-preview":"max-video-preview:-1"},"canonical":"https:\/\/schoenstatt.com\/pt-pt\/primeiro-encontro-nacional-mulheres-equador\/","og_locale":"pt_PT","og_type":"article","og_title":"Primeiro Encontro Nacional de Mulheres em Schoenstatt Equador: \u201cMulher, Fonte de Esperan\u00e7a\u201d","og_description":"Primeiro Encontro Nacional de Mulheres de Schoenstatt Equador: 175 mulheres unidas em Guayaquil sob o lema \"Mulher, Fonte de Esperan\u00e7a\".","og_url":"https:\/\/schoenstatt.com\/pt-pt\/primeiro-encontro-nacional-mulheres-equador\/","og_site_name":"Schoenstatt","article_published_time":"2024-09-06T11:30:00+00:00","article_modified_time":"2025-05-15T23:36:28+00:00","og_image":[{"width":1600,"height":1200,"url":"https:\/\/schoenstatt.com\/wp-content\/uploads\/2024\/09\/National-Womens-Encounter-in-Ecuador-Header-3.jpg","type":"image\/jpeg"}],"author":"Vanessa Franke","twitter_card":"summary_large_image","twitter_misc":{"Escrito por":"Vanessa Franke","Tempo estimado de leitura":"3 minutos"},"schema":{"@context":"https:\/\/schema.org","@graph":[{"@type":"Article","@id":"https:\/\/schoenstatt.com\/pt-pt\/primeiro-encontro-nacional-mulheres-equador\/#article","isPartOf":{"@id":"https:\/\/schoenstatt.com\/pt-pt\/primeiro-encontro-nacional-mulheres-equador\/"},"author":{"name":"Vanessa Franke","@id":"https:\/\/schoenstatt.com\/pt-pt\/#\/schema\/person\/ea97a60c723e21c923e2177f0f3163f7"},"headline":"Primeiro Encontro Nacional de Mulheres em Schoenstatt Equador: \u201cMulher, Fonte de Esperan\u00e7a\u201d","datePublished":"2024-09-06T11:30:00+00:00","dateModified":"2025-05-15T23:36:28+00:00","mainEntityOfPage":{"@id":"https:\/\/schoenstatt.com\/pt-pt\/primeiro-encontro-nacional-mulheres-equador\/"},"wordCount":509,"publisher":{"@id":"https:\/\/schoenstatt.com\/pt-pt\/#organization"},"image":{"@id":"https:\/\/schoenstatt.com\/pt-pt\/primeiro-encontro-nacional-mulheres-equador\/#primaryimage"},"thumbnailUrl":"https:\/\/schoenstatt.com\/wp-content\/uploads\/2024\/09\/National-Womens-Encounter-in-Ecuador-Header-3.jpg","articleSection":["Eventos","Mulher"],"inLanguage":"pt-PT"},{"@type":"WebPage","@id":"https:\/\/schoenstatt.com\/pt-pt\/primeiro-encontro-nacional-mulheres-equador\/","url":"https:\/\/schoenstatt.com\/pt-pt\/primeiro-encontro-nacional-mulheres-equador\/","name":"Primeiro Encontro Nacional de Mulheres em Schoenstatt Equador: \u201cMulher, Fonte de Esperan\u00e7a\u201d - Schoenstatt","isPartOf":{"@id":"https:\/\/schoenstatt.com\/pt-pt\/#website"},"primaryImageOfPage":{"@id":"https:\/\/schoenstatt.com\/pt-pt\/primeiro-encontro-nacional-mulheres-equador\/#primaryimage"},"image":{"@id":"https:\/\/schoenstatt.com\/pt-pt\/primeiro-encontro-nacional-mulheres-equador\/#primaryimage"},"thumbnailUrl":"https:\/\/schoenstatt.com\/wp-content\/uploads\/2024\/09\/National-Womens-Encounter-in-Ecuador-Header-3.jpg","datePublished":"2024-09-06T11:30:00+00:00","dateModified":"2025-05-15T23:36:28+00:00","description":"Primeiro Encontro Nacional de Mulheres de Schoenstatt Equador: 175 mulheres unidas em Guayaquil sob o lema \"Mulher, Fonte de Esperan\u00e7a\".","breadcrumb":{"@id":"https:\/\/schoenstatt.com\/pt-pt\/primeiro-encontro-nacional-mulheres-equador\/#breadcrumb"},"inLanguage":"pt-PT","potentialAction":[{"@type":"ReadAction","target":["https:\/\/schoenstatt.com\/pt-pt\/primeiro-encontro-nacional-mulheres-equador\/"]}]},{"@type":"ImageObject","inLanguage":"pt-PT","@id":"https:\/\/schoenstatt.com\/pt-pt\/primeiro-encontro-nacional-mulheres-equador\/#primaryimage","url":"https:\/\/schoenstatt.com\/wp-content\/uploads\/2024\/09\/National-Womens-Encounter-in-Ecuador-Header-3.jpg","contentUrl":"https:\/\/schoenstatt.com\/wp-content\/uploads\/2024\/09\/National-Womens-Encounter-in-Ecuador-Header-3.jpg","width":1600,"height":1200,"caption":"primeiro encontro nacional mulheres schoenstatt ecuador"},{"@type":"BreadcrumbList","@id":"https:\/\/schoenstatt.com\/pt-pt\/primeiro-encontro-nacional-mulheres-equador\/#breadcrumb","itemListElement":[{"@type":"ListItem","position":1,"name":"Portada","item":"https:\/\/schoenstatt.com\/pt-pt\/home\/"},{"@type":"ListItem","position":2,"name":"Primeiro Encontro Nacional de Mulheres em Schoenstatt Equador: \u201cMulher, Fonte de Esperan\u00e7a\u201d"}]},{"@type":"WebSite","@id":"https:\/\/schoenstatt.com\/pt-pt\/#website","url":"https:\/\/schoenstatt.com\/pt-pt\/","name":"Schoenstatt","description":"Apostolic Movement","publisher":{"@id":"https:\/\/schoenstatt.com\/pt-pt\/#organization"},"potentialAction":[{"@type":"SearchAction","target":{"@type":"EntryPoint","urlTemplate":"https:\/\/schoenstatt.com\/pt-pt\/?s={search_term_string}"},"query-input":{"@type":"PropertyValueSpecification","valueRequired":true,"valueName":"search_term_string"}}],"inLanguage":"pt-PT"},{"@type":"Organization","@id":"https:\/\/schoenstatt.com\/pt-pt\/#organization","name":"Schoenstatt","url":"https:\/\/schoenstatt.com\/pt-pt\/","logo":{"@type":"ImageObject","inLanguage":"pt-PT","@id":"https:\/\/schoenstatt.com\/pt-pt\/#\/schema\/logo\/image\/","url":"https:\/\/schoenstatt.com\/wp-content\/uploads\/2025\/04\/logo-schoenstatt-white-696x696-1.png","contentUrl":"https:\/\/schoenstatt.com\/wp-content\/uploads\/2025\/04\/logo-schoenstatt-white-696x696-1.png","width":696,"height":694,"caption":"Schoenstatt"},"image":{"@id":"https:\/\/schoenstatt.com\/pt-pt\/#\/schema\/logo\/image\/"}},{"@type":"Person","@id":"https:\/\/schoenstatt.com\/pt-pt\/#\/schema\/person\/ea97a60c723e21c923e2177f0f3163f7","name":"Vanessa Franke","image":{"@type":"ImageObject","inLanguage":"pt-PT","@id":"https:\/\/secure.gravatar.com\/avatar\/a9bcca3409928ccd3195eca11e2ccbb2e5d7c7912e9a945d4f326f81a0a5cb4a?s=96&d=mm&r=g","url":"https:\/\/secure.gravatar.com\/avatar\/a9bcca3409928ccd3195eca11e2ccbb2e5d7c7912e9a945d4f326f81a0a5cb4a?s=96&d=mm&r=g","contentUrl":"https:\/\/secure.gravatar.com\/avatar\/a9bcca3409928ccd3195eca11e2ccbb2e5d7c7912e9a945d4f326f81a0a5cb4a?s=96&d=mm&r=g","caption":"Vanessa Franke"},"url":"https:\/\/schoenstatt.com\/pt-pt\/author\/vanessa-franke\/"}]}},"_links":{"self":[{"href":"https:\/\/schoenstatt.com\/pt-pt\/wp-json\/wp\/v2\/posts\/41052","targetHints":{"allow":["GET"]}}],"collection":[{"href":"https:\/\/schoenstatt.com\/pt-pt\/wp-json\/wp\/v2\/posts"}],"about":[{"href":"https:\/\/schoenstatt.com\/pt-pt\/wp-json\/wp\/v2\/types\/post"}],"author":[{"embeddable":true,"href":"https:\/\/schoenstatt.com\/pt-pt\/wp-json\/wp\/v2\/users\/6"}],"replies":[{"embeddable":true,"href":"https:\/\/schoenstatt.com\/pt-pt\/wp-json\/wp\/v2\/comments?post=41052"}],"version-history":[{"count":1,"href":"https:\/\/schoenstatt.com\/pt-pt\/wp-json\/wp\/v2\/posts\/41052\/revisions"}],"predecessor-version":[{"id":47000,"href":"https:\/\/schoenstatt.com\/pt-pt\/wp-json\/wp\/v2\/posts\/41052\/revisions\/47000"}],"wp:featuredmedia":[{"embeddable":true,"href":"https:\/\/schoenstatt.com\/pt-pt\/wp-json\/wp\/v2\/media\/41029"}],"wp:attachment":[{"href":"https:\/\/schoenstatt.com\/pt-pt\/wp-json\/wp\/v2\/media?parent=41052"}],"wp:term":[{"taxonomy":"category","embeddable":true,"href":"https:\/\/schoenstatt.com\/pt-pt\/wp-json\/wp\/v2\/categories?post=41052"},{"taxonomy":"post_tag","embeddable":true,"href":"https:\/\/schoenstatt.com\/pt-pt\/wp-json\/wp\/v2\/tags?post=41052"}],"curies":[{"name":"wp","href":"https:\/\/api.w.org\/{rel}","templated":true}]}}