{"id":41022,"date":"2024-09-04T13:00:00","date_gmt":"2024-09-04T11:00:00","guid":{"rendered":"https:\/\/schoenstatt.com\/?p=41022"},"modified":"2025-05-16T00:13:04","modified_gmt":"2025-05-15T22:13:04","slug":"54-anos-do-santuario-de-siao-em-schoenstatt","status":"publish","type":"post","link":"https:\/\/schoenstatt.com\/pt-pt\/54-anos-do-santuario-de-siao-em-schoenstatt\/","title":{"rendered":"Comemora\u00e7\u00e3o dos 54 anos do Santu\u00e1rio de Si\u00e3o em Schoenstatt"},"content":{"rendered":"\n<p>No dia 30 de agosto, a Comunidade dos Padres de Schoenstatt celebrou os 54 anos da b\u00ean\u00e7\u00e3o do Santu\u00e1rio sobre o Monte Si\u00e3o, em Schoenstatt. Este Santu\u00e1rio fica ao lado da nossa casa central, que chamamos de Casa Paterna (Vaterhaus em alem\u00e3o).<\/p>\n\n\n\n<p>Sem desvirtuar a data oficial de funda\u00e7\u00e3o da nossa Comunidade (18 de julho de 1965), foi a data da b\u00ean\u00e7\u00e3o do Santu\u00e1rio que se tornou o \u201cDia de Festa\u201d da Comunidade dos <a href=\"https:\/\/schoenstatt-fathers.org\/es_new\/es\/inicio\/\">Padres de Schoenstatt<\/a>. Este ano, por diferentes motivos, se reuniram padres de todo o mundo e de todas as gera\u00e7\u00f5es.<\/p>\n\n\n\n<p>\u00c9ramos mais de 100 sacerdotes da Europa (Espanha, Portugal, Alemanha, Su\u00ed\u00e7a, Pol\u00f3nia, \u00c1ustria), \u00c1frica (Nig\u00e9ria, Congo, \u00c1frica do Sul), \u00c1sia (\u00cdndia) e Am\u00e9rica (Argentina, Chile, Brasil, Paraguai, M\u00e9xico).<\/p>\n\n\n\n<p>Ao mesmo tempo, era sobre gera\u00e7\u00f5es diferentes. Ainda temos a gra\u00e7a de ter membros que tiveram contato com o Padre Kentenich e pertencem \u00e0 gera\u00e7\u00e3o fundadora. Os mais jovens eram quatro seminaristas nigerianos que est\u00e3o no final do per\u00edodo de forma\u00e7\u00e3o e que, se Deus quiser, ser\u00e3o ordenados di\u00e1conos nos pr\u00f3ximos meses.<\/p>\n\n\n\n<p>Pouco a pouco a casa foi enchendo. Chegaram os padres que trabalham nas par\u00f3quias e que estavam participando de uma jornada nos \u00faltimos dias. Tamb\u00e9m chegaram os padres que moram em Schoenstatt, aqueles que estavam participando do curso de forma\u00e7\u00e3o ou alguns que estavam de visita em Schoenstatt por motivos apost\u00f3licos. Todos se cumprimentaram, uns para se apresentarem e se conhecerem, outros para se reencontrarem depois de muito tempo.<\/p>\n\n\n\n<h2 class=\"wp-block-heading\" id=\"h-iniciamos-o-dia-com-uma-celebracao-eucaristica\">Iniciamos o dia com uma celebra\u00e7\u00e3o eucar\u00edstica<\/h2>\n\n\n\n<figure class=\"wp-block-gallery has-nested-images columns-default is-cropped wp-block-gallery-1 is-layout-flex wp-block-gallery-is-layout-flex\">\n<figure class=\"wp-block-image size-large\"><img decoding=\"async\" data-id=\"41001\" src=\"https:\/\/schoenstatt.com\/wp-content\/uploads\/2024\/09\/54th-anniversary-Sion-2-1024x576.jpg\" alt=\"54 anos do Santu\u00e1rio\" class=\"wp-image-41001\"\/><\/figure>\n\n\n\n<figure class=\"wp-block-image size-large\"><img decoding=\"async\" data-id=\"40997\" src=\"https:\/\/schoenstatt.com\/wp-content\/uploads\/2024\/09\/54th-anniversary-Sion-4-1-1024x682.jpg\" alt=\"54th anniversary of the Sion Shrine in Schoenstatt\" class=\"wp-image-40997\"\/><\/figure>\n<\/figure>\n\n\n\n<p><br>\u00c0s 10h30 da manh\u00e3 teve in\u00edcio a celebra\u00e7\u00e3o da Eucaristia, presidida pelo nosso superior geral, Padre Alexandre Awi. Refletindo uma realidade cada vez mais forte, pass\u00e1vamos do ingl\u00eas para o alem\u00e3o, do alem\u00e3o para o espanhol e de volta ao ingl\u00eas. E as melodias das can\u00e7\u00f5es, e a sua interpreta\u00e7\u00e3o com diferentes instrumentos, nos ajudaram a valorizar a multiculturalidade da nossa Comunidade de padres: uma realidade que nos desafia, mas acima de tudo nos alegra e nos d\u00e1 esperan\u00e7a. <\/p>\n\n\n\n<p>Em sua homilia, o Padre Alexandre nos recordou que h\u00e1 10 anos, por volta das comemora\u00e7\u00f5es dos cem anos da Alian\u00e7a de Amor, selamos, como Comunidade, uma Alian\u00e7a de Amor para a Fam\u00edlia de Schoenstatt. Foi o convite para nos renovarmos no sentido central da nossa exist\u00eancia. Poder servir com todas as nossas for\u00e7as, capacidades \u2013 e tamb\u00e9m as nossas fraquezas \u2013 ao <a href=\"https:\/\/schoenstatt.com\/pt-pt\/nossa-espiritualidade\/\">carisma de Schoenstatt<\/a> atrav\u00e9s da sua Fam\u00edlia. Numa parte do seu serm\u00e3o, o Padre Alexandre nos recordou a frase do Padre Kentenich:<\/p>\n\n\n\n<figure class=\"wp-block-pullquote has-medium-font-size\" style=\"border-top-color:var(--wp--preset--color--luminous-vivid-orange);border-top-style:solid;border-top-width:1px;border-bottom-color:var(--wp--preset--color--luminous-vivid-orange);border-bottom-style:solid;border-bottom-width:1px;font-style:italic;font-weight:300\"><blockquote><p>\u201cTudo para Schoenstatt, Schoenstatt para a Igreja <br>e a Igreja para a Sant\u00edssima Trindade\u201d<\/p><\/blockquote><\/figure>\n\n\n\n<p><br>Nos convidou a cada um de n\u00f3s para fazer a sua parte neste servi\u00e7o.: \u201cpara alguns se trata de ora\u00e7\u00e3o; para outros, de trabalho no sentido de Schoenstatt (segundo o que a Comunidade lhes pede); para outros, trabalho direto com o Movimento. A M\u00e3e Sant\u00edssima sabe o quanto cada um pode entregar pela nossa Fam\u00edlia\u201d.<\/p>\n\n\n\n<figure class=\"wp-block-gallery has-nested-images columns-default is-cropped wp-block-gallery-2 is-layout-flex wp-block-gallery-is-layout-flex\">\n<figure class=\"wp-block-image size-large\"><img decoding=\"async\" data-id=\"41005\" src=\"https:\/\/schoenstatt.com\/wp-content\/uploads\/2024\/09\/54th-anniversary-Sion-1-768x1024.jpg\" alt=\"54. Jahrestag Sions-Heiligtum\" class=\"wp-image-41005\"\/><\/figure>\n\n\n\n<figure class=\"wp-block-image size-large\"><img decoding=\"async\" data-id=\"41013\" src=\"https:\/\/schoenstatt.com\/wp-content\/uploads\/2024\/09\/54th-anniversary-Sion-6-768x1024.jpg\" alt=\"54 anos do Santu\u00e1rio \" class=\"wp-image-41013\"\/><\/figure>\n<\/figure>\n\n\n\n<p><br>Ao final da Missa fizemos uma peregrina\u00e7\u00e3o ao nosso Santu\u00e1rio de Si\u00e3o. Foi uma longa prociss\u00e3o que acabou por se encontrar em frente ao Santu\u00e1rio para renovar a Alian\u00e7a de Amor com Maria, com o nosso Pai Fundador e, nesta ocasi\u00e3o, conscientemente pela Fam\u00edlia de Schoenstatt, \u00e0 qual somos chamados a servir. <\/p>\n\n\n\n<p>Foi um dia inteiro de Comunidade. Houve tempo para partilhar \u00e0 mesa, conversar e rezar. O Fizemos com o cora\u00e7\u00e3o agradecido pelo dom gratuito da voca\u00e7\u00e3o e do carisma que Deus nos deu.<\/p>\n\n\n\n<h2 class=\"wp-block-heading\" id=\"h-da-missa-do-instrumento-em-rumo-ao-pai\">Da Missa do Instrumento, em Rumo ao Pai:<\/h2>\n\n\n\n<blockquote class=\"wp-block-quote is-layout-flow wp-block-quote-is-layout-flow\">\n<p>\u201cNo futuro, guarde-nos como sua perten\u00e7a e que somente a ti possamos consagrar as for\u00e7as do amor, <\/p>\n\n\n\n<p>para que Cristo possa agir por n\u00f3s e conduzir os homens rumo ao c\u00e9u.<\/p>\n\n\n\n<p>Que Ele viaje em n\u00f3s pela terra e com Sua Noiva estenda Seu Reino!<\/p>\n\n\n\n<p>Envie-nos o Esp\u00edrito de fortaleza do Senhor para que atrav\u00e9s Dele surja a cria\u00e7\u00e3o renovada:<\/p>\n\n\n\n<p>O Reino de Schoenstatt, na\u00e7\u00e3o de Deus, que se assemelha \u00e0 eterna Cidade de Si\u00e3o, <\/p>\n\n\n\n<p>onde triunfa o amor e reinam sempre a justi\u00e7a e a verdade. Am\u00e9m.&#8221;<\/p>\n<\/blockquote>\n\n\n\n<figure class=\"wp-block-image size-large\"><img decoding=\"async\" src=\"https:\/\/schoenstatt.com\/wp-content\/uploads\/2024\/09\/54th-anniversary-Sion-5-1024x360.jpg\" alt=\"\" class=\"wp-image-41017\"\/><\/figure>\n\n\n\n<p><em><sub><strong>Tradu\u00e7\u00e3o<\/strong>: Audrey Markutis | <strong>Fotos<\/strong>: Pe. Ignacio Camacho<\/sub><\/em><\/p>\n","protected":false},"excerpt":{"rendered":"<p>No dia 30 de agosto, a Comunidade dos Padres de Schoenstatt celebrou o 54\u00ba anivers\u00e1rio da b\u00ean\u00e7\u00e3o do Santu\u00e1rio sobre o Monte Si\u00e3o. A celebra\u00e7\u00e3o reuniu mais de 100 sacerdotes de diferentes partes do mundo, que renovaram a sua Alian\u00e7a de Amor e compartilharam um dia cheio de ora\u00e7\u00e3o, fraternidade e gratid\u00e3o pelo carisma de Schoenstatt.<\/p>\n","protected":false},"author":6,"featured_media":40991,"comment_status":"closed","ping_status":"closed","sticky":false,"template":"","format":"standard","meta":{"footnotes":""},"categories":[908],"tags":[],"class_list":["post-41022","post","type-post","status-publish","format-standard","has-post-thumbnail","hentry","category-comunidades-de-schoenstatt-pt-pt"],"yoast_head":"<!-- This site is optimized with the Yoast SEO Premium plugin v27.4 (Yoast SEO v27.4) - https:\/\/yoast.com\/product\/yoast-seo-premium-wordpress\/ -->\n<title>Comemora\u00e7\u00e3o dos 54 anos do Santu\u00e1rio de Si\u00e3o em Schoenstatt - Schoenstatt<\/title>\n<meta name=\"description\" content=\"Os Padres de Schoenstatt celebraram no Monte Si\u00e3o com mais de 100 sacerdotes de todo o mundo. Um dia cheio de ora\u00e7\u00e3o, fraternidade e gratid\u00e3o.\" \/>\n<meta name=\"robots\" content=\"index, follow, max-snippet:-1, max-image-preview:large, max-video-preview:-1\" \/>\n<link rel=\"canonical\" href=\"https:\/\/schoenstatt.com\/pt-pt\/54-anos-do-santuario-de-siao-em-schoenstatt\/\" \/>\n<meta property=\"og:locale\" content=\"pt_PT\" \/>\n<meta property=\"og:type\" content=\"article\" \/>\n<meta property=\"og:title\" content=\"Comemora\u00e7\u00e3o dos 54 anos do Santu\u00e1rio de Si\u00e3o em Schoenstatt\" \/>\n<meta property=\"og:description\" content=\"Os Padres de Schoenstatt celebraram no Monte Si\u00e3o com mais de 100 sacerdotes de todo o mundo. Um dia cheio de ora\u00e7\u00e3o, fraternidade e gratid\u00e3o.\" \/>\n<meta property=\"og:url\" content=\"https:\/\/schoenstatt.com\/pt-pt\/54-anos-do-santuario-de-siao-em-schoenstatt\/\" \/>\n<meta property=\"og:site_name\" content=\"Schoenstatt\" \/>\n<meta property=\"article:published_time\" content=\"2024-09-04T11:00:00+00:00\" \/>\n<meta property=\"article:modified_time\" content=\"2025-05-15T22:13:04+00:00\" \/>\n<meta property=\"og:image\" content=\"https:\/\/schoenstatt.com\/wp-content\/uploads\/2024\/09\/54th-anniversary-Sion-header-3.jpg\" \/>\n\t<meta property=\"og:image:width\" content=\"1600\" \/>\n\t<meta property=\"og:image:height\" content=\"900\" \/>\n\t<meta property=\"og:image:type\" content=\"image\/jpeg\" \/>\n<meta name=\"author\" content=\"Vanessa Franke\" \/>\n<meta name=\"twitter:card\" content=\"summary_large_image\" \/>\n<meta name=\"twitter:label1\" content=\"Escrito por\" \/>\n\t<meta name=\"twitter:data1\" content=\"Vanessa Franke\" \/>\n\t<meta name=\"twitter:label2\" content=\"Tempo estimado de leitura\" \/>\n\t<meta name=\"twitter:data2\" content=\"4 minutos\" \/>\n<script type=\"application\/ld+json\" class=\"yoast-schema-graph\">{\"@context\":\"https:\\\/\\\/schema.org\",\"@graph\":[{\"@type\":\"Article\",\"@id\":\"https:\\\/\\\/schoenstatt.com\\\/pt-pt\\\/54-anos-do-santuario-de-siao-em-schoenstatt\\\/#article\",\"isPartOf\":{\"@id\":\"https:\\\/\\\/schoenstatt.com\\\/pt-pt\\\/54-anos-do-santuario-de-siao-em-schoenstatt\\\/\"},\"author\":{\"name\":\"Vanessa Franke\",\"@id\":\"https:\\\/\\\/schoenstatt.com\\\/pt-pt\\\/#\\\/schema\\\/person\\\/ea97a60c723e21c923e2177f0f3163f7\"},\"headline\":\"Comemora\u00e7\u00e3o dos 54 anos do Santu\u00e1rio de Si\u00e3o em Schoenstatt\",\"datePublished\":\"2024-09-04T11:00:00+00:00\",\"dateModified\":\"2025-05-15T22:13:04+00:00\",\"mainEntityOfPage\":{\"@id\":\"https:\\\/\\\/schoenstatt.com\\\/pt-pt\\\/54-anos-do-santuario-de-siao-em-schoenstatt\\\/\"},\"wordCount\":752,\"publisher\":{\"@id\":\"https:\\\/\\\/schoenstatt.com\\\/pt-pt\\\/#organization\"},\"image\":{\"@id\":\"https:\\\/\\\/schoenstatt.com\\\/pt-pt\\\/54-anos-do-santuario-de-siao-em-schoenstatt\\\/#primaryimage\"},\"thumbnailUrl\":\"https:\\\/\\\/schoenstatt.com\\\/wp-content\\\/uploads\\\/2024\\\/09\\\/54th-anniversary-Sion-header-3.jpg\",\"articleSection\":[\"Comunidades de Schoenstatt\"],\"inLanguage\":\"pt-PT\"},{\"@type\":\"WebPage\",\"@id\":\"https:\\\/\\\/schoenstatt.com\\\/pt-pt\\\/54-anos-do-santuario-de-siao-em-schoenstatt\\\/\",\"url\":\"https:\\\/\\\/schoenstatt.com\\\/pt-pt\\\/54-anos-do-santuario-de-siao-em-schoenstatt\\\/\",\"name\":\"Comemora\u00e7\u00e3o dos 54 anos do Santu\u00e1rio de Si\u00e3o em Schoenstatt - Schoenstatt\",\"isPartOf\":{\"@id\":\"https:\\\/\\\/schoenstatt.com\\\/pt-pt\\\/#website\"},\"primaryImageOfPage\":{\"@id\":\"https:\\\/\\\/schoenstatt.com\\\/pt-pt\\\/54-anos-do-santuario-de-siao-em-schoenstatt\\\/#primaryimage\"},\"image\":{\"@id\":\"https:\\\/\\\/schoenstatt.com\\\/pt-pt\\\/54-anos-do-santuario-de-siao-em-schoenstatt\\\/#primaryimage\"},\"thumbnailUrl\":\"https:\\\/\\\/schoenstatt.com\\\/wp-content\\\/uploads\\\/2024\\\/09\\\/54th-anniversary-Sion-header-3.jpg\",\"datePublished\":\"2024-09-04T11:00:00+00:00\",\"dateModified\":\"2025-05-15T22:13:04+00:00\",\"description\":\"Os Padres de Schoenstatt celebraram no Monte Si\u00e3o com mais de 100 sacerdotes de todo o mundo. Um dia cheio de ora\u00e7\u00e3o, fraternidade e gratid\u00e3o.\",\"breadcrumb\":{\"@id\":\"https:\\\/\\\/schoenstatt.com\\\/pt-pt\\\/54-anos-do-santuario-de-siao-em-schoenstatt\\\/#breadcrumb\"},\"inLanguage\":\"pt-PT\",\"potentialAction\":[{\"@type\":\"ReadAction\",\"target\":[\"https:\\\/\\\/schoenstatt.com\\\/pt-pt\\\/54-anos-do-santuario-de-siao-em-schoenstatt\\\/\"]}]},{\"@type\":\"ImageObject\",\"inLanguage\":\"pt-PT\",\"@id\":\"https:\\\/\\\/schoenstatt.com\\\/pt-pt\\\/54-anos-do-santuario-de-siao-em-schoenstatt\\\/#primaryimage\",\"url\":\"https:\\\/\\\/schoenstatt.com\\\/wp-content\\\/uploads\\\/2024\\\/09\\\/54th-anniversary-Sion-header-3.jpg\",\"contentUrl\":\"https:\\\/\\\/schoenstatt.com\\\/wp-content\\\/uploads\\\/2024\\\/09\\\/54th-anniversary-Sion-header-3.jpg\",\"width\":1600,\"height\":900,\"caption\":\"54 anos do Santu\u00e1rio de Si\u00e3o\"},{\"@type\":\"BreadcrumbList\",\"@id\":\"https:\\\/\\\/schoenstatt.com\\\/pt-pt\\\/54-anos-do-santuario-de-siao-em-schoenstatt\\\/#breadcrumb\",\"itemListElement\":[{\"@type\":\"ListItem\",\"position\":1,\"name\":\"Portada\",\"item\":\"https:\\\/\\\/schoenstatt.com\\\/pt-pt\\\/home\\\/\"},{\"@type\":\"ListItem\",\"position\":2,\"name\":\"Comemora\u00e7\u00e3o dos 54 anos do Santu\u00e1rio de Si\u00e3o em Schoenstatt\"}]},{\"@type\":\"WebSite\",\"@id\":\"https:\\\/\\\/schoenstatt.com\\\/pt-pt\\\/#website\",\"url\":\"https:\\\/\\\/schoenstatt.com\\\/pt-pt\\\/\",\"name\":\"Schoenstatt\",\"description\":\"Apostolic Movement\",\"publisher\":{\"@id\":\"https:\\\/\\\/schoenstatt.com\\\/pt-pt\\\/#organization\"},\"potentialAction\":[{\"@type\":\"SearchAction\",\"target\":{\"@type\":\"EntryPoint\",\"urlTemplate\":\"https:\\\/\\\/schoenstatt.com\\\/pt-pt\\\/?s={search_term_string}\"},\"query-input\":{\"@type\":\"PropertyValueSpecification\",\"valueRequired\":true,\"valueName\":\"search_term_string\"}}],\"inLanguage\":\"pt-PT\"},{\"@type\":\"Organization\",\"@id\":\"https:\\\/\\\/schoenstatt.com\\\/pt-pt\\\/#organization\",\"name\":\"Schoenstatt\",\"url\":\"https:\\\/\\\/schoenstatt.com\\\/pt-pt\\\/\",\"logo\":{\"@type\":\"ImageObject\",\"inLanguage\":\"pt-PT\",\"@id\":\"https:\\\/\\\/schoenstatt.com\\\/pt-pt\\\/#\\\/schema\\\/logo\\\/image\\\/\",\"url\":\"https:\\\/\\\/schoenstatt.com\\\/wp-content\\\/uploads\\\/2025\\\/04\\\/logo-schoenstatt-white-696x696-1.png\",\"contentUrl\":\"https:\\\/\\\/schoenstatt.com\\\/wp-content\\\/uploads\\\/2025\\\/04\\\/logo-schoenstatt-white-696x696-1.png\",\"width\":696,\"height\":694,\"caption\":\"Schoenstatt\"},\"image\":{\"@id\":\"https:\\\/\\\/schoenstatt.com\\\/pt-pt\\\/#\\\/schema\\\/logo\\\/image\\\/\"}},{\"@type\":\"Person\",\"@id\":\"https:\\\/\\\/schoenstatt.com\\\/pt-pt\\\/#\\\/schema\\\/person\\\/ea97a60c723e21c923e2177f0f3163f7\",\"name\":\"Vanessa Franke\",\"image\":{\"@type\":\"ImageObject\",\"inLanguage\":\"pt-PT\",\"@id\":\"https:\\\/\\\/secure.gravatar.com\\\/avatar\\\/a9bcca3409928ccd3195eca11e2ccbb2e5d7c7912e9a945d4f326f81a0a5cb4a?s=96&d=mm&r=g\",\"url\":\"https:\\\/\\\/secure.gravatar.com\\\/avatar\\\/a9bcca3409928ccd3195eca11e2ccbb2e5d7c7912e9a945d4f326f81a0a5cb4a?s=96&d=mm&r=g\",\"contentUrl\":\"https:\\\/\\\/secure.gravatar.com\\\/avatar\\\/a9bcca3409928ccd3195eca11e2ccbb2e5d7c7912e9a945d4f326f81a0a5cb4a?s=96&d=mm&r=g\",\"caption\":\"Vanessa Franke\"},\"url\":\"https:\\\/\\\/schoenstatt.com\\\/pt-pt\\\/author\\\/vanessa-franke\\\/\"}]}<\/script>\n<!-- \/ Yoast SEO Premium plugin. -->","yoast_head_json":{"title":"Comemora\u00e7\u00e3o dos 54 anos do Santu\u00e1rio de Si\u00e3o em Schoenstatt - Schoenstatt","description":"Os Padres de Schoenstatt celebraram no Monte Si\u00e3o com mais de 100 sacerdotes de todo o mundo. Um dia cheio de ora\u00e7\u00e3o, fraternidade e gratid\u00e3o.","robots":{"index":"index","follow":"follow","max-snippet":"max-snippet:-1","max-image-preview":"max-image-preview:large","max-video-preview":"max-video-preview:-1"},"canonical":"https:\/\/schoenstatt.com\/pt-pt\/54-anos-do-santuario-de-siao-em-schoenstatt\/","og_locale":"pt_PT","og_type":"article","og_title":"Comemora\u00e7\u00e3o dos 54 anos do Santu\u00e1rio de Si\u00e3o em Schoenstatt","og_description":"Os Padres de Schoenstatt celebraram no Monte Si\u00e3o com mais de 100 sacerdotes de todo o mundo. Um dia cheio de ora\u00e7\u00e3o, fraternidade e gratid\u00e3o.","og_url":"https:\/\/schoenstatt.com\/pt-pt\/54-anos-do-santuario-de-siao-em-schoenstatt\/","og_site_name":"Schoenstatt","article_published_time":"2024-09-04T11:00:00+00:00","article_modified_time":"2025-05-15T22:13:04+00:00","og_image":[{"width":1600,"height":900,"url":"https:\/\/schoenstatt.com\/wp-content\/uploads\/2024\/09\/54th-anniversary-Sion-header-3.jpg","type":"image\/jpeg"}],"author":"Vanessa Franke","twitter_card":"summary_large_image","twitter_misc":{"Escrito por":"Vanessa Franke","Tempo estimado de leitura":"4 minutos"},"schema":{"@context":"https:\/\/schema.org","@graph":[{"@type":"Article","@id":"https:\/\/schoenstatt.com\/pt-pt\/54-anos-do-santuario-de-siao-em-schoenstatt\/#article","isPartOf":{"@id":"https:\/\/schoenstatt.com\/pt-pt\/54-anos-do-santuario-de-siao-em-schoenstatt\/"},"author":{"name":"Vanessa Franke","@id":"https:\/\/schoenstatt.com\/pt-pt\/#\/schema\/person\/ea97a60c723e21c923e2177f0f3163f7"},"headline":"Comemora\u00e7\u00e3o dos 54 anos do Santu\u00e1rio de Si\u00e3o em Schoenstatt","datePublished":"2024-09-04T11:00:00+00:00","dateModified":"2025-05-15T22:13:04+00:00","mainEntityOfPage":{"@id":"https:\/\/schoenstatt.com\/pt-pt\/54-anos-do-santuario-de-siao-em-schoenstatt\/"},"wordCount":752,"publisher":{"@id":"https:\/\/schoenstatt.com\/pt-pt\/#organization"},"image":{"@id":"https:\/\/schoenstatt.com\/pt-pt\/54-anos-do-santuario-de-siao-em-schoenstatt\/#primaryimage"},"thumbnailUrl":"https:\/\/schoenstatt.com\/wp-content\/uploads\/2024\/09\/54th-anniversary-Sion-header-3.jpg","articleSection":["Comunidades de Schoenstatt"],"inLanguage":"pt-PT"},{"@type":"WebPage","@id":"https:\/\/schoenstatt.com\/pt-pt\/54-anos-do-santuario-de-siao-em-schoenstatt\/","url":"https:\/\/schoenstatt.com\/pt-pt\/54-anos-do-santuario-de-siao-em-schoenstatt\/","name":"Comemora\u00e7\u00e3o dos 54 anos do Santu\u00e1rio de Si\u00e3o em Schoenstatt - Schoenstatt","isPartOf":{"@id":"https:\/\/schoenstatt.com\/pt-pt\/#website"},"primaryImageOfPage":{"@id":"https:\/\/schoenstatt.com\/pt-pt\/54-anos-do-santuario-de-siao-em-schoenstatt\/#primaryimage"},"image":{"@id":"https:\/\/schoenstatt.com\/pt-pt\/54-anos-do-santuario-de-siao-em-schoenstatt\/#primaryimage"},"thumbnailUrl":"https:\/\/schoenstatt.com\/wp-content\/uploads\/2024\/09\/54th-anniversary-Sion-header-3.jpg","datePublished":"2024-09-04T11:00:00+00:00","dateModified":"2025-05-15T22:13:04+00:00","description":"Os Padres de Schoenstatt celebraram no Monte Si\u00e3o com mais de 100 sacerdotes de todo o mundo. Um dia cheio de ora\u00e7\u00e3o, fraternidade e gratid\u00e3o.","breadcrumb":{"@id":"https:\/\/schoenstatt.com\/pt-pt\/54-anos-do-santuario-de-siao-em-schoenstatt\/#breadcrumb"},"inLanguage":"pt-PT","potentialAction":[{"@type":"ReadAction","target":["https:\/\/schoenstatt.com\/pt-pt\/54-anos-do-santuario-de-siao-em-schoenstatt\/"]}]},{"@type":"ImageObject","inLanguage":"pt-PT","@id":"https:\/\/schoenstatt.com\/pt-pt\/54-anos-do-santuario-de-siao-em-schoenstatt\/#primaryimage","url":"https:\/\/schoenstatt.com\/wp-content\/uploads\/2024\/09\/54th-anniversary-Sion-header-3.jpg","contentUrl":"https:\/\/schoenstatt.com\/wp-content\/uploads\/2024\/09\/54th-anniversary-Sion-header-3.jpg","width":1600,"height":900,"caption":"54 anos do Santu\u00e1rio de Si\u00e3o"},{"@type":"BreadcrumbList","@id":"https:\/\/schoenstatt.com\/pt-pt\/54-anos-do-santuario-de-siao-em-schoenstatt\/#breadcrumb","itemListElement":[{"@type":"ListItem","position":1,"name":"Portada","item":"https:\/\/schoenstatt.com\/pt-pt\/home\/"},{"@type":"ListItem","position":2,"name":"Comemora\u00e7\u00e3o dos 54 anos do Santu\u00e1rio de Si\u00e3o em Schoenstatt"}]},{"@type":"WebSite","@id":"https:\/\/schoenstatt.com\/pt-pt\/#website","url":"https:\/\/schoenstatt.com\/pt-pt\/","name":"Schoenstatt","description":"Apostolic Movement","publisher":{"@id":"https:\/\/schoenstatt.com\/pt-pt\/#organization"},"potentialAction":[{"@type":"SearchAction","target":{"@type":"EntryPoint","urlTemplate":"https:\/\/schoenstatt.com\/pt-pt\/?s={search_term_string}"},"query-input":{"@type":"PropertyValueSpecification","valueRequired":true,"valueName":"search_term_string"}}],"inLanguage":"pt-PT"},{"@type":"Organization","@id":"https:\/\/schoenstatt.com\/pt-pt\/#organization","name":"Schoenstatt","url":"https:\/\/schoenstatt.com\/pt-pt\/","logo":{"@type":"ImageObject","inLanguage":"pt-PT","@id":"https:\/\/schoenstatt.com\/pt-pt\/#\/schema\/logo\/image\/","url":"https:\/\/schoenstatt.com\/wp-content\/uploads\/2025\/04\/logo-schoenstatt-white-696x696-1.png","contentUrl":"https:\/\/schoenstatt.com\/wp-content\/uploads\/2025\/04\/logo-schoenstatt-white-696x696-1.png","width":696,"height":694,"caption":"Schoenstatt"},"image":{"@id":"https:\/\/schoenstatt.com\/pt-pt\/#\/schema\/logo\/image\/"}},{"@type":"Person","@id":"https:\/\/schoenstatt.com\/pt-pt\/#\/schema\/person\/ea97a60c723e21c923e2177f0f3163f7","name":"Vanessa Franke","image":{"@type":"ImageObject","inLanguage":"pt-PT","@id":"https:\/\/secure.gravatar.com\/avatar\/a9bcca3409928ccd3195eca11e2ccbb2e5d7c7912e9a945d4f326f81a0a5cb4a?s=96&d=mm&r=g","url":"https:\/\/secure.gravatar.com\/avatar\/a9bcca3409928ccd3195eca11e2ccbb2e5d7c7912e9a945d4f326f81a0a5cb4a?s=96&d=mm&r=g","contentUrl":"https:\/\/secure.gravatar.com\/avatar\/a9bcca3409928ccd3195eca11e2ccbb2e5d7c7912e9a945d4f326f81a0a5cb4a?s=96&d=mm&r=g","caption":"Vanessa Franke"},"url":"https:\/\/schoenstatt.com\/pt-pt\/author\/vanessa-franke\/"}]}},"_links":{"self":[{"href":"https:\/\/schoenstatt.com\/pt-pt\/wp-json\/wp\/v2\/posts\/41022","targetHints":{"allow":["GET"]}}],"collection":[{"href":"https:\/\/schoenstatt.com\/pt-pt\/wp-json\/wp\/v2\/posts"}],"about":[{"href":"https:\/\/schoenstatt.com\/pt-pt\/wp-json\/wp\/v2\/types\/post"}],"author":[{"embeddable":true,"href":"https:\/\/schoenstatt.com\/pt-pt\/wp-json\/wp\/v2\/users\/6"}],"replies":[{"embeddable":true,"href":"https:\/\/schoenstatt.com\/pt-pt\/wp-json\/wp\/v2\/comments?post=41022"}],"version-history":[{"count":1,"href":"https:\/\/schoenstatt.com\/pt-pt\/wp-json\/wp\/v2\/posts\/41022\/revisions"}],"predecessor-version":[{"id":46995,"href":"https:\/\/schoenstatt.com\/pt-pt\/wp-json\/wp\/v2\/posts\/41022\/revisions\/46995"}],"wp:featuredmedia":[{"embeddable":true,"href":"https:\/\/schoenstatt.com\/pt-pt\/wp-json\/wp\/v2\/media\/40991"}],"wp:attachment":[{"href":"https:\/\/schoenstatt.com\/pt-pt\/wp-json\/wp\/v2\/media?parent=41022"}],"wp:term":[{"taxonomy":"category","embeddable":true,"href":"https:\/\/schoenstatt.com\/pt-pt\/wp-json\/wp\/v2\/categories?post=41022"},{"taxonomy":"post_tag","embeddable":true,"href":"https:\/\/schoenstatt.com\/pt-pt\/wp-json\/wp\/v2\/tags?post=41022"}],"curies":[{"name":"wp","href":"https:\/\/api.w.org\/{rel}","templated":true}]}}