{"id":40916,"date":"2024-08-28T11:14:35","date_gmt":"2024-08-28T09:14:35","guid":{"rendered":"https:\/\/schoenstatt.com\/?p=40916"},"modified":"2025-05-16T03:01:56","modified_gmt":"2025-05-16T01:01:56","slug":"o-festival-internacional-do-encontro-reune-diferentes-nacoes-em-schoenstatt","status":"publish","type":"post","link":"https:\/\/schoenstatt.com\/pt-pt\/o-festival-internacional-do-encontro-reune-diferentes-nacoes-em-schoenstatt\/","title":{"rendered":"O Festival Internacional do Encontro re\u00fane diferentes na\u00e7\u00f5es em Schoenstatt"},"content":{"rendered":"\n<p>\u201cTodos juntos\u201d, \u00e9 isso que une as pessoas no tradicional Festival Internacional do Encontro, em Schoenstatt, Alemanha: as diferentes gera\u00e7\u00f5es, diferentes nacionalidades e grupos lingu\u00edsticos, os membros do Movimento de Schoenstatt e os peregrinos, os habitantes de Vallendar e os participantes que viajaram de Regensburg, Mainz, Frankfurt, Luxemburgo, etc. \u201cAtmosfera\u201d e \u201ccomunidade\u201d s\u00e3o palavras frequentemente utilizadas para descrever o que \u00e9 essa celebra\u00e7\u00e3o.<\/p>\n\n\n\n<h2 class=\"wp-block-heading\" id=\"h-todos-participam\"><strong>Todos participam<\/strong><\/h2>\n\n\n\n<p>O festival se desenvolve com a participa\u00e7\u00e3o diversificada de pessoas e grupos muito variados \u2013 e de realidades muito diferentes. \u00c9 isso que lhe confere sua atmosfera especial. \u201cObrigado pela oportunidade de estarmos aqui\u201d, dizem os dois casais do Brasil que moram em Luxemburgo e viajaram com anteced\u00eancia a Schoenstatt para ajudar.<\/p>\n\n\n\n<figure class=\"wp-block-image size-full\"><img decoding=\"async\" src=\"https:\/\/schoenstatt.com\/wp-content\/uploads\/2024\/08\/International-Encounter-Festival-Fest-der-Begegnung-Schoenstatt-4.jpg\" alt=\"\" class=\"wp-image-40913\"\/><figcaption class=\"wp-element-caption\">A \u201cKuckuckspolka\u201d atraiu muitos para a pista de dan\u00e7a (Foto: PZ)<\/figcaption><\/figure>\n\n\n\n<p>As contribui\u00e7\u00f5es de m\u00fasica e dan\u00e7a do Peru e do Chile, das Filipinas, da Bulg\u00e1ria e da Alemanha s\u00e3o prestigiadas com aplausos. As v\u00e1rias dan\u00e7as de integra\u00e7\u00e3o tamb\u00e9m foram bem recebidas, inclusive a polca do cuco. Ricardo Filho, brasileiro que vive em Luxemburgo, aceitou o pedido para ser o apresentador, apesar de seu voo para o Brasil com sua fam\u00edlia estar planejado para o dia seguinte. Ele n\u00e3o poderia recusar esse pedido \u00e0 M\u00e3e, disse ele, pois havia selado uma Alian\u00e7a de Amor. Ele tamb\u00e9m irradia a serenidade confiante do \u201cD\u00ea a Deus mais uma hora\u201d na garoa da manh\u00e3.<\/p>\n\n\n\n<h2 class=\"wp-block-heading\" id=\"h-encontros\"><strong>Encontros<\/strong><\/h2>\n\n\n\n<p>O festival tamb\u00e9m se destaca, acima de tudo, pelos diferentes n\u00edveis de encontro: encontro com as nacionalidades dos convidados, encontro com as culturas dos colaboradores, encontros pessoais em meio a tudo isso.<\/p>\n\n\n\n<figure class=\"wp-block-image size-full\"><img decoding=\"async\" src=\"https:\/\/schoenstatt.com\/wp-content\/uploads\/2024\/08\/International-Encounter-Festival-Fest-der-Begegnung-Schoenstatt-3.jpg\" alt=\"\" class=\"wp-image-40909\"\/><figcaption class=\"wp-element-caption\">Herbert Wirtz com seu \u00f3rg\u00e3o de barril (Foto: PZ)<\/figcaption><\/figure>\n\n\n\n<p>Herbert Wirtz, da regi\u00e3o de Gymnich, tocou can\u00e7\u00f5es em seu \u00f3rg\u00e3o de barril pela primeira vez; isso trouxe um toque especial ao momento de encontro; deu ao festival um toque de aconchego, o que foi bom para todos. Uma caracter\u00edstica especial do festival \u00e9 vivenciar Schoenstatt como um lugar de gra\u00e7as. Isso inclui a missa preparada internacionalmente no in\u00edcio. Este ano, ela contou com a contribui\u00e7\u00e3o das candidatas das Irm\u00e3s de Maria de Schoenstatt: \u201cO que eu gosto em Schoenstatt\u2026\u201d E, como j\u00e1 \u00e9 tradicional, a prociss\u00e3o de velas at\u00e9 o <a href=\"https:\/\/schoenstatt.com\/pt-pt\/sobre-schoenstatt\/santuario\/\" target=\"_blank\" rel=\"noreferrer noopener\">Santu\u00e1rio Original<\/a>.<\/p>\n\n\n\n<p>Em portugu\u00eas, espanhol, ingl\u00eas e alem\u00e3o, os moderadores da celebra\u00e7\u00e3o, Ros\u00e1rio Lira e Ricardo Filho, prepararam o clima para o cl\u00edmax e a conclus\u00e3o do dia: a renova\u00e7\u00e3o da Alian\u00e7a de Amor, cada um em sua pr\u00f3pria l\u00edngua materna, e a b\u00ean\u00e7\u00e3o pessoal individual no Santu\u00e1rio Original.<\/p>\n\n\n\n<figure class=\"wp-block-image size-full\"><img decoding=\"async\" src=\"https:\/\/schoenstatt.com\/wp-content\/uploads\/2024\/08\/International-Encounter-Festival-Fest-der-Begegnung-Schoenstatt-5.jpg\" alt=\"\" class=\"wp-image-40905\"\/><figcaption class=\"wp-element-caption\">Conclus\u00e3o no Santu\u00e1rio Original com a b\u00ean\u00e7\u00e3o individual (Foto: PZ)<\/figcaption><\/figure>\n\n\n\n<h2 class=\"wp-block-heading\" id=\"h-uma-tradicao-com-futuro\"><strong>Uma tradi\u00e7\u00e3o com futuro<\/strong><\/h2>\n\n\n\n<p>Por um lado, o Festival do Encontro j\u00e1 \u00e9 tradicional em Schoenstatt e, por outro lado, tem potencial para o futuro. Isso porque a internacionalidade em Schoenstatt e na comunidade de Vallendar, \u00e0 qual Schoenstatt pertence, est\u00e1 aumentando. Em conversa com a Banda de Fanfarra de Vallendar, que participa pela primeira vez do evento, fica claro que uma boa cultura do encontro, uma coexist\u00eancia apreciativa de todas as culturas e mentalidades, s\u00e3o preocupa\u00e7\u00f5es comuns. \u201cAt\u00e9 a pr\u00f3xima\u201d, disse a banda de fanfarra, ao se despedir do evento em Schoenstatt, j\u00e1 se preparando para a celebra\u00e7\u00e3o de seus 40 anos, em 2025, que ser\u00e1 no pr\u00f3ximo Festival do Encontro, em 17 de agosto de 2025.<\/p>\n\n\n\n<figure class=\"wp-block-image size-full is-resized\"><img decoding=\"async\" src=\"https:\/\/schoenstatt.com\/wp-content\/uploads\/2024\/08\/International-Encounter-Festival-Fest-der-Begegnung-Schoenstatt-2.jpg\" alt=\"\" class=\"wp-image-40901\" style=\"width:840px;height:auto\"\/><figcaption class=\"wp-element-caption\">A Banda de Fanfarra de Vallendar participa do Festival do Encontro pela primeira vez (Foto: PZ)<\/figcaption><\/figure>\n\n\n\n<p><strong>Tradu\u00e7\u00e3o: <\/strong>Karen Bueno<\/p>\n\n\n\n<p><strong>Fonte: <\/strong><a href=\"https:\/\/www.schoenstatt.de\/de\/news\/6565\/112\/Internationales-Fest-der-Begegnung-in-Schoenstatt.htm\">schoenstatt.de<\/a><\/p>\n","protected":false},"excerpt":{"rendered":"<p>\u00c0 sombra do Santu\u00e1rio Original foi realizado o Festival do Encontro, que reuniu diferentes culturas e apresenta\u00e7\u00f5es<\/p>\n","protected":false},"author":3,"featured_media":40895,"comment_status":"closed","ping_status":"closed","sticky":false,"template":"","format":"standard","meta":{"footnotes":""},"categories":[872,696],"tags":[],"class_list":["post-40916","post","type-post","status-publish","format-standard","has-post-thumbnail","hentry","category-europa-pt-pt","category-santuario-original-pt-pt"],"yoast_head":"<!-- This site is optimized with the Yoast SEO Premium plugin v27.4 (Yoast SEO v27.4) - https:\/\/yoast.com\/product\/yoast-seo-premium-wordpress\/ -->\n<title>O Festival Internacional do Encontro re\u00fane diferentes na\u00e7\u00f5es em Schoenstatt<\/title>\n<meta name=\"description\" content=\"\u00c0 sombra do Santu\u00e1rio Original foi realizado o Festival do Encontro, que reuniu diferentes culturas e apresenta\u00e7\u00f5es\" \/>\n<meta name=\"robots\" content=\"index, follow, max-snippet:-1, max-image-preview:large, max-video-preview:-1\" \/>\n<link rel=\"canonical\" href=\"https:\/\/schoenstatt.com\/pt-pt\/o-festival-internacional-do-encontro-reune-diferentes-nacoes-em-schoenstatt\/\" \/>\n<meta property=\"og:locale\" content=\"pt_PT\" \/>\n<meta property=\"og:type\" content=\"article\" \/>\n<meta property=\"og:title\" content=\"O Festival Internacional do Encontro re\u00fane diferentes na\u00e7\u00f5es em Schoenstatt\" \/>\n<meta property=\"og:description\" content=\"\u00c0 sombra do Santu\u00e1rio Original foi realizado o Festival do Encontro, que reuniu diferentes culturas e apresenta\u00e7\u00f5es\" \/>\n<meta property=\"og:url\" content=\"https:\/\/schoenstatt.com\/pt-pt\/o-festival-internacional-do-encontro-reune-diferentes-nacoes-em-schoenstatt\/\" \/>\n<meta property=\"og:site_name\" content=\"Schoenstatt\" \/>\n<meta property=\"article:published_time\" content=\"2024-08-28T09:14:35+00:00\" \/>\n<meta property=\"article:modified_time\" content=\"2025-05-16T01:01:56+00:00\" \/>\n<meta property=\"og:image\" content=\"https:\/\/schoenstatt.com\/wp-content\/uploads\/2024\/08\/International-Encounter-Festival-Fest-der-Begegnung-Schoenstatt-1.jpg\" \/>\n\t<meta property=\"og:image:width\" content=\"1508\" \/>\n\t<meta property=\"og:image:height\" content=\"1063\" \/>\n\t<meta property=\"og:image:type\" content=\"image\/jpeg\" \/>\n<meta name=\"author\" content=\"Karen Bueno\" \/>\n<meta name=\"twitter:card\" content=\"summary_large_image\" \/>\n<meta name=\"twitter:label1\" content=\"Escrito por\" \/>\n\t<meta name=\"twitter:data1\" content=\"Karen Bueno\" \/>\n\t<meta name=\"twitter:label2\" content=\"Tempo estimado de leitura\" \/>\n\t<meta name=\"twitter:data2\" content=\"4 minutos\" \/>\n<script type=\"application\/ld+json\" class=\"yoast-schema-graph\">{\"@context\":\"https:\\\/\\\/schema.org\",\"@graph\":[{\"@type\":\"Article\",\"@id\":\"https:\\\/\\\/schoenstatt.com\\\/pt-pt\\\/o-festival-internacional-do-encontro-reune-diferentes-nacoes-em-schoenstatt\\\/#article\",\"isPartOf\":{\"@id\":\"https:\\\/\\\/schoenstatt.com\\\/pt-pt\\\/o-festival-internacional-do-encontro-reune-diferentes-nacoes-em-schoenstatt\\\/\"},\"author\":{\"name\":\"Karen Bueno\",\"@id\":\"https:\\\/\\\/schoenstatt.com\\\/pt-pt\\\/#\\\/schema\\\/person\\\/5158877ad4acae98b34daaeef2a1ce6e\"},\"headline\":\"O Festival Internacional do Encontro re\u00fane diferentes na\u00e7\u00f5es em Schoenstatt\",\"datePublished\":\"2024-08-28T09:14:35+00:00\",\"dateModified\":\"2025-05-16T01:01:56+00:00\",\"mainEntityOfPage\":{\"@id\":\"https:\\\/\\\/schoenstatt.com\\\/pt-pt\\\/o-festival-internacional-do-encontro-reune-diferentes-nacoes-em-schoenstatt\\\/\"},\"wordCount\":619,\"publisher\":{\"@id\":\"https:\\\/\\\/schoenstatt.com\\\/pt-pt\\\/#organization\"},\"image\":{\"@id\":\"https:\\\/\\\/schoenstatt.com\\\/pt-pt\\\/o-festival-internacional-do-encontro-reune-diferentes-nacoes-em-schoenstatt\\\/#primaryimage\"},\"thumbnailUrl\":\"https:\\\/\\\/schoenstatt.com\\\/wp-content\\\/uploads\\\/2024\\\/08\\\/International-Encounter-Festival-Fest-der-Begegnung-Schoenstatt-1.jpg\",\"articleSection\":[\"Europa\",\"Santu\u00e1rio Original\"],\"inLanguage\":\"pt-PT\"},{\"@type\":\"WebPage\",\"@id\":\"https:\\\/\\\/schoenstatt.com\\\/pt-pt\\\/o-festival-internacional-do-encontro-reune-diferentes-nacoes-em-schoenstatt\\\/\",\"url\":\"https:\\\/\\\/schoenstatt.com\\\/pt-pt\\\/o-festival-internacional-do-encontro-reune-diferentes-nacoes-em-schoenstatt\\\/\",\"name\":\"O Festival Internacional do Encontro re\u00fane diferentes na\u00e7\u00f5es em Schoenstatt\",\"isPartOf\":{\"@id\":\"https:\\\/\\\/schoenstatt.com\\\/pt-pt\\\/#website\"},\"primaryImageOfPage\":{\"@id\":\"https:\\\/\\\/schoenstatt.com\\\/pt-pt\\\/o-festival-internacional-do-encontro-reune-diferentes-nacoes-em-schoenstatt\\\/#primaryimage\"},\"image\":{\"@id\":\"https:\\\/\\\/schoenstatt.com\\\/pt-pt\\\/o-festival-internacional-do-encontro-reune-diferentes-nacoes-em-schoenstatt\\\/#primaryimage\"},\"thumbnailUrl\":\"https:\\\/\\\/schoenstatt.com\\\/wp-content\\\/uploads\\\/2024\\\/08\\\/International-Encounter-Festival-Fest-der-Begegnung-Schoenstatt-1.jpg\",\"datePublished\":\"2024-08-28T09:14:35+00:00\",\"dateModified\":\"2025-05-16T01:01:56+00:00\",\"description\":\"\u00c0 sombra do Santu\u00e1rio Original foi realizado o Festival do Encontro, que reuniu diferentes culturas e apresenta\u00e7\u00f5es\",\"breadcrumb\":{\"@id\":\"https:\\\/\\\/schoenstatt.com\\\/pt-pt\\\/o-festival-internacional-do-encontro-reune-diferentes-nacoes-em-schoenstatt\\\/#breadcrumb\"},\"inLanguage\":\"pt-PT\",\"potentialAction\":[{\"@type\":\"ReadAction\",\"target\":[\"https:\\\/\\\/schoenstatt.com\\\/pt-pt\\\/o-festival-internacional-do-encontro-reune-diferentes-nacoes-em-schoenstatt\\\/\"]}]},{\"@type\":\"ImageObject\",\"inLanguage\":\"pt-PT\",\"@id\":\"https:\\\/\\\/schoenstatt.com\\\/pt-pt\\\/o-festival-internacional-do-encontro-reune-diferentes-nacoes-em-schoenstatt\\\/#primaryimage\",\"url\":\"https:\\\/\\\/schoenstatt.com\\\/wp-content\\\/uploads\\\/2024\\\/08\\\/International-Encounter-Festival-Fest-der-Begegnung-Schoenstatt-1.jpg\",\"contentUrl\":\"https:\\\/\\\/schoenstatt.com\\\/wp-content\\\/uploads\\\/2024\\\/08\\\/International-Encounter-Festival-Fest-der-Begegnung-Schoenstatt-1.jpg\",\"width\":1508,\"height\":1063},{\"@type\":\"BreadcrumbList\",\"@id\":\"https:\\\/\\\/schoenstatt.com\\\/pt-pt\\\/o-festival-internacional-do-encontro-reune-diferentes-nacoes-em-schoenstatt\\\/#breadcrumb\",\"itemListElement\":[{\"@type\":\"ListItem\",\"position\":1,\"name\":\"Portada\",\"item\":\"https:\\\/\\\/schoenstatt.com\\\/pt-pt\\\/home\\\/\"},{\"@type\":\"ListItem\",\"position\":2,\"name\":\"O Festival Internacional do Encontro re\u00fane diferentes na\u00e7\u00f5es em Schoenstatt\"}]},{\"@type\":\"WebSite\",\"@id\":\"https:\\\/\\\/schoenstatt.com\\\/pt-pt\\\/#website\",\"url\":\"https:\\\/\\\/schoenstatt.com\\\/pt-pt\\\/\",\"name\":\"Schoenstatt\",\"description\":\"Apostolic Movement\",\"publisher\":{\"@id\":\"https:\\\/\\\/schoenstatt.com\\\/pt-pt\\\/#organization\"},\"potentialAction\":[{\"@type\":\"SearchAction\",\"target\":{\"@type\":\"EntryPoint\",\"urlTemplate\":\"https:\\\/\\\/schoenstatt.com\\\/pt-pt\\\/?s={search_term_string}\"},\"query-input\":{\"@type\":\"PropertyValueSpecification\",\"valueRequired\":true,\"valueName\":\"search_term_string\"}}],\"inLanguage\":\"pt-PT\"},{\"@type\":\"Organization\",\"@id\":\"https:\\\/\\\/schoenstatt.com\\\/pt-pt\\\/#organization\",\"name\":\"Schoenstatt\",\"url\":\"https:\\\/\\\/schoenstatt.com\\\/pt-pt\\\/\",\"logo\":{\"@type\":\"ImageObject\",\"inLanguage\":\"pt-PT\",\"@id\":\"https:\\\/\\\/schoenstatt.com\\\/pt-pt\\\/#\\\/schema\\\/logo\\\/image\\\/\",\"url\":\"https:\\\/\\\/schoenstatt.com\\\/wp-content\\\/uploads\\\/2025\\\/04\\\/logo-schoenstatt-white-696x696-1.png\",\"contentUrl\":\"https:\\\/\\\/schoenstatt.com\\\/wp-content\\\/uploads\\\/2025\\\/04\\\/logo-schoenstatt-white-696x696-1.png\",\"width\":696,\"height\":694,\"caption\":\"Schoenstatt\"},\"image\":{\"@id\":\"https:\\\/\\\/schoenstatt.com\\\/pt-pt\\\/#\\\/schema\\\/logo\\\/image\\\/\"}},{\"@type\":\"Person\",\"@id\":\"https:\\\/\\\/schoenstatt.com\\\/pt-pt\\\/#\\\/schema\\\/person\\\/5158877ad4acae98b34daaeef2a1ce6e\",\"name\":\"Karen Bueno\",\"image\":{\"@type\":\"ImageObject\",\"inLanguage\":\"pt-PT\",\"@id\":\"https:\\\/\\\/secure.gravatar.com\\\/avatar\\\/f9f4b823873154269d2b2130f195f6d41037dd0d7fc5f3cacb5c846bae70d66b?s=96&d=mm&r=g\",\"url\":\"https:\\\/\\\/secure.gravatar.com\\\/avatar\\\/f9f4b823873154269d2b2130f195f6d41037dd0d7fc5f3cacb5c846bae70d66b?s=96&d=mm&r=g\",\"contentUrl\":\"https:\\\/\\\/secure.gravatar.com\\\/avatar\\\/f9f4b823873154269d2b2130f195f6d41037dd0d7fc5f3cacb5c846bae70d66b?s=96&d=mm&r=g\",\"caption\":\"Karen Bueno\"},\"url\":\"https:\\\/\\\/schoenstatt.com\\\/pt-pt\\\/author\\\/karen-bueno\\\/\"}]}<\/script>\n<!-- \/ Yoast SEO Premium plugin. -->","yoast_head_json":{"title":"O Festival Internacional do Encontro re\u00fane diferentes na\u00e7\u00f5es em Schoenstatt","description":"\u00c0 sombra do Santu\u00e1rio Original foi realizado o Festival do Encontro, que reuniu diferentes culturas e apresenta\u00e7\u00f5es","robots":{"index":"index","follow":"follow","max-snippet":"max-snippet:-1","max-image-preview":"max-image-preview:large","max-video-preview":"max-video-preview:-1"},"canonical":"https:\/\/schoenstatt.com\/pt-pt\/o-festival-internacional-do-encontro-reune-diferentes-nacoes-em-schoenstatt\/","og_locale":"pt_PT","og_type":"article","og_title":"O Festival Internacional do Encontro re\u00fane diferentes na\u00e7\u00f5es em Schoenstatt","og_description":"\u00c0 sombra do Santu\u00e1rio Original foi realizado o Festival do Encontro, que reuniu diferentes culturas e apresenta\u00e7\u00f5es","og_url":"https:\/\/schoenstatt.com\/pt-pt\/o-festival-internacional-do-encontro-reune-diferentes-nacoes-em-schoenstatt\/","og_site_name":"Schoenstatt","article_published_time":"2024-08-28T09:14:35+00:00","article_modified_time":"2025-05-16T01:01:56+00:00","og_image":[{"width":1508,"height":1063,"url":"https:\/\/schoenstatt.com\/wp-content\/uploads\/2024\/08\/International-Encounter-Festival-Fest-der-Begegnung-Schoenstatt-1.jpg","type":"image\/jpeg"}],"author":"Karen Bueno","twitter_card":"summary_large_image","twitter_misc":{"Escrito por":"Karen Bueno","Tempo estimado de leitura":"4 minutos"},"schema":{"@context":"https:\/\/schema.org","@graph":[{"@type":"Article","@id":"https:\/\/schoenstatt.com\/pt-pt\/o-festival-internacional-do-encontro-reune-diferentes-nacoes-em-schoenstatt\/#article","isPartOf":{"@id":"https:\/\/schoenstatt.com\/pt-pt\/o-festival-internacional-do-encontro-reune-diferentes-nacoes-em-schoenstatt\/"},"author":{"name":"Karen Bueno","@id":"https:\/\/schoenstatt.com\/pt-pt\/#\/schema\/person\/5158877ad4acae98b34daaeef2a1ce6e"},"headline":"O Festival Internacional do Encontro re\u00fane diferentes na\u00e7\u00f5es em Schoenstatt","datePublished":"2024-08-28T09:14:35+00:00","dateModified":"2025-05-16T01:01:56+00:00","mainEntityOfPage":{"@id":"https:\/\/schoenstatt.com\/pt-pt\/o-festival-internacional-do-encontro-reune-diferentes-nacoes-em-schoenstatt\/"},"wordCount":619,"publisher":{"@id":"https:\/\/schoenstatt.com\/pt-pt\/#organization"},"image":{"@id":"https:\/\/schoenstatt.com\/pt-pt\/o-festival-internacional-do-encontro-reune-diferentes-nacoes-em-schoenstatt\/#primaryimage"},"thumbnailUrl":"https:\/\/schoenstatt.com\/wp-content\/uploads\/2024\/08\/International-Encounter-Festival-Fest-der-Begegnung-Schoenstatt-1.jpg","articleSection":["Europa","Santu\u00e1rio Original"],"inLanguage":"pt-PT"},{"@type":"WebPage","@id":"https:\/\/schoenstatt.com\/pt-pt\/o-festival-internacional-do-encontro-reune-diferentes-nacoes-em-schoenstatt\/","url":"https:\/\/schoenstatt.com\/pt-pt\/o-festival-internacional-do-encontro-reune-diferentes-nacoes-em-schoenstatt\/","name":"O Festival Internacional do Encontro re\u00fane diferentes na\u00e7\u00f5es em Schoenstatt","isPartOf":{"@id":"https:\/\/schoenstatt.com\/pt-pt\/#website"},"primaryImageOfPage":{"@id":"https:\/\/schoenstatt.com\/pt-pt\/o-festival-internacional-do-encontro-reune-diferentes-nacoes-em-schoenstatt\/#primaryimage"},"image":{"@id":"https:\/\/schoenstatt.com\/pt-pt\/o-festival-internacional-do-encontro-reune-diferentes-nacoes-em-schoenstatt\/#primaryimage"},"thumbnailUrl":"https:\/\/schoenstatt.com\/wp-content\/uploads\/2024\/08\/International-Encounter-Festival-Fest-der-Begegnung-Schoenstatt-1.jpg","datePublished":"2024-08-28T09:14:35+00:00","dateModified":"2025-05-16T01:01:56+00:00","description":"\u00c0 sombra do Santu\u00e1rio Original foi realizado o Festival do Encontro, que reuniu diferentes culturas e apresenta\u00e7\u00f5es","breadcrumb":{"@id":"https:\/\/schoenstatt.com\/pt-pt\/o-festival-internacional-do-encontro-reune-diferentes-nacoes-em-schoenstatt\/#breadcrumb"},"inLanguage":"pt-PT","potentialAction":[{"@type":"ReadAction","target":["https:\/\/schoenstatt.com\/pt-pt\/o-festival-internacional-do-encontro-reune-diferentes-nacoes-em-schoenstatt\/"]}]},{"@type":"ImageObject","inLanguage":"pt-PT","@id":"https:\/\/schoenstatt.com\/pt-pt\/o-festival-internacional-do-encontro-reune-diferentes-nacoes-em-schoenstatt\/#primaryimage","url":"https:\/\/schoenstatt.com\/wp-content\/uploads\/2024\/08\/International-Encounter-Festival-Fest-der-Begegnung-Schoenstatt-1.jpg","contentUrl":"https:\/\/schoenstatt.com\/wp-content\/uploads\/2024\/08\/International-Encounter-Festival-Fest-der-Begegnung-Schoenstatt-1.jpg","width":1508,"height":1063},{"@type":"BreadcrumbList","@id":"https:\/\/schoenstatt.com\/pt-pt\/o-festival-internacional-do-encontro-reune-diferentes-nacoes-em-schoenstatt\/#breadcrumb","itemListElement":[{"@type":"ListItem","position":1,"name":"Portada","item":"https:\/\/schoenstatt.com\/pt-pt\/home\/"},{"@type":"ListItem","position":2,"name":"O Festival Internacional do Encontro re\u00fane diferentes na\u00e7\u00f5es em Schoenstatt"}]},{"@type":"WebSite","@id":"https:\/\/schoenstatt.com\/pt-pt\/#website","url":"https:\/\/schoenstatt.com\/pt-pt\/","name":"Schoenstatt","description":"Apostolic Movement","publisher":{"@id":"https:\/\/schoenstatt.com\/pt-pt\/#organization"},"potentialAction":[{"@type":"SearchAction","target":{"@type":"EntryPoint","urlTemplate":"https:\/\/schoenstatt.com\/pt-pt\/?s={search_term_string}"},"query-input":{"@type":"PropertyValueSpecification","valueRequired":true,"valueName":"search_term_string"}}],"inLanguage":"pt-PT"},{"@type":"Organization","@id":"https:\/\/schoenstatt.com\/pt-pt\/#organization","name":"Schoenstatt","url":"https:\/\/schoenstatt.com\/pt-pt\/","logo":{"@type":"ImageObject","inLanguage":"pt-PT","@id":"https:\/\/schoenstatt.com\/pt-pt\/#\/schema\/logo\/image\/","url":"https:\/\/schoenstatt.com\/wp-content\/uploads\/2025\/04\/logo-schoenstatt-white-696x696-1.png","contentUrl":"https:\/\/schoenstatt.com\/wp-content\/uploads\/2025\/04\/logo-schoenstatt-white-696x696-1.png","width":696,"height":694,"caption":"Schoenstatt"},"image":{"@id":"https:\/\/schoenstatt.com\/pt-pt\/#\/schema\/logo\/image\/"}},{"@type":"Person","@id":"https:\/\/schoenstatt.com\/pt-pt\/#\/schema\/person\/5158877ad4acae98b34daaeef2a1ce6e","name":"Karen Bueno","image":{"@type":"ImageObject","inLanguage":"pt-PT","@id":"https:\/\/secure.gravatar.com\/avatar\/f9f4b823873154269d2b2130f195f6d41037dd0d7fc5f3cacb5c846bae70d66b?s=96&d=mm&r=g","url":"https:\/\/secure.gravatar.com\/avatar\/f9f4b823873154269d2b2130f195f6d41037dd0d7fc5f3cacb5c846bae70d66b?s=96&d=mm&r=g","contentUrl":"https:\/\/secure.gravatar.com\/avatar\/f9f4b823873154269d2b2130f195f6d41037dd0d7fc5f3cacb5c846bae70d66b?s=96&d=mm&r=g","caption":"Karen Bueno"},"url":"https:\/\/schoenstatt.com\/pt-pt\/author\/karen-bueno\/"}]}},"_links":{"self":[{"href":"https:\/\/schoenstatt.com\/pt-pt\/wp-json\/wp\/v2\/posts\/40916","targetHints":{"allow":["GET"]}}],"collection":[{"href":"https:\/\/schoenstatt.com\/pt-pt\/wp-json\/wp\/v2\/posts"}],"about":[{"href":"https:\/\/schoenstatt.com\/pt-pt\/wp-json\/wp\/v2\/types\/post"}],"author":[{"embeddable":true,"href":"https:\/\/schoenstatt.com\/pt-pt\/wp-json\/wp\/v2\/users\/3"}],"replies":[{"embeddable":true,"href":"https:\/\/schoenstatt.com\/pt-pt\/wp-json\/wp\/v2\/comments?post=40916"}],"version-history":[{"count":1,"href":"https:\/\/schoenstatt.com\/pt-pt\/wp-json\/wp\/v2\/posts\/40916\/revisions"}],"predecessor-version":[{"id":46983,"href":"https:\/\/schoenstatt.com\/pt-pt\/wp-json\/wp\/v2\/posts\/40916\/revisions\/46983"}],"wp:featuredmedia":[{"embeddable":true,"href":"https:\/\/schoenstatt.com\/pt-pt\/wp-json\/wp\/v2\/media\/40895"}],"wp:attachment":[{"href":"https:\/\/schoenstatt.com\/pt-pt\/wp-json\/wp\/v2\/media?parent=40916"}],"wp:term":[{"taxonomy":"category","embeddable":true,"href":"https:\/\/schoenstatt.com\/pt-pt\/wp-json\/wp\/v2\/categories?post=40916"},{"taxonomy":"post_tag","embeddable":true,"href":"https:\/\/schoenstatt.com\/pt-pt\/wp-json\/wp\/v2\/tags?post=40916"}],"curies":[{"name":"wp","href":"https:\/\/api.w.org\/{rel}","templated":true}]}}