{"id":40798,"date":"2024-08-22T15:32:43","date_gmt":"2024-08-22T13:32:43","guid":{"rendered":"https:\/\/schoenstatt.com\/?p=40798"},"modified":"2025-04-18T21:25:42","modified_gmt":"2025-04-18T19:25:42","slug":"o-papa-francisco-envia-sua-bencao-apostolica-ao-novo-santuario-da-argentina","status":"publish","type":"post","link":"https:\/\/schoenstatt.com\/pt-pt\/o-papa-francisco-envia-sua-bencao-apostolica-ao-novo-santuario-da-argentina\/","title":{"rendered":"O Papa Francisco envia sua b\u00ean\u00e7\u00e3o apost\u00f3lica ao novo Santu\u00e1rio da Argentina"},"content":{"rendered":"\n<p>Com imensa alegria, a Fam\u00edlia de Schoenstatt de <a href=\"https:\/\/www.instagram.com\/schoenstattsanjuan\/\" target=\"_blank\" rel=\"noreferrer noopener\">San Juan<\/a>, Argentina, recebeu a B\u00ean\u00e7\u00e3o Apost\u00f3lica do Papa Francisco, que foi transmitida pelo N\u00fancio Apost\u00f3lico, o Arcebispo Miroslav Adamczyk. A mensagem foi apresentada nessa quarta-feira, 21 de agosto, atrav\u00e9s do assessor de San Juan, Pe. Jonatan Felix.<\/p>\n\n\n\n<p><em>\u201cO Santo Padre se une espiritualmente a todos os fi\u00e9is que participam da b\u00ean\u00e7\u00e3o do Santu\u00e1rio em honra de Nossa Senhora Tr\u00eas Vezes Admir\u00e1vel na Arquidiocese de San Juan de Cuyo\u2026\u201d<\/em>, diz o texto com a b\u00ean\u00e7\u00e3o.<\/p>\n\n\n\n<figure class=\"wp-block-image size-large\"><img decoding=\"async\" src=\"https:\/\/schoenstatt.com\/wp-content\/uploads\/2024\/08\/santuario-san-juan-argentina-bendicion-papa-francisco-1024x1024.jpg\" alt=\"\" class=\"wp-image-40790\"\/><\/figure>\n\n\n\n<h2 class=\"wp-block-heading\" id=\"h-surge-um-novo-santuario\"><strong>Surge um novo Santu\u00e1rio<\/strong><\/h2>\n\n\n\n<p>A b\u00ean\u00e7\u00e3o do Papa foi enviada no contexto da conquista do novo Santu\u00e1rio Filial de Schoenstatt em San Juan. A cerim\u00f4nia de inaugura\u00e7\u00e3o ser\u00e1 em breve, no dia 15 de setembro de 2024.<\/p>\n\n\n\n<p><strong>Veja mais informa\u00e7\u00f5es aqui: <a href=\"https:\/\/schoenstatt.com\/pt-pt\/a-contagem-regressiva-nos-emociona-logo-teremos-um-novo-santuario\/\">A contagem regressiva nos emociona! Logo teremos um novo Santu\u00e1rio<\/a><\/strong><\/p>\n\n\n\n<figure class=\"wp-block-image size-large\"><img decoding=\"async\" src=\"https:\/\/schoenstatt.com\/wp-content\/uploads\/2024\/08\/santuario-san-juan-argentina-1024x719.jpg\" alt=\"\" class=\"wp-image-40795\"\/><\/figure>\n\n\n\n<p>O lema que une a Fam\u00edlia de Schoenstatt nesta conquista \u00e9 a frase: Santu\u00e1rio de Maria, milagre de Tua Provid\u00eancia. Todos est\u00e3o convidados a acompanhar, seja f\u00edsica ou espiritualmente, este momento de gra\u00e7as.<\/p>\n\n\n\n<p><strong>Tradu\u00e7\u00e3o:<\/strong> Karen Bueno<\/p>\n","protected":false},"excerpt":{"rendered":"<p>A Fam\u00edlia de Schoenstatt de San Juan recebeu a b\u00ean\u00e7\u00e3o apost\u00f3lica do Papa Francisco para o novo Santu\u00e1rio.<\/p>\n","protected":false},"author":3,"featured_media":40091,"comment_status":"closed","ping_status":"closed","sticky":false,"template":"","format":"standard","meta":{"footnotes":""},"categories":[625],"tags":[],"class_list":["post-40798","post","type-post","status-publish","format-standard","has-post-thumbnail","hentry","category-america-pt-pt"],"yoast_head":"<!-- This site is optimized with the Yoast SEO Premium plugin v27.4 (Yoast SEO v27.5) - https:\/\/yoast.com\/product\/yoast-seo-premium-wordpress\/ -->\n<title>O Papa Francisco envia sua b\u00ean\u00e7\u00e3o apost\u00f3lica ao novo Santu\u00e1rio da Argentina<\/title>\n<meta name=\"description\" content=\"A Fam\u00edlia de Schoenstatt de San Juan recebeu a b\u00ean\u00e7\u00e3o apost\u00f3lica do Papa Francisco para o novo Santu\u00e1rio. Um momento de gra\u00e7as!\" \/>\n<meta name=\"robots\" content=\"index, follow, max-snippet:-1, max-image-preview:large, max-video-preview:-1\" \/>\n<link rel=\"canonical\" href=\"https:\/\/schoenstatt.com\/pt-pt\/o-papa-francisco-envia-sua-bencao-apostolica-ao-novo-santuario-da-argentina\/\" \/>\n<meta property=\"og:locale\" content=\"pt_PT\" \/>\n<meta property=\"og:type\" content=\"article\" \/>\n<meta property=\"og:title\" content=\"O Papa Francisco envia sua b\u00ean\u00e7\u00e3o apost\u00f3lica ao novo Santu\u00e1rio da Argentina\" \/>\n<meta property=\"og:description\" content=\"A Fam\u00edlia de Schoenstatt de San Juan recebeu a b\u00ean\u00e7\u00e3o apost\u00f3lica do Papa Francisco para o novo Santu\u00e1rio. Um momento de gra\u00e7as!\" \/>\n<meta property=\"og:url\" content=\"https:\/\/schoenstatt.com\/pt-pt\/o-papa-francisco-envia-sua-bencao-apostolica-ao-novo-santuario-da-argentina\/\" \/>\n<meta property=\"og:site_name\" content=\"Schoenstatt\" \/>\n<meta property=\"article:published_time\" content=\"2024-08-22T13:32:43+00:00\" \/>\n<meta property=\"article:modified_time\" content=\"2025-04-18T19:25:42+00:00\" \/>\n<meta property=\"og:image\" content=\"https:\/\/schoenstatt.com\/wp-content\/uploads\/2024\/07\/santuario-de-schoenstatt-san-juan-argentina-5-1.jpg\" \/>\n\t<meta property=\"og:image:width\" content=\"1968\" \/>\n\t<meta property=\"og:image:height\" content=\"1032\" \/>\n\t<meta property=\"og:image:type\" content=\"image\/jpeg\" \/>\n<meta name=\"author\" content=\"Karen Bueno\" \/>\n<meta name=\"twitter:card\" content=\"summary_large_image\" \/>\n<meta name=\"twitter:label1\" content=\"Escrito por\" \/>\n\t<meta name=\"twitter:data1\" content=\"Karen Bueno\" \/>\n\t<meta name=\"twitter:label2\" content=\"Tempo estimado de leitura\" \/>\n\t<meta name=\"twitter:data2\" content=\"2 minutos\" \/>\n<script type=\"application\/ld+json\" class=\"yoast-schema-graph\">{\"@context\":\"https:\\\/\\\/schema.org\",\"@graph\":[{\"@type\":\"Article\",\"@id\":\"https:\\\/\\\/schoenstatt.com\\\/pt-pt\\\/o-papa-francisco-envia-sua-bencao-apostolica-ao-novo-santuario-da-argentina\\\/#article\",\"isPartOf\":{\"@id\":\"https:\\\/\\\/schoenstatt.com\\\/pt-pt\\\/o-papa-francisco-envia-sua-bencao-apostolica-ao-novo-santuario-da-argentina\\\/\"},\"author\":{\"name\":\"Karen Bueno\",\"@id\":\"https:\\\/\\\/schoenstatt.com\\\/pt-pt\\\/#\\\/schema\\\/person\\\/5158877ad4acae98b34daaeef2a1ce6e\"},\"headline\":\"O Papa Francisco envia sua b\u00ean\u00e7\u00e3o apost\u00f3lica ao novo Santu\u00e1rio da Argentina\",\"datePublished\":\"2024-08-22T13:32:43+00:00\",\"dateModified\":\"2025-04-18T19:25:42+00:00\",\"mainEntityOfPage\":{\"@id\":\"https:\\\/\\\/schoenstatt.com\\\/pt-pt\\\/o-papa-francisco-envia-sua-bencao-apostolica-ao-novo-santuario-da-argentina\\\/\"},\"wordCount\":212,\"publisher\":{\"@id\":\"https:\\\/\\\/schoenstatt.com\\\/pt-pt\\\/#organization\"},\"image\":{\"@id\":\"https:\\\/\\\/schoenstatt.com\\\/pt-pt\\\/o-papa-francisco-envia-sua-bencao-apostolica-ao-novo-santuario-da-argentina\\\/#primaryimage\"},\"thumbnailUrl\":\"https:\\\/\\\/schoenstatt.com\\\/wp-content\\\/uploads\\\/2024\\\/07\\\/santuario-de-schoenstatt-san-juan-argentina-5-1.jpg\",\"articleSection\":[\"Am\u00e9rica\"],\"inLanguage\":\"pt-PT\"},{\"@type\":\"WebPage\",\"@id\":\"https:\\\/\\\/schoenstatt.com\\\/pt-pt\\\/o-papa-francisco-envia-sua-bencao-apostolica-ao-novo-santuario-da-argentina\\\/\",\"url\":\"https:\\\/\\\/schoenstatt.com\\\/pt-pt\\\/o-papa-francisco-envia-sua-bencao-apostolica-ao-novo-santuario-da-argentina\\\/\",\"name\":\"O Papa Francisco envia sua b\u00ean\u00e7\u00e3o apost\u00f3lica ao novo Santu\u00e1rio da Argentina\",\"isPartOf\":{\"@id\":\"https:\\\/\\\/schoenstatt.com\\\/pt-pt\\\/#website\"},\"primaryImageOfPage\":{\"@id\":\"https:\\\/\\\/schoenstatt.com\\\/pt-pt\\\/o-papa-francisco-envia-sua-bencao-apostolica-ao-novo-santuario-da-argentina\\\/#primaryimage\"},\"image\":{\"@id\":\"https:\\\/\\\/schoenstatt.com\\\/pt-pt\\\/o-papa-francisco-envia-sua-bencao-apostolica-ao-novo-santuario-da-argentina\\\/#primaryimage\"},\"thumbnailUrl\":\"https:\\\/\\\/schoenstatt.com\\\/wp-content\\\/uploads\\\/2024\\\/07\\\/santuario-de-schoenstatt-san-juan-argentina-5-1.jpg\",\"datePublished\":\"2024-08-22T13:32:43+00:00\",\"dateModified\":\"2025-04-18T19:25:42+00:00\",\"description\":\"A Fam\u00edlia de Schoenstatt de San Juan recebeu a b\u00ean\u00e7\u00e3o apost\u00f3lica do Papa Francisco para o novo Santu\u00e1rio. Um momento de gra\u00e7as!\",\"breadcrumb\":{\"@id\":\"https:\\\/\\\/schoenstatt.com\\\/pt-pt\\\/o-papa-francisco-envia-sua-bencao-apostolica-ao-novo-santuario-da-argentina\\\/#breadcrumb\"},\"inLanguage\":\"pt-PT\",\"potentialAction\":[{\"@type\":\"ReadAction\",\"target\":[\"https:\\\/\\\/schoenstatt.com\\\/pt-pt\\\/o-papa-francisco-envia-sua-bencao-apostolica-ao-novo-santuario-da-argentina\\\/\"]}]},{\"@type\":\"ImageObject\",\"inLanguage\":\"pt-PT\",\"@id\":\"https:\\\/\\\/schoenstatt.com\\\/pt-pt\\\/o-papa-francisco-envia-sua-bencao-apostolica-ao-novo-santuario-da-argentina\\\/#primaryimage\",\"url\":\"https:\\\/\\\/schoenstatt.com\\\/wp-content\\\/uploads\\\/2024\\\/07\\\/santuario-de-schoenstatt-san-juan-argentina-5-1.jpg\",\"contentUrl\":\"https:\\\/\\\/schoenstatt.com\\\/wp-content\\\/uploads\\\/2024\\\/07\\\/santuario-de-schoenstatt-san-juan-argentina-5-1.jpg\",\"width\":1968,\"height\":1032,\"caption\":\"Schoenstatt Shrine in San Juan Argentina\"},{\"@type\":\"BreadcrumbList\",\"@id\":\"https:\\\/\\\/schoenstatt.com\\\/pt-pt\\\/o-papa-francisco-envia-sua-bencao-apostolica-ao-novo-santuario-da-argentina\\\/#breadcrumb\",\"itemListElement\":[{\"@type\":\"ListItem\",\"position\":1,\"name\":\"Portada\",\"item\":\"https:\\\/\\\/schoenstatt.com\\\/pt-pt\\\/home\\\/\"},{\"@type\":\"ListItem\",\"position\":2,\"name\":\"O Papa Francisco envia sua b\u00ean\u00e7\u00e3o apost\u00f3lica ao novo Santu\u00e1rio da Argentina\"}]},{\"@type\":\"WebSite\",\"@id\":\"https:\\\/\\\/schoenstatt.com\\\/pt-pt\\\/#website\",\"url\":\"https:\\\/\\\/schoenstatt.com\\\/pt-pt\\\/\",\"name\":\"Schoenstatt\",\"description\":\"Apostolic Movement\",\"publisher\":{\"@id\":\"https:\\\/\\\/schoenstatt.com\\\/pt-pt\\\/#organization\"},\"potentialAction\":[{\"@type\":\"SearchAction\",\"target\":{\"@type\":\"EntryPoint\",\"urlTemplate\":\"https:\\\/\\\/schoenstatt.com\\\/pt-pt\\\/?s={search_term_string}\"},\"query-input\":{\"@type\":\"PropertyValueSpecification\",\"valueRequired\":true,\"valueName\":\"search_term_string\"}}],\"inLanguage\":\"pt-PT\"},{\"@type\":\"Organization\",\"@id\":\"https:\\\/\\\/schoenstatt.com\\\/pt-pt\\\/#organization\",\"name\":\"Schoenstatt\",\"url\":\"https:\\\/\\\/schoenstatt.com\\\/pt-pt\\\/\",\"logo\":{\"@type\":\"ImageObject\",\"inLanguage\":\"pt-PT\",\"@id\":\"https:\\\/\\\/schoenstatt.com\\\/pt-pt\\\/#\\\/schema\\\/logo\\\/image\\\/\",\"url\":\"https:\\\/\\\/schoenstatt.com\\\/wp-content\\\/uploads\\\/2025\\\/04\\\/logo-schoenstatt-white-696x696-1.png\",\"contentUrl\":\"https:\\\/\\\/schoenstatt.com\\\/wp-content\\\/uploads\\\/2025\\\/04\\\/logo-schoenstatt-white-696x696-1.png\",\"width\":696,\"height\":694,\"caption\":\"Schoenstatt\"},\"image\":{\"@id\":\"https:\\\/\\\/schoenstatt.com\\\/pt-pt\\\/#\\\/schema\\\/logo\\\/image\\\/\"}},{\"@type\":\"Person\",\"@id\":\"https:\\\/\\\/schoenstatt.com\\\/pt-pt\\\/#\\\/schema\\\/person\\\/5158877ad4acae98b34daaeef2a1ce6e\",\"name\":\"Karen Bueno\",\"image\":{\"@type\":\"ImageObject\",\"inLanguage\":\"pt-PT\",\"@id\":\"https:\\\/\\\/secure.gravatar.com\\\/avatar\\\/f9f4b823873154269d2b2130f195f6d41037dd0d7fc5f3cacb5c846bae70d66b?s=96&d=mm&r=g\",\"url\":\"https:\\\/\\\/secure.gravatar.com\\\/avatar\\\/f9f4b823873154269d2b2130f195f6d41037dd0d7fc5f3cacb5c846bae70d66b?s=96&d=mm&r=g\",\"contentUrl\":\"https:\\\/\\\/secure.gravatar.com\\\/avatar\\\/f9f4b823873154269d2b2130f195f6d41037dd0d7fc5f3cacb5c846bae70d66b?s=96&d=mm&r=g\",\"caption\":\"Karen Bueno\"},\"url\":\"https:\\\/\\\/schoenstatt.com\\\/pt-pt\\\/author\\\/karen-bueno\\\/\"}]}<\/script>\n<!-- \/ Yoast SEO Premium plugin. -->","yoast_head_json":{"title":"O Papa Francisco envia sua b\u00ean\u00e7\u00e3o apost\u00f3lica ao novo Santu\u00e1rio da Argentina","description":"A Fam\u00edlia de Schoenstatt de San Juan recebeu a b\u00ean\u00e7\u00e3o apost\u00f3lica do Papa Francisco para o novo Santu\u00e1rio. Um momento de gra\u00e7as!","robots":{"index":"index","follow":"follow","max-snippet":"max-snippet:-1","max-image-preview":"max-image-preview:large","max-video-preview":"max-video-preview:-1"},"canonical":"https:\/\/schoenstatt.com\/pt-pt\/o-papa-francisco-envia-sua-bencao-apostolica-ao-novo-santuario-da-argentina\/","og_locale":"pt_PT","og_type":"article","og_title":"O Papa Francisco envia sua b\u00ean\u00e7\u00e3o apost\u00f3lica ao novo Santu\u00e1rio da Argentina","og_description":"A Fam\u00edlia de Schoenstatt de San Juan recebeu a b\u00ean\u00e7\u00e3o apost\u00f3lica do Papa Francisco para o novo Santu\u00e1rio. Um momento de gra\u00e7as!","og_url":"https:\/\/schoenstatt.com\/pt-pt\/o-papa-francisco-envia-sua-bencao-apostolica-ao-novo-santuario-da-argentina\/","og_site_name":"Schoenstatt","article_published_time":"2024-08-22T13:32:43+00:00","article_modified_time":"2025-04-18T19:25:42+00:00","og_image":[{"width":1968,"height":1032,"url":"https:\/\/schoenstatt.com\/wp-content\/uploads\/2024\/07\/santuario-de-schoenstatt-san-juan-argentina-5-1.jpg","type":"image\/jpeg"}],"author":"Karen Bueno","twitter_card":"summary_large_image","twitter_misc":{"Escrito por":"Karen Bueno","Tempo estimado de leitura":"2 minutos"},"schema":{"@context":"https:\/\/schema.org","@graph":[{"@type":"Article","@id":"https:\/\/schoenstatt.com\/pt-pt\/o-papa-francisco-envia-sua-bencao-apostolica-ao-novo-santuario-da-argentina\/#article","isPartOf":{"@id":"https:\/\/schoenstatt.com\/pt-pt\/o-papa-francisco-envia-sua-bencao-apostolica-ao-novo-santuario-da-argentina\/"},"author":{"name":"Karen Bueno","@id":"https:\/\/schoenstatt.com\/pt-pt\/#\/schema\/person\/5158877ad4acae98b34daaeef2a1ce6e"},"headline":"O Papa Francisco envia sua b\u00ean\u00e7\u00e3o apost\u00f3lica ao novo Santu\u00e1rio da Argentina","datePublished":"2024-08-22T13:32:43+00:00","dateModified":"2025-04-18T19:25:42+00:00","mainEntityOfPage":{"@id":"https:\/\/schoenstatt.com\/pt-pt\/o-papa-francisco-envia-sua-bencao-apostolica-ao-novo-santuario-da-argentina\/"},"wordCount":212,"publisher":{"@id":"https:\/\/schoenstatt.com\/pt-pt\/#organization"},"image":{"@id":"https:\/\/schoenstatt.com\/pt-pt\/o-papa-francisco-envia-sua-bencao-apostolica-ao-novo-santuario-da-argentina\/#primaryimage"},"thumbnailUrl":"https:\/\/schoenstatt.com\/wp-content\/uploads\/2024\/07\/santuario-de-schoenstatt-san-juan-argentina-5-1.jpg","articleSection":["Am\u00e9rica"],"inLanguage":"pt-PT"},{"@type":"WebPage","@id":"https:\/\/schoenstatt.com\/pt-pt\/o-papa-francisco-envia-sua-bencao-apostolica-ao-novo-santuario-da-argentina\/","url":"https:\/\/schoenstatt.com\/pt-pt\/o-papa-francisco-envia-sua-bencao-apostolica-ao-novo-santuario-da-argentina\/","name":"O Papa Francisco envia sua b\u00ean\u00e7\u00e3o apost\u00f3lica ao novo Santu\u00e1rio da Argentina","isPartOf":{"@id":"https:\/\/schoenstatt.com\/pt-pt\/#website"},"primaryImageOfPage":{"@id":"https:\/\/schoenstatt.com\/pt-pt\/o-papa-francisco-envia-sua-bencao-apostolica-ao-novo-santuario-da-argentina\/#primaryimage"},"image":{"@id":"https:\/\/schoenstatt.com\/pt-pt\/o-papa-francisco-envia-sua-bencao-apostolica-ao-novo-santuario-da-argentina\/#primaryimage"},"thumbnailUrl":"https:\/\/schoenstatt.com\/wp-content\/uploads\/2024\/07\/santuario-de-schoenstatt-san-juan-argentina-5-1.jpg","datePublished":"2024-08-22T13:32:43+00:00","dateModified":"2025-04-18T19:25:42+00:00","description":"A Fam\u00edlia de Schoenstatt de San Juan recebeu a b\u00ean\u00e7\u00e3o apost\u00f3lica do Papa Francisco para o novo Santu\u00e1rio. Um momento de gra\u00e7as!","breadcrumb":{"@id":"https:\/\/schoenstatt.com\/pt-pt\/o-papa-francisco-envia-sua-bencao-apostolica-ao-novo-santuario-da-argentina\/#breadcrumb"},"inLanguage":"pt-PT","potentialAction":[{"@type":"ReadAction","target":["https:\/\/schoenstatt.com\/pt-pt\/o-papa-francisco-envia-sua-bencao-apostolica-ao-novo-santuario-da-argentina\/"]}]},{"@type":"ImageObject","inLanguage":"pt-PT","@id":"https:\/\/schoenstatt.com\/pt-pt\/o-papa-francisco-envia-sua-bencao-apostolica-ao-novo-santuario-da-argentina\/#primaryimage","url":"https:\/\/schoenstatt.com\/wp-content\/uploads\/2024\/07\/santuario-de-schoenstatt-san-juan-argentina-5-1.jpg","contentUrl":"https:\/\/schoenstatt.com\/wp-content\/uploads\/2024\/07\/santuario-de-schoenstatt-san-juan-argentina-5-1.jpg","width":1968,"height":1032,"caption":"Schoenstatt Shrine in San Juan Argentina"},{"@type":"BreadcrumbList","@id":"https:\/\/schoenstatt.com\/pt-pt\/o-papa-francisco-envia-sua-bencao-apostolica-ao-novo-santuario-da-argentina\/#breadcrumb","itemListElement":[{"@type":"ListItem","position":1,"name":"Portada","item":"https:\/\/schoenstatt.com\/pt-pt\/home\/"},{"@type":"ListItem","position":2,"name":"O Papa Francisco envia sua b\u00ean\u00e7\u00e3o apost\u00f3lica ao novo Santu\u00e1rio da Argentina"}]},{"@type":"WebSite","@id":"https:\/\/schoenstatt.com\/pt-pt\/#website","url":"https:\/\/schoenstatt.com\/pt-pt\/","name":"Schoenstatt","description":"Apostolic Movement","publisher":{"@id":"https:\/\/schoenstatt.com\/pt-pt\/#organization"},"potentialAction":[{"@type":"SearchAction","target":{"@type":"EntryPoint","urlTemplate":"https:\/\/schoenstatt.com\/pt-pt\/?s={search_term_string}"},"query-input":{"@type":"PropertyValueSpecification","valueRequired":true,"valueName":"search_term_string"}}],"inLanguage":"pt-PT"},{"@type":"Organization","@id":"https:\/\/schoenstatt.com\/pt-pt\/#organization","name":"Schoenstatt","url":"https:\/\/schoenstatt.com\/pt-pt\/","logo":{"@type":"ImageObject","inLanguage":"pt-PT","@id":"https:\/\/schoenstatt.com\/pt-pt\/#\/schema\/logo\/image\/","url":"https:\/\/schoenstatt.com\/wp-content\/uploads\/2025\/04\/logo-schoenstatt-white-696x696-1.png","contentUrl":"https:\/\/schoenstatt.com\/wp-content\/uploads\/2025\/04\/logo-schoenstatt-white-696x696-1.png","width":696,"height":694,"caption":"Schoenstatt"},"image":{"@id":"https:\/\/schoenstatt.com\/pt-pt\/#\/schema\/logo\/image\/"}},{"@type":"Person","@id":"https:\/\/schoenstatt.com\/pt-pt\/#\/schema\/person\/5158877ad4acae98b34daaeef2a1ce6e","name":"Karen Bueno","image":{"@type":"ImageObject","inLanguage":"pt-PT","@id":"https:\/\/secure.gravatar.com\/avatar\/f9f4b823873154269d2b2130f195f6d41037dd0d7fc5f3cacb5c846bae70d66b?s=96&d=mm&r=g","url":"https:\/\/secure.gravatar.com\/avatar\/f9f4b823873154269d2b2130f195f6d41037dd0d7fc5f3cacb5c846bae70d66b?s=96&d=mm&r=g","contentUrl":"https:\/\/secure.gravatar.com\/avatar\/f9f4b823873154269d2b2130f195f6d41037dd0d7fc5f3cacb5c846bae70d66b?s=96&d=mm&r=g","caption":"Karen Bueno"},"url":"https:\/\/schoenstatt.com\/pt-pt\/author\/karen-bueno\/"}]}},"_links":{"self":[{"href":"https:\/\/schoenstatt.com\/pt-pt\/wp-json\/wp\/v2\/posts\/40798","targetHints":{"allow":["GET"]}}],"collection":[{"href":"https:\/\/schoenstatt.com\/pt-pt\/wp-json\/wp\/v2\/posts"}],"about":[{"href":"https:\/\/schoenstatt.com\/pt-pt\/wp-json\/wp\/v2\/types\/post"}],"author":[{"embeddable":true,"href":"https:\/\/schoenstatt.com\/pt-pt\/wp-json\/wp\/v2\/users\/3"}],"replies":[{"embeddable":true,"href":"https:\/\/schoenstatt.com\/pt-pt\/wp-json\/wp\/v2\/comments?post=40798"}],"version-history":[{"count":1,"href":"https:\/\/schoenstatt.com\/pt-pt\/wp-json\/wp\/v2\/posts\/40798\/revisions"}],"predecessor-version":[{"id":46967,"href":"https:\/\/schoenstatt.com\/pt-pt\/wp-json\/wp\/v2\/posts\/40798\/revisions\/46967"}],"wp:featuredmedia":[{"embeddable":true,"href":"https:\/\/schoenstatt.com\/pt-pt\/wp-json\/wp\/v2\/media\/40091"}],"wp:attachment":[{"href":"https:\/\/schoenstatt.com\/pt-pt\/wp-json\/wp\/v2\/media?parent=40798"}],"wp:term":[{"taxonomy":"category","embeddable":true,"href":"https:\/\/schoenstatt.com\/pt-pt\/wp-json\/wp\/v2\/categories?post=40798"},{"taxonomy":"post_tag","embeddable":true,"href":"https:\/\/schoenstatt.com\/pt-pt\/wp-json\/wp\/v2\/tags?post=40798"}],"curies":[{"name":"wp","href":"https:\/\/api.w.org\/{rel}","templated":true}]}}