{"id":40537,"date":"2024-08-08T04:15:00","date_gmt":"2024-08-08T02:15:00","guid":{"rendered":"https:\/\/schoenstatt.com\/?p=40537"},"modified":"2025-05-16T00:52:25","modified_gmt":"2025-05-15T22:52:25","slug":"neste-tempo-somos-chamados-a-ser-sinais-de-contradicao","status":"publish","type":"post","link":"https:\/\/schoenstatt.com\/pt-pt\/neste-tempo-somos-chamados-a-ser-sinais-de-contradicao\/","title":{"rendered":"\u201cNeste tempo, somos chamados a ser sinais de contradi\u00e7\u00e3o\u201d"},"content":{"rendered":"\n<p>Nos \u00faltimos seis anos, Patr\u00edcia e Jos\u00e9 Antonio (Pepo) K\u00f6stner foram os superiores gerais do <a href=\"https:\/\/schoenstatt.com\/pt-pt\/em-comunidade\/familias\/instituto-de-familias-de-schoenstatt\/\">Instituto de Fam\u00edlias de Schoenstatt<\/a>. O casal argentino foi eleito e assumiu essa tarefa no Cap\u00edtulo Geral de 2018, concluindo seu tempo de miss\u00e3o agora em 2024. Ser\u00e3o sucedidos, este ano, pelos espanh\u00f3is Rafael e Cristina Mu\u00f1oz, de Barcelona (<a href=\"https:\/\/schoenstatt.com\/pt-pt\/conheca-os-novos-superiores-gerais-do-instituto-de-familias\/\" target=\"_blank\" rel=\"noreferrer noopener\">ver entrevista aqui<\/a>).<\/p>\n\n\n\n<p>Hoje, Pepo e Patr\u00edcia compartilharam suas experi\u00eancias dos \u00faltimos anos, um tempo marcado por in\u00fameros desafios e gra\u00e7as.<\/p>\n\n\n\n<h3 class=\"wp-block-heading\" id=\"h-o-que-podem-nos-contar-sobre-os-ultimos-seis-anos-de-sua-missao-na-comunidade-global\"><strong>O que podem nos contar sobre os \u00faltimos seis anos de sua miss\u00e3o na comunidade global?<\/strong><\/h3>\n\n\n\n<p>Foram anos dif\u00edceis, com m\u00faltiplos desafios, mas, sem d\u00favida, cheios de b\u00ean\u00e7\u00e3os. Apesar da pandemia, conseguimos estabelecer contato com quase todas as nossas comunidades e fam\u00edlias de forma pessoal; pudemos participar de congressos sobre fam\u00edlia presencialmente e online; aprofundamos tamb\u00e9m o contato com outras comunidades e com diferentes agremia\u00e7\u00f5es de Schoenstatt, especialmente com a Presid\u00eancia Internacional, da qual fomos membros nos \u00faltimos seis anos trabalhando muito intensamente, lado a lado, especialmente durante o tempo das acusa\u00e7\u00f5es contra o nosso Pai e Fundador. Ali tamb\u00e9m pudemos experimentar ser fam\u00edlia no esp\u00edrito de COR UNUM IN PATRE.<\/p>\n\n\n\n<h3 class=\"wp-block-heading\" id=\"h-o-que-mais-os-marcou-durante-esses-anos\"><strong>O que mais os marcou durante esses anos?<\/strong><\/h3>\n\n\n\n<p>N\u00e3o podemos dizer que houve algo espec\u00edfico que nos marcou. O que temos certeza \u00e9 que n\u00e3o somos mais os mesmos que \u00e9ramos h\u00e1 seis anos, quando come\u00e7amos. Aprendemos, crescemos e amadurecemos muito e conseguimos ratificar nossa voca\u00e7\u00e3o de ser e constituir fam\u00edlia ali onde Deus nos quer.<\/p>\n\n\n\n<p>Amadurecemos na convic\u00e7\u00e3o de que o nosso Pai e Fundador foi muito prof\u00e9tico ao ouvir a voz da Provid\u00eancia divina que o convidou a fundar em Dachau uma comunidade de casais de vida consagrada, cuja miss\u00e3o era encarnar o ideal da Sagrada Fam\u00edlia de Nazar\u00e9 para os tempos de hoje e ajudar, assim, na constru\u00e7\u00e3o de uma nova ordem social atrav\u00e9s da renova\u00e7\u00e3o crist\u00e3 do matrim\u00f4nio e da fam\u00edlia. Em uma \u00e9poca onde tudo aponta para a destrui\u00e7\u00e3o da fam\u00edlia, somos chamados a ser sinais de contradi\u00e7\u00e3o. Uma grande miss\u00e3o, um grande desafio!<\/p>\n\n\n\n<figure class=\"wp-block-image size-large is-resized\"><img decoding=\"async\" src=\"https:\/\/schoenstatt.com\/wp-content\/uploads\/2024\/08\/pepo-y-patricia-kostner-748x1024.jpg\" alt=\"\" class=\"wp-image-40533\" style=\"width:642px;height:auto\"\/><\/figure>\n\n\n\n<h3 class=\"wp-block-heading\" id=\"h-os-senhores-enfrentaram-um-periodo-desafiador-marcado-por-crises-internas-e-externas-como-a-pandemia-do-coronavirus-e-os-questionamentos-sobre-a-causa-kentenich-que-licoes-aprenderam-nesses-tempos\"><strong>Os senhores enfrentaram um per\u00edodo desafiador, marcado por crises internas e externas, como a pandemia do coronav\u00edrus e os questionamentos sobre a Causa Kentenich. Que li\u00e7\u00f5es aprenderam nesses tempos?<\/strong><\/h3>\n\n\n\n<p>Sem d\u00favida, nesse per\u00edodo fomos sacudidos por <strong>tr\u00eas grandes terremotos<\/strong>, que abalaram as nossas seguran\u00e7as e nos convidaram a depositar toda a nossa confian\u00e7a filial no Deus da Vida, que por tr\u00e1s de cada acontecimento tem sempre um plano de amor:<\/p>\n\n\n\n<ul class=\"wp-block-list\">\n<li>Um <strong>terremoto sanit\u00e1rio<\/strong>: a pandemia de Covid-19<\/li>\n\n\n\n<li>Um <strong>terremoto espiritual<\/strong>: as acusa\u00e7\u00f5es contra nosso Pai<\/li>\n\n\n\n<li>Um <strong>terremoto geopol\u00edtico<\/strong>: as duas guerras, uma desencadeada pelo ataque da R\u00fassia \u00e0 Ucr\u00e2nia e outra pelo ataque do Hamas a Israel.<\/li>\n<\/ul>\n\n\n\n<p>\u00c0 primeira vista, <strong>a pandemia<\/strong> poderia ter causado um desastre para a vida da nossa comunidade no que diz respeito ao poss\u00edvel esfriamento dos contatos devido ao confinamento do COVID, mas, no final, teve um resultado criativo. A Divina Provid\u00eancia nos permitiu crescer, por meio dos meios cibern\u00e9ticos, em uma consci\u00eancia de internacionalidade que ningu\u00e9m imaginava. Tamb\u00e9m cresceu o n\u00famero de reuni\u00f5es em todos os grupos e agremia\u00e7\u00f5es de nossas comunidades livres e oficiais. Em algumas comunidades parciais, os retiros anuais tiveram quase 100% de participa\u00e7\u00e3o dos seus membros.<\/p>\n\n\n\n<p>Outro resultado criativo foram as <strong>missas online<\/strong>, celebradas pelo nosso assistente espiritual, o Pe. Marcel Mouras, coordenadas logisticamente pela fam\u00edlia Rivera e preparadas e animadas pelas diferentes regi\u00f5es e delega\u00e7\u00f5es, em diversos idiomas. Sem o procurarmos conscientemente, isso rompeu todas as fronteiras, unindo-nos cada vez mais como uma fam\u00edlia internacional.<\/p>\n\n\n\n<p>Mais uma vez nos sentimos um pouco como os primeiros crist\u00e3os, que se reuniam em suas casas com medo de sair para n\u00e3o serem perseguidos (no nosso caso, ser infectados). Redescobrimos tamb\u00e9m o grande presente que temos como schoenstattianos:<strong> o Santu\u00e1rio Lar<\/strong>, em torno do qual voltamos a configurar a nossa vida espiritual e familiar.<\/p>\n\n\n\n<p>Quanto ao tema das <strong>acusa\u00e7\u00f5es ao Pai<\/strong>, foi, sem d\u00favida, um terremoto que abalou a todos n\u00f3s schoenstattianos. Mas, depois desse momento e olhando para tr\u00e1s, temos a convic\u00e7\u00e3o de que muitos de n\u00f3s sa\u00edmos fortalecidos no carinho pelo nosso Pai, podendo aprofundar a sua mensagem prof\u00e9tica do 31 de maio e todo o universo do organismo de vincula\u00e7\u00f5es e das causas segundas. Hoje podemos dizer claramente: \u201cSim, Pai, vamos contigo!\u201d<\/p>\n\n\n\n<p>O <strong>conflito entre a R\u00fassia e a Ucr\u00e2nia <\/strong>tamb\u00e9m nos tocou existencialmente, pois em fevereiro de 2022, quando eclodiu a guerra, n\u00f3s est\u00e1vamos na Argentina e muitos nos recomendaram que n\u00e3o retorn\u00e1ssemos a Schoenstatt como t\u00ednhamos planejado, porque ningu\u00e9m conseguia calcular as consequ\u00eancias dessa invas\u00e3o. No entanto, tomamos a decis\u00e3o de regressar a Schoenstatt e gra\u00e7as a Deus, a M\u00e3e n\u00e3o permitiu que a guerra se espalhasse para outros pa\u00edses europeus.<\/p>\n\n\n\n<p>Naqueles meses, come\u00e7ou a aprofundar-se uma onda migrat\u00f3ria de refugiados ucranianos para pa\u00edses europeus, especialmente para a Alemanha. Diante dessa necessidade, a nossa Casa Nazar\u00e9 e a nossa Casa da Fam\u00edlia tamb\u00e9m se ofereceram para acolher algumas fam\u00edlias atrav\u00e9s do Munic\u00edpio de Vallendar.<\/p>\n\n\n\n<p>No contato visual cotidiano com essas pessoas sofridas, percebemos uma dor dilacerante e um chamado de Deus para lhes dar encorajamento e abrigo no nosso Monte Nazar\u00e9. Em todo esse tempo pudemos experimentar como se transformou uma realidade palp\u00e1vel a ora\u00e7\u00e3o prof\u00e9tica que nosso Pai escreveu na Prim\u00edcias do Rumo ao C\u00e9u, que diz:<br><em>\u201cEm Nazar\u00e9 para os tempos sem abrigo, Deus quer trazer salva\u00e7\u00e3o \u00e0s fam\u00edlias\u201d.<\/em><\/p>\n\n\n\n<h3 class=\"wp-block-heading\" id=\"h-sabemos-que-o-instituto-de-familias-representa-uma-vocacao-unica-na-igreja-e-que-busca-o-reconhecimento-juridico-deste-modelo-de-vida-formado-por-casais-consagrados-como-esta-atualmente-a-busca-do-instituto-por-esse-reconhecimento\"><strong>Sabemos que o Instituto de Fam\u00edlias representa uma voca\u00e7\u00e3o \u00fanica na Igreja e que busca o reconhecimento jur\u00eddico deste modelo de vida, formado por casais consagrados. Como est\u00e1, atualmente, a busca do Instituto por esse reconhecimento?<\/strong><\/h3>\n\n\n\n<p>Em rela\u00e7\u00e3o ao tema \u201cReconhecimento em Roma\u201d como comunidade de casais de vida consagrada, continuamos trabalhando. Recebemos alguns ajustes em nossos Estatutos que foram enviados a Roma no dia 18 de outubro de 2022. Depois do nosso Cap\u00edtulo Geral, ser\u00e1 retomado o trabalho de uma comiss\u00e3o que se ocupar\u00e1 deste tema. Sabemos que \u00e9 um processo lento e que o importante \u00e9 viver o que proclamamos. O resto vir\u00e1 por acr\u00e9scimo.<\/p>\n\n\n\n<figure class=\"wp-block-image size-large\"><img decoding=\"async\" src=\"https:\/\/schoenstatt.com\/wp-content\/uploads\/2024\/07\/Nueva-Direccion-General-Instituto-de-Familias-2024-07-20-1024x657.jpg\" alt=\"\" class=\"wp-image-40309\"\/><figcaption class=\"wp-element-caption\">Nova dire\u00e7\u00e3o geral do Instituto de Fam\u00edlias<\/figcaption><\/figure>\n\n\n\n<h3 class=\"wp-block-heading\" id=\"h-baseado-em-todas-as-suas-experiencias-que-mensagem-deixam-para-cristina-e-rafael-munoz-e-para-a-nova-direcao-geral-da-comunidade\"><strong>Baseado em todas as suas experi\u00eancias, que mensagem deixam para Cristina e Rafael Mu\u00f1oz e para a nova dire\u00e7\u00e3o geral da comunidade?<\/strong><\/h3>\n\n\n\n<p>Conhecemos muito bem ao Rafa e a Cristina, que t\u00eam sido o nosso bra\u00e7o direito como Assistentes Gerais, e tamb\u00e9m a todas as fam\u00edlias da nova Dire\u00e7\u00e3o Geral. Nosso humilde conselho \u00e9 que sigam trabalhando em equipe, discutindo e pactuando ideias e decis\u00f5es, buscando momentos de ora\u00e7\u00e3o juntos e delegando, na medida do poss\u00edvel, tarefas a pessoas que n\u00e3o pertencem \u00e0 Dire\u00e7\u00e3o. Isso alivia o trabalho e, ao mesmo tempo, cria corresponsabilidade. A comunidade \u00e9 de todos, cresce gra\u00e7as a todos, n\u00e3o pertence \u00e0 Dire\u00e7\u00e3o Geral do momento. N\u00f3s, mesmo \u00e0 dist\u00e2ncia, estaremos dispon\u00edveis para o que eles precisarem. Algo que foi essencial para n\u00f3s foi fazer da nossa Dire\u00e7\u00e3o Geral uma organiza\u00e7\u00e3o de lideran\u00e7a muito pr\u00f3xima das pessoas, ouvindo, observando e estando com as fam\u00edlias. Claro que a Dire\u00e7\u00e3o Geral tem como bra\u00e7os estendidos os superiores regionais, que s\u00e3o certamente essenciais. Mas o contato vivencial com as fam\u00edlias \u00e9 essencial para aqueles que dirigem. Esperamos que esta nova Dire\u00e7\u00e3o Geral continue com esta din\u00e2mica.<\/p>\n\n\n\n<p>\u2013\u00a0<strong><a href=\"https:\/\/if-schoenstatt.org\/pt\/\" target=\"_blank\" rel=\"noreferrer noopener\">Site internacional<\/a><\/strong><\/p>\n\n\n\n<p><strong>Tradu\u00e7\u00e3o:<\/strong> Audrey Markutis<\/p>\n","protected":false},"excerpt":{"rendered":"<p>Pepo e Patr\u00edcia K\u00f6stner, que foram os superiores gerais do Instituto de Fam\u00edlias nos \u00faltimos 6 anos, nos contam as suas experi\u00eancias.<\/p>\n","protected":false},"author":3,"featured_media":40527,"comment_status":"closed","ping_status":"closed","sticky":false,"template":"","format":"standard","meta":{"footnotes":""},"categories":[908,876],"tags":[],"class_list":["post-40537","post","type-post","status-publish","format-standard","has-post-thumbnail","hentry","category-comunidades-de-schoenstatt-pt-pt","category-familia-pt-pt"],"yoast_head":"<!-- This site is optimized with the Yoast SEO Premium plugin v27.4 (Yoast SEO v27.4) - https:\/\/yoast.com\/product\/yoast-seo-premium-wordpress\/ -->\n<title>\u201cNeste tempo, somos chamados a ser sinais de contradi\u00e7\u00e3o\u201d - Schoenstatt<\/title>\n<meta name=\"description\" content=\"Pepo e Patr\u00edcia K\u00f6stner, que foram os superiores gerais do Instituto de Fam\u00edlias nos \u00faltimos 6 anos, nos contam as suas experi\u00eancias.\" \/>\n<meta name=\"robots\" content=\"index, follow, max-snippet:-1, max-image-preview:large, max-video-preview:-1\" \/>\n<link rel=\"canonical\" href=\"https:\/\/schoenstatt.com\/pt-pt\/neste-tempo-somos-chamados-a-ser-sinais-de-contradicao\/\" \/>\n<meta property=\"og:locale\" content=\"pt_PT\" \/>\n<meta property=\"og:type\" content=\"article\" \/>\n<meta property=\"og:title\" content=\"\u201cNeste tempo, somos chamados a ser sinais de contradi\u00e7\u00e3o\u201d\" \/>\n<meta property=\"og:description\" content=\"Pepo e Patr\u00edcia K\u00f6stner, que foram os superiores gerais do Instituto de Fam\u00edlias nos \u00faltimos 6 anos, nos contam as suas experi\u00eancias.\" \/>\n<meta property=\"og:url\" content=\"https:\/\/schoenstatt.com\/pt-pt\/neste-tempo-somos-chamados-a-ser-sinais-de-contradicao\/\" \/>\n<meta property=\"og:site_name\" content=\"Schoenstatt\" \/>\n<meta property=\"article:published_time\" content=\"2024-08-08T02:15:00+00:00\" \/>\n<meta property=\"article:modified_time\" content=\"2025-05-15T22:52:25+00:00\" \/>\n<meta property=\"og:image\" content=\"https:\/\/schoenstatt.com\/wp-content\/uploads\/2024\/08\/pepo-y-patricia-scaled-1.jpg\" \/>\n\t<meta property=\"og:image:width\" content=\"2048\" \/>\n\t<meta property=\"og:image:height\" content=\"1104\" \/>\n\t<meta property=\"og:image:type\" content=\"image\/jpeg\" \/>\n<meta name=\"author\" content=\"Karen Bueno\" \/>\n<meta name=\"twitter:card\" content=\"summary_large_image\" \/>\n<meta name=\"twitter:label1\" content=\"Escrito por\" \/>\n\t<meta name=\"twitter:data1\" content=\"Karen Bueno\" \/>\n\t<meta name=\"twitter:label2\" content=\"Tempo estimado de leitura\" \/>\n\t<meta name=\"twitter:data2\" content=\"6 minutos\" \/>\n<script type=\"application\/ld+json\" class=\"yoast-schema-graph\">{\"@context\":\"https:\\\/\\\/schema.org\",\"@graph\":[{\"@type\":\"Article\",\"@id\":\"https:\\\/\\\/schoenstatt.com\\\/pt-pt\\\/neste-tempo-somos-chamados-a-ser-sinais-de-contradicao\\\/#article\",\"isPartOf\":{\"@id\":\"https:\\\/\\\/schoenstatt.com\\\/pt-pt\\\/neste-tempo-somos-chamados-a-ser-sinais-de-contradicao\\\/\"},\"author\":{\"name\":\"Karen Bueno\",\"@id\":\"https:\\\/\\\/schoenstatt.com\\\/pt-pt\\\/#\\\/schema\\\/person\\\/5158877ad4acae98b34daaeef2a1ce6e\"},\"headline\":\"\u201cNeste tempo, somos chamados a ser sinais de contradi\u00e7\u00e3o\u201d\",\"datePublished\":\"2024-08-08T02:15:00+00:00\",\"dateModified\":\"2025-05-15T22:52:25+00:00\",\"mainEntityOfPage\":{\"@id\":\"https:\\\/\\\/schoenstatt.com\\\/pt-pt\\\/neste-tempo-somos-chamados-a-ser-sinais-de-contradicao\\\/\"},\"wordCount\":1346,\"publisher\":{\"@id\":\"https:\\\/\\\/schoenstatt.com\\\/pt-pt\\\/#organization\"},\"image\":{\"@id\":\"https:\\\/\\\/schoenstatt.com\\\/pt-pt\\\/neste-tempo-somos-chamados-a-ser-sinais-de-contradicao\\\/#primaryimage\"},\"thumbnailUrl\":\"https:\\\/\\\/schoenstatt.com\\\/wp-content\\\/uploads\\\/2024\\\/08\\\/pepo-y-patricia-scaled-1.jpg\",\"articleSection\":[\"Comunidades de Schoenstatt\",\"Fam\u00edlia\"],\"inLanguage\":\"pt-PT\"},{\"@type\":\"WebPage\",\"@id\":\"https:\\\/\\\/schoenstatt.com\\\/pt-pt\\\/neste-tempo-somos-chamados-a-ser-sinais-de-contradicao\\\/\",\"url\":\"https:\\\/\\\/schoenstatt.com\\\/pt-pt\\\/neste-tempo-somos-chamados-a-ser-sinais-de-contradicao\\\/\",\"name\":\"\u201cNeste tempo, somos chamados a ser sinais de contradi\u00e7\u00e3o\u201d - Schoenstatt\",\"isPartOf\":{\"@id\":\"https:\\\/\\\/schoenstatt.com\\\/pt-pt\\\/#website\"},\"primaryImageOfPage\":{\"@id\":\"https:\\\/\\\/schoenstatt.com\\\/pt-pt\\\/neste-tempo-somos-chamados-a-ser-sinais-de-contradicao\\\/#primaryimage\"},\"image\":{\"@id\":\"https:\\\/\\\/schoenstatt.com\\\/pt-pt\\\/neste-tempo-somos-chamados-a-ser-sinais-de-contradicao\\\/#primaryimage\"},\"thumbnailUrl\":\"https:\\\/\\\/schoenstatt.com\\\/wp-content\\\/uploads\\\/2024\\\/08\\\/pepo-y-patricia-scaled-1.jpg\",\"datePublished\":\"2024-08-08T02:15:00+00:00\",\"dateModified\":\"2025-05-15T22:52:25+00:00\",\"description\":\"Pepo e Patr\u00edcia K\u00f6stner, que foram os superiores gerais do Instituto de Fam\u00edlias nos \u00faltimos 6 anos, nos contam as suas experi\u00eancias.\",\"breadcrumb\":{\"@id\":\"https:\\\/\\\/schoenstatt.com\\\/pt-pt\\\/neste-tempo-somos-chamados-a-ser-sinais-de-contradicao\\\/#breadcrumb\"},\"inLanguage\":\"pt-PT\",\"potentialAction\":[{\"@type\":\"ReadAction\",\"target\":[\"https:\\\/\\\/schoenstatt.com\\\/pt-pt\\\/neste-tempo-somos-chamados-a-ser-sinais-de-contradicao\\\/\"]}]},{\"@type\":\"ImageObject\",\"inLanguage\":\"pt-PT\",\"@id\":\"https:\\\/\\\/schoenstatt.com\\\/pt-pt\\\/neste-tempo-somos-chamados-a-ser-sinais-de-contradicao\\\/#primaryimage\",\"url\":\"https:\\\/\\\/schoenstatt.com\\\/wp-content\\\/uploads\\\/2024\\\/08\\\/pepo-y-patricia-scaled-1.jpg\",\"contentUrl\":\"https:\\\/\\\/schoenstatt.com\\\/wp-content\\\/uploads\\\/2024\\\/08\\\/pepo-y-patricia-scaled-1.jpg\",\"width\":2048,\"height\":1104},{\"@type\":\"BreadcrumbList\",\"@id\":\"https:\\\/\\\/schoenstatt.com\\\/pt-pt\\\/neste-tempo-somos-chamados-a-ser-sinais-de-contradicao\\\/#breadcrumb\",\"itemListElement\":[{\"@type\":\"ListItem\",\"position\":1,\"name\":\"Portada\",\"item\":\"https:\\\/\\\/schoenstatt.com\\\/pt-pt\\\/home\\\/\"},{\"@type\":\"ListItem\",\"position\":2,\"name\":\"\u201cNeste tempo, somos chamados a ser sinais de contradi\u00e7\u00e3o\u201d\"}]},{\"@type\":\"WebSite\",\"@id\":\"https:\\\/\\\/schoenstatt.com\\\/pt-pt\\\/#website\",\"url\":\"https:\\\/\\\/schoenstatt.com\\\/pt-pt\\\/\",\"name\":\"Schoenstatt\",\"description\":\"Apostolic Movement\",\"publisher\":{\"@id\":\"https:\\\/\\\/schoenstatt.com\\\/pt-pt\\\/#organization\"},\"potentialAction\":[{\"@type\":\"SearchAction\",\"target\":{\"@type\":\"EntryPoint\",\"urlTemplate\":\"https:\\\/\\\/schoenstatt.com\\\/pt-pt\\\/?s={search_term_string}\"},\"query-input\":{\"@type\":\"PropertyValueSpecification\",\"valueRequired\":true,\"valueName\":\"search_term_string\"}}],\"inLanguage\":\"pt-PT\"},{\"@type\":\"Organization\",\"@id\":\"https:\\\/\\\/schoenstatt.com\\\/pt-pt\\\/#organization\",\"name\":\"Schoenstatt\",\"url\":\"https:\\\/\\\/schoenstatt.com\\\/pt-pt\\\/\",\"logo\":{\"@type\":\"ImageObject\",\"inLanguage\":\"pt-PT\",\"@id\":\"https:\\\/\\\/schoenstatt.com\\\/pt-pt\\\/#\\\/schema\\\/logo\\\/image\\\/\",\"url\":\"https:\\\/\\\/schoenstatt.com\\\/wp-content\\\/uploads\\\/2025\\\/04\\\/logo-schoenstatt-white-696x696-1.png\",\"contentUrl\":\"https:\\\/\\\/schoenstatt.com\\\/wp-content\\\/uploads\\\/2025\\\/04\\\/logo-schoenstatt-white-696x696-1.png\",\"width\":696,\"height\":694,\"caption\":\"Schoenstatt\"},\"image\":{\"@id\":\"https:\\\/\\\/schoenstatt.com\\\/pt-pt\\\/#\\\/schema\\\/logo\\\/image\\\/\"}},{\"@type\":\"Person\",\"@id\":\"https:\\\/\\\/schoenstatt.com\\\/pt-pt\\\/#\\\/schema\\\/person\\\/5158877ad4acae98b34daaeef2a1ce6e\",\"name\":\"Karen Bueno\",\"image\":{\"@type\":\"ImageObject\",\"inLanguage\":\"pt-PT\",\"@id\":\"https:\\\/\\\/secure.gravatar.com\\\/avatar\\\/f9f4b823873154269d2b2130f195f6d41037dd0d7fc5f3cacb5c846bae70d66b?s=96&d=mm&r=g\",\"url\":\"https:\\\/\\\/secure.gravatar.com\\\/avatar\\\/f9f4b823873154269d2b2130f195f6d41037dd0d7fc5f3cacb5c846bae70d66b?s=96&d=mm&r=g\",\"contentUrl\":\"https:\\\/\\\/secure.gravatar.com\\\/avatar\\\/f9f4b823873154269d2b2130f195f6d41037dd0d7fc5f3cacb5c846bae70d66b?s=96&d=mm&r=g\",\"caption\":\"Karen Bueno\"},\"url\":\"https:\\\/\\\/schoenstatt.com\\\/pt-pt\\\/author\\\/karen-bueno\\\/\"}]}<\/script>\n<!-- \/ Yoast SEO Premium plugin. -->","yoast_head_json":{"title":"\u201cNeste tempo, somos chamados a ser sinais de contradi\u00e7\u00e3o\u201d - Schoenstatt","description":"Pepo e Patr\u00edcia K\u00f6stner, que foram os superiores gerais do Instituto de Fam\u00edlias nos \u00faltimos 6 anos, nos contam as suas experi\u00eancias.","robots":{"index":"index","follow":"follow","max-snippet":"max-snippet:-1","max-image-preview":"max-image-preview:large","max-video-preview":"max-video-preview:-1"},"canonical":"https:\/\/schoenstatt.com\/pt-pt\/neste-tempo-somos-chamados-a-ser-sinais-de-contradicao\/","og_locale":"pt_PT","og_type":"article","og_title":"\u201cNeste tempo, somos chamados a ser sinais de contradi\u00e7\u00e3o\u201d","og_description":"Pepo e Patr\u00edcia K\u00f6stner, que foram os superiores gerais do Instituto de Fam\u00edlias nos \u00faltimos 6 anos, nos contam as suas experi\u00eancias.","og_url":"https:\/\/schoenstatt.com\/pt-pt\/neste-tempo-somos-chamados-a-ser-sinais-de-contradicao\/","og_site_name":"Schoenstatt","article_published_time":"2024-08-08T02:15:00+00:00","article_modified_time":"2025-05-15T22:52:25+00:00","og_image":[{"width":2048,"height":1104,"url":"https:\/\/schoenstatt.com\/wp-content\/uploads\/2024\/08\/pepo-y-patricia-scaled-1.jpg","type":"image\/jpeg"}],"author":"Karen Bueno","twitter_card":"summary_large_image","twitter_misc":{"Escrito por":"Karen Bueno","Tempo estimado de leitura":"6 minutos"},"schema":{"@context":"https:\/\/schema.org","@graph":[{"@type":"Article","@id":"https:\/\/schoenstatt.com\/pt-pt\/neste-tempo-somos-chamados-a-ser-sinais-de-contradicao\/#article","isPartOf":{"@id":"https:\/\/schoenstatt.com\/pt-pt\/neste-tempo-somos-chamados-a-ser-sinais-de-contradicao\/"},"author":{"name":"Karen Bueno","@id":"https:\/\/schoenstatt.com\/pt-pt\/#\/schema\/person\/5158877ad4acae98b34daaeef2a1ce6e"},"headline":"\u201cNeste tempo, somos chamados a ser sinais de contradi\u00e7\u00e3o\u201d","datePublished":"2024-08-08T02:15:00+00:00","dateModified":"2025-05-15T22:52:25+00:00","mainEntityOfPage":{"@id":"https:\/\/schoenstatt.com\/pt-pt\/neste-tempo-somos-chamados-a-ser-sinais-de-contradicao\/"},"wordCount":1346,"publisher":{"@id":"https:\/\/schoenstatt.com\/pt-pt\/#organization"},"image":{"@id":"https:\/\/schoenstatt.com\/pt-pt\/neste-tempo-somos-chamados-a-ser-sinais-de-contradicao\/#primaryimage"},"thumbnailUrl":"https:\/\/schoenstatt.com\/wp-content\/uploads\/2024\/08\/pepo-y-patricia-scaled-1.jpg","articleSection":["Comunidades de Schoenstatt","Fam\u00edlia"],"inLanguage":"pt-PT"},{"@type":"WebPage","@id":"https:\/\/schoenstatt.com\/pt-pt\/neste-tempo-somos-chamados-a-ser-sinais-de-contradicao\/","url":"https:\/\/schoenstatt.com\/pt-pt\/neste-tempo-somos-chamados-a-ser-sinais-de-contradicao\/","name":"\u201cNeste tempo, somos chamados a ser sinais de contradi\u00e7\u00e3o\u201d - Schoenstatt","isPartOf":{"@id":"https:\/\/schoenstatt.com\/pt-pt\/#website"},"primaryImageOfPage":{"@id":"https:\/\/schoenstatt.com\/pt-pt\/neste-tempo-somos-chamados-a-ser-sinais-de-contradicao\/#primaryimage"},"image":{"@id":"https:\/\/schoenstatt.com\/pt-pt\/neste-tempo-somos-chamados-a-ser-sinais-de-contradicao\/#primaryimage"},"thumbnailUrl":"https:\/\/schoenstatt.com\/wp-content\/uploads\/2024\/08\/pepo-y-patricia-scaled-1.jpg","datePublished":"2024-08-08T02:15:00+00:00","dateModified":"2025-05-15T22:52:25+00:00","description":"Pepo e Patr\u00edcia K\u00f6stner, que foram os superiores gerais do Instituto de Fam\u00edlias nos \u00faltimos 6 anos, nos contam as suas experi\u00eancias.","breadcrumb":{"@id":"https:\/\/schoenstatt.com\/pt-pt\/neste-tempo-somos-chamados-a-ser-sinais-de-contradicao\/#breadcrumb"},"inLanguage":"pt-PT","potentialAction":[{"@type":"ReadAction","target":["https:\/\/schoenstatt.com\/pt-pt\/neste-tempo-somos-chamados-a-ser-sinais-de-contradicao\/"]}]},{"@type":"ImageObject","inLanguage":"pt-PT","@id":"https:\/\/schoenstatt.com\/pt-pt\/neste-tempo-somos-chamados-a-ser-sinais-de-contradicao\/#primaryimage","url":"https:\/\/schoenstatt.com\/wp-content\/uploads\/2024\/08\/pepo-y-patricia-scaled-1.jpg","contentUrl":"https:\/\/schoenstatt.com\/wp-content\/uploads\/2024\/08\/pepo-y-patricia-scaled-1.jpg","width":2048,"height":1104},{"@type":"BreadcrumbList","@id":"https:\/\/schoenstatt.com\/pt-pt\/neste-tempo-somos-chamados-a-ser-sinais-de-contradicao\/#breadcrumb","itemListElement":[{"@type":"ListItem","position":1,"name":"Portada","item":"https:\/\/schoenstatt.com\/pt-pt\/home\/"},{"@type":"ListItem","position":2,"name":"\u201cNeste tempo, somos chamados a ser sinais de contradi\u00e7\u00e3o\u201d"}]},{"@type":"WebSite","@id":"https:\/\/schoenstatt.com\/pt-pt\/#website","url":"https:\/\/schoenstatt.com\/pt-pt\/","name":"Schoenstatt","description":"Apostolic Movement","publisher":{"@id":"https:\/\/schoenstatt.com\/pt-pt\/#organization"},"potentialAction":[{"@type":"SearchAction","target":{"@type":"EntryPoint","urlTemplate":"https:\/\/schoenstatt.com\/pt-pt\/?s={search_term_string}"},"query-input":{"@type":"PropertyValueSpecification","valueRequired":true,"valueName":"search_term_string"}}],"inLanguage":"pt-PT"},{"@type":"Organization","@id":"https:\/\/schoenstatt.com\/pt-pt\/#organization","name":"Schoenstatt","url":"https:\/\/schoenstatt.com\/pt-pt\/","logo":{"@type":"ImageObject","inLanguage":"pt-PT","@id":"https:\/\/schoenstatt.com\/pt-pt\/#\/schema\/logo\/image\/","url":"https:\/\/schoenstatt.com\/wp-content\/uploads\/2025\/04\/logo-schoenstatt-white-696x696-1.png","contentUrl":"https:\/\/schoenstatt.com\/wp-content\/uploads\/2025\/04\/logo-schoenstatt-white-696x696-1.png","width":696,"height":694,"caption":"Schoenstatt"},"image":{"@id":"https:\/\/schoenstatt.com\/pt-pt\/#\/schema\/logo\/image\/"}},{"@type":"Person","@id":"https:\/\/schoenstatt.com\/pt-pt\/#\/schema\/person\/5158877ad4acae98b34daaeef2a1ce6e","name":"Karen Bueno","image":{"@type":"ImageObject","inLanguage":"pt-PT","@id":"https:\/\/secure.gravatar.com\/avatar\/f9f4b823873154269d2b2130f195f6d41037dd0d7fc5f3cacb5c846bae70d66b?s=96&d=mm&r=g","url":"https:\/\/secure.gravatar.com\/avatar\/f9f4b823873154269d2b2130f195f6d41037dd0d7fc5f3cacb5c846bae70d66b?s=96&d=mm&r=g","contentUrl":"https:\/\/secure.gravatar.com\/avatar\/f9f4b823873154269d2b2130f195f6d41037dd0d7fc5f3cacb5c846bae70d66b?s=96&d=mm&r=g","caption":"Karen Bueno"},"url":"https:\/\/schoenstatt.com\/pt-pt\/author\/karen-bueno\/"}]}},"_links":{"self":[{"href":"https:\/\/schoenstatt.com\/pt-pt\/wp-json\/wp\/v2\/posts\/40537","targetHints":{"allow":["GET"]}}],"collection":[{"href":"https:\/\/schoenstatt.com\/pt-pt\/wp-json\/wp\/v2\/posts"}],"about":[{"href":"https:\/\/schoenstatt.com\/pt-pt\/wp-json\/wp\/v2\/types\/post"}],"author":[{"embeddable":true,"href":"https:\/\/schoenstatt.com\/pt-pt\/wp-json\/wp\/v2\/users\/3"}],"replies":[{"embeddable":true,"href":"https:\/\/schoenstatt.com\/pt-pt\/wp-json\/wp\/v2\/comments?post=40537"}],"version-history":[{"count":1,"href":"https:\/\/schoenstatt.com\/pt-pt\/wp-json\/wp\/v2\/posts\/40537\/revisions"}],"predecessor-version":[{"id":46944,"href":"https:\/\/schoenstatt.com\/pt-pt\/wp-json\/wp\/v2\/posts\/40537\/revisions\/46944"}],"wp:featuredmedia":[{"embeddable":true,"href":"https:\/\/schoenstatt.com\/pt-pt\/wp-json\/wp\/v2\/media\/40527"}],"wp:attachment":[{"href":"https:\/\/schoenstatt.com\/pt-pt\/wp-json\/wp\/v2\/media?parent=40537"}],"wp:term":[{"taxonomy":"category","embeddable":true,"href":"https:\/\/schoenstatt.com\/pt-pt\/wp-json\/wp\/v2\/categories?post=40537"},{"taxonomy":"post_tag","embeddable":true,"href":"https:\/\/schoenstatt.com\/pt-pt\/wp-json\/wp\/v2\/tags?post=40537"}],"curies":[{"name":"wp","href":"https:\/\/api.w.org\/{rel}","templated":true}]}}