{"id":40524,"date":"2024-08-07T11:31:03","date_gmt":"2024-08-07T09:31:03","guid":{"rendered":"https:\/\/schoenstatt.com\/?p=40524"},"modified":"2025-05-16T01:39:24","modified_gmt":"2025-05-15T23:39:24","slug":"lisboa-um-tempo-de-alegria-e-expectativa-rumo-aos-50-anos-do-santuario","status":"publish","type":"post","link":"https:\/\/schoenstatt.com\/pt-pt\/lisboa-um-tempo-de-alegria-e-expectativa-rumo-aos-50-anos-do-santuario\/","title":{"rendered":"Lisboa: Um tempo de alegria e expectativa rumo aos 50 anos do Santu\u00e1rio"},"content":{"rendered":"\n<p>Em Portugal, o Santu\u00e1rio de Schoenstatt de Lisboa, Cen\u00e1culo da Fam\u00edlia do Pai, celebra, em 2024, os <a href=\"https:\/\/schoenstatt.com\/pt-pt\/em-lisboa-o-ano-jubilar-esta-apenas-comecando\/\">50 anos da sua edifica\u00e7\u00e3o e b\u00ean\u00e7\u00e3o<\/a>.<\/p>\n\n\n\n<p>O ano jubilar teve in\u00edcio no passado dia 15 de setembro 2023, com a proclama\u00e7\u00e3o da concess\u00e3o de indulg\u00eancia plen\u00e1ria aos peregrinos do Santu\u00e1rio, concedida pelo Papa Francisco, e pela abertura da Porta Santa do Santu\u00e1rio.<\/p>\n\n\n\n<p>No caminho do Jubileu, a Fam\u00edlia de Schoenstatt respondeu ao apelo do Pe. Jos\u00e9 Kentenich e renovou seu SIM a Maria, um SIM que a Gera\u00e7\u00e3o Fundadora ofereceu em 15 setembro de 1974, afirmando-se como \u201cCen\u00e1culo da Fam\u00edlia do Pai\u201d. A Fam\u00edlia de Lisboa vive este ano pastoral com os olhos postos no Santu\u00e1rio e, por isso, decorreram v\u00e1rias atividades no \u00e2mbito do lema do ano jubilar: \u201cFi\u00e9is \u00e0 origem, Cen\u00e1culo da Fam\u00edlia do Pai\u201d.<\/p>\n\n\n\n<figure class=\"wp-block-image size-full\"><img decoding=\"async\" src=\"https:\/\/schoenstatt.com\/wp-content\/uploads\/2024\/08\/schoenstatt-family-Lisbon-portugal.jpg\" alt=\"\" class=\"wp-image-40516\"\/><\/figure>\n\n\n\n<h2 class=\"wp-block-heading\" id=\"h-preparativos-finais\"><strong>Preparativos finais<\/strong><\/h2>\n\n\n\n<p>Agora, todos se concentram com muita alegria nas semanas vindouras, em setembro, que culminar\u00e3o no Festival do Jubileu, nos dias 14 e 15. Ser\u00e1 uma conjuga\u00e7\u00e3o entre festejo de fam\u00edlia e amigos, unido com espiritualidade \u00e0 sombra do Santu\u00e1rio.<\/p>\n\n\n\n<p>Assim, o Festival do Jubileu ter\u00e1 in\u00edcio no dia 14 de setembro, a partir da tarde, no espa\u00e7o p\u00fablico de pra\u00e7a e jardim, vizinho ao Santu\u00e1rio de Schoenstatt.<\/p>\n\n\n\n<p>Ser\u00e1 recriado um ambiente \u00e0 moda dos tradicionais arraiais lisboetas, com anima\u00e7\u00e3o, m\u00fasica, barraquinhas de comes e bebes e, ainda, a presen\u00e7a formal dos v\u00e1rios Ramos do Movimento. O desejo da organiza\u00e7\u00e3o \u00e9 dar a conhecer, testemunhalmente, a riqueza do caminho espiritual que o Movimento de Schoenstatt oferece a todos e \u00e0 Igreja.<\/p>\n\n\n\n<figure class=\"wp-block-image size-full\"><img decoding=\"async\" src=\"https:\/\/schoenstatt.com\/wp-content\/uploads\/2024\/08\/schoenstatt-lisboa.jpg\" alt=\"\" class=\"wp-image-40520\"\/><\/figure>\n\n\n\n<h2 class=\"wp-block-heading\" id=\"h-convite-a-todos\"><strong>Convite a todos<\/strong><\/h2>\n\n\n\n<p>O Santu\u00e1rio estar\u00e1 aberto a ora\u00e7\u00e3o e a momentos de Adora\u00e7\u00e3o ao Sant\u00edssimo Sacramento.<\/p>\n\n\n\n<p>No espa\u00e7o \u201cAbrigo\u201d, que \u00e9 uma estrutura moderna fronteira ao Santu\u00e1rio, onde ocorrer\u00e1 a celebra\u00e7\u00e3o de Missas e eventos da Fam\u00edlia, ter\u00e3o lugar palestras e ser\u00e1 inaugurada a Exposi\u00e7\u00e3o do Jubileu, com os trabalhos art\u00edsticos feitos pelas crian\u00e7as ao longo de iniciativas durante o ano pastoral.<\/p>\n\n\n\n<p>A manh\u00e3 do dia 15 de setembro come\u00e7a com a Missa solene do Jubileu, com a presen\u00e7a de representantes da Igreja diocesana, de Padres de Schoenstatt de v\u00e1rias partes do mundo, representantes de Movimentos, autoridades civis locais e, claro, a Fam\u00edlia de Schoenstatt nacional, dos Santu\u00e1rios de Aveiro, Porto, Braga e peregrinos de outras regi\u00f5es. Segue-se um almo\u00e7o conv\u00edvio.<\/p>\n\n\n\n<p>A Fam\u00edlia de Schoenstatt de Lisboa convida a todos para esses dias de gra\u00e7as. Celebrem connosco este significativo Jubileu do Santu\u00e1rio de Lisboa, o primeiro Santu\u00e1rio a ser erigido em Portugal. S\u00e3o todos benvindos!<\/p>\n\n\n\n<p>Contamos com muita anima\u00e7\u00e3o e, muito intensamente, exprimiremos o nosso sentimento de profundo agradecimento a Nossa Senhora pela sua presen\u00e7a no Santu\u00e1rio ao longo destes 50 anos, e por tantas gra\u00e7as derramadas.<\/p>\n\n\n\n<p><strong>Data: <\/strong>14 e 15 de setembro de 2024<br><strong>Endere\u00e7o:<\/strong> Pra\u00e7a de Dam\u00e3o 7A, 1400-085 Lisboa, Portugal<br><strong>Informa\u00e7\u00f5es e inscri\u00e7\u00f5es:<\/strong><br><a href=\"https:\/\/jubileuschoenstatt.pt\/\" target=\"_blank\" rel=\"noreferrer noopener\">jubileuschoenstatt.pt<\/a><br><a href=\"https:\/\/lisboa.schoenstatt.pt\/\">lisboa.schoenstatt.pt<\/a><\/p>\n\n\n\n<p><strong>Leia tamb\u00e9m:<\/strong><\/p>\n\n\n\n<figure class=\"wp-block-embed is-type-wp-embed is-provider-schoenstatt wp-block-embed-schoenstatt\"><div class=\"wp-block-embed__wrapper\">\n<blockquote class=\"wp-embedded-content\" data-secret=\"Dt9aedjjll\"><a href=\"https:\/\/schoenstatt.com\/pt-pt\/em-lisboa-o-ano-jubilar-esta-apenas-comecando\/\">Em Lisboa o ano jubilar est\u00e1 apenas come\u00e7ando<\/a><\/blockquote><iframe class=\"wp-embedded-content\" sandbox=\"allow-scripts\" security=\"restricted\" style=\"position: absolute; clip: rect(1px, 1px, 1px, 1px);\" title=\"&#8220;Em Lisboa o ano jubilar est\u00e1 apenas come\u00e7ando&#8221; &#8212; Schoenstatt\" src=\"https:\/\/schoenstatt.com\/pt-pt\/em-lisboa-o-ano-jubilar-esta-apenas-comecando\/embed\/#?secret=qXtisl1Ajn#?secret=Dt9aedjjll\" data-secret=\"Dt9aedjjll\" width=\"600\" height=\"338\" frameborder=\"0\" marginwidth=\"0\" marginheight=\"0\" scrolling=\"no\"><\/iframe>\n<\/div><\/figure>\n","protected":false},"excerpt":{"rendered":"<p>Em setembro, o Santu\u00e1rio de Schoenstatt de Lisboa celebra seu jubileu de ouro com o Festival do Jubileu, nos dias 14 e 15.<\/p>\n","protected":false},"author":3,"featured_media":40510,"comment_status":"closed","ping_status":"closed","sticky":false,"template":"","format":"standard","meta":{"footnotes":""},"categories":[872,869],"tags":[],"class_list":["post-40524","post","type-post","status-publish","format-standard","has-post-thumbnail","hentry","category-europa-pt-pt","category-paises-pt-pt"],"yoast_head":"<!-- This site is optimized with the Yoast SEO Premium plugin v27.4 (Yoast SEO v27.4) - https:\/\/yoast.com\/product\/yoast-seo-premium-wordpress\/ -->\n<title>Lisboa: Um tempo de alegria e expectativa rumo aos 50 anos do Santu\u00e1rio<\/title>\n<meta name=\"description\" content=\"Em setembro, o Santu\u00e1rio de Schoenstatt de Lisboa celebra seu jubileu de ouro com o Festival do Jubileu, nos dias 14 e 15.\" \/>\n<meta name=\"robots\" content=\"index, follow, max-snippet:-1, max-image-preview:large, max-video-preview:-1\" \/>\n<link rel=\"canonical\" href=\"https:\/\/schoenstatt.com\/pt-pt\/lisboa-um-tempo-de-alegria-e-expectativa-rumo-aos-50-anos-do-santuario\/\" \/>\n<meta property=\"og:locale\" content=\"pt_PT\" \/>\n<meta property=\"og:type\" content=\"article\" \/>\n<meta property=\"og:title\" content=\"Lisboa: Um tempo de alegria e expectativa rumo aos 50 anos do Santu\u00e1rio\" \/>\n<meta property=\"og:description\" content=\"Em setembro, o Santu\u00e1rio de Schoenstatt de Lisboa celebra seu jubileu de ouro com o Festival do Jubileu, nos dias 14 e 15.\" \/>\n<meta property=\"og:url\" content=\"https:\/\/schoenstatt.com\/pt-pt\/lisboa-um-tempo-de-alegria-e-expectativa-rumo-aos-50-anos-do-santuario\/\" \/>\n<meta property=\"og:site_name\" content=\"Schoenstatt\" \/>\n<meta property=\"article:published_time\" content=\"2024-08-07T09:31:03+00:00\" \/>\n<meta property=\"article:modified_time\" content=\"2025-05-15T23:39:24+00:00\" \/>\n<meta property=\"og:image\" content=\"https:\/\/schoenstatt.com\/wp-content\/uploads\/2024\/08\/lisboa-santuario-shrine-lisbon-schoenstatt-1.jpg\" \/>\n\t<meta property=\"og:image:width\" content=\"2048\" \/>\n\t<meta property=\"og:image:height\" content=\"1259\" \/>\n\t<meta property=\"og:image:type\" content=\"image\/jpeg\" \/>\n<meta name=\"author\" content=\"Karen Bueno\" \/>\n<meta name=\"twitter:card\" content=\"summary_large_image\" \/>\n<meta name=\"twitter:label1\" content=\"Escrito por\" \/>\n\t<meta name=\"twitter:data1\" content=\"Karen Bueno\" \/>\n\t<meta name=\"twitter:label2\" content=\"Tempo estimado de leitura\" \/>\n\t<meta name=\"twitter:data2\" content=\"3 minutos\" \/>\n<script type=\"application\/ld+json\" class=\"yoast-schema-graph\">{\"@context\":\"https:\\\/\\\/schema.org\",\"@graph\":[{\"@type\":\"Article\",\"@id\":\"https:\\\/\\\/schoenstatt.com\\\/pt-pt\\\/lisboa-um-tempo-de-alegria-e-expectativa-rumo-aos-50-anos-do-santuario\\\/#article\",\"isPartOf\":{\"@id\":\"https:\\\/\\\/schoenstatt.com\\\/pt-pt\\\/lisboa-um-tempo-de-alegria-e-expectativa-rumo-aos-50-anos-do-santuario\\\/\"},\"author\":{\"name\":\"Karen Bueno\",\"@id\":\"https:\\\/\\\/schoenstatt.com\\\/pt-pt\\\/#\\\/schema\\\/person\\\/5158877ad4acae98b34daaeef2a1ce6e\"},\"headline\":\"Lisboa: Um tempo de alegria e expectativa rumo aos 50 anos do Santu\u00e1rio\",\"datePublished\":\"2024-08-07T09:31:03+00:00\",\"dateModified\":\"2025-05-15T23:39:24+00:00\",\"mainEntityOfPage\":{\"@id\":\"https:\\\/\\\/schoenstatt.com\\\/pt-pt\\\/lisboa-um-tempo-de-alegria-e-expectativa-rumo-aos-50-anos-do-santuario\\\/\"},\"wordCount\":541,\"publisher\":{\"@id\":\"https:\\\/\\\/schoenstatt.com\\\/pt-pt\\\/#organization\"},\"image\":{\"@id\":\"https:\\\/\\\/schoenstatt.com\\\/pt-pt\\\/lisboa-um-tempo-de-alegria-e-expectativa-rumo-aos-50-anos-do-santuario\\\/#primaryimage\"},\"thumbnailUrl\":\"https:\\\/\\\/schoenstatt.com\\\/wp-content\\\/uploads\\\/2024\\\/08\\\/lisboa-santuario-shrine-lisbon-schoenstatt-1.jpg\",\"articleSection\":[\"Europa\",\"Pa\u00edses\"],\"inLanguage\":\"pt-PT\"},{\"@type\":\"WebPage\",\"@id\":\"https:\\\/\\\/schoenstatt.com\\\/pt-pt\\\/lisboa-um-tempo-de-alegria-e-expectativa-rumo-aos-50-anos-do-santuario\\\/\",\"url\":\"https:\\\/\\\/schoenstatt.com\\\/pt-pt\\\/lisboa-um-tempo-de-alegria-e-expectativa-rumo-aos-50-anos-do-santuario\\\/\",\"name\":\"Lisboa: Um tempo de alegria e expectativa rumo aos 50 anos do Santu\u00e1rio\",\"isPartOf\":{\"@id\":\"https:\\\/\\\/schoenstatt.com\\\/pt-pt\\\/#website\"},\"primaryImageOfPage\":{\"@id\":\"https:\\\/\\\/schoenstatt.com\\\/pt-pt\\\/lisboa-um-tempo-de-alegria-e-expectativa-rumo-aos-50-anos-do-santuario\\\/#primaryimage\"},\"image\":{\"@id\":\"https:\\\/\\\/schoenstatt.com\\\/pt-pt\\\/lisboa-um-tempo-de-alegria-e-expectativa-rumo-aos-50-anos-do-santuario\\\/#primaryimage\"},\"thumbnailUrl\":\"https:\\\/\\\/schoenstatt.com\\\/wp-content\\\/uploads\\\/2024\\\/08\\\/lisboa-santuario-shrine-lisbon-schoenstatt-1.jpg\",\"datePublished\":\"2024-08-07T09:31:03+00:00\",\"dateModified\":\"2025-05-15T23:39:24+00:00\",\"description\":\"Em setembro, o Santu\u00e1rio de Schoenstatt de Lisboa celebra seu jubileu de ouro com o Festival do Jubileu, nos dias 14 e 15.\",\"breadcrumb\":{\"@id\":\"https:\\\/\\\/schoenstatt.com\\\/pt-pt\\\/lisboa-um-tempo-de-alegria-e-expectativa-rumo-aos-50-anos-do-santuario\\\/#breadcrumb\"},\"inLanguage\":\"pt-PT\",\"potentialAction\":[{\"@type\":\"ReadAction\",\"target\":[\"https:\\\/\\\/schoenstatt.com\\\/pt-pt\\\/lisboa-um-tempo-de-alegria-e-expectativa-rumo-aos-50-anos-do-santuario\\\/\"]}]},{\"@type\":\"ImageObject\",\"inLanguage\":\"pt-PT\",\"@id\":\"https:\\\/\\\/schoenstatt.com\\\/pt-pt\\\/lisboa-um-tempo-de-alegria-e-expectativa-rumo-aos-50-anos-do-santuario\\\/#primaryimage\",\"url\":\"https:\\\/\\\/schoenstatt.com\\\/wp-content\\\/uploads\\\/2024\\\/08\\\/lisboa-santuario-shrine-lisbon-schoenstatt-1.jpg\",\"contentUrl\":\"https:\\\/\\\/schoenstatt.com\\\/wp-content\\\/uploads\\\/2024\\\/08\\\/lisboa-santuario-shrine-lisbon-schoenstatt-1.jpg\",\"width\":2048,\"height\":1259},{\"@type\":\"BreadcrumbList\",\"@id\":\"https:\\\/\\\/schoenstatt.com\\\/pt-pt\\\/lisboa-um-tempo-de-alegria-e-expectativa-rumo-aos-50-anos-do-santuario\\\/#breadcrumb\",\"itemListElement\":[{\"@type\":\"ListItem\",\"position\":1,\"name\":\"Portada\",\"item\":\"https:\\\/\\\/schoenstatt.com\\\/pt-pt\\\/home\\\/\"},{\"@type\":\"ListItem\",\"position\":2,\"name\":\"Lisboa: Um tempo de alegria e expectativa rumo aos 50 anos do Santu\u00e1rio\"}]},{\"@type\":\"WebSite\",\"@id\":\"https:\\\/\\\/schoenstatt.com\\\/pt-pt\\\/#website\",\"url\":\"https:\\\/\\\/schoenstatt.com\\\/pt-pt\\\/\",\"name\":\"Schoenstatt\",\"description\":\"Apostolic Movement\",\"publisher\":{\"@id\":\"https:\\\/\\\/schoenstatt.com\\\/pt-pt\\\/#organization\"},\"potentialAction\":[{\"@type\":\"SearchAction\",\"target\":{\"@type\":\"EntryPoint\",\"urlTemplate\":\"https:\\\/\\\/schoenstatt.com\\\/pt-pt\\\/?s={search_term_string}\"},\"query-input\":{\"@type\":\"PropertyValueSpecification\",\"valueRequired\":true,\"valueName\":\"search_term_string\"}}],\"inLanguage\":\"pt-PT\"},{\"@type\":\"Organization\",\"@id\":\"https:\\\/\\\/schoenstatt.com\\\/pt-pt\\\/#organization\",\"name\":\"Schoenstatt\",\"url\":\"https:\\\/\\\/schoenstatt.com\\\/pt-pt\\\/\",\"logo\":{\"@type\":\"ImageObject\",\"inLanguage\":\"pt-PT\",\"@id\":\"https:\\\/\\\/schoenstatt.com\\\/pt-pt\\\/#\\\/schema\\\/logo\\\/image\\\/\",\"url\":\"https:\\\/\\\/schoenstatt.com\\\/wp-content\\\/uploads\\\/2025\\\/04\\\/logo-schoenstatt-white-696x696-1.png\",\"contentUrl\":\"https:\\\/\\\/schoenstatt.com\\\/wp-content\\\/uploads\\\/2025\\\/04\\\/logo-schoenstatt-white-696x696-1.png\",\"width\":696,\"height\":694,\"caption\":\"Schoenstatt\"},\"image\":{\"@id\":\"https:\\\/\\\/schoenstatt.com\\\/pt-pt\\\/#\\\/schema\\\/logo\\\/image\\\/\"}},{\"@type\":\"Person\",\"@id\":\"https:\\\/\\\/schoenstatt.com\\\/pt-pt\\\/#\\\/schema\\\/person\\\/5158877ad4acae98b34daaeef2a1ce6e\",\"name\":\"Karen Bueno\",\"image\":{\"@type\":\"ImageObject\",\"inLanguage\":\"pt-PT\",\"@id\":\"https:\\\/\\\/secure.gravatar.com\\\/avatar\\\/f9f4b823873154269d2b2130f195f6d41037dd0d7fc5f3cacb5c846bae70d66b?s=96&d=mm&r=g\",\"url\":\"https:\\\/\\\/secure.gravatar.com\\\/avatar\\\/f9f4b823873154269d2b2130f195f6d41037dd0d7fc5f3cacb5c846bae70d66b?s=96&d=mm&r=g\",\"contentUrl\":\"https:\\\/\\\/secure.gravatar.com\\\/avatar\\\/f9f4b823873154269d2b2130f195f6d41037dd0d7fc5f3cacb5c846bae70d66b?s=96&d=mm&r=g\",\"caption\":\"Karen Bueno\"},\"url\":\"https:\\\/\\\/schoenstatt.com\\\/pt-pt\\\/author\\\/karen-bueno\\\/\"}]}<\/script>\n<!-- \/ Yoast SEO Premium plugin. -->","yoast_head_json":{"title":"Lisboa: Um tempo de alegria e expectativa rumo aos 50 anos do Santu\u00e1rio","description":"Em setembro, o Santu\u00e1rio de Schoenstatt de Lisboa celebra seu jubileu de ouro com o Festival do Jubileu, nos dias 14 e 15.","robots":{"index":"index","follow":"follow","max-snippet":"max-snippet:-1","max-image-preview":"max-image-preview:large","max-video-preview":"max-video-preview:-1"},"canonical":"https:\/\/schoenstatt.com\/pt-pt\/lisboa-um-tempo-de-alegria-e-expectativa-rumo-aos-50-anos-do-santuario\/","og_locale":"pt_PT","og_type":"article","og_title":"Lisboa: Um tempo de alegria e expectativa rumo aos 50 anos do Santu\u00e1rio","og_description":"Em setembro, o Santu\u00e1rio de Schoenstatt de Lisboa celebra seu jubileu de ouro com o Festival do Jubileu, nos dias 14 e 15.","og_url":"https:\/\/schoenstatt.com\/pt-pt\/lisboa-um-tempo-de-alegria-e-expectativa-rumo-aos-50-anos-do-santuario\/","og_site_name":"Schoenstatt","article_published_time":"2024-08-07T09:31:03+00:00","article_modified_time":"2025-05-15T23:39:24+00:00","og_image":[{"width":2048,"height":1259,"url":"https:\/\/schoenstatt.com\/wp-content\/uploads\/2024\/08\/lisboa-santuario-shrine-lisbon-schoenstatt-1.jpg","type":"image\/jpeg"}],"author":"Karen Bueno","twitter_card":"summary_large_image","twitter_misc":{"Escrito por":"Karen Bueno","Tempo estimado de leitura":"3 minutos"},"schema":{"@context":"https:\/\/schema.org","@graph":[{"@type":"Article","@id":"https:\/\/schoenstatt.com\/pt-pt\/lisboa-um-tempo-de-alegria-e-expectativa-rumo-aos-50-anos-do-santuario\/#article","isPartOf":{"@id":"https:\/\/schoenstatt.com\/pt-pt\/lisboa-um-tempo-de-alegria-e-expectativa-rumo-aos-50-anos-do-santuario\/"},"author":{"name":"Karen Bueno","@id":"https:\/\/schoenstatt.com\/pt-pt\/#\/schema\/person\/5158877ad4acae98b34daaeef2a1ce6e"},"headline":"Lisboa: Um tempo de alegria e expectativa rumo aos 50 anos do Santu\u00e1rio","datePublished":"2024-08-07T09:31:03+00:00","dateModified":"2025-05-15T23:39:24+00:00","mainEntityOfPage":{"@id":"https:\/\/schoenstatt.com\/pt-pt\/lisboa-um-tempo-de-alegria-e-expectativa-rumo-aos-50-anos-do-santuario\/"},"wordCount":541,"publisher":{"@id":"https:\/\/schoenstatt.com\/pt-pt\/#organization"},"image":{"@id":"https:\/\/schoenstatt.com\/pt-pt\/lisboa-um-tempo-de-alegria-e-expectativa-rumo-aos-50-anos-do-santuario\/#primaryimage"},"thumbnailUrl":"https:\/\/schoenstatt.com\/wp-content\/uploads\/2024\/08\/lisboa-santuario-shrine-lisbon-schoenstatt-1.jpg","articleSection":["Europa","Pa\u00edses"],"inLanguage":"pt-PT"},{"@type":"WebPage","@id":"https:\/\/schoenstatt.com\/pt-pt\/lisboa-um-tempo-de-alegria-e-expectativa-rumo-aos-50-anos-do-santuario\/","url":"https:\/\/schoenstatt.com\/pt-pt\/lisboa-um-tempo-de-alegria-e-expectativa-rumo-aos-50-anos-do-santuario\/","name":"Lisboa: Um tempo de alegria e expectativa rumo aos 50 anos do Santu\u00e1rio","isPartOf":{"@id":"https:\/\/schoenstatt.com\/pt-pt\/#website"},"primaryImageOfPage":{"@id":"https:\/\/schoenstatt.com\/pt-pt\/lisboa-um-tempo-de-alegria-e-expectativa-rumo-aos-50-anos-do-santuario\/#primaryimage"},"image":{"@id":"https:\/\/schoenstatt.com\/pt-pt\/lisboa-um-tempo-de-alegria-e-expectativa-rumo-aos-50-anos-do-santuario\/#primaryimage"},"thumbnailUrl":"https:\/\/schoenstatt.com\/wp-content\/uploads\/2024\/08\/lisboa-santuario-shrine-lisbon-schoenstatt-1.jpg","datePublished":"2024-08-07T09:31:03+00:00","dateModified":"2025-05-15T23:39:24+00:00","description":"Em setembro, o Santu\u00e1rio de Schoenstatt de Lisboa celebra seu jubileu de ouro com o Festival do Jubileu, nos dias 14 e 15.","breadcrumb":{"@id":"https:\/\/schoenstatt.com\/pt-pt\/lisboa-um-tempo-de-alegria-e-expectativa-rumo-aos-50-anos-do-santuario\/#breadcrumb"},"inLanguage":"pt-PT","potentialAction":[{"@type":"ReadAction","target":["https:\/\/schoenstatt.com\/pt-pt\/lisboa-um-tempo-de-alegria-e-expectativa-rumo-aos-50-anos-do-santuario\/"]}]},{"@type":"ImageObject","inLanguage":"pt-PT","@id":"https:\/\/schoenstatt.com\/pt-pt\/lisboa-um-tempo-de-alegria-e-expectativa-rumo-aos-50-anos-do-santuario\/#primaryimage","url":"https:\/\/schoenstatt.com\/wp-content\/uploads\/2024\/08\/lisboa-santuario-shrine-lisbon-schoenstatt-1.jpg","contentUrl":"https:\/\/schoenstatt.com\/wp-content\/uploads\/2024\/08\/lisboa-santuario-shrine-lisbon-schoenstatt-1.jpg","width":2048,"height":1259},{"@type":"BreadcrumbList","@id":"https:\/\/schoenstatt.com\/pt-pt\/lisboa-um-tempo-de-alegria-e-expectativa-rumo-aos-50-anos-do-santuario\/#breadcrumb","itemListElement":[{"@type":"ListItem","position":1,"name":"Portada","item":"https:\/\/schoenstatt.com\/pt-pt\/home\/"},{"@type":"ListItem","position":2,"name":"Lisboa: Um tempo de alegria e expectativa rumo aos 50 anos do Santu\u00e1rio"}]},{"@type":"WebSite","@id":"https:\/\/schoenstatt.com\/pt-pt\/#website","url":"https:\/\/schoenstatt.com\/pt-pt\/","name":"Schoenstatt","description":"Apostolic Movement","publisher":{"@id":"https:\/\/schoenstatt.com\/pt-pt\/#organization"},"potentialAction":[{"@type":"SearchAction","target":{"@type":"EntryPoint","urlTemplate":"https:\/\/schoenstatt.com\/pt-pt\/?s={search_term_string}"},"query-input":{"@type":"PropertyValueSpecification","valueRequired":true,"valueName":"search_term_string"}}],"inLanguage":"pt-PT"},{"@type":"Organization","@id":"https:\/\/schoenstatt.com\/pt-pt\/#organization","name":"Schoenstatt","url":"https:\/\/schoenstatt.com\/pt-pt\/","logo":{"@type":"ImageObject","inLanguage":"pt-PT","@id":"https:\/\/schoenstatt.com\/pt-pt\/#\/schema\/logo\/image\/","url":"https:\/\/schoenstatt.com\/wp-content\/uploads\/2025\/04\/logo-schoenstatt-white-696x696-1.png","contentUrl":"https:\/\/schoenstatt.com\/wp-content\/uploads\/2025\/04\/logo-schoenstatt-white-696x696-1.png","width":696,"height":694,"caption":"Schoenstatt"},"image":{"@id":"https:\/\/schoenstatt.com\/pt-pt\/#\/schema\/logo\/image\/"}},{"@type":"Person","@id":"https:\/\/schoenstatt.com\/pt-pt\/#\/schema\/person\/5158877ad4acae98b34daaeef2a1ce6e","name":"Karen Bueno","image":{"@type":"ImageObject","inLanguage":"pt-PT","@id":"https:\/\/secure.gravatar.com\/avatar\/f9f4b823873154269d2b2130f195f6d41037dd0d7fc5f3cacb5c846bae70d66b?s=96&d=mm&r=g","url":"https:\/\/secure.gravatar.com\/avatar\/f9f4b823873154269d2b2130f195f6d41037dd0d7fc5f3cacb5c846bae70d66b?s=96&d=mm&r=g","contentUrl":"https:\/\/secure.gravatar.com\/avatar\/f9f4b823873154269d2b2130f195f6d41037dd0d7fc5f3cacb5c846bae70d66b?s=96&d=mm&r=g","caption":"Karen Bueno"},"url":"https:\/\/schoenstatt.com\/pt-pt\/author\/karen-bueno\/"}]}},"_links":{"self":[{"href":"https:\/\/schoenstatt.com\/pt-pt\/wp-json\/wp\/v2\/posts\/40524","targetHints":{"allow":["GET"]}}],"collection":[{"href":"https:\/\/schoenstatt.com\/pt-pt\/wp-json\/wp\/v2\/posts"}],"about":[{"href":"https:\/\/schoenstatt.com\/pt-pt\/wp-json\/wp\/v2\/types\/post"}],"author":[{"embeddable":true,"href":"https:\/\/schoenstatt.com\/pt-pt\/wp-json\/wp\/v2\/users\/3"}],"replies":[{"embeddable":true,"href":"https:\/\/schoenstatt.com\/pt-pt\/wp-json\/wp\/v2\/comments?post=40524"}],"version-history":[{"count":1,"href":"https:\/\/schoenstatt.com\/pt-pt\/wp-json\/wp\/v2\/posts\/40524\/revisions"}],"predecessor-version":[{"id":46939,"href":"https:\/\/schoenstatt.com\/pt-pt\/wp-json\/wp\/v2\/posts\/40524\/revisions\/46939"}],"wp:featuredmedia":[{"embeddable":true,"href":"https:\/\/schoenstatt.com\/pt-pt\/wp-json\/wp\/v2\/media\/40510"}],"wp:attachment":[{"href":"https:\/\/schoenstatt.com\/pt-pt\/wp-json\/wp\/v2\/media?parent=40524"}],"wp:term":[{"taxonomy":"category","embeddable":true,"href":"https:\/\/schoenstatt.com\/pt-pt\/wp-json\/wp\/v2\/categories?post=40524"},{"taxonomy":"post_tag","embeddable":true,"href":"https:\/\/schoenstatt.com\/pt-pt\/wp-json\/wp\/v2\/tags?post=40524"}],"curies":[{"name":"wp","href":"https:\/\/api.w.org\/{rel}","templated":true}]}}