{"id":40437,"date":"2024-07-31T14:22:41","date_gmt":"2024-07-31T12:22:41","guid":{"rendered":"https:\/\/schoenstatt.com\/?p=40437"},"modified":"2025-05-16T03:19:51","modified_gmt":"2025-05-16T01:19:51","slug":"intencao-de-oracao-para-agosto-pelos-lideres-politicos","status":"publish","type":"post","link":"https:\/\/schoenstatt.com\/pt-pt\/intencao-de-oracao-para-agosto-pelos-lideres-politicos\/","title":{"rendered":"Inten\u00e7\u00e3o de ora\u00e7\u00e3o para agosto: Pelos l\u00edderes pol\u00edticos"},"content":{"rendered":"\n<p>Pelos l\u00edderes pol\u00edticos \u00e9 a inten\u00e7\u00e3o de ora\u00e7\u00e3o do Papa Francisco para o m\u00eas de agosto. Na <a href=\"https:\/\/thepopevideo.org\/?lang=pt-br\" target=\"_blank\" rel=\"noreferrer noopener\">mensagem de v\u00eddeo<\/a> divulgada nesta ter\u00e7a-feira (30\/07), o Santo Padre diz que &#8220;atualmente a pol\u00edtica n\u00e3o tem boa fama: corrup\u00e7\u00e3o, esc\u00e2ndalos, est\u00e1 distante do dia a dia das pessoas&#8221;. &#8220;Mas, podemos avan\u00e7ar em dire\u00e7\u00e3o \u00e0 fraternidade universal sem uma boa pol\u00edtica? N\u00e3o&#8221;, responde o Papa.<\/p>\n\n\n\n<p>As primeiras palavras do Pont\u00edfice, na mensagem de v\u00eddeo que introduz sua inten\u00e7\u00e3o de ora\u00e7\u00e3o para o m\u00eas de agosto, parecem dizer o que pensam muitos de n\u00f3s: que a pol\u00edtica \u00e9 um neg\u00f3cio sujo nas m\u00e3os de quem s\u00f3 pensa em enriquecer-se ou alcan\u00e7ar o poder. Os que se dedicam \u00e0 pol\u00edtica, aos olhos das pessoas comuns, devem ser vistos com receio: certamente ter\u00e3o algum interesse pessoal que esconder.<\/p>\n\n\n\n<figure class=\"wp-block-embed is-type-video is-provider-youtube wp-block-embed-youtube wp-embed-aspect-16-9 wp-has-aspect-ratio\"><div class=\"wp-block-embed__wrapper\">\n<iframe title=\"Pelos l\u00edderes pol\u00edticos \u2013 O V\u00eddeo do Papa 8 \u2013 Agosto 2024\" width=\"800\" height=\"450\" src=\"https:\/\/www.youtube.com\/embed\/ZPfCiplPqCA?feature=oembed\" frameborder=\"0\" allow=\"accelerometer; autoplay; clipboard-write; encrypted-media; gyroscope; picture-in-picture; web-share\" referrerpolicy=\"strict-origin-when-cross-origin\" allowfullscreen><\/iframe>\n<\/div><\/figure>\n\n\n\n<h2 class=\"wp-block-heading\" id=\"h-a-politica-e-uma-das-formas-mais-altas-da-caridade\"><strong>A pol\u00edtica \u00e9 uma das formas mais altas da caridade<\/strong><\/h2>\n\n\n\n<p>No entanto, na medida em que passam os segundos, no v\u00eddeo, fica claro que o Papa Francisco est\u00e1 dizendo outra coisa. Ele est\u00e1 nos lembrando que sempre \u00e9 poss\u00edvel outro tipo de pol\u00edtica:<\/p>\n\n\n\n<p><em>Como disse Paulo VI, a pol\u00edtica \u00e9 uma das formas mais altas da caridade, porque busca o bem comum. Falo da POL\u00cdTICA com mai\u00fasculas, n\u00e3o da politicagem. Falo da pol\u00edtica que escuta a realidade, que est\u00e1 a servi\u00e7o dos pobres, n\u00e3o da que est\u00e1 escondida em grandes edif\u00edcios com longos corredores. Falo da pol\u00edtica que se preocupa com os desempregados e sabe muito bem como pode ser triste um domingo quando a segunda-feira \u00e9 um dia a mais sem poder ir trabalhar. Se a vemos assim, a pol\u00edtica \u00e9 muito mais nobre do que aparenta.<\/em><\/p>\n\n\n\n<p>As imagens que acompanham suas palavras querem contar exatamente isto, alternando situa\u00e7\u00f5es de vida em dois contextos diversos: um, no qual as pessoas sobrevivem por conta pr\u00f3pria (uma mulher refugiada, um adulto desempregado, crian\u00e7as sem \u00e1gua, uma pessoa em situa\u00e7\u00e3o de rua), e outro em que, ao contr\u00e1rio, encontraram uma resposta \u2013 \u00e0s vezes de modo emergencial, \u00e0s vezes permanente \u2013 aos seus problemas. O mundo sem boa pol\u00edtica e o mundo com boa pol\u00edtica.<\/p>\n\n\n\n<h2 class=\"wp-block-heading\" id=\"h-que-os-lideres-politicos-estejam-a-servico-de-seu-povo\"><strong>Que os l\u00edderes pol\u00edticos estejam a servi\u00e7o de seu povo<\/strong><\/h2>\n\n\n\n<p>Agrade\u00e7amos aos muitos pol\u00edticos que desempenham sua tarefa com vontade de servir, n\u00e3o de poder, todos seus esfor\u00e7os pelo bem comum. Rezemos para que os l\u00edderes pol\u00edticos estejam a servi\u00e7o de seu povo, trabalhando pelo desenvolvimento humano integral, trabalhando pelo bem comum, cuidando dos que perderam seu emprego e dando prioridade aos mais pobres.<\/p>\n\n\n\n<p>Os crist\u00e3os, especialmente os leigos, s\u00e3o chamados a participar da vida pol\u00edtica, para poder construir uma sociedade mais justa e solid\u00e1ria. \u201cUm indiv\u00edduo pode ajudar a uma pessoa necessitada, por\u00e9m quando se une a outros para gerar processos sociais de fraternidade e de justi\u00e7a para todos, entra no campo da mais ampla caridade, a caridade pol\u00edtica\u201d, reflete o Papa Francisco sobre este tema na enc\u00edclica Fratelli Tutti.<\/p>\n\n\n\n<p>Quando um pol\u00edtico n\u00e3o deixa espa\u00e7o para o di\u00e1logo, a coopera\u00e7\u00e3o e o compromisso com a dignidade das pessoas \u2013 chaves que o Papa destaca na Fratelli Tutti, n\u00e3o se alcan\u00e7a o desenvolvimento integral da sociedade. Problemas como a fome e a pobreza, as guerras ou as crises ambientais, para citar alguns, s\u00e3o agravados por uma lideran\u00e7a pol\u00edtica ego\u00edsta e \u00e1vida de poder.<\/p>\n\n\n\n<p><strong>Fonte:<\/strong> <a href=\"https:\/\/www.vaticannews.va\/pt\/papa\/news\/2024-07\/papa-francisco-intencao-oracao-julho-politicos-servico-povo.html\" target=\"_blank\" rel=\"noreferrer noopener\">vaticannews.va\/pt<\/a><\/p>\n","protected":false},"excerpt":{"rendered":"<p>O desejo do Papa Francisco \u00e9 um convite a rezar para que os l\u00edderes pol\u00edticos estejam a servi\u00e7o de seu povo. A pol\u00edtica \u00e9 uma forma de caridade.<\/p>\n","protected":false},"author":3,"featured_media":40433,"comment_status":"closed","ping_status":"closed","sticky":false,"template":"","format":"standard","meta":{"footnotes":""},"categories":[608,906,912],"tags":[],"class_list":["post-40437","post","type-post","status-publish","format-standard","has-post-thumbnail","hentry","category-igreja-pt-pt","category-papa-francisco-pt-pt","category-sociedade-pt-pt"],"yoast_head":"<!-- This site is optimized with the Yoast SEO Premium plugin v27.4 (Yoast SEO v27.5) - https:\/\/yoast.com\/product\/yoast-seo-premium-wordpress\/ -->\n<title>Inten\u00e7\u00e3o de ora\u00e7\u00e3o para agosto: Pelos l\u00edderes pol\u00edticos - Schoenstatt<\/title>\n<meta name=\"description\" content=\"O desejo do Papa \u00e9 um convite a rezar para que os l\u00edderes pol\u00edticos estejam a servi\u00e7o de seu povo. A pol\u00edtica \u00e9 uma forma de caridade.\" \/>\n<meta name=\"robots\" content=\"index, follow, max-snippet:-1, max-image-preview:large, max-video-preview:-1\" \/>\n<link rel=\"canonical\" href=\"https:\/\/schoenstatt.com\/pt-pt\/intencao-de-oracao-para-agosto-pelos-lideres-politicos\/\" \/>\n<meta property=\"og:locale\" content=\"pt_PT\" \/>\n<meta property=\"og:type\" content=\"article\" \/>\n<meta property=\"og:title\" content=\"Inten\u00e7\u00e3o de ora\u00e7\u00e3o para agosto: Pelos l\u00edderes pol\u00edticos\" \/>\n<meta property=\"og:description\" content=\"O desejo do Papa \u00e9 um convite a rezar para que os l\u00edderes pol\u00edticos estejam a servi\u00e7o de seu povo. A pol\u00edtica \u00e9 uma forma de caridade.\" \/>\n<meta property=\"og:url\" content=\"https:\/\/schoenstatt.com\/pt-pt\/intencao-de-oracao-para-agosto-pelos-lideres-politicos\/\" \/>\n<meta property=\"og:site_name\" content=\"Schoenstatt\" \/>\n<meta property=\"article:published_time\" content=\"2024-07-31T12:22:41+00:00\" \/>\n<meta property=\"article:modified_time\" content=\"2025-05-16T01:19:51+00:00\" \/>\n<meta property=\"og:image\" content=\"https:\/\/schoenstatt.com\/wp-content\/uploads\/2024\/07\/Oracion-oracao-vela-fuego-fire-pray-1.jpg\" \/>\n\t<meta property=\"og:image:width\" content=\"2048\" \/>\n\t<meta property=\"og:image:height\" content=\"1288\" \/>\n\t<meta property=\"og:image:type\" content=\"image\/jpeg\" \/>\n<meta name=\"author\" content=\"Karen Bueno\" \/>\n<meta name=\"twitter:card\" content=\"summary_large_image\" \/>\n<meta name=\"twitter:label1\" content=\"Escrito por\" \/>\n\t<meta name=\"twitter:data1\" content=\"Karen Bueno\" \/>\n\t<meta name=\"twitter:label2\" content=\"Tempo estimado de leitura\" \/>\n\t<meta name=\"twitter:data2\" content=\"3 minutos\" \/>\n<script type=\"application\/ld+json\" class=\"yoast-schema-graph\">{\"@context\":\"https:\\\/\\\/schema.org\",\"@graph\":[{\"@type\":\"Article\",\"@id\":\"https:\\\/\\\/schoenstatt.com\\\/pt-pt\\\/intencao-de-oracao-para-agosto-pelos-lideres-politicos\\\/#article\",\"isPartOf\":{\"@id\":\"https:\\\/\\\/schoenstatt.com\\\/pt-pt\\\/intencao-de-oracao-para-agosto-pelos-lideres-politicos\\\/\"},\"author\":{\"name\":\"Karen Bueno\",\"@id\":\"https:\\\/\\\/schoenstatt.com\\\/pt-pt\\\/#\\\/schema\\\/person\\\/5158877ad4acae98b34daaeef2a1ce6e\"},\"headline\":\"Inten\u00e7\u00e3o de ora\u00e7\u00e3o para agosto: Pelos l\u00edderes pol\u00edticos\",\"datePublished\":\"2024-07-31T12:22:41+00:00\",\"dateModified\":\"2025-05-16T01:19:51+00:00\",\"mainEntityOfPage\":{\"@id\":\"https:\\\/\\\/schoenstatt.com\\\/pt-pt\\\/intencao-de-oracao-para-agosto-pelos-lideres-politicos\\\/\"},\"wordCount\":626,\"publisher\":{\"@id\":\"https:\\\/\\\/schoenstatt.com\\\/pt-pt\\\/#organization\"},\"image\":{\"@id\":\"https:\\\/\\\/schoenstatt.com\\\/pt-pt\\\/intencao-de-oracao-para-agosto-pelos-lideres-politicos\\\/#primaryimage\"},\"thumbnailUrl\":\"https:\\\/\\\/schoenstatt.com\\\/wp-content\\\/uploads\\\/2024\\\/07\\\/Oracion-oracao-vela-fuego-fire-pray-1.jpg\",\"articleSection\":[\"Igreja\",\"Papa Francisco\",\"Sociedade\"],\"inLanguage\":\"pt-PT\"},{\"@type\":\"WebPage\",\"@id\":\"https:\\\/\\\/schoenstatt.com\\\/pt-pt\\\/intencao-de-oracao-para-agosto-pelos-lideres-politicos\\\/\",\"url\":\"https:\\\/\\\/schoenstatt.com\\\/pt-pt\\\/intencao-de-oracao-para-agosto-pelos-lideres-politicos\\\/\",\"name\":\"Inten\u00e7\u00e3o de ora\u00e7\u00e3o para agosto: Pelos l\u00edderes pol\u00edticos - Schoenstatt\",\"isPartOf\":{\"@id\":\"https:\\\/\\\/schoenstatt.com\\\/pt-pt\\\/#website\"},\"primaryImageOfPage\":{\"@id\":\"https:\\\/\\\/schoenstatt.com\\\/pt-pt\\\/intencao-de-oracao-para-agosto-pelos-lideres-politicos\\\/#primaryimage\"},\"image\":{\"@id\":\"https:\\\/\\\/schoenstatt.com\\\/pt-pt\\\/intencao-de-oracao-para-agosto-pelos-lideres-politicos\\\/#primaryimage\"},\"thumbnailUrl\":\"https:\\\/\\\/schoenstatt.com\\\/wp-content\\\/uploads\\\/2024\\\/07\\\/Oracion-oracao-vela-fuego-fire-pray-1.jpg\",\"datePublished\":\"2024-07-31T12:22:41+00:00\",\"dateModified\":\"2025-05-16T01:19:51+00:00\",\"description\":\"O desejo do Papa \u00e9 um convite a rezar para que os l\u00edderes pol\u00edticos estejam a servi\u00e7o de seu povo. A pol\u00edtica \u00e9 uma forma de caridade.\",\"breadcrumb\":{\"@id\":\"https:\\\/\\\/schoenstatt.com\\\/pt-pt\\\/intencao-de-oracao-para-agosto-pelos-lideres-politicos\\\/#breadcrumb\"},\"inLanguage\":\"pt-PT\",\"potentialAction\":[{\"@type\":\"ReadAction\",\"target\":[\"https:\\\/\\\/schoenstatt.com\\\/pt-pt\\\/intencao-de-oracao-para-agosto-pelos-lideres-politicos\\\/\"]}]},{\"@type\":\"ImageObject\",\"inLanguage\":\"pt-PT\",\"@id\":\"https:\\\/\\\/schoenstatt.com\\\/pt-pt\\\/intencao-de-oracao-para-agosto-pelos-lideres-politicos\\\/#primaryimage\",\"url\":\"https:\\\/\\\/schoenstatt.com\\\/wp-content\\\/uploads\\\/2024\\\/07\\\/Oracion-oracao-vela-fuego-fire-pray-1.jpg\",\"contentUrl\":\"https:\\\/\\\/schoenstatt.com\\\/wp-content\\\/uploads\\\/2024\\\/07\\\/Oracion-oracao-vela-fuego-fire-pray-1.jpg\",\"width\":2048,\"height\":1288},{\"@type\":\"BreadcrumbList\",\"@id\":\"https:\\\/\\\/schoenstatt.com\\\/pt-pt\\\/intencao-de-oracao-para-agosto-pelos-lideres-politicos\\\/#breadcrumb\",\"itemListElement\":[{\"@type\":\"ListItem\",\"position\":1,\"name\":\"Portada\",\"item\":\"https:\\\/\\\/schoenstatt.com\\\/pt-pt\\\/home\\\/\"},{\"@type\":\"ListItem\",\"position\":2,\"name\":\"Inten\u00e7\u00e3o de ora\u00e7\u00e3o para agosto: Pelos l\u00edderes pol\u00edticos\"}]},{\"@type\":\"WebSite\",\"@id\":\"https:\\\/\\\/schoenstatt.com\\\/pt-pt\\\/#website\",\"url\":\"https:\\\/\\\/schoenstatt.com\\\/pt-pt\\\/\",\"name\":\"Schoenstatt\",\"description\":\"Apostolic Movement\",\"publisher\":{\"@id\":\"https:\\\/\\\/schoenstatt.com\\\/pt-pt\\\/#organization\"},\"potentialAction\":[{\"@type\":\"SearchAction\",\"target\":{\"@type\":\"EntryPoint\",\"urlTemplate\":\"https:\\\/\\\/schoenstatt.com\\\/pt-pt\\\/?s={search_term_string}\"},\"query-input\":{\"@type\":\"PropertyValueSpecification\",\"valueRequired\":true,\"valueName\":\"search_term_string\"}}],\"inLanguage\":\"pt-PT\"},{\"@type\":\"Organization\",\"@id\":\"https:\\\/\\\/schoenstatt.com\\\/pt-pt\\\/#organization\",\"name\":\"Schoenstatt\",\"url\":\"https:\\\/\\\/schoenstatt.com\\\/pt-pt\\\/\",\"logo\":{\"@type\":\"ImageObject\",\"inLanguage\":\"pt-PT\",\"@id\":\"https:\\\/\\\/schoenstatt.com\\\/pt-pt\\\/#\\\/schema\\\/logo\\\/image\\\/\",\"url\":\"https:\\\/\\\/schoenstatt.com\\\/wp-content\\\/uploads\\\/2025\\\/04\\\/logo-schoenstatt-white-696x696-1.png\",\"contentUrl\":\"https:\\\/\\\/schoenstatt.com\\\/wp-content\\\/uploads\\\/2025\\\/04\\\/logo-schoenstatt-white-696x696-1.png\",\"width\":696,\"height\":694,\"caption\":\"Schoenstatt\"},\"image\":{\"@id\":\"https:\\\/\\\/schoenstatt.com\\\/pt-pt\\\/#\\\/schema\\\/logo\\\/image\\\/\"}},{\"@type\":\"Person\",\"@id\":\"https:\\\/\\\/schoenstatt.com\\\/pt-pt\\\/#\\\/schema\\\/person\\\/5158877ad4acae98b34daaeef2a1ce6e\",\"name\":\"Karen Bueno\",\"image\":{\"@type\":\"ImageObject\",\"inLanguage\":\"pt-PT\",\"@id\":\"https:\\\/\\\/secure.gravatar.com\\\/avatar\\\/f9f4b823873154269d2b2130f195f6d41037dd0d7fc5f3cacb5c846bae70d66b?s=96&d=mm&r=g\",\"url\":\"https:\\\/\\\/secure.gravatar.com\\\/avatar\\\/f9f4b823873154269d2b2130f195f6d41037dd0d7fc5f3cacb5c846bae70d66b?s=96&d=mm&r=g\",\"contentUrl\":\"https:\\\/\\\/secure.gravatar.com\\\/avatar\\\/f9f4b823873154269d2b2130f195f6d41037dd0d7fc5f3cacb5c846bae70d66b?s=96&d=mm&r=g\",\"caption\":\"Karen Bueno\"},\"url\":\"https:\\\/\\\/schoenstatt.com\\\/pt-pt\\\/author\\\/karen-bueno\\\/\"}]}<\/script>\n<!-- \/ Yoast SEO Premium plugin. -->","yoast_head_json":{"title":"Inten\u00e7\u00e3o de ora\u00e7\u00e3o para agosto: Pelos l\u00edderes pol\u00edticos - Schoenstatt","description":"O desejo do Papa \u00e9 um convite a rezar para que os l\u00edderes pol\u00edticos estejam a servi\u00e7o de seu povo. A pol\u00edtica \u00e9 uma forma de caridade.","robots":{"index":"index","follow":"follow","max-snippet":"max-snippet:-1","max-image-preview":"max-image-preview:large","max-video-preview":"max-video-preview:-1"},"canonical":"https:\/\/schoenstatt.com\/pt-pt\/intencao-de-oracao-para-agosto-pelos-lideres-politicos\/","og_locale":"pt_PT","og_type":"article","og_title":"Inten\u00e7\u00e3o de ora\u00e7\u00e3o para agosto: Pelos l\u00edderes pol\u00edticos","og_description":"O desejo do Papa \u00e9 um convite a rezar para que os l\u00edderes pol\u00edticos estejam a servi\u00e7o de seu povo. A pol\u00edtica \u00e9 uma forma de caridade.","og_url":"https:\/\/schoenstatt.com\/pt-pt\/intencao-de-oracao-para-agosto-pelos-lideres-politicos\/","og_site_name":"Schoenstatt","article_published_time":"2024-07-31T12:22:41+00:00","article_modified_time":"2025-05-16T01:19:51+00:00","og_image":[{"width":2048,"height":1288,"url":"https:\/\/schoenstatt.com\/wp-content\/uploads\/2024\/07\/Oracion-oracao-vela-fuego-fire-pray-1.jpg","type":"image\/jpeg"}],"author":"Karen Bueno","twitter_card":"summary_large_image","twitter_misc":{"Escrito por":"Karen Bueno","Tempo estimado de leitura":"3 minutos"},"schema":{"@context":"https:\/\/schema.org","@graph":[{"@type":"Article","@id":"https:\/\/schoenstatt.com\/pt-pt\/intencao-de-oracao-para-agosto-pelos-lideres-politicos\/#article","isPartOf":{"@id":"https:\/\/schoenstatt.com\/pt-pt\/intencao-de-oracao-para-agosto-pelos-lideres-politicos\/"},"author":{"name":"Karen Bueno","@id":"https:\/\/schoenstatt.com\/pt-pt\/#\/schema\/person\/5158877ad4acae98b34daaeef2a1ce6e"},"headline":"Inten\u00e7\u00e3o de ora\u00e7\u00e3o para agosto: Pelos l\u00edderes pol\u00edticos","datePublished":"2024-07-31T12:22:41+00:00","dateModified":"2025-05-16T01:19:51+00:00","mainEntityOfPage":{"@id":"https:\/\/schoenstatt.com\/pt-pt\/intencao-de-oracao-para-agosto-pelos-lideres-politicos\/"},"wordCount":626,"publisher":{"@id":"https:\/\/schoenstatt.com\/pt-pt\/#organization"},"image":{"@id":"https:\/\/schoenstatt.com\/pt-pt\/intencao-de-oracao-para-agosto-pelos-lideres-politicos\/#primaryimage"},"thumbnailUrl":"https:\/\/schoenstatt.com\/wp-content\/uploads\/2024\/07\/Oracion-oracao-vela-fuego-fire-pray-1.jpg","articleSection":["Igreja","Papa Francisco","Sociedade"],"inLanguage":"pt-PT"},{"@type":"WebPage","@id":"https:\/\/schoenstatt.com\/pt-pt\/intencao-de-oracao-para-agosto-pelos-lideres-politicos\/","url":"https:\/\/schoenstatt.com\/pt-pt\/intencao-de-oracao-para-agosto-pelos-lideres-politicos\/","name":"Inten\u00e7\u00e3o de ora\u00e7\u00e3o para agosto: Pelos l\u00edderes pol\u00edticos - Schoenstatt","isPartOf":{"@id":"https:\/\/schoenstatt.com\/pt-pt\/#website"},"primaryImageOfPage":{"@id":"https:\/\/schoenstatt.com\/pt-pt\/intencao-de-oracao-para-agosto-pelos-lideres-politicos\/#primaryimage"},"image":{"@id":"https:\/\/schoenstatt.com\/pt-pt\/intencao-de-oracao-para-agosto-pelos-lideres-politicos\/#primaryimage"},"thumbnailUrl":"https:\/\/schoenstatt.com\/wp-content\/uploads\/2024\/07\/Oracion-oracao-vela-fuego-fire-pray-1.jpg","datePublished":"2024-07-31T12:22:41+00:00","dateModified":"2025-05-16T01:19:51+00:00","description":"O desejo do Papa \u00e9 um convite a rezar para que os l\u00edderes pol\u00edticos estejam a servi\u00e7o de seu povo. A pol\u00edtica \u00e9 uma forma de caridade.","breadcrumb":{"@id":"https:\/\/schoenstatt.com\/pt-pt\/intencao-de-oracao-para-agosto-pelos-lideres-politicos\/#breadcrumb"},"inLanguage":"pt-PT","potentialAction":[{"@type":"ReadAction","target":["https:\/\/schoenstatt.com\/pt-pt\/intencao-de-oracao-para-agosto-pelos-lideres-politicos\/"]}]},{"@type":"ImageObject","inLanguage":"pt-PT","@id":"https:\/\/schoenstatt.com\/pt-pt\/intencao-de-oracao-para-agosto-pelos-lideres-politicos\/#primaryimage","url":"https:\/\/schoenstatt.com\/wp-content\/uploads\/2024\/07\/Oracion-oracao-vela-fuego-fire-pray-1.jpg","contentUrl":"https:\/\/schoenstatt.com\/wp-content\/uploads\/2024\/07\/Oracion-oracao-vela-fuego-fire-pray-1.jpg","width":2048,"height":1288},{"@type":"BreadcrumbList","@id":"https:\/\/schoenstatt.com\/pt-pt\/intencao-de-oracao-para-agosto-pelos-lideres-politicos\/#breadcrumb","itemListElement":[{"@type":"ListItem","position":1,"name":"Portada","item":"https:\/\/schoenstatt.com\/pt-pt\/home\/"},{"@type":"ListItem","position":2,"name":"Inten\u00e7\u00e3o de ora\u00e7\u00e3o para agosto: Pelos l\u00edderes pol\u00edticos"}]},{"@type":"WebSite","@id":"https:\/\/schoenstatt.com\/pt-pt\/#website","url":"https:\/\/schoenstatt.com\/pt-pt\/","name":"Schoenstatt","description":"Apostolic Movement","publisher":{"@id":"https:\/\/schoenstatt.com\/pt-pt\/#organization"},"potentialAction":[{"@type":"SearchAction","target":{"@type":"EntryPoint","urlTemplate":"https:\/\/schoenstatt.com\/pt-pt\/?s={search_term_string}"},"query-input":{"@type":"PropertyValueSpecification","valueRequired":true,"valueName":"search_term_string"}}],"inLanguage":"pt-PT"},{"@type":"Organization","@id":"https:\/\/schoenstatt.com\/pt-pt\/#organization","name":"Schoenstatt","url":"https:\/\/schoenstatt.com\/pt-pt\/","logo":{"@type":"ImageObject","inLanguage":"pt-PT","@id":"https:\/\/schoenstatt.com\/pt-pt\/#\/schema\/logo\/image\/","url":"https:\/\/schoenstatt.com\/wp-content\/uploads\/2025\/04\/logo-schoenstatt-white-696x696-1.png","contentUrl":"https:\/\/schoenstatt.com\/wp-content\/uploads\/2025\/04\/logo-schoenstatt-white-696x696-1.png","width":696,"height":694,"caption":"Schoenstatt"},"image":{"@id":"https:\/\/schoenstatt.com\/pt-pt\/#\/schema\/logo\/image\/"}},{"@type":"Person","@id":"https:\/\/schoenstatt.com\/pt-pt\/#\/schema\/person\/5158877ad4acae98b34daaeef2a1ce6e","name":"Karen Bueno","image":{"@type":"ImageObject","inLanguage":"pt-PT","@id":"https:\/\/secure.gravatar.com\/avatar\/f9f4b823873154269d2b2130f195f6d41037dd0d7fc5f3cacb5c846bae70d66b?s=96&d=mm&r=g","url":"https:\/\/secure.gravatar.com\/avatar\/f9f4b823873154269d2b2130f195f6d41037dd0d7fc5f3cacb5c846bae70d66b?s=96&d=mm&r=g","contentUrl":"https:\/\/secure.gravatar.com\/avatar\/f9f4b823873154269d2b2130f195f6d41037dd0d7fc5f3cacb5c846bae70d66b?s=96&d=mm&r=g","caption":"Karen Bueno"},"url":"https:\/\/schoenstatt.com\/pt-pt\/author\/karen-bueno\/"}]}},"_links":{"self":[{"href":"https:\/\/schoenstatt.com\/pt-pt\/wp-json\/wp\/v2\/posts\/40437","targetHints":{"allow":["GET"]}}],"collection":[{"href":"https:\/\/schoenstatt.com\/pt-pt\/wp-json\/wp\/v2\/posts"}],"about":[{"href":"https:\/\/schoenstatt.com\/pt-pt\/wp-json\/wp\/v2\/types\/post"}],"author":[{"embeddable":true,"href":"https:\/\/schoenstatt.com\/pt-pt\/wp-json\/wp\/v2\/users\/3"}],"replies":[{"embeddable":true,"href":"https:\/\/schoenstatt.com\/pt-pt\/wp-json\/wp\/v2\/comments?post=40437"}],"version-history":[{"count":1,"href":"https:\/\/schoenstatt.com\/pt-pt\/wp-json\/wp\/v2\/posts\/40437\/revisions"}],"predecessor-version":[{"id":46922,"href":"https:\/\/schoenstatt.com\/pt-pt\/wp-json\/wp\/v2\/posts\/40437\/revisions\/46922"}],"wp:featuredmedia":[{"embeddable":true,"href":"https:\/\/schoenstatt.com\/pt-pt\/wp-json\/wp\/v2\/media\/40433"}],"wp:attachment":[{"href":"https:\/\/schoenstatt.com\/pt-pt\/wp-json\/wp\/v2\/media?parent=40437"}],"wp:term":[{"taxonomy":"category","embeddable":true,"href":"https:\/\/schoenstatt.com\/pt-pt\/wp-json\/wp\/v2\/categories?post=40437"},{"taxonomy":"post_tag","embeddable":true,"href":"https:\/\/schoenstatt.com\/pt-pt\/wp-json\/wp\/v2\/tags?post=40437"}],"curies":[{"name":"wp","href":"https:\/\/api.w.org\/{rel}","templated":true}]}}