{"id":40405,"date":"2024-07-28T03:46:00","date_gmt":"2024-07-28T01:46:00","guid":{"rendered":"https:\/\/schoenstatt.com\/?p=40405"},"modified":"2025-05-16T02:50:56","modified_gmt":"2025-05-16T00:50:56","slug":"uma-missao-especial-para-hoje-ir-ao-encontro-dos-idosos","status":"publish","type":"post","link":"https:\/\/schoenstatt.com\/pt-pt\/uma-missao-especial-para-hoje-ir-ao-encontro-dos-idosos\/","title":{"rendered":"Uma miss\u00e3o especial para hoje: Ir ao encontro dos idosos"},"content":{"rendered":"\n<p>Se hoje n\u00f3s te convidarmos a pensar em uma pessoa idosa que se encontra vivendo sozinha, provavelmente n\u00e3o ser\u00e1 dif\u00edcil lembrar-se de algu\u00e9m. Pelo mundo todo h\u00e1 idosos isolados e, muitas vezes, sem os cuidados de um respons\u00e1vel pr\u00f3ximo. Isso vai de encontro ao n\u00facleo da <a href=\"https:\/\/www.vatican.va\/content\/francesco\/pt\/messages\/nonni\/documents\/20240425-messaggio-nonni-anziani.html\" target=\"_blank\" rel=\"noreferrer noopener\">mensagem do Papa Francisco para esse Dia Mundial dos Av\u00f3s e Idosos<\/a>: <strong>\u00abNa velhice, n\u00e3o me abandones\u00bb<\/strong> (Sal 71, 9), celebrado neste domingo, 28 de julho de 2024.<\/p>\n\n\n\n<p>\u00c0 luz da Alian\u00e7a de Amor, somos desafiados a ir ao encontro dos mais velhos e oferecer carinho, aten\u00e7\u00e3o e solidariedade.<\/p>\n\n\n\n<p><strong>Mas, como fazer isso? Quando? Onde?<\/strong> Das ideias \u00e0 pr\u00e1tica, <strong>vamos aprender um pouco com nossos irm\u00e3os schoenstattianos de Burundi, na \u00c1frica.<\/strong> Eles nos contam suas experi\u00eancias concretas e como podemos ajudar os av\u00f3s e idosos.<\/p>\n\n\n\n<h2 class=\"wp-block-heading\" id=\"h-doacoes-e-visitas-a-asilos\"><strong>Doa\u00e7\u00f5es e visitas a asilos<\/strong><\/h2>\n\n\n\n<figure class=\"wp-block-image size-large\"><img decoding=\"async\" src=\"https:\/\/schoenstatt.com\/wp-content\/uploads\/2024\/07\/juventud-youth-jugend-burundi-3-1024x788.jpg\" alt=\"\" class=\"wp-image-40387\"\/><\/figure>\n\n\n\n<p>O grupo \u201cHumildes mensageiras da MTA\u201d, formado por universit\u00e1rias da <a href=\"https:\/\/schoenstatt.com\/pt-pt\/em-comunidade\/woman\/juventude-feminina\/\">Juventude Feminina de Schoenstatt<\/a>, decidiu economizar para ajudar um lar de idosas. As meninas da Jufem levaram roupas, a\u00e7\u00facar, sabonetes e pomadas para cada uma das 15 idosas do abrigo.<\/p>\n\n\n\n<p><em>\u201cFoi uma grande alegria para essas mulheres que n\u00e3o t\u00eam mais pessoas para ajud\u00e1-las, mas que encontraram crist\u00e3os que as reuniram e ofereceram acomoda\u00e7\u00e3o. Elas nos agradeceram com m\u00fasica e com dan\u00e7as\u201d<\/em>, conta a assessora, Ir. M. Fran\u00e7oise Nimubona.<\/p>\n\n\n\n<h2 class=\"wp-block-heading\" id=\"h-olhar-ao-redor-para-aqueles-que-precisam\"><strong>Olhar ao redor para aqueles que precisam<\/strong><\/h2>\n\n\n\n<figure class=\"wp-block-image size-large\"><img decoding=\"async\" src=\"https:\/\/schoenstatt.com\/wp-content\/uploads\/2024\/07\/estudantes-escola-comercial-burundi-1024x768.jpg\" alt=\"\" class=\"wp-image-40391\"\/><figcaption class=\"wp-element-caption\">Estudantes em frente ao Santu\u00e1rio de Mutumba<\/figcaption><\/figure>\n\n\n\n<p>Era um s\u00e1bado quando as alunas da Escola Comercial Secund\u00e1ria, de Mutumba, viram uma senhora de 85 anos coletando lenha para cozinhar. Ela mal conseguia andar. As estudantes se solidarizaram e pediram permiss\u00e3o para visit\u00e1-la e levar-lhe mais lenha. Elas mesmas buscaram a madeira e conseguiram sab\u00e3o para doar \u00e0 mulher.<\/p>\n\n\n\n<p><em>\u201cAs alunas v\u00eam com frequ\u00eancia ao Santu\u00e1rio e elas tamb\u00e9m organizam boas atividades para ajudar as pessoas da regi\u00e3o\u201d<\/em>, detalha a Ir. M. Evelyne Mukeramana, respons\u00e1vel pelo internato da Escola Comercial.<\/p>\n\n\n\n<h2 class=\"wp-block-heading\" id=\"h-visitas-a-casa-daqueles-que-necessitam\"><strong>Visitas \u00e0 casa daqueles que necessitam<\/strong><\/h2>\n\n\n\n<p>Em Mutumba, um senhor idoso sempre aparece pedindo ajuda. Foi quando ele conheceu o grupo de jovens e crian\u00e7as de Schoenstatt.<\/p>\n\n\n\n<p>O grupo o acompanhou e ele apresentou o lugar onde morava: um pequeno quarto de apenas um c\u00f4modo. Em um canto, esse senhor colocou tijolos e cobriu com len\u00e7\u00f3is velhos e rasgados \u2013 era sua cama. O telhado de zinco estava cheio de buracos. Ele explicou que, durante as chuvas, se levantava e ficava encostado na parede, porque a \u00e1gua entrava por todos os lados. O homem possu\u00eda apenas uma panela, que colocava sobre tr\u00eas pedras para cozinhar com carv\u00e3o.<\/p>\n\n\n\n<p><em>\u201cIsso nos mostrou que h\u00e1 pessoas que vivem em uma pobreza muito grande. Quando voltamos \u00e0 comunidade, conversamos sobre o que hav\u00edamos visto e vivenciado. Pensamos no que poder\u00edamos fazer. Como era a esta\u00e7\u00e3o das chuvas, era urgente fazer algo para impedir que chovesse em sua casa, para que ele pudesse pelo menos dormir. Conseguimos uma lona pl\u00e1stica para cobrir e manter a casa seca. Ele tamb\u00e9m recebeu alimentos, pelos quais ficou muito agradecido\u201d<\/em>, conta a Ir. M. Aline Kwizera.<\/p>\n\n\n\n<h2 class=\"wp-block-heading\" id=\"h-rezar-com-os-idosos\"><strong>Rezar com os idosos<\/strong><\/h2>\n\n\n\n<figure class=\"wp-block-image size-large is-resized\"><img decoding=\"async\" src=\"https:\/\/schoenstatt.com\/wp-content\/uploads\/2024\/07\/ermida-burundi-813x1024.jpg\" alt=\"\" class=\"wp-image-40395\" style=\"width:556px;height:auto\"\/><\/figure>\n\n\n\n<p>Cultivar a vida espiritual tamb\u00e9m pode causar alegria aos mais velhos. As <a href=\"https:\/\/schoenstatt.com\/pt-pt\/em-comunidade\/woman\/irmas-de-maria\/\">Irm\u00e3s de Maria<\/a> estavam viajando por Muyinga quando encontraram uma senhora idosa. A conversa se desenvolveu com alegria e elas tiveram um momento de ora\u00e7\u00e3o em comum.<\/p>\n\n\n\n<p>A Ir. M. Lisette Seitzer recorda:<em> \u201cEla estava feliz por conhecer a n\u00f3s, Irm\u00e3s. Ela nos contou que foi batizada, quando crian\u00e7a, por mission\u00e1rios africanos. Essa mulher estava muito feliz por poder falar e compartilhar suas hist\u00f3rias. Em seguida, a Ir. M. Yvonne Niragira a levou para a nossa <a href=\"https:\/\/schoenstatt.com\/pt-pt\/sobre-schoenstatt\/santuario\/\">ermida<\/a> em Muyinga e rezou com ela. Ela partiu espalhando paz e alegria. Muitas vezes, o simples fato de ouvir pode deixar os outros muito felizes\u201d.<\/em><\/p>\n\n\n\n<h2 class=\"wp-block-heading\" id=\"h-chegou-a-nossa-vez\"><strong>Chegou a nossa vez<\/strong><\/h2>\n\n\n\n<p>Nesse Dia Mundial dos Av\u00f3s e Idosos, esses exemplos surgem como uma inspira\u00e7\u00e3o para irmos ao encontro das pessoas mais velhas, sejam elas da nossa fam\u00edlia ou aqueles que precisam de uma aten\u00e7\u00e3o especial. Essa troca de experi\u00eancias pode ser muito valiosa para todos, aproveite essa chance!<\/p>\n\n\n\n<figure class=\"wp-block-image size-large\"><img decoding=\"async\" src=\"https:\/\/schoenstatt.com\/wp-content\/uploads\/2024\/07\/juventud-youth-jugend-burundi-2-1024x952.jpg\" alt=\"\" class=\"wp-image-40399\"\/><\/figure>\n","protected":false},"excerpt":{"rendered":"<p>Hoje \u00e9 o Dia Mundial dos Av\u00f3s e Idosos e nossos irm\u00e3os schoenstattianos de Burundi compartilham suas experi\u00eancias pr\u00e1ticas.<\/p>\n","protected":false},"author":3,"featured_media":40401,"comment_status":"closed","ping_status":"closed","sticky":false,"template":"","format":"standard","meta":{"footnotes":""},"categories":[862,608,912],"tags":[],"class_list":["post-40405","post","type-post","status-publish","format-standard","has-post-thumbnail","hentry","category-africa-pt-pt","category-igreja-pt-pt","category-sociedade-pt-pt"],"yoast_head":"<!-- This site is optimized with the Yoast SEO Premium plugin v27.4 (Yoast SEO v27.4) - https:\/\/yoast.com\/product\/yoast-seo-premium-wordpress\/ -->\n<title>Uma miss\u00e3o especial para hoje: Ir ao encontro dos idosos - Schoenstatt<\/title>\n<meta name=\"description\" content=\"Hoje \u00e9 o Dia Mundial dos Av\u00f3s e Idosos e nossos irm\u00e3os schoenstattianos de Burundi compartilham suas experi\u00eancias pr\u00e1ticas.\" \/>\n<meta name=\"robots\" content=\"index, follow, max-snippet:-1, max-image-preview:large, max-video-preview:-1\" \/>\n<link rel=\"canonical\" href=\"https:\/\/schoenstatt.com\/pt-pt\/uma-missao-especial-para-hoje-ir-ao-encontro-dos-idosos\/\" \/>\n<meta property=\"og:locale\" content=\"pt_PT\" \/>\n<meta property=\"og:type\" content=\"article\" \/>\n<meta property=\"og:title\" content=\"Uma miss\u00e3o especial para hoje: Ir ao encontro dos idosos\" \/>\n<meta property=\"og:description\" content=\"Hoje \u00e9 o Dia Mundial dos Av\u00f3s e Idosos e nossos irm\u00e3os schoenstattianos de Burundi compartilham suas experi\u00eancias pr\u00e1ticas.\" \/>\n<meta property=\"og:url\" content=\"https:\/\/schoenstatt.com\/pt-pt\/uma-missao-especial-para-hoje-ir-ao-encontro-dos-idosos\/\" \/>\n<meta property=\"og:site_name\" content=\"Schoenstatt\" \/>\n<meta property=\"article:published_time\" content=\"2024-07-28T01:46:00+00:00\" \/>\n<meta property=\"article:modified_time\" content=\"2025-05-16T00:50:56+00:00\" \/>\n<meta property=\"og:image\" content=\"https:\/\/schoenstatt.com\/wp-content\/uploads\/2024\/07\/juventud-youth-jugend-burundi-4-1.jpg\" \/>\n\t<meta property=\"og:image:width\" content=\"2048\" \/>\n\t<meta property=\"og:image:height\" content=\"1202\" \/>\n\t<meta property=\"og:image:type\" content=\"image\/jpeg\" \/>\n<meta name=\"author\" content=\"Karen Bueno\" \/>\n<meta name=\"twitter:card\" content=\"summary_large_image\" \/>\n<meta name=\"twitter:label1\" content=\"Escrito por\" \/>\n\t<meta name=\"twitter:data1\" content=\"Karen Bueno\" \/>\n\t<meta name=\"twitter:label2\" content=\"Tempo estimado de leitura\" \/>\n\t<meta name=\"twitter:data2\" content=\"4 minutos\" \/>\n<script type=\"application\/ld+json\" class=\"yoast-schema-graph\">{\"@context\":\"https:\\\/\\\/schema.org\",\"@graph\":[{\"@type\":\"Article\",\"@id\":\"https:\\\/\\\/schoenstatt.com\\\/pt-pt\\\/uma-missao-especial-para-hoje-ir-ao-encontro-dos-idosos\\\/#article\",\"isPartOf\":{\"@id\":\"https:\\\/\\\/schoenstatt.com\\\/pt-pt\\\/uma-missao-especial-para-hoje-ir-ao-encontro-dos-idosos\\\/\"},\"author\":{\"name\":\"Karen Bueno\",\"@id\":\"https:\\\/\\\/schoenstatt.com\\\/pt-pt\\\/#\\\/schema\\\/person\\\/5158877ad4acae98b34daaeef2a1ce6e\"},\"headline\":\"Uma miss\u00e3o especial para hoje: Ir ao encontro dos idosos\",\"datePublished\":\"2024-07-28T01:46:00+00:00\",\"dateModified\":\"2025-05-16T00:50:56+00:00\",\"mainEntityOfPage\":{\"@id\":\"https:\\\/\\\/schoenstatt.com\\\/pt-pt\\\/uma-missao-especial-para-hoje-ir-ao-encontro-dos-idosos\\\/\"},\"wordCount\":728,\"publisher\":{\"@id\":\"https:\\\/\\\/schoenstatt.com\\\/pt-pt\\\/#organization\"},\"image\":{\"@id\":\"https:\\\/\\\/schoenstatt.com\\\/pt-pt\\\/uma-missao-especial-para-hoje-ir-ao-encontro-dos-idosos\\\/#primaryimage\"},\"thumbnailUrl\":\"https:\\\/\\\/schoenstatt.com\\\/wp-content\\\/uploads\\\/2024\\\/07\\\/juventud-youth-jugend-burundi-4-1.jpg\",\"articleSection\":[\"\u00c1frica\",\"Igreja\",\"Sociedade\"],\"inLanguage\":\"pt-PT\"},{\"@type\":\"WebPage\",\"@id\":\"https:\\\/\\\/schoenstatt.com\\\/pt-pt\\\/uma-missao-especial-para-hoje-ir-ao-encontro-dos-idosos\\\/\",\"url\":\"https:\\\/\\\/schoenstatt.com\\\/pt-pt\\\/uma-missao-especial-para-hoje-ir-ao-encontro-dos-idosos\\\/\",\"name\":\"Uma miss\u00e3o especial para hoje: Ir ao encontro dos idosos - Schoenstatt\",\"isPartOf\":{\"@id\":\"https:\\\/\\\/schoenstatt.com\\\/pt-pt\\\/#website\"},\"primaryImageOfPage\":{\"@id\":\"https:\\\/\\\/schoenstatt.com\\\/pt-pt\\\/uma-missao-especial-para-hoje-ir-ao-encontro-dos-idosos\\\/#primaryimage\"},\"image\":{\"@id\":\"https:\\\/\\\/schoenstatt.com\\\/pt-pt\\\/uma-missao-especial-para-hoje-ir-ao-encontro-dos-idosos\\\/#primaryimage\"},\"thumbnailUrl\":\"https:\\\/\\\/schoenstatt.com\\\/wp-content\\\/uploads\\\/2024\\\/07\\\/juventud-youth-jugend-burundi-4-1.jpg\",\"datePublished\":\"2024-07-28T01:46:00+00:00\",\"dateModified\":\"2025-05-16T00:50:56+00:00\",\"description\":\"Hoje \u00e9 o Dia Mundial dos Av\u00f3s e Idosos e nossos irm\u00e3os schoenstattianos de Burundi compartilham suas experi\u00eancias pr\u00e1ticas.\",\"breadcrumb\":{\"@id\":\"https:\\\/\\\/schoenstatt.com\\\/pt-pt\\\/uma-missao-especial-para-hoje-ir-ao-encontro-dos-idosos\\\/#breadcrumb\"},\"inLanguage\":\"pt-PT\",\"potentialAction\":[{\"@type\":\"ReadAction\",\"target\":[\"https:\\\/\\\/schoenstatt.com\\\/pt-pt\\\/uma-missao-especial-para-hoje-ir-ao-encontro-dos-idosos\\\/\"]}]},{\"@type\":\"ImageObject\",\"inLanguage\":\"pt-PT\",\"@id\":\"https:\\\/\\\/schoenstatt.com\\\/pt-pt\\\/uma-missao-especial-para-hoje-ir-ao-encontro-dos-idosos\\\/#primaryimage\",\"url\":\"https:\\\/\\\/schoenstatt.com\\\/wp-content\\\/uploads\\\/2024\\\/07\\\/juventud-youth-jugend-burundi-4-1.jpg\",\"contentUrl\":\"https:\\\/\\\/schoenstatt.com\\\/wp-content\\\/uploads\\\/2024\\\/07\\\/juventud-youth-jugend-burundi-4-1.jpg\",\"width\":2048,\"height\":1202},{\"@type\":\"BreadcrumbList\",\"@id\":\"https:\\\/\\\/schoenstatt.com\\\/pt-pt\\\/uma-missao-especial-para-hoje-ir-ao-encontro-dos-idosos\\\/#breadcrumb\",\"itemListElement\":[{\"@type\":\"ListItem\",\"position\":1,\"name\":\"Portada\",\"item\":\"https:\\\/\\\/schoenstatt.com\\\/pt-pt\\\/home\\\/\"},{\"@type\":\"ListItem\",\"position\":2,\"name\":\"Uma miss\u00e3o especial para hoje: Ir ao encontro dos idosos\"}]},{\"@type\":\"WebSite\",\"@id\":\"https:\\\/\\\/schoenstatt.com\\\/pt-pt\\\/#website\",\"url\":\"https:\\\/\\\/schoenstatt.com\\\/pt-pt\\\/\",\"name\":\"Schoenstatt\",\"description\":\"Apostolic Movement\",\"publisher\":{\"@id\":\"https:\\\/\\\/schoenstatt.com\\\/pt-pt\\\/#organization\"},\"potentialAction\":[{\"@type\":\"SearchAction\",\"target\":{\"@type\":\"EntryPoint\",\"urlTemplate\":\"https:\\\/\\\/schoenstatt.com\\\/pt-pt\\\/?s={search_term_string}\"},\"query-input\":{\"@type\":\"PropertyValueSpecification\",\"valueRequired\":true,\"valueName\":\"search_term_string\"}}],\"inLanguage\":\"pt-PT\"},{\"@type\":\"Organization\",\"@id\":\"https:\\\/\\\/schoenstatt.com\\\/pt-pt\\\/#organization\",\"name\":\"Schoenstatt\",\"url\":\"https:\\\/\\\/schoenstatt.com\\\/pt-pt\\\/\",\"logo\":{\"@type\":\"ImageObject\",\"inLanguage\":\"pt-PT\",\"@id\":\"https:\\\/\\\/schoenstatt.com\\\/pt-pt\\\/#\\\/schema\\\/logo\\\/image\\\/\",\"url\":\"https:\\\/\\\/schoenstatt.com\\\/wp-content\\\/uploads\\\/2025\\\/04\\\/logo-schoenstatt-white-696x696-1.png\",\"contentUrl\":\"https:\\\/\\\/schoenstatt.com\\\/wp-content\\\/uploads\\\/2025\\\/04\\\/logo-schoenstatt-white-696x696-1.png\",\"width\":696,\"height\":694,\"caption\":\"Schoenstatt\"},\"image\":{\"@id\":\"https:\\\/\\\/schoenstatt.com\\\/pt-pt\\\/#\\\/schema\\\/logo\\\/image\\\/\"}},{\"@type\":\"Person\",\"@id\":\"https:\\\/\\\/schoenstatt.com\\\/pt-pt\\\/#\\\/schema\\\/person\\\/5158877ad4acae98b34daaeef2a1ce6e\",\"name\":\"Karen Bueno\",\"image\":{\"@type\":\"ImageObject\",\"inLanguage\":\"pt-PT\",\"@id\":\"https:\\\/\\\/secure.gravatar.com\\\/avatar\\\/f9f4b823873154269d2b2130f195f6d41037dd0d7fc5f3cacb5c846bae70d66b?s=96&d=mm&r=g\",\"url\":\"https:\\\/\\\/secure.gravatar.com\\\/avatar\\\/f9f4b823873154269d2b2130f195f6d41037dd0d7fc5f3cacb5c846bae70d66b?s=96&d=mm&r=g\",\"contentUrl\":\"https:\\\/\\\/secure.gravatar.com\\\/avatar\\\/f9f4b823873154269d2b2130f195f6d41037dd0d7fc5f3cacb5c846bae70d66b?s=96&d=mm&r=g\",\"caption\":\"Karen Bueno\"},\"url\":\"https:\\\/\\\/schoenstatt.com\\\/pt-pt\\\/author\\\/karen-bueno\\\/\"}]}<\/script>\n<!-- \/ Yoast SEO Premium plugin. -->","yoast_head_json":{"title":"Uma miss\u00e3o especial para hoje: Ir ao encontro dos idosos - Schoenstatt","description":"Hoje \u00e9 o Dia Mundial dos Av\u00f3s e Idosos e nossos irm\u00e3os schoenstattianos de Burundi compartilham suas experi\u00eancias pr\u00e1ticas.","robots":{"index":"index","follow":"follow","max-snippet":"max-snippet:-1","max-image-preview":"max-image-preview:large","max-video-preview":"max-video-preview:-1"},"canonical":"https:\/\/schoenstatt.com\/pt-pt\/uma-missao-especial-para-hoje-ir-ao-encontro-dos-idosos\/","og_locale":"pt_PT","og_type":"article","og_title":"Uma miss\u00e3o especial para hoje: Ir ao encontro dos idosos","og_description":"Hoje \u00e9 o Dia Mundial dos Av\u00f3s e Idosos e nossos irm\u00e3os schoenstattianos de Burundi compartilham suas experi\u00eancias pr\u00e1ticas.","og_url":"https:\/\/schoenstatt.com\/pt-pt\/uma-missao-especial-para-hoje-ir-ao-encontro-dos-idosos\/","og_site_name":"Schoenstatt","article_published_time":"2024-07-28T01:46:00+00:00","article_modified_time":"2025-05-16T00:50:56+00:00","og_image":[{"width":2048,"height":1202,"url":"https:\/\/schoenstatt.com\/wp-content\/uploads\/2024\/07\/juventud-youth-jugend-burundi-4-1.jpg","type":"image\/jpeg"}],"author":"Karen Bueno","twitter_card":"summary_large_image","twitter_misc":{"Escrito por":"Karen Bueno","Tempo estimado de leitura":"4 minutos"},"schema":{"@context":"https:\/\/schema.org","@graph":[{"@type":"Article","@id":"https:\/\/schoenstatt.com\/pt-pt\/uma-missao-especial-para-hoje-ir-ao-encontro-dos-idosos\/#article","isPartOf":{"@id":"https:\/\/schoenstatt.com\/pt-pt\/uma-missao-especial-para-hoje-ir-ao-encontro-dos-idosos\/"},"author":{"name":"Karen Bueno","@id":"https:\/\/schoenstatt.com\/pt-pt\/#\/schema\/person\/5158877ad4acae98b34daaeef2a1ce6e"},"headline":"Uma miss\u00e3o especial para hoje: Ir ao encontro dos idosos","datePublished":"2024-07-28T01:46:00+00:00","dateModified":"2025-05-16T00:50:56+00:00","mainEntityOfPage":{"@id":"https:\/\/schoenstatt.com\/pt-pt\/uma-missao-especial-para-hoje-ir-ao-encontro-dos-idosos\/"},"wordCount":728,"publisher":{"@id":"https:\/\/schoenstatt.com\/pt-pt\/#organization"},"image":{"@id":"https:\/\/schoenstatt.com\/pt-pt\/uma-missao-especial-para-hoje-ir-ao-encontro-dos-idosos\/#primaryimage"},"thumbnailUrl":"https:\/\/schoenstatt.com\/wp-content\/uploads\/2024\/07\/juventud-youth-jugend-burundi-4-1.jpg","articleSection":["\u00c1frica","Igreja","Sociedade"],"inLanguage":"pt-PT"},{"@type":"WebPage","@id":"https:\/\/schoenstatt.com\/pt-pt\/uma-missao-especial-para-hoje-ir-ao-encontro-dos-idosos\/","url":"https:\/\/schoenstatt.com\/pt-pt\/uma-missao-especial-para-hoje-ir-ao-encontro-dos-idosos\/","name":"Uma miss\u00e3o especial para hoje: Ir ao encontro dos idosos - Schoenstatt","isPartOf":{"@id":"https:\/\/schoenstatt.com\/pt-pt\/#website"},"primaryImageOfPage":{"@id":"https:\/\/schoenstatt.com\/pt-pt\/uma-missao-especial-para-hoje-ir-ao-encontro-dos-idosos\/#primaryimage"},"image":{"@id":"https:\/\/schoenstatt.com\/pt-pt\/uma-missao-especial-para-hoje-ir-ao-encontro-dos-idosos\/#primaryimage"},"thumbnailUrl":"https:\/\/schoenstatt.com\/wp-content\/uploads\/2024\/07\/juventud-youth-jugend-burundi-4-1.jpg","datePublished":"2024-07-28T01:46:00+00:00","dateModified":"2025-05-16T00:50:56+00:00","description":"Hoje \u00e9 o Dia Mundial dos Av\u00f3s e Idosos e nossos irm\u00e3os schoenstattianos de Burundi compartilham suas experi\u00eancias pr\u00e1ticas.","breadcrumb":{"@id":"https:\/\/schoenstatt.com\/pt-pt\/uma-missao-especial-para-hoje-ir-ao-encontro-dos-idosos\/#breadcrumb"},"inLanguage":"pt-PT","potentialAction":[{"@type":"ReadAction","target":["https:\/\/schoenstatt.com\/pt-pt\/uma-missao-especial-para-hoje-ir-ao-encontro-dos-idosos\/"]}]},{"@type":"ImageObject","inLanguage":"pt-PT","@id":"https:\/\/schoenstatt.com\/pt-pt\/uma-missao-especial-para-hoje-ir-ao-encontro-dos-idosos\/#primaryimage","url":"https:\/\/schoenstatt.com\/wp-content\/uploads\/2024\/07\/juventud-youth-jugend-burundi-4-1.jpg","contentUrl":"https:\/\/schoenstatt.com\/wp-content\/uploads\/2024\/07\/juventud-youth-jugend-burundi-4-1.jpg","width":2048,"height":1202},{"@type":"BreadcrumbList","@id":"https:\/\/schoenstatt.com\/pt-pt\/uma-missao-especial-para-hoje-ir-ao-encontro-dos-idosos\/#breadcrumb","itemListElement":[{"@type":"ListItem","position":1,"name":"Portada","item":"https:\/\/schoenstatt.com\/pt-pt\/home\/"},{"@type":"ListItem","position":2,"name":"Uma miss\u00e3o especial para hoje: Ir ao encontro dos idosos"}]},{"@type":"WebSite","@id":"https:\/\/schoenstatt.com\/pt-pt\/#website","url":"https:\/\/schoenstatt.com\/pt-pt\/","name":"Schoenstatt","description":"Apostolic Movement","publisher":{"@id":"https:\/\/schoenstatt.com\/pt-pt\/#organization"},"potentialAction":[{"@type":"SearchAction","target":{"@type":"EntryPoint","urlTemplate":"https:\/\/schoenstatt.com\/pt-pt\/?s={search_term_string}"},"query-input":{"@type":"PropertyValueSpecification","valueRequired":true,"valueName":"search_term_string"}}],"inLanguage":"pt-PT"},{"@type":"Organization","@id":"https:\/\/schoenstatt.com\/pt-pt\/#organization","name":"Schoenstatt","url":"https:\/\/schoenstatt.com\/pt-pt\/","logo":{"@type":"ImageObject","inLanguage":"pt-PT","@id":"https:\/\/schoenstatt.com\/pt-pt\/#\/schema\/logo\/image\/","url":"https:\/\/schoenstatt.com\/wp-content\/uploads\/2025\/04\/logo-schoenstatt-white-696x696-1.png","contentUrl":"https:\/\/schoenstatt.com\/wp-content\/uploads\/2025\/04\/logo-schoenstatt-white-696x696-1.png","width":696,"height":694,"caption":"Schoenstatt"},"image":{"@id":"https:\/\/schoenstatt.com\/pt-pt\/#\/schema\/logo\/image\/"}},{"@type":"Person","@id":"https:\/\/schoenstatt.com\/pt-pt\/#\/schema\/person\/5158877ad4acae98b34daaeef2a1ce6e","name":"Karen Bueno","image":{"@type":"ImageObject","inLanguage":"pt-PT","@id":"https:\/\/secure.gravatar.com\/avatar\/f9f4b823873154269d2b2130f195f6d41037dd0d7fc5f3cacb5c846bae70d66b?s=96&d=mm&r=g","url":"https:\/\/secure.gravatar.com\/avatar\/f9f4b823873154269d2b2130f195f6d41037dd0d7fc5f3cacb5c846bae70d66b?s=96&d=mm&r=g","contentUrl":"https:\/\/secure.gravatar.com\/avatar\/f9f4b823873154269d2b2130f195f6d41037dd0d7fc5f3cacb5c846bae70d66b?s=96&d=mm&r=g","caption":"Karen Bueno"},"url":"https:\/\/schoenstatt.com\/pt-pt\/author\/karen-bueno\/"}]}},"_links":{"self":[{"href":"https:\/\/schoenstatt.com\/pt-pt\/wp-json\/wp\/v2\/posts\/40405","targetHints":{"allow":["GET"]}}],"collection":[{"href":"https:\/\/schoenstatt.com\/pt-pt\/wp-json\/wp\/v2\/posts"}],"about":[{"href":"https:\/\/schoenstatt.com\/pt-pt\/wp-json\/wp\/v2\/types\/post"}],"author":[{"embeddable":true,"href":"https:\/\/schoenstatt.com\/pt-pt\/wp-json\/wp\/v2\/users\/3"}],"replies":[{"embeddable":true,"href":"https:\/\/schoenstatt.com\/pt-pt\/wp-json\/wp\/v2\/comments?post=40405"}],"version-history":[{"count":1,"href":"https:\/\/schoenstatt.com\/pt-pt\/wp-json\/wp\/v2\/posts\/40405\/revisions"}],"predecessor-version":[{"id":46918,"href":"https:\/\/schoenstatt.com\/pt-pt\/wp-json\/wp\/v2\/posts\/40405\/revisions\/46918"}],"wp:featuredmedia":[{"embeddable":true,"href":"https:\/\/schoenstatt.com\/pt-pt\/wp-json\/wp\/v2\/media\/40401"}],"wp:attachment":[{"href":"https:\/\/schoenstatt.com\/pt-pt\/wp-json\/wp\/v2\/media?parent=40405"}],"wp:term":[{"taxonomy":"category","embeddable":true,"href":"https:\/\/schoenstatt.com\/pt-pt\/wp-json\/wp\/v2\/categories?post=40405"},{"taxonomy":"post_tag","embeddable":true,"href":"https:\/\/schoenstatt.com\/pt-pt\/wp-json\/wp\/v2\/tags?post=40405"}],"curies":[{"name":"wp","href":"https:\/\/api.w.org\/{rel}","templated":true}]}}