{"id":40353,"date":"2024-07-24T04:31:00","date_gmt":"2024-07-24T02:31:00","guid":{"rendered":"https:\/\/schoenstatt.com\/?p=40353"},"modified":"2025-05-16T01:17:54","modified_gmt":"2025-05-15T23:17:54","slug":"o-santuario-de-roma-belmonte-recebe-indulgencia-plenaria-para-o-ano-santo","status":"publish","type":"post","link":"https:\/\/schoenstatt.com\/pt-pt\/o-santuario-de-roma-belmonte-recebe-indulgencia-plenaria-para-o-ano-santo\/","title":{"rendered":"O Santu\u00e1rio de Roma-Belmonte recebe indulg\u00eancia plen\u00e1ria para o Ano Santo"},"content":{"rendered":"\n<p>O Centro Internacional de Schoenstatt de Roma-Belmonte, recebeu uma not\u00edcia de grande alegria para toda a Fam\u00edlia de Schoenstatt. O Santo Padre, por meio da Penitenci\u00e1ria Apost\u00f3lica, concedeu a gra\u00e7a da indulg\u00eancia plen\u00e1ria a todos os peregrinos que visitarem o Santu\u00e1rio Matri Ecclesiae no contexto do Ano Santo.<\/p>\n\n\n\n<p>A concess\u00e3o da indulg\u00eancia vai de 6 de setembro de 2024 (pr\u00f3ximo \u00e0 data de anivers\u00e1rio do Santu\u00e1rio, que vai completar 20 anos) at\u00e9 o dia 8 de dezembro de 2025, Solenidade da Imaculada Concei\u00e7\u00e3o.<\/p>\n\n\n\n<h2 class=\"wp-block-heading\" id=\"h-um-especial-ano-jubilar\"><strong>Um especial ano jubilar<\/strong><\/h2>\n\n\n\n<p>2025 ser\u00e1 um ano especial de peregrina\u00e7\u00e3o a Roma, pois, al\u00e9m das celebra\u00e7\u00f5es do Ano Santo da Igreja, a Fam\u00edlia Internacional de Schoenstatt vai coroar a M\u00e3e de Deus no Santu\u00e1rio de Belmonte (<a href=\"https:\/\/schoenstatt.com\/pt-pt\/belmonte-comeca-a-preparacao-concreta-para-a-coroacao-internacional-de-2025\/\">saiba mais aqui<\/a>).<\/p>\n\n\n\n<p>A MTA de Schoenstatt ser\u00e1 coroada como \u201cRainha M\u00e3e da Igreja\u201d no dia 9 de junho, na segunda-feira p\u00f3s-Pentecostes, que \u00e9 a Festa de Maria, M\u00e3e da Igreja. O evento ser\u00e1 realizado no contexto do Jubileu dos Movimentos, no Ano Santo de 2025.<\/p>\n\n\n\n<h2 class=\"wp-block-heading\" id=\"h-o-que-e-a-indulgencia-plenaria\"><strong>O que \u00e9 a indulg\u00eancia plen\u00e1ria?<\/strong><\/h2>\n\n\n\n<p>O Manual das Indulg\u00eancias explica que: \u201cIndulg\u00eancia \u00e9 a remiss\u00e3o, diante de Deus, da pena temporal devida aos pecados j\u00e1 perdoados quanto \u00e0 culpa, que o fiel, devidamente disposto e em certas e determinadas condi\u00e7\u00f5es, alcan\u00e7a por meio da Igreja, a qual, como dispensadora da reden\u00e7\u00e3o, distribui e aplica, com autoridade, o tesouro das satisfa\u00e7\u00f5es de Cristo e dos Santos\u201d (Norma 1 do Manual das Indulg\u00eancias, 1967, aprovado pelo Papa S\u00e3o Paulo VI).<\/p>\n\n\n\n<p>Fazendo uma compara\u00e7\u00e3o, quando uma pessoa se confessa, ela recebe o perd\u00e3o pelos pecados cometidos, por\u00e9m, n\u00e3o fica livre das penas \u2013 das consequ\u00eancias \u2013 de seu pecado. J\u00e1 a indulg\u00eancia plen\u00e1ria, segundo a doutrina, elimina as penas que a pessoa teria de pagar por seus pecados.<\/p>\n\n\n\n<p>O reitor do Centro Internacional de Belmonte, o Pe. Marcelo Cervi, explica mais detalhes sobre isso na entrevista:<\/p>\n\n\n\n<p><strong>O que as pessoas precisar\u00e3o fazer para receber a indulg\u00eancia plen\u00e1ria?<\/strong><\/p>\n\n\n\n<p>As condi\u00e7\u00f5es para receber a indulg\u00eancia plen\u00e1ria no Santu\u00e1rio Matri Ecclesiae (Belmonte) em Roma, s\u00e3o, em primeiro lugar, visitar o Santu\u00e1rio e, junto a essa visita, cumprir os requisitos para o recebimento de qualquer indulg\u00eancia plen\u00e1ria: confessar-se (basta uma confiss\u00e3o para m\u00faltiplas indulg\u00eancias), receber a Sagrada Comunh\u00e3o e rezar nas inten\u00e7\u00f5es do Santo Padre. Al\u00e9m disso, \u00e9 preciso rejeitar todo o apego ao pecado, inclusive venial.<\/p>\n\n\n\n<p><strong>Como o Centro de Belmonte se prepara para receber os peregrinos em 2025? J\u00e1 temos algo planejado nesse sentido?<\/strong><\/p>\n\n\n\n<p>Ser\u00e1 um ano intenso por conta do Jubileu do ano 2025, mas tamb\u00e9m por conta da Coroa\u00e7\u00e3o da M\u00e3e de Deus no dia 09 de junho. Todos os peregrinos que vierem a Belmonte poder\u00e3o inserir-se no ato de coroa\u00e7\u00e3o de junho e, inclusive, vivenciar momentos especiais de aprofundamento na miss\u00e3o do Santu\u00e1rio e na imagem da Igreja que o Pe. Kentenich prop\u00f5e, em linha com a nova imagem da Igreja estabelecida no Conc\u00edlio Vaticano II. Estamos em fase de planejamento da acolhida dos peregrinos, em comunh\u00e3o com o Santu\u00e1rio Cor Ecclesiae. Queremos que os schoenstattianos visitem os dois Santu\u00e1rios de Roma e desejamos que levem para suas casas n\u00e3o apenas as gra\u00e7as, mas tamb\u00e9m as mensagens que esses santu\u00e1rios divulgam, para colaborar com a renova\u00e7\u00e3o da Igreja no sentido proposto pelo Vaticano II.<\/p>\n\n\n\n<figure class=\"wp-block-image size-full\"><img decoding=\"async\" src=\"https:\/\/schoenstatt.com\/wp-content\/uploads\/2021\/12\/kura-2.png\" alt=\"Rom-kuratorium\" class=\"wp-image-22049\"\/><\/figure>\n\n\n\n<p><strong>Como a Fam\u00edlia de Schoenstatt recebeu essa not\u00edcia da indulg\u00eancia e o que deseja para o Ano Santo de 2025?<\/strong><\/p>\n\n\n\n<p>Divulgamos a not\u00edcia no Boletim \u201cBelmontenews\u201d do m\u00eas de julho e de v\u00e1rios lugares do mundo recebemos mensagens de alegria e gratid\u00e3o. Particularmente, os v\u00e1rios grupos que se sentem respons\u00e1veis por Belmonte se sentem agradecidos ao Santo Padre por nos ter concedido o dom da indulg\u00eancia e, assim, ter enriquecido a visita ao Santu\u00e1rio Matri Ecclesiae. Para o Ano Santo 2025, que tem como lema \u201cPeregrinos de Esperan\u00e7a\u201d, desejamos que cada peregrino fa\u00e7a a experi\u00eancia de ser acolhido e abra\u00e7ado carinhosamente por Nossa Senhora, desejando o que o Papa Francisco disse na <a href=\"https:\/\/www.vatican.va\/content\/francesco\/pt\/bulls\/documents\/20240509_spes-non-confundit_bolla-giubileo2025.html\" target=\"_blank\" rel=\"noreferrer noopener\">Bula SPES NON CONFUNDIT<\/a>, de Proclama\u00e7\u00e3o do Jubileu 2025 (n. 24):<\/p>\n\n\n\n<p><em>\u201cAos peregrinos que vierem a Roma, convido-os a fazerem uma paragem orante nos Santu\u00e1rios Marianos da cidade a fim de venerar a Virgem Maria e invocar a sua prote\u00e7\u00e3o. Estou confiante de que todos, especialmente aqueles que sofrem e est\u00e3o atribulados, poder\u00e3o experimentar a proximidade da mais afetuosa das m\u00e3es, que nunca abandona os seus filhos; Ela que \u00e9, para o santo Povo de Deus, \u00absinal de esperan\u00e7a segura e de consola\u00e7\u00e3o\u00bb (LG 68)\u201d<\/em><\/p>\n\n\n\n<p><strong>Leia Mais:<\/strong><\/p>\n\n\n\n<figure class=\"wp-block-embed is-type-wp-embed is-provider-schoenstatt wp-block-embed-schoenstatt\"><div class=\"wp-block-embed__wrapper\">\n<blockquote class=\"wp-embedded-content\" data-secret=\"IkCbZw9tez\"><a href=\"https:\/\/schoenstatt.com\/belmonte-concrete-preparations-begin-for-the-2025-international-coronation\/\">Belmonte: Concrete preparations begin for the 2025 International Coronation<\/a><\/blockquote><iframe class=\"wp-embedded-content\" sandbox=\"allow-scripts\" security=\"restricted\" style=\"position: absolute; clip: rect(1px, 1px, 1px, 1px);\" title=\"&#8220;Belmonte: Concrete preparations begin for the 2025 International Coronation&#8221; &#8212; Schoenstatt\" src=\"https:\/\/schoenstatt.com\/belmonte-concrete-preparations-begin-for-the-2025-international-coronation\/embed\/#?secret=Dkn9atWzcX#?secret=IkCbZw9tez\" data-secret=\"IkCbZw9tez\" width=\"600\" height=\"338\" frameborder=\"0\" marginwidth=\"0\" marginheight=\"0\" scrolling=\"no\"><\/iframe>\n<\/div><\/figure>\n","protected":false},"excerpt":{"rendered":"<p>Todos os que visitarem o Centro Internacional de Schoenstatt e o Santu\u00e1rio Matri Ecclesiae poder\u00e3o alcan\u00e7ar a indulg\u00eancia<\/p>\n","protected":false},"author":3,"featured_media":43526,"comment_status":"closed","ping_status":"closed","sticky":false,"template":"","format":"standard","meta":{"footnotes":""},"categories":[872,608],"tags":[],"class_list":["post-40353","post","type-post","status-publish","format-standard","has-post-thumbnail","hentry","category-europa-pt-pt","category-igreja-pt-pt"],"yoast_head":"<!-- This site is optimized with the Yoast SEO Premium plugin v27.4 (Yoast SEO v27.4) - https:\/\/yoast.com\/product\/yoast-seo-premium-wordpress\/ -->\n<title>O Santu\u00e1rio de Roma-Belmonte recebe indulg\u00eancia plen\u00e1ria para o Ano Santo<\/title>\n<meta name=\"description\" content=\"Todos os que visitarem o Centro Internacional de Schoenstatt e o Santu\u00e1rio Matri Ecclesiae poder\u00e3o alcan\u00e7ar a indulg\u00eancia\" \/>\n<meta name=\"robots\" content=\"index, follow, max-snippet:-1, max-image-preview:large, max-video-preview:-1\" \/>\n<link rel=\"canonical\" href=\"https:\/\/schoenstatt.com\/pt-pt\/o-santuario-de-roma-belmonte-recebe-indulgencia-plenaria-para-o-ano-santo\/\" \/>\n<meta property=\"og:locale\" content=\"pt_PT\" \/>\n<meta property=\"og:type\" content=\"article\" \/>\n<meta property=\"og:title\" content=\"O Santu\u00e1rio de Roma-Belmonte recebe indulg\u00eancia plen\u00e1ria para o Ano Santo\" \/>\n<meta property=\"og:description\" content=\"Todos os que visitarem o Centro Internacional de Schoenstatt e o Santu\u00e1rio Matri Ecclesiae poder\u00e3o alcan\u00e7ar a indulg\u00eancia\" \/>\n<meta property=\"og:url\" content=\"https:\/\/schoenstatt.com\/pt-pt\/o-santuario-de-roma-belmonte-recebe-indulgencia-plenaria-para-o-ano-santo\/\" \/>\n<meta property=\"og:site_name\" content=\"Schoenstatt\" \/>\n<meta property=\"article:published_time\" content=\"2024-07-24T02:31:00+00:00\" \/>\n<meta property=\"article:modified_time\" content=\"2025-05-15T23:17:54+00:00\" \/>\n<meta property=\"og:image\" content=\"https:\/\/schoenstatt.com\/wp-content\/uploads\/2023\/09\/matri-ecclesiae-belmonte-2-1.jpg\" \/>\n\t<meta property=\"og:image:width\" content=\"2000\" \/>\n\t<meta property=\"og:image:height\" content=\"1416\" \/>\n\t<meta property=\"og:image:type\" content=\"image\/jpeg\" \/>\n<meta name=\"author\" content=\"Karen Bueno\" \/>\n<meta name=\"twitter:card\" content=\"summary_large_image\" \/>\n<meta name=\"twitter:label1\" content=\"Escrito por\" \/>\n\t<meta name=\"twitter:data1\" content=\"Karen Bueno\" \/>\n\t<meta name=\"twitter:label2\" content=\"Tempo estimado de leitura\" \/>\n\t<meta name=\"twitter:data2\" content=\"4 minutos\" \/>\n<script type=\"application\/ld+json\" class=\"yoast-schema-graph\">{\"@context\":\"https:\\\/\\\/schema.org\",\"@graph\":[{\"@type\":\"Article\",\"@id\":\"https:\\\/\\\/schoenstatt.com\\\/pt-pt\\\/o-santuario-de-roma-belmonte-recebe-indulgencia-plenaria-para-o-ano-santo\\\/#article\",\"isPartOf\":{\"@id\":\"https:\\\/\\\/schoenstatt.com\\\/pt-pt\\\/o-santuario-de-roma-belmonte-recebe-indulgencia-plenaria-para-o-ano-santo\\\/\"},\"author\":{\"name\":\"Karen Bueno\",\"@id\":\"https:\\\/\\\/schoenstatt.com\\\/pt-pt\\\/#\\\/schema\\\/person\\\/5158877ad4acae98b34daaeef2a1ce6e\"},\"headline\":\"O Santu\u00e1rio de Roma-Belmonte recebe indulg\u00eancia plen\u00e1ria para o Ano Santo\",\"datePublished\":\"2024-07-24T02:31:00+00:00\",\"dateModified\":\"2025-05-15T23:17:54+00:00\",\"mainEntityOfPage\":{\"@id\":\"https:\\\/\\\/schoenstatt.com\\\/pt-pt\\\/o-santuario-de-roma-belmonte-recebe-indulgencia-plenaria-para-o-ano-santo\\\/\"},\"wordCount\":828,\"publisher\":{\"@id\":\"https:\\\/\\\/schoenstatt.com\\\/pt-pt\\\/#organization\"},\"image\":{\"@id\":\"https:\\\/\\\/schoenstatt.com\\\/pt-pt\\\/o-santuario-de-roma-belmonte-recebe-indulgencia-plenaria-para-o-ano-santo\\\/#primaryimage\"},\"thumbnailUrl\":\"https:\\\/\\\/schoenstatt.com\\\/wp-content\\\/uploads\\\/2023\\\/09\\\/matri-ecclesiae-belmonte-2-1.jpg\",\"articleSection\":[\"Europa\",\"Igreja\"],\"inLanguage\":\"pt-PT\"},{\"@type\":\"WebPage\",\"@id\":\"https:\\\/\\\/schoenstatt.com\\\/pt-pt\\\/o-santuario-de-roma-belmonte-recebe-indulgencia-plenaria-para-o-ano-santo\\\/\",\"url\":\"https:\\\/\\\/schoenstatt.com\\\/pt-pt\\\/o-santuario-de-roma-belmonte-recebe-indulgencia-plenaria-para-o-ano-santo\\\/\",\"name\":\"O Santu\u00e1rio de Roma-Belmonte recebe indulg\u00eancia plen\u00e1ria para o Ano Santo\",\"isPartOf\":{\"@id\":\"https:\\\/\\\/schoenstatt.com\\\/pt-pt\\\/#website\"},\"primaryImageOfPage\":{\"@id\":\"https:\\\/\\\/schoenstatt.com\\\/pt-pt\\\/o-santuario-de-roma-belmonte-recebe-indulgencia-plenaria-para-o-ano-santo\\\/#primaryimage\"},\"image\":{\"@id\":\"https:\\\/\\\/schoenstatt.com\\\/pt-pt\\\/o-santuario-de-roma-belmonte-recebe-indulgencia-plenaria-para-o-ano-santo\\\/#primaryimage\"},\"thumbnailUrl\":\"https:\\\/\\\/schoenstatt.com\\\/wp-content\\\/uploads\\\/2023\\\/09\\\/matri-ecclesiae-belmonte-2-1.jpg\",\"datePublished\":\"2024-07-24T02:31:00+00:00\",\"dateModified\":\"2025-05-15T23:17:54+00:00\",\"description\":\"Todos os que visitarem o Centro Internacional de Schoenstatt e o Santu\u00e1rio Matri Ecclesiae poder\u00e3o alcan\u00e7ar a indulg\u00eancia\",\"breadcrumb\":{\"@id\":\"https:\\\/\\\/schoenstatt.com\\\/pt-pt\\\/o-santuario-de-roma-belmonte-recebe-indulgencia-plenaria-para-o-ano-santo\\\/#breadcrumb\"},\"inLanguage\":\"pt-PT\",\"potentialAction\":[{\"@type\":\"ReadAction\",\"target\":[\"https:\\\/\\\/schoenstatt.com\\\/pt-pt\\\/o-santuario-de-roma-belmonte-recebe-indulgencia-plenaria-para-o-ano-santo\\\/\"]}]},{\"@type\":\"ImageObject\",\"inLanguage\":\"pt-PT\",\"@id\":\"https:\\\/\\\/schoenstatt.com\\\/pt-pt\\\/o-santuario-de-roma-belmonte-recebe-indulgencia-plenaria-para-o-ano-santo\\\/#primaryimage\",\"url\":\"https:\\\/\\\/schoenstatt.com\\\/wp-content\\\/uploads\\\/2023\\\/09\\\/matri-ecclesiae-belmonte-2-1.jpg\",\"contentUrl\":\"https:\\\/\\\/schoenstatt.com\\\/wp-content\\\/uploads\\\/2023\\\/09\\\/matri-ecclesiae-belmonte-2-1.jpg\",\"width\":2000,\"height\":1416},{\"@type\":\"BreadcrumbList\",\"@id\":\"https:\\\/\\\/schoenstatt.com\\\/pt-pt\\\/o-santuario-de-roma-belmonte-recebe-indulgencia-plenaria-para-o-ano-santo\\\/#breadcrumb\",\"itemListElement\":[{\"@type\":\"ListItem\",\"position\":1,\"name\":\"Portada\",\"item\":\"https:\\\/\\\/schoenstatt.com\\\/pt-pt\\\/home\\\/\"},{\"@type\":\"ListItem\",\"position\":2,\"name\":\"O Santu\u00e1rio de Roma-Belmonte recebe indulg\u00eancia plen\u00e1ria para o Ano Santo\"}]},{\"@type\":\"WebSite\",\"@id\":\"https:\\\/\\\/schoenstatt.com\\\/pt-pt\\\/#website\",\"url\":\"https:\\\/\\\/schoenstatt.com\\\/pt-pt\\\/\",\"name\":\"Schoenstatt\",\"description\":\"Apostolic Movement\",\"publisher\":{\"@id\":\"https:\\\/\\\/schoenstatt.com\\\/pt-pt\\\/#organization\"},\"potentialAction\":[{\"@type\":\"SearchAction\",\"target\":{\"@type\":\"EntryPoint\",\"urlTemplate\":\"https:\\\/\\\/schoenstatt.com\\\/pt-pt\\\/?s={search_term_string}\"},\"query-input\":{\"@type\":\"PropertyValueSpecification\",\"valueRequired\":true,\"valueName\":\"search_term_string\"}}],\"inLanguage\":\"pt-PT\"},{\"@type\":\"Organization\",\"@id\":\"https:\\\/\\\/schoenstatt.com\\\/pt-pt\\\/#organization\",\"name\":\"Schoenstatt\",\"url\":\"https:\\\/\\\/schoenstatt.com\\\/pt-pt\\\/\",\"logo\":{\"@type\":\"ImageObject\",\"inLanguage\":\"pt-PT\",\"@id\":\"https:\\\/\\\/schoenstatt.com\\\/pt-pt\\\/#\\\/schema\\\/logo\\\/image\\\/\",\"url\":\"https:\\\/\\\/schoenstatt.com\\\/wp-content\\\/uploads\\\/2025\\\/04\\\/logo-schoenstatt-white-696x696-1.png\",\"contentUrl\":\"https:\\\/\\\/schoenstatt.com\\\/wp-content\\\/uploads\\\/2025\\\/04\\\/logo-schoenstatt-white-696x696-1.png\",\"width\":696,\"height\":694,\"caption\":\"Schoenstatt\"},\"image\":{\"@id\":\"https:\\\/\\\/schoenstatt.com\\\/pt-pt\\\/#\\\/schema\\\/logo\\\/image\\\/\"}},{\"@type\":\"Person\",\"@id\":\"https:\\\/\\\/schoenstatt.com\\\/pt-pt\\\/#\\\/schema\\\/person\\\/5158877ad4acae98b34daaeef2a1ce6e\",\"name\":\"Karen Bueno\",\"image\":{\"@type\":\"ImageObject\",\"inLanguage\":\"pt-PT\",\"@id\":\"https:\\\/\\\/secure.gravatar.com\\\/avatar\\\/f9f4b823873154269d2b2130f195f6d41037dd0d7fc5f3cacb5c846bae70d66b?s=96&d=mm&r=g\",\"url\":\"https:\\\/\\\/secure.gravatar.com\\\/avatar\\\/f9f4b823873154269d2b2130f195f6d41037dd0d7fc5f3cacb5c846bae70d66b?s=96&d=mm&r=g\",\"contentUrl\":\"https:\\\/\\\/secure.gravatar.com\\\/avatar\\\/f9f4b823873154269d2b2130f195f6d41037dd0d7fc5f3cacb5c846bae70d66b?s=96&d=mm&r=g\",\"caption\":\"Karen Bueno\"},\"url\":\"https:\\\/\\\/schoenstatt.com\\\/pt-pt\\\/author\\\/karen-bueno\\\/\"}]}<\/script>\n<!-- \/ Yoast SEO Premium plugin. -->","yoast_head_json":{"title":"O Santu\u00e1rio de Roma-Belmonte recebe indulg\u00eancia plen\u00e1ria para o Ano Santo","description":"Todos os que visitarem o Centro Internacional de Schoenstatt e o Santu\u00e1rio Matri Ecclesiae poder\u00e3o alcan\u00e7ar a indulg\u00eancia","robots":{"index":"index","follow":"follow","max-snippet":"max-snippet:-1","max-image-preview":"max-image-preview:large","max-video-preview":"max-video-preview:-1"},"canonical":"https:\/\/schoenstatt.com\/pt-pt\/o-santuario-de-roma-belmonte-recebe-indulgencia-plenaria-para-o-ano-santo\/","og_locale":"pt_PT","og_type":"article","og_title":"O Santu\u00e1rio de Roma-Belmonte recebe indulg\u00eancia plen\u00e1ria para o Ano Santo","og_description":"Todos os que visitarem o Centro Internacional de Schoenstatt e o Santu\u00e1rio Matri Ecclesiae poder\u00e3o alcan\u00e7ar a indulg\u00eancia","og_url":"https:\/\/schoenstatt.com\/pt-pt\/o-santuario-de-roma-belmonte-recebe-indulgencia-plenaria-para-o-ano-santo\/","og_site_name":"Schoenstatt","article_published_time":"2024-07-24T02:31:00+00:00","article_modified_time":"2025-05-15T23:17:54+00:00","og_image":[{"width":2000,"height":1416,"url":"https:\/\/schoenstatt.com\/wp-content\/uploads\/2023\/09\/matri-ecclesiae-belmonte-2-1.jpg","type":"image\/jpeg"}],"author":"Karen Bueno","twitter_card":"summary_large_image","twitter_misc":{"Escrito por":"Karen Bueno","Tempo estimado de leitura":"4 minutos"},"schema":{"@context":"https:\/\/schema.org","@graph":[{"@type":"Article","@id":"https:\/\/schoenstatt.com\/pt-pt\/o-santuario-de-roma-belmonte-recebe-indulgencia-plenaria-para-o-ano-santo\/#article","isPartOf":{"@id":"https:\/\/schoenstatt.com\/pt-pt\/o-santuario-de-roma-belmonte-recebe-indulgencia-plenaria-para-o-ano-santo\/"},"author":{"name":"Karen Bueno","@id":"https:\/\/schoenstatt.com\/pt-pt\/#\/schema\/person\/5158877ad4acae98b34daaeef2a1ce6e"},"headline":"O Santu\u00e1rio de Roma-Belmonte recebe indulg\u00eancia plen\u00e1ria para o Ano Santo","datePublished":"2024-07-24T02:31:00+00:00","dateModified":"2025-05-15T23:17:54+00:00","mainEntityOfPage":{"@id":"https:\/\/schoenstatt.com\/pt-pt\/o-santuario-de-roma-belmonte-recebe-indulgencia-plenaria-para-o-ano-santo\/"},"wordCount":828,"publisher":{"@id":"https:\/\/schoenstatt.com\/pt-pt\/#organization"},"image":{"@id":"https:\/\/schoenstatt.com\/pt-pt\/o-santuario-de-roma-belmonte-recebe-indulgencia-plenaria-para-o-ano-santo\/#primaryimage"},"thumbnailUrl":"https:\/\/schoenstatt.com\/wp-content\/uploads\/2023\/09\/matri-ecclesiae-belmonte-2-1.jpg","articleSection":["Europa","Igreja"],"inLanguage":"pt-PT"},{"@type":"WebPage","@id":"https:\/\/schoenstatt.com\/pt-pt\/o-santuario-de-roma-belmonte-recebe-indulgencia-plenaria-para-o-ano-santo\/","url":"https:\/\/schoenstatt.com\/pt-pt\/o-santuario-de-roma-belmonte-recebe-indulgencia-plenaria-para-o-ano-santo\/","name":"O Santu\u00e1rio de Roma-Belmonte recebe indulg\u00eancia plen\u00e1ria para o Ano Santo","isPartOf":{"@id":"https:\/\/schoenstatt.com\/pt-pt\/#website"},"primaryImageOfPage":{"@id":"https:\/\/schoenstatt.com\/pt-pt\/o-santuario-de-roma-belmonte-recebe-indulgencia-plenaria-para-o-ano-santo\/#primaryimage"},"image":{"@id":"https:\/\/schoenstatt.com\/pt-pt\/o-santuario-de-roma-belmonte-recebe-indulgencia-plenaria-para-o-ano-santo\/#primaryimage"},"thumbnailUrl":"https:\/\/schoenstatt.com\/wp-content\/uploads\/2023\/09\/matri-ecclesiae-belmonte-2-1.jpg","datePublished":"2024-07-24T02:31:00+00:00","dateModified":"2025-05-15T23:17:54+00:00","description":"Todos os que visitarem o Centro Internacional de Schoenstatt e o Santu\u00e1rio Matri Ecclesiae poder\u00e3o alcan\u00e7ar a indulg\u00eancia","breadcrumb":{"@id":"https:\/\/schoenstatt.com\/pt-pt\/o-santuario-de-roma-belmonte-recebe-indulgencia-plenaria-para-o-ano-santo\/#breadcrumb"},"inLanguage":"pt-PT","potentialAction":[{"@type":"ReadAction","target":["https:\/\/schoenstatt.com\/pt-pt\/o-santuario-de-roma-belmonte-recebe-indulgencia-plenaria-para-o-ano-santo\/"]}]},{"@type":"ImageObject","inLanguage":"pt-PT","@id":"https:\/\/schoenstatt.com\/pt-pt\/o-santuario-de-roma-belmonte-recebe-indulgencia-plenaria-para-o-ano-santo\/#primaryimage","url":"https:\/\/schoenstatt.com\/wp-content\/uploads\/2023\/09\/matri-ecclesiae-belmonte-2-1.jpg","contentUrl":"https:\/\/schoenstatt.com\/wp-content\/uploads\/2023\/09\/matri-ecclesiae-belmonte-2-1.jpg","width":2000,"height":1416},{"@type":"BreadcrumbList","@id":"https:\/\/schoenstatt.com\/pt-pt\/o-santuario-de-roma-belmonte-recebe-indulgencia-plenaria-para-o-ano-santo\/#breadcrumb","itemListElement":[{"@type":"ListItem","position":1,"name":"Portada","item":"https:\/\/schoenstatt.com\/pt-pt\/home\/"},{"@type":"ListItem","position":2,"name":"O Santu\u00e1rio de Roma-Belmonte recebe indulg\u00eancia plen\u00e1ria para o Ano Santo"}]},{"@type":"WebSite","@id":"https:\/\/schoenstatt.com\/pt-pt\/#website","url":"https:\/\/schoenstatt.com\/pt-pt\/","name":"Schoenstatt","description":"Apostolic Movement","publisher":{"@id":"https:\/\/schoenstatt.com\/pt-pt\/#organization"},"potentialAction":[{"@type":"SearchAction","target":{"@type":"EntryPoint","urlTemplate":"https:\/\/schoenstatt.com\/pt-pt\/?s={search_term_string}"},"query-input":{"@type":"PropertyValueSpecification","valueRequired":true,"valueName":"search_term_string"}}],"inLanguage":"pt-PT"},{"@type":"Organization","@id":"https:\/\/schoenstatt.com\/pt-pt\/#organization","name":"Schoenstatt","url":"https:\/\/schoenstatt.com\/pt-pt\/","logo":{"@type":"ImageObject","inLanguage":"pt-PT","@id":"https:\/\/schoenstatt.com\/pt-pt\/#\/schema\/logo\/image\/","url":"https:\/\/schoenstatt.com\/wp-content\/uploads\/2025\/04\/logo-schoenstatt-white-696x696-1.png","contentUrl":"https:\/\/schoenstatt.com\/wp-content\/uploads\/2025\/04\/logo-schoenstatt-white-696x696-1.png","width":696,"height":694,"caption":"Schoenstatt"},"image":{"@id":"https:\/\/schoenstatt.com\/pt-pt\/#\/schema\/logo\/image\/"}},{"@type":"Person","@id":"https:\/\/schoenstatt.com\/pt-pt\/#\/schema\/person\/5158877ad4acae98b34daaeef2a1ce6e","name":"Karen Bueno","image":{"@type":"ImageObject","inLanguage":"pt-PT","@id":"https:\/\/secure.gravatar.com\/avatar\/f9f4b823873154269d2b2130f195f6d41037dd0d7fc5f3cacb5c846bae70d66b?s=96&d=mm&r=g","url":"https:\/\/secure.gravatar.com\/avatar\/f9f4b823873154269d2b2130f195f6d41037dd0d7fc5f3cacb5c846bae70d66b?s=96&d=mm&r=g","contentUrl":"https:\/\/secure.gravatar.com\/avatar\/f9f4b823873154269d2b2130f195f6d41037dd0d7fc5f3cacb5c846bae70d66b?s=96&d=mm&r=g","caption":"Karen Bueno"},"url":"https:\/\/schoenstatt.com\/pt-pt\/author\/karen-bueno\/"}]}},"_links":{"self":[{"href":"https:\/\/schoenstatt.com\/pt-pt\/wp-json\/wp\/v2\/posts\/40353","targetHints":{"allow":["GET"]}}],"collection":[{"href":"https:\/\/schoenstatt.com\/pt-pt\/wp-json\/wp\/v2\/posts"}],"about":[{"href":"https:\/\/schoenstatt.com\/pt-pt\/wp-json\/wp\/v2\/types\/post"}],"author":[{"embeddable":true,"href":"https:\/\/schoenstatt.com\/pt-pt\/wp-json\/wp\/v2\/users\/3"}],"replies":[{"embeddable":true,"href":"https:\/\/schoenstatt.com\/pt-pt\/wp-json\/wp\/v2\/comments?post=40353"}],"version-history":[{"count":1,"href":"https:\/\/schoenstatt.com\/pt-pt\/wp-json\/wp\/v2\/posts\/40353\/revisions"}],"predecessor-version":[{"id":46910,"href":"https:\/\/schoenstatt.com\/pt-pt\/wp-json\/wp\/v2\/posts\/40353\/revisions\/46910"}],"wp:featuredmedia":[{"embeddable":true,"href":"https:\/\/schoenstatt.com\/pt-pt\/wp-json\/wp\/v2\/media\/43526"}],"wp:attachment":[{"href":"https:\/\/schoenstatt.com\/pt-pt\/wp-json\/wp\/v2\/media?parent=40353"}],"wp:term":[{"taxonomy":"category","embeddable":true,"href":"https:\/\/schoenstatt.com\/pt-pt\/wp-json\/wp\/v2\/categories?post=40353"},{"taxonomy":"post_tag","embeddable":true,"href":"https:\/\/schoenstatt.com\/pt-pt\/wp-json\/wp\/v2\/tags?post=40353"}],"curies":[{"name":"wp","href":"https:\/\/api.w.org\/{rel}","templated":true}]}}