{"id":40311,"date":"2024-07-22T12:01:06","date_gmt":"2024-07-22T10:01:06","guid":{"rendered":"https:\/\/schoenstatt.com\/?p=40311"},"modified":"2025-05-16T00:52:28","modified_gmt":"2025-05-15T22:52:28","slug":"o-instituto-de-familias-elege-sua-nova-direcao-geral","status":"publish","type":"post","link":"https:\/\/schoenstatt.com\/pt-pt\/o-instituto-de-familias-elege-sua-nova-direcao-geral\/","title":{"rendered":"O Instituto de Fam\u00edlias elege sua nova Dire\u00e7\u00e3o Geral"},"content":{"rendered":"\n<p>Os casais capitulares que participam do IX Cap\u00edtulo Geral do <a href=\"https:\/\/if-schoenstatt.org\/pt\/\" target=\"_blank\" rel=\"noreferrer noopener\">Instituto de Fam\u00edlias de Schoenstatt<\/a> elegeram sua nova dire\u00e7\u00e3o internacional para os pr\u00f3ximos 6 anos.<\/p>\n\n\n\n<p><strong>A partir deste Cap\u00edtulo de 2024, a Dire\u00e7\u00e3o Geral ser\u00e1 formada pelos seguintes casais:<\/strong><\/p>\n\n\n\n<p><strong>Fam\u00edlia Superiora Geral<\/strong><br>Rafael e Cristina Mu\u00f1oz, Barcelona, Espanha<\/p>\n\n\n\n<p><strong>Fam\u00edlia Assistente Geral<\/strong><br>Ra\u00fal e Mar\u00eda Luisa Rivera, Vi\u00f1a del Mar, Chile<\/p>\n\n\n\n<p><strong>Fam\u00edlia Respons\u00e1vel Geral dos Cursos<\/strong><br>Marcelo e Cristina Prono, Assun\u00e7\u00e3o, Paraguai<\/p>\n\n\n\n<p><strong>1\u00aa Fam\u00edlia Conselheira<\/strong><br>Jos\u00e9 Roberto e Bernadete Nassif, Londrina, Brasil<\/p>\n\n\n\n<p><strong>2\u00aa Fam\u00edlia Conselheira<\/strong><br>Rodolfo e M\u00f3nica Concia, La Plata, Argentina<\/p>\n\n\n\n<p><strong>Sacerdote Assistente Espiritual<\/strong><br>Pe. Pablo Mullin, La Plata, Argentina (residente no Paraguai)<\/p>\n\n\n\n<figure class=\"wp-block-image size-large\"><img decoding=\"async\" src=\"https:\/\/schoenstatt.com\/wp-content\/uploads\/2024\/07\/Nueva-Direccion-General-Instituto-de-Familias-2024-07-20-1024x657.jpg\" alt=\"\" class=\"wp-image-40309\"\/><figcaption class=\"wp-element-caption\">Da esquerda para a direita: Fam\u00edlia Nassif, Fam\u00edlia Prono, Fam\u00edlia Rivera, Fam\u00edlia Mu\u00f1oz, Fam\u00edlia Concia e Pe. Pablo Mullin<\/figcaption><\/figure>\n\n\n\n<h2 class=\"wp-block-heading\" id=\"h-liderar-e-conduzir\"><strong>Liderar e conduzir<\/strong><\/h2>\n\n\n\n<p>Nos \u00faltimos seis anos, a Fam\u00edlia Superiora Geral foi de Jos\u00e9 e Patricia K\u00f6stner, da Argentina. Eles mencionam em sua carta: \u201cEm nome das fam\u00edlias capitulares, agradecemos a todos por suas ora\u00e7\u00f5es de apoio para o sucesso de nosso Cap\u00edtulo Geral, que continuar\u00e1 at\u00e9 27 de julho\u201d.<\/p>\n\n\n\n<p>O encontro acontece atualmente em Schoenstatt, no Monte Nazar\u00e9, com 25 casais representantes de Alemanha, Argentina, \u00c1ustria, Brasil, Rep\u00fablica Tcheca, Chile, Espanha, Paraguai e Porto Rico.<\/p>\n\n\n\n<p>O papel da Dire\u00e7\u00e3o Geral \u00e9 de lideran\u00e7a, condu\u00e7\u00e3o, motiva\u00e7\u00e3o e representa\u00e7\u00e3o da <a href=\"https:\/\/schoenstatt.com\/pt-pt\/em-comunidade\/familias\/instituto-de-familias-de-schoenstatt\/\">comunidade<\/a> a n\u00edvel internacional. O casal superior geral representa o Instituto na Presid\u00eancia Internacional de Schoenstatt.<\/p>\n\n\n\n<ul class=\"wp-block-list\">\n<li><strong><a href=\"https:\/\/schoenstatt.com\/pt-pt\/comeca-neste-sabado-o-ix-capitulo-geral-do-instituto-de-familias\/\">Leia mais sobre o Cap\u00edtulo<\/a><\/strong><\/li>\n<\/ul>\n","protected":false},"excerpt":{"rendered":"<p>Neste Cap\u00edtulo Geral de 2024, os representantes do Instituto de Fam\u00edlias definiram sua dire\u00e7\u00e3o internacional para os pr\u00f3ximos anos.<\/p>\n","protected":false},"author":3,"featured_media":40307,"comment_status":"closed","ping_status":"closed","sticky":false,"template":"","format":"standard","meta":{"footnotes":""},"categories":[908,876],"tags":[],"class_list":["post-40311","post","type-post","status-publish","format-standard","has-post-thumbnail","hentry","category-comunidades-de-schoenstatt-pt-pt","category-familia-pt-pt"],"yoast_head":"<!-- This site is optimized with the Yoast SEO Premium plugin v27.4 (Yoast SEO v27.4) - https:\/\/yoast.com\/product\/yoast-seo-premium-wordpress\/ -->\n<title>O Instituto de Fam\u00edlias elege sua nova Dire\u00e7\u00e3o Geral - Schoenstatt<\/title>\n<meta name=\"description\" content=\"Neste Cap\u00edtulo Geral de 2024, os representantes do Instituto de Fam\u00edlias definiram sua dire\u00e7\u00e3o internacional para os pr\u00f3ximos anos.\" \/>\n<meta name=\"robots\" content=\"index, follow, max-snippet:-1, max-image-preview:large, max-video-preview:-1\" \/>\n<link rel=\"canonical\" href=\"https:\/\/schoenstatt.com\/pt-pt\/o-instituto-de-familias-elege-sua-nova-direcao-geral\/\" \/>\n<meta property=\"og:locale\" content=\"pt_PT\" \/>\n<meta property=\"og:type\" content=\"article\" \/>\n<meta property=\"og:title\" content=\"O Instituto de Fam\u00edlias elege sua nova Dire\u00e7\u00e3o Geral\" \/>\n<meta property=\"og:description\" content=\"Neste Cap\u00edtulo Geral de 2024, os representantes do Instituto de Fam\u00edlias definiram sua dire\u00e7\u00e3o internacional para os pr\u00f3ximos anos.\" \/>\n<meta property=\"og:url\" content=\"https:\/\/schoenstatt.com\/pt-pt\/o-instituto-de-familias-elege-sua-nova-direcao-geral\/\" \/>\n<meta property=\"og:site_name\" content=\"Schoenstatt\" \/>\n<meta property=\"article:published_time\" content=\"2024-07-22T10:01:06+00:00\" \/>\n<meta property=\"article:modified_time\" content=\"2025-05-15T22:52:28+00:00\" \/>\n<meta property=\"og:image\" content=\"https:\/\/schoenstatt.com\/wp-content\/uploads\/2024\/07\/Nueva-Direccion-General-Instituto-de-Familias-2024-07-20-1.jpg\" \/>\n\t<meta property=\"og:image:width\" content=\"2048\" \/>\n\t<meta property=\"og:image:height\" content=\"1313\" \/>\n\t<meta property=\"og:image:type\" content=\"image\/jpeg\" \/>\n<meta name=\"author\" content=\"Karen Bueno\" \/>\n<meta name=\"twitter:card\" content=\"summary_large_image\" \/>\n<meta name=\"twitter:label1\" content=\"Escrito por\" \/>\n\t<meta name=\"twitter:data1\" content=\"Karen Bueno\" \/>\n\t<meta name=\"twitter:label2\" content=\"Tempo estimado de leitura\" \/>\n\t<meta name=\"twitter:data2\" content=\"2 minutos\" \/>\n<script type=\"application\/ld+json\" class=\"yoast-schema-graph\">{\"@context\":\"https:\\\/\\\/schema.org\",\"@graph\":[{\"@type\":\"Article\",\"@id\":\"https:\\\/\\\/schoenstatt.com\\\/pt-pt\\\/o-instituto-de-familias-elege-sua-nova-direcao-geral\\\/#article\",\"isPartOf\":{\"@id\":\"https:\\\/\\\/schoenstatt.com\\\/pt-pt\\\/o-instituto-de-familias-elege-sua-nova-direcao-geral\\\/\"},\"author\":{\"name\":\"Karen Bueno\",\"@id\":\"https:\\\/\\\/schoenstatt.com\\\/pt-pt\\\/#\\\/schema\\\/person\\\/5158877ad4acae98b34daaeef2a1ce6e\"},\"headline\":\"O Instituto de Fam\u00edlias elege sua nova Dire\u00e7\u00e3o Geral\",\"datePublished\":\"2024-07-22T10:01:06+00:00\",\"dateModified\":\"2025-05-15T22:52:28+00:00\",\"mainEntityOfPage\":{\"@id\":\"https:\\\/\\\/schoenstatt.com\\\/pt-pt\\\/o-instituto-de-familias-elege-sua-nova-direcao-geral\\\/\"},\"wordCount\":274,\"publisher\":{\"@id\":\"https:\\\/\\\/schoenstatt.com\\\/pt-pt\\\/#organization\"},\"image\":{\"@id\":\"https:\\\/\\\/schoenstatt.com\\\/pt-pt\\\/o-instituto-de-familias-elege-sua-nova-direcao-geral\\\/#primaryimage\"},\"thumbnailUrl\":\"https:\\\/\\\/schoenstatt.com\\\/wp-content\\\/uploads\\\/2024\\\/07\\\/Nueva-Direccion-General-Instituto-de-Familias-2024-07-20-1.jpg\",\"articleSection\":[\"Comunidades de Schoenstatt\",\"Fam\u00edlia\"],\"inLanguage\":\"pt-PT\"},{\"@type\":\"WebPage\",\"@id\":\"https:\\\/\\\/schoenstatt.com\\\/pt-pt\\\/o-instituto-de-familias-elege-sua-nova-direcao-geral\\\/\",\"url\":\"https:\\\/\\\/schoenstatt.com\\\/pt-pt\\\/o-instituto-de-familias-elege-sua-nova-direcao-geral\\\/\",\"name\":\"O Instituto de Fam\u00edlias elege sua nova Dire\u00e7\u00e3o Geral - Schoenstatt\",\"isPartOf\":{\"@id\":\"https:\\\/\\\/schoenstatt.com\\\/pt-pt\\\/#website\"},\"primaryImageOfPage\":{\"@id\":\"https:\\\/\\\/schoenstatt.com\\\/pt-pt\\\/o-instituto-de-familias-elege-sua-nova-direcao-geral\\\/#primaryimage\"},\"image\":{\"@id\":\"https:\\\/\\\/schoenstatt.com\\\/pt-pt\\\/o-instituto-de-familias-elege-sua-nova-direcao-geral\\\/#primaryimage\"},\"thumbnailUrl\":\"https:\\\/\\\/schoenstatt.com\\\/wp-content\\\/uploads\\\/2024\\\/07\\\/Nueva-Direccion-General-Instituto-de-Familias-2024-07-20-1.jpg\",\"datePublished\":\"2024-07-22T10:01:06+00:00\",\"dateModified\":\"2025-05-15T22:52:28+00:00\",\"description\":\"Neste Cap\u00edtulo Geral de 2024, os representantes do Instituto de Fam\u00edlias definiram sua dire\u00e7\u00e3o internacional para os pr\u00f3ximos anos.\",\"breadcrumb\":{\"@id\":\"https:\\\/\\\/schoenstatt.com\\\/pt-pt\\\/o-instituto-de-familias-elege-sua-nova-direcao-geral\\\/#breadcrumb\"},\"inLanguage\":\"pt-PT\",\"potentialAction\":[{\"@type\":\"ReadAction\",\"target\":[\"https:\\\/\\\/schoenstatt.com\\\/pt-pt\\\/o-instituto-de-familias-elege-sua-nova-direcao-geral\\\/\"]}]},{\"@type\":\"ImageObject\",\"inLanguage\":\"pt-PT\",\"@id\":\"https:\\\/\\\/schoenstatt.com\\\/pt-pt\\\/o-instituto-de-familias-elege-sua-nova-direcao-geral\\\/#primaryimage\",\"url\":\"https:\\\/\\\/schoenstatt.com\\\/wp-content\\\/uploads\\\/2024\\\/07\\\/Nueva-Direccion-General-Instituto-de-Familias-2024-07-20-1.jpg\",\"contentUrl\":\"https:\\\/\\\/schoenstatt.com\\\/wp-content\\\/uploads\\\/2024\\\/07\\\/Nueva-Direccion-General-Instituto-de-Familias-2024-07-20-1.jpg\",\"width\":2048,\"height\":1313},{\"@type\":\"BreadcrumbList\",\"@id\":\"https:\\\/\\\/schoenstatt.com\\\/pt-pt\\\/o-instituto-de-familias-elege-sua-nova-direcao-geral\\\/#breadcrumb\",\"itemListElement\":[{\"@type\":\"ListItem\",\"position\":1,\"name\":\"Portada\",\"item\":\"https:\\\/\\\/schoenstatt.com\\\/pt-pt\\\/home\\\/\"},{\"@type\":\"ListItem\",\"position\":2,\"name\":\"O Instituto de Fam\u00edlias elege sua nova Dire\u00e7\u00e3o Geral\"}]},{\"@type\":\"WebSite\",\"@id\":\"https:\\\/\\\/schoenstatt.com\\\/pt-pt\\\/#website\",\"url\":\"https:\\\/\\\/schoenstatt.com\\\/pt-pt\\\/\",\"name\":\"Schoenstatt\",\"description\":\"Apostolic Movement\",\"publisher\":{\"@id\":\"https:\\\/\\\/schoenstatt.com\\\/pt-pt\\\/#organization\"},\"potentialAction\":[{\"@type\":\"SearchAction\",\"target\":{\"@type\":\"EntryPoint\",\"urlTemplate\":\"https:\\\/\\\/schoenstatt.com\\\/pt-pt\\\/?s={search_term_string}\"},\"query-input\":{\"@type\":\"PropertyValueSpecification\",\"valueRequired\":true,\"valueName\":\"search_term_string\"}}],\"inLanguage\":\"pt-PT\"},{\"@type\":\"Organization\",\"@id\":\"https:\\\/\\\/schoenstatt.com\\\/pt-pt\\\/#organization\",\"name\":\"Schoenstatt\",\"url\":\"https:\\\/\\\/schoenstatt.com\\\/pt-pt\\\/\",\"logo\":{\"@type\":\"ImageObject\",\"inLanguage\":\"pt-PT\",\"@id\":\"https:\\\/\\\/schoenstatt.com\\\/pt-pt\\\/#\\\/schema\\\/logo\\\/image\\\/\",\"url\":\"https:\\\/\\\/schoenstatt.com\\\/wp-content\\\/uploads\\\/2025\\\/04\\\/logo-schoenstatt-white-696x696-1.png\",\"contentUrl\":\"https:\\\/\\\/schoenstatt.com\\\/wp-content\\\/uploads\\\/2025\\\/04\\\/logo-schoenstatt-white-696x696-1.png\",\"width\":696,\"height\":694,\"caption\":\"Schoenstatt\"},\"image\":{\"@id\":\"https:\\\/\\\/schoenstatt.com\\\/pt-pt\\\/#\\\/schema\\\/logo\\\/image\\\/\"}},{\"@type\":\"Person\",\"@id\":\"https:\\\/\\\/schoenstatt.com\\\/pt-pt\\\/#\\\/schema\\\/person\\\/5158877ad4acae98b34daaeef2a1ce6e\",\"name\":\"Karen Bueno\",\"image\":{\"@type\":\"ImageObject\",\"inLanguage\":\"pt-PT\",\"@id\":\"https:\\\/\\\/secure.gravatar.com\\\/avatar\\\/f9f4b823873154269d2b2130f195f6d41037dd0d7fc5f3cacb5c846bae70d66b?s=96&d=mm&r=g\",\"url\":\"https:\\\/\\\/secure.gravatar.com\\\/avatar\\\/f9f4b823873154269d2b2130f195f6d41037dd0d7fc5f3cacb5c846bae70d66b?s=96&d=mm&r=g\",\"contentUrl\":\"https:\\\/\\\/secure.gravatar.com\\\/avatar\\\/f9f4b823873154269d2b2130f195f6d41037dd0d7fc5f3cacb5c846bae70d66b?s=96&d=mm&r=g\",\"caption\":\"Karen Bueno\"},\"url\":\"https:\\\/\\\/schoenstatt.com\\\/pt-pt\\\/author\\\/karen-bueno\\\/\"}]}<\/script>\n<!-- \/ Yoast SEO Premium plugin. -->","yoast_head_json":{"title":"O Instituto de Fam\u00edlias elege sua nova Dire\u00e7\u00e3o Geral - Schoenstatt","description":"Neste Cap\u00edtulo Geral de 2024, os representantes do Instituto de Fam\u00edlias definiram sua dire\u00e7\u00e3o internacional para os pr\u00f3ximos anos.","robots":{"index":"index","follow":"follow","max-snippet":"max-snippet:-1","max-image-preview":"max-image-preview:large","max-video-preview":"max-video-preview:-1"},"canonical":"https:\/\/schoenstatt.com\/pt-pt\/o-instituto-de-familias-elege-sua-nova-direcao-geral\/","og_locale":"pt_PT","og_type":"article","og_title":"O Instituto de Fam\u00edlias elege sua nova Dire\u00e7\u00e3o Geral","og_description":"Neste Cap\u00edtulo Geral de 2024, os representantes do Instituto de Fam\u00edlias definiram sua dire\u00e7\u00e3o internacional para os pr\u00f3ximos anos.","og_url":"https:\/\/schoenstatt.com\/pt-pt\/o-instituto-de-familias-elege-sua-nova-direcao-geral\/","og_site_name":"Schoenstatt","article_published_time":"2024-07-22T10:01:06+00:00","article_modified_time":"2025-05-15T22:52:28+00:00","og_image":[{"width":2048,"height":1313,"url":"https:\/\/schoenstatt.com\/wp-content\/uploads\/2024\/07\/Nueva-Direccion-General-Instituto-de-Familias-2024-07-20-1.jpg","type":"image\/jpeg"}],"author":"Karen Bueno","twitter_card":"summary_large_image","twitter_misc":{"Escrito por":"Karen Bueno","Tempo estimado de leitura":"2 minutos"},"schema":{"@context":"https:\/\/schema.org","@graph":[{"@type":"Article","@id":"https:\/\/schoenstatt.com\/pt-pt\/o-instituto-de-familias-elege-sua-nova-direcao-geral\/#article","isPartOf":{"@id":"https:\/\/schoenstatt.com\/pt-pt\/o-instituto-de-familias-elege-sua-nova-direcao-geral\/"},"author":{"name":"Karen Bueno","@id":"https:\/\/schoenstatt.com\/pt-pt\/#\/schema\/person\/5158877ad4acae98b34daaeef2a1ce6e"},"headline":"O Instituto de Fam\u00edlias elege sua nova Dire\u00e7\u00e3o Geral","datePublished":"2024-07-22T10:01:06+00:00","dateModified":"2025-05-15T22:52:28+00:00","mainEntityOfPage":{"@id":"https:\/\/schoenstatt.com\/pt-pt\/o-instituto-de-familias-elege-sua-nova-direcao-geral\/"},"wordCount":274,"publisher":{"@id":"https:\/\/schoenstatt.com\/pt-pt\/#organization"},"image":{"@id":"https:\/\/schoenstatt.com\/pt-pt\/o-instituto-de-familias-elege-sua-nova-direcao-geral\/#primaryimage"},"thumbnailUrl":"https:\/\/schoenstatt.com\/wp-content\/uploads\/2024\/07\/Nueva-Direccion-General-Instituto-de-Familias-2024-07-20-1.jpg","articleSection":["Comunidades de Schoenstatt","Fam\u00edlia"],"inLanguage":"pt-PT"},{"@type":"WebPage","@id":"https:\/\/schoenstatt.com\/pt-pt\/o-instituto-de-familias-elege-sua-nova-direcao-geral\/","url":"https:\/\/schoenstatt.com\/pt-pt\/o-instituto-de-familias-elege-sua-nova-direcao-geral\/","name":"O Instituto de Fam\u00edlias elege sua nova Dire\u00e7\u00e3o Geral - Schoenstatt","isPartOf":{"@id":"https:\/\/schoenstatt.com\/pt-pt\/#website"},"primaryImageOfPage":{"@id":"https:\/\/schoenstatt.com\/pt-pt\/o-instituto-de-familias-elege-sua-nova-direcao-geral\/#primaryimage"},"image":{"@id":"https:\/\/schoenstatt.com\/pt-pt\/o-instituto-de-familias-elege-sua-nova-direcao-geral\/#primaryimage"},"thumbnailUrl":"https:\/\/schoenstatt.com\/wp-content\/uploads\/2024\/07\/Nueva-Direccion-General-Instituto-de-Familias-2024-07-20-1.jpg","datePublished":"2024-07-22T10:01:06+00:00","dateModified":"2025-05-15T22:52:28+00:00","description":"Neste Cap\u00edtulo Geral de 2024, os representantes do Instituto de Fam\u00edlias definiram sua dire\u00e7\u00e3o internacional para os pr\u00f3ximos anos.","breadcrumb":{"@id":"https:\/\/schoenstatt.com\/pt-pt\/o-instituto-de-familias-elege-sua-nova-direcao-geral\/#breadcrumb"},"inLanguage":"pt-PT","potentialAction":[{"@type":"ReadAction","target":["https:\/\/schoenstatt.com\/pt-pt\/o-instituto-de-familias-elege-sua-nova-direcao-geral\/"]}]},{"@type":"ImageObject","inLanguage":"pt-PT","@id":"https:\/\/schoenstatt.com\/pt-pt\/o-instituto-de-familias-elege-sua-nova-direcao-geral\/#primaryimage","url":"https:\/\/schoenstatt.com\/wp-content\/uploads\/2024\/07\/Nueva-Direccion-General-Instituto-de-Familias-2024-07-20-1.jpg","contentUrl":"https:\/\/schoenstatt.com\/wp-content\/uploads\/2024\/07\/Nueva-Direccion-General-Instituto-de-Familias-2024-07-20-1.jpg","width":2048,"height":1313},{"@type":"BreadcrumbList","@id":"https:\/\/schoenstatt.com\/pt-pt\/o-instituto-de-familias-elege-sua-nova-direcao-geral\/#breadcrumb","itemListElement":[{"@type":"ListItem","position":1,"name":"Portada","item":"https:\/\/schoenstatt.com\/pt-pt\/home\/"},{"@type":"ListItem","position":2,"name":"O Instituto de Fam\u00edlias elege sua nova Dire\u00e7\u00e3o Geral"}]},{"@type":"WebSite","@id":"https:\/\/schoenstatt.com\/pt-pt\/#website","url":"https:\/\/schoenstatt.com\/pt-pt\/","name":"Schoenstatt","description":"Apostolic Movement","publisher":{"@id":"https:\/\/schoenstatt.com\/pt-pt\/#organization"},"potentialAction":[{"@type":"SearchAction","target":{"@type":"EntryPoint","urlTemplate":"https:\/\/schoenstatt.com\/pt-pt\/?s={search_term_string}"},"query-input":{"@type":"PropertyValueSpecification","valueRequired":true,"valueName":"search_term_string"}}],"inLanguage":"pt-PT"},{"@type":"Organization","@id":"https:\/\/schoenstatt.com\/pt-pt\/#organization","name":"Schoenstatt","url":"https:\/\/schoenstatt.com\/pt-pt\/","logo":{"@type":"ImageObject","inLanguage":"pt-PT","@id":"https:\/\/schoenstatt.com\/pt-pt\/#\/schema\/logo\/image\/","url":"https:\/\/schoenstatt.com\/wp-content\/uploads\/2025\/04\/logo-schoenstatt-white-696x696-1.png","contentUrl":"https:\/\/schoenstatt.com\/wp-content\/uploads\/2025\/04\/logo-schoenstatt-white-696x696-1.png","width":696,"height":694,"caption":"Schoenstatt"},"image":{"@id":"https:\/\/schoenstatt.com\/pt-pt\/#\/schema\/logo\/image\/"}},{"@type":"Person","@id":"https:\/\/schoenstatt.com\/pt-pt\/#\/schema\/person\/5158877ad4acae98b34daaeef2a1ce6e","name":"Karen Bueno","image":{"@type":"ImageObject","inLanguage":"pt-PT","@id":"https:\/\/secure.gravatar.com\/avatar\/f9f4b823873154269d2b2130f195f6d41037dd0d7fc5f3cacb5c846bae70d66b?s=96&d=mm&r=g","url":"https:\/\/secure.gravatar.com\/avatar\/f9f4b823873154269d2b2130f195f6d41037dd0d7fc5f3cacb5c846bae70d66b?s=96&d=mm&r=g","contentUrl":"https:\/\/secure.gravatar.com\/avatar\/f9f4b823873154269d2b2130f195f6d41037dd0d7fc5f3cacb5c846bae70d66b?s=96&d=mm&r=g","caption":"Karen Bueno"},"url":"https:\/\/schoenstatt.com\/pt-pt\/author\/karen-bueno\/"}]}},"_links":{"self":[{"href":"https:\/\/schoenstatt.com\/pt-pt\/wp-json\/wp\/v2\/posts\/40311","targetHints":{"allow":["GET"]}}],"collection":[{"href":"https:\/\/schoenstatt.com\/pt-pt\/wp-json\/wp\/v2\/posts"}],"about":[{"href":"https:\/\/schoenstatt.com\/pt-pt\/wp-json\/wp\/v2\/types\/post"}],"author":[{"embeddable":true,"href":"https:\/\/schoenstatt.com\/pt-pt\/wp-json\/wp\/v2\/users\/3"}],"replies":[{"embeddable":true,"href":"https:\/\/schoenstatt.com\/pt-pt\/wp-json\/wp\/v2\/comments?post=40311"}],"version-history":[{"count":1,"href":"https:\/\/schoenstatt.com\/pt-pt\/wp-json\/wp\/v2\/posts\/40311\/revisions"}],"predecessor-version":[{"id":46898,"href":"https:\/\/schoenstatt.com\/pt-pt\/wp-json\/wp\/v2\/posts\/40311\/revisions\/46898"}],"wp:featuredmedia":[{"embeddable":true,"href":"https:\/\/schoenstatt.com\/pt-pt\/wp-json\/wp\/v2\/media\/40307"}],"wp:attachment":[{"href":"https:\/\/schoenstatt.com\/pt-pt\/wp-json\/wp\/v2\/media?parent=40311"}],"wp:term":[{"taxonomy":"category","embeddable":true,"href":"https:\/\/schoenstatt.com\/pt-pt\/wp-json\/wp\/v2\/categories?post=40311"},{"taxonomy":"post_tag","embeddable":true,"href":"https:\/\/schoenstatt.com\/pt-pt\/wp-json\/wp\/v2\/tags?post=40311"}],"curies":[{"name":"wp","href":"https:\/\/api.w.org\/{rel}","templated":true}]}}