{"id":40275,"date":"2024-07-19T04:11:00","date_gmt":"2024-07-19T02:11:00","guid":{"rendered":"https:\/\/schoenstatt.com\/?p=40275"},"modified":"2025-05-16T01:17:54","modified_gmt":"2025-05-15T23:17:54","slug":"como-sera-a-coroa-do-santuario-de-belmonte-conheca-seu-significado","status":"publish","type":"post","link":"https:\/\/schoenstatt.com\/pt-pt\/como-sera-a-coroa-do-santuario-de-belmonte-conheca-seu-significado\/","title":{"rendered":"Como ser\u00e1 a coroa do Santu\u00e1rio de Belmonte? Conhe\u00e7a seu significado"},"content":{"rendered":"\n<p>Em 2025, no dia 9 de junho, a M\u00e3e e Rainha ser\u00e1 coroada no <a href=\"https:\/\/www.roma-belmonte.info\/pt\/\" target=\"_blank\" rel=\"noreferrer noopener\">Santu\u00e1rio Matri Ecclesiae<\/a>, no Centro Internacional de Schoenstatt de Roma, Belmonte.<\/p>\n\n\n\n<h2 class=\"wp-block-heading\" id=\"h-o-significado-da-coroa\">O significado da coroa<\/h2>\n\n\n\n<p>Hoje vamos descobrir como ser\u00e1 o formato e qual o significado da coroa da MTA para o Santu\u00e1rio de Belmonte. Acompanhe:<\/p>\n\n\n\n<figure class=\"wp-block-image size-large\"><img decoding=\"async\" src=\"https:\/\/schoenstatt.com\/wp-content\/uploads\/2024\/07\/corona-coroa-krone-crown-belmonte-1024x708.jpg\" alt=\"\" class=\"wp-image-40251\"\/><\/figure>\n\n\n\n<p>\u201cQuando estiverdes em dificuldade, coroai a M\u00e3e de Deus!\u201d (Pe. Jos\u00e9 Kentenich)<\/p>\n\n\n\n<p>\u201cQual \u00e9 a raz\u00e3o para oferecer a coroa \u00e0 M\u00e3e de Deus? Por que coroar Maria? A coroa\u00e7\u00e3o \u00e9 uma express\u00e3o de gratid\u00e3o pessoal, de oferta total e de confian\u00e7a ilimitada no poder daquela que, al\u00e9m de M\u00e3e, \u00e9 Rainha Vencedora\u2026. \u2018Ela \u00e9 a grande mission\u00e1ria! Ela far\u00e1 milagres!\u2019&#8221; (Monsenhor Tenhumberg)<\/p>\n\n\n\n<p>A coroa da \u201cRainha Mater Ecclesiae\u201d \u00e9 uma r\u00e9plica fiel da coroa da M\u00e3e, Rainha e Vencedora Tr\u00eas Vezes Admir\u00e1vel de Schoenstatt do Santu\u00e1rio Original, que indica: unidade, coes\u00e3o e fidelidade \u00e0 origem, bem como doa\u00e7\u00e3o total e confian\u00e7a ilimitada no carisma e na miss\u00e3o do nosso Pai e Fundador, profeta da Igreja nas novas margens do tempo.<\/p>\n\n\n\n<p>H\u00e1 um pequeno detalhe que a distingue: a coroa traz o logotipo de Belmonte em sua base central, em vermelho-amaranto (entre o escarlate e o carmesim). O logotipo indica a uni\u00e3o dos filhos de Schoenstatt, que abra\u00e7am a Bas\u00edlica de S\u00e3o Pedro, em cuja c\u00fapula h\u00e1 um pequeno tri\u00e2ngulo, que lembra o s\u00edmbolo do Pai, para o qual tende a hist\u00f3ria humana: \u201cPor Cristo, com Maria, no Esp\u00edrito Santo, ao Pai!\u201d<\/p>\n\n\n\n<h2 class=\"wp-block-heading\" id=\"h-simbolo-de-belmonte\"><strong>S\u00edmbolo de Belmonte<\/strong><\/h2>\n\n\n\n<p>O logotipo est\u00e1 centralizado entre as duas delicadas linhas horizontais de pedras rubi e as quatro pequenas cruzes. As duas fileiras de strass podem significar: \u201cNada sem v\u00f3s (a de cima), nada sem n\u00f3s (a de baixo)\u201d. O vermelho dos rubis da coroa expressa a uni\u00e3o esponsal, o sangue de Cristo, imolado e ressuscitado, por amor total a n\u00f3s, sua Igreja. Na Sagrada Escritura, os rubis aparecem como a primeira pedra colocada no \u201cpeitoral do julgamento\u201d do Sumo Sacerdote (cf. Ex 28,17) e o material das ameias das muralhas da nova Jerusal\u00e9m, adornada como a noiva amada do Senhor (cf. Is 54,12).<\/p>\n\n\n\n<h2 class=\"wp-block-heading\" id=\"h-as-pequenas-cruzes\"><strong>As pequenas cruzes<\/strong><\/h2>\n\n\n\n<p>As quatro pequenas cruzes significam os <a href=\"https:\/\/schoenstatt.com\/pt-pt\/perguntas-frequentes\/\">quatro marcos hist\u00f3ricos de Schoenstatt<\/a>: 18.10.1914 \/ 20.01.1942 \/ 31.05.1949 \/ 22.10.1965.<\/p>\n\n\n\n<p>Elas tamb\u00e9m indicam que a hist\u00f3ria de Schoenstatt faz parte do mist\u00e9rio da salva\u00e7\u00e3o de Cristo que viveu, sofreu, morreu e ressuscitou por n\u00f3s e por toda a humanidade. Maria, M\u00e3e, Rainha e Vencedora, est\u00e1 indissoluvelmente associada a Cristo Rei em toda a Obra da Reden\u00e7\u00e3o. Com a Alian\u00e7a de Amor de 18 de outubro de 1914, selada no Santu\u00e1rio Original de Schoenstatt, ela aceitou estabelecer-se ali, movida pela livre colabora\u00e7\u00e3o humana do Pai e Fundador e de seus jovens aliados.<\/p>\n\n\n\n<figure class=\"wp-block-image size-large\"><img decoding=\"async\" src=\"https:\/\/schoenstatt.com\/wp-content\/uploads\/2024\/07\/corona-coroa-krone-crown-1024x461.jpg\" alt=\"\" class=\"wp-image-40255\"\/><figcaption class=\"wp-element-caption\">A Ir. M. Roseli Romancini, de Santa Maria (Brasil), \u00e9 quem trabalha na confec\u00e7\u00e3o da coroa<\/figcaption><\/figure>\n\n\n\n<h2 class=\"wp-block-heading\" id=\"h-uma-igreja-pobre\"><strong>Uma Igreja pobre<\/strong><\/h2>\n\n\n\n<p>A coroa \u00e9 feita de metal banhado a ouro. Renunciamos a uma coroa feita inteiramente de ouro pensando em uma das caracter\u00edsticas da Igreja renovada (uma das mensagens do Santu\u00e1rio Matri Ecclesiae) segundo o pensamento do Pe. Kentenich: \u201cuma Igreja pobre\u201d, capaz de renunciar ao esplendor exterior ao qual se acostumou ao longo da hist\u00f3ria.<\/p>\n\n\n\n<p>O ouro \u00e9 s\u00edmbolo de perfei\u00e7\u00e3o, qualidade, ilumina\u00e7\u00e3o, conhecimento, nobreza, amor e imortalidade. Na B\u00edblia, o ouro \u00e9 mencionado mais de 400 vezes. Deus sempre quis revestir sua casa (cf. 2Cr 3,1-10), sua arca (cf. Ex 25,10-18) e sua noiva (cf. Sl 45,14) com ouro. Seu uso significa dignidade e gl\u00f3ria terrenas e celestiais (cf. Sl 21,4-5). O ouro manifesta a realeza de Jesus (cf. Mt 2,11), o Rei dos reis (cf. Ap 17,14; 19,16). Por fim, o ouro indica grande brilho e transpar\u00eancia luminosa; caracter\u00edsticas imposs\u00edveis de serem unidas na natureza, mas unidas na Escritura que descreve a Jerusal\u00e9m Celestial como uma \u201ccidade de ouro puro, como cristal\u201d: Apocalipse 21,18.<\/p>\n\n\n\n<h2 class=\"wp-block-heading\" id=\"h-o-jardim-de-maria\"><strong>O Jardim de Maria<\/strong><\/h2>\n\n\n\n<p>Da base da coroa saem as cinco hastes que, afiladas, se curvam e parecem envolver o mist\u00e9rio sagrado e o poder do amor que ela cont\u00e9m. Elas tamb\u00e9m podem significar nossa pequenez ao nos curvarmos diante da Regina Mater Ecclesiae. No espa\u00e7o entre as hastes est\u00e1 o delicado contorno de quatro l\u00edrios sustentando, em pequenos pedestais, quatro flores formadas por pedras de cristal cintilantes, s\u00edmbolos de pureza e transpar\u00eancia (cf. Ap 4,6; 22,1; 22,1) que significam o Jardim de Maria de Schoenstatt.<\/p>\n\n\n\n<p>As tr\u00eas hastes centrais s\u00e3o incrustadas com tr\u00eas rubis maiores, que oferecem a possibilidade de muitas interpreta\u00e7\u00f5es simb\u00f3licas: a Sant\u00edssima Trindade, o principal mist\u00e9rio de nossa f\u00e9 crist\u00e3; as tr\u00eas virtudes teologais: f\u00e9, esperan\u00e7a e caridade; as tr\u00eas gra\u00e7as do Santu\u00e1rio; as tr\u00eas mensagens de Schoenstatt: Alian\u00e7a de Amor, f\u00e9 pr\u00e1tica na Divina Provid\u00eancia e consci\u00eancia de miss\u00e3o; os tr\u00eas pontos de contato: a M\u00e3e de Deus, o Santu\u00e1rio e o Fundador.<\/p>\n\n\n\n<h2 class=\"wp-block-heading\" id=\"h-as-frases\"><strong>As frases<\/strong><\/h2>\n\n\n\n<figure class=\"wp-block-image size-large\"><img decoding=\"async\" src=\"https:\/\/schoenstatt.com\/wp-content\/uploads\/2024\/07\/corona-coroa-krone-crown-3-1024x610.jpg\" alt=\"\" class=\"wp-image-40247\"\/><\/figure>\n\n\n\n<p>No verso da coroa est\u00e3o gravadas a data da coroa\u00e7\u00e3o (06\/09\/2025) e duas frases: \u201cRegina Mater Ecclesiae, clarifica Te\u201d e \u201cDilexit Ecclesiam\u201d. A coroa\u00e7\u00e3o da Regina Mater Ecclesiae ser\u00e1 na festa de Maria M\u00e3e da Igreja, no dia seguinte \u00e0 festa de Pentecostes 2025, no contexto do Ano Santo que coincide com o 60\u00ba anivers\u00e1rio do encerramento do Conc\u00edlio Vaticano II. \u00c9 uma express\u00e3o de gratid\u00e3o, entrega total e confian\u00e7a ilimitada por parte do Movimento de Schoenstatt para que Nossa Senhora, como Regina Mater Ecclesiae, possa intervir na hist\u00f3ria com seu poder real, especialmente:<\/p>\n\n\n\n<ul class=\"wp-block-list\">\n<li>na abertura completa e definitiva do Centro Internacional do Movimento de Schoenstatt em Roma, com sua \u201cCasa para F\u00e9rias\u201d;<\/li>\n\n\n\n<li>na realiza\u00e7\u00e3o da \u201cVis\u00e3o da Candel\u00e1ria\u201d, neste momento em que algumas acusa\u00e7\u00f5es tentam \u201cenviar o Padre Kentenich novamente para o ex\u00edlio\u201d, implorando que a Virgem Sant\u00edssima liberte o Fundador e ajude a Igreja a chegar \u00e0 verdade.<\/li>\n<\/ul>\n\n\n\n<p><\/p>\n\n\n\n<p>O reitor do Centro Internacional, o Pe. Marcelo Cervi, refor\u00e7a: \u201cTodos est\u00e3o convidados a vir a Roma para o Jubileu 2025 e a visitar o nosso Santu\u00e1rio, lembrando o que escreveu Papa Francisco na Bula SPES NON CONFUNDIT, com a qual proclamou o Jubileu 2025: \u2018Aos peregrinos que vierem a Roma, convido-os a fazerem uma parada orante nos Santu\u00e1rios Marianos da cidade a fim de venerar a Virgem Maria e invocar a sua prote\u00e7\u00e3o\u2019\u201d.<\/p>\n\n\n\n<p><strong>Saiba mais:<\/strong><\/p>\n\n\n\n<figure class=\"wp-block-embed is-type-wp-embed is-provider-schoenstatt wp-block-embed-schoenstatt\"><div class=\"wp-block-embed__wrapper\">\n<blockquote class=\"wp-embedded-content\" data-secret=\"NwlfoESwdw\"><a href=\"https:\/\/schoenstatt.com\/belmonte-concrete-preparations-begin-for-the-2025-international-coronation\/\">Belmonte: Concrete preparations begin for the 2025 International Coronation<\/a><\/blockquote><iframe class=\"wp-embedded-content\" sandbox=\"allow-scripts\" security=\"restricted\" style=\"position: absolute; clip: rect(1px, 1px, 1px, 1px);\" title=\"&#8220;Belmonte: Concrete preparations begin for the 2025 International Coronation&#8221; &#8212; Schoenstatt\" src=\"https:\/\/schoenstatt.com\/belmonte-concrete-preparations-begin-for-the-2025-international-coronation\/embed\/#?secret=4Oya9oWcPY#?secret=NwlfoESwdw\" data-secret=\"NwlfoESwdw\" width=\"600\" height=\"338\" frameborder=\"0\" marginwidth=\"0\" marginheight=\"0\" scrolling=\"no\"><\/iframe>\n<\/div><\/figure>\n\n\n\n<figure class=\"wp-block-embed is-type-wp-embed is-provider-schoenstatt wp-block-embed-schoenstatt\"><div class=\"wp-block-embed__wrapper\">\n<blockquote class=\"wp-embedded-content\" data-secret=\"8e1DNGFF2x\"><a href=\"https:\/\/schoenstatt.com\/schoenstatt-has-2-international-shrines-today-is-the-anniversary-of-one-of-them\/\">Schoenstatt has 2 &#8220;International&#8221; Shrines &#8211; Today is the anniversary of one of them<\/a><\/blockquote><iframe class=\"wp-embedded-content\" sandbox=\"allow-scripts\" security=\"restricted\" style=\"position: absolute; clip: rect(1px, 1px, 1px, 1px);\" title=\"&#8220;Schoenstatt has 2 &#8220;International&#8221; Shrines &#8211; Today is the anniversary of one of them&#8221; &#8212; Schoenstatt\" src=\"https:\/\/schoenstatt.com\/schoenstatt-has-2-international-shrines-today-is-the-anniversary-of-one-of-them\/embed\/#?secret=QqwKOFjLRm#?secret=8e1DNGFF2x\" data-secret=\"8e1DNGFF2x\" width=\"600\" height=\"338\" frameborder=\"0\" marginwidth=\"0\" marginheight=\"0\" scrolling=\"no\"><\/iframe>\n<\/div><\/figure>\n","protected":false},"excerpt":{"rendered":"<p>Conhe\u00e7a aqui o formato e o significado da coroa do Santu\u00e1rio de Belmonte, em Roma, cuja coroa\u00e7\u00e3o ser\u00e1 no Ano Santo de 2025<\/p>\n","protected":false},"author":3,"featured_media":40241,"comment_status":"closed","ping_status":"closed","sticky":false,"template":"","format":"standard","meta":{"footnotes":""},"categories":[608],"tags":[],"class_list":["post-40275","post","type-post","status-publish","format-standard","has-post-thumbnail","hentry","category-igreja-pt-pt"],"yoast_head":"<!-- This site is optimized with the Yoast SEO Premium plugin v27.4 (Yoast SEO v27.5) - https:\/\/yoast.com\/product\/yoast-seo-premium-wordpress\/ -->\n<title>Como ser\u00e1 a coroa do Santu\u00e1rio de Belmonte? Conhe\u00e7a seu significado<\/title>\n<meta name=\"description\" content=\"Conhe\u00e7a aqui o formato e o significado da coroa do Santu\u00e1rio de Belmonte, em Roma, cuja coroa\u00e7\u00e3o ser\u00e1 no Ano Santo de 2025\" \/>\n<meta name=\"robots\" content=\"index, follow, max-snippet:-1, max-image-preview:large, max-video-preview:-1\" \/>\n<link rel=\"canonical\" href=\"https:\/\/schoenstatt.com\/pt-pt\/como-sera-a-coroa-do-santuario-de-belmonte-conheca-seu-significado\/\" \/>\n<meta property=\"og:locale\" content=\"pt_PT\" \/>\n<meta property=\"og:type\" content=\"article\" \/>\n<meta property=\"og:title\" content=\"Como ser\u00e1 a coroa do Santu\u00e1rio de Belmonte? Conhe\u00e7a seu significado\" \/>\n<meta property=\"og:description\" content=\"Conhe\u00e7a aqui o formato e o significado da coroa do Santu\u00e1rio de Belmonte, em Roma, cuja coroa\u00e7\u00e3o ser\u00e1 no Ano Santo de 2025\" \/>\n<meta property=\"og:url\" content=\"https:\/\/schoenstatt.com\/pt-pt\/como-sera-a-coroa-do-santuario-de-belmonte-conheca-seu-significado\/\" \/>\n<meta property=\"og:site_name\" content=\"Schoenstatt\" \/>\n<meta property=\"article:published_time\" content=\"2024-07-19T02:11:00+00:00\" \/>\n<meta property=\"article:modified_time\" content=\"2025-05-15T23:17:54+00:00\" \/>\n<meta property=\"og:image\" content=\"https:\/\/schoenstatt.com\/wp-content\/uploads\/2024\/07\/corona-coroa-krone-crown-2-1.jpg\" \/>\n\t<meta property=\"og:image:width\" content=\"1600\" \/>\n\t<meta property=\"og:image:height\" content=\"670\" \/>\n\t<meta property=\"og:image:type\" content=\"image\/jpeg\" \/>\n<meta name=\"author\" content=\"Karen Bueno\" \/>\n<meta name=\"twitter:card\" content=\"summary_large_image\" \/>\n<meta name=\"twitter:label1\" content=\"Escrito por\" \/>\n\t<meta name=\"twitter:data1\" content=\"Karen Bueno\" \/>\n\t<meta name=\"twitter:label2\" content=\"Tempo estimado de leitura\" \/>\n\t<meta name=\"twitter:data2\" content=\"6 minutos\" \/>\n<script type=\"application\/ld+json\" class=\"yoast-schema-graph\">{\"@context\":\"https:\\\/\\\/schema.org\",\"@graph\":[{\"@type\":\"Article\",\"@id\":\"https:\\\/\\\/schoenstatt.com\\\/pt-pt\\\/como-sera-a-coroa-do-santuario-de-belmonte-conheca-seu-significado\\\/#article\",\"isPartOf\":{\"@id\":\"https:\\\/\\\/schoenstatt.com\\\/pt-pt\\\/como-sera-a-coroa-do-santuario-de-belmonte-conheca-seu-significado\\\/\"},\"author\":{\"name\":\"Karen Bueno\",\"@id\":\"https:\\\/\\\/schoenstatt.com\\\/pt-pt\\\/#\\\/schema\\\/person\\\/5158877ad4acae98b34daaeef2a1ce6e\"},\"headline\":\"Como ser\u00e1 a coroa do Santu\u00e1rio de Belmonte? Conhe\u00e7a seu significado\",\"datePublished\":\"2024-07-19T02:11:00+00:00\",\"dateModified\":\"2025-05-15T23:17:54+00:00\",\"mainEntityOfPage\":{\"@id\":\"https:\\\/\\\/schoenstatt.com\\\/pt-pt\\\/como-sera-a-coroa-do-santuario-de-belmonte-conheca-seu-significado\\\/\"},\"wordCount\":1114,\"publisher\":{\"@id\":\"https:\\\/\\\/schoenstatt.com\\\/pt-pt\\\/#organization\"},\"image\":{\"@id\":\"https:\\\/\\\/schoenstatt.com\\\/pt-pt\\\/como-sera-a-coroa-do-santuario-de-belmonte-conheca-seu-significado\\\/#primaryimage\"},\"thumbnailUrl\":\"https:\\\/\\\/schoenstatt.com\\\/wp-content\\\/uploads\\\/2024\\\/07\\\/corona-coroa-krone-crown-2-1.jpg\",\"articleSection\":[\"Igreja\"],\"inLanguage\":\"pt-PT\"},{\"@type\":\"WebPage\",\"@id\":\"https:\\\/\\\/schoenstatt.com\\\/pt-pt\\\/como-sera-a-coroa-do-santuario-de-belmonte-conheca-seu-significado\\\/\",\"url\":\"https:\\\/\\\/schoenstatt.com\\\/pt-pt\\\/como-sera-a-coroa-do-santuario-de-belmonte-conheca-seu-significado\\\/\",\"name\":\"Como ser\u00e1 a coroa do Santu\u00e1rio de Belmonte? Conhe\u00e7a seu significado\",\"isPartOf\":{\"@id\":\"https:\\\/\\\/schoenstatt.com\\\/pt-pt\\\/#website\"},\"primaryImageOfPage\":{\"@id\":\"https:\\\/\\\/schoenstatt.com\\\/pt-pt\\\/como-sera-a-coroa-do-santuario-de-belmonte-conheca-seu-significado\\\/#primaryimage\"},\"image\":{\"@id\":\"https:\\\/\\\/schoenstatt.com\\\/pt-pt\\\/como-sera-a-coroa-do-santuario-de-belmonte-conheca-seu-significado\\\/#primaryimage\"},\"thumbnailUrl\":\"https:\\\/\\\/schoenstatt.com\\\/wp-content\\\/uploads\\\/2024\\\/07\\\/corona-coroa-krone-crown-2-1.jpg\",\"datePublished\":\"2024-07-19T02:11:00+00:00\",\"dateModified\":\"2025-05-15T23:17:54+00:00\",\"description\":\"Conhe\u00e7a aqui o formato e o significado da coroa do Santu\u00e1rio de Belmonte, em Roma, cuja coroa\u00e7\u00e3o ser\u00e1 no Ano Santo de 2025\",\"breadcrumb\":{\"@id\":\"https:\\\/\\\/schoenstatt.com\\\/pt-pt\\\/como-sera-a-coroa-do-santuario-de-belmonte-conheca-seu-significado\\\/#breadcrumb\"},\"inLanguage\":\"pt-PT\",\"potentialAction\":[{\"@type\":\"ReadAction\",\"target\":[\"https:\\\/\\\/schoenstatt.com\\\/pt-pt\\\/como-sera-a-coroa-do-santuario-de-belmonte-conheca-seu-significado\\\/\"]}]},{\"@type\":\"ImageObject\",\"inLanguage\":\"pt-PT\",\"@id\":\"https:\\\/\\\/schoenstatt.com\\\/pt-pt\\\/como-sera-a-coroa-do-santuario-de-belmonte-conheca-seu-significado\\\/#primaryimage\",\"url\":\"https:\\\/\\\/schoenstatt.com\\\/wp-content\\\/uploads\\\/2024\\\/07\\\/corona-coroa-krone-crown-2-1.jpg\",\"contentUrl\":\"https:\\\/\\\/schoenstatt.com\\\/wp-content\\\/uploads\\\/2024\\\/07\\\/corona-coroa-krone-crown-2-1.jpg\",\"width\":1600,\"height\":670},{\"@type\":\"BreadcrumbList\",\"@id\":\"https:\\\/\\\/schoenstatt.com\\\/pt-pt\\\/como-sera-a-coroa-do-santuario-de-belmonte-conheca-seu-significado\\\/#breadcrumb\",\"itemListElement\":[{\"@type\":\"ListItem\",\"position\":1,\"name\":\"Portada\",\"item\":\"https:\\\/\\\/schoenstatt.com\\\/pt-pt\\\/home\\\/\"},{\"@type\":\"ListItem\",\"position\":2,\"name\":\"Como ser\u00e1 a coroa do Santu\u00e1rio de Belmonte? Conhe\u00e7a seu significado\"}]},{\"@type\":\"WebSite\",\"@id\":\"https:\\\/\\\/schoenstatt.com\\\/pt-pt\\\/#website\",\"url\":\"https:\\\/\\\/schoenstatt.com\\\/pt-pt\\\/\",\"name\":\"Schoenstatt\",\"description\":\"Apostolic Movement\",\"publisher\":{\"@id\":\"https:\\\/\\\/schoenstatt.com\\\/pt-pt\\\/#organization\"},\"potentialAction\":[{\"@type\":\"SearchAction\",\"target\":{\"@type\":\"EntryPoint\",\"urlTemplate\":\"https:\\\/\\\/schoenstatt.com\\\/pt-pt\\\/?s={search_term_string}\"},\"query-input\":{\"@type\":\"PropertyValueSpecification\",\"valueRequired\":true,\"valueName\":\"search_term_string\"}}],\"inLanguage\":\"pt-PT\"},{\"@type\":\"Organization\",\"@id\":\"https:\\\/\\\/schoenstatt.com\\\/pt-pt\\\/#organization\",\"name\":\"Schoenstatt\",\"url\":\"https:\\\/\\\/schoenstatt.com\\\/pt-pt\\\/\",\"logo\":{\"@type\":\"ImageObject\",\"inLanguage\":\"pt-PT\",\"@id\":\"https:\\\/\\\/schoenstatt.com\\\/pt-pt\\\/#\\\/schema\\\/logo\\\/image\\\/\",\"url\":\"https:\\\/\\\/schoenstatt.com\\\/wp-content\\\/uploads\\\/2025\\\/04\\\/logo-schoenstatt-white-696x696-1.png\",\"contentUrl\":\"https:\\\/\\\/schoenstatt.com\\\/wp-content\\\/uploads\\\/2025\\\/04\\\/logo-schoenstatt-white-696x696-1.png\",\"width\":696,\"height\":694,\"caption\":\"Schoenstatt\"},\"image\":{\"@id\":\"https:\\\/\\\/schoenstatt.com\\\/pt-pt\\\/#\\\/schema\\\/logo\\\/image\\\/\"}},{\"@type\":\"Person\",\"@id\":\"https:\\\/\\\/schoenstatt.com\\\/pt-pt\\\/#\\\/schema\\\/person\\\/5158877ad4acae98b34daaeef2a1ce6e\",\"name\":\"Karen Bueno\",\"image\":{\"@type\":\"ImageObject\",\"inLanguage\":\"pt-PT\",\"@id\":\"https:\\\/\\\/secure.gravatar.com\\\/avatar\\\/f9f4b823873154269d2b2130f195f6d41037dd0d7fc5f3cacb5c846bae70d66b?s=96&d=mm&r=g\",\"url\":\"https:\\\/\\\/secure.gravatar.com\\\/avatar\\\/f9f4b823873154269d2b2130f195f6d41037dd0d7fc5f3cacb5c846bae70d66b?s=96&d=mm&r=g\",\"contentUrl\":\"https:\\\/\\\/secure.gravatar.com\\\/avatar\\\/f9f4b823873154269d2b2130f195f6d41037dd0d7fc5f3cacb5c846bae70d66b?s=96&d=mm&r=g\",\"caption\":\"Karen Bueno\"},\"url\":\"https:\\\/\\\/schoenstatt.com\\\/pt-pt\\\/author\\\/karen-bueno\\\/\"}]}<\/script>\n<!-- \/ Yoast SEO Premium plugin. -->","yoast_head_json":{"title":"Como ser\u00e1 a coroa do Santu\u00e1rio de Belmonte? Conhe\u00e7a seu significado","description":"Conhe\u00e7a aqui o formato e o significado da coroa do Santu\u00e1rio de Belmonte, em Roma, cuja coroa\u00e7\u00e3o ser\u00e1 no Ano Santo de 2025","robots":{"index":"index","follow":"follow","max-snippet":"max-snippet:-1","max-image-preview":"max-image-preview:large","max-video-preview":"max-video-preview:-1"},"canonical":"https:\/\/schoenstatt.com\/pt-pt\/como-sera-a-coroa-do-santuario-de-belmonte-conheca-seu-significado\/","og_locale":"pt_PT","og_type":"article","og_title":"Como ser\u00e1 a coroa do Santu\u00e1rio de Belmonte? Conhe\u00e7a seu significado","og_description":"Conhe\u00e7a aqui o formato e o significado da coroa do Santu\u00e1rio de Belmonte, em Roma, cuja coroa\u00e7\u00e3o ser\u00e1 no Ano Santo de 2025","og_url":"https:\/\/schoenstatt.com\/pt-pt\/como-sera-a-coroa-do-santuario-de-belmonte-conheca-seu-significado\/","og_site_name":"Schoenstatt","article_published_time":"2024-07-19T02:11:00+00:00","article_modified_time":"2025-05-15T23:17:54+00:00","og_image":[{"width":1600,"height":670,"url":"https:\/\/schoenstatt.com\/wp-content\/uploads\/2024\/07\/corona-coroa-krone-crown-2-1.jpg","type":"image\/jpeg"}],"author":"Karen Bueno","twitter_card":"summary_large_image","twitter_misc":{"Escrito por":"Karen Bueno","Tempo estimado de leitura":"6 minutos"},"schema":{"@context":"https:\/\/schema.org","@graph":[{"@type":"Article","@id":"https:\/\/schoenstatt.com\/pt-pt\/como-sera-a-coroa-do-santuario-de-belmonte-conheca-seu-significado\/#article","isPartOf":{"@id":"https:\/\/schoenstatt.com\/pt-pt\/como-sera-a-coroa-do-santuario-de-belmonte-conheca-seu-significado\/"},"author":{"name":"Karen Bueno","@id":"https:\/\/schoenstatt.com\/pt-pt\/#\/schema\/person\/5158877ad4acae98b34daaeef2a1ce6e"},"headline":"Como ser\u00e1 a coroa do Santu\u00e1rio de Belmonte? Conhe\u00e7a seu significado","datePublished":"2024-07-19T02:11:00+00:00","dateModified":"2025-05-15T23:17:54+00:00","mainEntityOfPage":{"@id":"https:\/\/schoenstatt.com\/pt-pt\/como-sera-a-coroa-do-santuario-de-belmonte-conheca-seu-significado\/"},"wordCount":1114,"publisher":{"@id":"https:\/\/schoenstatt.com\/pt-pt\/#organization"},"image":{"@id":"https:\/\/schoenstatt.com\/pt-pt\/como-sera-a-coroa-do-santuario-de-belmonte-conheca-seu-significado\/#primaryimage"},"thumbnailUrl":"https:\/\/schoenstatt.com\/wp-content\/uploads\/2024\/07\/corona-coroa-krone-crown-2-1.jpg","articleSection":["Igreja"],"inLanguage":"pt-PT"},{"@type":"WebPage","@id":"https:\/\/schoenstatt.com\/pt-pt\/como-sera-a-coroa-do-santuario-de-belmonte-conheca-seu-significado\/","url":"https:\/\/schoenstatt.com\/pt-pt\/como-sera-a-coroa-do-santuario-de-belmonte-conheca-seu-significado\/","name":"Como ser\u00e1 a coroa do Santu\u00e1rio de Belmonte? Conhe\u00e7a seu significado","isPartOf":{"@id":"https:\/\/schoenstatt.com\/pt-pt\/#website"},"primaryImageOfPage":{"@id":"https:\/\/schoenstatt.com\/pt-pt\/como-sera-a-coroa-do-santuario-de-belmonte-conheca-seu-significado\/#primaryimage"},"image":{"@id":"https:\/\/schoenstatt.com\/pt-pt\/como-sera-a-coroa-do-santuario-de-belmonte-conheca-seu-significado\/#primaryimage"},"thumbnailUrl":"https:\/\/schoenstatt.com\/wp-content\/uploads\/2024\/07\/corona-coroa-krone-crown-2-1.jpg","datePublished":"2024-07-19T02:11:00+00:00","dateModified":"2025-05-15T23:17:54+00:00","description":"Conhe\u00e7a aqui o formato e o significado da coroa do Santu\u00e1rio de Belmonte, em Roma, cuja coroa\u00e7\u00e3o ser\u00e1 no Ano Santo de 2025","breadcrumb":{"@id":"https:\/\/schoenstatt.com\/pt-pt\/como-sera-a-coroa-do-santuario-de-belmonte-conheca-seu-significado\/#breadcrumb"},"inLanguage":"pt-PT","potentialAction":[{"@type":"ReadAction","target":["https:\/\/schoenstatt.com\/pt-pt\/como-sera-a-coroa-do-santuario-de-belmonte-conheca-seu-significado\/"]}]},{"@type":"ImageObject","inLanguage":"pt-PT","@id":"https:\/\/schoenstatt.com\/pt-pt\/como-sera-a-coroa-do-santuario-de-belmonte-conheca-seu-significado\/#primaryimage","url":"https:\/\/schoenstatt.com\/wp-content\/uploads\/2024\/07\/corona-coroa-krone-crown-2-1.jpg","contentUrl":"https:\/\/schoenstatt.com\/wp-content\/uploads\/2024\/07\/corona-coroa-krone-crown-2-1.jpg","width":1600,"height":670},{"@type":"BreadcrumbList","@id":"https:\/\/schoenstatt.com\/pt-pt\/como-sera-a-coroa-do-santuario-de-belmonte-conheca-seu-significado\/#breadcrumb","itemListElement":[{"@type":"ListItem","position":1,"name":"Portada","item":"https:\/\/schoenstatt.com\/pt-pt\/home\/"},{"@type":"ListItem","position":2,"name":"Como ser\u00e1 a coroa do Santu\u00e1rio de Belmonte? Conhe\u00e7a seu significado"}]},{"@type":"WebSite","@id":"https:\/\/schoenstatt.com\/pt-pt\/#website","url":"https:\/\/schoenstatt.com\/pt-pt\/","name":"Schoenstatt","description":"Apostolic Movement","publisher":{"@id":"https:\/\/schoenstatt.com\/pt-pt\/#organization"},"potentialAction":[{"@type":"SearchAction","target":{"@type":"EntryPoint","urlTemplate":"https:\/\/schoenstatt.com\/pt-pt\/?s={search_term_string}"},"query-input":{"@type":"PropertyValueSpecification","valueRequired":true,"valueName":"search_term_string"}}],"inLanguage":"pt-PT"},{"@type":"Organization","@id":"https:\/\/schoenstatt.com\/pt-pt\/#organization","name":"Schoenstatt","url":"https:\/\/schoenstatt.com\/pt-pt\/","logo":{"@type":"ImageObject","inLanguage":"pt-PT","@id":"https:\/\/schoenstatt.com\/pt-pt\/#\/schema\/logo\/image\/","url":"https:\/\/schoenstatt.com\/wp-content\/uploads\/2025\/04\/logo-schoenstatt-white-696x696-1.png","contentUrl":"https:\/\/schoenstatt.com\/wp-content\/uploads\/2025\/04\/logo-schoenstatt-white-696x696-1.png","width":696,"height":694,"caption":"Schoenstatt"},"image":{"@id":"https:\/\/schoenstatt.com\/pt-pt\/#\/schema\/logo\/image\/"}},{"@type":"Person","@id":"https:\/\/schoenstatt.com\/pt-pt\/#\/schema\/person\/5158877ad4acae98b34daaeef2a1ce6e","name":"Karen Bueno","image":{"@type":"ImageObject","inLanguage":"pt-PT","@id":"https:\/\/secure.gravatar.com\/avatar\/f9f4b823873154269d2b2130f195f6d41037dd0d7fc5f3cacb5c846bae70d66b?s=96&d=mm&r=g","url":"https:\/\/secure.gravatar.com\/avatar\/f9f4b823873154269d2b2130f195f6d41037dd0d7fc5f3cacb5c846bae70d66b?s=96&d=mm&r=g","contentUrl":"https:\/\/secure.gravatar.com\/avatar\/f9f4b823873154269d2b2130f195f6d41037dd0d7fc5f3cacb5c846bae70d66b?s=96&d=mm&r=g","caption":"Karen Bueno"},"url":"https:\/\/schoenstatt.com\/pt-pt\/author\/karen-bueno\/"}]}},"_links":{"self":[{"href":"https:\/\/schoenstatt.com\/pt-pt\/wp-json\/wp\/v2\/posts\/40275","targetHints":{"allow":["GET"]}}],"collection":[{"href":"https:\/\/schoenstatt.com\/pt-pt\/wp-json\/wp\/v2\/posts"}],"about":[{"href":"https:\/\/schoenstatt.com\/pt-pt\/wp-json\/wp\/v2\/types\/post"}],"author":[{"embeddable":true,"href":"https:\/\/schoenstatt.com\/pt-pt\/wp-json\/wp\/v2\/users\/3"}],"replies":[{"embeddable":true,"href":"https:\/\/schoenstatt.com\/pt-pt\/wp-json\/wp\/v2\/comments?post=40275"}],"version-history":[{"count":1,"href":"https:\/\/schoenstatt.com\/pt-pt\/wp-json\/wp\/v2\/posts\/40275\/revisions"}],"predecessor-version":[{"id":46890,"href":"https:\/\/schoenstatt.com\/pt-pt\/wp-json\/wp\/v2\/posts\/40275\/revisions\/46890"}],"wp:featuredmedia":[{"embeddable":true,"href":"https:\/\/schoenstatt.com\/pt-pt\/wp-json\/wp\/v2\/media\/40241"}],"wp:attachment":[{"href":"https:\/\/schoenstatt.com\/pt-pt\/wp-json\/wp\/v2\/media?parent=40275"}],"wp:term":[{"taxonomy":"category","embeddable":true,"href":"https:\/\/schoenstatt.com\/pt-pt\/wp-json\/wp\/v2\/categories?post=40275"},{"taxonomy":"post_tag","embeddable":true,"href":"https:\/\/schoenstatt.com\/pt-pt\/wp-json\/wp\/v2\/tags?post=40275"}],"curies":[{"name":"wp","href":"https:\/\/api.w.org\/{rel}","templated":true}]}}