{"id":40160,"date":"2024-07-08T19:52:51","date_gmt":"2024-07-08T17:52:51","guid":{"rendered":"https:\/\/schoenstatt.com\/?p=40160"},"modified":"2025-05-16T03:01:59","modified_gmt":"2025-05-16T01:01:59","slug":"31-de-maio-em-schoenstatt-dia-solene-da-festa","status":"publish","type":"post","link":"https:\/\/schoenstatt.com\/pt-pt\/31-de-maio-em-schoenstatt-dia-solene-da-festa\/","title":{"rendered":"31 de Maio em Schoenstatt: Dia solene da festa"},"content":{"rendered":"\n<p>O dia do jubileu, 31 de maio, \u00e9 celebrado com grande alegria em Schoenstatt, Alemanha. M\u00e3os empenhadas prepararam a Igreja da Adora\u00e7\u00e3o, outras se ocuparam em arrumar o sagu\u00e3o da Casa Padre Kentenich com mesas e belas decora\u00e7\u00f5es de acordo com a celebra\u00e7\u00e3o.<\/p>\n\n\n\n<p>Antes da missa festiva, houve um tempo de adora\u00e7\u00e3o organizada, o que levou a uma atmosfera muito intensa e densa que permitiu acalmar a alma e se sintonizar com o conte\u00fado da liturgia seguinte.<\/p>\n\n\n\n<p>Certamente, a Igreja da Adora\u00e7\u00e3o nunca viu uma prociss\u00e3o t\u00e3o grande com tantas bandeiras nacionais diferentes, carregadas por candidatas das <a href=\"https:\/\/schoenstatt.com\/pt-pt\/em-comunidade\/woman\/irmas-de-maria\/\">Irm\u00e3s de Maria<\/a>, novi\u00e7as e Irm\u00e3s de todo o mundo. Elas representam os muitos pa\u00edses em que a Fam\u00edlia de Schoenstatt existe e s\u00e3o representativas de todos os nossos irm\u00e3os e irm\u00e3s na Alian\u00e7a de Amor.<\/p>\n\n\n\n<h2 class=\"wp-block-heading\" id=\"h-um-ato-corajoso-e-consciente\"><strong>Um ato corajoso e consciente<\/strong><\/h2>\n\n\n\n<p>O Dr. Bernd Biberger, <a href=\"https:\/\/schoenstatt.com\/pt-pt\/em-comunidade\/sacerdotes\/padres-de-schoenstatt\/\">Padre de Schoenstatt<\/a> diretor geral das Irm\u00e3s de Maria, presidiu a missa festiva, acompanhado por numerosos sacerdotes.<\/p>\n\n\n\n<p>O Dr. Biberger salienta que o Padre Kentenich de fato n\u00e3o trope\u00e7ou no conflito com a Igreja tendo um olhar ing\u00eanuo, mas sabia muito bem o que estava fazendo e estava ciente das poss\u00edveis consequ\u00eancias. O Pe. Kentenich sabia que tinha de falar clara e inequivocamente se quisesse ter alguma chance de ser ouvido. Era sua miss\u00e3o prof\u00e9tica, semelhante \u00e0 dos profetas da Antiga Alian\u00e7a, chamar a aten\u00e7\u00e3o para os abusos na Igreja e oferecer sua solu\u00e7\u00e3o.<\/p>\n\n\n\n<p>O Dr. Biberger prossegue citando o discurso do Padre Kentenich em 31 de maio de 1949: &#8220;A ocasi\u00e3o que nos re\u00fane nesta noite chama nossa aten\u00e7\u00e3o para o fato de que o bom Deus nos deu uma grande tarefa para o mundo inteiro, especialmente para a Europa, para o Ocidente. Qual \u00e9 essa tarefa? \u00c9 expor e curar a raiz, o \u00faltimo germe da doen\u00e7a da qual a alma ocidental sofre: o pensamento mecanicista. Tenho raz\u00f5es suficientes para acreditar que Deus colocou um pesado fardo sobre os ombros da Fam\u00edlia nessa dire\u00e7\u00e3o.&#8221; (Pe. Jos\u00e9 Kentenich, discurso no Santu\u00e1rio de Bellavista em 31 de maio de 1949, em: Ders., Texte zum 31. Mai 1949 (op. cit.), 1-13, 8 (No. 9).<\/p>\n\n\n\n<figure class=\"wp-block-image size-large\"><img decoding=\"async\" src=\"https:\/\/schoenstatt.com\/wp-content\/uploads\/2024\/07\/31-de-maio-schoenstatt-1024x752.jpg\" alt=\"\" class=\"wp-image-40165\"\/><\/figure>\n\n\n\n<h2 class=\"wp-block-heading\" id=\"h-vais-comigo\"><strong>\u201cVais comigo?\u201d<\/strong><\/h2>\n\n\n\n<p>O Pe. Kentenich n\u00e3o pode e n\u00e3o quer seguir esse caminho sozinho. Por isso, ele pergunta ao Pe. Alexander Menningen, em nome de toda a Fam\u00edlia de Schoenstatt: &#8220;Vais comigo?&#8221; \u2013 Esse fato, que inspira ao lema do jubileu, deixa claro que Deus n\u00e3o s\u00f3 confiou uma miss\u00e3o ao Pe. Kentenich, mas que toda a Fam\u00edlia de Schoenstatt deve carregar essa miss\u00e3o. E o Pe. Kentenich sabe que receber\u00e1 ajuda de nossa M\u00e3e, Rainha e Vencedora Tr\u00eas Vezes Admir\u00e1vel de Schoenstatt.<\/p>\n\n\n\n<p>O Dr. Biberger concluiu sua homilia dizendo: &#8220;Os 75 anos do Terceiro Marco, que estamos celebrando hoje, nos inspira a nos colocarmos conscientemente mais uma vez ao lado do Pe. Kentenich, o profeta dos novos tempos, e a trabalharmos junto com ele para o pensamento, o amor e a vida org\u00e2nicos. Ele tamb\u00e9m est\u00e1 procurando pessoas hoje que percorram esse caminho com ele&#8221;.<\/p>\n\n\n\n<figure class=\"wp-block-embed is-type-video is-provider-youtube wp-block-embed-youtube wp-embed-aspect-16-9 wp-has-aspect-ratio\"><div class=\"wp-block-embed__wrapper\">\n<iframe title=\"31.05.2024 \u2013 Festgottesdienst auf Berg Sch\u00f6nstatt\" width=\"800\" height=\"450\" src=\"https:\/\/www.youtube.com\/embed\/HZkYBYsXjhY?feature=oembed\" frameborder=\"0\" allow=\"accelerometer; autoplay; clipboard-write; encrypted-media; gyroscope; picture-in-picture; web-share\" referrerpolicy=\"strict-origin-when-cross-origin\" allowfullscreen><\/iframe>\n<\/div><\/figure>\n\n\n\n<h2 class=\"wp-block-heading\" id=\"h-uma-atmosfera-solene\"><strong>Uma atmosfera solene<\/strong><\/h2>\n\n\n\n<p>Durante as ora\u00e7\u00f5es, que est\u00e3o ligadas \u00e0 prociss\u00e3o do ofert\u00f3rio, o Livro da Alian\u00e7a, a Cruz da Unidade, uma c\u00f3pia da rec\u00e9m-editada &#8220;Epistola perlonga&#8221; e uma tocha s\u00e3o trazidos ao altar como um sinal de que somos chamados a levar o fogo de 31 de maio para o mundo. Para a celebra\u00e7\u00e3o eucar\u00edstica, \u00e9 usado o c\u00e1lice que a comunidade de <a href=\"https:\/\/schoenstatt.com\/pt-pt\/em-comunidade\/woman\/academicas\/\">mulheres acad\u00eamicas<\/a> deu ao Pe. Kentenich em Milwaukee e que ele usava com frequ\u00eancia. Esse c\u00e1lice tamb\u00e9m \u00e9 levado ao altar, seguido de p\u00e3o e vinho.<\/p>\n\n\n\n<p>O que seria de uma cerim\u00f4nia festiva sem uma m\u00fasica igualmente festiva? \u2013 As can\u00e7\u00f5es solenes s\u00e3o oferecidas pelo coral de Schoenstatt &#8220;Stimmvoll&#8221;, sob a dire\u00e7\u00e3o da Ir. M. Tabea Platzer.<\/p>\n\n\n\n<p>No final, todos os participantes s\u00e3o convidados a receber um pequeno presente na Capela do Fundador, com o qual podem se sentir pessoalmente enviados pelo Pe. Kentenich. O Pe. Alexandre Awi Mello e o Dr. Biberger entregam cada presente pessoalmente em seu nome. Trata-se de uma pequena caixa de f\u00f3sforos com a inscri\u00e7\u00e3o do lema &#8220;Ficamos nisto &#8211; vamos contigo! &#8211; Levamos seu fogo para a Igreja e para o mundo&#8221;.<\/p>\n\n\n\n<figure class=\"wp-block-image size-large\"><img decoding=\"async\" src=\"https:\/\/schoenstatt.com\/wp-content\/uploads\/2024\/07\/31-de-maio-schoenstatt-3-1024x755.jpg\" alt=\"\" class=\"wp-image-40169\"\/><\/figure>\n\n\n\n<p>Em seguida, cerca de 130 das cerca de 200 pessoas que participaram da celebra\u00e7\u00e3o se reuniram no sagu\u00e3o da Casa Padre Kentenich para saborear petiscos e bebidas e conversar alegre e animadamente com alguns de seus colegas celebrantes. Uma alegre noite familiar!<\/p>\n\n\n\n<p><strong>Tradu\u00e7\u00e3o: <\/strong>Karen Bueno<\/p>\n","protected":false},"excerpt":{"rendered":"<p>O dia do jubileu, 31 de maio, \u00e9 celebrado com grande alegria em Schoenstatt, Alemanha. Veja como tudo aconteceu.<\/p>\n","protected":false},"author":3,"featured_media":40161,"comment_status":"closed","ping_status":"closed","sticky":false,"template":"","format":"standard","meta":{"footnotes":""},"categories":[636,696],"tags":[],"class_list":["post-40160","post","type-post","status-publish","format-standard","has-post-thumbnail","hentry","category-eventos-pt-pt","category-santuario-original-pt-pt"],"yoast_head":"<!-- This site is optimized with the Yoast SEO Premium plugin v27.4 (Yoast SEO v27.4) - https:\/\/yoast.com\/product\/yoast-seo-premium-wordpress\/ -->\n<title>31 de Maio em Schoenstatt: Dia solene da festa - Schoenstatt<\/title>\n<meta name=\"description\" content=\"O dia do jubileu, 31 de maio, \u00e9 celebrado com grande alegria em Schoenstatt, Alemanha. Veja como tudo aconteceu.\" \/>\n<meta name=\"robots\" content=\"index, follow, max-snippet:-1, max-image-preview:large, max-video-preview:-1\" \/>\n<link rel=\"canonical\" href=\"https:\/\/schoenstatt.com\/pt-pt\/31-de-maio-em-schoenstatt-dia-solene-da-festa\/\" \/>\n<meta property=\"og:locale\" content=\"pt_PT\" \/>\n<meta property=\"og:type\" content=\"article\" \/>\n<meta property=\"og:title\" content=\"31 de Maio em Schoenstatt: Dia solene da festa\" \/>\n<meta property=\"og:description\" content=\"O dia do jubileu, 31 de maio, \u00e9 celebrado com grande alegria em Schoenstatt, Alemanha. Veja como tudo aconteceu.\" \/>\n<meta property=\"og:url\" content=\"https:\/\/schoenstatt.com\/pt-pt\/31-de-maio-em-schoenstatt-dia-solene-da-festa\/\" \/>\n<meta property=\"og:site_name\" content=\"Schoenstatt\" \/>\n<meta property=\"article:published_time\" content=\"2024-07-08T17:52:51+00:00\" \/>\n<meta property=\"article:modified_time\" content=\"2025-05-16T01:01:59+00:00\" \/>\n<meta property=\"og:image\" content=\"https:\/\/schoenstatt.com\/wp-content\/uploads\/2024\/07\/31-de-maio-schoenstatt-2-1.jpg\" \/>\n\t<meta property=\"og:image:width\" content=\"1500\" \/>\n\t<meta property=\"og:image:height\" content=\"1045\" \/>\n\t<meta property=\"og:image:type\" content=\"image\/jpeg\" \/>\n<meta name=\"author\" content=\"Karen Bueno\" \/>\n<meta name=\"twitter:card\" content=\"summary_large_image\" \/>\n<meta name=\"twitter:label1\" content=\"Escrito por\" \/>\n\t<meta name=\"twitter:data1\" content=\"Karen Bueno\" \/>\n\t<meta name=\"twitter:label2\" content=\"Tempo estimado de leitura\" \/>\n\t<meta name=\"twitter:data2\" content=\"4 minutos\" \/>\n<script type=\"application\/ld+json\" class=\"yoast-schema-graph\">{\"@context\":\"https:\\\/\\\/schema.org\",\"@graph\":[{\"@type\":\"Article\",\"@id\":\"https:\\\/\\\/schoenstatt.com\\\/pt-pt\\\/31-de-maio-em-schoenstatt-dia-solene-da-festa\\\/#article\",\"isPartOf\":{\"@id\":\"https:\\\/\\\/schoenstatt.com\\\/pt-pt\\\/31-de-maio-em-schoenstatt-dia-solene-da-festa\\\/\"},\"author\":{\"name\":\"Karen Bueno\",\"@id\":\"https:\\\/\\\/schoenstatt.com\\\/pt-pt\\\/#\\\/schema\\\/person\\\/5158877ad4acae98b34daaeef2a1ce6e\"},\"headline\":\"31 de Maio em Schoenstatt: Dia solene da festa\",\"datePublished\":\"2024-07-08T17:52:51+00:00\",\"dateModified\":\"2025-05-16T01:01:59+00:00\",\"mainEntityOfPage\":{\"@id\":\"https:\\\/\\\/schoenstatt.com\\\/pt-pt\\\/31-de-maio-em-schoenstatt-dia-solene-da-festa\\\/\"},\"wordCount\":808,\"publisher\":{\"@id\":\"https:\\\/\\\/schoenstatt.com\\\/pt-pt\\\/#organization\"},\"image\":{\"@id\":\"https:\\\/\\\/schoenstatt.com\\\/pt-pt\\\/31-de-maio-em-schoenstatt-dia-solene-da-festa\\\/#primaryimage\"},\"thumbnailUrl\":\"https:\\\/\\\/schoenstatt.com\\\/wp-content\\\/uploads\\\/2024\\\/07\\\/31-de-maio-schoenstatt-2-1.jpg\",\"articleSection\":[\"Eventos\",\"Santu\u00e1rio Original\"],\"inLanguage\":\"pt-PT\"},{\"@type\":\"WebPage\",\"@id\":\"https:\\\/\\\/schoenstatt.com\\\/pt-pt\\\/31-de-maio-em-schoenstatt-dia-solene-da-festa\\\/\",\"url\":\"https:\\\/\\\/schoenstatt.com\\\/pt-pt\\\/31-de-maio-em-schoenstatt-dia-solene-da-festa\\\/\",\"name\":\"31 de Maio em Schoenstatt: Dia solene da festa - Schoenstatt\",\"isPartOf\":{\"@id\":\"https:\\\/\\\/schoenstatt.com\\\/pt-pt\\\/#website\"},\"primaryImageOfPage\":{\"@id\":\"https:\\\/\\\/schoenstatt.com\\\/pt-pt\\\/31-de-maio-em-schoenstatt-dia-solene-da-festa\\\/#primaryimage\"},\"image\":{\"@id\":\"https:\\\/\\\/schoenstatt.com\\\/pt-pt\\\/31-de-maio-em-schoenstatt-dia-solene-da-festa\\\/#primaryimage\"},\"thumbnailUrl\":\"https:\\\/\\\/schoenstatt.com\\\/wp-content\\\/uploads\\\/2024\\\/07\\\/31-de-maio-schoenstatt-2-1.jpg\",\"datePublished\":\"2024-07-08T17:52:51+00:00\",\"dateModified\":\"2025-05-16T01:01:59+00:00\",\"description\":\"O dia do jubileu, 31 de maio, \u00e9 celebrado com grande alegria em Schoenstatt, Alemanha. Veja como tudo aconteceu.\",\"breadcrumb\":{\"@id\":\"https:\\\/\\\/schoenstatt.com\\\/pt-pt\\\/31-de-maio-em-schoenstatt-dia-solene-da-festa\\\/#breadcrumb\"},\"inLanguage\":\"pt-PT\",\"potentialAction\":[{\"@type\":\"ReadAction\",\"target\":[\"https:\\\/\\\/schoenstatt.com\\\/pt-pt\\\/31-de-maio-em-schoenstatt-dia-solene-da-festa\\\/\"]}]},{\"@type\":\"ImageObject\",\"inLanguage\":\"pt-PT\",\"@id\":\"https:\\\/\\\/schoenstatt.com\\\/pt-pt\\\/31-de-maio-em-schoenstatt-dia-solene-da-festa\\\/#primaryimage\",\"url\":\"https:\\\/\\\/schoenstatt.com\\\/wp-content\\\/uploads\\\/2024\\\/07\\\/31-de-maio-schoenstatt-2-1.jpg\",\"contentUrl\":\"https:\\\/\\\/schoenstatt.com\\\/wp-content\\\/uploads\\\/2024\\\/07\\\/31-de-maio-schoenstatt-2-1.jpg\",\"width\":1500,\"height\":1045},{\"@type\":\"BreadcrumbList\",\"@id\":\"https:\\\/\\\/schoenstatt.com\\\/pt-pt\\\/31-de-maio-em-schoenstatt-dia-solene-da-festa\\\/#breadcrumb\",\"itemListElement\":[{\"@type\":\"ListItem\",\"position\":1,\"name\":\"Portada\",\"item\":\"https:\\\/\\\/schoenstatt.com\\\/pt-pt\\\/home\\\/\"},{\"@type\":\"ListItem\",\"position\":2,\"name\":\"31 de Maio em Schoenstatt: Dia solene da festa\"}]},{\"@type\":\"WebSite\",\"@id\":\"https:\\\/\\\/schoenstatt.com\\\/pt-pt\\\/#website\",\"url\":\"https:\\\/\\\/schoenstatt.com\\\/pt-pt\\\/\",\"name\":\"Schoenstatt\",\"description\":\"Apostolic Movement\",\"publisher\":{\"@id\":\"https:\\\/\\\/schoenstatt.com\\\/pt-pt\\\/#organization\"},\"potentialAction\":[{\"@type\":\"SearchAction\",\"target\":{\"@type\":\"EntryPoint\",\"urlTemplate\":\"https:\\\/\\\/schoenstatt.com\\\/pt-pt\\\/?s={search_term_string}\"},\"query-input\":{\"@type\":\"PropertyValueSpecification\",\"valueRequired\":true,\"valueName\":\"search_term_string\"}}],\"inLanguage\":\"pt-PT\"},{\"@type\":\"Organization\",\"@id\":\"https:\\\/\\\/schoenstatt.com\\\/pt-pt\\\/#organization\",\"name\":\"Schoenstatt\",\"url\":\"https:\\\/\\\/schoenstatt.com\\\/pt-pt\\\/\",\"logo\":{\"@type\":\"ImageObject\",\"inLanguage\":\"pt-PT\",\"@id\":\"https:\\\/\\\/schoenstatt.com\\\/pt-pt\\\/#\\\/schema\\\/logo\\\/image\\\/\",\"url\":\"https:\\\/\\\/schoenstatt.com\\\/wp-content\\\/uploads\\\/2025\\\/04\\\/logo-schoenstatt-white-696x696-1.png\",\"contentUrl\":\"https:\\\/\\\/schoenstatt.com\\\/wp-content\\\/uploads\\\/2025\\\/04\\\/logo-schoenstatt-white-696x696-1.png\",\"width\":696,\"height\":694,\"caption\":\"Schoenstatt\"},\"image\":{\"@id\":\"https:\\\/\\\/schoenstatt.com\\\/pt-pt\\\/#\\\/schema\\\/logo\\\/image\\\/\"}},{\"@type\":\"Person\",\"@id\":\"https:\\\/\\\/schoenstatt.com\\\/pt-pt\\\/#\\\/schema\\\/person\\\/5158877ad4acae98b34daaeef2a1ce6e\",\"name\":\"Karen Bueno\",\"image\":{\"@type\":\"ImageObject\",\"inLanguage\":\"pt-PT\",\"@id\":\"https:\\\/\\\/secure.gravatar.com\\\/avatar\\\/f9f4b823873154269d2b2130f195f6d41037dd0d7fc5f3cacb5c846bae70d66b?s=96&d=mm&r=g\",\"url\":\"https:\\\/\\\/secure.gravatar.com\\\/avatar\\\/f9f4b823873154269d2b2130f195f6d41037dd0d7fc5f3cacb5c846bae70d66b?s=96&d=mm&r=g\",\"contentUrl\":\"https:\\\/\\\/secure.gravatar.com\\\/avatar\\\/f9f4b823873154269d2b2130f195f6d41037dd0d7fc5f3cacb5c846bae70d66b?s=96&d=mm&r=g\",\"caption\":\"Karen Bueno\"},\"url\":\"https:\\\/\\\/schoenstatt.com\\\/pt-pt\\\/author\\\/karen-bueno\\\/\"}]}<\/script>\n<!-- \/ Yoast SEO Premium plugin. -->","yoast_head_json":{"title":"31 de Maio em Schoenstatt: Dia solene da festa - Schoenstatt","description":"O dia do jubileu, 31 de maio, \u00e9 celebrado com grande alegria em Schoenstatt, Alemanha. Veja como tudo aconteceu.","robots":{"index":"index","follow":"follow","max-snippet":"max-snippet:-1","max-image-preview":"max-image-preview:large","max-video-preview":"max-video-preview:-1"},"canonical":"https:\/\/schoenstatt.com\/pt-pt\/31-de-maio-em-schoenstatt-dia-solene-da-festa\/","og_locale":"pt_PT","og_type":"article","og_title":"31 de Maio em Schoenstatt: Dia solene da festa","og_description":"O dia do jubileu, 31 de maio, \u00e9 celebrado com grande alegria em Schoenstatt, Alemanha. Veja como tudo aconteceu.","og_url":"https:\/\/schoenstatt.com\/pt-pt\/31-de-maio-em-schoenstatt-dia-solene-da-festa\/","og_site_name":"Schoenstatt","article_published_time":"2024-07-08T17:52:51+00:00","article_modified_time":"2025-05-16T01:01:59+00:00","og_image":[{"width":1500,"height":1045,"url":"https:\/\/schoenstatt.com\/wp-content\/uploads\/2024\/07\/31-de-maio-schoenstatt-2-1.jpg","type":"image\/jpeg"}],"author":"Karen Bueno","twitter_card":"summary_large_image","twitter_misc":{"Escrito por":"Karen Bueno","Tempo estimado de leitura":"4 minutos"},"schema":{"@context":"https:\/\/schema.org","@graph":[{"@type":"Article","@id":"https:\/\/schoenstatt.com\/pt-pt\/31-de-maio-em-schoenstatt-dia-solene-da-festa\/#article","isPartOf":{"@id":"https:\/\/schoenstatt.com\/pt-pt\/31-de-maio-em-schoenstatt-dia-solene-da-festa\/"},"author":{"name":"Karen Bueno","@id":"https:\/\/schoenstatt.com\/pt-pt\/#\/schema\/person\/5158877ad4acae98b34daaeef2a1ce6e"},"headline":"31 de Maio em Schoenstatt: Dia solene da festa","datePublished":"2024-07-08T17:52:51+00:00","dateModified":"2025-05-16T01:01:59+00:00","mainEntityOfPage":{"@id":"https:\/\/schoenstatt.com\/pt-pt\/31-de-maio-em-schoenstatt-dia-solene-da-festa\/"},"wordCount":808,"publisher":{"@id":"https:\/\/schoenstatt.com\/pt-pt\/#organization"},"image":{"@id":"https:\/\/schoenstatt.com\/pt-pt\/31-de-maio-em-schoenstatt-dia-solene-da-festa\/#primaryimage"},"thumbnailUrl":"https:\/\/schoenstatt.com\/wp-content\/uploads\/2024\/07\/31-de-maio-schoenstatt-2-1.jpg","articleSection":["Eventos","Santu\u00e1rio Original"],"inLanguage":"pt-PT"},{"@type":"WebPage","@id":"https:\/\/schoenstatt.com\/pt-pt\/31-de-maio-em-schoenstatt-dia-solene-da-festa\/","url":"https:\/\/schoenstatt.com\/pt-pt\/31-de-maio-em-schoenstatt-dia-solene-da-festa\/","name":"31 de Maio em Schoenstatt: Dia solene da festa - Schoenstatt","isPartOf":{"@id":"https:\/\/schoenstatt.com\/pt-pt\/#website"},"primaryImageOfPage":{"@id":"https:\/\/schoenstatt.com\/pt-pt\/31-de-maio-em-schoenstatt-dia-solene-da-festa\/#primaryimage"},"image":{"@id":"https:\/\/schoenstatt.com\/pt-pt\/31-de-maio-em-schoenstatt-dia-solene-da-festa\/#primaryimage"},"thumbnailUrl":"https:\/\/schoenstatt.com\/wp-content\/uploads\/2024\/07\/31-de-maio-schoenstatt-2-1.jpg","datePublished":"2024-07-08T17:52:51+00:00","dateModified":"2025-05-16T01:01:59+00:00","description":"O dia do jubileu, 31 de maio, \u00e9 celebrado com grande alegria em Schoenstatt, Alemanha. Veja como tudo aconteceu.","breadcrumb":{"@id":"https:\/\/schoenstatt.com\/pt-pt\/31-de-maio-em-schoenstatt-dia-solene-da-festa\/#breadcrumb"},"inLanguage":"pt-PT","potentialAction":[{"@type":"ReadAction","target":["https:\/\/schoenstatt.com\/pt-pt\/31-de-maio-em-schoenstatt-dia-solene-da-festa\/"]}]},{"@type":"ImageObject","inLanguage":"pt-PT","@id":"https:\/\/schoenstatt.com\/pt-pt\/31-de-maio-em-schoenstatt-dia-solene-da-festa\/#primaryimage","url":"https:\/\/schoenstatt.com\/wp-content\/uploads\/2024\/07\/31-de-maio-schoenstatt-2-1.jpg","contentUrl":"https:\/\/schoenstatt.com\/wp-content\/uploads\/2024\/07\/31-de-maio-schoenstatt-2-1.jpg","width":1500,"height":1045},{"@type":"BreadcrumbList","@id":"https:\/\/schoenstatt.com\/pt-pt\/31-de-maio-em-schoenstatt-dia-solene-da-festa\/#breadcrumb","itemListElement":[{"@type":"ListItem","position":1,"name":"Portada","item":"https:\/\/schoenstatt.com\/pt-pt\/home\/"},{"@type":"ListItem","position":2,"name":"31 de Maio em Schoenstatt: Dia solene da festa"}]},{"@type":"WebSite","@id":"https:\/\/schoenstatt.com\/pt-pt\/#website","url":"https:\/\/schoenstatt.com\/pt-pt\/","name":"Schoenstatt","description":"Apostolic Movement","publisher":{"@id":"https:\/\/schoenstatt.com\/pt-pt\/#organization"},"potentialAction":[{"@type":"SearchAction","target":{"@type":"EntryPoint","urlTemplate":"https:\/\/schoenstatt.com\/pt-pt\/?s={search_term_string}"},"query-input":{"@type":"PropertyValueSpecification","valueRequired":true,"valueName":"search_term_string"}}],"inLanguage":"pt-PT"},{"@type":"Organization","@id":"https:\/\/schoenstatt.com\/pt-pt\/#organization","name":"Schoenstatt","url":"https:\/\/schoenstatt.com\/pt-pt\/","logo":{"@type":"ImageObject","inLanguage":"pt-PT","@id":"https:\/\/schoenstatt.com\/pt-pt\/#\/schema\/logo\/image\/","url":"https:\/\/schoenstatt.com\/wp-content\/uploads\/2025\/04\/logo-schoenstatt-white-696x696-1.png","contentUrl":"https:\/\/schoenstatt.com\/wp-content\/uploads\/2025\/04\/logo-schoenstatt-white-696x696-1.png","width":696,"height":694,"caption":"Schoenstatt"},"image":{"@id":"https:\/\/schoenstatt.com\/pt-pt\/#\/schema\/logo\/image\/"}},{"@type":"Person","@id":"https:\/\/schoenstatt.com\/pt-pt\/#\/schema\/person\/5158877ad4acae98b34daaeef2a1ce6e","name":"Karen Bueno","image":{"@type":"ImageObject","inLanguage":"pt-PT","@id":"https:\/\/secure.gravatar.com\/avatar\/f9f4b823873154269d2b2130f195f6d41037dd0d7fc5f3cacb5c846bae70d66b?s=96&d=mm&r=g","url":"https:\/\/secure.gravatar.com\/avatar\/f9f4b823873154269d2b2130f195f6d41037dd0d7fc5f3cacb5c846bae70d66b?s=96&d=mm&r=g","contentUrl":"https:\/\/secure.gravatar.com\/avatar\/f9f4b823873154269d2b2130f195f6d41037dd0d7fc5f3cacb5c846bae70d66b?s=96&d=mm&r=g","caption":"Karen Bueno"},"url":"https:\/\/schoenstatt.com\/pt-pt\/author\/karen-bueno\/"}]}},"_links":{"self":[{"href":"https:\/\/schoenstatt.com\/pt-pt\/wp-json\/wp\/v2\/posts\/40160","targetHints":{"allow":["GET"]}}],"collection":[{"href":"https:\/\/schoenstatt.com\/pt-pt\/wp-json\/wp\/v2\/posts"}],"about":[{"href":"https:\/\/schoenstatt.com\/pt-pt\/wp-json\/wp\/v2\/types\/post"}],"author":[{"embeddable":true,"href":"https:\/\/schoenstatt.com\/pt-pt\/wp-json\/wp\/v2\/users\/3"}],"replies":[{"embeddable":true,"href":"https:\/\/schoenstatt.com\/pt-pt\/wp-json\/wp\/v2\/comments?post=40160"}],"version-history":[{"count":1,"href":"https:\/\/schoenstatt.com\/pt-pt\/wp-json\/wp\/v2\/posts\/40160\/revisions"}],"predecessor-version":[{"id":46877,"href":"https:\/\/schoenstatt.com\/pt-pt\/wp-json\/wp\/v2\/posts\/40160\/revisions\/46877"}],"wp:featuredmedia":[{"embeddable":true,"href":"https:\/\/schoenstatt.com\/pt-pt\/wp-json\/wp\/v2\/media\/40161"}],"wp:attachment":[{"href":"https:\/\/schoenstatt.com\/pt-pt\/wp-json\/wp\/v2\/media?parent=40160"}],"wp:term":[{"taxonomy":"category","embeddable":true,"href":"https:\/\/schoenstatt.com\/pt-pt\/wp-json\/wp\/v2\/categories?post=40160"},{"taxonomy":"post_tag","embeddable":true,"href":"https:\/\/schoenstatt.com\/pt-pt\/wp-json\/wp\/v2\/tags?post=40160"}],"curies":[{"name":"wp","href":"https:\/\/api.w.org\/{rel}","templated":true}]}}