{"id":35634,"date":"2024-05-18T06:42:34","date_gmt":"2024-05-18T04:42:34","guid":{"rendered":"https:\/\/schoenstatt.com\/?p=35634"},"modified":"2025-05-16T00:27:40","modified_gmt":"2025-05-15T22:27:40","slug":"hoje-renovamos-nossa-alianca-de-amor-a-luz-do-31-de-maio","status":"publish","type":"post","link":"https:\/\/schoenstatt.com\/pt-pt\/hoje-renovamos-nossa-alianca-de-amor-a-luz-do-31-de-maio\/","title":{"rendered":"Hoje renovamos nossa Alian\u00e7a de Amor \u00e0 luz do \u201c31 de Maio\u201d"},"content":{"rendered":"<p>Querida Fam\u00edlia de Schoenstatt de todo o mundo,<\/p>\n<p>Sauda\u00e7\u00f5es especiais pela celebra\u00e7\u00e3o do <a href=\"https:\/\/schoenstatt.com\/pt-pt\/about\/espiritualidade\/alianca-de-amor\/\">Dia da Alian\u00e7a<\/a> neste m\u00eas jubilar de maio de 2024.<\/p>\n<p>Com gratid\u00e3o, alegria e uma renovada reflex\u00e3o, nossos pensamentos se dirigem a Bellavista para o jubileu de \u201c<a href=\"https:\/\/jubileo31demayo.schoenstatt.c\" target=\"_blank\" rel=\"noopener\">31 de Maio<\/a>\u201d. Esse terceiro marco afeta a todos n\u00f3s, em todo o mundo, e estamos ansiosos para celebr\u00e1-lo junto a todos que estar\u00e3o presentes.<\/p>\n<h2>Uma miss\u00e3o atual que depende de n\u00f3s<\/h2>\n<p>O programa preparado e muitos outros eventos que acontecer\u00e3o em Schoenstatt e em nossos pa\u00edses questionam o significado atual desse marco. N\u00e3o foi \u00e0 toa que o Pe. Kentenich escreveu seus pensamentos com alertas e palavras prof\u00e9ticas na longa carta chamada \u2018Epistola perlonga\u2019.<\/p>\n<p>Hoje, certamente n\u00e3o estamos preocupados apenas com a primeira parte da carta, que ele escreveu em Santiago, Chile, como sua primeira resposta ao relat\u00f3rio da visita do bispo. Com a participa\u00e7\u00e3o das Irm\u00e3s de Maria, nosso fundador celebrou o encerramento do m\u00eas de maio, em 31 de maio de 1949, e colocou sua carta sobre o altar do Santu\u00e1rio ainda n\u00e3o totalmente conclu\u00eddo de Bellavista. Em seu discurso \u00e0s Irm\u00e3s, ele enfatizou que as p\u00e1ginas que agora estavam sobre o altar foram escritas gra\u00e7as \u00e0 participa\u00e7\u00e3o delas em suas ora\u00e7\u00f5es.<\/p>\n<p>O que nosso Pai e Fundador est\u00e1 realizando com as Irm\u00e3s nesse momento \u00e9 uma troca de desamparo, na firme confian\u00e7a da fidelidade da M\u00e3e de Deus. Humanamente falando, \u00e9 previs\u00edvel que essa tentativa de resposta falhe e provoque revolta. O Fundador sabe que \u00e9 claramente chamado para \u201csalto mortal ap\u00f3s salto mortal\u201d e entrega tudo \u00e0 M\u00e3e de Deus. Ela se glorificar\u00e1. Mas isso s\u00f3 dar\u00e1 certo com a coopera\u00e7\u00e3o das pessoas que se deixarem educar por ela. A uni\u00e3o de todos na Alian\u00e7a de Amor requer fidelidade e passos em conjunto.<\/p>\n<p><img fetchpriority=\"high\" decoding=\"async\" class=\"aligncenter wp-image-33755 \" src=\"https:\/\/schoenstatt.com\/wp-content\/uploads\/2023\/11\/jubileu-31-de-mayo-2024-logo.jpg\" alt=\"\" width=\"801\" height=\"417\" \/><\/p>\n<h3>Um no outro, um com o outro, um para o outro<\/h3>\n<p>\u00c9 significativo e oportuno que a equipe de prepara\u00e7\u00e3o do jubileu tenha escolhido as palavras finais desse discurso \u00e0s Irm\u00e3s como seu lema. O firme desejo \u00e9 de permanecermos fi\u00e9is uns aos outros no caminho cotidiano para Deus e, portanto: um no outro, um com o outro, um para o outro \u2013 como diz o lema.<\/p>\n<p>\u00c9 claro que, a partir da perspectiva atual, \u00e9 necess\u00e1ria uma nova reflex\u00e3o para abordar as preocupa\u00e7\u00f5es que o Pe. Kentenich levanta em sua carta de cinco partes. \u00c9 por isso que \u00e9 importante, em todo o mundo, percebermos juntos o significado desse marco e iniciarmos as etapas de implementa\u00e7\u00e3o em nossas respectivas culturas.<\/p>\n<h3>Esse jubileu \u00e9 muito importante para n\u00f3s<\/h3>\n<p>\u00c9 importante para n\u00f3s, como Instituto Nossa Senhora de Schoenstatt, que a Cruz da Unidade seja devolvida ao Santu\u00e1rio Cen\u00e1culo de Bellavista para o Jubileu. Hav\u00edamos prometido \u00e0 Presid\u00eancia Nacional do Chile que rezar\u00edamos e ajudar\u00edamos a p\u00f4r fim \u00e0 perda dessa cruz, que foi roubada, entregando uma nova cruz. Afinal de contas, a Cruz da Unidade desempenha um papel hist\u00f3rico muito importante para esse Santu\u00e1rio.<\/p>\n<p>Sabendo que muitos de n\u00f3s t\u00ednhamos a mesma preocupa\u00e7\u00e3o, ficamos surpresos com o fato de que nossa comunidade, para a qual nosso Pai e Fundador deu a cruz original \u2013 como fez naquela \u00e9poca \u2013 agora poderia oferecer a nova cruz. Por isso, n\u00e3o quer\u00edamos que fosse uma cruz qualquer, mas, se poss\u00edvel, uma das primeiras c\u00f3pias da cruz original. Portanto, para o jubileu, estamos apresentando uma Cruz da Unidade que esteve na \u00c1frica at\u00e9 o ano de 1976. Ela provavelmente foi feita nas proximidades da primeira c\u00f3pia para Bellavista, criada, naquela \u00e9poca, para nossa comunidade na Tanz\u00e2nia. Portanto, este jubileu tem um significado real para n\u00f3s: Cristo, em unidade com a M\u00e3e, assegurar\u00e1 que a miss\u00e3o de Schoenstatt seja frut\u00edfera para a Igreja e para o mundo de hoje. Estamos felizes pelo fato de que, h\u00e1 meses, essa cruz est\u00e1 percorrendo todos os lugares importantes do Chile, para que possa, ent\u00e3o, chegar ao Santu\u00e1rio como um presente comum de alegria e gratid\u00e3o.<\/p>\n<p>Desejo que tenhamos alegria e confian\u00e7a em todo o mundo, mas, acima de tudo, fidelidade ao que foi e \u00e9 importante para nosso Pai.<\/p>\n<p>Dr. Gertrud Pollak,<br \/>\nSuperiora Geral das Senhoras de Schoenstatt e membro da Presid\u00eancia Geral<\/p>\n","protected":false},"excerpt":{"rendered":"<p>O jubileu de \u201c31 de Maio\u201d \u00e9 um desafio para todos vivermos a miss\u00e3o de Schoenstatt na atualidade. Ser\u00e1 que estamos \u00e0 altura dessa tarefa?<\/p>\n","protected":false},"author":3,"featured_media":32416,"comment_status":"closed","ping_status":"closed","sticky":false,"template":"","format":"standard","meta":{"footnotes":""},"categories":[916],"tags":[],"class_list":["post-35634","post","type-post","status-publish","format-standard","has-post-thumbnail","hentry","category-espiritualidade-pt-pt"],"yoast_head":"<!-- This site is optimized with the Yoast SEO Premium plugin v27.4 (Yoast SEO v27.4) - https:\/\/yoast.com\/product\/yoast-seo-premium-wordpress\/ -->\n<title>Hoje renovamos nossa Alian\u00e7a de Amor \u00e0 luz do \u201c31 de Maio\u201d<\/title>\n<meta name=\"description\" content=\"A miss\u00e3o de Schoenstatt depende de n\u00f3s para se concretizar com coragem e amor. Voc\u00ea aceita esse desafio? Vamos juntos?\" \/>\n<meta name=\"robots\" content=\"index, follow, max-snippet:-1, max-image-preview:large, max-video-preview:-1\" \/>\n<link rel=\"canonical\" href=\"https:\/\/schoenstatt.com\/pt-pt\/hoje-renovamos-nossa-alianca-de-amor-a-luz-do-31-de-maio\/\" \/>\n<meta property=\"og:locale\" content=\"pt_PT\" \/>\n<meta property=\"og:type\" content=\"article\" \/>\n<meta property=\"og:title\" content=\"Hoje renovamos nossa Alian\u00e7a de Amor \u00e0 luz do \u201c31 de Maio\u201d\" \/>\n<meta property=\"og:description\" content=\"A miss\u00e3o de Schoenstatt depende de n\u00f3s para se concretizar com coragem e amor. Voc\u00ea aceita esse desafio? Vamos juntos?\" \/>\n<meta property=\"og:url\" content=\"https:\/\/schoenstatt.com\/pt-pt\/hoje-renovamos-nossa-alianca-de-amor-a-luz-do-31-de-maio\/\" \/>\n<meta property=\"og:site_name\" content=\"Schoenstatt\" \/>\n<meta property=\"article:published_time\" content=\"2024-05-18T04:42:34+00:00\" \/>\n<meta property=\"article:modified_time\" content=\"2025-05-15T22:27:40+00:00\" \/>\n<meta property=\"og:image\" content=\"https:\/\/schoenstatt.com\/wp-content\/uploads\/2023\/09\/cruz-de-la-unidad-Unity-Cross-schoenstatt-1.jpg\" \/>\n\t<meta property=\"og:image:width\" content=\"1536\" \/>\n\t<meta property=\"og:image:height\" content=\"2048\" \/>\n\t<meta property=\"og:image:type\" content=\"image\/jpeg\" \/>\n<meta name=\"author\" content=\"Karen Bueno\" \/>\n<meta name=\"twitter:card\" content=\"summary_large_image\" \/>\n<meta name=\"twitter:label1\" content=\"Escrito por\" \/>\n\t<meta name=\"twitter:data1\" content=\"Karen Bueno\" \/>\n\t<meta name=\"twitter:label2\" content=\"Tempo estimado de leitura\" \/>\n\t<meta name=\"twitter:data2\" content=\"4 minutos\" \/>\n<script type=\"application\/ld+json\" class=\"yoast-schema-graph\">{\"@context\":\"https:\\\/\\\/schema.org\",\"@graph\":[{\"@type\":\"Article\",\"@id\":\"https:\\\/\\\/schoenstatt.com\\\/pt-pt\\\/hoje-renovamos-nossa-alianca-de-amor-a-luz-do-31-de-maio\\\/#article\",\"isPartOf\":{\"@id\":\"https:\\\/\\\/schoenstatt.com\\\/pt-pt\\\/hoje-renovamos-nossa-alianca-de-amor-a-luz-do-31-de-maio\\\/\"},\"author\":{\"name\":\"Karen Bueno\",\"@id\":\"https:\\\/\\\/schoenstatt.com\\\/pt-pt\\\/#\\\/schema\\\/person\\\/5158877ad4acae98b34daaeef2a1ce6e\"},\"headline\":\"Hoje renovamos nossa Alian\u00e7a de Amor \u00e0 luz do \u201c31 de Maio\u201d\",\"datePublished\":\"2024-05-18T04:42:34+00:00\",\"dateModified\":\"2025-05-15T22:27:40+00:00\",\"mainEntityOfPage\":{\"@id\":\"https:\\\/\\\/schoenstatt.com\\\/pt-pt\\\/hoje-renovamos-nossa-alianca-de-amor-a-luz-do-31-de-maio\\\/\"},\"wordCount\":753,\"publisher\":{\"@id\":\"https:\\\/\\\/schoenstatt.com\\\/pt-pt\\\/#organization\"},\"image\":{\"@id\":\"https:\\\/\\\/schoenstatt.com\\\/pt-pt\\\/hoje-renovamos-nossa-alianca-de-amor-a-luz-do-31-de-maio\\\/#primaryimage\"},\"thumbnailUrl\":\"https:\\\/\\\/schoenstatt.com\\\/wp-content\\\/uploads\\\/2023\\\/09\\\/cruz-de-la-unidad-Unity-Cross-schoenstatt-1.jpg\",\"articleSection\":[\"Espiritualidade\"],\"inLanguage\":\"pt-PT\"},{\"@type\":\"WebPage\",\"@id\":\"https:\\\/\\\/schoenstatt.com\\\/pt-pt\\\/hoje-renovamos-nossa-alianca-de-amor-a-luz-do-31-de-maio\\\/\",\"url\":\"https:\\\/\\\/schoenstatt.com\\\/pt-pt\\\/hoje-renovamos-nossa-alianca-de-amor-a-luz-do-31-de-maio\\\/\",\"name\":\"Hoje renovamos nossa Alian\u00e7a de Amor \u00e0 luz do \u201c31 de Maio\u201d\",\"isPartOf\":{\"@id\":\"https:\\\/\\\/schoenstatt.com\\\/pt-pt\\\/#website\"},\"primaryImageOfPage\":{\"@id\":\"https:\\\/\\\/schoenstatt.com\\\/pt-pt\\\/hoje-renovamos-nossa-alianca-de-amor-a-luz-do-31-de-maio\\\/#primaryimage\"},\"image\":{\"@id\":\"https:\\\/\\\/schoenstatt.com\\\/pt-pt\\\/hoje-renovamos-nossa-alianca-de-amor-a-luz-do-31-de-maio\\\/#primaryimage\"},\"thumbnailUrl\":\"https:\\\/\\\/schoenstatt.com\\\/wp-content\\\/uploads\\\/2023\\\/09\\\/cruz-de-la-unidad-Unity-Cross-schoenstatt-1.jpg\",\"datePublished\":\"2024-05-18T04:42:34+00:00\",\"dateModified\":\"2025-05-15T22:27:40+00:00\",\"description\":\"A miss\u00e3o de Schoenstatt depende de n\u00f3s para se concretizar com coragem e amor. Voc\u00ea aceita esse desafio? Vamos juntos?\",\"breadcrumb\":{\"@id\":\"https:\\\/\\\/schoenstatt.com\\\/pt-pt\\\/hoje-renovamos-nossa-alianca-de-amor-a-luz-do-31-de-maio\\\/#breadcrumb\"},\"inLanguage\":\"pt-PT\",\"potentialAction\":[{\"@type\":\"ReadAction\",\"target\":[\"https:\\\/\\\/schoenstatt.com\\\/pt-pt\\\/hoje-renovamos-nossa-alianca-de-amor-a-luz-do-31-de-maio\\\/\"]}]},{\"@type\":\"ImageObject\",\"inLanguage\":\"pt-PT\",\"@id\":\"https:\\\/\\\/schoenstatt.com\\\/pt-pt\\\/hoje-renovamos-nossa-alianca-de-amor-a-luz-do-31-de-maio\\\/#primaryimage\",\"url\":\"https:\\\/\\\/schoenstatt.com\\\/wp-content\\\/uploads\\\/2023\\\/09\\\/cruz-de-la-unidad-Unity-Cross-schoenstatt-1.jpg\",\"contentUrl\":\"https:\\\/\\\/schoenstatt.com\\\/wp-content\\\/uploads\\\/2023\\\/09\\\/cruz-de-la-unidad-Unity-Cross-schoenstatt-1.jpg\",\"width\":1536,\"height\":2048},{\"@type\":\"BreadcrumbList\",\"@id\":\"https:\\\/\\\/schoenstatt.com\\\/pt-pt\\\/hoje-renovamos-nossa-alianca-de-amor-a-luz-do-31-de-maio\\\/#breadcrumb\",\"itemListElement\":[{\"@type\":\"ListItem\",\"position\":1,\"name\":\"Portada\",\"item\":\"https:\\\/\\\/schoenstatt.com\\\/pt-pt\\\/home\\\/\"},{\"@type\":\"ListItem\",\"position\":2,\"name\":\"Hoje renovamos nossa Alian\u00e7a de Amor \u00e0 luz do \u201c31 de Maio\u201d\"}]},{\"@type\":\"WebSite\",\"@id\":\"https:\\\/\\\/schoenstatt.com\\\/pt-pt\\\/#website\",\"url\":\"https:\\\/\\\/schoenstatt.com\\\/pt-pt\\\/\",\"name\":\"Schoenstatt\",\"description\":\"Apostolic Movement\",\"publisher\":{\"@id\":\"https:\\\/\\\/schoenstatt.com\\\/pt-pt\\\/#organization\"},\"potentialAction\":[{\"@type\":\"SearchAction\",\"target\":{\"@type\":\"EntryPoint\",\"urlTemplate\":\"https:\\\/\\\/schoenstatt.com\\\/pt-pt\\\/?s={search_term_string}\"},\"query-input\":{\"@type\":\"PropertyValueSpecification\",\"valueRequired\":true,\"valueName\":\"search_term_string\"}}],\"inLanguage\":\"pt-PT\"},{\"@type\":\"Organization\",\"@id\":\"https:\\\/\\\/schoenstatt.com\\\/pt-pt\\\/#organization\",\"name\":\"Schoenstatt\",\"url\":\"https:\\\/\\\/schoenstatt.com\\\/pt-pt\\\/\",\"logo\":{\"@type\":\"ImageObject\",\"inLanguage\":\"pt-PT\",\"@id\":\"https:\\\/\\\/schoenstatt.com\\\/pt-pt\\\/#\\\/schema\\\/logo\\\/image\\\/\",\"url\":\"https:\\\/\\\/schoenstatt.com\\\/wp-content\\\/uploads\\\/2025\\\/04\\\/logo-schoenstatt-white-696x696-1.png\",\"contentUrl\":\"https:\\\/\\\/schoenstatt.com\\\/wp-content\\\/uploads\\\/2025\\\/04\\\/logo-schoenstatt-white-696x696-1.png\",\"width\":696,\"height\":694,\"caption\":\"Schoenstatt\"},\"image\":{\"@id\":\"https:\\\/\\\/schoenstatt.com\\\/pt-pt\\\/#\\\/schema\\\/logo\\\/image\\\/\"}},{\"@type\":\"Person\",\"@id\":\"https:\\\/\\\/schoenstatt.com\\\/pt-pt\\\/#\\\/schema\\\/person\\\/5158877ad4acae98b34daaeef2a1ce6e\",\"name\":\"Karen Bueno\",\"image\":{\"@type\":\"ImageObject\",\"inLanguage\":\"pt-PT\",\"@id\":\"https:\\\/\\\/secure.gravatar.com\\\/avatar\\\/f9f4b823873154269d2b2130f195f6d41037dd0d7fc5f3cacb5c846bae70d66b?s=96&d=mm&r=g\",\"url\":\"https:\\\/\\\/secure.gravatar.com\\\/avatar\\\/f9f4b823873154269d2b2130f195f6d41037dd0d7fc5f3cacb5c846bae70d66b?s=96&d=mm&r=g\",\"contentUrl\":\"https:\\\/\\\/secure.gravatar.com\\\/avatar\\\/f9f4b823873154269d2b2130f195f6d41037dd0d7fc5f3cacb5c846bae70d66b?s=96&d=mm&r=g\",\"caption\":\"Karen Bueno\"},\"url\":\"https:\\\/\\\/schoenstatt.com\\\/pt-pt\\\/author\\\/karen-bueno\\\/\"}]}<\/script>\n<!-- \/ Yoast SEO Premium plugin. -->","yoast_head_json":{"title":"Hoje renovamos nossa Alian\u00e7a de Amor \u00e0 luz do \u201c31 de Maio\u201d","description":"A miss\u00e3o de Schoenstatt depende de n\u00f3s para se concretizar com coragem e amor. Voc\u00ea aceita esse desafio? Vamos juntos?","robots":{"index":"index","follow":"follow","max-snippet":"max-snippet:-1","max-image-preview":"max-image-preview:large","max-video-preview":"max-video-preview:-1"},"canonical":"https:\/\/schoenstatt.com\/pt-pt\/hoje-renovamos-nossa-alianca-de-amor-a-luz-do-31-de-maio\/","og_locale":"pt_PT","og_type":"article","og_title":"Hoje renovamos nossa Alian\u00e7a de Amor \u00e0 luz do \u201c31 de Maio\u201d","og_description":"A miss\u00e3o de Schoenstatt depende de n\u00f3s para se concretizar com coragem e amor. Voc\u00ea aceita esse desafio? Vamos juntos?","og_url":"https:\/\/schoenstatt.com\/pt-pt\/hoje-renovamos-nossa-alianca-de-amor-a-luz-do-31-de-maio\/","og_site_name":"Schoenstatt","article_published_time":"2024-05-18T04:42:34+00:00","article_modified_time":"2025-05-15T22:27:40+00:00","og_image":[{"width":1536,"height":2048,"url":"https:\/\/schoenstatt.com\/wp-content\/uploads\/2023\/09\/cruz-de-la-unidad-Unity-Cross-schoenstatt-1.jpg","type":"image\/jpeg"}],"author":"Karen Bueno","twitter_card":"summary_large_image","twitter_misc":{"Escrito por":"Karen Bueno","Tempo estimado de leitura":"4 minutos"},"schema":{"@context":"https:\/\/schema.org","@graph":[{"@type":"Article","@id":"https:\/\/schoenstatt.com\/pt-pt\/hoje-renovamos-nossa-alianca-de-amor-a-luz-do-31-de-maio\/#article","isPartOf":{"@id":"https:\/\/schoenstatt.com\/pt-pt\/hoje-renovamos-nossa-alianca-de-amor-a-luz-do-31-de-maio\/"},"author":{"name":"Karen Bueno","@id":"https:\/\/schoenstatt.com\/pt-pt\/#\/schema\/person\/5158877ad4acae98b34daaeef2a1ce6e"},"headline":"Hoje renovamos nossa Alian\u00e7a de Amor \u00e0 luz do \u201c31 de Maio\u201d","datePublished":"2024-05-18T04:42:34+00:00","dateModified":"2025-05-15T22:27:40+00:00","mainEntityOfPage":{"@id":"https:\/\/schoenstatt.com\/pt-pt\/hoje-renovamos-nossa-alianca-de-amor-a-luz-do-31-de-maio\/"},"wordCount":753,"publisher":{"@id":"https:\/\/schoenstatt.com\/pt-pt\/#organization"},"image":{"@id":"https:\/\/schoenstatt.com\/pt-pt\/hoje-renovamos-nossa-alianca-de-amor-a-luz-do-31-de-maio\/#primaryimage"},"thumbnailUrl":"https:\/\/schoenstatt.com\/wp-content\/uploads\/2023\/09\/cruz-de-la-unidad-Unity-Cross-schoenstatt-1.jpg","articleSection":["Espiritualidade"],"inLanguage":"pt-PT"},{"@type":"WebPage","@id":"https:\/\/schoenstatt.com\/pt-pt\/hoje-renovamos-nossa-alianca-de-amor-a-luz-do-31-de-maio\/","url":"https:\/\/schoenstatt.com\/pt-pt\/hoje-renovamos-nossa-alianca-de-amor-a-luz-do-31-de-maio\/","name":"Hoje renovamos nossa Alian\u00e7a de Amor \u00e0 luz do \u201c31 de Maio\u201d","isPartOf":{"@id":"https:\/\/schoenstatt.com\/pt-pt\/#website"},"primaryImageOfPage":{"@id":"https:\/\/schoenstatt.com\/pt-pt\/hoje-renovamos-nossa-alianca-de-amor-a-luz-do-31-de-maio\/#primaryimage"},"image":{"@id":"https:\/\/schoenstatt.com\/pt-pt\/hoje-renovamos-nossa-alianca-de-amor-a-luz-do-31-de-maio\/#primaryimage"},"thumbnailUrl":"https:\/\/schoenstatt.com\/wp-content\/uploads\/2023\/09\/cruz-de-la-unidad-Unity-Cross-schoenstatt-1.jpg","datePublished":"2024-05-18T04:42:34+00:00","dateModified":"2025-05-15T22:27:40+00:00","description":"A miss\u00e3o de Schoenstatt depende de n\u00f3s para se concretizar com coragem e amor. Voc\u00ea aceita esse desafio? Vamos juntos?","breadcrumb":{"@id":"https:\/\/schoenstatt.com\/pt-pt\/hoje-renovamos-nossa-alianca-de-amor-a-luz-do-31-de-maio\/#breadcrumb"},"inLanguage":"pt-PT","potentialAction":[{"@type":"ReadAction","target":["https:\/\/schoenstatt.com\/pt-pt\/hoje-renovamos-nossa-alianca-de-amor-a-luz-do-31-de-maio\/"]}]},{"@type":"ImageObject","inLanguage":"pt-PT","@id":"https:\/\/schoenstatt.com\/pt-pt\/hoje-renovamos-nossa-alianca-de-amor-a-luz-do-31-de-maio\/#primaryimage","url":"https:\/\/schoenstatt.com\/wp-content\/uploads\/2023\/09\/cruz-de-la-unidad-Unity-Cross-schoenstatt-1.jpg","contentUrl":"https:\/\/schoenstatt.com\/wp-content\/uploads\/2023\/09\/cruz-de-la-unidad-Unity-Cross-schoenstatt-1.jpg","width":1536,"height":2048},{"@type":"BreadcrumbList","@id":"https:\/\/schoenstatt.com\/pt-pt\/hoje-renovamos-nossa-alianca-de-amor-a-luz-do-31-de-maio\/#breadcrumb","itemListElement":[{"@type":"ListItem","position":1,"name":"Portada","item":"https:\/\/schoenstatt.com\/pt-pt\/home\/"},{"@type":"ListItem","position":2,"name":"Hoje renovamos nossa Alian\u00e7a de Amor \u00e0 luz do \u201c31 de Maio\u201d"}]},{"@type":"WebSite","@id":"https:\/\/schoenstatt.com\/pt-pt\/#website","url":"https:\/\/schoenstatt.com\/pt-pt\/","name":"Schoenstatt","description":"Apostolic Movement","publisher":{"@id":"https:\/\/schoenstatt.com\/pt-pt\/#organization"},"potentialAction":[{"@type":"SearchAction","target":{"@type":"EntryPoint","urlTemplate":"https:\/\/schoenstatt.com\/pt-pt\/?s={search_term_string}"},"query-input":{"@type":"PropertyValueSpecification","valueRequired":true,"valueName":"search_term_string"}}],"inLanguage":"pt-PT"},{"@type":"Organization","@id":"https:\/\/schoenstatt.com\/pt-pt\/#organization","name":"Schoenstatt","url":"https:\/\/schoenstatt.com\/pt-pt\/","logo":{"@type":"ImageObject","inLanguage":"pt-PT","@id":"https:\/\/schoenstatt.com\/pt-pt\/#\/schema\/logo\/image\/","url":"https:\/\/schoenstatt.com\/wp-content\/uploads\/2025\/04\/logo-schoenstatt-white-696x696-1.png","contentUrl":"https:\/\/schoenstatt.com\/wp-content\/uploads\/2025\/04\/logo-schoenstatt-white-696x696-1.png","width":696,"height":694,"caption":"Schoenstatt"},"image":{"@id":"https:\/\/schoenstatt.com\/pt-pt\/#\/schema\/logo\/image\/"}},{"@type":"Person","@id":"https:\/\/schoenstatt.com\/pt-pt\/#\/schema\/person\/5158877ad4acae98b34daaeef2a1ce6e","name":"Karen Bueno","image":{"@type":"ImageObject","inLanguage":"pt-PT","@id":"https:\/\/secure.gravatar.com\/avatar\/f9f4b823873154269d2b2130f195f6d41037dd0d7fc5f3cacb5c846bae70d66b?s=96&d=mm&r=g","url":"https:\/\/secure.gravatar.com\/avatar\/f9f4b823873154269d2b2130f195f6d41037dd0d7fc5f3cacb5c846bae70d66b?s=96&d=mm&r=g","contentUrl":"https:\/\/secure.gravatar.com\/avatar\/f9f4b823873154269d2b2130f195f6d41037dd0d7fc5f3cacb5c846bae70d66b?s=96&d=mm&r=g","caption":"Karen Bueno"},"url":"https:\/\/schoenstatt.com\/pt-pt\/author\/karen-bueno\/"}]}},"_links":{"self":[{"href":"https:\/\/schoenstatt.com\/pt-pt\/wp-json\/wp\/v2\/posts\/35634","targetHints":{"allow":["GET"]}}],"collection":[{"href":"https:\/\/schoenstatt.com\/pt-pt\/wp-json\/wp\/v2\/posts"}],"about":[{"href":"https:\/\/schoenstatt.com\/pt-pt\/wp-json\/wp\/v2\/types\/post"}],"author":[{"embeddable":true,"href":"https:\/\/schoenstatt.com\/pt-pt\/wp-json\/wp\/v2\/users\/3"}],"replies":[{"embeddable":true,"href":"https:\/\/schoenstatt.com\/pt-pt\/wp-json\/wp\/v2\/comments?post=35634"}],"version-history":[{"count":1,"href":"https:\/\/schoenstatt.com\/pt-pt\/wp-json\/wp\/v2\/posts\/35634\/revisions"}],"predecessor-version":[{"id":46838,"href":"https:\/\/schoenstatt.com\/pt-pt\/wp-json\/wp\/v2\/posts\/35634\/revisions\/46838"}],"wp:featuredmedia":[{"embeddable":true,"href":"https:\/\/schoenstatt.com\/pt-pt\/wp-json\/wp\/v2\/media\/32416"}],"wp:attachment":[{"href":"https:\/\/schoenstatt.com\/pt-pt\/wp-json\/wp\/v2\/media?parent=35634"}],"wp:term":[{"taxonomy":"category","embeddable":true,"href":"https:\/\/schoenstatt.com\/pt-pt\/wp-json\/wp\/v2\/categories?post=35634"},{"taxonomy":"post_tag","embeddable":true,"href":"https:\/\/schoenstatt.com\/pt-pt\/wp-json\/wp\/v2\/tags?post=35634"}],"curies":[{"name":"wp","href":"https:\/\/api.w.org\/{rel}","templated":true}]}}