{"id":35616,"date":"2024-05-09T20:04:18","date_gmt":"2024-05-09T18:04:18","guid":{"rendered":"https:\/\/schoenstatt.com\/?p=35616"},"modified":"2025-05-16T03:19:55","modified_gmt":"2025-05-16T01:19:55","slug":"papa-proclama-a-bula-do-ano-santo-de-2025","status":"publish","type":"post","link":"https:\/\/schoenstatt.com\/pt-pt\/papa-proclama-a-bula-do-ano-santo-de-2025\/","title":{"rendered":"Papa proclama a Bula do Ano Santo de 2025"},"content":{"rendered":"<p>&#8220;Spes non confundit&#8221;, a esperan\u00e7a n\u00e3o decepciona, \u00e9 o t\u00edtulo da Bula de proclama\u00e7\u00e3o do Jubileu Ordin\u00e1rio entregue na tarde de hoje, 9 de maio, pelo Papa \u00e0s Igrejas dos cinco continentes durante as primeiras V\u00e9speras da Solenidade da Ascens\u00e3o do Senhor*. A Bula, dividida em 25 pontos, cont\u00e9m s\u00faplicas, propostas, apelos em favor dos presos, dos migrantes, dos doentes, dos idosos e dos jovens dominados pelas drogas e transgress\u00f5es.<\/p>\n<p>No texto h\u00e1 tamb\u00e9m o incentivo ao aumento da taxa de natalidade, o desejo de criar um fundo para abolir a fome e um maior empenho da diplomacia por uma paz duradoura.<\/p>\n<p>No documento, o Papa Francisco recorda dois importantes anivers\u00e1rios: a celebra\u00e7\u00e3o em 2033 dos dois mil anos da Reden\u00e7\u00e3o e os 1700 anos do primeiro grande Conc\u00edlio Ecum\u00eanico de Nic\u00e9ia.<\/p>\n<p style=\"text-align: center;\"><a class=\"fasc-button fasc-size-medium fasc-type-flat fasc-ico-before dashicons-arrow-right fasc-style-bold\" style=\"background-color: #283580; color: #ffffff;\" target=\"_blank\" rel=\"noopener\" href=\"https:\/\/press.vatican.va\/content\/salastampa\/it\/bollettino\/pubblico\/2024\/05\/09\/0374\/00781.html#po\">Bula Completa<\/a><\/p>\n<h3>A abertura da Porta Santa<\/h3>\n<p>Em meio a essas &#8220;grandes etapas&#8221;, o Papa estabelece que a Porta Santa da Bas\u00edlica de S\u00e3o Pedro ser\u00e1 aberta em 24 de dezembro de 2024. No domingo seguinte, 29 de dezembro, o Pont\u00edfice abrir\u00e1 a Porta Santa da Bas\u00edlica de S\u00e3o Jo\u00e3o de Latr\u00e3o; em 1\u00ba de janeiro de 2025, Solenidade de Maria M\u00e3e de Deus, a de Santa Maria Maior e, em 5 de janeiro, a Porta Santa de S\u00e3o Paulo Fora dos Muros. As tr\u00eas Portas ser\u00e3o fechadas no domingo, 28 de dezembro do mesmo ano. O Jubileu terminar\u00e1 com o fechamento da Porta Santa da Bas\u00edlica de S\u00e3o Pedro em 6 de janeiro de 2026. (6)<\/p>\n<p>O Papa tamb\u00e9m anunciou algo especial: a abertura de uma Porta Santa em um pres\u00eddio.<\/p>\n<h3><img fetchpriority=\"high\" decoding=\"async\" class=\"aligncenter wp-image-33784 \" src=\"https:\/\/schoenstatt.com\/wp-content\/uploads\/2023\/11\/Pope-Francis-Papa-Francisco-Papst-Franziskus.jpg\" alt=\"\" width=\"769\" height=\"513\"><\/h3>\n<h3>O papel dos Mission\u00e1rios da Miseric\u00f3rdia<\/h3>\n<p>A Bula tamb\u00e9m se refere ao sacramento da Penit\u00eancia e anuncia a continua\u00e7\u00e3o do servi\u00e7o dos Mission\u00e1rios da Miseric\u00f3rdia, estabelecido durante o Jubileu extraordin\u00e1rio. Aos bispos, pede que os enviem a lugares onde &#8220;a esperan\u00e7a est\u00e1 posta a dura prova, como nas pris\u00f5es, nos hospitais e nos lugares onde a dignidade da pessoa \u00e9 espezinhada, nas situa\u00e7\u00f5es mais desfavorecidas e nos contextos de maior degrada\u00e7\u00e3o, para que ningu\u00e9m fique privado da possibilidade de receber o perd\u00e3o e a consola\u00e7\u00e3o de Deus&#8221;. (23)<\/p>\n<figure id=\"attachment_30244\" aria-describedby=\"caption-attachment-30244\" style=\"width: 840px\" class=\"wp-caption aligncenter\"><img decoding=\"async\" class=\"wp-image-30244 size-large\" src=\"https:\/\/schoenstatt.com\/wp-content\/uploads\/2023\/04\/Santuario-Belmonte-1-1024x517.png\" alt=\"Movimento de Schoenstatt It\u00e1lia\" width=\"840\" height=\"424\"><figcaption id=\"caption-attachment-30244\" class=\"wp-caption-text\">Belmonte<\/figcaption><\/figure>\n<h3>Ora\u00e7\u00e3o nos Santu\u00e1rios Marianos<\/h3>\n<p>O Santo Padre convida todos os &#8220;peregrinos que vierem a Roma&#8221; a rezar nos santu\u00e1rios marianos da cidade para invocar a prote\u00e7\u00e3o de Maria, de modo a &#8220;experimentar a proximidade da mais afetuosa das m\u00e3es, que nunca abandona os seus filhos&#8221;. (24)<\/p>\n<p>Dentre esses, existem dois Santu\u00e1rios de Schoenstatt na Cidade Eterna: Cor Ecclesiae e Matri Ecclesiae.<\/p>\n<p><strong>Confira aqui os endere\u00e7os e contatos:<\/strong><\/p>\n<p><strong>&#8211; Santu\u00e1rio Cor Ecclesiae<\/strong><br \/>\nVia Aurelia Antica, 12, 00165 Roma<br \/>\nTel. +39 0639378780<\/p>\n<p><strong>&#8211; Santu\u00e1rio Matri Ecclesiae (Belmonte)<\/strong><br \/>\nVia di Santa Gemma 17, 00116 Roma<br \/>\nE-mail: mail@roma-belmonte.info<br \/>\nSite: r<a href=\"https:\/\/www.roma-belmonte.info\/pt\/\" target=\"_blank\" rel=\"noopener\">oma-belmonte.info\/pt<\/a><\/p>\n<figure id=\"attachment_35617\" aria-describedby=\"caption-attachment-35617\" style=\"width: 762px\" class=\"wp-caption aligncenter\"><a href=\"https:\/\/www.roma-belmonte.info\/pt\/\" target=\"_blank\" rel=\"noopener\"><img decoding=\"async\" class=\"wp-image-35617\" src=\"https:\/\/schoenstatt.com\/wp-content\/uploads\/2024\/05\/santuario-cor-ecclesiae-roma.jpg\" alt=\"\" width=\"762\" height=\"575\"><\/a><figcaption id=\"caption-attachment-35617\" class=\"wp-caption-text\">Cor Ecclesiae<\/figcaption><\/figure>\n<p>*No Brasil, para facilitar a participa\u00e7\u00e3o dos fi\u00e9is, a liturgia fixou a Ascens\u00e3o do Senhor para o 7\u00ba Domingo da P\u00e1scoa, que este ano ser\u00e1 em 12 de maio.<\/p>\n<p>Com informa\u00e7\u00f5es de: <a href=\"https:\/\/www.vaticannews.va\/pt\/papa\/news\/2024-05\/bula-de-proclamacao-do-jubileu-2025-09-05-24.html\" target=\"_blank\" rel=\"noopener\">vaticannews.va\/pt<\/a><\/p>\n","protected":false},"excerpt":{"rendered":"<p>&#8220;Spes non confundit&#8221; \u00e9 o t\u00edtulo da Bula de proclama\u00e7\u00e3o do Ano Santo de 2025. Dentre tantos pedidos, o Santo Padre tamb\u00e9m convida os &#8220;peregrinos que vierem a Roma&#8221; a rezar nos santu\u00e1rios marianos da cidade para invocar a prote\u00e7\u00e3o de Maria, de modo a &#8220;experimentar a proximidade da mais afetuosa das m\u00e3es, que nunca abandona os seus filhos&#8221;. <\/p>\n","protected":false},"author":3,"featured_media":32663,"comment_status":"closed","ping_status":"closed","sticky":false,"template":"","format":"standard","meta":{"footnotes":""},"categories":[608,906],"tags":[],"class_list":["post-35616","post","type-post","status-publish","format-standard","has-post-thumbnail","hentry","category-igreja-pt-pt","category-papa-francisco-pt-pt"],"yoast_head":"<!-- This site is optimized with the Yoast SEO Premium plugin v27.4 (Yoast SEO v27.4) - https:\/\/yoast.com\/product\/yoast-seo-premium-wordpress\/ -->\n<title>Papa proclama a Bula do Ano Santo de 2025 - Schoenstatt<\/title>\n<meta name=\"description\" content=\"&quot;Spes non confundit&quot; \u00e9 o t\u00edtulo da Bula de proclama\u00e7\u00e3o do Ano Santo de 2025. Entre os pedidos, o Papa convida a rezar nos santu\u00e1rios marianos\" \/>\n<meta name=\"robots\" content=\"index, follow, max-snippet:-1, max-image-preview:large, max-video-preview:-1\" \/>\n<link rel=\"canonical\" href=\"https:\/\/schoenstatt.com\/pt-pt\/papa-proclama-a-bula-do-ano-santo-de-2025\/\" \/>\n<meta property=\"og:locale\" content=\"pt_PT\" \/>\n<meta property=\"og:type\" content=\"article\" \/>\n<meta property=\"og:title\" content=\"Papa proclama a Bula do Ano Santo de 2025\" \/>\n<meta property=\"og:description\" content=\"&quot;Spes non confundit&quot; \u00e9 o t\u00edtulo da Bula de proclama\u00e7\u00e3o do Ano Santo de 2025. Entre os pedidos, o Papa convida a rezar nos santu\u00e1rios marianos\" \/>\n<meta property=\"og:url\" content=\"https:\/\/schoenstatt.com\/pt-pt\/papa-proclama-a-bula-do-ano-santo-de-2025\/\" \/>\n<meta property=\"og:site_name\" content=\"Schoenstatt\" \/>\n<meta property=\"article:published_time\" content=\"2024-05-09T18:04:18+00:00\" \/>\n<meta property=\"article:modified_time\" content=\"2025-05-16T01:19:55+00:00\" \/>\n<meta property=\"og:image\" content=\"https:\/\/schoenstatt.com\/wp-content\/uploads\/2023\/09\/vatican-vaticano-roma-1.jpg\" \/>\n\t<meta property=\"og:image:width\" content=\"768\" \/>\n\t<meta property=\"og:image:height\" content=\"522\" \/>\n\t<meta property=\"og:image:type\" content=\"image\/jpeg\" \/>\n<meta name=\"author\" content=\"Karen Bueno\" \/>\n<meta name=\"twitter:card\" content=\"summary_large_image\" \/>\n<meta name=\"twitter:label1\" content=\"Escrito por\" \/>\n\t<meta name=\"twitter:data1\" content=\"Karen Bueno\" \/>\n\t<meta name=\"twitter:label2\" content=\"Tempo estimado de leitura\" \/>\n\t<meta name=\"twitter:data2\" content=\"3 minutos\" \/>\n<script type=\"application\/ld+json\" class=\"yoast-schema-graph\">{\"@context\":\"https:\\\/\\\/schema.org\",\"@graph\":[{\"@type\":\"Article\",\"@id\":\"https:\\\/\\\/schoenstatt.com\\\/pt-pt\\\/papa-proclama-a-bula-do-ano-santo-de-2025\\\/#article\",\"isPartOf\":{\"@id\":\"https:\\\/\\\/schoenstatt.com\\\/pt-pt\\\/papa-proclama-a-bula-do-ano-santo-de-2025\\\/\"},\"author\":{\"name\":\"Karen Bueno\",\"@id\":\"https:\\\/\\\/schoenstatt.com\\\/pt-pt\\\/#\\\/schema\\\/person\\\/5158877ad4acae98b34daaeef2a1ce6e\"},\"headline\":\"Papa proclama a Bula do Ano Santo de 2025\",\"datePublished\":\"2024-05-09T18:04:18+00:00\",\"dateModified\":\"2025-05-16T01:19:55+00:00\",\"mainEntityOfPage\":{\"@id\":\"https:\\\/\\\/schoenstatt.com\\\/pt-pt\\\/papa-proclama-a-bula-do-ano-santo-de-2025\\\/\"},\"wordCount\":548,\"publisher\":{\"@id\":\"https:\\\/\\\/schoenstatt.com\\\/pt-pt\\\/#organization\"},\"image\":{\"@id\":\"https:\\\/\\\/schoenstatt.com\\\/pt-pt\\\/papa-proclama-a-bula-do-ano-santo-de-2025\\\/#primaryimage\"},\"thumbnailUrl\":\"https:\\\/\\\/schoenstatt.com\\\/wp-content\\\/uploads\\\/2023\\\/09\\\/vatican-vaticano-roma-1.jpg\",\"articleSection\":[\"Igreja\",\"Papa Francisco\"],\"inLanguage\":\"pt-PT\"},{\"@type\":\"WebPage\",\"@id\":\"https:\\\/\\\/schoenstatt.com\\\/pt-pt\\\/papa-proclama-a-bula-do-ano-santo-de-2025\\\/\",\"url\":\"https:\\\/\\\/schoenstatt.com\\\/pt-pt\\\/papa-proclama-a-bula-do-ano-santo-de-2025\\\/\",\"name\":\"Papa proclama a Bula do Ano Santo de 2025 - Schoenstatt\",\"isPartOf\":{\"@id\":\"https:\\\/\\\/schoenstatt.com\\\/pt-pt\\\/#website\"},\"primaryImageOfPage\":{\"@id\":\"https:\\\/\\\/schoenstatt.com\\\/pt-pt\\\/papa-proclama-a-bula-do-ano-santo-de-2025\\\/#primaryimage\"},\"image\":{\"@id\":\"https:\\\/\\\/schoenstatt.com\\\/pt-pt\\\/papa-proclama-a-bula-do-ano-santo-de-2025\\\/#primaryimage\"},\"thumbnailUrl\":\"https:\\\/\\\/schoenstatt.com\\\/wp-content\\\/uploads\\\/2023\\\/09\\\/vatican-vaticano-roma-1.jpg\",\"datePublished\":\"2024-05-09T18:04:18+00:00\",\"dateModified\":\"2025-05-16T01:19:55+00:00\",\"description\":\"\\\"Spes non confundit\\\" \u00e9 o t\u00edtulo da Bula de proclama\u00e7\u00e3o do Ano Santo de 2025. Entre os pedidos, o Papa convida a rezar nos santu\u00e1rios marianos\",\"breadcrumb\":{\"@id\":\"https:\\\/\\\/schoenstatt.com\\\/pt-pt\\\/papa-proclama-a-bula-do-ano-santo-de-2025\\\/#breadcrumb\"},\"inLanguage\":\"pt-PT\",\"potentialAction\":[{\"@type\":\"ReadAction\",\"target\":[\"https:\\\/\\\/schoenstatt.com\\\/pt-pt\\\/papa-proclama-a-bula-do-ano-santo-de-2025\\\/\"]}]},{\"@type\":\"ImageObject\",\"inLanguage\":\"pt-PT\",\"@id\":\"https:\\\/\\\/schoenstatt.com\\\/pt-pt\\\/papa-proclama-a-bula-do-ano-santo-de-2025\\\/#primaryimage\",\"url\":\"https:\\\/\\\/schoenstatt.com\\\/wp-content\\\/uploads\\\/2023\\\/09\\\/vatican-vaticano-roma-1.jpg\",\"contentUrl\":\"https:\\\/\\\/schoenstatt.com\\\/wp-content\\\/uploads\\\/2023\\\/09\\\/vatican-vaticano-roma-1.jpg\",\"width\":768,\"height\":522},{\"@type\":\"BreadcrumbList\",\"@id\":\"https:\\\/\\\/schoenstatt.com\\\/pt-pt\\\/papa-proclama-a-bula-do-ano-santo-de-2025\\\/#breadcrumb\",\"itemListElement\":[{\"@type\":\"ListItem\",\"position\":1,\"name\":\"Portada\",\"item\":\"https:\\\/\\\/schoenstatt.com\\\/pt-pt\\\/home\\\/\"},{\"@type\":\"ListItem\",\"position\":2,\"name\":\"Papa proclama a Bula do Ano Santo de 2025\"}]},{\"@type\":\"WebSite\",\"@id\":\"https:\\\/\\\/schoenstatt.com\\\/pt-pt\\\/#website\",\"url\":\"https:\\\/\\\/schoenstatt.com\\\/pt-pt\\\/\",\"name\":\"Schoenstatt\",\"description\":\"Apostolic Movement\",\"publisher\":{\"@id\":\"https:\\\/\\\/schoenstatt.com\\\/pt-pt\\\/#organization\"},\"potentialAction\":[{\"@type\":\"SearchAction\",\"target\":{\"@type\":\"EntryPoint\",\"urlTemplate\":\"https:\\\/\\\/schoenstatt.com\\\/pt-pt\\\/?s={search_term_string}\"},\"query-input\":{\"@type\":\"PropertyValueSpecification\",\"valueRequired\":true,\"valueName\":\"search_term_string\"}}],\"inLanguage\":\"pt-PT\"},{\"@type\":\"Organization\",\"@id\":\"https:\\\/\\\/schoenstatt.com\\\/pt-pt\\\/#organization\",\"name\":\"Schoenstatt\",\"url\":\"https:\\\/\\\/schoenstatt.com\\\/pt-pt\\\/\",\"logo\":{\"@type\":\"ImageObject\",\"inLanguage\":\"pt-PT\",\"@id\":\"https:\\\/\\\/schoenstatt.com\\\/pt-pt\\\/#\\\/schema\\\/logo\\\/image\\\/\",\"url\":\"https:\\\/\\\/schoenstatt.com\\\/wp-content\\\/uploads\\\/2025\\\/04\\\/logo-schoenstatt-white-696x696-1.png\",\"contentUrl\":\"https:\\\/\\\/schoenstatt.com\\\/wp-content\\\/uploads\\\/2025\\\/04\\\/logo-schoenstatt-white-696x696-1.png\",\"width\":696,\"height\":694,\"caption\":\"Schoenstatt\"},\"image\":{\"@id\":\"https:\\\/\\\/schoenstatt.com\\\/pt-pt\\\/#\\\/schema\\\/logo\\\/image\\\/\"}},{\"@type\":\"Person\",\"@id\":\"https:\\\/\\\/schoenstatt.com\\\/pt-pt\\\/#\\\/schema\\\/person\\\/5158877ad4acae98b34daaeef2a1ce6e\",\"name\":\"Karen Bueno\",\"image\":{\"@type\":\"ImageObject\",\"inLanguage\":\"pt-PT\",\"@id\":\"https:\\\/\\\/secure.gravatar.com\\\/avatar\\\/f9f4b823873154269d2b2130f195f6d41037dd0d7fc5f3cacb5c846bae70d66b?s=96&d=mm&r=g\",\"url\":\"https:\\\/\\\/secure.gravatar.com\\\/avatar\\\/f9f4b823873154269d2b2130f195f6d41037dd0d7fc5f3cacb5c846bae70d66b?s=96&d=mm&r=g\",\"contentUrl\":\"https:\\\/\\\/secure.gravatar.com\\\/avatar\\\/f9f4b823873154269d2b2130f195f6d41037dd0d7fc5f3cacb5c846bae70d66b?s=96&d=mm&r=g\",\"caption\":\"Karen Bueno\"},\"url\":\"https:\\\/\\\/schoenstatt.com\\\/pt-pt\\\/author\\\/karen-bueno\\\/\"}]}<\/script>\n<!-- \/ Yoast SEO Premium plugin. -->","yoast_head_json":{"title":"Papa proclama a Bula do Ano Santo de 2025 - Schoenstatt","description":"\"Spes non confundit\" \u00e9 o t\u00edtulo da Bula de proclama\u00e7\u00e3o do Ano Santo de 2025. Entre os pedidos, o Papa convida a rezar nos santu\u00e1rios marianos","robots":{"index":"index","follow":"follow","max-snippet":"max-snippet:-1","max-image-preview":"max-image-preview:large","max-video-preview":"max-video-preview:-1"},"canonical":"https:\/\/schoenstatt.com\/pt-pt\/papa-proclama-a-bula-do-ano-santo-de-2025\/","og_locale":"pt_PT","og_type":"article","og_title":"Papa proclama a Bula do Ano Santo de 2025","og_description":"\"Spes non confundit\" \u00e9 o t\u00edtulo da Bula de proclama\u00e7\u00e3o do Ano Santo de 2025. Entre os pedidos, o Papa convida a rezar nos santu\u00e1rios marianos","og_url":"https:\/\/schoenstatt.com\/pt-pt\/papa-proclama-a-bula-do-ano-santo-de-2025\/","og_site_name":"Schoenstatt","article_published_time":"2024-05-09T18:04:18+00:00","article_modified_time":"2025-05-16T01:19:55+00:00","og_image":[{"width":768,"height":522,"url":"https:\/\/schoenstatt.com\/wp-content\/uploads\/2023\/09\/vatican-vaticano-roma-1.jpg","type":"image\/jpeg"}],"author":"Karen Bueno","twitter_card":"summary_large_image","twitter_misc":{"Escrito por":"Karen Bueno","Tempo estimado de leitura":"3 minutos"},"schema":{"@context":"https:\/\/schema.org","@graph":[{"@type":"Article","@id":"https:\/\/schoenstatt.com\/pt-pt\/papa-proclama-a-bula-do-ano-santo-de-2025\/#article","isPartOf":{"@id":"https:\/\/schoenstatt.com\/pt-pt\/papa-proclama-a-bula-do-ano-santo-de-2025\/"},"author":{"name":"Karen Bueno","@id":"https:\/\/schoenstatt.com\/pt-pt\/#\/schema\/person\/5158877ad4acae98b34daaeef2a1ce6e"},"headline":"Papa proclama a Bula do Ano Santo de 2025","datePublished":"2024-05-09T18:04:18+00:00","dateModified":"2025-05-16T01:19:55+00:00","mainEntityOfPage":{"@id":"https:\/\/schoenstatt.com\/pt-pt\/papa-proclama-a-bula-do-ano-santo-de-2025\/"},"wordCount":548,"publisher":{"@id":"https:\/\/schoenstatt.com\/pt-pt\/#organization"},"image":{"@id":"https:\/\/schoenstatt.com\/pt-pt\/papa-proclama-a-bula-do-ano-santo-de-2025\/#primaryimage"},"thumbnailUrl":"https:\/\/schoenstatt.com\/wp-content\/uploads\/2023\/09\/vatican-vaticano-roma-1.jpg","articleSection":["Igreja","Papa Francisco"],"inLanguage":"pt-PT"},{"@type":"WebPage","@id":"https:\/\/schoenstatt.com\/pt-pt\/papa-proclama-a-bula-do-ano-santo-de-2025\/","url":"https:\/\/schoenstatt.com\/pt-pt\/papa-proclama-a-bula-do-ano-santo-de-2025\/","name":"Papa proclama a Bula do Ano Santo de 2025 - Schoenstatt","isPartOf":{"@id":"https:\/\/schoenstatt.com\/pt-pt\/#website"},"primaryImageOfPage":{"@id":"https:\/\/schoenstatt.com\/pt-pt\/papa-proclama-a-bula-do-ano-santo-de-2025\/#primaryimage"},"image":{"@id":"https:\/\/schoenstatt.com\/pt-pt\/papa-proclama-a-bula-do-ano-santo-de-2025\/#primaryimage"},"thumbnailUrl":"https:\/\/schoenstatt.com\/wp-content\/uploads\/2023\/09\/vatican-vaticano-roma-1.jpg","datePublished":"2024-05-09T18:04:18+00:00","dateModified":"2025-05-16T01:19:55+00:00","description":"\"Spes non confundit\" \u00e9 o t\u00edtulo da Bula de proclama\u00e7\u00e3o do Ano Santo de 2025. Entre os pedidos, o Papa convida a rezar nos santu\u00e1rios marianos","breadcrumb":{"@id":"https:\/\/schoenstatt.com\/pt-pt\/papa-proclama-a-bula-do-ano-santo-de-2025\/#breadcrumb"},"inLanguage":"pt-PT","potentialAction":[{"@type":"ReadAction","target":["https:\/\/schoenstatt.com\/pt-pt\/papa-proclama-a-bula-do-ano-santo-de-2025\/"]}]},{"@type":"ImageObject","inLanguage":"pt-PT","@id":"https:\/\/schoenstatt.com\/pt-pt\/papa-proclama-a-bula-do-ano-santo-de-2025\/#primaryimage","url":"https:\/\/schoenstatt.com\/wp-content\/uploads\/2023\/09\/vatican-vaticano-roma-1.jpg","contentUrl":"https:\/\/schoenstatt.com\/wp-content\/uploads\/2023\/09\/vatican-vaticano-roma-1.jpg","width":768,"height":522},{"@type":"BreadcrumbList","@id":"https:\/\/schoenstatt.com\/pt-pt\/papa-proclama-a-bula-do-ano-santo-de-2025\/#breadcrumb","itemListElement":[{"@type":"ListItem","position":1,"name":"Portada","item":"https:\/\/schoenstatt.com\/pt-pt\/home\/"},{"@type":"ListItem","position":2,"name":"Papa proclama a Bula do Ano Santo de 2025"}]},{"@type":"WebSite","@id":"https:\/\/schoenstatt.com\/pt-pt\/#website","url":"https:\/\/schoenstatt.com\/pt-pt\/","name":"Schoenstatt","description":"Apostolic Movement","publisher":{"@id":"https:\/\/schoenstatt.com\/pt-pt\/#organization"},"potentialAction":[{"@type":"SearchAction","target":{"@type":"EntryPoint","urlTemplate":"https:\/\/schoenstatt.com\/pt-pt\/?s={search_term_string}"},"query-input":{"@type":"PropertyValueSpecification","valueRequired":true,"valueName":"search_term_string"}}],"inLanguage":"pt-PT"},{"@type":"Organization","@id":"https:\/\/schoenstatt.com\/pt-pt\/#organization","name":"Schoenstatt","url":"https:\/\/schoenstatt.com\/pt-pt\/","logo":{"@type":"ImageObject","inLanguage":"pt-PT","@id":"https:\/\/schoenstatt.com\/pt-pt\/#\/schema\/logo\/image\/","url":"https:\/\/schoenstatt.com\/wp-content\/uploads\/2025\/04\/logo-schoenstatt-white-696x696-1.png","contentUrl":"https:\/\/schoenstatt.com\/wp-content\/uploads\/2025\/04\/logo-schoenstatt-white-696x696-1.png","width":696,"height":694,"caption":"Schoenstatt"},"image":{"@id":"https:\/\/schoenstatt.com\/pt-pt\/#\/schema\/logo\/image\/"}},{"@type":"Person","@id":"https:\/\/schoenstatt.com\/pt-pt\/#\/schema\/person\/5158877ad4acae98b34daaeef2a1ce6e","name":"Karen Bueno","image":{"@type":"ImageObject","inLanguage":"pt-PT","@id":"https:\/\/secure.gravatar.com\/avatar\/f9f4b823873154269d2b2130f195f6d41037dd0d7fc5f3cacb5c846bae70d66b?s=96&d=mm&r=g","url":"https:\/\/secure.gravatar.com\/avatar\/f9f4b823873154269d2b2130f195f6d41037dd0d7fc5f3cacb5c846bae70d66b?s=96&d=mm&r=g","contentUrl":"https:\/\/secure.gravatar.com\/avatar\/f9f4b823873154269d2b2130f195f6d41037dd0d7fc5f3cacb5c846bae70d66b?s=96&d=mm&r=g","caption":"Karen Bueno"},"url":"https:\/\/schoenstatt.com\/pt-pt\/author\/karen-bueno\/"}]}},"_links":{"self":[{"href":"https:\/\/schoenstatt.com\/pt-pt\/wp-json\/wp\/v2\/posts\/35616","targetHints":{"allow":["GET"]}}],"collection":[{"href":"https:\/\/schoenstatt.com\/pt-pt\/wp-json\/wp\/v2\/posts"}],"about":[{"href":"https:\/\/schoenstatt.com\/pt-pt\/wp-json\/wp\/v2\/types\/post"}],"author":[{"embeddable":true,"href":"https:\/\/schoenstatt.com\/pt-pt\/wp-json\/wp\/v2\/users\/3"}],"replies":[{"embeddable":true,"href":"https:\/\/schoenstatt.com\/pt-pt\/wp-json\/wp\/v2\/comments?post=35616"}],"version-history":[{"count":1,"href":"https:\/\/schoenstatt.com\/pt-pt\/wp-json\/wp\/v2\/posts\/35616\/revisions"}],"predecessor-version":[{"id":46831,"href":"https:\/\/schoenstatt.com\/pt-pt\/wp-json\/wp\/v2\/posts\/35616\/revisions\/46831"}],"wp:featuredmedia":[{"embeddable":true,"href":"https:\/\/schoenstatt.com\/pt-pt\/wp-json\/wp\/v2\/media\/32663"}],"wp:attachment":[{"href":"https:\/\/schoenstatt.com\/pt-pt\/wp-json\/wp\/v2\/media?parent=35616"}],"wp:term":[{"taxonomy":"category","embeddable":true,"href":"https:\/\/schoenstatt.com\/pt-pt\/wp-json\/wp\/v2\/categories?post=35616"},{"taxonomy":"post_tag","embeddable":true,"href":"https:\/\/schoenstatt.com\/pt-pt\/wp-json\/wp\/v2\/tags?post=35616"}],"curies":[{"name":"wp","href":"https:\/\/api.w.org\/{rel}","templated":true}]}}