{"id":35411,"date":"2024-04-16T06:06:13","date_gmt":"2024-04-16T04:06:13","guid":{"rendered":"https:\/\/schoenstatt.com\/?p=35411"},"modified":"2025-05-16T02:50:59","modified_gmt":"2025-05-16T00:50:59","slug":"em-tempos-de-guerra-como-ser-protagonista-da-paz-pela-alianca-de-amor","status":"publish","type":"post","link":"https:\/\/schoenstatt.com\/pt-pt\/em-tempos-de-guerra-como-ser-protagonista-da-paz-pela-alianca-de-amor\/","title":{"rendered":"Em tempos de guerra: Como ser protagonista da paz pela Alian\u00e7a de Amor"},"content":{"rendered":"<p>Nestes tempos em que muitos conflitos se intensificam no mundo, precisamos construir novamente a paz, todos juntos. Parece dif\u00edcil, parece imposs\u00edvel. Mas n\u00e3o \u00e9! Usando a b\u00fassola da Alian\u00e7a de Amor, encontramos caminhos bem pr\u00e1ticos para nossa vida di\u00e1ria: tenho que ser protagonista da paz aqui e agora, no lugar onde estou.<\/p>\n<h2>Por onde come\u00e7ar?<\/h2>\n<p>Quem conhece a hist\u00f3ria de Schoenstatt sabe que o Movimento surgiu e cresceu em meio a guerras, em meio a um cen\u00e1rio de armas, bombas e destrui\u00e7\u00e3o por todo lado. E nessa fase ca\u00f3tica da hist\u00f3ria a M\u00e3e de Deus, utilizando seus jovens congregados, promove a paz. Os schoenstattianos n\u00e3o podiam parar a guerra, nem fugir para um territ\u00f3rio pac\u00edfico; eles eram obrigados a lutar e, mesmo assim, foram protagonistas de uma cultura de paz entre o seu batalh\u00e3o por meio de pequenos gestos.<\/p>\n<h2>Quando Jos\u00e9 Engling se envolve em uma briga&#8230;<\/h2>\n<p>Esse era o caso de <a href=\"https:\/\/schoenstatt.com\/pt-pt\/herois-de-schoenstatt\/um-convite-para-a-juventude-campanha-youonmyside\/\">Jos\u00e9 Engling<\/a>. Um de seus maiores advers\u00e1rios n\u00e3o era o ex\u00e9rcito inimigo, mas o seu temperamento explosivo. Em sua biografia, conta-se que, certa vez, roubaram a espada de Engling e, como conclus\u00e3o, come\u00e7ou uma briga entre ele e outro soldado no alojamento. Quando Jos\u00e9 ficou sozinho e esteve mais calmo, teve condi\u00e7\u00f5es de raciocinar mais serenamente. Ele perguntou a si mesmo: \u201cEu agi bem?\u201d Sabia que n\u00e3o era errado exigir sua espada de volta, mas, era necess\u00e1rio fazer todo aquele escarc\u00e9u? Sentia-se culpado. N\u00e3o encontrou paz at\u00e9 procurar o colega e lhe pedir desculpas, fazendo as pazes.<\/p>\n<p><img fetchpriority=\"high\" decoding=\"async\" class=\"aligncenter wp-image-35398 \" src=\"https:\/\/schoenstatt.com\/wp-content\/uploads\/2024\/04\/Joseph-Engling-schoenstatt.png\" alt=\"\" width=\"758\" height=\"666\" \/><\/p>\n<p>Como esse exemplo, seguiram-se muitos outros epis\u00f3dios em que a paz era cultivada nas pequenas situa\u00e7\u00f5es corriqueiras.<\/p>\n<h2>Um gesto simples para a paz na fam\u00edlia<\/h2>\n<p>\u00c9 essencial, para todas as pessoas, buscar a paz na fam\u00edlia. O Pe. Jos\u00e9 Kentenich gostava de contar hist\u00f3rias e, sobre esse tema, ele comenta o poder do sil\u00eancio como instrumento de paz. Assim conta nosso Fundador:<\/p>\n<blockquote><p><em>\u201cJ\u00e1 devem ter ouvido falar muitas vezes do religioso S\u00e3o Vicente Ferrer. Certo dia ele foi procurado por uma mulher, cuja queixa principal era contra o marido\u2026 Como era ele? (como a esposa o descrevia): Irasc\u00edvel, arrebatado\u2026<\/em><\/p>\n<p><em>Vicente Ferrer era um confessor inteligente e disse \u00e0 mulher: &#8216;V\u00e1 ali ao convento e pede uma garrafa da \u00e1gua do po\u00e7o. Tem que ser \u00e1gua do po\u00e7o do convento. Depois, faze o seguinte: Quando o marido chegar em casa, gritando at\u00e9 n\u00e3o poder mais, bebe um gole da \u00e1gua e conserva-a na boca at\u00e9 ele parar de gritar&#8217;. Qual foi o efeito? Daquele dia em diante deixou de haver brigas.<\/em><\/p>\n<p><em>As pessoas da vizinhan\u00e7a come\u00e7aram a dizer que queriam a \u00e1gua milagrosa de S\u00e3o Vicente. Tinha que ser a \u00e1gua do po\u00e7o? N\u00e3o tinha nada a ver, n\u00e3o era necess\u00e1rio ir busc\u00e1-la no convento, ele disse isso para dar um toque de mist\u00e9rio. Qual era o verdadeiro rem\u00e9dio? O sil\u00eancio da mulher\u201d.<\/em><\/p><\/blockquote>\n<p>\u00c9 importante mencionar, sobre essa hist\u00f3ria, que o Pe. Kentenich n\u00e3o est\u00e1 falando sobre um sil\u00eancio de submiss\u00e3o. O seu conselho, que vale tanto para o homem como para a mulher, \u00e9 de uma atitude de humildade, que contribui em qualquer relacionamento: esperar os \u201c\u00e2nimos esfriarem\u201d para ter um di\u00e1logo mais equilibrado. Por meio de gestos simples, a paz vai se construindo dia a dia e refletindo-se mundo afora, nas complexas situa\u00e7\u00f5es.<\/p>\n<p>As guerras atuais \u2013 para alguns bem pr\u00f3ximas, para outros mais distantes, mas que afetam o mundo todo \u2013 s\u00e3o tamb\u00e9m um tempo para reavaliar a paz interior e a rela\u00e7\u00e3o consigo pr\u00f3prio. Somente assim se pode irradiar esse dom ao mundo, transmitindo amor, paz e alegria.<\/p>\n<h3>Onde encontrar a paz<\/h3>\n<p>Nas mais dif\u00edceis situa\u00e7\u00f5es de viol\u00eancia, \u00e0s quais estamos expostos neste mundo, podemos lembrar o papel da M\u00e3e de Deus como Vencedora e recordar que em seu cora\u00e7\u00e3o sempre se encontra a paz: \u201cTeu cora\u00e7\u00e3o sagrado \u00e9 para o mundo ref\u00fagio de paz, sinal de elei\u00e7\u00e3o e porta do c\u00e9u\u201d (Rumo ao C\u00e9u, 541). Como os congregados her\u00f3is, n\u00e3o h\u00e1 como fugir do atual \u201ccampo de batalha\u201d. Mas, como eles fizeram, podemos buscar ref\u00fagio no cora\u00e7\u00e3o da M\u00e3e de Deus e confiar em sua ajuda. Ser sempre instrumentos de paz, onde quer que estejamos.<\/p>\n<p><img decoding=\"async\" class=\"aligncenter wp-image-35416 \" src=\"https:\/\/schoenstatt.com\/wp-content\/uploads\/2024\/04\/santuario-original-urheiligtum-shrine.jpg\" alt=\"\" width=\"820\" height=\"615\" \/><\/p>\n<p>Veja abaixo mais um trecho da biografia de Jos\u00e9 Engling:<\/p>\n<blockquote><p><em>\u201cJos\u00e9 Engling e seus companheiros, ao alcance dos tiros, estavam estendidos por terra. Ao redor se ouvia o assobio ligeiro e vibrante das granadas. Muitos daqueles \u2018pequenos monstros\u2019 ca\u00edam bem rentes e os estilha\u00e7os zuniam por cima [&#8230;]. De repente, um estrondo maior. Uma granada explodira ao lado de Jos\u00e9 que, sentindo-se t\u00e3o pr\u00f3ximo da morte, fez um ato de contri\u00e7\u00e3o perfeita e recomendou-se a Maria. Como num lampejo, esbo\u00e7ou-se em sua mente a imagem da Capelinha de Schoenstatt, inundando-o de paz\u201d.<\/em><\/p><\/blockquote>\n<p>Encontrando a paz e o abrigo, no cora\u00e7\u00e3o de Maria, tornemo-nos instrumentos de paz no campo de batalha de nosso dia a dia, uma paz que nasce da justi\u00e7a, da miseric\u00f3rdia, da paz de quem se empenha para conhecer e realizar a vontade de Deus que nos ama e fala conosco em cada situa\u00e7\u00e3o.<\/p>\n<p>&nbsp;<\/p>\n<p><strong>Refer\u00eancias<\/strong><\/p>\n<p>\u2013 Her\u00f3i de Duas Espadas. Olivo Cesca. 3\u00aa edi\u00e7\u00e3o brasileira<br \/>\n\u2013 \u00c0s Segundas-Feiras ao Anoitecer \u2013 Di\u00e1logos com fam\u00edlias, vol 3. Pe. Jos\u00e9 Kentenich. Edi\u00e7\u00e3o brasileira: Sociedade M\u00e3e e Rainha. Santa Maria\/RS: 2010.<\/p>\n<p>Fonte: Schoenstatt Brasil, <a href=\"https:\/\/schoenstatt.org.br\/2024\/02\/23\/a-luta-contra-a-violencia-comeca-em-cada-coracao\/\" target=\"_blank\" rel=\"noopener\">schoenstatt.org.br<\/a><\/p>\n","protected":false},"excerpt":{"rendered":"<p>Queremos o fim das guerras e conflitos no mundo todo, mas, infelizmente, n\u00e3o conseguimos impedir os ataques e diminuir as tens\u00f5es globais. O que fazer? A resposta vem da Alian\u00e7a de Amor, que nos ajuda a construir um caminho de paz na vida di\u00e1ria. O mundo precisa de uma resposta urgente!<\/p>\n","protected":false},"author":3,"featured_media":35412,"comment_status":"closed","ping_status":"closed","sticky":false,"template":"","format":"standard","meta":{"footnotes":""},"categories":[912],"tags":[],"class_list":["post-35411","post","type-post","status-publish","format-standard","has-post-thumbnail","hentry","category-sociedade-pt-pt"],"yoast_head":"<!-- This site is optimized with the Yoast SEO Premium plugin v27.4 (Yoast SEO v27.5) - https:\/\/yoast.com\/product\/yoast-seo-premium-wordpress\/ -->\n<title>Em tempos de guerra: Como ser protagonista da paz pela Alian\u00e7a de Amor<\/title>\n<meta name=\"description\" content=\"Sabia que Jos\u00e9 Engling j\u00e1 \u201csaiu no tapa\u201d com um colega? Veja o que seu exemplo pode nos ensinar para construir a paz\" \/>\n<meta name=\"robots\" content=\"index, follow, max-snippet:-1, max-image-preview:large, max-video-preview:-1\" \/>\n<link rel=\"canonical\" href=\"https:\/\/schoenstatt.com\/pt-pt\/em-tempos-de-guerra-como-ser-protagonista-da-paz-pela-alianca-de-amor\/\" \/>\n<meta property=\"og:locale\" content=\"pt_PT\" \/>\n<meta property=\"og:type\" content=\"article\" \/>\n<meta property=\"og:title\" content=\"Em tempos de guerra: Como ser protagonista da paz pela Alian\u00e7a de Amor\" \/>\n<meta property=\"og:description\" content=\"Sabia que Jos\u00e9 Engling j\u00e1 \u201csaiu no tapa\u201d com um colega? Veja o que seu exemplo pode nos ensinar para construir a paz\" \/>\n<meta property=\"og:url\" content=\"https:\/\/schoenstatt.com\/pt-pt\/em-tempos-de-guerra-como-ser-protagonista-da-paz-pela-alianca-de-amor\/\" \/>\n<meta property=\"og:site_name\" content=\"Schoenstatt\" \/>\n<meta property=\"article:published_time\" content=\"2024-04-16T04:06:13+00:00\" \/>\n<meta property=\"article:modified_time\" content=\"2025-05-16T00:50:59+00:00\" \/>\n<meta property=\"og:image\" content=\"https:\/\/schoenstatt.com\/wp-content\/uploads\/2024\/04\/guerra-war-foto-Jordy-Meow-unsplash-1.jpg\" \/>\n\t<meta property=\"og:image:width\" content=\"2048\" \/>\n\t<meta property=\"og:image:height\" content=\"1367\" \/>\n\t<meta property=\"og:image:type\" content=\"image\/jpeg\" \/>\n<meta name=\"author\" content=\"Karen Bueno\" \/>\n<meta name=\"twitter:card\" content=\"summary_large_image\" \/>\n<meta name=\"twitter:label1\" content=\"Escrito por\" \/>\n\t<meta name=\"twitter:data1\" content=\"Karen Bueno\" \/>\n\t<meta name=\"twitter:label2\" content=\"Tempo estimado de leitura\" \/>\n\t<meta name=\"twitter:data2\" content=\"5 minutos\" \/>\n<script type=\"application\/ld+json\" class=\"yoast-schema-graph\">{\"@context\":\"https:\\\/\\\/schema.org\",\"@graph\":[{\"@type\":\"Article\",\"@id\":\"https:\\\/\\\/schoenstatt.com\\\/pt-pt\\\/em-tempos-de-guerra-como-ser-protagonista-da-paz-pela-alianca-de-amor\\\/#article\",\"isPartOf\":{\"@id\":\"https:\\\/\\\/schoenstatt.com\\\/pt-pt\\\/em-tempos-de-guerra-como-ser-protagonista-da-paz-pela-alianca-de-amor\\\/\"},\"author\":{\"name\":\"Karen Bueno\",\"@id\":\"https:\\\/\\\/schoenstatt.com\\\/pt-pt\\\/#\\\/schema\\\/person\\\/5158877ad4acae98b34daaeef2a1ce6e\"},\"headline\":\"Em tempos de guerra: Como ser protagonista da paz pela Alian\u00e7a de Amor\",\"datePublished\":\"2024-04-16T04:06:13+00:00\",\"dateModified\":\"2025-05-16T00:50:59+00:00\",\"mainEntityOfPage\":{\"@id\":\"https:\\\/\\\/schoenstatt.com\\\/pt-pt\\\/em-tempos-de-guerra-como-ser-protagonista-da-paz-pela-alianca-de-amor\\\/\"},\"wordCount\":967,\"publisher\":{\"@id\":\"https:\\\/\\\/schoenstatt.com\\\/pt-pt\\\/#organization\"},\"image\":{\"@id\":\"https:\\\/\\\/schoenstatt.com\\\/pt-pt\\\/em-tempos-de-guerra-como-ser-protagonista-da-paz-pela-alianca-de-amor\\\/#primaryimage\"},\"thumbnailUrl\":\"https:\\\/\\\/schoenstatt.com\\\/wp-content\\\/uploads\\\/2024\\\/04\\\/guerra-war-foto-Jordy-Meow-unsplash-1.jpg\",\"articleSection\":[\"Sociedade\"],\"inLanguage\":\"pt-PT\"},{\"@type\":\"WebPage\",\"@id\":\"https:\\\/\\\/schoenstatt.com\\\/pt-pt\\\/em-tempos-de-guerra-como-ser-protagonista-da-paz-pela-alianca-de-amor\\\/\",\"url\":\"https:\\\/\\\/schoenstatt.com\\\/pt-pt\\\/em-tempos-de-guerra-como-ser-protagonista-da-paz-pela-alianca-de-amor\\\/\",\"name\":\"Em tempos de guerra: Como ser protagonista da paz pela Alian\u00e7a de Amor\",\"isPartOf\":{\"@id\":\"https:\\\/\\\/schoenstatt.com\\\/pt-pt\\\/#website\"},\"primaryImageOfPage\":{\"@id\":\"https:\\\/\\\/schoenstatt.com\\\/pt-pt\\\/em-tempos-de-guerra-como-ser-protagonista-da-paz-pela-alianca-de-amor\\\/#primaryimage\"},\"image\":{\"@id\":\"https:\\\/\\\/schoenstatt.com\\\/pt-pt\\\/em-tempos-de-guerra-como-ser-protagonista-da-paz-pela-alianca-de-amor\\\/#primaryimage\"},\"thumbnailUrl\":\"https:\\\/\\\/schoenstatt.com\\\/wp-content\\\/uploads\\\/2024\\\/04\\\/guerra-war-foto-Jordy-Meow-unsplash-1.jpg\",\"datePublished\":\"2024-04-16T04:06:13+00:00\",\"dateModified\":\"2025-05-16T00:50:59+00:00\",\"description\":\"Sabia que Jos\u00e9 Engling j\u00e1 \u201csaiu no tapa\u201d com um colega? Veja o que seu exemplo pode nos ensinar para construir a paz\",\"breadcrumb\":{\"@id\":\"https:\\\/\\\/schoenstatt.com\\\/pt-pt\\\/em-tempos-de-guerra-como-ser-protagonista-da-paz-pela-alianca-de-amor\\\/#breadcrumb\"},\"inLanguage\":\"pt-PT\",\"potentialAction\":[{\"@type\":\"ReadAction\",\"target\":[\"https:\\\/\\\/schoenstatt.com\\\/pt-pt\\\/em-tempos-de-guerra-como-ser-protagonista-da-paz-pela-alianca-de-amor\\\/\"]}]},{\"@type\":\"ImageObject\",\"inLanguage\":\"pt-PT\",\"@id\":\"https:\\\/\\\/schoenstatt.com\\\/pt-pt\\\/em-tempos-de-guerra-como-ser-protagonista-da-paz-pela-alianca-de-amor\\\/#primaryimage\",\"url\":\"https:\\\/\\\/schoenstatt.com\\\/wp-content\\\/uploads\\\/2024\\\/04\\\/guerra-war-foto-Jordy-Meow-unsplash-1.jpg\",\"contentUrl\":\"https:\\\/\\\/schoenstatt.com\\\/wp-content\\\/uploads\\\/2024\\\/04\\\/guerra-war-foto-Jordy-Meow-unsplash-1.jpg\",\"width\":2048,\"height\":1367},{\"@type\":\"BreadcrumbList\",\"@id\":\"https:\\\/\\\/schoenstatt.com\\\/pt-pt\\\/em-tempos-de-guerra-como-ser-protagonista-da-paz-pela-alianca-de-amor\\\/#breadcrumb\",\"itemListElement\":[{\"@type\":\"ListItem\",\"position\":1,\"name\":\"Portada\",\"item\":\"https:\\\/\\\/schoenstatt.com\\\/pt-pt\\\/home\\\/\"},{\"@type\":\"ListItem\",\"position\":2,\"name\":\"Em tempos de guerra: Como ser protagonista da paz pela Alian\u00e7a de Amor\"}]},{\"@type\":\"WebSite\",\"@id\":\"https:\\\/\\\/schoenstatt.com\\\/pt-pt\\\/#website\",\"url\":\"https:\\\/\\\/schoenstatt.com\\\/pt-pt\\\/\",\"name\":\"Schoenstatt\",\"description\":\"Apostolic Movement\",\"publisher\":{\"@id\":\"https:\\\/\\\/schoenstatt.com\\\/pt-pt\\\/#organization\"},\"potentialAction\":[{\"@type\":\"SearchAction\",\"target\":{\"@type\":\"EntryPoint\",\"urlTemplate\":\"https:\\\/\\\/schoenstatt.com\\\/pt-pt\\\/?s={search_term_string}\"},\"query-input\":{\"@type\":\"PropertyValueSpecification\",\"valueRequired\":true,\"valueName\":\"search_term_string\"}}],\"inLanguage\":\"pt-PT\"},{\"@type\":\"Organization\",\"@id\":\"https:\\\/\\\/schoenstatt.com\\\/pt-pt\\\/#organization\",\"name\":\"Schoenstatt\",\"url\":\"https:\\\/\\\/schoenstatt.com\\\/pt-pt\\\/\",\"logo\":{\"@type\":\"ImageObject\",\"inLanguage\":\"pt-PT\",\"@id\":\"https:\\\/\\\/schoenstatt.com\\\/pt-pt\\\/#\\\/schema\\\/logo\\\/image\\\/\",\"url\":\"https:\\\/\\\/schoenstatt.com\\\/wp-content\\\/uploads\\\/2025\\\/04\\\/logo-schoenstatt-white-696x696-1.png\",\"contentUrl\":\"https:\\\/\\\/schoenstatt.com\\\/wp-content\\\/uploads\\\/2025\\\/04\\\/logo-schoenstatt-white-696x696-1.png\",\"width\":696,\"height\":694,\"caption\":\"Schoenstatt\"},\"image\":{\"@id\":\"https:\\\/\\\/schoenstatt.com\\\/pt-pt\\\/#\\\/schema\\\/logo\\\/image\\\/\"}},{\"@type\":\"Person\",\"@id\":\"https:\\\/\\\/schoenstatt.com\\\/pt-pt\\\/#\\\/schema\\\/person\\\/5158877ad4acae98b34daaeef2a1ce6e\",\"name\":\"Karen Bueno\",\"image\":{\"@type\":\"ImageObject\",\"inLanguage\":\"pt-PT\",\"@id\":\"https:\\\/\\\/secure.gravatar.com\\\/avatar\\\/f9f4b823873154269d2b2130f195f6d41037dd0d7fc5f3cacb5c846bae70d66b?s=96&d=mm&r=g\",\"url\":\"https:\\\/\\\/secure.gravatar.com\\\/avatar\\\/f9f4b823873154269d2b2130f195f6d41037dd0d7fc5f3cacb5c846bae70d66b?s=96&d=mm&r=g\",\"contentUrl\":\"https:\\\/\\\/secure.gravatar.com\\\/avatar\\\/f9f4b823873154269d2b2130f195f6d41037dd0d7fc5f3cacb5c846bae70d66b?s=96&d=mm&r=g\",\"caption\":\"Karen Bueno\"},\"url\":\"https:\\\/\\\/schoenstatt.com\\\/pt-pt\\\/author\\\/karen-bueno\\\/\"}]}<\/script>\n<!-- \/ Yoast SEO Premium plugin. -->","yoast_head_json":{"title":"Em tempos de guerra: Como ser protagonista da paz pela Alian\u00e7a de Amor","description":"Sabia que Jos\u00e9 Engling j\u00e1 \u201csaiu no tapa\u201d com um colega? Veja o que seu exemplo pode nos ensinar para construir a paz","robots":{"index":"index","follow":"follow","max-snippet":"max-snippet:-1","max-image-preview":"max-image-preview:large","max-video-preview":"max-video-preview:-1"},"canonical":"https:\/\/schoenstatt.com\/pt-pt\/em-tempos-de-guerra-como-ser-protagonista-da-paz-pela-alianca-de-amor\/","og_locale":"pt_PT","og_type":"article","og_title":"Em tempos de guerra: Como ser protagonista da paz pela Alian\u00e7a de Amor","og_description":"Sabia que Jos\u00e9 Engling j\u00e1 \u201csaiu no tapa\u201d com um colega? Veja o que seu exemplo pode nos ensinar para construir a paz","og_url":"https:\/\/schoenstatt.com\/pt-pt\/em-tempos-de-guerra-como-ser-protagonista-da-paz-pela-alianca-de-amor\/","og_site_name":"Schoenstatt","article_published_time":"2024-04-16T04:06:13+00:00","article_modified_time":"2025-05-16T00:50:59+00:00","og_image":[{"width":2048,"height":1367,"url":"https:\/\/schoenstatt.com\/wp-content\/uploads\/2024\/04\/guerra-war-foto-Jordy-Meow-unsplash-1.jpg","type":"image\/jpeg"}],"author":"Karen Bueno","twitter_card":"summary_large_image","twitter_misc":{"Escrito por":"Karen Bueno","Tempo estimado de leitura":"5 minutos"},"schema":{"@context":"https:\/\/schema.org","@graph":[{"@type":"Article","@id":"https:\/\/schoenstatt.com\/pt-pt\/em-tempos-de-guerra-como-ser-protagonista-da-paz-pela-alianca-de-amor\/#article","isPartOf":{"@id":"https:\/\/schoenstatt.com\/pt-pt\/em-tempos-de-guerra-como-ser-protagonista-da-paz-pela-alianca-de-amor\/"},"author":{"name":"Karen Bueno","@id":"https:\/\/schoenstatt.com\/pt-pt\/#\/schema\/person\/5158877ad4acae98b34daaeef2a1ce6e"},"headline":"Em tempos de guerra: Como ser protagonista da paz pela Alian\u00e7a de Amor","datePublished":"2024-04-16T04:06:13+00:00","dateModified":"2025-05-16T00:50:59+00:00","mainEntityOfPage":{"@id":"https:\/\/schoenstatt.com\/pt-pt\/em-tempos-de-guerra-como-ser-protagonista-da-paz-pela-alianca-de-amor\/"},"wordCount":967,"publisher":{"@id":"https:\/\/schoenstatt.com\/pt-pt\/#organization"},"image":{"@id":"https:\/\/schoenstatt.com\/pt-pt\/em-tempos-de-guerra-como-ser-protagonista-da-paz-pela-alianca-de-amor\/#primaryimage"},"thumbnailUrl":"https:\/\/schoenstatt.com\/wp-content\/uploads\/2024\/04\/guerra-war-foto-Jordy-Meow-unsplash-1.jpg","articleSection":["Sociedade"],"inLanguage":"pt-PT"},{"@type":"WebPage","@id":"https:\/\/schoenstatt.com\/pt-pt\/em-tempos-de-guerra-como-ser-protagonista-da-paz-pela-alianca-de-amor\/","url":"https:\/\/schoenstatt.com\/pt-pt\/em-tempos-de-guerra-como-ser-protagonista-da-paz-pela-alianca-de-amor\/","name":"Em tempos de guerra: Como ser protagonista da paz pela Alian\u00e7a de Amor","isPartOf":{"@id":"https:\/\/schoenstatt.com\/pt-pt\/#website"},"primaryImageOfPage":{"@id":"https:\/\/schoenstatt.com\/pt-pt\/em-tempos-de-guerra-como-ser-protagonista-da-paz-pela-alianca-de-amor\/#primaryimage"},"image":{"@id":"https:\/\/schoenstatt.com\/pt-pt\/em-tempos-de-guerra-como-ser-protagonista-da-paz-pela-alianca-de-amor\/#primaryimage"},"thumbnailUrl":"https:\/\/schoenstatt.com\/wp-content\/uploads\/2024\/04\/guerra-war-foto-Jordy-Meow-unsplash-1.jpg","datePublished":"2024-04-16T04:06:13+00:00","dateModified":"2025-05-16T00:50:59+00:00","description":"Sabia que Jos\u00e9 Engling j\u00e1 \u201csaiu no tapa\u201d com um colega? Veja o que seu exemplo pode nos ensinar para construir a paz","breadcrumb":{"@id":"https:\/\/schoenstatt.com\/pt-pt\/em-tempos-de-guerra-como-ser-protagonista-da-paz-pela-alianca-de-amor\/#breadcrumb"},"inLanguage":"pt-PT","potentialAction":[{"@type":"ReadAction","target":["https:\/\/schoenstatt.com\/pt-pt\/em-tempos-de-guerra-como-ser-protagonista-da-paz-pela-alianca-de-amor\/"]}]},{"@type":"ImageObject","inLanguage":"pt-PT","@id":"https:\/\/schoenstatt.com\/pt-pt\/em-tempos-de-guerra-como-ser-protagonista-da-paz-pela-alianca-de-amor\/#primaryimage","url":"https:\/\/schoenstatt.com\/wp-content\/uploads\/2024\/04\/guerra-war-foto-Jordy-Meow-unsplash-1.jpg","contentUrl":"https:\/\/schoenstatt.com\/wp-content\/uploads\/2024\/04\/guerra-war-foto-Jordy-Meow-unsplash-1.jpg","width":2048,"height":1367},{"@type":"BreadcrumbList","@id":"https:\/\/schoenstatt.com\/pt-pt\/em-tempos-de-guerra-como-ser-protagonista-da-paz-pela-alianca-de-amor\/#breadcrumb","itemListElement":[{"@type":"ListItem","position":1,"name":"Portada","item":"https:\/\/schoenstatt.com\/pt-pt\/home\/"},{"@type":"ListItem","position":2,"name":"Em tempos de guerra: Como ser protagonista da paz pela Alian\u00e7a de Amor"}]},{"@type":"WebSite","@id":"https:\/\/schoenstatt.com\/pt-pt\/#website","url":"https:\/\/schoenstatt.com\/pt-pt\/","name":"Schoenstatt","description":"Apostolic Movement","publisher":{"@id":"https:\/\/schoenstatt.com\/pt-pt\/#organization"},"potentialAction":[{"@type":"SearchAction","target":{"@type":"EntryPoint","urlTemplate":"https:\/\/schoenstatt.com\/pt-pt\/?s={search_term_string}"},"query-input":{"@type":"PropertyValueSpecification","valueRequired":true,"valueName":"search_term_string"}}],"inLanguage":"pt-PT"},{"@type":"Organization","@id":"https:\/\/schoenstatt.com\/pt-pt\/#organization","name":"Schoenstatt","url":"https:\/\/schoenstatt.com\/pt-pt\/","logo":{"@type":"ImageObject","inLanguage":"pt-PT","@id":"https:\/\/schoenstatt.com\/pt-pt\/#\/schema\/logo\/image\/","url":"https:\/\/schoenstatt.com\/wp-content\/uploads\/2025\/04\/logo-schoenstatt-white-696x696-1.png","contentUrl":"https:\/\/schoenstatt.com\/wp-content\/uploads\/2025\/04\/logo-schoenstatt-white-696x696-1.png","width":696,"height":694,"caption":"Schoenstatt"},"image":{"@id":"https:\/\/schoenstatt.com\/pt-pt\/#\/schema\/logo\/image\/"}},{"@type":"Person","@id":"https:\/\/schoenstatt.com\/pt-pt\/#\/schema\/person\/5158877ad4acae98b34daaeef2a1ce6e","name":"Karen Bueno","image":{"@type":"ImageObject","inLanguage":"pt-PT","@id":"https:\/\/secure.gravatar.com\/avatar\/f9f4b823873154269d2b2130f195f6d41037dd0d7fc5f3cacb5c846bae70d66b?s=96&d=mm&r=g","url":"https:\/\/secure.gravatar.com\/avatar\/f9f4b823873154269d2b2130f195f6d41037dd0d7fc5f3cacb5c846bae70d66b?s=96&d=mm&r=g","contentUrl":"https:\/\/secure.gravatar.com\/avatar\/f9f4b823873154269d2b2130f195f6d41037dd0d7fc5f3cacb5c846bae70d66b?s=96&d=mm&r=g","caption":"Karen Bueno"},"url":"https:\/\/schoenstatt.com\/pt-pt\/author\/karen-bueno\/"}]}},"_links":{"self":[{"href":"https:\/\/schoenstatt.com\/pt-pt\/wp-json\/wp\/v2\/posts\/35411","targetHints":{"allow":["GET"]}}],"collection":[{"href":"https:\/\/schoenstatt.com\/pt-pt\/wp-json\/wp\/v2\/posts"}],"about":[{"href":"https:\/\/schoenstatt.com\/pt-pt\/wp-json\/wp\/v2\/types\/post"}],"author":[{"embeddable":true,"href":"https:\/\/schoenstatt.com\/pt-pt\/wp-json\/wp\/v2\/users\/3"}],"replies":[{"embeddable":true,"href":"https:\/\/schoenstatt.com\/pt-pt\/wp-json\/wp\/v2\/comments?post=35411"}],"version-history":[{"count":1,"href":"https:\/\/schoenstatt.com\/pt-pt\/wp-json\/wp\/v2\/posts\/35411\/revisions"}],"predecessor-version":[{"id":46802,"href":"https:\/\/schoenstatt.com\/pt-pt\/wp-json\/wp\/v2\/posts\/35411\/revisions\/46802"}],"wp:featuredmedia":[{"embeddable":true,"href":"https:\/\/schoenstatt.com\/pt-pt\/wp-json\/wp\/v2\/media\/35412"}],"wp:attachment":[{"href":"https:\/\/schoenstatt.com\/pt-pt\/wp-json\/wp\/v2\/media?parent=35411"}],"wp:term":[{"taxonomy":"category","embeddable":true,"href":"https:\/\/schoenstatt.com\/pt-pt\/wp-json\/wp\/v2\/categories?post=35411"},{"taxonomy":"post_tag","embeddable":true,"href":"https:\/\/schoenstatt.com\/pt-pt\/wp-json\/wp\/v2\/tags?post=35411"}],"curies":[{"name":"wp","href":"https:\/\/api.w.org\/{rel}","templated":true}]}}