{"id":35400,"date":"2024-04-12T10:18:07","date_gmt":"2024-04-12T08:18:07","guid":{"rendered":"https:\/\/schoenstatt.com\/espiritualidade\/eine-einladung-an-junge-menschen-projekt-youonmyside\/"},"modified":"2025-05-16T00:59:06","modified_gmt":"2025-05-15T22:59:06","slug":"um-convite-para-a-juventude-campanha-youonmyside","status":"publish","type":"post","link":"https:\/\/schoenstatt.com\/pt-pt\/um-convite-para-a-juventude-campanha-youonmyside\/","title":{"rendered":"Um convite para a juventude: Campanha #YouOnMySide"},"content":{"rendered":"<p><a href=\"https:\/\/schoenstatt.org.br\/home\/espiritualidade\/jose-engling\/\" target=\"_blank\" rel=\"noopener\">Jos\u00e9 Engling<\/a> \u00e9 uma fonte de inspira\u00e7\u00e3o para muitos jovens. Mas, como podemos demostrar isso? A vice-postuladora do Processo de Beatifica\u00e7\u00e3o de Engling, Dra. Alicja Kostka, convida os jovens a ajudarem nessa importante fase do processo.<\/p>\n<p>Uma nova campanha busca reunir testemunhos pessoais sobre Jos\u00e9 Engling, que podem ser compartilhados nas m\u00eddias sociais com a hashtag #YouOnMySide (voc\u00ea ao meu lado) ou enviados por e-mail.<\/p>\n<h2>Um convite do Secretariado<\/h2>\n<p>Muitas vezes, recebemos sinais de que Engling \u00e9 reconhecido pelos jovens como um companheiro e intercessor. Por exemplo, recentemente um seminarista das Filipinas nos pediu para rezar pela intercess\u00e3o de Jos\u00e9 Engling com materiais em ingl\u00eas. Ao mesmo tempo, esse seminarista nos deu palavras de certeza pessoal: Estou rezando por sua r\u00e1pida beatifica\u00e7\u00e3o e canoniza\u00e7\u00e3o.<\/p>\n<p>Essas perguntas, bem como a persistente <a href=\"https:\/\/schoenstatt.com\/pt-pt\/espiritualidade\/surgem-questoes-sobre-jose-engling-em-roma-uma-oportunidade-para-conhece-lo-melhor\/\">indaga\u00e7\u00e3o de Roma<\/a> sobre se Jos\u00e9 Engling pode ser um modelo para a gera\u00e7\u00e3o jovem de hoje, nos levaram a convidar a juventude a participar de uma campanha na qual eles mesmos testemunhar\u00e3o se e como vivem com Jos\u00e9 Engling, se s\u00e3o inspirados por ele e se experimentam seu aux\u00edlio.<\/p>\n<p><img fetchpriority=\"high\" decoding=\"async\" class=\"aligncenter wp-image-35396 \" src=\"https:\/\/schoenstatt.com\/wp-content\/uploads\/2024\/04\/Joseph-Engling-schoenstatt.png\" alt=\"\" width=\"725\" height=\"637\" \/><\/p>\n<h2>Esta \u00e9 a campanha #YouOnMySide:<\/h2>\n<p>Porque voc\u00ea est\u00e1 ao meu lado #YouOnMySide &#8211; com essa hashtag, voc\u00ea \u00e9 convidado a compartilhar seu testemunho pessoal sobre Jos\u00e9 Engling.<\/p>\n<p>Jos\u00e9 queria ser &#8220;tudo para todos&#8221; e deu sua for\u00e7a vital \u00e0 miss\u00e3o da M\u00e3e de Deus em Schoenstatt, para que, a partir dali, ela pudesse ajudar muitas pessoas a experimentar as gra\u00e7as da acolhida, da transforma\u00e7\u00e3o interior e da fecundidade apost\u00f3lica. Muitas pessoas vivenciaram sua amizade pela Alian\u00e7a de Amor. Mesmo depois de sua morte sacrificial, ele ainda est\u00e1 pr\u00f3ximo de muitas pessoas como um irm\u00e3o, intercessor e companheiro.<\/p>\n<p>Voc\u00ea tamb\u00e9m j\u00e1 experimentou essa proximidade inspiradora e reconfortante? O projeto #YouOnMySide \u00e9 o convite e o lugar para falar sobre isso.<\/p>\n<p>Seu testemunho pode ser uma contribui\u00e7\u00e3o importante para a Beatifica\u00e7\u00e3o, um sinal de agradecimento a Engling e, ao mesmo tempo, um convite a outros jovens para que o convidem a entrar em suas vidas.<\/p>\n<blockquote><p>Os testemunhos podem ser enviados para Alicja Kostka pelo email: admirabilis2014@gmail.com<\/p><\/blockquote>\n","protected":false},"excerpt":{"rendered":"<p>Convite para compartilhar um testemunho de amizade com Jos\u00e9 Engling. Partilhe seu testemunho nas redes sociais ou envie por e-mail \u2013 cada participa\u00e7\u00e3o \u00e9 muito importante para o Processo de Beatifica\u00e7\u00e3o.<\/p>\n","protected":false},"author":3,"featured_media":35392,"comment_status":"closed","ping_status":"closed","sticky":false,"template":"","format":"standard","meta":{"footnotes":""},"categories":[888],"tags":[],"class_list":["post-35400","post","type-post","status-publish","format-standard","has-post-thumbnail","hentry","category-herois-de-schoenstatt-pt-pt"],"yoast_head":"<!-- This site is optimized with the Yoast SEO Premium plugin v27.4 (Yoast SEO v27.4) - https:\/\/yoast.com\/product\/yoast-seo-premium-wordpress\/ -->\n<title>Um convite para a juventude: Campanha #YouOnMySide<\/title>\n<meta name=\"description\" content=\"#YouOnMySide: Nova campanha para os jovens, lan\u00e7ada para apoiar o processo de beatifica\u00e7\u00e3o de Jos\u00e9 Engling.\" \/>\n<meta name=\"robots\" content=\"index, follow, max-snippet:-1, max-image-preview:large, max-video-preview:-1\" \/>\n<link rel=\"canonical\" href=\"https:\/\/schoenstatt.com\/pt-pt\/um-convite-para-a-juventude-campanha-youonmyside\/\" \/>\n<meta property=\"og:locale\" content=\"pt_PT\" \/>\n<meta property=\"og:type\" content=\"article\" \/>\n<meta property=\"og:title\" content=\"Um convite para a juventude: Campanha #YouOnMySide\" \/>\n<meta property=\"og:description\" content=\"#YouOnMySide: Nova campanha para os jovens, lan\u00e7ada para apoiar o processo de beatifica\u00e7\u00e3o de Jos\u00e9 Engling.\" \/>\n<meta property=\"og:url\" content=\"https:\/\/schoenstatt.com\/pt-pt\/um-convite-para-a-juventude-campanha-youonmyside\/\" \/>\n<meta property=\"og:site_name\" content=\"Schoenstatt\" \/>\n<meta property=\"article:published_time\" content=\"2024-04-12T08:18:07+00:00\" \/>\n<meta property=\"article:modified_time\" content=\"2025-05-15T22:59:06+00:00\" \/>\n<meta property=\"og:image\" content=\"https:\/\/schoenstatt.com\/wp-content\/uploads\/2024\/04\/josef-enging-JM-Juventud-Masculina-1.jpg\" \/>\n\t<meta property=\"og:image:width\" content=\"2048\" \/>\n\t<meta property=\"og:image:height\" content=\"1360\" \/>\n\t<meta property=\"og:image:type\" content=\"image\/jpeg\" \/>\n<meta name=\"author\" content=\"Karen Bueno\" \/>\n<meta name=\"twitter:card\" content=\"summary_large_image\" \/>\n<meta name=\"twitter:label1\" content=\"Escrito por\" \/>\n\t<meta name=\"twitter:data1\" content=\"Karen Bueno\" \/>\n\t<meta name=\"twitter:label2\" content=\"Tempo estimado de leitura\" \/>\n\t<meta name=\"twitter:data2\" content=\"2 minutos\" \/>\n<script type=\"application\/ld+json\" class=\"yoast-schema-graph\">{\"@context\":\"https:\\\/\\\/schema.org\",\"@graph\":[{\"@type\":\"Article\",\"@id\":\"https:\\\/\\\/schoenstatt.com\\\/pt-pt\\\/um-convite-para-a-juventude-campanha-youonmyside\\\/#article\",\"isPartOf\":{\"@id\":\"https:\\\/\\\/schoenstatt.com\\\/pt-pt\\\/um-convite-para-a-juventude-campanha-youonmyside\\\/\"},\"author\":{\"name\":\"Karen Bueno\",\"@id\":\"https:\\\/\\\/schoenstatt.com\\\/pt-pt\\\/#\\\/schema\\\/person\\\/5158877ad4acae98b34daaeef2a1ce6e\"},\"headline\":\"Um convite para a juventude: Campanha #YouOnMySide\",\"datePublished\":\"2024-04-12T08:18:07+00:00\",\"dateModified\":\"2025-05-15T22:59:06+00:00\",\"mainEntityOfPage\":{\"@id\":\"https:\\\/\\\/schoenstatt.com\\\/pt-pt\\\/um-convite-para-a-juventude-campanha-youonmyside\\\/\"},\"wordCount\":372,\"publisher\":{\"@id\":\"https:\\\/\\\/schoenstatt.com\\\/pt-pt\\\/#organization\"},\"image\":{\"@id\":\"https:\\\/\\\/schoenstatt.com\\\/pt-pt\\\/um-convite-para-a-juventude-campanha-youonmyside\\\/#primaryimage\"},\"thumbnailUrl\":\"https:\\\/\\\/schoenstatt.com\\\/wp-content\\\/uploads\\\/2024\\\/04\\\/josef-enging-JM-Juventud-Masculina-1.jpg\",\"articleSection\":[\"Her\u00f3is de Schoenstatt\"],\"inLanguage\":\"pt-PT\"},{\"@type\":\"WebPage\",\"@id\":\"https:\\\/\\\/schoenstatt.com\\\/pt-pt\\\/um-convite-para-a-juventude-campanha-youonmyside\\\/\",\"url\":\"https:\\\/\\\/schoenstatt.com\\\/pt-pt\\\/um-convite-para-a-juventude-campanha-youonmyside\\\/\",\"name\":\"Um convite para a juventude: Campanha #YouOnMySide\",\"isPartOf\":{\"@id\":\"https:\\\/\\\/schoenstatt.com\\\/pt-pt\\\/#website\"},\"primaryImageOfPage\":{\"@id\":\"https:\\\/\\\/schoenstatt.com\\\/pt-pt\\\/um-convite-para-a-juventude-campanha-youonmyside\\\/#primaryimage\"},\"image\":{\"@id\":\"https:\\\/\\\/schoenstatt.com\\\/pt-pt\\\/um-convite-para-a-juventude-campanha-youonmyside\\\/#primaryimage\"},\"thumbnailUrl\":\"https:\\\/\\\/schoenstatt.com\\\/wp-content\\\/uploads\\\/2024\\\/04\\\/josef-enging-JM-Juventud-Masculina-1.jpg\",\"datePublished\":\"2024-04-12T08:18:07+00:00\",\"dateModified\":\"2025-05-15T22:59:06+00:00\",\"description\":\"#YouOnMySide: Nova campanha para os jovens, lan\u00e7ada para apoiar o processo de beatifica\u00e7\u00e3o de Jos\u00e9 Engling.\",\"breadcrumb\":{\"@id\":\"https:\\\/\\\/schoenstatt.com\\\/pt-pt\\\/um-convite-para-a-juventude-campanha-youonmyside\\\/#breadcrumb\"},\"inLanguage\":\"pt-PT\",\"potentialAction\":[{\"@type\":\"ReadAction\",\"target\":[\"https:\\\/\\\/schoenstatt.com\\\/pt-pt\\\/um-convite-para-a-juventude-campanha-youonmyside\\\/\"]}]},{\"@type\":\"ImageObject\",\"inLanguage\":\"pt-PT\",\"@id\":\"https:\\\/\\\/schoenstatt.com\\\/pt-pt\\\/um-convite-para-a-juventude-campanha-youonmyside\\\/#primaryimage\",\"url\":\"https:\\\/\\\/schoenstatt.com\\\/wp-content\\\/uploads\\\/2024\\\/04\\\/josef-enging-JM-Juventud-Masculina-1.jpg\",\"contentUrl\":\"https:\\\/\\\/schoenstatt.com\\\/wp-content\\\/uploads\\\/2024\\\/04\\\/josef-enging-JM-Juventud-Masculina-1.jpg\",\"width\":2048,\"height\":1360},{\"@type\":\"BreadcrumbList\",\"@id\":\"https:\\\/\\\/schoenstatt.com\\\/pt-pt\\\/um-convite-para-a-juventude-campanha-youonmyside\\\/#breadcrumb\",\"itemListElement\":[{\"@type\":\"ListItem\",\"position\":1,\"name\":\"Portada\",\"item\":\"https:\\\/\\\/schoenstatt.com\\\/pt-pt\\\/home\\\/\"},{\"@type\":\"ListItem\",\"position\":2,\"name\":\"Um convite para a juventude: Campanha #YouOnMySide\"}]},{\"@type\":\"WebSite\",\"@id\":\"https:\\\/\\\/schoenstatt.com\\\/pt-pt\\\/#website\",\"url\":\"https:\\\/\\\/schoenstatt.com\\\/pt-pt\\\/\",\"name\":\"Schoenstatt\",\"description\":\"Apostolic Movement\",\"publisher\":{\"@id\":\"https:\\\/\\\/schoenstatt.com\\\/pt-pt\\\/#organization\"},\"potentialAction\":[{\"@type\":\"SearchAction\",\"target\":{\"@type\":\"EntryPoint\",\"urlTemplate\":\"https:\\\/\\\/schoenstatt.com\\\/pt-pt\\\/?s={search_term_string}\"},\"query-input\":{\"@type\":\"PropertyValueSpecification\",\"valueRequired\":true,\"valueName\":\"search_term_string\"}}],\"inLanguage\":\"pt-PT\"},{\"@type\":\"Organization\",\"@id\":\"https:\\\/\\\/schoenstatt.com\\\/pt-pt\\\/#organization\",\"name\":\"Schoenstatt\",\"url\":\"https:\\\/\\\/schoenstatt.com\\\/pt-pt\\\/\",\"logo\":{\"@type\":\"ImageObject\",\"inLanguage\":\"pt-PT\",\"@id\":\"https:\\\/\\\/schoenstatt.com\\\/pt-pt\\\/#\\\/schema\\\/logo\\\/image\\\/\",\"url\":\"https:\\\/\\\/schoenstatt.com\\\/wp-content\\\/uploads\\\/2025\\\/04\\\/logo-schoenstatt-white-696x696-1.png\",\"contentUrl\":\"https:\\\/\\\/schoenstatt.com\\\/wp-content\\\/uploads\\\/2025\\\/04\\\/logo-schoenstatt-white-696x696-1.png\",\"width\":696,\"height\":694,\"caption\":\"Schoenstatt\"},\"image\":{\"@id\":\"https:\\\/\\\/schoenstatt.com\\\/pt-pt\\\/#\\\/schema\\\/logo\\\/image\\\/\"}},{\"@type\":\"Person\",\"@id\":\"https:\\\/\\\/schoenstatt.com\\\/pt-pt\\\/#\\\/schema\\\/person\\\/5158877ad4acae98b34daaeef2a1ce6e\",\"name\":\"Karen Bueno\",\"image\":{\"@type\":\"ImageObject\",\"inLanguage\":\"pt-PT\",\"@id\":\"https:\\\/\\\/secure.gravatar.com\\\/avatar\\\/f9f4b823873154269d2b2130f195f6d41037dd0d7fc5f3cacb5c846bae70d66b?s=96&d=mm&r=g\",\"url\":\"https:\\\/\\\/secure.gravatar.com\\\/avatar\\\/f9f4b823873154269d2b2130f195f6d41037dd0d7fc5f3cacb5c846bae70d66b?s=96&d=mm&r=g\",\"contentUrl\":\"https:\\\/\\\/secure.gravatar.com\\\/avatar\\\/f9f4b823873154269d2b2130f195f6d41037dd0d7fc5f3cacb5c846bae70d66b?s=96&d=mm&r=g\",\"caption\":\"Karen Bueno\"},\"url\":\"https:\\\/\\\/schoenstatt.com\\\/pt-pt\\\/author\\\/karen-bueno\\\/\"}]}<\/script>\n<!-- \/ Yoast SEO Premium plugin. -->","yoast_head_json":{"title":"Um convite para a juventude: Campanha #YouOnMySide","description":"#YouOnMySide: Nova campanha para os jovens, lan\u00e7ada para apoiar o processo de beatifica\u00e7\u00e3o de Jos\u00e9 Engling.","robots":{"index":"index","follow":"follow","max-snippet":"max-snippet:-1","max-image-preview":"max-image-preview:large","max-video-preview":"max-video-preview:-1"},"canonical":"https:\/\/schoenstatt.com\/pt-pt\/um-convite-para-a-juventude-campanha-youonmyside\/","og_locale":"pt_PT","og_type":"article","og_title":"Um convite para a juventude: Campanha #YouOnMySide","og_description":"#YouOnMySide: Nova campanha para os jovens, lan\u00e7ada para apoiar o processo de beatifica\u00e7\u00e3o de Jos\u00e9 Engling.","og_url":"https:\/\/schoenstatt.com\/pt-pt\/um-convite-para-a-juventude-campanha-youonmyside\/","og_site_name":"Schoenstatt","article_published_time":"2024-04-12T08:18:07+00:00","article_modified_time":"2025-05-15T22:59:06+00:00","og_image":[{"width":2048,"height":1360,"url":"https:\/\/schoenstatt.com\/wp-content\/uploads\/2024\/04\/josef-enging-JM-Juventud-Masculina-1.jpg","type":"image\/jpeg"}],"author":"Karen Bueno","twitter_card":"summary_large_image","twitter_misc":{"Escrito por":"Karen Bueno","Tempo estimado de leitura":"2 minutos"},"schema":{"@context":"https:\/\/schema.org","@graph":[{"@type":"Article","@id":"https:\/\/schoenstatt.com\/pt-pt\/um-convite-para-a-juventude-campanha-youonmyside\/#article","isPartOf":{"@id":"https:\/\/schoenstatt.com\/pt-pt\/um-convite-para-a-juventude-campanha-youonmyside\/"},"author":{"name":"Karen Bueno","@id":"https:\/\/schoenstatt.com\/pt-pt\/#\/schema\/person\/5158877ad4acae98b34daaeef2a1ce6e"},"headline":"Um convite para a juventude: Campanha #YouOnMySide","datePublished":"2024-04-12T08:18:07+00:00","dateModified":"2025-05-15T22:59:06+00:00","mainEntityOfPage":{"@id":"https:\/\/schoenstatt.com\/pt-pt\/um-convite-para-a-juventude-campanha-youonmyside\/"},"wordCount":372,"publisher":{"@id":"https:\/\/schoenstatt.com\/pt-pt\/#organization"},"image":{"@id":"https:\/\/schoenstatt.com\/pt-pt\/um-convite-para-a-juventude-campanha-youonmyside\/#primaryimage"},"thumbnailUrl":"https:\/\/schoenstatt.com\/wp-content\/uploads\/2024\/04\/josef-enging-JM-Juventud-Masculina-1.jpg","articleSection":["Her\u00f3is de Schoenstatt"],"inLanguage":"pt-PT"},{"@type":"WebPage","@id":"https:\/\/schoenstatt.com\/pt-pt\/um-convite-para-a-juventude-campanha-youonmyside\/","url":"https:\/\/schoenstatt.com\/pt-pt\/um-convite-para-a-juventude-campanha-youonmyside\/","name":"Um convite para a juventude: Campanha #YouOnMySide","isPartOf":{"@id":"https:\/\/schoenstatt.com\/pt-pt\/#website"},"primaryImageOfPage":{"@id":"https:\/\/schoenstatt.com\/pt-pt\/um-convite-para-a-juventude-campanha-youonmyside\/#primaryimage"},"image":{"@id":"https:\/\/schoenstatt.com\/pt-pt\/um-convite-para-a-juventude-campanha-youonmyside\/#primaryimage"},"thumbnailUrl":"https:\/\/schoenstatt.com\/wp-content\/uploads\/2024\/04\/josef-enging-JM-Juventud-Masculina-1.jpg","datePublished":"2024-04-12T08:18:07+00:00","dateModified":"2025-05-15T22:59:06+00:00","description":"#YouOnMySide: Nova campanha para os jovens, lan\u00e7ada para apoiar o processo de beatifica\u00e7\u00e3o de Jos\u00e9 Engling.","breadcrumb":{"@id":"https:\/\/schoenstatt.com\/pt-pt\/um-convite-para-a-juventude-campanha-youonmyside\/#breadcrumb"},"inLanguage":"pt-PT","potentialAction":[{"@type":"ReadAction","target":["https:\/\/schoenstatt.com\/pt-pt\/um-convite-para-a-juventude-campanha-youonmyside\/"]}]},{"@type":"ImageObject","inLanguage":"pt-PT","@id":"https:\/\/schoenstatt.com\/pt-pt\/um-convite-para-a-juventude-campanha-youonmyside\/#primaryimage","url":"https:\/\/schoenstatt.com\/wp-content\/uploads\/2024\/04\/josef-enging-JM-Juventud-Masculina-1.jpg","contentUrl":"https:\/\/schoenstatt.com\/wp-content\/uploads\/2024\/04\/josef-enging-JM-Juventud-Masculina-1.jpg","width":2048,"height":1360},{"@type":"BreadcrumbList","@id":"https:\/\/schoenstatt.com\/pt-pt\/um-convite-para-a-juventude-campanha-youonmyside\/#breadcrumb","itemListElement":[{"@type":"ListItem","position":1,"name":"Portada","item":"https:\/\/schoenstatt.com\/pt-pt\/home\/"},{"@type":"ListItem","position":2,"name":"Um convite para a juventude: Campanha #YouOnMySide"}]},{"@type":"WebSite","@id":"https:\/\/schoenstatt.com\/pt-pt\/#website","url":"https:\/\/schoenstatt.com\/pt-pt\/","name":"Schoenstatt","description":"Apostolic Movement","publisher":{"@id":"https:\/\/schoenstatt.com\/pt-pt\/#organization"},"potentialAction":[{"@type":"SearchAction","target":{"@type":"EntryPoint","urlTemplate":"https:\/\/schoenstatt.com\/pt-pt\/?s={search_term_string}"},"query-input":{"@type":"PropertyValueSpecification","valueRequired":true,"valueName":"search_term_string"}}],"inLanguage":"pt-PT"},{"@type":"Organization","@id":"https:\/\/schoenstatt.com\/pt-pt\/#organization","name":"Schoenstatt","url":"https:\/\/schoenstatt.com\/pt-pt\/","logo":{"@type":"ImageObject","inLanguage":"pt-PT","@id":"https:\/\/schoenstatt.com\/pt-pt\/#\/schema\/logo\/image\/","url":"https:\/\/schoenstatt.com\/wp-content\/uploads\/2025\/04\/logo-schoenstatt-white-696x696-1.png","contentUrl":"https:\/\/schoenstatt.com\/wp-content\/uploads\/2025\/04\/logo-schoenstatt-white-696x696-1.png","width":696,"height":694,"caption":"Schoenstatt"},"image":{"@id":"https:\/\/schoenstatt.com\/pt-pt\/#\/schema\/logo\/image\/"}},{"@type":"Person","@id":"https:\/\/schoenstatt.com\/pt-pt\/#\/schema\/person\/5158877ad4acae98b34daaeef2a1ce6e","name":"Karen Bueno","image":{"@type":"ImageObject","inLanguage":"pt-PT","@id":"https:\/\/secure.gravatar.com\/avatar\/f9f4b823873154269d2b2130f195f6d41037dd0d7fc5f3cacb5c846bae70d66b?s=96&d=mm&r=g","url":"https:\/\/secure.gravatar.com\/avatar\/f9f4b823873154269d2b2130f195f6d41037dd0d7fc5f3cacb5c846bae70d66b?s=96&d=mm&r=g","contentUrl":"https:\/\/secure.gravatar.com\/avatar\/f9f4b823873154269d2b2130f195f6d41037dd0d7fc5f3cacb5c846bae70d66b?s=96&d=mm&r=g","caption":"Karen Bueno"},"url":"https:\/\/schoenstatt.com\/pt-pt\/author\/karen-bueno\/"}]}},"_links":{"self":[{"href":"https:\/\/schoenstatt.com\/pt-pt\/wp-json\/wp\/v2\/posts\/35400","targetHints":{"allow":["GET"]}}],"collection":[{"href":"https:\/\/schoenstatt.com\/pt-pt\/wp-json\/wp\/v2\/posts"}],"about":[{"href":"https:\/\/schoenstatt.com\/pt-pt\/wp-json\/wp\/v2\/types\/post"}],"author":[{"embeddable":true,"href":"https:\/\/schoenstatt.com\/pt-pt\/wp-json\/wp\/v2\/users\/3"}],"replies":[{"embeddable":true,"href":"https:\/\/schoenstatt.com\/pt-pt\/wp-json\/wp\/v2\/comments?post=35400"}],"version-history":[{"count":1,"href":"https:\/\/schoenstatt.com\/pt-pt\/wp-json\/wp\/v2\/posts\/35400\/revisions"}],"predecessor-version":[{"id":46795,"href":"https:\/\/schoenstatt.com\/pt-pt\/wp-json\/wp\/v2\/posts\/35400\/revisions\/46795"}],"wp:featuredmedia":[{"embeddable":true,"href":"https:\/\/schoenstatt.com\/pt-pt\/wp-json\/wp\/v2\/media\/35392"}],"wp:attachment":[{"href":"https:\/\/schoenstatt.com\/pt-pt\/wp-json\/wp\/v2\/media?parent=35400"}],"wp:term":[{"taxonomy":"category","embeddable":true,"href":"https:\/\/schoenstatt.com\/pt-pt\/wp-json\/wp\/v2\/categories?post=35400"},{"taxonomy":"post_tag","embeddable":true,"href":"https:\/\/schoenstatt.com\/pt-pt\/wp-json\/wp\/v2\/tags?post=35400"}],"curies":[{"name":"wp","href":"https:\/\/api.w.org\/{rel}","templated":true}]}}