{"id":35276,"date":"2024-04-03T10:38:34","date_gmt":"2024-04-03T08:38:34","guid":{"rendered":"https:\/\/schoenstatt.com\/espiritualidade\/papst-gebetsanliegen-im-april-fuer-die-rolle-der-frauen\/"},"modified":"2025-05-16T03:20:32","modified_gmt":"2025-05-16T01:20:32","slug":"intencao-de-oracao-do-papa-para-abril-pelo-papel-das-mulheres","status":"publish","type":"post","link":"https:\/\/schoenstatt.com\/pt-pt\/intencao-de-oracao-do-papa-para-abril-pelo-papel-das-mulheres\/","title":{"rendered":"Inten\u00e7\u00e3o de ora\u00e7\u00e3o do Papa para abril: Pelo papel das mulheres"},"content":{"rendered":"<p>O Papa Francisco volta a dedicar sua inten\u00e7\u00e3o de ora\u00e7\u00e3o mensal \u00e0s mulheres. No \u201cv\u00eddeo do Papa\u201d de abril, confiado \u00e0 Rede Mundial de Ora\u00e7\u00e3o, ele insiste nos passos que a sociedade atual deve dar e pede aos crist\u00e3os que se unam a ele em ora\u00e7\u00e3o para o reconhecimento da dignidade das mulheres em todas as culturas e para o fim da discrimina\u00e7\u00e3o em v\u00e1rias partes do mundo:<\/p>\n<p>&#8220;H\u00e1 pa\u00edses onde as mulheres est\u00e3o proibidas de conseguir ajuda para organizar um neg\u00f3cio ou ir \u00e0 escola. Inclusive, nesses lugares, se toleram leis que as obrigam a se vestir de determinada maneira. E ainda est\u00e3o em uso, em muitos pa\u00edses, as mutila\u00e7\u00f5es genitais. N\u00e3o neguemos a voz \u00e0s mulheres. N\u00e3o neguemos a voz a todas essas mulheres v\u00edtimas de abuso. S\u00e3o exploradas, s\u00e3o marginalizadas.&#8221;<\/p>\n<p style=\"text-align: center;\"><iframe title=\"YouTube video player\" src=\"https:\/\/www.youtube.com\/embed\/5RUT-NswSkA?si=gbZonDsRjYyG9UxJ\" width=\"560\" height=\"315\" frameborder=\"0\" allowfullscreen=\"allowfullscreen\"><\/iframe><\/p>\n<p>Uma mulher asi\u00e1tica com l\u00e1grimas nos olhos, outra atr\u00e1s de uma grade com o olhar triste, um grupo de v\u00edtimas de abusos, expulsas de seus povoados, uma fila de adolescentes \u00e0 espera de uma mutila\u00e7\u00e3o genital: o v\u00eddeo que acompanha a inten\u00e7\u00e3o de ora\u00e7\u00e3o do Papa traz imagens fortes, em sintonia com a den\u00fancia do Pont\u00edfice.<\/p>\n<p>Sua mensagem recorda a grande dist\u00e2ncia entre as declara\u00e7\u00f5es de princ\u00edpio e a realidade dos fatos: &#8220;Nas palavras, todos estamos de acordo que o homem e a mulher t\u00eam a mesma dignidade enquanto pessoas. Mas na pr\u00e1tica, isso n\u00e3o acontece. \u00c9 necess\u00e1rio que os governos se comprometam a eliminar leis discriminat\u00f3rias nos diversos ambientes e a trabalhar para que os direitos humanos das mulheres sejam garantidos.&#8221;<\/p>\n<h3>Dados globais<\/h3>\n<p>No mundo atual, infelizmente, n\u00e3o faltam as contradi\u00e7\u00f5es. Mesmo que em alguns pa\u00edses, as mulheres tenham acesso \u00e0 educa\u00e7\u00e3o e \u00e0s ofertas de trabalho e ocupem posi\u00e7\u00f5es de lideran\u00e7a em empresas e organiza\u00e7\u00f5es, muitas ainda n\u00e3o desfrutam das mesmas oportunidades que os homens.<\/p>\n<p>Basta pensar no mercado de trabalho: menos de uma, de cada duas mulheres no mundo, trabalha, e as mulheres ganham 23% menos que os homens. O mesmo acontece com a educa\u00e7\u00e3o, se levamos em conta que em alguns pa\u00edses as mulheres adultas que sabem ler e escrever s\u00e3o minoria: por exemplo, no Afeganist\u00e3o s\u00e3o 23%, no N\u00edger, 27%. E menos oportunidades se traduzem em enormes dificuldades econ\u00f4micas: segundo a ONU Mulheres, estima-se que para 2030, 8% das mulheres e meninas viver\u00e3o em extrema pobreza, enquanto 25% das mulheres n\u00e3o ter\u00e3o comida suficiente.<\/p>\n<h2>Homem e mulher, uma mesma dignidade<\/h2>\n<p>O respeito pela dignidade de todas as pessoas \u00e9 um tema central no cristianismo. Pois a vida de cada pessoa \u00e9 sagrada, por ser criada \u00e0 imagem de Deus (cf. Livro do G\u00eanesis 1, 26-27).<\/p>\n<p>O tema sobre o papel das mulheres ressoou tamb\u00e9m na s\u00edntese da XVI Assembleia Geral Ordin\u00e1ria do S\u00ednodo dos Bispos realizada em outubro de 2023. \u201cFomos criados homem e mulher, \u00e0 imagem e semelhan\u00e7a de Deus. Desde o princ\u00edpio, a cria\u00e7\u00e3o articula unidade e diferen\u00e7a, dando ao homem e \u00e0 mulher uma natureza, uma voca\u00e7\u00e3o e um destino partilhados e duas experi\u00eancias distintas do humano. Durante a Assembleia, experimentamos a beleza da reciprocidade entre mulheres e homens. Juntos, lan\u00e7amos o apelo das precedentes fases do processo sinodal, e pedimos \u00e0 Igreja o crescimento de seu empenho em compreender e acompanhar as mulheres, do ponto de vista pastoral e sacramental\u201d, manifestaram os participantes do S\u00ednodo, no documento final.<\/p>\n<p>O Papa, assim, pede a\u00e7\u00e3o dos governos e, a n\u00f3s, pede que respeitemos as mulheres, que infelizmente continuam a ser tratadas &#8220;como material de descarte&#8221; em muitas partes do mundo e que, frequentemente, inclusive em pa\u00edses que se dizem mais avan\u00e7ados, s\u00e3o v\u00edtimas de viol\u00eancia e de abusos:<\/p>\n<p>\u201cRespeitemos as mulheres. Respeitemo-las em sua dignidade, em seus direitos fundamentais. E se n\u00e3o o fizermos, nossa sociedade n\u00e3o avan\u00e7ar\u00e1. Rezemos para que a dignidade e a riqueza das mulheres sejam reconhecidas em todas as culturas, e para que cesse a discrimina\u00e7\u00e3o que sofrem em diversas partes do mundo.\u201d<\/p>\n<p>Fonte: <a href=\"https:\/\/www.vaticannews.va\/pt\/papa\/news\/2024-04\/papa-francisco-video-intencao-de-oracao-mes-abril-2024-mulheres.html\" target=\"_blank\" rel=\"noopener\">vaticannews.va\/pt<\/a><\/p>\n","protected":false},"excerpt":{"rendered":"<p>O Santo Padre, no v\u00eddeo de inten\u00e7\u00e3o de ora\u00e7\u00e3o para abril, pede que rezemos pelo respeito e a dignidade das mulheres na sociedade, &#8220;em todas as culturas, e para que cesse a discrimina\u00e7\u00e3o que sofrem em diversas partes do mundo\u201d.<\/p>\n","protected":false},"author":3,"featured_media":33370,"comment_status":"closed","ping_status":"closed","sticky":false,"template":"","format":"standard","meta":{"footnotes":""},"categories":[608,906],"tags":[],"class_list":["post-35276","post","type-post","status-publish","format-standard","has-post-thumbnail","hentry","category-igreja-pt-pt","category-papa-francisco-pt-pt"],"yoast_head":"<!-- This site is optimized with the Yoast SEO Premium plugin v27.4 (Yoast SEO v27.4) - https:\/\/yoast.com\/product\/yoast-seo-premium-wordpress\/ -->\n<title>Inten\u00e7\u00e3o de ora\u00e7\u00e3o do Papa para abril: Pelo papel das mulheres<\/title>\n<meta name=\"description\" content=\"No \u201cV\u00eddeo do Papa\u201d de abril, o Santo Padre convida a rezar pela dignidade da mulher em todas as culturas e para que cesse a discrimina\u00e7\u00e3o\" \/>\n<meta name=\"robots\" content=\"index, follow, max-snippet:-1, max-image-preview:large, max-video-preview:-1\" \/>\n<link rel=\"canonical\" href=\"https:\/\/schoenstatt.com\/pt-pt\/intencao-de-oracao-do-papa-para-abril-pelo-papel-das-mulheres\/\" \/>\n<meta property=\"og:locale\" content=\"pt_PT\" \/>\n<meta property=\"og:type\" content=\"article\" \/>\n<meta property=\"og:title\" content=\"Inten\u00e7\u00e3o de ora\u00e7\u00e3o do Papa para abril: Pelo papel das mulheres\" \/>\n<meta property=\"og:description\" content=\"No \u201cV\u00eddeo do Papa\u201d de abril, o Santo Padre convida a rezar pela dignidade da mulher em todas as culturas e para que cesse a discrimina\u00e7\u00e3o\" \/>\n<meta property=\"og:url\" content=\"https:\/\/schoenstatt.com\/pt-pt\/intencao-de-oracao-do-papa-para-abril-pelo-papel-das-mulheres\/\" \/>\n<meta property=\"og:site_name\" content=\"Schoenstatt\" \/>\n<meta property=\"article:published_time\" content=\"2024-04-03T08:38:34+00:00\" \/>\n<meta property=\"article:modified_time\" content=\"2025-05-16T01:20:32+00:00\" \/>\n<meta property=\"og:image\" content=\"https:\/\/schoenstatt.com\/wp-content\/uploads\/2023\/11\/mujeres-woman-paraguay-1.jpg\" \/>\n\t<meta property=\"og:image:width\" content=\"1140\" \/>\n\t<meta property=\"og:image:height\" content=\"818\" \/>\n\t<meta property=\"og:image:type\" content=\"image\/jpeg\" \/>\n<meta name=\"author\" content=\"Karen Bueno\" \/>\n<meta name=\"twitter:card\" content=\"summary_large_image\" \/>\n<meta name=\"twitter:label1\" content=\"Escrito por\" \/>\n\t<meta name=\"twitter:data1\" content=\"Karen Bueno\" \/>\n\t<meta name=\"twitter:label2\" content=\"Tempo estimado de leitura\" \/>\n\t<meta name=\"twitter:data2\" content=\"3 minutos\" \/>\n<script type=\"application\/ld+json\" class=\"yoast-schema-graph\">{\"@context\":\"https:\\\/\\\/schema.org\",\"@graph\":[{\"@type\":\"Article\",\"@id\":\"https:\\\/\\\/schoenstatt.com\\\/pt-pt\\\/intencao-de-oracao-do-papa-para-abril-pelo-papel-das-mulheres\\\/#article\",\"isPartOf\":{\"@id\":\"https:\\\/\\\/schoenstatt.com\\\/pt-pt\\\/intencao-de-oracao-do-papa-para-abril-pelo-papel-das-mulheres\\\/\"},\"author\":{\"name\":\"Karen Bueno\",\"@id\":\"https:\\\/\\\/schoenstatt.com\\\/pt-pt\\\/#\\\/schema\\\/person\\\/5158877ad4acae98b34daaeef2a1ce6e\"},\"headline\":\"Inten\u00e7\u00e3o de ora\u00e7\u00e3o do Papa para abril: Pelo papel das mulheres\",\"datePublished\":\"2024-04-03T08:38:34+00:00\",\"dateModified\":\"2025-05-16T01:20:32+00:00\",\"mainEntityOfPage\":{\"@id\":\"https:\\\/\\\/schoenstatt.com\\\/pt-pt\\\/intencao-de-oracao-do-papa-para-abril-pelo-papel-das-mulheres\\\/\"},\"wordCount\":724,\"publisher\":{\"@id\":\"https:\\\/\\\/schoenstatt.com\\\/pt-pt\\\/#organization\"},\"image\":{\"@id\":\"https:\\\/\\\/schoenstatt.com\\\/pt-pt\\\/intencao-de-oracao-do-papa-para-abril-pelo-papel-das-mulheres\\\/#primaryimage\"},\"thumbnailUrl\":\"https:\\\/\\\/schoenstatt.com\\\/wp-content\\\/uploads\\\/2023\\\/11\\\/mujeres-woman-paraguay-1.jpg\",\"articleSection\":[\"Igreja\",\"Papa Francisco\"],\"inLanguage\":\"pt-PT\"},{\"@type\":\"WebPage\",\"@id\":\"https:\\\/\\\/schoenstatt.com\\\/pt-pt\\\/intencao-de-oracao-do-papa-para-abril-pelo-papel-das-mulheres\\\/\",\"url\":\"https:\\\/\\\/schoenstatt.com\\\/pt-pt\\\/intencao-de-oracao-do-papa-para-abril-pelo-papel-das-mulheres\\\/\",\"name\":\"Inten\u00e7\u00e3o de ora\u00e7\u00e3o do Papa para abril: Pelo papel das mulheres\",\"isPartOf\":{\"@id\":\"https:\\\/\\\/schoenstatt.com\\\/pt-pt\\\/#website\"},\"primaryImageOfPage\":{\"@id\":\"https:\\\/\\\/schoenstatt.com\\\/pt-pt\\\/intencao-de-oracao-do-papa-para-abril-pelo-papel-das-mulheres\\\/#primaryimage\"},\"image\":{\"@id\":\"https:\\\/\\\/schoenstatt.com\\\/pt-pt\\\/intencao-de-oracao-do-papa-para-abril-pelo-papel-das-mulheres\\\/#primaryimage\"},\"thumbnailUrl\":\"https:\\\/\\\/schoenstatt.com\\\/wp-content\\\/uploads\\\/2023\\\/11\\\/mujeres-woman-paraguay-1.jpg\",\"datePublished\":\"2024-04-03T08:38:34+00:00\",\"dateModified\":\"2025-05-16T01:20:32+00:00\",\"description\":\"No \u201cV\u00eddeo do Papa\u201d de abril, o Santo Padre convida a rezar pela dignidade da mulher em todas as culturas e para que cesse a discrimina\u00e7\u00e3o\",\"breadcrumb\":{\"@id\":\"https:\\\/\\\/schoenstatt.com\\\/pt-pt\\\/intencao-de-oracao-do-papa-para-abril-pelo-papel-das-mulheres\\\/#breadcrumb\"},\"inLanguage\":\"pt-PT\",\"potentialAction\":[{\"@type\":\"ReadAction\",\"target\":[\"https:\\\/\\\/schoenstatt.com\\\/pt-pt\\\/intencao-de-oracao-do-papa-para-abril-pelo-papel-das-mulheres\\\/\"]}]},{\"@type\":\"ImageObject\",\"inLanguage\":\"pt-PT\",\"@id\":\"https:\\\/\\\/schoenstatt.com\\\/pt-pt\\\/intencao-de-oracao-do-papa-para-abril-pelo-papel-das-mulheres\\\/#primaryimage\",\"url\":\"https:\\\/\\\/schoenstatt.com\\\/wp-content\\\/uploads\\\/2023\\\/11\\\/mujeres-woman-paraguay-1.jpg\",\"contentUrl\":\"https:\\\/\\\/schoenstatt.com\\\/wp-content\\\/uploads\\\/2023\\\/11\\\/mujeres-woman-paraguay-1.jpg\",\"width\":1140,\"height\":818},{\"@type\":\"BreadcrumbList\",\"@id\":\"https:\\\/\\\/schoenstatt.com\\\/pt-pt\\\/intencao-de-oracao-do-papa-para-abril-pelo-papel-das-mulheres\\\/#breadcrumb\",\"itemListElement\":[{\"@type\":\"ListItem\",\"position\":1,\"name\":\"Portada\",\"item\":\"https:\\\/\\\/schoenstatt.com\\\/pt-pt\\\/home\\\/\"},{\"@type\":\"ListItem\",\"position\":2,\"name\":\"Inten\u00e7\u00e3o de ora\u00e7\u00e3o do Papa para abril: Pelo papel das mulheres\"}]},{\"@type\":\"WebSite\",\"@id\":\"https:\\\/\\\/schoenstatt.com\\\/pt-pt\\\/#website\",\"url\":\"https:\\\/\\\/schoenstatt.com\\\/pt-pt\\\/\",\"name\":\"Schoenstatt\",\"description\":\"Apostolic Movement\",\"publisher\":{\"@id\":\"https:\\\/\\\/schoenstatt.com\\\/pt-pt\\\/#organization\"},\"potentialAction\":[{\"@type\":\"SearchAction\",\"target\":{\"@type\":\"EntryPoint\",\"urlTemplate\":\"https:\\\/\\\/schoenstatt.com\\\/pt-pt\\\/?s={search_term_string}\"},\"query-input\":{\"@type\":\"PropertyValueSpecification\",\"valueRequired\":true,\"valueName\":\"search_term_string\"}}],\"inLanguage\":\"pt-PT\"},{\"@type\":\"Organization\",\"@id\":\"https:\\\/\\\/schoenstatt.com\\\/pt-pt\\\/#organization\",\"name\":\"Schoenstatt\",\"url\":\"https:\\\/\\\/schoenstatt.com\\\/pt-pt\\\/\",\"logo\":{\"@type\":\"ImageObject\",\"inLanguage\":\"pt-PT\",\"@id\":\"https:\\\/\\\/schoenstatt.com\\\/pt-pt\\\/#\\\/schema\\\/logo\\\/image\\\/\",\"url\":\"https:\\\/\\\/schoenstatt.com\\\/wp-content\\\/uploads\\\/2025\\\/04\\\/logo-schoenstatt-white-696x696-1.png\",\"contentUrl\":\"https:\\\/\\\/schoenstatt.com\\\/wp-content\\\/uploads\\\/2025\\\/04\\\/logo-schoenstatt-white-696x696-1.png\",\"width\":696,\"height\":694,\"caption\":\"Schoenstatt\"},\"image\":{\"@id\":\"https:\\\/\\\/schoenstatt.com\\\/pt-pt\\\/#\\\/schema\\\/logo\\\/image\\\/\"}},{\"@type\":\"Person\",\"@id\":\"https:\\\/\\\/schoenstatt.com\\\/pt-pt\\\/#\\\/schema\\\/person\\\/5158877ad4acae98b34daaeef2a1ce6e\",\"name\":\"Karen Bueno\",\"image\":{\"@type\":\"ImageObject\",\"inLanguage\":\"pt-PT\",\"@id\":\"https:\\\/\\\/secure.gravatar.com\\\/avatar\\\/f9f4b823873154269d2b2130f195f6d41037dd0d7fc5f3cacb5c846bae70d66b?s=96&d=mm&r=g\",\"url\":\"https:\\\/\\\/secure.gravatar.com\\\/avatar\\\/f9f4b823873154269d2b2130f195f6d41037dd0d7fc5f3cacb5c846bae70d66b?s=96&d=mm&r=g\",\"contentUrl\":\"https:\\\/\\\/secure.gravatar.com\\\/avatar\\\/f9f4b823873154269d2b2130f195f6d41037dd0d7fc5f3cacb5c846bae70d66b?s=96&d=mm&r=g\",\"caption\":\"Karen Bueno\"},\"url\":\"https:\\\/\\\/schoenstatt.com\\\/pt-pt\\\/author\\\/karen-bueno\\\/\"}]}<\/script>\n<!-- \/ Yoast SEO Premium plugin. -->","yoast_head_json":{"title":"Inten\u00e7\u00e3o de ora\u00e7\u00e3o do Papa para abril: Pelo papel das mulheres","description":"No \u201cV\u00eddeo do Papa\u201d de abril, o Santo Padre convida a rezar pela dignidade da mulher em todas as culturas e para que cesse a discrimina\u00e7\u00e3o","robots":{"index":"index","follow":"follow","max-snippet":"max-snippet:-1","max-image-preview":"max-image-preview:large","max-video-preview":"max-video-preview:-1"},"canonical":"https:\/\/schoenstatt.com\/pt-pt\/intencao-de-oracao-do-papa-para-abril-pelo-papel-das-mulheres\/","og_locale":"pt_PT","og_type":"article","og_title":"Inten\u00e7\u00e3o de ora\u00e7\u00e3o do Papa para abril: Pelo papel das mulheres","og_description":"No \u201cV\u00eddeo do Papa\u201d de abril, o Santo Padre convida a rezar pela dignidade da mulher em todas as culturas e para que cesse a discrimina\u00e7\u00e3o","og_url":"https:\/\/schoenstatt.com\/pt-pt\/intencao-de-oracao-do-papa-para-abril-pelo-papel-das-mulheres\/","og_site_name":"Schoenstatt","article_published_time":"2024-04-03T08:38:34+00:00","article_modified_time":"2025-05-16T01:20:32+00:00","og_image":[{"width":1140,"height":818,"url":"https:\/\/schoenstatt.com\/wp-content\/uploads\/2023\/11\/mujeres-woman-paraguay-1.jpg","type":"image\/jpeg"}],"author":"Karen Bueno","twitter_card":"summary_large_image","twitter_misc":{"Escrito por":"Karen Bueno","Tempo estimado de leitura":"3 minutos"},"schema":{"@context":"https:\/\/schema.org","@graph":[{"@type":"Article","@id":"https:\/\/schoenstatt.com\/pt-pt\/intencao-de-oracao-do-papa-para-abril-pelo-papel-das-mulheres\/#article","isPartOf":{"@id":"https:\/\/schoenstatt.com\/pt-pt\/intencao-de-oracao-do-papa-para-abril-pelo-papel-das-mulheres\/"},"author":{"name":"Karen Bueno","@id":"https:\/\/schoenstatt.com\/pt-pt\/#\/schema\/person\/5158877ad4acae98b34daaeef2a1ce6e"},"headline":"Inten\u00e7\u00e3o de ora\u00e7\u00e3o do Papa para abril: Pelo papel das mulheres","datePublished":"2024-04-03T08:38:34+00:00","dateModified":"2025-05-16T01:20:32+00:00","mainEntityOfPage":{"@id":"https:\/\/schoenstatt.com\/pt-pt\/intencao-de-oracao-do-papa-para-abril-pelo-papel-das-mulheres\/"},"wordCount":724,"publisher":{"@id":"https:\/\/schoenstatt.com\/pt-pt\/#organization"},"image":{"@id":"https:\/\/schoenstatt.com\/pt-pt\/intencao-de-oracao-do-papa-para-abril-pelo-papel-das-mulheres\/#primaryimage"},"thumbnailUrl":"https:\/\/schoenstatt.com\/wp-content\/uploads\/2023\/11\/mujeres-woman-paraguay-1.jpg","articleSection":["Igreja","Papa Francisco"],"inLanguage":"pt-PT"},{"@type":"WebPage","@id":"https:\/\/schoenstatt.com\/pt-pt\/intencao-de-oracao-do-papa-para-abril-pelo-papel-das-mulheres\/","url":"https:\/\/schoenstatt.com\/pt-pt\/intencao-de-oracao-do-papa-para-abril-pelo-papel-das-mulheres\/","name":"Inten\u00e7\u00e3o de ora\u00e7\u00e3o do Papa para abril: Pelo papel das mulheres","isPartOf":{"@id":"https:\/\/schoenstatt.com\/pt-pt\/#website"},"primaryImageOfPage":{"@id":"https:\/\/schoenstatt.com\/pt-pt\/intencao-de-oracao-do-papa-para-abril-pelo-papel-das-mulheres\/#primaryimage"},"image":{"@id":"https:\/\/schoenstatt.com\/pt-pt\/intencao-de-oracao-do-papa-para-abril-pelo-papel-das-mulheres\/#primaryimage"},"thumbnailUrl":"https:\/\/schoenstatt.com\/wp-content\/uploads\/2023\/11\/mujeres-woman-paraguay-1.jpg","datePublished":"2024-04-03T08:38:34+00:00","dateModified":"2025-05-16T01:20:32+00:00","description":"No \u201cV\u00eddeo do Papa\u201d de abril, o Santo Padre convida a rezar pela dignidade da mulher em todas as culturas e para que cesse a discrimina\u00e7\u00e3o","breadcrumb":{"@id":"https:\/\/schoenstatt.com\/pt-pt\/intencao-de-oracao-do-papa-para-abril-pelo-papel-das-mulheres\/#breadcrumb"},"inLanguage":"pt-PT","potentialAction":[{"@type":"ReadAction","target":["https:\/\/schoenstatt.com\/pt-pt\/intencao-de-oracao-do-papa-para-abril-pelo-papel-das-mulheres\/"]}]},{"@type":"ImageObject","inLanguage":"pt-PT","@id":"https:\/\/schoenstatt.com\/pt-pt\/intencao-de-oracao-do-papa-para-abril-pelo-papel-das-mulheres\/#primaryimage","url":"https:\/\/schoenstatt.com\/wp-content\/uploads\/2023\/11\/mujeres-woman-paraguay-1.jpg","contentUrl":"https:\/\/schoenstatt.com\/wp-content\/uploads\/2023\/11\/mujeres-woman-paraguay-1.jpg","width":1140,"height":818},{"@type":"BreadcrumbList","@id":"https:\/\/schoenstatt.com\/pt-pt\/intencao-de-oracao-do-papa-para-abril-pelo-papel-das-mulheres\/#breadcrumb","itemListElement":[{"@type":"ListItem","position":1,"name":"Portada","item":"https:\/\/schoenstatt.com\/pt-pt\/home\/"},{"@type":"ListItem","position":2,"name":"Inten\u00e7\u00e3o de ora\u00e7\u00e3o do Papa para abril: Pelo papel das mulheres"}]},{"@type":"WebSite","@id":"https:\/\/schoenstatt.com\/pt-pt\/#website","url":"https:\/\/schoenstatt.com\/pt-pt\/","name":"Schoenstatt","description":"Apostolic Movement","publisher":{"@id":"https:\/\/schoenstatt.com\/pt-pt\/#organization"},"potentialAction":[{"@type":"SearchAction","target":{"@type":"EntryPoint","urlTemplate":"https:\/\/schoenstatt.com\/pt-pt\/?s={search_term_string}"},"query-input":{"@type":"PropertyValueSpecification","valueRequired":true,"valueName":"search_term_string"}}],"inLanguage":"pt-PT"},{"@type":"Organization","@id":"https:\/\/schoenstatt.com\/pt-pt\/#organization","name":"Schoenstatt","url":"https:\/\/schoenstatt.com\/pt-pt\/","logo":{"@type":"ImageObject","inLanguage":"pt-PT","@id":"https:\/\/schoenstatt.com\/pt-pt\/#\/schema\/logo\/image\/","url":"https:\/\/schoenstatt.com\/wp-content\/uploads\/2025\/04\/logo-schoenstatt-white-696x696-1.png","contentUrl":"https:\/\/schoenstatt.com\/wp-content\/uploads\/2025\/04\/logo-schoenstatt-white-696x696-1.png","width":696,"height":694,"caption":"Schoenstatt"},"image":{"@id":"https:\/\/schoenstatt.com\/pt-pt\/#\/schema\/logo\/image\/"}},{"@type":"Person","@id":"https:\/\/schoenstatt.com\/pt-pt\/#\/schema\/person\/5158877ad4acae98b34daaeef2a1ce6e","name":"Karen Bueno","image":{"@type":"ImageObject","inLanguage":"pt-PT","@id":"https:\/\/secure.gravatar.com\/avatar\/f9f4b823873154269d2b2130f195f6d41037dd0d7fc5f3cacb5c846bae70d66b?s=96&d=mm&r=g","url":"https:\/\/secure.gravatar.com\/avatar\/f9f4b823873154269d2b2130f195f6d41037dd0d7fc5f3cacb5c846bae70d66b?s=96&d=mm&r=g","contentUrl":"https:\/\/secure.gravatar.com\/avatar\/f9f4b823873154269d2b2130f195f6d41037dd0d7fc5f3cacb5c846bae70d66b?s=96&d=mm&r=g","caption":"Karen Bueno"},"url":"https:\/\/schoenstatt.com\/pt-pt\/author\/karen-bueno\/"}]}},"_links":{"self":[{"href":"https:\/\/schoenstatt.com\/pt-pt\/wp-json\/wp\/v2\/posts\/35276","targetHints":{"allow":["GET"]}}],"collection":[{"href":"https:\/\/schoenstatt.com\/pt-pt\/wp-json\/wp\/v2\/posts"}],"about":[{"href":"https:\/\/schoenstatt.com\/pt-pt\/wp-json\/wp\/v2\/types\/post"}],"author":[{"embeddable":true,"href":"https:\/\/schoenstatt.com\/pt-pt\/wp-json\/wp\/v2\/users\/3"}],"replies":[{"embeddable":true,"href":"https:\/\/schoenstatt.com\/pt-pt\/wp-json\/wp\/v2\/comments?post=35276"}],"version-history":[{"count":1,"href":"https:\/\/schoenstatt.com\/pt-pt\/wp-json\/wp\/v2\/posts\/35276\/revisions"}],"predecessor-version":[{"id":46779,"href":"https:\/\/schoenstatt.com\/pt-pt\/wp-json\/wp\/v2\/posts\/35276\/revisions\/46779"}],"wp:featuredmedia":[{"embeddable":true,"href":"https:\/\/schoenstatt.com\/pt-pt\/wp-json\/wp\/v2\/media\/33370"}],"wp:attachment":[{"href":"https:\/\/schoenstatt.com\/pt-pt\/wp-json\/wp\/v2\/media?parent=35276"}],"wp:term":[{"taxonomy":"category","embeddable":true,"href":"https:\/\/schoenstatt.com\/pt-pt\/wp-json\/wp\/v2\/categories?post=35276"},{"taxonomy":"post_tag","embeddable":true,"href":"https:\/\/schoenstatt.com\/pt-pt\/wp-json\/wp\/v2\/tags?post=35276"}],"curies":[{"name":"wp","href":"https:\/\/api.w.org\/{rel}","templated":true}]}}