{"id":35271,"date":"2024-04-02T12:45:13","date_gmt":"2024-04-02T10:45:13","guid":{"rendered":"https:\/\/schoenstatt.com\/espiritualidade\/joseph-kentenich-institut-preis-2024-paedagogik-der-bindung-beim-lernen\/"},"modified":"2025-05-16T03:12:58","modified_gmt":"2025-05-16T01:12:58","slug":"premio-do-instituto-jose-kentenich-2024-a-pedagogia-dos-vinculos-na-educacao","status":"publish","type":"post","link":"https:\/\/schoenstatt.com\/pt-pt\/premio-do-instituto-jose-kentenich-2024-a-pedagogia-dos-vinculos-na-educacao\/","title":{"rendered":"Pr\u00eamio do Instituto Jos\u00e9 Kentenich 2024: A Pedagogia dos V\u00ednculos na Educa\u00e7\u00e3o"},"content":{"rendered":"<p>No domingo, 17 de mar\u00e7o de 2024, a jovem Anna Loriz recebeu o pr\u00eamio deste ano do <a href=\"https:\/\/www.j-k-i.de\/\" target=\"_blank\" rel=\"noopener\">Instituto Jos\u00e9 Kentenich<\/a> (JKI). Como dessa vez h\u00e1 uma segunda ganhadora, a Sra. Verena H\u00e4ffner, o pr\u00eamio em dinheiro de 500 euros ser\u00e1 compartilhado.<\/p>\n<h2>Dimens\u00f5es da pedagogia dos v\u00ednculos<\/h2>\n<p>A pesquisa cient\u00edfica feita por Loriz foi apresentada \u00e0 Julius-Maximilians-University, da Baviera, em W\u00fcrzburg, Alemanha, como tese de admiss\u00e3o ao Instituto de Educa\u00e7\u00e3o Especial. O trabalho foi realizado em conjunto com Anna-Lena Weber, intitulado \u201cAspectos da Pedagogia dos V\u00ednculos segundo <a href=\"https:\/\/schoenstatt.com\/pt-pt\/about\/fundador\/\">Jos\u00e9 Kentenich<\/a> como contribui\u00e7\u00e3o para a forma\u00e7\u00e3o de crian\u00e7as com dificuldades de aprendizagem usando o exemplo da Escola Jos\u00e9 Kentenich, de Kempten, Oberallg\u00e4u&#8221;. A pesquisa recebeu uma excelente nota (1,0).<\/p>\n<p>Durante o encontro do JKI, o trabalho de Loriz foi homenageado, no discurso laudat\u00f3rio, pelo capel\u00e3o universit\u00e1rio Pe. Manuel G\u00e4rtner. Ele explicou aos presentes que, na primeira parte do trabalho, a premiada explorou fundamentalmente a pedagogia de Jos\u00e9 Kentenich, com um foco significativo na apresenta\u00e7\u00e3o das cinco estrelas condutoras da pedagogia.<\/p>\n<figure id=\"attachment_35263\" aria-describedby=\"caption-attachment-35263\" style=\"width: 680px\" class=\"wp-caption aligncenter\"><img fetchpriority=\"high\" decoding=\"async\" class=\"wp-image-35263 size-full\" src=\"https:\/\/schoenstatt.com\/wp-content\/uploads\/2024\/04\/20240366JKI-Preis2024_FotoUtaSoeder0950.jpg\" alt=\"\" width=\"680\" height=\"340\" \/><figcaption id=\"caption-attachment-35263\" class=\"wp-caption-text\">Um p\u00fablico atento ouve o discurso elogioso do Pe. Manuel G\u00e4rtner (Foto: U. S\u00f6der)<\/figcaption><\/figure>\n<h3>As conex\u00f5es entre v\u00ednculos e aprendizado<\/h3>\n<p>Em sua pesquisa, Anna Loriz aborda a import\u00e2ncia das vincula\u00e7\u00f5es no centro de suas considera\u00e7\u00f5es, especialmente para crian\u00e7as com dificuldades de aprendizagem, de acordo com o foco de estudo. A vencedora do pr\u00eamio estabelece uma conex\u00e3o entre os v\u00ednculos e o aprendizado na escola, com base em v\u00e1rios fatores, incluindo o relacionamento entre pais e filhos, entre professores e alunos, bem como relacionamentos e v\u00ednculos no contexto escolar e sua import\u00e2ncia para o aprendizado.<\/p>\n<p>No entanto, de acordo com o Pe. G\u00e4rtner, o mais especial neste trabalho \u00e9 que Loriz n\u00e3o s\u00f3 trabalhou nas teorias de pedagogia e vincula\u00e7\u00e3o de Kentenich, mas tamb\u00e9m descreveu e apresentou a pedagogia dos v\u00ednculos, analisada na Escola Jos\u00e9 Kentenich, em uma grande se\u00e7\u00e3o pr\u00e1tica da sua pesquisa de admiss\u00e3o.<\/p>\n<figure id=\"attachment_35267\" aria-describedby=\"caption-attachment-35267\" style=\"width: 680px\" class=\"wp-caption aligncenter\"><img decoding=\"async\" class=\"wp-image-35267 size-full\" src=\"https:\/\/schoenstatt.com\/wp-content\/uploads\/2024\/04\/20240366JKI-Preis2024_FotoUtaSoeder0962.jpg\" alt=\"\" width=\"680\" height=\"340\" \/><figcaption id=\"caption-attachment-35267\" class=\"wp-caption-text\">O professor Dr. Joachim S\u00f6der homenageia o trabalho da vencedora e entrega a ela o certificado e o pr\u00eamio (Foto: U. S\u00f6der)<\/figcaption><\/figure>\n<h3>Trabalho orientado para a pr\u00e1tica<\/h3>\n<p>Para isso, a ganhadora do pr\u00eamio realizou entrevistas com colegas da escola de Kempten e analisou-as. Anna Loriz explica que o v\u00ednculo, nesta institui\u00e7\u00e3o de ensino, est\u00e1 relacionado a pessoas, mas tamb\u00e9m a lugares e coisas, a formas e tamb\u00e9m a ideias. O trabalho utiliza tr\u00eas exemplos pr\u00e1ticos para ilustrar, de forma clara e impressionante, como o desempenho dos alunos pode ser significativamente melhorado pela pr\u00e1tica e aplica\u00e7\u00e3o da pedagogia dos v\u00ednculos.<\/p>\n<p>Em sua conclus\u00e3o, Anna Loriz constata que a pedagogia de Kentenich, em particular o aspecto da vincula\u00e7\u00e3o, tem valor agregado tanto para professores quanto para alunos. O Prof. Dr. Joachim S\u00f6der, presidente do JKI, parabenizou a premiada pelo sucesso de seu trabalho e entregou-lhe o certificado e o pr\u00eamio.<\/p>\n<h2>O Pr\u00eamio JKI<\/h2>\n<p>O Pr\u00eamio JKI \u00e9 concedido anualmente a pesquisas cient\u00edficas que tratam das ideias e propostas do Pe. Jos\u00e9 Kentenich e suas preocupa\u00e7\u00f5es e as trazem para a discuss\u00e3o acad\u00eamica. A \u00e1rea tem\u00e1tica n\u00e3o se limita \u00e0 Teologia, mas abrange v\u00e1rias disciplinas. Podem concorrer pesquisas cient\u00edficas diversas, disserta\u00e7\u00f5es de licenciatura (equivalente ao mestrado), no entanto, o pr\u00eamio n\u00e3o contempla teses de doutorado e p\u00f3s-doutorado.<\/p>\n<p>Fonte: <a href=\"https:\/\/www.schoenstatt.de\/de\/news\/6437\/112\/Kentenich-Paedagogik-bringt-Mehrwert-fuer-Lernende-und-Lehrende-Verleihung-des-JKI-Preis-2024-an-Anna-Loriz.htm\" target=\"_blank\" rel=\"noopener\">schoenstatt.de<\/a><\/p>\n","protected":false},"excerpt":{"rendered":"<p>A Pedagogia Kentenichiana traz valor agregado para alunos e professores &#8211; Entrega do Pr\u00eamio JKI 2024 para Anna Loriz<\/p>\n","protected":false},"author":3,"featured_media":35259,"comment_status":"closed","ping_status":"closed","sticky":false,"template":"","format":"standard","meta":{"footnotes":""},"categories":[880],"tags":[],"class_list":["post-35271","post","type-post","status-publish","format-standard","has-post-thumbnail","hentry","category-pe-jose-kentenich-pt-pt"],"yoast_head":"<!-- This site is optimized with the Yoast SEO Premium plugin v27.4 (Yoast SEO v27.4) - https:\/\/yoast.com\/product\/yoast-seo-premium-wordpress\/ -->\n<title>Pr\u00eamio do Instituto Jos\u00e9 Kentenich 2024: A Pedagogia dos V\u00ednculos na Educa\u00e7\u00e3o<\/title>\n<meta name=\"description\" content=\"A Pedagogia Kentenichiana traz valor agregado para alunos e professores - Entrega do Pr\u00eamio JKI 2024 para Anna Loriz\" \/>\n<meta name=\"robots\" content=\"index, follow, max-snippet:-1, max-image-preview:large, max-video-preview:-1\" \/>\n<link rel=\"canonical\" href=\"https:\/\/schoenstatt.com\/pt-pt\/premio-do-instituto-jose-kentenich-2024-a-pedagogia-dos-vinculos-na-educacao\/\" \/>\n<meta property=\"og:locale\" content=\"pt_PT\" \/>\n<meta property=\"og:type\" content=\"article\" \/>\n<meta property=\"og:title\" content=\"Pr\u00eamio do Instituto Jos\u00e9 Kentenich 2024: A Pedagogia dos V\u00ednculos na Educa\u00e7\u00e3o\" \/>\n<meta property=\"og:description\" content=\"A Pedagogia Kentenichiana traz valor agregado para alunos e professores - Entrega do Pr\u00eamio JKI 2024 para Anna Loriz\" \/>\n<meta property=\"og:url\" content=\"https:\/\/schoenstatt.com\/pt-pt\/premio-do-instituto-jose-kentenich-2024-a-pedagogia-dos-vinculos-na-educacao\/\" \/>\n<meta property=\"og:site_name\" content=\"Schoenstatt\" \/>\n<meta property=\"article:published_time\" content=\"2024-04-02T10:45:13+00:00\" \/>\n<meta property=\"article:modified_time\" content=\"2025-05-16T01:12:58+00:00\" \/>\n<meta property=\"og:image\" content=\"https:\/\/schoenstatt.com\/wp-content\/uploads\/2024\/04\/20240366JKI-Preis2024_FotoUtaSoeder0969-1-1.jpg\" \/>\n\t<meta property=\"og:image:width\" content=\"1360\" \/>\n\t<meta property=\"og:image:height\" content=\"680\" \/>\n\t<meta property=\"og:image:type\" content=\"image\/jpeg\" \/>\n<meta name=\"author\" content=\"Karen Bueno\" \/>\n<meta name=\"twitter:card\" content=\"summary_large_image\" \/>\n<meta name=\"twitter:label1\" content=\"Escrito por\" \/>\n\t<meta name=\"twitter:data1\" content=\"Karen Bueno\" \/>\n\t<meta name=\"twitter:label2\" content=\"Tempo estimado de leitura\" \/>\n\t<meta name=\"twitter:data2\" content=\"3 minutos\" \/>\n<script type=\"application\/ld+json\" class=\"yoast-schema-graph\">{\"@context\":\"https:\\\/\\\/schema.org\",\"@graph\":[{\"@type\":\"Article\",\"@id\":\"https:\\\/\\\/schoenstatt.com\\\/pt-pt\\\/premio-do-instituto-jose-kentenich-2024-a-pedagogia-dos-vinculos-na-educacao\\\/#article\",\"isPartOf\":{\"@id\":\"https:\\\/\\\/schoenstatt.com\\\/pt-pt\\\/premio-do-instituto-jose-kentenich-2024-a-pedagogia-dos-vinculos-na-educacao\\\/\"},\"author\":{\"name\":\"Karen Bueno\",\"@id\":\"https:\\\/\\\/schoenstatt.com\\\/pt-pt\\\/#\\\/schema\\\/person\\\/5158877ad4acae98b34daaeef2a1ce6e\"},\"headline\":\"Pr\u00eamio do Instituto Jos\u00e9 Kentenich 2024: A Pedagogia dos V\u00ednculos na Educa\u00e7\u00e3o\",\"datePublished\":\"2024-04-02T10:45:13+00:00\",\"dateModified\":\"2025-05-16T01:12:58+00:00\",\"mainEntityOfPage\":{\"@id\":\"https:\\\/\\\/schoenstatt.com\\\/pt-pt\\\/premio-do-instituto-jose-kentenich-2024-a-pedagogia-dos-vinculos-na-educacao\\\/\"},\"wordCount\":624,\"publisher\":{\"@id\":\"https:\\\/\\\/schoenstatt.com\\\/pt-pt\\\/#organization\"},\"image\":{\"@id\":\"https:\\\/\\\/schoenstatt.com\\\/pt-pt\\\/premio-do-instituto-jose-kentenich-2024-a-pedagogia-dos-vinculos-na-educacao\\\/#primaryimage\"},\"thumbnailUrl\":\"https:\\\/\\\/schoenstatt.com\\\/wp-content\\\/uploads\\\/2024\\\/04\\\/20240366JKI-Preis2024_FotoUtaSoeder0969-1-1.jpg\",\"articleSection\":[\"Pe. Jos\u00e9 Kentenich\"],\"inLanguage\":\"pt-PT\"},{\"@type\":\"WebPage\",\"@id\":\"https:\\\/\\\/schoenstatt.com\\\/pt-pt\\\/premio-do-instituto-jose-kentenich-2024-a-pedagogia-dos-vinculos-na-educacao\\\/\",\"url\":\"https:\\\/\\\/schoenstatt.com\\\/pt-pt\\\/premio-do-instituto-jose-kentenich-2024-a-pedagogia-dos-vinculos-na-educacao\\\/\",\"name\":\"Pr\u00eamio do Instituto Jos\u00e9 Kentenich 2024: A Pedagogia dos V\u00ednculos na Educa\u00e7\u00e3o\",\"isPartOf\":{\"@id\":\"https:\\\/\\\/schoenstatt.com\\\/pt-pt\\\/#website\"},\"primaryImageOfPage\":{\"@id\":\"https:\\\/\\\/schoenstatt.com\\\/pt-pt\\\/premio-do-instituto-jose-kentenich-2024-a-pedagogia-dos-vinculos-na-educacao\\\/#primaryimage\"},\"image\":{\"@id\":\"https:\\\/\\\/schoenstatt.com\\\/pt-pt\\\/premio-do-instituto-jose-kentenich-2024-a-pedagogia-dos-vinculos-na-educacao\\\/#primaryimage\"},\"thumbnailUrl\":\"https:\\\/\\\/schoenstatt.com\\\/wp-content\\\/uploads\\\/2024\\\/04\\\/20240366JKI-Preis2024_FotoUtaSoeder0969-1-1.jpg\",\"datePublished\":\"2024-04-02T10:45:13+00:00\",\"dateModified\":\"2025-05-16T01:12:58+00:00\",\"description\":\"A Pedagogia Kentenichiana traz valor agregado para alunos e professores - Entrega do Pr\u00eamio JKI 2024 para Anna Loriz\",\"breadcrumb\":{\"@id\":\"https:\\\/\\\/schoenstatt.com\\\/pt-pt\\\/premio-do-instituto-jose-kentenich-2024-a-pedagogia-dos-vinculos-na-educacao\\\/#breadcrumb\"},\"inLanguage\":\"pt-PT\",\"potentialAction\":[{\"@type\":\"ReadAction\",\"target\":[\"https:\\\/\\\/schoenstatt.com\\\/pt-pt\\\/premio-do-instituto-jose-kentenich-2024-a-pedagogia-dos-vinculos-na-educacao\\\/\"]}]},{\"@type\":\"ImageObject\",\"inLanguage\":\"pt-PT\",\"@id\":\"https:\\\/\\\/schoenstatt.com\\\/pt-pt\\\/premio-do-instituto-jose-kentenich-2024-a-pedagogia-dos-vinculos-na-educacao\\\/#primaryimage\",\"url\":\"https:\\\/\\\/schoenstatt.com\\\/wp-content\\\/uploads\\\/2024\\\/04\\\/20240366JKI-Preis2024_FotoUtaSoeder0969-1-1.jpg\",\"contentUrl\":\"https:\\\/\\\/schoenstatt.com\\\/wp-content\\\/uploads\\\/2024\\\/04\\\/20240366JKI-Preis2024_FotoUtaSoeder0969-1-1.jpg\",\"width\":1360,\"height\":680},{\"@type\":\"BreadcrumbList\",\"@id\":\"https:\\\/\\\/schoenstatt.com\\\/pt-pt\\\/premio-do-instituto-jose-kentenich-2024-a-pedagogia-dos-vinculos-na-educacao\\\/#breadcrumb\",\"itemListElement\":[{\"@type\":\"ListItem\",\"position\":1,\"name\":\"Portada\",\"item\":\"https:\\\/\\\/schoenstatt.com\\\/pt-pt\\\/home\\\/\"},{\"@type\":\"ListItem\",\"position\":2,\"name\":\"Pr\u00eamio do Instituto Jos\u00e9 Kentenich 2024: A Pedagogia dos V\u00ednculos na Educa\u00e7\u00e3o\"}]},{\"@type\":\"WebSite\",\"@id\":\"https:\\\/\\\/schoenstatt.com\\\/pt-pt\\\/#website\",\"url\":\"https:\\\/\\\/schoenstatt.com\\\/pt-pt\\\/\",\"name\":\"Schoenstatt\",\"description\":\"Apostolic Movement\",\"publisher\":{\"@id\":\"https:\\\/\\\/schoenstatt.com\\\/pt-pt\\\/#organization\"},\"potentialAction\":[{\"@type\":\"SearchAction\",\"target\":{\"@type\":\"EntryPoint\",\"urlTemplate\":\"https:\\\/\\\/schoenstatt.com\\\/pt-pt\\\/?s={search_term_string}\"},\"query-input\":{\"@type\":\"PropertyValueSpecification\",\"valueRequired\":true,\"valueName\":\"search_term_string\"}}],\"inLanguage\":\"pt-PT\"},{\"@type\":\"Organization\",\"@id\":\"https:\\\/\\\/schoenstatt.com\\\/pt-pt\\\/#organization\",\"name\":\"Schoenstatt\",\"url\":\"https:\\\/\\\/schoenstatt.com\\\/pt-pt\\\/\",\"logo\":{\"@type\":\"ImageObject\",\"inLanguage\":\"pt-PT\",\"@id\":\"https:\\\/\\\/schoenstatt.com\\\/pt-pt\\\/#\\\/schema\\\/logo\\\/image\\\/\",\"url\":\"https:\\\/\\\/schoenstatt.com\\\/wp-content\\\/uploads\\\/2025\\\/04\\\/logo-schoenstatt-white-696x696-1.png\",\"contentUrl\":\"https:\\\/\\\/schoenstatt.com\\\/wp-content\\\/uploads\\\/2025\\\/04\\\/logo-schoenstatt-white-696x696-1.png\",\"width\":696,\"height\":694,\"caption\":\"Schoenstatt\"},\"image\":{\"@id\":\"https:\\\/\\\/schoenstatt.com\\\/pt-pt\\\/#\\\/schema\\\/logo\\\/image\\\/\"}},{\"@type\":\"Person\",\"@id\":\"https:\\\/\\\/schoenstatt.com\\\/pt-pt\\\/#\\\/schema\\\/person\\\/5158877ad4acae98b34daaeef2a1ce6e\",\"name\":\"Karen Bueno\",\"image\":{\"@type\":\"ImageObject\",\"inLanguage\":\"pt-PT\",\"@id\":\"https:\\\/\\\/secure.gravatar.com\\\/avatar\\\/f9f4b823873154269d2b2130f195f6d41037dd0d7fc5f3cacb5c846bae70d66b?s=96&d=mm&r=g\",\"url\":\"https:\\\/\\\/secure.gravatar.com\\\/avatar\\\/f9f4b823873154269d2b2130f195f6d41037dd0d7fc5f3cacb5c846bae70d66b?s=96&d=mm&r=g\",\"contentUrl\":\"https:\\\/\\\/secure.gravatar.com\\\/avatar\\\/f9f4b823873154269d2b2130f195f6d41037dd0d7fc5f3cacb5c846bae70d66b?s=96&d=mm&r=g\",\"caption\":\"Karen Bueno\"},\"url\":\"https:\\\/\\\/schoenstatt.com\\\/pt-pt\\\/author\\\/karen-bueno\\\/\"}]}<\/script>\n<!-- \/ Yoast SEO Premium plugin. -->","yoast_head_json":{"title":"Pr\u00eamio do Instituto Jos\u00e9 Kentenich 2024: A Pedagogia dos V\u00ednculos na Educa\u00e7\u00e3o","description":"A Pedagogia Kentenichiana traz valor agregado para alunos e professores - Entrega do Pr\u00eamio JKI 2024 para Anna Loriz","robots":{"index":"index","follow":"follow","max-snippet":"max-snippet:-1","max-image-preview":"max-image-preview:large","max-video-preview":"max-video-preview:-1"},"canonical":"https:\/\/schoenstatt.com\/pt-pt\/premio-do-instituto-jose-kentenich-2024-a-pedagogia-dos-vinculos-na-educacao\/","og_locale":"pt_PT","og_type":"article","og_title":"Pr\u00eamio do Instituto Jos\u00e9 Kentenich 2024: A Pedagogia dos V\u00ednculos na Educa\u00e7\u00e3o","og_description":"A Pedagogia Kentenichiana traz valor agregado para alunos e professores - Entrega do Pr\u00eamio JKI 2024 para Anna Loriz","og_url":"https:\/\/schoenstatt.com\/pt-pt\/premio-do-instituto-jose-kentenich-2024-a-pedagogia-dos-vinculos-na-educacao\/","og_site_name":"Schoenstatt","article_published_time":"2024-04-02T10:45:13+00:00","article_modified_time":"2025-05-16T01:12:58+00:00","og_image":[{"width":1360,"height":680,"url":"https:\/\/schoenstatt.com\/wp-content\/uploads\/2024\/04\/20240366JKI-Preis2024_FotoUtaSoeder0969-1-1.jpg","type":"image\/jpeg"}],"author":"Karen Bueno","twitter_card":"summary_large_image","twitter_misc":{"Escrito por":"Karen Bueno","Tempo estimado de leitura":"3 minutos"},"schema":{"@context":"https:\/\/schema.org","@graph":[{"@type":"Article","@id":"https:\/\/schoenstatt.com\/pt-pt\/premio-do-instituto-jose-kentenich-2024-a-pedagogia-dos-vinculos-na-educacao\/#article","isPartOf":{"@id":"https:\/\/schoenstatt.com\/pt-pt\/premio-do-instituto-jose-kentenich-2024-a-pedagogia-dos-vinculos-na-educacao\/"},"author":{"name":"Karen Bueno","@id":"https:\/\/schoenstatt.com\/pt-pt\/#\/schema\/person\/5158877ad4acae98b34daaeef2a1ce6e"},"headline":"Pr\u00eamio do Instituto Jos\u00e9 Kentenich 2024: A Pedagogia dos V\u00ednculos na Educa\u00e7\u00e3o","datePublished":"2024-04-02T10:45:13+00:00","dateModified":"2025-05-16T01:12:58+00:00","mainEntityOfPage":{"@id":"https:\/\/schoenstatt.com\/pt-pt\/premio-do-instituto-jose-kentenich-2024-a-pedagogia-dos-vinculos-na-educacao\/"},"wordCount":624,"publisher":{"@id":"https:\/\/schoenstatt.com\/pt-pt\/#organization"},"image":{"@id":"https:\/\/schoenstatt.com\/pt-pt\/premio-do-instituto-jose-kentenich-2024-a-pedagogia-dos-vinculos-na-educacao\/#primaryimage"},"thumbnailUrl":"https:\/\/schoenstatt.com\/wp-content\/uploads\/2024\/04\/20240366JKI-Preis2024_FotoUtaSoeder0969-1-1.jpg","articleSection":["Pe. Jos\u00e9 Kentenich"],"inLanguage":"pt-PT"},{"@type":"WebPage","@id":"https:\/\/schoenstatt.com\/pt-pt\/premio-do-instituto-jose-kentenich-2024-a-pedagogia-dos-vinculos-na-educacao\/","url":"https:\/\/schoenstatt.com\/pt-pt\/premio-do-instituto-jose-kentenich-2024-a-pedagogia-dos-vinculos-na-educacao\/","name":"Pr\u00eamio do Instituto Jos\u00e9 Kentenich 2024: A Pedagogia dos V\u00ednculos na Educa\u00e7\u00e3o","isPartOf":{"@id":"https:\/\/schoenstatt.com\/pt-pt\/#website"},"primaryImageOfPage":{"@id":"https:\/\/schoenstatt.com\/pt-pt\/premio-do-instituto-jose-kentenich-2024-a-pedagogia-dos-vinculos-na-educacao\/#primaryimage"},"image":{"@id":"https:\/\/schoenstatt.com\/pt-pt\/premio-do-instituto-jose-kentenich-2024-a-pedagogia-dos-vinculos-na-educacao\/#primaryimage"},"thumbnailUrl":"https:\/\/schoenstatt.com\/wp-content\/uploads\/2024\/04\/20240366JKI-Preis2024_FotoUtaSoeder0969-1-1.jpg","datePublished":"2024-04-02T10:45:13+00:00","dateModified":"2025-05-16T01:12:58+00:00","description":"A Pedagogia Kentenichiana traz valor agregado para alunos e professores - Entrega do Pr\u00eamio JKI 2024 para Anna Loriz","breadcrumb":{"@id":"https:\/\/schoenstatt.com\/pt-pt\/premio-do-instituto-jose-kentenich-2024-a-pedagogia-dos-vinculos-na-educacao\/#breadcrumb"},"inLanguage":"pt-PT","potentialAction":[{"@type":"ReadAction","target":["https:\/\/schoenstatt.com\/pt-pt\/premio-do-instituto-jose-kentenich-2024-a-pedagogia-dos-vinculos-na-educacao\/"]}]},{"@type":"ImageObject","inLanguage":"pt-PT","@id":"https:\/\/schoenstatt.com\/pt-pt\/premio-do-instituto-jose-kentenich-2024-a-pedagogia-dos-vinculos-na-educacao\/#primaryimage","url":"https:\/\/schoenstatt.com\/wp-content\/uploads\/2024\/04\/20240366JKI-Preis2024_FotoUtaSoeder0969-1-1.jpg","contentUrl":"https:\/\/schoenstatt.com\/wp-content\/uploads\/2024\/04\/20240366JKI-Preis2024_FotoUtaSoeder0969-1-1.jpg","width":1360,"height":680},{"@type":"BreadcrumbList","@id":"https:\/\/schoenstatt.com\/pt-pt\/premio-do-instituto-jose-kentenich-2024-a-pedagogia-dos-vinculos-na-educacao\/#breadcrumb","itemListElement":[{"@type":"ListItem","position":1,"name":"Portada","item":"https:\/\/schoenstatt.com\/pt-pt\/home\/"},{"@type":"ListItem","position":2,"name":"Pr\u00eamio do Instituto Jos\u00e9 Kentenich 2024: A Pedagogia dos V\u00ednculos na Educa\u00e7\u00e3o"}]},{"@type":"WebSite","@id":"https:\/\/schoenstatt.com\/pt-pt\/#website","url":"https:\/\/schoenstatt.com\/pt-pt\/","name":"Schoenstatt","description":"Apostolic Movement","publisher":{"@id":"https:\/\/schoenstatt.com\/pt-pt\/#organization"},"potentialAction":[{"@type":"SearchAction","target":{"@type":"EntryPoint","urlTemplate":"https:\/\/schoenstatt.com\/pt-pt\/?s={search_term_string}"},"query-input":{"@type":"PropertyValueSpecification","valueRequired":true,"valueName":"search_term_string"}}],"inLanguage":"pt-PT"},{"@type":"Organization","@id":"https:\/\/schoenstatt.com\/pt-pt\/#organization","name":"Schoenstatt","url":"https:\/\/schoenstatt.com\/pt-pt\/","logo":{"@type":"ImageObject","inLanguage":"pt-PT","@id":"https:\/\/schoenstatt.com\/pt-pt\/#\/schema\/logo\/image\/","url":"https:\/\/schoenstatt.com\/wp-content\/uploads\/2025\/04\/logo-schoenstatt-white-696x696-1.png","contentUrl":"https:\/\/schoenstatt.com\/wp-content\/uploads\/2025\/04\/logo-schoenstatt-white-696x696-1.png","width":696,"height":694,"caption":"Schoenstatt"},"image":{"@id":"https:\/\/schoenstatt.com\/pt-pt\/#\/schema\/logo\/image\/"}},{"@type":"Person","@id":"https:\/\/schoenstatt.com\/pt-pt\/#\/schema\/person\/5158877ad4acae98b34daaeef2a1ce6e","name":"Karen Bueno","image":{"@type":"ImageObject","inLanguage":"pt-PT","@id":"https:\/\/secure.gravatar.com\/avatar\/f9f4b823873154269d2b2130f195f6d41037dd0d7fc5f3cacb5c846bae70d66b?s=96&d=mm&r=g","url":"https:\/\/secure.gravatar.com\/avatar\/f9f4b823873154269d2b2130f195f6d41037dd0d7fc5f3cacb5c846bae70d66b?s=96&d=mm&r=g","contentUrl":"https:\/\/secure.gravatar.com\/avatar\/f9f4b823873154269d2b2130f195f6d41037dd0d7fc5f3cacb5c846bae70d66b?s=96&d=mm&r=g","caption":"Karen Bueno"},"url":"https:\/\/schoenstatt.com\/pt-pt\/author\/karen-bueno\/"}]}},"_links":{"self":[{"href":"https:\/\/schoenstatt.com\/pt-pt\/wp-json\/wp\/v2\/posts\/35271","targetHints":{"allow":["GET"]}}],"collection":[{"href":"https:\/\/schoenstatt.com\/pt-pt\/wp-json\/wp\/v2\/posts"}],"about":[{"href":"https:\/\/schoenstatt.com\/pt-pt\/wp-json\/wp\/v2\/types\/post"}],"author":[{"embeddable":true,"href":"https:\/\/schoenstatt.com\/pt-pt\/wp-json\/wp\/v2\/users\/3"}],"replies":[{"embeddable":true,"href":"https:\/\/schoenstatt.com\/pt-pt\/wp-json\/wp\/v2\/comments?post=35271"}],"version-history":[{"count":1,"href":"https:\/\/schoenstatt.com\/pt-pt\/wp-json\/wp\/v2\/posts\/35271\/revisions"}],"predecessor-version":[{"id":46775,"href":"https:\/\/schoenstatt.com\/pt-pt\/wp-json\/wp\/v2\/posts\/35271\/revisions\/46775"}],"wp:featuredmedia":[{"embeddable":true,"href":"https:\/\/schoenstatt.com\/pt-pt\/wp-json\/wp\/v2\/media\/35259"}],"wp:attachment":[{"href":"https:\/\/schoenstatt.com\/pt-pt\/wp-json\/wp\/v2\/media?parent=35271"}],"wp:term":[{"taxonomy":"category","embeddable":true,"href":"https:\/\/schoenstatt.com\/pt-pt\/wp-json\/wp\/v2\/categories?post=35271"},{"taxonomy":"post_tag","embeddable":true,"href":"https:\/\/schoenstatt.com\/pt-pt\/wp-json\/wp\/v2\/tags?post=35271"}],"curies":[{"name":"wp","href":"https:\/\/api.w.org\/{rel}","templated":true}]}}