{"id":35244,"date":"2024-03-26T11:03:55","date_gmt":"2024-03-26T10:03:55","guid":{"rendered":"https:\/\/schoenstatt.com\/espiritualidade\/unidos-somos-mas-fuertes-segundo-cafe-de-parejas-en-italia\/"},"modified":"2025-05-16T00:14:11","modified_gmt":"2025-05-15T22:14:11","slug":"unidos-somos-mais-fortes-segundo-cafe-para-casais-na-italia","status":"publish","type":"post","link":"https:\/\/schoenstatt.com\/pt-pt\/unidos-somos-mais-fortes-segundo-cafe-para-casais-na-italia\/","title":{"rendered":"Unidos somos mais fortes: segundo Caf\u00e9 para casais na It\u00e1lia"},"content":{"rendered":"<p>Depois do primeiro encontro \u201cCaf\u00e9 para Casais\u201d, no qual participaram v\u00e1rios esposos de Terricciola, Pisa, os mesmos participantes decidiram continuar um caminho de crescimento, com vista \u00e0 cria\u00e7\u00e3o e consolida\u00e7\u00e3o de uma comunidade de casais, inspirada na espiritualidade do Movimento de Schoenstatt. No s\u00e1bado, dia 16 de mar\u00e7o, aconteceu o segundo encontro deste novo ciclo de encontros, com o tema \u201cUnidos somos mais fortes\u201d. O encontro, como sempre, foi animado por dois casais da Uni\u00e3o de Fam\u00edlias de Roma.<\/p>\n<p>O tema come\u00e7ou com a leitura de uma passagem do Evangelho de Jo\u00e3o que pode ser resumida assim: \u201cQue todos sejam um, como tu, Pai, que est\u00e1s em mim e eu em ti\u201d (cf. Jo 17,21).<\/p>\n<h3>A import\u00e2ncia da comunica\u00e7\u00e3o no casamento<\/h3>\n<p>Em seguida foi apresentado o tema do encontro, que abordou os seguintes pontos:<\/p>\n<p>&#8211; Com o casamento selamos a nossa alian\u00e7a, uma uni\u00e3o que quer ser express\u00e3o do amor de Deus pela humanidade. Os fios da nossa vida se entrela\u00e7am cada vez mais, revelando-se mutuamente no nosso dia a dia, com os nossos pontos fortes e fracos.<\/p>\n<p>&#8211; Como podemos viver melhor o nosso casamento e moldar a nossa vida juntos? A imagem do nosso v\u00ednculo pode crescer se nos abrirmos um ao outro com sinceridade, comunicando as nossas necessidades emocionais, espirituais e f\u00edsicas. Desta forma, nosso casamento \u00e9 fortalecido e transformado em uma comunidade resiliente.<\/p>\n<h2>Sobre o projeto: acompanhar com a pedagogia de Schoenstatt<\/h2>\n<p>Os membros da Uni\u00e3o de Fam\u00edlias de Schoenstatt criaram e realizam, j\u00e1 h\u00e1 alguns anos, o caminho de crescimento espiritual e humano denominado \u201cCaff\u00e8 delle Coppie\u201d, cujo nome \u00e9 inspirado no caf\u00e9 que, na It\u00e1lia, n\u00e3o \u00e9 apenas uma bebida, mas sim uma ocasi\u00e3o social, encontro com amigos ou cordialidade com novos conhecidos.<\/p>\n<p>Trata-se de uma iniciativa de apostolado dirigida a casais, noivos ou, inclusive, a casais que simplesmente moram juntos, para aproxim\u00e1-los e familiariz\u00e1-los com os valores crist\u00e3os e acompanh\u00e1-los com a pedagogia de Schoenstatt. Esta proposta j\u00e1 aconteceu com grupos de casais no Santu\u00e1rio de Roma Cor Ecclesiae, dirigido pelas Irm\u00e3s de Maria; no <a href=\"https:\/\/www.roma-belmonte.info\/pt\/\" target=\"_blank\" rel=\"noopener\">Centro Internacional de Belmonte-Roma<\/a>, onde, depois do Caf\u00e9 para Casais, foi criado um grupo da Liga que j\u00e1 fez sua alian\u00e7a matrimonial e que se re\u00fane permanentemente para um caminho mais profundo de crescimento espiritual; na par\u00f3quia dos Santos Padroeiros de Roma, dirigida pelos Padres de Schoenstatt; na par\u00f3quia de Sant&#8217;Aquila e Priscila, em Roma; e, finalmente, na Toscana, com casais da cidade de Terricciola, em colabora\u00e7\u00e3o com o sacerdote local.<\/p>\n<h3>Impulsionar a riqueza do casamento<\/h3>\n<p>A fun\u00e7\u00e3o do Caf\u00e9 para Casais \u00e9 reunir-se com casais para oferecer-lhes um ambiente acolhedor onde possam se aproximar da espiritualidade de Schoenstatt e dos valores crist\u00e3os em geral. Da mesma forma, trata-se de vivenciar, na dimens\u00e3o do dia a dia, momentos de di\u00e1logo em casal, incluindo formas de valorizar a vida di\u00e1ria e fortalecer a rela\u00e7\u00e3o. A ideia \u00e9 fortalecer os v\u00ednculos como casal e oferecer-lhes a participa\u00e7\u00e3o em um grupo para acompanh\u00e1-los \u00e0 alian\u00e7a e, ent\u00e3o, abri-los \u00e0 possibilidade de formar um grupo da <a href=\"https:\/\/schoenstatt.com\/pt-pt\/familia\/comunidades-do-movimento-apostolico-de-schoenstatt\/familias\/\">Liga de Fam\u00edlias<\/a>. Em \u00faltima an\u00e1lise, trata-se de aproxim\u00e1-los da experi\u00eancia crist\u00e3 da vida matrimonial.<\/p>\n<h3>Manter o fogo do amor diante das alegrias e limita\u00e7\u00f5es<\/h3>\n<p>Sobre o encontro Terricciola: Sentimos uma unidade, rica em diversidade. Uma unidade que v\u00ea no outro um dom precioso, uma fonte de enriquecimento. A partir desta unidade configuramos a nossa vida, conscientes de que Deus nos acompanha na realiza\u00e7\u00e3o do projeto de amor do nosso casamento.<\/p>\n<p>Nossa uni\u00e3o est\u00e1 destinada a ser uma b\u00ean\u00e7\u00e3o. No caminho da vida nos unimos a uma pessoa que nos ama, permitindo que nossa capacidade de amar cres\u00e7a cada vez mais. Juntos experimentamos a alegria, mas tamb\u00e9m o sofrimento que deriva das nossas limita\u00e7\u00f5es. Unidos, nos esfor\u00e7amos para manter vivo o fogo do nosso amor. Quando nos unimos a outra pessoa, nossa uni\u00e3o se fortalece.<\/p>\n<h3>A import\u00e2ncia da comunidade<\/h3>\n<p>Com a proximidade de outras pessoas descobrimos que todos enfrentamos desafios semelhantes, embora de formas diferentes. Podemos compartilhar as nossas alegrias, sabendo que n\u00e3o somos ilhas, mas sim parte de uma rede resiliente.<\/p>\n<p>Pertencer a um grupo ou comunidade nos traz b\u00ean\u00e7\u00e3os adicionais. Nestas comunidades descobrimos valores compartilhados que nos d\u00e3o confian\u00e7a e apoio em situa\u00e7\u00f5es dif\u00edceis. A ora\u00e7\u00e3o m\u00fatua nos fortalece e, nos momentos de for\u00e7a, as nossas energias se multiplicam, permitindo-nos atuar juntos para o bem comum e moldar o mundo de acordo com os nossos ideais.<\/p>\n<h3>Perguntas que ajudam a reavaliar a rela\u00e7\u00e3o<\/h3>\n<p>Ap\u00f3s a divulga\u00e7\u00e3o do tema do encontro, houve um momento de di\u00e1logo por casais, a partir das seguintes quest\u00f5es:<\/p>\n<p>&#8211; De que forma sou enriquecido pelo meu c\u00f4njuge?<\/p>\n<p>&#8211; Em que momento da vida ou em que situa\u00e7\u00f5es de crise que vivemos que o fato de ter v\u00ednculos afetivos com outras pessoas nos fortaleceu como casal?<\/p>\n<h3>Chave: v\u00ednculos a pessoas, ideias e lugares<\/h3>\n<p>Concluindo, se pode dizer que na uni\u00e3o do casal floresce o amor que v\u00ea no outro o potencial n\u00e3o expressado. O homem deve ter v\u00ednculos, de alguma forma, no plano natural com todas as fibras da sua alma. Se n\u00e3o tivermos v\u00ednculos, na mesma medida em que n\u00e3o tivermos conex\u00e3o, haver\u00e1 uma ruptura na alma. O ser humano normalmente desenvolvido necessita de um organismo de v\u00ednculos com lugares, pessoas, ideias. O homem deve estar enraizado em um organismo de v\u00ednculos e ser saud\u00e1vel na medida em que esse organismo de v\u00ednculos o proporciona. (cf. J. Kentenich 2-5 de outubro de 1951).<\/p>\n","protected":false},"excerpt":{"rendered":"<p>Esposos da It\u00e1lia participaram do segundo Caf\u00e9 para Casais, organizado pelo Movimento de Schoenstatt, no qual foi enfatizada a import\u00e2ncia dos v\u00ednculos pessoais est\u00e1veis e do aprofundamento do valor do outro para o pr\u00f3prio crescimento. O lema do encontro foi \u201cUnidos somos mais fortes\u201d.<\/p>\n","protected":false},"author":3,"featured_media":35240,"comment_status":"closed","ping_status":"closed","sticky":false,"template":"","format":"standard","meta":{"footnotes":""},"categories":[908,876],"tags":[],"class_list":["post-35244","post","type-post","status-publish","format-standard","has-post-thumbnail","hentry","category-comunidades-de-schoenstatt-pt-pt","category-familia-pt-pt"],"yoast_head":"<!-- This site is optimized with the Yoast SEO Premium plugin v27.4 (Yoast SEO v27.4) - https:\/\/yoast.com\/product\/yoast-seo-premium-wordpress\/ -->\n<title>Unidos somos mais fortes: segundo Caf\u00e9 para casais na It\u00e1lia<\/title>\n<meta name=\"description\" content=\"Sob o lema \u201cUnidos somos mais fortes\u201d, aconteceu o segundo Caf\u00e9 para casais na It\u00e1lia, com o objetivo de fortalecer os v\u00ednculos dos esposos.\" \/>\n<meta name=\"robots\" content=\"index, follow, max-snippet:-1, max-image-preview:large, max-video-preview:-1\" \/>\n<link rel=\"canonical\" href=\"https:\/\/schoenstatt.com\/pt-pt\/unidos-somos-mais-fortes-segundo-cafe-para-casais-na-italia\/\" \/>\n<meta property=\"og:locale\" content=\"pt_PT\" \/>\n<meta property=\"og:type\" content=\"article\" \/>\n<meta property=\"og:title\" content=\"Unidos somos mais fortes: segundo Caf\u00e9 para casais na It\u00e1lia\" \/>\n<meta property=\"og:description\" content=\"Sob o lema \u201cUnidos somos mais fortes\u201d, aconteceu o segundo Caf\u00e9 para casais na It\u00e1lia, com o objetivo de fortalecer os v\u00ednculos dos esposos.\" \/>\n<meta property=\"og:url\" content=\"https:\/\/schoenstatt.com\/pt-pt\/unidos-somos-mais-fortes-segundo-cafe-para-casais-na-italia\/\" \/>\n<meta property=\"og:site_name\" content=\"Schoenstatt\" \/>\n<meta property=\"article:published_time\" content=\"2024-03-26T10:03:55+00:00\" \/>\n<meta property=\"article:modified_time\" content=\"2025-05-15T22:14:11+00:00\" \/>\n<meta property=\"og:image\" content=\"https:\/\/schoenstatt.com\/wp-content\/uploads\/2024\/03\/CoppieTerricciola_italia_2024-03-16-1.jpg\" \/>\n\t<meta property=\"og:image:width\" content=\"2048\" \/>\n\t<meta property=\"og:image:height\" content=\"1210\" \/>\n\t<meta property=\"og:image:type\" content=\"image\/jpeg\" \/>\n<meta name=\"author\" content=\"Karen Bueno\" \/>\n<meta name=\"twitter:card\" content=\"summary_large_image\" \/>\n<meta name=\"twitter:label1\" content=\"Escrito por\" \/>\n\t<meta name=\"twitter:data1\" content=\"Karen Bueno\" \/>\n\t<meta name=\"twitter:label2\" content=\"Tempo estimado de leitura\" \/>\n\t<meta name=\"twitter:data2\" content=\"4 minutos\" \/>\n<script type=\"application\/ld+json\" class=\"yoast-schema-graph\">{\"@context\":\"https:\\\/\\\/schema.org\",\"@graph\":[{\"@type\":\"Article\",\"@id\":\"https:\\\/\\\/schoenstatt.com\\\/pt-pt\\\/unidos-somos-mais-fortes-segundo-cafe-para-casais-na-italia\\\/#article\",\"isPartOf\":{\"@id\":\"https:\\\/\\\/schoenstatt.com\\\/pt-pt\\\/unidos-somos-mais-fortes-segundo-cafe-para-casais-na-italia\\\/\"},\"author\":{\"name\":\"Karen Bueno\",\"@id\":\"https:\\\/\\\/schoenstatt.com\\\/pt-pt\\\/#\\\/schema\\\/person\\\/5158877ad4acae98b34daaeef2a1ce6e\"},\"headline\":\"Unidos somos mais fortes: segundo Caf\u00e9 para casais na It\u00e1lia\",\"datePublished\":\"2024-03-26T10:03:55+00:00\",\"dateModified\":\"2025-05-15T22:14:11+00:00\",\"mainEntityOfPage\":{\"@id\":\"https:\\\/\\\/schoenstatt.com\\\/pt-pt\\\/unidos-somos-mais-fortes-segundo-cafe-para-casais-na-italia\\\/\"},\"wordCount\":994,\"publisher\":{\"@id\":\"https:\\\/\\\/schoenstatt.com\\\/pt-pt\\\/#organization\"},\"image\":{\"@id\":\"https:\\\/\\\/schoenstatt.com\\\/pt-pt\\\/unidos-somos-mais-fortes-segundo-cafe-para-casais-na-italia\\\/#primaryimage\"},\"thumbnailUrl\":\"https:\\\/\\\/schoenstatt.com\\\/wp-content\\\/uploads\\\/2024\\\/03\\\/CoppieTerricciola_italia_2024-03-16-1.jpg\",\"articleSection\":[\"Comunidades de Schoenstatt\",\"Fam\u00edlia\"],\"inLanguage\":\"pt-PT\"},{\"@type\":\"WebPage\",\"@id\":\"https:\\\/\\\/schoenstatt.com\\\/pt-pt\\\/unidos-somos-mais-fortes-segundo-cafe-para-casais-na-italia\\\/\",\"url\":\"https:\\\/\\\/schoenstatt.com\\\/pt-pt\\\/unidos-somos-mais-fortes-segundo-cafe-para-casais-na-italia\\\/\",\"name\":\"Unidos somos mais fortes: segundo Caf\u00e9 para casais na It\u00e1lia\",\"isPartOf\":{\"@id\":\"https:\\\/\\\/schoenstatt.com\\\/pt-pt\\\/#website\"},\"primaryImageOfPage\":{\"@id\":\"https:\\\/\\\/schoenstatt.com\\\/pt-pt\\\/unidos-somos-mais-fortes-segundo-cafe-para-casais-na-italia\\\/#primaryimage\"},\"image\":{\"@id\":\"https:\\\/\\\/schoenstatt.com\\\/pt-pt\\\/unidos-somos-mais-fortes-segundo-cafe-para-casais-na-italia\\\/#primaryimage\"},\"thumbnailUrl\":\"https:\\\/\\\/schoenstatt.com\\\/wp-content\\\/uploads\\\/2024\\\/03\\\/CoppieTerricciola_italia_2024-03-16-1.jpg\",\"datePublished\":\"2024-03-26T10:03:55+00:00\",\"dateModified\":\"2025-05-15T22:14:11+00:00\",\"description\":\"Sob o lema \u201cUnidos somos mais fortes\u201d, aconteceu o segundo Caf\u00e9 para casais na It\u00e1lia, com o objetivo de fortalecer os v\u00ednculos dos esposos.\",\"breadcrumb\":{\"@id\":\"https:\\\/\\\/schoenstatt.com\\\/pt-pt\\\/unidos-somos-mais-fortes-segundo-cafe-para-casais-na-italia\\\/#breadcrumb\"},\"inLanguage\":\"pt-PT\",\"potentialAction\":[{\"@type\":\"ReadAction\",\"target\":[\"https:\\\/\\\/schoenstatt.com\\\/pt-pt\\\/unidos-somos-mais-fortes-segundo-cafe-para-casais-na-italia\\\/\"]}]},{\"@type\":\"ImageObject\",\"inLanguage\":\"pt-PT\",\"@id\":\"https:\\\/\\\/schoenstatt.com\\\/pt-pt\\\/unidos-somos-mais-fortes-segundo-cafe-para-casais-na-italia\\\/#primaryimage\",\"url\":\"https:\\\/\\\/schoenstatt.com\\\/wp-content\\\/uploads\\\/2024\\\/03\\\/CoppieTerricciola_italia_2024-03-16-1.jpg\",\"contentUrl\":\"https:\\\/\\\/schoenstatt.com\\\/wp-content\\\/uploads\\\/2024\\\/03\\\/CoppieTerricciola_italia_2024-03-16-1.jpg\",\"width\":2048,\"height\":1210},{\"@type\":\"BreadcrumbList\",\"@id\":\"https:\\\/\\\/schoenstatt.com\\\/pt-pt\\\/unidos-somos-mais-fortes-segundo-cafe-para-casais-na-italia\\\/#breadcrumb\",\"itemListElement\":[{\"@type\":\"ListItem\",\"position\":1,\"name\":\"Portada\",\"item\":\"https:\\\/\\\/schoenstatt.com\\\/pt-pt\\\/home\\\/\"},{\"@type\":\"ListItem\",\"position\":2,\"name\":\"Unidos somos mais fortes: segundo Caf\u00e9 para casais na It\u00e1lia\"}]},{\"@type\":\"WebSite\",\"@id\":\"https:\\\/\\\/schoenstatt.com\\\/pt-pt\\\/#website\",\"url\":\"https:\\\/\\\/schoenstatt.com\\\/pt-pt\\\/\",\"name\":\"Schoenstatt\",\"description\":\"Apostolic Movement\",\"publisher\":{\"@id\":\"https:\\\/\\\/schoenstatt.com\\\/pt-pt\\\/#organization\"},\"potentialAction\":[{\"@type\":\"SearchAction\",\"target\":{\"@type\":\"EntryPoint\",\"urlTemplate\":\"https:\\\/\\\/schoenstatt.com\\\/pt-pt\\\/?s={search_term_string}\"},\"query-input\":{\"@type\":\"PropertyValueSpecification\",\"valueRequired\":true,\"valueName\":\"search_term_string\"}}],\"inLanguage\":\"pt-PT\"},{\"@type\":\"Organization\",\"@id\":\"https:\\\/\\\/schoenstatt.com\\\/pt-pt\\\/#organization\",\"name\":\"Schoenstatt\",\"url\":\"https:\\\/\\\/schoenstatt.com\\\/pt-pt\\\/\",\"logo\":{\"@type\":\"ImageObject\",\"inLanguage\":\"pt-PT\",\"@id\":\"https:\\\/\\\/schoenstatt.com\\\/pt-pt\\\/#\\\/schema\\\/logo\\\/image\\\/\",\"url\":\"https:\\\/\\\/schoenstatt.com\\\/wp-content\\\/uploads\\\/2025\\\/04\\\/logo-schoenstatt-white-696x696-1.png\",\"contentUrl\":\"https:\\\/\\\/schoenstatt.com\\\/wp-content\\\/uploads\\\/2025\\\/04\\\/logo-schoenstatt-white-696x696-1.png\",\"width\":696,\"height\":694,\"caption\":\"Schoenstatt\"},\"image\":{\"@id\":\"https:\\\/\\\/schoenstatt.com\\\/pt-pt\\\/#\\\/schema\\\/logo\\\/image\\\/\"}},{\"@type\":\"Person\",\"@id\":\"https:\\\/\\\/schoenstatt.com\\\/pt-pt\\\/#\\\/schema\\\/person\\\/5158877ad4acae98b34daaeef2a1ce6e\",\"name\":\"Karen Bueno\",\"image\":{\"@type\":\"ImageObject\",\"inLanguage\":\"pt-PT\",\"@id\":\"https:\\\/\\\/secure.gravatar.com\\\/avatar\\\/f9f4b823873154269d2b2130f195f6d41037dd0d7fc5f3cacb5c846bae70d66b?s=96&d=mm&r=g\",\"url\":\"https:\\\/\\\/secure.gravatar.com\\\/avatar\\\/f9f4b823873154269d2b2130f195f6d41037dd0d7fc5f3cacb5c846bae70d66b?s=96&d=mm&r=g\",\"contentUrl\":\"https:\\\/\\\/secure.gravatar.com\\\/avatar\\\/f9f4b823873154269d2b2130f195f6d41037dd0d7fc5f3cacb5c846bae70d66b?s=96&d=mm&r=g\",\"caption\":\"Karen Bueno\"},\"url\":\"https:\\\/\\\/schoenstatt.com\\\/pt-pt\\\/author\\\/karen-bueno\\\/\"}]}<\/script>\n<!-- \/ Yoast SEO Premium plugin. -->","yoast_head_json":{"title":"Unidos somos mais fortes: segundo Caf\u00e9 para casais na It\u00e1lia","description":"Sob o lema \u201cUnidos somos mais fortes\u201d, aconteceu o segundo Caf\u00e9 para casais na It\u00e1lia, com o objetivo de fortalecer os v\u00ednculos dos esposos.","robots":{"index":"index","follow":"follow","max-snippet":"max-snippet:-1","max-image-preview":"max-image-preview:large","max-video-preview":"max-video-preview:-1"},"canonical":"https:\/\/schoenstatt.com\/pt-pt\/unidos-somos-mais-fortes-segundo-cafe-para-casais-na-italia\/","og_locale":"pt_PT","og_type":"article","og_title":"Unidos somos mais fortes: segundo Caf\u00e9 para casais na It\u00e1lia","og_description":"Sob o lema \u201cUnidos somos mais fortes\u201d, aconteceu o segundo Caf\u00e9 para casais na It\u00e1lia, com o objetivo de fortalecer os v\u00ednculos dos esposos.","og_url":"https:\/\/schoenstatt.com\/pt-pt\/unidos-somos-mais-fortes-segundo-cafe-para-casais-na-italia\/","og_site_name":"Schoenstatt","article_published_time":"2024-03-26T10:03:55+00:00","article_modified_time":"2025-05-15T22:14:11+00:00","og_image":[{"width":2048,"height":1210,"url":"https:\/\/schoenstatt.com\/wp-content\/uploads\/2024\/03\/CoppieTerricciola_italia_2024-03-16-1.jpg","type":"image\/jpeg"}],"author":"Karen Bueno","twitter_card":"summary_large_image","twitter_misc":{"Escrito por":"Karen Bueno","Tempo estimado de leitura":"4 minutos"},"schema":{"@context":"https:\/\/schema.org","@graph":[{"@type":"Article","@id":"https:\/\/schoenstatt.com\/pt-pt\/unidos-somos-mais-fortes-segundo-cafe-para-casais-na-italia\/#article","isPartOf":{"@id":"https:\/\/schoenstatt.com\/pt-pt\/unidos-somos-mais-fortes-segundo-cafe-para-casais-na-italia\/"},"author":{"name":"Karen Bueno","@id":"https:\/\/schoenstatt.com\/pt-pt\/#\/schema\/person\/5158877ad4acae98b34daaeef2a1ce6e"},"headline":"Unidos somos mais fortes: segundo Caf\u00e9 para casais na It\u00e1lia","datePublished":"2024-03-26T10:03:55+00:00","dateModified":"2025-05-15T22:14:11+00:00","mainEntityOfPage":{"@id":"https:\/\/schoenstatt.com\/pt-pt\/unidos-somos-mais-fortes-segundo-cafe-para-casais-na-italia\/"},"wordCount":994,"publisher":{"@id":"https:\/\/schoenstatt.com\/pt-pt\/#organization"},"image":{"@id":"https:\/\/schoenstatt.com\/pt-pt\/unidos-somos-mais-fortes-segundo-cafe-para-casais-na-italia\/#primaryimage"},"thumbnailUrl":"https:\/\/schoenstatt.com\/wp-content\/uploads\/2024\/03\/CoppieTerricciola_italia_2024-03-16-1.jpg","articleSection":["Comunidades de Schoenstatt","Fam\u00edlia"],"inLanguage":"pt-PT"},{"@type":"WebPage","@id":"https:\/\/schoenstatt.com\/pt-pt\/unidos-somos-mais-fortes-segundo-cafe-para-casais-na-italia\/","url":"https:\/\/schoenstatt.com\/pt-pt\/unidos-somos-mais-fortes-segundo-cafe-para-casais-na-italia\/","name":"Unidos somos mais fortes: segundo Caf\u00e9 para casais na It\u00e1lia","isPartOf":{"@id":"https:\/\/schoenstatt.com\/pt-pt\/#website"},"primaryImageOfPage":{"@id":"https:\/\/schoenstatt.com\/pt-pt\/unidos-somos-mais-fortes-segundo-cafe-para-casais-na-italia\/#primaryimage"},"image":{"@id":"https:\/\/schoenstatt.com\/pt-pt\/unidos-somos-mais-fortes-segundo-cafe-para-casais-na-italia\/#primaryimage"},"thumbnailUrl":"https:\/\/schoenstatt.com\/wp-content\/uploads\/2024\/03\/CoppieTerricciola_italia_2024-03-16-1.jpg","datePublished":"2024-03-26T10:03:55+00:00","dateModified":"2025-05-15T22:14:11+00:00","description":"Sob o lema \u201cUnidos somos mais fortes\u201d, aconteceu o segundo Caf\u00e9 para casais na It\u00e1lia, com o objetivo de fortalecer os v\u00ednculos dos esposos.","breadcrumb":{"@id":"https:\/\/schoenstatt.com\/pt-pt\/unidos-somos-mais-fortes-segundo-cafe-para-casais-na-italia\/#breadcrumb"},"inLanguage":"pt-PT","potentialAction":[{"@type":"ReadAction","target":["https:\/\/schoenstatt.com\/pt-pt\/unidos-somos-mais-fortes-segundo-cafe-para-casais-na-italia\/"]}]},{"@type":"ImageObject","inLanguage":"pt-PT","@id":"https:\/\/schoenstatt.com\/pt-pt\/unidos-somos-mais-fortes-segundo-cafe-para-casais-na-italia\/#primaryimage","url":"https:\/\/schoenstatt.com\/wp-content\/uploads\/2024\/03\/CoppieTerricciola_italia_2024-03-16-1.jpg","contentUrl":"https:\/\/schoenstatt.com\/wp-content\/uploads\/2024\/03\/CoppieTerricciola_italia_2024-03-16-1.jpg","width":2048,"height":1210},{"@type":"BreadcrumbList","@id":"https:\/\/schoenstatt.com\/pt-pt\/unidos-somos-mais-fortes-segundo-cafe-para-casais-na-italia\/#breadcrumb","itemListElement":[{"@type":"ListItem","position":1,"name":"Portada","item":"https:\/\/schoenstatt.com\/pt-pt\/home\/"},{"@type":"ListItem","position":2,"name":"Unidos somos mais fortes: segundo Caf\u00e9 para casais na It\u00e1lia"}]},{"@type":"WebSite","@id":"https:\/\/schoenstatt.com\/pt-pt\/#website","url":"https:\/\/schoenstatt.com\/pt-pt\/","name":"Schoenstatt","description":"Apostolic Movement","publisher":{"@id":"https:\/\/schoenstatt.com\/pt-pt\/#organization"},"potentialAction":[{"@type":"SearchAction","target":{"@type":"EntryPoint","urlTemplate":"https:\/\/schoenstatt.com\/pt-pt\/?s={search_term_string}"},"query-input":{"@type":"PropertyValueSpecification","valueRequired":true,"valueName":"search_term_string"}}],"inLanguage":"pt-PT"},{"@type":"Organization","@id":"https:\/\/schoenstatt.com\/pt-pt\/#organization","name":"Schoenstatt","url":"https:\/\/schoenstatt.com\/pt-pt\/","logo":{"@type":"ImageObject","inLanguage":"pt-PT","@id":"https:\/\/schoenstatt.com\/pt-pt\/#\/schema\/logo\/image\/","url":"https:\/\/schoenstatt.com\/wp-content\/uploads\/2025\/04\/logo-schoenstatt-white-696x696-1.png","contentUrl":"https:\/\/schoenstatt.com\/wp-content\/uploads\/2025\/04\/logo-schoenstatt-white-696x696-1.png","width":696,"height":694,"caption":"Schoenstatt"},"image":{"@id":"https:\/\/schoenstatt.com\/pt-pt\/#\/schema\/logo\/image\/"}},{"@type":"Person","@id":"https:\/\/schoenstatt.com\/pt-pt\/#\/schema\/person\/5158877ad4acae98b34daaeef2a1ce6e","name":"Karen Bueno","image":{"@type":"ImageObject","inLanguage":"pt-PT","@id":"https:\/\/secure.gravatar.com\/avatar\/f9f4b823873154269d2b2130f195f6d41037dd0d7fc5f3cacb5c846bae70d66b?s=96&d=mm&r=g","url":"https:\/\/secure.gravatar.com\/avatar\/f9f4b823873154269d2b2130f195f6d41037dd0d7fc5f3cacb5c846bae70d66b?s=96&d=mm&r=g","contentUrl":"https:\/\/secure.gravatar.com\/avatar\/f9f4b823873154269d2b2130f195f6d41037dd0d7fc5f3cacb5c846bae70d66b?s=96&d=mm&r=g","caption":"Karen Bueno"},"url":"https:\/\/schoenstatt.com\/pt-pt\/author\/karen-bueno\/"}]}},"_links":{"self":[{"href":"https:\/\/schoenstatt.com\/pt-pt\/wp-json\/wp\/v2\/posts\/35244","targetHints":{"allow":["GET"]}}],"collection":[{"href":"https:\/\/schoenstatt.com\/pt-pt\/wp-json\/wp\/v2\/posts"}],"about":[{"href":"https:\/\/schoenstatt.com\/pt-pt\/wp-json\/wp\/v2\/types\/post"}],"author":[{"embeddable":true,"href":"https:\/\/schoenstatt.com\/pt-pt\/wp-json\/wp\/v2\/users\/3"}],"replies":[{"embeddable":true,"href":"https:\/\/schoenstatt.com\/pt-pt\/wp-json\/wp\/v2\/comments?post=35244"}],"version-history":[{"count":1,"href":"https:\/\/schoenstatt.com\/pt-pt\/wp-json\/wp\/v2\/posts\/35244\/revisions"}],"predecessor-version":[{"id":46771,"href":"https:\/\/schoenstatt.com\/pt-pt\/wp-json\/wp\/v2\/posts\/35244\/revisions\/46771"}],"wp:featuredmedia":[{"embeddable":true,"href":"https:\/\/schoenstatt.com\/pt-pt\/wp-json\/wp\/v2\/media\/35240"}],"wp:attachment":[{"href":"https:\/\/schoenstatt.com\/pt-pt\/wp-json\/wp\/v2\/media?parent=35244"}],"wp:term":[{"taxonomy":"category","embeddable":true,"href":"https:\/\/schoenstatt.com\/pt-pt\/wp-json\/wp\/v2\/categories?post=35244"},{"taxonomy":"post_tag","embeddable":true,"href":"https:\/\/schoenstatt.com\/pt-pt\/wp-json\/wp\/v2\/tags?post=35244"}],"curies":[{"name":"wp","href":"https:\/\/api.w.org\/{rel}","templated":true}]}}