{"id":35222,"date":"2024-03-22T11:12:57","date_gmt":"2024-03-22T10:12:57","guid":{"rendered":"https:\/\/schoenstatt.com\/espiritualidade\/iluminando-el-camino-hacia-el-31-de-mayo\/"},"modified":"2025-05-16T01:40:20","modified_gmt":"2025-05-15T23:40:20","slug":"iluminando-o-caminho-rumo-ao-31-de-maio","status":"publish","type":"post","link":"https:\/\/schoenstatt.com\/pt-pt\/iluminando-o-caminho-rumo-ao-31-de-maio\/","title":{"rendered":"Iluminando o caminho rumo ao 31 de Maio"},"content":{"rendered":"<p>Neste 19 de mar\u00e7o, Dia de S\u00e3o Jos\u00e9, o Secretariado Padre Kentenich do Equador organizou uma palestra online, chamada: Iluminando o caminho rumo ao 31 de Maio.<\/p>\n<p>Estamos pr\u00f3ximos de comemorar os 75 anos do <a href=\"https:\/\/schoenstatt.com\/pt-pt\/jubileu-75-anos-do-31-de-maio\/\">III Marco de Schoenstatt<\/a>: Na For\u00e7a Divina, e este jubileu nos desafia e nos convida a aprofundar o marco que nos d\u00e1 a miss\u00e3o de sermos portadores do carisma de nosso Pai e Fundador.<\/p>\n<p>A Ir. Mar\u00eda Auxiliadora Boh\u00f3rquez, superiora das Irm\u00e3s de Maria de Schoenstatt em Guayaquil, esteve intimamente envolvida, em 1999, na organiza\u00e7\u00e3o dos 50 anos do 31 de Maio no Chile. E hoje nos d\u00e1 um caminho a nos prepararmos para viver uma grande hora: os 75 anos do Terceiro Marco de Schoenstatt.<\/p>\n<h3>Ansiamos receber o poder desta miss\u00e3o<\/h3>\n<p>\u201c\u00c9 o marco da For\u00e7a Divina. Queremos <strong>ser parte desta hora<\/strong>, preparar-nos e participar dela, porque os marcos n\u00e3o s\u00e3o simples recorda\u00e7\u00f5es. S\u00e3o <strong>dep\u00f3sitos de gra\u00e7as atuais<\/strong>. N\u00f3s ansiamos receber a for\u00e7a divina, <strong>o poder desta miss\u00e3o<\/strong>, pois o necessitamos hoje e aqui\u201d, expressou a Irm\u00e3 na palestra.<\/p>\n<h2>Tr\u00eas dias de peregrina\u00e7\u00e3o em Bellavista<\/h2>\n<p>Neste encontro tamb\u00e9m participou o Pe. Gonzalo Illanes, Diretor Nacional do Movimento de Schoenstatt do Chile, que compartilhou detalhes importantes sobre o Jubileu dos 75 anos no dia 31 de maio.<\/p>\n<p>\u201cTemos mais de 700 inscritos, dos quais 150 s\u00e3o estrangeiros, o que \u00e9 uma grande not\u00edcia porque este \u00e9 um marco para a Fam\u00edlia inteira. Os grandes objetivos, ao celebrar o jubileu do 31 de Maio, foram definidos em tr\u00eas grandes conceitos para os tr\u00eas dias de peregrina\u00e7\u00e3o: Queremos <strong>peregrinar<\/strong>, para <strong>abrir o cora\u00e7\u00e3o<\/strong> e assim <strong>renovar a nossa Alian\u00e7a<\/strong>\u201d, afirmou Pe. Gonzalo.<\/p>\n<p>Ainda \u00e9 poss\u00edvel inscrever-se e viver esta experi\u00eancia que acender\u00e1 a Miss\u00e3o de Schoenstatt.<\/p>\n<p>\u201cAproveitar este jubileu significa explorar a riqueza do 31 de Maio. Entender esta miss\u00e3o, da qual as pessoas tanto necessitam hoje. Eu mesmo, aqueles que amo, aqueles que gostaria de atrair para a Alian\u00e7a. \u00c9 o que Jesus e Maria nos pedem para realizar\u201d, concluiu a Ir. Mar\u00eda Auxiliadora.<\/p>\n<p>Informa\u00e7\u00f5es sobre este evento internacional da Fam\u00edlia de Schoenstatt podem ser obtidas atrav\u00e9s deste portal: <a href=\"https:\/\/jubileo31demayo.schoenstatt.cl.\" target=\"_blank\" rel=\"noopener\">jubileo31demayo.schoenstatt.cl<\/a>.<\/p>\n<p><strong>A palestra online ainda est\u00e1 dispon\u00edvel no Youtube:<\/strong><\/p>\n<p style=\"text-align: center;\"><iframe title=\"YouTube video player\" src=\"https:\/\/www.youtube.com\/embed\/2ePaVWnQ16k?si=yc-wMkIHiCP3XS85\" width=\"560\" height=\"315\" frameborder=\"0\" allowfullscreen=\"allowfullscreen\"><\/iframe><\/p>\n","protected":false},"excerpt":{"rendered":"<p>A ess\u00eancia do terceiro marco hist\u00f3rico de Schoenstatt, a miss\u00e3o de 31 de Maio, est\u00e1 centrada na For\u00e7a Divina, que nos chama a ser Schoenstatt em sa\u00edda e a viver um mundo org\u00e2nico no pensar e no amar, como uma contribui\u00e7\u00e3o viva \u00e0 Igreja e para o mundo de hoje. Este jubileu nos desafia e nos convida a aprofundar a miss\u00e3o de sermos portadores do carisma do nosso Pai e Fundador.<\/p>\n","protected":false},"author":3,"featured_media":35183,"comment_status":"closed","ping_status":"closed","sticky":false,"template":"","format":"standard","meta":{"footnotes":""},"categories":[636,869],"tags":[],"class_list":["post-35222","post","type-post","status-publish","format-standard","has-post-thumbnail","hentry","category-eventos-pt-pt","category-paises-pt-pt"],"yoast_head":"<!-- This site is optimized with the Yoast SEO Premium plugin v27.4 (Yoast SEO v27.5) - https:\/\/yoast.com\/product\/yoast-seo-premium-wordpress\/ -->\n<title>Iluminando o caminho rumo ao 31 de Maio - Schoenstatt<\/title>\n<meta name=\"description\" content=\"O anivers\u00e1rio de 31 de maio nos desafia e nos convida a aprofundar a miss\u00e3o de sermos portadores do carisma do nosso Pai e Fundador.\" \/>\n<meta name=\"robots\" content=\"index, follow, max-snippet:-1, max-image-preview:large, max-video-preview:-1\" \/>\n<link rel=\"canonical\" href=\"https:\/\/schoenstatt.com\/pt-pt\/iluminando-o-caminho-rumo-ao-31-de-maio\/\" \/>\n<meta property=\"og:locale\" content=\"pt_PT\" \/>\n<meta property=\"og:type\" content=\"article\" \/>\n<meta property=\"og:title\" content=\"Iluminando o caminho rumo ao 31 de Maio\" \/>\n<meta property=\"og:description\" content=\"O anivers\u00e1rio de 31 de maio nos desafia e nos convida a aprofundar a miss\u00e3o de sermos portadores do carisma do nosso Pai e Fundador.\" \/>\n<meta property=\"og:url\" content=\"https:\/\/schoenstatt.com\/pt-pt\/iluminando-o-caminho-rumo-ao-31-de-maio\/\" \/>\n<meta property=\"og:site_name\" content=\"Schoenstatt\" \/>\n<meta property=\"article:published_time\" content=\"2024-03-22T10:12:57+00:00\" \/>\n<meta property=\"article:modified_time\" content=\"2025-05-15T23:40:20+00:00\" \/>\n<meta property=\"og:image\" content=\"https:\/\/schoenstatt.com\/wp-content\/uploads\/2024\/03\/31-de-mayo-1.jpg\" \/>\n\t<meta property=\"og:image:width\" content=\"1600\" \/>\n\t<meta property=\"og:image:height\" content=\"739\" \/>\n\t<meta property=\"og:image:type\" content=\"image\/jpeg\" \/>\n<meta name=\"author\" content=\"Karen Bueno\" \/>\n<meta name=\"twitter:card\" content=\"summary_large_image\" \/>\n<meta name=\"twitter:label1\" content=\"Escrito por\" \/>\n\t<meta name=\"twitter:data1\" content=\"Karen Bueno\" \/>\n\t<meta name=\"twitter:label2\" content=\"Tempo estimado de leitura\" \/>\n\t<meta name=\"twitter:data2\" content=\"2 minutos\" \/>\n<script type=\"application\/ld+json\" class=\"yoast-schema-graph\">{\"@context\":\"https:\\\/\\\/schema.org\",\"@graph\":[{\"@type\":\"Article\",\"@id\":\"https:\\\/\\\/schoenstatt.com\\\/pt-pt\\\/iluminando-o-caminho-rumo-ao-31-de-maio\\\/#article\",\"isPartOf\":{\"@id\":\"https:\\\/\\\/schoenstatt.com\\\/pt-pt\\\/iluminando-o-caminho-rumo-ao-31-de-maio\\\/\"},\"author\":{\"name\":\"Karen Bueno\",\"@id\":\"https:\\\/\\\/schoenstatt.com\\\/pt-pt\\\/#\\\/schema\\\/person\\\/5158877ad4acae98b34daaeef2a1ce6e\"},\"headline\":\"Iluminando o caminho rumo ao 31 de Maio\",\"datePublished\":\"2024-03-22T10:12:57+00:00\",\"dateModified\":\"2025-05-15T23:40:20+00:00\",\"mainEntityOfPage\":{\"@id\":\"https:\\\/\\\/schoenstatt.com\\\/pt-pt\\\/iluminando-o-caminho-rumo-ao-31-de-maio\\\/\"},\"wordCount\":395,\"publisher\":{\"@id\":\"https:\\\/\\\/schoenstatt.com\\\/pt-pt\\\/#organization\"},\"image\":{\"@id\":\"https:\\\/\\\/schoenstatt.com\\\/pt-pt\\\/iluminando-o-caminho-rumo-ao-31-de-maio\\\/#primaryimage\"},\"thumbnailUrl\":\"https:\\\/\\\/schoenstatt.com\\\/wp-content\\\/uploads\\\/2024\\\/03\\\/31-de-mayo-1.jpg\",\"articleSection\":[\"Eventos\",\"Pa\u00edses\"],\"inLanguage\":\"pt-PT\"},{\"@type\":\"WebPage\",\"@id\":\"https:\\\/\\\/schoenstatt.com\\\/pt-pt\\\/iluminando-o-caminho-rumo-ao-31-de-maio\\\/\",\"url\":\"https:\\\/\\\/schoenstatt.com\\\/pt-pt\\\/iluminando-o-caminho-rumo-ao-31-de-maio\\\/\",\"name\":\"Iluminando o caminho rumo ao 31 de Maio - Schoenstatt\",\"isPartOf\":{\"@id\":\"https:\\\/\\\/schoenstatt.com\\\/pt-pt\\\/#website\"},\"primaryImageOfPage\":{\"@id\":\"https:\\\/\\\/schoenstatt.com\\\/pt-pt\\\/iluminando-o-caminho-rumo-ao-31-de-maio\\\/#primaryimage\"},\"image\":{\"@id\":\"https:\\\/\\\/schoenstatt.com\\\/pt-pt\\\/iluminando-o-caminho-rumo-ao-31-de-maio\\\/#primaryimage\"},\"thumbnailUrl\":\"https:\\\/\\\/schoenstatt.com\\\/wp-content\\\/uploads\\\/2024\\\/03\\\/31-de-mayo-1.jpg\",\"datePublished\":\"2024-03-22T10:12:57+00:00\",\"dateModified\":\"2025-05-15T23:40:20+00:00\",\"description\":\"O anivers\u00e1rio de 31 de maio nos desafia e nos convida a aprofundar a miss\u00e3o de sermos portadores do carisma do nosso Pai e Fundador.\",\"breadcrumb\":{\"@id\":\"https:\\\/\\\/schoenstatt.com\\\/pt-pt\\\/iluminando-o-caminho-rumo-ao-31-de-maio\\\/#breadcrumb\"},\"inLanguage\":\"pt-PT\",\"potentialAction\":[{\"@type\":\"ReadAction\",\"target\":[\"https:\\\/\\\/schoenstatt.com\\\/pt-pt\\\/iluminando-o-caminho-rumo-ao-31-de-maio\\\/\"]}]},{\"@type\":\"ImageObject\",\"inLanguage\":\"pt-PT\",\"@id\":\"https:\\\/\\\/schoenstatt.com\\\/pt-pt\\\/iluminando-o-caminho-rumo-ao-31-de-maio\\\/#primaryimage\",\"url\":\"https:\\\/\\\/schoenstatt.com\\\/wp-content\\\/uploads\\\/2024\\\/03\\\/31-de-mayo-1.jpg\",\"contentUrl\":\"https:\\\/\\\/schoenstatt.com\\\/wp-content\\\/uploads\\\/2024\\\/03\\\/31-de-mayo-1.jpg\",\"width\":1600,\"height\":739},{\"@type\":\"BreadcrumbList\",\"@id\":\"https:\\\/\\\/schoenstatt.com\\\/pt-pt\\\/iluminando-o-caminho-rumo-ao-31-de-maio\\\/#breadcrumb\",\"itemListElement\":[{\"@type\":\"ListItem\",\"position\":1,\"name\":\"Portada\",\"item\":\"https:\\\/\\\/schoenstatt.com\\\/pt-pt\\\/home\\\/\"},{\"@type\":\"ListItem\",\"position\":2,\"name\":\"Iluminando o caminho rumo ao 31 de Maio\"}]},{\"@type\":\"WebSite\",\"@id\":\"https:\\\/\\\/schoenstatt.com\\\/pt-pt\\\/#website\",\"url\":\"https:\\\/\\\/schoenstatt.com\\\/pt-pt\\\/\",\"name\":\"Schoenstatt\",\"description\":\"Apostolic Movement\",\"publisher\":{\"@id\":\"https:\\\/\\\/schoenstatt.com\\\/pt-pt\\\/#organization\"},\"potentialAction\":[{\"@type\":\"SearchAction\",\"target\":{\"@type\":\"EntryPoint\",\"urlTemplate\":\"https:\\\/\\\/schoenstatt.com\\\/pt-pt\\\/?s={search_term_string}\"},\"query-input\":{\"@type\":\"PropertyValueSpecification\",\"valueRequired\":true,\"valueName\":\"search_term_string\"}}],\"inLanguage\":\"pt-PT\"},{\"@type\":\"Organization\",\"@id\":\"https:\\\/\\\/schoenstatt.com\\\/pt-pt\\\/#organization\",\"name\":\"Schoenstatt\",\"url\":\"https:\\\/\\\/schoenstatt.com\\\/pt-pt\\\/\",\"logo\":{\"@type\":\"ImageObject\",\"inLanguage\":\"pt-PT\",\"@id\":\"https:\\\/\\\/schoenstatt.com\\\/pt-pt\\\/#\\\/schema\\\/logo\\\/image\\\/\",\"url\":\"https:\\\/\\\/schoenstatt.com\\\/wp-content\\\/uploads\\\/2025\\\/04\\\/logo-schoenstatt-white-696x696-1.png\",\"contentUrl\":\"https:\\\/\\\/schoenstatt.com\\\/wp-content\\\/uploads\\\/2025\\\/04\\\/logo-schoenstatt-white-696x696-1.png\",\"width\":696,\"height\":694,\"caption\":\"Schoenstatt\"},\"image\":{\"@id\":\"https:\\\/\\\/schoenstatt.com\\\/pt-pt\\\/#\\\/schema\\\/logo\\\/image\\\/\"}},{\"@type\":\"Person\",\"@id\":\"https:\\\/\\\/schoenstatt.com\\\/pt-pt\\\/#\\\/schema\\\/person\\\/5158877ad4acae98b34daaeef2a1ce6e\",\"name\":\"Karen Bueno\",\"image\":{\"@type\":\"ImageObject\",\"inLanguage\":\"pt-PT\",\"@id\":\"https:\\\/\\\/secure.gravatar.com\\\/avatar\\\/f9f4b823873154269d2b2130f195f6d41037dd0d7fc5f3cacb5c846bae70d66b?s=96&d=mm&r=g\",\"url\":\"https:\\\/\\\/secure.gravatar.com\\\/avatar\\\/f9f4b823873154269d2b2130f195f6d41037dd0d7fc5f3cacb5c846bae70d66b?s=96&d=mm&r=g\",\"contentUrl\":\"https:\\\/\\\/secure.gravatar.com\\\/avatar\\\/f9f4b823873154269d2b2130f195f6d41037dd0d7fc5f3cacb5c846bae70d66b?s=96&d=mm&r=g\",\"caption\":\"Karen Bueno\"},\"url\":\"https:\\\/\\\/schoenstatt.com\\\/pt-pt\\\/author\\\/karen-bueno\\\/\"}]}<\/script>\n<!-- \/ Yoast SEO Premium plugin. -->","yoast_head_json":{"title":"Iluminando o caminho rumo ao 31 de Maio - Schoenstatt","description":"O anivers\u00e1rio de 31 de maio nos desafia e nos convida a aprofundar a miss\u00e3o de sermos portadores do carisma do nosso Pai e Fundador.","robots":{"index":"index","follow":"follow","max-snippet":"max-snippet:-1","max-image-preview":"max-image-preview:large","max-video-preview":"max-video-preview:-1"},"canonical":"https:\/\/schoenstatt.com\/pt-pt\/iluminando-o-caminho-rumo-ao-31-de-maio\/","og_locale":"pt_PT","og_type":"article","og_title":"Iluminando o caminho rumo ao 31 de Maio","og_description":"O anivers\u00e1rio de 31 de maio nos desafia e nos convida a aprofundar a miss\u00e3o de sermos portadores do carisma do nosso Pai e Fundador.","og_url":"https:\/\/schoenstatt.com\/pt-pt\/iluminando-o-caminho-rumo-ao-31-de-maio\/","og_site_name":"Schoenstatt","article_published_time":"2024-03-22T10:12:57+00:00","article_modified_time":"2025-05-15T23:40:20+00:00","og_image":[{"width":1600,"height":739,"url":"https:\/\/schoenstatt.com\/wp-content\/uploads\/2024\/03\/31-de-mayo-1.jpg","type":"image\/jpeg"}],"author":"Karen Bueno","twitter_card":"summary_large_image","twitter_misc":{"Escrito por":"Karen Bueno","Tempo estimado de leitura":"2 minutos"},"schema":{"@context":"https:\/\/schema.org","@graph":[{"@type":"Article","@id":"https:\/\/schoenstatt.com\/pt-pt\/iluminando-o-caminho-rumo-ao-31-de-maio\/#article","isPartOf":{"@id":"https:\/\/schoenstatt.com\/pt-pt\/iluminando-o-caminho-rumo-ao-31-de-maio\/"},"author":{"name":"Karen Bueno","@id":"https:\/\/schoenstatt.com\/pt-pt\/#\/schema\/person\/5158877ad4acae98b34daaeef2a1ce6e"},"headline":"Iluminando o caminho rumo ao 31 de Maio","datePublished":"2024-03-22T10:12:57+00:00","dateModified":"2025-05-15T23:40:20+00:00","mainEntityOfPage":{"@id":"https:\/\/schoenstatt.com\/pt-pt\/iluminando-o-caminho-rumo-ao-31-de-maio\/"},"wordCount":395,"publisher":{"@id":"https:\/\/schoenstatt.com\/pt-pt\/#organization"},"image":{"@id":"https:\/\/schoenstatt.com\/pt-pt\/iluminando-o-caminho-rumo-ao-31-de-maio\/#primaryimage"},"thumbnailUrl":"https:\/\/schoenstatt.com\/wp-content\/uploads\/2024\/03\/31-de-mayo-1.jpg","articleSection":["Eventos","Pa\u00edses"],"inLanguage":"pt-PT"},{"@type":"WebPage","@id":"https:\/\/schoenstatt.com\/pt-pt\/iluminando-o-caminho-rumo-ao-31-de-maio\/","url":"https:\/\/schoenstatt.com\/pt-pt\/iluminando-o-caminho-rumo-ao-31-de-maio\/","name":"Iluminando o caminho rumo ao 31 de Maio - Schoenstatt","isPartOf":{"@id":"https:\/\/schoenstatt.com\/pt-pt\/#website"},"primaryImageOfPage":{"@id":"https:\/\/schoenstatt.com\/pt-pt\/iluminando-o-caminho-rumo-ao-31-de-maio\/#primaryimage"},"image":{"@id":"https:\/\/schoenstatt.com\/pt-pt\/iluminando-o-caminho-rumo-ao-31-de-maio\/#primaryimage"},"thumbnailUrl":"https:\/\/schoenstatt.com\/wp-content\/uploads\/2024\/03\/31-de-mayo-1.jpg","datePublished":"2024-03-22T10:12:57+00:00","dateModified":"2025-05-15T23:40:20+00:00","description":"O anivers\u00e1rio de 31 de maio nos desafia e nos convida a aprofundar a miss\u00e3o de sermos portadores do carisma do nosso Pai e Fundador.","breadcrumb":{"@id":"https:\/\/schoenstatt.com\/pt-pt\/iluminando-o-caminho-rumo-ao-31-de-maio\/#breadcrumb"},"inLanguage":"pt-PT","potentialAction":[{"@type":"ReadAction","target":["https:\/\/schoenstatt.com\/pt-pt\/iluminando-o-caminho-rumo-ao-31-de-maio\/"]}]},{"@type":"ImageObject","inLanguage":"pt-PT","@id":"https:\/\/schoenstatt.com\/pt-pt\/iluminando-o-caminho-rumo-ao-31-de-maio\/#primaryimage","url":"https:\/\/schoenstatt.com\/wp-content\/uploads\/2024\/03\/31-de-mayo-1.jpg","contentUrl":"https:\/\/schoenstatt.com\/wp-content\/uploads\/2024\/03\/31-de-mayo-1.jpg","width":1600,"height":739},{"@type":"BreadcrumbList","@id":"https:\/\/schoenstatt.com\/pt-pt\/iluminando-o-caminho-rumo-ao-31-de-maio\/#breadcrumb","itemListElement":[{"@type":"ListItem","position":1,"name":"Portada","item":"https:\/\/schoenstatt.com\/pt-pt\/home\/"},{"@type":"ListItem","position":2,"name":"Iluminando o caminho rumo ao 31 de Maio"}]},{"@type":"WebSite","@id":"https:\/\/schoenstatt.com\/pt-pt\/#website","url":"https:\/\/schoenstatt.com\/pt-pt\/","name":"Schoenstatt","description":"Apostolic Movement","publisher":{"@id":"https:\/\/schoenstatt.com\/pt-pt\/#organization"},"potentialAction":[{"@type":"SearchAction","target":{"@type":"EntryPoint","urlTemplate":"https:\/\/schoenstatt.com\/pt-pt\/?s={search_term_string}"},"query-input":{"@type":"PropertyValueSpecification","valueRequired":true,"valueName":"search_term_string"}}],"inLanguage":"pt-PT"},{"@type":"Organization","@id":"https:\/\/schoenstatt.com\/pt-pt\/#organization","name":"Schoenstatt","url":"https:\/\/schoenstatt.com\/pt-pt\/","logo":{"@type":"ImageObject","inLanguage":"pt-PT","@id":"https:\/\/schoenstatt.com\/pt-pt\/#\/schema\/logo\/image\/","url":"https:\/\/schoenstatt.com\/wp-content\/uploads\/2025\/04\/logo-schoenstatt-white-696x696-1.png","contentUrl":"https:\/\/schoenstatt.com\/wp-content\/uploads\/2025\/04\/logo-schoenstatt-white-696x696-1.png","width":696,"height":694,"caption":"Schoenstatt"},"image":{"@id":"https:\/\/schoenstatt.com\/pt-pt\/#\/schema\/logo\/image\/"}},{"@type":"Person","@id":"https:\/\/schoenstatt.com\/pt-pt\/#\/schema\/person\/5158877ad4acae98b34daaeef2a1ce6e","name":"Karen Bueno","image":{"@type":"ImageObject","inLanguage":"pt-PT","@id":"https:\/\/secure.gravatar.com\/avatar\/f9f4b823873154269d2b2130f195f6d41037dd0d7fc5f3cacb5c846bae70d66b?s=96&d=mm&r=g","url":"https:\/\/secure.gravatar.com\/avatar\/f9f4b823873154269d2b2130f195f6d41037dd0d7fc5f3cacb5c846bae70d66b?s=96&d=mm&r=g","contentUrl":"https:\/\/secure.gravatar.com\/avatar\/f9f4b823873154269d2b2130f195f6d41037dd0d7fc5f3cacb5c846bae70d66b?s=96&d=mm&r=g","caption":"Karen Bueno"},"url":"https:\/\/schoenstatt.com\/pt-pt\/author\/karen-bueno\/"}]}},"_links":{"self":[{"href":"https:\/\/schoenstatt.com\/pt-pt\/wp-json\/wp\/v2\/posts\/35222","targetHints":{"allow":["GET"]}}],"collection":[{"href":"https:\/\/schoenstatt.com\/pt-pt\/wp-json\/wp\/v2\/posts"}],"about":[{"href":"https:\/\/schoenstatt.com\/pt-pt\/wp-json\/wp\/v2\/types\/post"}],"author":[{"embeddable":true,"href":"https:\/\/schoenstatt.com\/pt-pt\/wp-json\/wp\/v2\/users\/3"}],"replies":[{"embeddable":true,"href":"https:\/\/schoenstatt.com\/pt-pt\/wp-json\/wp\/v2\/comments?post=35222"}],"version-history":[{"count":1,"href":"https:\/\/schoenstatt.com\/pt-pt\/wp-json\/wp\/v2\/posts\/35222\/revisions"}],"predecessor-version":[{"id":46764,"href":"https:\/\/schoenstatt.com\/pt-pt\/wp-json\/wp\/v2\/posts\/35222\/revisions\/46764"}],"wp:featuredmedia":[{"embeddable":true,"href":"https:\/\/schoenstatt.com\/pt-pt\/wp-json\/wp\/v2\/media\/35183"}],"wp:attachment":[{"href":"https:\/\/schoenstatt.com\/pt-pt\/wp-json\/wp\/v2\/media?parent=35222"}],"wp:term":[{"taxonomy":"category","embeddable":true,"href":"https:\/\/schoenstatt.com\/pt-pt\/wp-json\/wp\/v2\/categories?post=35222"},{"taxonomy":"post_tag","embeddable":true,"href":"https:\/\/schoenstatt.com\/pt-pt\/wp-json\/wp\/v2\/tags?post=35222"}],"curies":[{"name":"wp","href":"https:\/\/api.w.org\/{rel}","templated":true}]}}