{"id":34712,"date":"2024-02-16T10:01:18","date_gmt":"2024-02-16T09:01:18","guid":{"rendered":"https:\/\/schoenstatt.com\/?p=34712"},"modified":"2025-05-16T01:40:26","modified_gmt":"2025-05-15T23:40:26","slug":"lideres-de-schoenstatt-da-italia-se-reunem-para-abrir-o-ano","status":"publish","type":"post","link":"https:\/\/schoenstatt.com\/pt-pt\/lideres-de-schoenstatt-da-italia-se-reunem-para-abrir-o-ano\/","title":{"rendered":"L\u00edderes de Schoenstatt da It\u00e1lia se re\u00fanem para abrir o ano"},"content":{"rendered":"<p>Nos dias 3 e 4 de fevereiro de 2024, dirigentes de diferentes regi\u00f5es italianas (Toscana, Em\u00edlia-Romagna, Sic\u00edlia, Puglia e Lazio) reuniram-se no <a href=\"https:\/\/www.roma-belmonte.info\/pt\/\" target=\"_blank\" rel=\"noopener\">Santu\u00e1rio de Schoenstatt de Belmonte<\/a>, em Roma.<\/p>\n<p>Os participantes passaram um belo fim de semana de retiro, em ora\u00e7\u00e3o e partilha.<\/p>\n<p>Nos diferentes grupos de trabalho refletiu-se sobre os aspectos positivos e os pontos desafiadores vividos no Movimento de Schoenstatt da It\u00e1lia. Surgiram novas resolu\u00e7\u00f5es para o ano em curso.<\/p>\n<h2>Com esp\u00edrito de instrumentos e os olhos na Provid\u00eancia<\/h2>\n<p>No domingo de manh\u00e3, o Pe. Facundo Bernabei, diretor nacional do Movimento de Schoenstatt da It\u00e1lia, enriqueceu o encontro com um estudo aprofundado sobre o tema da \u201c<a href=\"https:\/\/schoenstatt.com\/pt-pt\/about\/espiritualidade\/fe-pratica-na-divina-providencia\/\">F\u00e9 Pr\u00e1tica na Divina Provid\u00eancia<\/a>\u201d. Assim, foi destacada a import\u00e2ncia das duas leis indicadas pelo Pe. Kentenich para meditar sobre a a\u00e7\u00e3o de Deus na hist\u00f3ria da Fam\u00edlia de Schoenstatt: a \u201clei da porta aberta\u201d e a \u201clei da resultante criadora\u201d.<\/p>\n<p><img fetchpriority=\"high\" decoding=\"async\" class=\"aligncenter wp-image-34717 \" src=\"https:\/\/schoenstatt.com\/wp-content\/uploads\/2024\/02\/Schoenstatt-Italia-P-Facundo-Barnabei.jpg\" alt=\"\" width=\"920\" height=\"690\" \/><\/p>\n<p>Pode-se dizer que durante o retiro cada participante escutou a Palavra do Senhor como Samuel: \u201cFala Senhor, que o Teu servo escuta\u201d.<\/p>\n<p>Conscientes dos desafios, mas confiantes na Divina Provid\u00eancia e fortes nos v\u00ednculos fraternos, os participantes despediram-se para regressar \u00e0 casa cheios de novas energias e alegria.<\/p>\n<h2>O s\u00edmbolo escolhido: a \u00e1rvore<\/h2>\n<p>A jovem Rossella Minici resume:<\/p>\n<p>\u201cA Jornada de Dirigentes, no in\u00edcio de fevereiro, transcorreu da melhor maneira poss\u00edvel. O acento da reuni\u00e3o foi o entusiasmo e a alegria de compartilhar novos projetos e resolu\u00e7\u00f5es, em vista do ano jubilar que se aproxima.<\/p>\n<p>Houve v\u00e1rios momentos em grupo, intercalados com testemunhos e partilhas propostos pelos representantes de cada grupo. Foram discutidos alguns pontos bem definidos: pontos cr\u00edticos, pontos fortes de iniciativas passadas e\/ou atuais, bem como propostas a serem trabalhadas.<\/p>\n<p>Os resultados dessas an\u00e1lises de grupo foram diferenciados, mas n\u00e3o divergentes. Os pontos que ressaltam motivos de orgulho e gratid\u00e3o, por exemplo, incluem: os eventos de forma\u00e7\u00e3o, o desejo de crescimento espiritual\/individual, as diversas iniciativas nas par\u00f3quias\/comunidades e o relacionamento notavelmente positivo com os bispos.<\/p>\n<p>O s\u00edmbolo desse projeto, decidido em unanimidade entre todos, \u00e9 a \u00e1rvore, representa\u00e7\u00e3o de alimento e desejo de forma\u00e7\u00e3o. Como uma \u00e1rvore que d\u00e1 abrigo aos p\u00e1ssaros e sustento com seus frutos, queremos oferecer espa\u00e7o para o conv\u00edvio e sementes de vida espiritual. Sobre tais premissas e inten\u00e7\u00f5es se baseia a nossa proclama\u00e7\u00e3o mariana\u201d.<\/p>\n<p><img decoding=\"async\" class=\"aligncenter wp-image-34721 \" src=\"https:\/\/schoenstatt.com\/wp-content\/uploads\/2024\/02\/mae-virgen-peregrina-pilgrim-pilgerheiligtum.jpeg\" alt=\"\" width=\"500\" height=\"666\" \/><\/p>\n<p><strong>Durante o encontro, foram divulgadas algumas not\u00edcias para o ano de 2024-2025:<\/strong><\/p>\n<p>&#8211; O in\u00edcio de uma forma\u00e7\u00e3o online sobre Schoenstatt em toda a It\u00e1lia, a partir de fevereiro de 2024<br \/>\n&#8211; O Jubileu, em 2024, da M\u00e3e Peregrina na It\u00e1lia<br \/>\n&#8211; A Campanha da M\u00e3e Peregrina Internacional celebrar\u00e1 seus 75 anos em 10 de setembro de 2025, no Brasil (como \u201cmission\u00e1rios da Esperan\u00e7a\u201d)<br \/>\n&#8211; A coroa\u00e7\u00e3o em 2025 de \u201cMaria, M\u00e3e da Igreja\u201d, no Santu\u00e1rio de Belmonte.<\/p>\n","protected":false},"excerpt":{"rendered":"<p>Criar ra\u00edzes e crescer rumo ao c\u00e9u, esse \u00e9 o desejo dos dirigentes do Movimento de Schoenstatt da It\u00e1lia, reunidos recentemente em seu encontro anual.<\/p>\n","protected":false},"author":3,"featured_media":34713,"comment_status":"closed","ping_status":"closed","sticky":false,"template":"","format":"standard","meta":{"footnotes":""},"categories":[636,869],"tags":[],"class_list":["post-34712","post","type-post","status-publish","format-standard","has-post-thumbnail","hentry","category-eventos-pt-pt","category-paises-pt-pt"],"yoast_head":"<!-- This site is optimized with the Yoast SEO Premium plugin v27.4 (Yoast SEO v27.5) - https:\/\/yoast.com\/product\/yoast-seo-premium-wordpress\/ -->\n<title>L\u00edderes de Schoenstatt da It\u00e1lia se re\u00fanem para abrir o ano<\/title>\n<meta name=\"description\" content=\"Criar ra\u00edzes e crescer rumo ao c\u00e9u, esse \u00e9 o desejo dos dirigentes do Movimento de Schoenstatt da It\u00e1lia na sua jornada anual.\" \/>\n<meta name=\"robots\" content=\"index, follow, max-snippet:-1, max-image-preview:large, max-video-preview:-1\" \/>\n<link rel=\"canonical\" href=\"https:\/\/schoenstatt.com\/pt-pt\/lideres-de-schoenstatt-da-italia-se-reunem-para-abrir-o-ano\/\" \/>\n<meta property=\"og:locale\" content=\"pt_PT\" \/>\n<meta property=\"og:type\" content=\"article\" \/>\n<meta property=\"og:title\" content=\"L\u00edderes de Schoenstatt da It\u00e1lia se re\u00fanem para abrir o ano\" \/>\n<meta property=\"og:description\" content=\"Criar ra\u00edzes e crescer rumo ao c\u00e9u, esse \u00e9 o desejo dos dirigentes do Movimento de Schoenstatt da It\u00e1lia na sua jornada anual.\" \/>\n<meta property=\"og:url\" content=\"https:\/\/schoenstatt.com\/pt-pt\/lideres-de-schoenstatt-da-italia-se-reunem-para-abrir-o-ano\/\" \/>\n<meta property=\"og:site_name\" content=\"Schoenstatt\" \/>\n<meta property=\"article:published_time\" content=\"2024-02-16T09:01:18+00:00\" \/>\n<meta property=\"article:modified_time\" content=\"2025-05-15T23:40:26+00:00\" \/>\n<meta property=\"og:image\" content=\"https:\/\/schoenstatt.com\/wp-content\/uploads\/2024\/02\/Schoenstatt-Italia-1.jpeg\" \/>\n\t<meta property=\"og:image:width\" content=\"1448\" \/>\n\t<meta property=\"og:image:height\" content=\"1086\" \/>\n\t<meta property=\"og:image:type\" content=\"image\/jpeg\" \/>\n<meta name=\"author\" content=\"Karen Bueno\" \/>\n<meta name=\"twitter:card\" content=\"summary_large_image\" \/>\n<meta name=\"twitter:label1\" content=\"Escrito por\" \/>\n\t<meta name=\"twitter:data1\" content=\"Karen Bueno\" \/>\n\t<meta name=\"twitter:label2\" content=\"Tempo estimado de leitura\" \/>\n\t<meta name=\"twitter:data2\" content=\"3 minutos\" \/>\n<script type=\"application\/ld+json\" class=\"yoast-schema-graph\">{\"@context\":\"https:\\\/\\\/schema.org\",\"@graph\":[{\"@type\":\"Article\",\"@id\":\"https:\\\/\\\/schoenstatt.com\\\/pt-pt\\\/lideres-de-schoenstatt-da-italia-se-reunem-para-abrir-o-ano\\\/#article\",\"isPartOf\":{\"@id\":\"https:\\\/\\\/schoenstatt.com\\\/pt-pt\\\/lideres-de-schoenstatt-da-italia-se-reunem-para-abrir-o-ano\\\/\"},\"author\":{\"name\":\"Karen Bueno\",\"@id\":\"https:\\\/\\\/schoenstatt.com\\\/pt-pt\\\/#\\\/schema\\\/person\\\/5158877ad4acae98b34daaeef2a1ce6e\"},\"headline\":\"L\u00edderes de Schoenstatt da It\u00e1lia se re\u00fanem para abrir o ano\",\"datePublished\":\"2024-02-16T09:01:18+00:00\",\"dateModified\":\"2025-05-15T23:40:26+00:00\",\"mainEntityOfPage\":{\"@id\":\"https:\\\/\\\/schoenstatt.com\\\/pt-pt\\\/lideres-de-schoenstatt-da-italia-se-reunem-para-abrir-o-ano\\\/\"},\"wordCount\":514,\"publisher\":{\"@id\":\"https:\\\/\\\/schoenstatt.com\\\/pt-pt\\\/#organization\"},\"image\":{\"@id\":\"https:\\\/\\\/schoenstatt.com\\\/pt-pt\\\/lideres-de-schoenstatt-da-italia-se-reunem-para-abrir-o-ano\\\/#primaryimage\"},\"thumbnailUrl\":\"https:\\\/\\\/schoenstatt.com\\\/wp-content\\\/uploads\\\/2024\\\/02\\\/Schoenstatt-Italia-1.jpeg\",\"articleSection\":[\"Eventos\",\"Pa\u00edses\"],\"inLanguage\":\"pt-PT\"},{\"@type\":\"WebPage\",\"@id\":\"https:\\\/\\\/schoenstatt.com\\\/pt-pt\\\/lideres-de-schoenstatt-da-italia-se-reunem-para-abrir-o-ano\\\/\",\"url\":\"https:\\\/\\\/schoenstatt.com\\\/pt-pt\\\/lideres-de-schoenstatt-da-italia-se-reunem-para-abrir-o-ano\\\/\",\"name\":\"L\u00edderes de Schoenstatt da It\u00e1lia se re\u00fanem para abrir o ano\",\"isPartOf\":{\"@id\":\"https:\\\/\\\/schoenstatt.com\\\/pt-pt\\\/#website\"},\"primaryImageOfPage\":{\"@id\":\"https:\\\/\\\/schoenstatt.com\\\/pt-pt\\\/lideres-de-schoenstatt-da-italia-se-reunem-para-abrir-o-ano\\\/#primaryimage\"},\"image\":{\"@id\":\"https:\\\/\\\/schoenstatt.com\\\/pt-pt\\\/lideres-de-schoenstatt-da-italia-se-reunem-para-abrir-o-ano\\\/#primaryimage\"},\"thumbnailUrl\":\"https:\\\/\\\/schoenstatt.com\\\/wp-content\\\/uploads\\\/2024\\\/02\\\/Schoenstatt-Italia-1.jpeg\",\"datePublished\":\"2024-02-16T09:01:18+00:00\",\"dateModified\":\"2025-05-15T23:40:26+00:00\",\"description\":\"Criar ra\u00edzes e crescer rumo ao c\u00e9u, esse \u00e9 o desejo dos dirigentes do Movimento de Schoenstatt da It\u00e1lia na sua jornada anual.\",\"breadcrumb\":{\"@id\":\"https:\\\/\\\/schoenstatt.com\\\/pt-pt\\\/lideres-de-schoenstatt-da-italia-se-reunem-para-abrir-o-ano\\\/#breadcrumb\"},\"inLanguage\":\"pt-PT\",\"potentialAction\":[{\"@type\":\"ReadAction\",\"target\":[\"https:\\\/\\\/schoenstatt.com\\\/pt-pt\\\/lideres-de-schoenstatt-da-italia-se-reunem-para-abrir-o-ano\\\/\"]}]},{\"@type\":\"ImageObject\",\"inLanguage\":\"pt-PT\",\"@id\":\"https:\\\/\\\/schoenstatt.com\\\/pt-pt\\\/lideres-de-schoenstatt-da-italia-se-reunem-para-abrir-o-ano\\\/#primaryimage\",\"url\":\"https:\\\/\\\/schoenstatt.com\\\/wp-content\\\/uploads\\\/2024\\\/02\\\/Schoenstatt-Italia-1.jpeg\",\"contentUrl\":\"https:\\\/\\\/schoenstatt.com\\\/wp-content\\\/uploads\\\/2024\\\/02\\\/Schoenstatt-Italia-1.jpeg\",\"width\":1448,\"height\":1086},{\"@type\":\"BreadcrumbList\",\"@id\":\"https:\\\/\\\/schoenstatt.com\\\/pt-pt\\\/lideres-de-schoenstatt-da-italia-se-reunem-para-abrir-o-ano\\\/#breadcrumb\",\"itemListElement\":[{\"@type\":\"ListItem\",\"position\":1,\"name\":\"Portada\",\"item\":\"https:\\\/\\\/schoenstatt.com\\\/pt-pt\\\/home\\\/\"},{\"@type\":\"ListItem\",\"position\":2,\"name\":\"L\u00edderes de Schoenstatt da It\u00e1lia se re\u00fanem para abrir o ano\"}]},{\"@type\":\"WebSite\",\"@id\":\"https:\\\/\\\/schoenstatt.com\\\/pt-pt\\\/#website\",\"url\":\"https:\\\/\\\/schoenstatt.com\\\/pt-pt\\\/\",\"name\":\"Schoenstatt\",\"description\":\"Apostolic Movement\",\"publisher\":{\"@id\":\"https:\\\/\\\/schoenstatt.com\\\/pt-pt\\\/#organization\"},\"potentialAction\":[{\"@type\":\"SearchAction\",\"target\":{\"@type\":\"EntryPoint\",\"urlTemplate\":\"https:\\\/\\\/schoenstatt.com\\\/pt-pt\\\/?s={search_term_string}\"},\"query-input\":{\"@type\":\"PropertyValueSpecification\",\"valueRequired\":true,\"valueName\":\"search_term_string\"}}],\"inLanguage\":\"pt-PT\"},{\"@type\":\"Organization\",\"@id\":\"https:\\\/\\\/schoenstatt.com\\\/pt-pt\\\/#organization\",\"name\":\"Schoenstatt\",\"url\":\"https:\\\/\\\/schoenstatt.com\\\/pt-pt\\\/\",\"logo\":{\"@type\":\"ImageObject\",\"inLanguage\":\"pt-PT\",\"@id\":\"https:\\\/\\\/schoenstatt.com\\\/pt-pt\\\/#\\\/schema\\\/logo\\\/image\\\/\",\"url\":\"https:\\\/\\\/schoenstatt.com\\\/wp-content\\\/uploads\\\/2025\\\/04\\\/logo-schoenstatt-white-696x696-1.png\",\"contentUrl\":\"https:\\\/\\\/schoenstatt.com\\\/wp-content\\\/uploads\\\/2025\\\/04\\\/logo-schoenstatt-white-696x696-1.png\",\"width\":696,\"height\":694,\"caption\":\"Schoenstatt\"},\"image\":{\"@id\":\"https:\\\/\\\/schoenstatt.com\\\/pt-pt\\\/#\\\/schema\\\/logo\\\/image\\\/\"}},{\"@type\":\"Person\",\"@id\":\"https:\\\/\\\/schoenstatt.com\\\/pt-pt\\\/#\\\/schema\\\/person\\\/5158877ad4acae98b34daaeef2a1ce6e\",\"name\":\"Karen Bueno\",\"image\":{\"@type\":\"ImageObject\",\"inLanguage\":\"pt-PT\",\"@id\":\"https:\\\/\\\/secure.gravatar.com\\\/avatar\\\/f9f4b823873154269d2b2130f195f6d41037dd0d7fc5f3cacb5c846bae70d66b?s=96&d=mm&r=g\",\"url\":\"https:\\\/\\\/secure.gravatar.com\\\/avatar\\\/f9f4b823873154269d2b2130f195f6d41037dd0d7fc5f3cacb5c846bae70d66b?s=96&d=mm&r=g\",\"contentUrl\":\"https:\\\/\\\/secure.gravatar.com\\\/avatar\\\/f9f4b823873154269d2b2130f195f6d41037dd0d7fc5f3cacb5c846bae70d66b?s=96&d=mm&r=g\",\"caption\":\"Karen Bueno\"},\"url\":\"https:\\\/\\\/schoenstatt.com\\\/pt-pt\\\/author\\\/karen-bueno\\\/\"}]}<\/script>\n<!-- \/ Yoast SEO Premium plugin. -->","yoast_head_json":{"title":"L\u00edderes de Schoenstatt da It\u00e1lia se re\u00fanem para abrir o ano","description":"Criar ra\u00edzes e crescer rumo ao c\u00e9u, esse \u00e9 o desejo dos dirigentes do Movimento de Schoenstatt da It\u00e1lia na sua jornada anual.","robots":{"index":"index","follow":"follow","max-snippet":"max-snippet:-1","max-image-preview":"max-image-preview:large","max-video-preview":"max-video-preview:-1"},"canonical":"https:\/\/schoenstatt.com\/pt-pt\/lideres-de-schoenstatt-da-italia-se-reunem-para-abrir-o-ano\/","og_locale":"pt_PT","og_type":"article","og_title":"L\u00edderes de Schoenstatt da It\u00e1lia se re\u00fanem para abrir o ano","og_description":"Criar ra\u00edzes e crescer rumo ao c\u00e9u, esse \u00e9 o desejo dos dirigentes do Movimento de Schoenstatt da It\u00e1lia na sua jornada anual.","og_url":"https:\/\/schoenstatt.com\/pt-pt\/lideres-de-schoenstatt-da-italia-se-reunem-para-abrir-o-ano\/","og_site_name":"Schoenstatt","article_published_time":"2024-02-16T09:01:18+00:00","article_modified_time":"2025-05-15T23:40:26+00:00","og_image":[{"width":1448,"height":1086,"url":"https:\/\/schoenstatt.com\/wp-content\/uploads\/2024\/02\/Schoenstatt-Italia-1.jpeg","type":"image\/jpeg"}],"author":"Karen Bueno","twitter_card":"summary_large_image","twitter_misc":{"Escrito por":"Karen Bueno","Tempo estimado de leitura":"3 minutos"},"schema":{"@context":"https:\/\/schema.org","@graph":[{"@type":"Article","@id":"https:\/\/schoenstatt.com\/pt-pt\/lideres-de-schoenstatt-da-italia-se-reunem-para-abrir-o-ano\/#article","isPartOf":{"@id":"https:\/\/schoenstatt.com\/pt-pt\/lideres-de-schoenstatt-da-italia-se-reunem-para-abrir-o-ano\/"},"author":{"name":"Karen Bueno","@id":"https:\/\/schoenstatt.com\/pt-pt\/#\/schema\/person\/5158877ad4acae98b34daaeef2a1ce6e"},"headline":"L\u00edderes de Schoenstatt da It\u00e1lia se re\u00fanem para abrir o ano","datePublished":"2024-02-16T09:01:18+00:00","dateModified":"2025-05-15T23:40:26+00:00","mainEntityOfPage":{"@id":"https:\/\/schoenstatt.com\/pt-pt\/lideres-de-schoenstatt-da-italia-se-reunem-para-abrir-o-ano\/"},"wordCount":514,"publisher":{"@id":"https:\/\/schoenstatt.com\/pt-pt\/#organization"},"image":{"@id":"https:\/\/schoenstatt.com\/pt-pt\/lideres-de-schoenstatt-da-italia-se-reunem-para-abrir-o-ano\/#primaryimage"},"thumbnailUrl":"https:\/\/schoenstatt.com\/wp-content\/uploads\/2024\/02\/Schoenstatt-Italia-1.jpeg","articleSection":["Eventos","Pa\u00edses"],"inLanguage":"pt-PT"},{"@type":"WebPage","@id":"https:\/\/schoenstatt.com\/pt-pt\/lideres-de-schoenstatt-da-italia-se-reunem-para-abrir-o-ano\/","url":"https:\/\/schoenstatt.com\/pt-pt\/lideres-de-schoenstatt-da-italia-se-reunem-para-abrir-o-ano\/","name":"L\u00edderes de Schoenstatt da It\u00e1lia se re\u00fanem para abrir o ano","isPartOf":{"@id":"https:\/\/schoenstatt.com\/pt-pt\/#website"},"primaryImageOfPage":{"@id":"https:\/\/schoenstatt.com\/pt-pt\/lideres-de-schoenstatt-da-italia-se-reunem-para-abrir-o-ano\/#primaryimage"},"image":{"@id":"https:\/\/schoenstatt.com\/pt-pt\/lideres-de-schoenstatt-da-italia-se-reunem-para-abrir-o-ano\/#primaryimage"},"thumbnailUrl":"https:\/\/schoenstatt.com\/wp-content\/uploads\/2024\/02\/Schoenstatt-Italia-1.jpeg","datePublished":"2024-02-16T09:01:18+00:00","dateModified":"2025-05-15T23:40:26+00:00","description":"Criar ra\u00edzes e crescer rumo ao c\u00e9u, esse \u00e9 o desejo dos dirigentes do Movimento de Schoenstatt da It\u00e1lia na sua jornada anual.","breadcrumb":{"@id":"https:\/\/schoenstatt.com\/pt-pt\/lideres-de-schoenstatt-da-italia-se-reunem-para-abrir-o-ano\/#breadcrumb"},"inLanguage":"pt-PT","potentialAction":[{"@type":"ReadAction","target":["https:\/\/schoenstatt.com\/pt-pt\/lideres-de-schoenstatt-da-italia-se-reunem-para-abrir-o-ano\/"]}]},{"@type":"ImageObject","inLanguage":"pt-PT","@id":"https:\/\/schoenstatt.com\/pt-pt\/lideres-de-schoenstatt-da-italia-se-reunem-para-abrir-o-ano\/#primaryimage","url":"https:\/\/schoenstatt.com\/wp-content\/uploads\/2024\/02\/Schoenstatt-Italia-1.jpeg","contentUrl":"https:\/\/schoenstatt.com\/wp-content\/uploads\/2024\/02\/Schoenstatt-Italia-1.jpeg","width":1448,"height":1086},{"@type":"BreadcrumbList","@id":"https:\/\/schoenstatt.com\/pt-pt\/lideres-de-schoenstatt-da-italia-se-reunem-para-abrir-o-ano\/#breadcrumb","itemListElement":[{"@type":"ListItem","position":1,"name":"Portada","item":"https:\/\/schoenstatt.com\/pt-pt\/home\/"},{"@type":"ListItem","position":2,"name":"L\u00edderes de Schoenstatt da It\u00e1lia se re\u00fanem para abrir o ano"}]},{"@type":"WebSite","@id":"https:\/\/schoenstatt.com\/pt-pt\/#website","url":"https:\/\/schoenstatt.com\/pt-pt\/","name":"Schoenstatt","description":"Apostolic Movement","publisher":{"@id":"https:\/\/schoenstatt.com\/pt-pt\/#organization"},"potentialAction":[{"@type":"SearchAction","target":{"@type":"EntryPoint","urlTemplate":"https:\/\/schoenstatt.com\/pt-pt\/?s={search_term_string}"},"query-input":{"@type":"PropertyValueSpecification","valueRequired":true,"valueName":"search_term_string"}}],"inLanguage":"pt-PT"},{"@type":"Organization","@id":"https:\/\/schoenstatt.com\/pt-pt\/#organization","name":"Schoenstatt","url":"https:\/\/schoenstatt.com\/pt-pt\/","logo":{"@type":"ImageObject","inLanguage":"pt-PT","@id":"https:\/\/schoenstatt.com\/pt-pt\/#\/schema\/logo\/image\/","url":"https:\/\/schoenstatt.com\/wp-content\/uploads\/2025\/04\/logo-schoenstatt-white-696x696-1.png","contentUrl":"https:\/\/schoenstatt.com\/wp-content\/uploads\/2025\/04\/logo-schoenstatt-white-696x696-1.png","width":696,"height":694,"caption":"Schoenstatt"},"image":{"@id":"https:\/\/schoenstatt.com\/pt-pt\/#\/schema\/logo\/image\/"}},{"@type":"Person","@id":"https:\/\/schoenstatt.com\/pt-pt\/#\/schema\/person\/5158877ad4acae98b34daaeef2a1ce6e","name":"Karen Bueno","image":{"@type":"ImageObject","inLanguage":"pt-PT","@id":"https:\/\/secure.gravatar.com\/avatar\/f9f4b823873154269d2b2130f195f6d41037dd0d7fc5f3cacb5c846bae70d66b?s=96&d=mm&r=g","url":"https:\/\/secure.gravatar.com\/avatar\/f9f4b823873154269d2b2130f195f6d41037dd0d7fc5f3cacb5c846bae70d66b?s=96&d=mm&r=g","contentUrl":"https:\/\/secure.gravatar.com\/avatar\/f9f4b823873154269d2b2130f195f6d41037dd0d7fc5f3cacb5c846bae70d66b?s=96&d=mm&r=g","caption":"Karen Bueno"},"url":"https:\/\/schoenstatt.com\/pt-pt\/author\/karen-bueno\/"}]}},"_links":{"self":[{"href":"https:\/\/schoenstatt.com\/pt-pt\/wp-json\/wp\/v2\/posts\/34712","targetHints":{"allow":["GET"]}}],"collection":[{"href":"https:\/\/schoenstatt.com\/pt-pt\/wp-json\/wp\/v2\/posts"}],"about":[{"href":"https:\/\/schoenstatt.com\/pt-pt\/wp-json\/wp\/v2\/types\/post"}],"author":[{"embeddable":true,"href":"https:\/\/schoenstatt.com\/pt-pt\/wp-json\/wp\/v2\/users\/3"}],"replies":[{"embeddable":true,"href":"https:\/\/schoenstatt.com\/pt-pt\/wp-json\/wp\/v2\/comments?post=34712"}],"version-history":[{"count":1,"href":"https:\/\/schoenstatt.com\/pt-pt\/wp-json\/wp\/v2\/posts\/34712\/revisions"}],"predecessor-version":[{"id":46676,"href":"https:\/\/schoenstatt.com\/pt-pt\/wp-json\/wp\/v2\/posts\/34712\/revisions\/46676"}],"wp:featuredmedia":[{"embeddable":true,"href":"https:\/\/schoenstatt.com\/pt-pt\/wp-json\/wp\/v2\/media\/34713"}],"wp:attachment":[{"href":"https:\/\/schoenstatt.com\/pt-pt\/wp-json\/wp\/v2\/media?parent=34712"}],"wp:term":[{"taxonomy":"category","embeddable":true,"href":"https:\/\/schoenstatt.com\/pt-pt\/wp-json\/wp\/v2\/categories?post=34712"},{"taxonomy":"post_tag","embeddable":true,"href":"https:\/\/schoenstatt.com\/pt-pt\/wp-json\/wp\/v2\/tags?post=34712"}],"curies":[{"name":"wp","href":"https:\/\/api.w.org\/{rel}","templated":true}]}}