{"id":34694,"date":"2024-02-14T06:03:29","date_gmt":"2024-02-14T05:03:29","guid":{"rendered":"https:\/\/schoenstatt.com\/?p=34694"},"modified":"2025-05-16T00:29:07","modified_gmt":"2025-05-15T22:29:07","slug":"comecam-40-dias-de-uma-aventura-dada-por-deus","status":"publish","type":"post","link":"https:\/\/schoenstatt.com\/pt-pt\/comecam-40-dias-de-uma-aventura-dada-por-deus\/","title":{"rendered":"Come\u00e7am 40 dias de uma aventura dada por Deus"},"content":{"rendered":"<p>Come\u00e7a a Quaresma e penso na ternura e na miseric\u00f3rdia de Deus. Este tempo de deserto \u00e9 um tempo de miseric\u00f3rdia. Deus me olha comovido, compassivo e me ama como sou, sem condi\u00e7\u00f5es. Entra na minha vida para que ela possa mudar e ser melhor.<\/p>\n<p>Com a <strong>Quarta-feira de Cinzas<\/strong> come\u00e7a um novo caminho pelo deserto. Por que preciso das cinzas para caminhar? Eu poderia come\u00e7ar sem precisar que ningu\u00e9m as colocasse sobre a minha cabe\u00e7a. As cinzas me falam de morte, de esquecimento, de fogo consumido, de vida destru\u00edda, de solid\u00e3o, de desamparo. Que necessidade tenho de me cobrir de cinzas? Para que eu preciso delas?<\/p>\n<h2>Por que recebemos cinzas no in\u00edcio da Quaresma?<\/h2>\n<p>Li um poema que me traz luz sobre este primeiro dia da minha Quaresma: <em>\u201cOs meus dias s\u00e3o folhas verdes. Folhas que caem cada outono. S\u00e3o \u00e1rvores que se elevam e ra\u00edzes que se enterram. Meu presente \u00e9 passado e meu futuro \u00e9 hist\u00f3ria. Nunca posso voltar atr\u00e1s, apenas trilhar novos caminhos. Aprender sempre \u00e9 poss\u00edvel, desaprender d\u00f3i profundamente. O esquecimento \u00e0s vezes acontece, outras vezes a mem\u00f3ria d\u00f3i. N\u00e3o sei bem como se come\u00e7a a tecer os dias novamente. Depois das derrotas cru\u00e9is, depois da morte que d\u00e1 vida. Algu\u00e9m me lembra ent\u00e3o que s\u00f3 morrer me salva e quem ama d\u00e1 a vida. Isso \u00e9 o que significa nascer de novo. Em sempre morrer um pouco para voltar a dar vida.\u201d<\/em><\/p>\n<p>\u00c9 ent\u00e3o que compreendo o sentido dessas cinzas. Um dia foram ramos verdes de oliveira colocados aos p\u00e9s de Jesus, quando ele entrou em Jerusal\u00e9m disposto a entregar sua vida. Agora elas s\u00e3o cinzas aben\u00e7oadas. Isso me lembra o que \u00e9 a minha vida. Hoje um broto verde, amanh\u00e3 s\u00f3 resta o esquecimento. Por isso me faz bem receber as cinzas, porque tenho uma tend\u00eancia exagerada ao esquecimento. N\u00e3o me lembro mais das derrotas e acredito que vencerei sempre \u2013 ramos verdes, folhas verdes firmes no galho.<\/p>\n<figure id=\"attachment_34699\" aria-describedby=\"caption-attachment-34699\" style=\"width: 738px\" class=\"wp-caption aligncenter\"><img fetchpriority=\"high\" decoding=\"async\" class=\"wp-image-34699 \" src=\"https:\/\/schoenstatt.com\/wp-content\/uploads\/2024\/02\/cinzas-ceniza-Asche.jpg\" alt=\"\" width=\"738\" height=\"1107\" \/><figcaption id=\"caption-attachment-34699\" class=\"wp-caption-text\">Este tempo de deserto n\u00e3o \u00e9 um tempo triste, mas sim de alegria.<\/figcaption><\/figure>\n<h3>Como sou pequeno, necessito da for\u00e7a dessas cinzas<\/h3>\n<p>A cinza me mostra que minha vida \u00e9 passageira e morre. Uma vida que n\u00e3o se entrega e que n\u00e3o morre para dar vida, n\u00e3o vale a pena. Eu me revisto com essa cinza que n\u00e3o embeleza, mas antes me torna mais humilde, mais pobre. \u00c9 uma cinza estranha que enche de luz a minha alma. Preciso come\u00e7ar assim este tempo de deserto, de Quaresma, esses quarenta dias. Sem essa realidade do amor que se entrega, morre e d\u00e1 vida, n\u00e3o faria sentido caminhar descal\u00e7o no deserto da Quaresma. N\u00e3o esque\u00e7o ent\u00e3o o que \u00e9 importante: eu n\u00e3o sou Deus, sou apenas um homem. Sou pobre e n\u00e3o consigo fazer tudo sozinho.<\/p>\n<p>Caminho descal\u00e7o por este deserto coberto de cinzas, lembro ent\u00e3o que sou crian\u00e7a, que sou filho, que sou necessitado e que tenho uma saudade do infinito presa \u00e0 minha alma. Ao receber as cinzas ou\u00e7o que sou p\u00f3 e que ao p\u00f3 voltarei. E ent\u00e3o deixo de me preocupar com tantas coisas que tiram minha paz: por que me sobrecarrego tanto?<\/p>\n<p>A pequenez \u00e9 a condi\u00e7\u00e3o de filho que recebi desde que nasci. Se sou filho, preciso de um Pai todo-poderoso que me d\u00ea a vida. E como sou pequeno preciso da for\u00e7a dessa cinza que me lembra quem eu sou.<\/p>\n<h2>Por que vivemos este tempo de Quaresma?<\/h2>\n<p>Albert Espinosa comenta:<em> \u201cDentro de cada pequeno covarde existe um grande valente. Tudo sair\u00e1 bem. Se olhar de perto, a vida \u00e0s vezes n\u00e3o faz sentido. \u00c9 preciso se afastar um pouco e contempl\u00e1-la de longe, com um grande sorriso\u201d.<\/em> A Quaresma me ajuda a me afastar um pouco da minha vida para contempl\u00e1-la com sentido. Contemplar este arco que vai do meu nascimento \u00e0 morte. Ent\u00e3o os problemas n\u00e3o s\u00e3o t\u00e3o graves e a vida \u00e9 muito mais do que o medo presente.<\/p>\n<p>S\u00f3 preciso acreditar mais em Jesus, na sua Palavra, e <a href=\"https:\/\/schoenstatt.com\/pt-pt\/about\/espiritualidade\/santidade-da-vida-diaria\/\">mudar minha vida<\/a>, crescer, ser melhor. Para isso que este tempo me \u00e9 dado. <strong>E a cinza s\u00f3 me aben\u00e7oa. \u00c9 como aquele olhar de Deus que repousa sobre mim para me dizer o quanto sou valioso aos seus olhos.<\/strong> N\u00e3o sou nada, sou pequeno e, ao mesmo tempo, sou o maior tesouro que Deus pode contemplar. A cinza me ensina a n\u00e3o estreitar meu horizonte. Eu o abro, ele \u00e9 muito mais amplo. Sou feito para o c\u00e9u enquanto caminho sobre a poeira do deserto em dire\u00e7\u00e3o \u00e0 P\u00e1scoa.<\/p>\n<p>*Trecho da Homilia para o I Domingo da Quaresma, dia 21 de fevereiro de 2021. Baixe o texto completo, em espanhol, <a href=\"https:\/\/drive.google.com\/file\/d\/1deGm2LJiPe8DpZKZNHnrq6VIRFnYUxq5\/view\" target=\"_blank\" rel=\"noopener\">aqui<\/a>.<\/p>\n","protected":false},"excerpt":{"rendered":"<p>Este tempo de deserto n\u00e3o \u00e9 um tempo triste, mas sim alegre, n\u00e3o \u00e9 um tempo de trevas, mas de luz e alegria. Esses quarenta dias s\u00e3o uma aventura que vem da m\u00e3o de Deus.<\/p>\n","protected":false},"author":3,"featured_media":34695,"comment_status":"closed","ping_status":"closed","sticky":false,"template":"","format":"standard","meta":{"footnotes":""},"categories":[916],"tags":[],"class_list":["post-34694","post","type-post","status-publish","format-standard","has-post-thumbnail","hentry","category-espiritualidade-pt-pt"],"yoast_head":"<!-- This site is optimized with the Yoast SEO Premium plugin v27.4 (Yoast SEO v27.4) - https:\/\/yoast.com\/product\/yoast-seo-premium-wordpress\/ -->\n<title>Come\u00e7am 40 dias de uma aventura dada por Deus - Schoenstatt<\/title>\n<meta name=\"description\" content=\"Com a Quarta-feira de Cinzas come\u00e7a uma nova jornada pelo deserto. Por que preciso das cinzas para come\u00e7ar a caminhar?\" \/>\n<meta name=\"robots\" content=\"index, follow, max-snippet:-1, max-image-preview:large, max-video-preview:-1\" \/>\n<link rel=\"canonical\" href=\"https:\/\/schoenstatt.com\/pt-pt\/comecam-40-dias-de-uma-aventura-dada-por-deus\/\" \/>\n<meta property=\"og:locale\" content=\"pt_PT\" \/>\n<meta property=\"og:type\" content=\"article\" \/>\n<meta property=\"og:title\" content=\"Come\u00e7am 40 dias de uma aventura dada por Deus\" \/>\n<meta property=\"og:description\" content=\"Com a Quarta-feira de Cinzas come\u00e7a uma nova jornada pelo deserto. Por que preciso das cinzas para come\u00e7ar a caminhar?\" \/>\n<meta property=\"og:url\" content=\"https:\/\/schoenstatt.com\/pt-pt\/comecam-40-dias-de-uma-aventura-dada-por-deus\/\" \/>\n<meta property=\"og:site_name\" content=\"Schoenstatt\" \/>\n<meta property=\"article:published_time\" content=\"2024-02-14T05:03:29+00:00\" \/>\n<meta property=\"article:modified_time\" content=\"2025-05-15T22:29:07+00:00\" \/>\n<meta property=\"og:image\" content=\"https:\/\/schoenstatt.com\/wp-content\/uploads\/2024\/02\/man-quaresma-retiro-deserto-1.jpg\" \/>\n\t<meta property=\"og:image:width\" content=\"2048\" \/>\n\t<meta property=\"og:image:height\" content=\"1365\" \/>\n\t<meta property=\"og:image:type\" content=\"image\/jpeg\" \/>\n<meta name=\"author\" content=\"Karen Bueno\" \/>\n<meta name=\"twitter:card\" content=\"summary_large_image\" \/>\n<meta name=\"twitter:label1\" content=\"Escrito por\" \/>\n\t<meta name=\"twitter:data1\" content=\"Karen Bueno\" \/>\n\t<meta name=\"twitter:label2\" content=\"Tempo estimado de leitura\" \/>\n\t<meta name=\"twitter:data2\" content=\"4 minutos\" \/>\n<script type=\"application\/ld+json\" class=\"yoast-schema-graph\">{\"@context\":\"https:\\\/\\\/schema.org\",\"@graph\":[{\"@type\":\"Article\",\"@id\":\"https:\\\/\\\/schoenstatt.com\\\/pt-pt\\\/comecam-40-dias-de-uma-aventura-dada-por-deus\\\/#article\",\"isPartOf\":{\"@id\":\"https:\\\/\\\/schoenstatt.com\\\/pt-pt\\\/comecam-40-dias-de-uma-aventura-dada-por-deus\\\/\"},\"author\":{\"name\":\"Karen Bueno\",\"@id\":\"https:\\\/\\\/schoenstatt.com\\\/pt-pt\\\/#\\\/schema\\\/person\\\/5158877ad4acae98b34daaeef2a1ce6e\"},\"headline\":\"Come\u00e7am 40 dias de uma aventura dada por Deus\",\"datePublished\":\"2024-02-14T05:03:29+00:00\",\"dateModified\":\"2025-05-15T22:29:07+00:00\",\"mainEntityOfPage\":{\"@id\":\"https:\\\/\\\/schoenstatt.com\\\/pt-pt\\\/comecam-40-dias-de-uma-aventura-dada-por-deus\\\/\"},\"wordCount\":831,\"publisher\":{\"@id\":\"https:\\\/\\\/schoenstatt.com\\\/pt-pt\\\/#organization\"},\"image\":{\"@id\":\"https:\\\/\\\/schoenstatt.com\\\/pt-pt\\\/comecam-40-dias-de-uma-aventura-dada-por-deus\\\/#primaryimage\"},\"thumbnailUrl\":\"https:\\\/\\\/schoenstatt.com\\\/wp-content\\\/uploads\\\/2024\\\/02\\\/man-quaresma-retiro-deserto-1.jpg\",\"articleSection\":[\"Espiritualidade\"],\"inLanguage\":\"pt-PT\"},{\"@type\":\"WebPage\",\"@id\":\"https:\\\/\\\/schoenstatt.com\\\/pt-pt\\\/comecam-40-dias-de-uma-aventura-dada-por-deus\\\/\",\"url\":\"https:\\\/\\\/schoenstatt.com\\\/pt-pt\\\/comecam-40-dias-de-uma-aventura-dada-por-deus\\\/\",\"name\":\"Come\u00e7am 40 dias de uma aventura dada por Deus - Schoenstatt\",\"isPartOf\":{\"@id\":\"https:\\\/\\\/schoenstatt.com\\\/pt-pt\\\/#website\"},\"primaryImageOfPage\":{\"@id\":\"https:\\\/\\\/schoenstatt.com\\\/pt-pt\\\/comecam-40-dias-de-uma-aventura-dada-por-deus\\\/#primaryimage\"},\"image\":{\"@id\":\"https:\\\/\\\/schoenstatt.com\\\/pt-pt\\\/comecam-40-dias-de-uma-aventura-dada-por-deus\\\/#primaryimage\"},\"thumbnailUrl\":\"https:\\\/\\\/schoenstatt.com\\\/wp-content\\\/uploads\\\/2024\\\/02\\\/man-quaresma-retiro-deserto-1.jpg\",\"datePublished\":\"2024-02-14T05:03:29+00:00\",\"dateModified\":\"2025-05-15T22:29:07+00:00\",\"description\":\"Com a Quarta-feira de Cinzas come\u00e7a uma nova jornada pelo deserto. Por que preciso das cinzas para come\u00e7ar a caminhar?\",\"breadcrumb\":{\"@id\":\"https:\\\/\\\/schoenstatt.com\\\/pt-pt\\\/comecam-40-dias-de-uma-aventura-dada-por-deus\\\/#breadcrumb\"},\"inLanguage\":\"pt-PT\",\"potentialAction\":[{\"@type\":\"ReadAction\",\"target\":[\"https:\\\/\\\/schoenstatt.com\\\/pt-pt\\\/comecam-40-dias-de-uma-aventura-dada-por-deus\\\/\"]}]},{\"@type\":\"ImageObject\",\"inLanguage\":\"pt-PT\",\"@id\":\"https:\\\/\\\/schoenstatt.com\\\/pt-pt\\\/comecam-40-dias-de-uma-aventura-dada-por-deus\\\/#primaryimage\",\"url\":\"https:\\\/\\\/schoenstatt.com\\\/wp-content\\\/uploads\\\/2024\\\/02\\\/man-quaresma-retiro-deserto-1.jpg\",\"contentUrl\":\"https:\\\/\\\/schoenstatt.com\\\/wp-content\\\/uploads\\\/2024\\\/02\\\/man-quaresma-retiro-deserto-1.jpg\",\"width\":2048,\"height\":1365},{\"@type\":\"BreadcrumbList\",\"@id\":\"https:\\\/\\\/schoenstatt.com\\\/pt-pt\\\/comecam-40-dias-de-uma-aventura-dada-por-deus\\\/#breadcrumb\",\"itemListElement\":[{\"@type\":\"ListItem\",\"position\":1,\"name\":\"Portada\",\"item\":\"https:\\\/\\\/schoenstatt.com\\\/pt-pt\\\/home\\\/\"},{\"@type\":\"ListItem\",\"position\":2,\"name\":\"Come\u00e7am 40 dias de uma aventura dada por Deus\"}]},{\"@type\":\"WebSite\",\"@id\":\"https:\\\/\\\/schoenstatt.com\\\/pt-pt\\\/#website\",\"url\":\"https:\\\/\\\/schoenstatt.com\\\/pt-pt\\\/\",\"name\":\"Schoenstatt\",\"description\":\"Apostolic Movement\",\"publisher\":{\"@id\":\"https:\\\/\\\/schoenstatt.com\\\/pt-pt\\\/#organization\"},\"potentialAction\":[{\"@type\":\"SearchAction\",\"target\":{\"@type\":\"EntryPoint\",\"urlTemplate\":\"https:\\\/\\\/schoenstatt.com\\\/pt-pt\\\/?s={search_term_string}\"},\"query-input\":{\"@type\":\"PropertyValueSpecification\",\"valueRequired\":true,\"valueName\":\"search_term_string\"}}],\"inLanguage\":\"pt-PT\"},{\"@type\":\"Organization\",\"@id\":\"https:\\\/\\\/schoenstatt.com\\\/pt-pt\\\/#organization\",\"name\":\"Schoenstatt\",\"url\":\"https:\\\/\\\/schoenstatt.com\\\/pt-pt\\\/\",\"logo\":{\"@type\":\"ImageObject\",\"inLanguage\":\"pt-PT\",\"@id\":\"https:\\\/\\\/schoenstatt.com\\\/pt-pt\\\/#\\\/schema\\\/logo\\\/image\\\/\",\"url\":\"https:\\\/\\\/schoenstatt.com\\\/wp-content\\\/uploads\\\/2025\\\/04\\\/logo-schoenstatt-white-696x696-1.png\",\"contentUrl\":\"https:\\\/\\\/schoenstatt.com\\\/wp-content\\\/uploads\\\/2025\\\/04\\\/logo-schoenstatt-white-696x696-1.png\",\"width\":696,\"height\":694,\"caption\":\"Schoenstatt\"},\"image\":{\"@id\":\"https:\\\/\\\/schoenstatt.com\\\/pt-pt\\\/#\\\/schema\\\/logo\\\/image\\\/\"}},{\"@type\":\"Person\",\"@id\":\"https:\\\/\\\/schoenstatt.com\\\/pt-pt\\\/#\\\/schema\\\/person\\\/5158877ad4acae98b34daaeef2a1ce6e\",\"name\":\"Karen Bueno\",\"image\":{\"@type\":\"ImageObject\",\"inLanguage\":\"pt-PT\",\"@id\":\"https:\\\/\\\/secure.gravatar.com\\\/avatar\\\/f9f4b823873154269d2b2130f195f6d41037dd0d7fc5f3cacb5c846bae70d66b?s=96&d=mm&r=g\",\"url\":\"https:\\\/\\\/secure.gravatar.com\\\/avatar\\\/f9f4b823873154269d2b2130f195f6d41037dd0d7fc5f3cacb5c846bae70d66b?s=96&d=mm&r=g\",\"contentUrl\":\"https:\\\/\\\/secure.gravatar.com\\\/avatar\\\/f9f4b823873154269d2b2130f195f6d41037dd0d7fc5f3cacb5c846bae70d66b?s=96&d=mm&r=g\",\"caption\":\"Karen Bueno\"},\"url\":\"https:\\\/\\\/schoenstatt.com\\\/pt-pt\\\/author\\\/karen-bueno\\\/\"}]}<\/script>\n<!-- \/ Yoast SEO Premium plugin. -->","yoast_head_json":{"title":"Come\u00e7am 40 dias de uma aventura dada por Deus - Schoenstatt","description":"Com a Quarta-feira de Cinzas come\u00e7a uma nova jornada pelo deserto. Por que preciso das cinzas para come\u00e7ar a caminhar?","robots":{"index":"index","follow":"follow","max-snippet":"max-snippet:-1","max-image-preview":"max-image-preview:large","max-video-preview":"max-video-preview:-1"},"canonical":"https:\/\/schoenstatt.com\/pt-pt\/comecam-40-dias-de-uma-aventura-dada-por-deus\/","og_locale":"pt_PT","og_type":"article","og_title":"Come\u00e7am 40 dias de uma aventura dada por Deus","og_description":"Com a Quarta-feira de Cinzas come\u00e7a uma nova jornada pelo deserto. Por que preciso das cinzas para come\u00e7ar a caminhar?","og_url":"https:\/\/schoenstatt.com\/pt-pt\/comecam-40-dias-de-uma-aventura-dada-por-deus\/","og_site_name":"Schoenstatt","article_published_time":"2024-02-14T05:03:29+00:00","article_modified_time":"2025-05-15T22:29:07+00:00","og_image":[{"width":2048,"height":1365,"url":"https:\/\/schoenstatt.com\/wp-content\/uploads\/2024\/02\/man-quaresma-retiro-deserto-1.jpg","type":"image\/jpeg"}],"author":"Karen Bueno","twitter_card":"summary_large_image","twitter_misc":{"Escrito por":"Karen Bueno","Tempo estimado de leitura":"4 minutos"},"schema":{"@context":"https:\/\/schema.org","@graph":[{"@type":"Article","@id":"https:\/\/schoenstatt.com\/pt-pt\/comecam-40-dias-de-uma-aventura-dada-por-deus\/#article","isPartOf":{"@id":"https:\/\/schoenstatt.com\/pt-pt\/comecam-40-dias-de-uma-aventura-dada-por-deus\/"},"author":{"name":"Karen Bueno","@id":"https:\/\/schoenstatt.com\/pt-pt\/#\/schema\/person\/5158877ad4acae98b34daaeef2a1ce6e"},"headline":"Come\u00e7am 40 dias de uma aventura dada por Deus","datePublished":"2024-02-14T05:03:29+00:00","dateModified":"2025-05-15T22:29:07+00:00","mainEntityOfPage":{"@id":"https:\/\/schoenstatt.com\/pt-pt\/comecam-40-dias-de-uma-aventura-dada-por-deus\/"},"wordCount":831,"publisher":{"@id":"https:\/\/schoenstatt.com\/pt-pt\/#organization"},"image":{"@id":"https:\/\/schoenstatt.com\/pt-pt\/comecam-40-dias-de-uma-aventura-dada-por-deus\/#primaryimage"},"thumbnailUrl":"https:\/\/schoenstatt.com\/wp-content\/uploads\/2024\/02\/man-quaresma-retiro-deserto-1.jpg","articleSection":["Espiritualidade"],"inLanguage":"pt-PT"},{"@type":"WebPage","@id":"https:\/\/schoenstatt.com\/pt-pt\/comecam-40-dias-de-uma-aventura-dada-por-deus\/","url":"https:\/\/schoenstatt.com\/pt-pt\/comecam-40-dias-de-uma-aventura-dada-por-deus\/","name":"Come\u00e7am 40 dias de uma aventura dada por Deus - Schoenstatt","isPartOf":{"@id":"https:\/\/schoenstatt.com\/pt-pt\/#website"},"primaryImageOfPage":{"@id":"https:\/\/schoenstatt.com\/pt-pt\/comecam-40-dias-de-uma-aventura-dada-por-deus\/#primaryimage"},"image":{"@id":"https:\/\/schoenstatt.com\/pt-pt\/comecam-40-dias-de-uma-aventura-dada-por-deus\/#primaryimage"},"thumbnailUrl":"https:\/\/schoenstatt.com\/wp-content\/uploads\/2024\/02\/man-quaresma-retiro-deserto-1.jpg","datePublished":"2024-02-14T05:03:29+00:00","dateModified":"2025-05-15T22:29:07+00:00","description":"Com a Quarta-feira de Cinzas come\u00e7a uma nova jornada pelo deserto. Por que preciso das cinzas para come\u00e7ar a caminhar?","breadcrumb":{"@id":"https:\/\/schoenstatt.com\/pt-pt\/comecam-40-dias-de-uma-aventura-dada-por-deus\/#breadcrumb"},"inLanguage":"pt-PT","potentialAction":[{"@type":"ReadAction","target":["https:\/\/schoenstatt.com\/pt-pt\/comecam-40-dias-de-uma-aventura-dada-por-deus\/"]}]},{"@type":"ImageObject","inLanguage":"pt-PT","@id":"https:\/\/schoenstatt.com\/pt-pt\/comecam-40-dias-de-uma-aventura-dada-por-deus\/#primaryimage","url":"https:\/\/schoenstatt.com\/wp-content\/uploads\/2024\/02\/man-quaresma-retiro-deserto-1.jpg","contentUrl":"https:\/\/schoenstatt.com\/wp-content\/uploads\/2024\/02\/man-quaresma-retiro-deserto-1.jpg","width":2048,"height":1365},{"@type":"BreadcrumbList","@id":"https:\/\/schoenstatt.com\/pt-pt\/comecam-40-dias-de-uma-aventura-dada-por-deus\/#breadcrumb","itemListElement":[{"@type":"ListItem","position":1,"name":"Portada","item":"https:\/\/schoenstatt.com\/pt-pt\/home\/"},{"@type":"ListItem","position":2,"name":"Come\u00e7am 40 dias de uma aventura dada por Deus"}]},{"@type":"WebSite","@id":"https:\/\/schoenstatt.com\/pt-pt\/#website","url":"https:\/\/schoenstatt.com\/pt-pt\/","name":"Schoenstatt","description":"Apostolic Movement","publisher":{"@id":"https:\/\/schoenstatt.com\/pt-pt\/#organization"},"potentialAction":[{"@type":"SearchAction","target":{"@type":"EntryPoint","urlTemplate":"https:\/\/schoenstatt.com\/pt-pt\/?s={search_term_string}"},"query-input":{"@type":"PropertyValueSpecification","valueRequired":true,"valueName":"search_term_string"}}],"inLanguage":"pt-PT"},{"@type":"Organization","@id":"https:\/\/schoenstatt.com\/pt-pt\/#organization","name":"Schoenstatt","url":"https:\/\/schoenstatt.com\/pt-pt\/","logo":{"@type":"ImageObject","inLanguage":"pt-PT","@id":"https:\/\/schoenstatt.com\/pt-pt\/#\/schema\/logo\/image\/","url":"https:\/\/schoenstatt.com\/wp-content\/uploads\/2025\/04\/logo-schoenstatt-white-696x696-1.png","contentUrl":"https:\/\/schoenstatt.com\/wp-content\/uploads\/2025\/04\/logo-schoenstatt-white-696x696-1.png","width":696,"height":694,"caption":"Schoenstatt"},"image":{"@id":"https:\/\/schoenstatt.com\/pt-pt\/#\/schema\/logo\/image\/"}},{"@type":"Person","@id":"https:\/\/schoenstatt.com\/pt-pt\/#\/schema\/person\/5158877ad4acae98b34daaeef2a1ce6e","name":"Karen Bueno","image":{"@type":"ImageObject","inLanguage":"pt-PT","@id":"https:\/\/secure.gravatar.com\/avatar\/f9f4b823873154269d2b2130f195f6d41037dd0d7fc5f3cacb5c846bae70d66b?s=96&d=mm&r=g","url":"https:\/\/secure.gravatar.com\/avatar\/f9f4b823873154269d2b2130f195f6d41037dd0d7fc5f3cacb5c846bae70d66b?s=96&d=mm&r=g","contentUrl":"https:\/\/secure.gravatar.com\/avatar\/f9f4b823873154269d2b2130f195f6d41037dd0d7fc5f3cacb5c846bae70d66b?s=96&d=mm&r=g","caption":"Karen Bueno"},"url":"https:\/\/schoenstatt.com\/pt-pt\/author\/karen-bueno\/"}]}},"_links":{"self":[{"href":"https:\/\/schoenstatt.com\/pt-pt\/wp-json\/wp\/v2\/posts\/34694","targetHints":{"allow":["GET"]}}],"collection":[{"href":"https:\/\/schoenstatt.com\/pt-pt\/wp-json\/wp\/v2\/posts"}],"about":[{"href":"https:\/\/schoenstatt.com\/pt-pt\/wp-json\/wp\/v2\/types\/post"}],"author":[{"embeddable":true,"href":"https:\/\/schoenstatt.com\/pt-pt\/wp-json\/wp\/v2\/users\/3"}],"replies":[{"embeddable":true,"href":"https:\/\/schoenstatt.com\/pt-pt\/wp-json\/wp\/v2\/comments?post=34694"}],"version-history":[{"count":1,"href":"https:\/\/schoenstatt.com\/pt-pt\/wp-json\/wp\/v2\/posts\/34694\/revisions"}],"predecessor-version":[{"id":46672,"href":"https:\/\/schoenstatt.com\/pt-pt\/wp-json\/wp\/v2\/posts\/34694\/revisions\/46672"}],"wp:featuredmedia":[{"embeddable":true,"href":"https:\/\/schoenstatt.com\/pt-pt\/wp-json\/wp\/v2\/media\/34695"}],"wp:attachment":[{"href":"https:\/\/schoenstatt.com\/pt-pt\/wp-json\/wp\/v2\/media?parent=34694"}],"wp:term":[{"taxonomy":"category","embeddable":true,"href":"https:\/\/schoenstatt.com\/pt-pt\/wp-json\/wp\/v2\/categories?post=34694"},{"taxonomy":"post_tag","embeddable":true,"href":"https:\/\/schoenstatt.com\/pt-pt\/wp-json\/wp\/v2\/tags?post=34694"}],"curies":[{"name":"wp","href":"https:\/\/api.w.org\/{rel}","templated":true}]}}