{"id":34534,"date":"2024-01-31T12:54:00","date_gmt":"2024-01-31T11:54:00","guid":{"rendered":"https:\/\/schoenstatt.com\/?p=34534"},"modified":"2025-05-16T01:19:12","modified_gmt":"2025-05-15T23:19:12","slug":"o-video-do-papa-deste-mes-convida-a-rezar-pelos-doentes-terminais","status":"publish","type":"post","link":"https:\/\/schoenstatt.com\/pt-pt\/o-video-do-papa-deste-mes-convida-a-rezar-pelos-doentes-terminais\/","title":{"rendered":"O V\u00eddeo do Papa deste m\u00eas convida a rezar pelos doentes terminais"},"content":{"rendered":"<p>O Santo Padre compartilha sua inten\u00e7\u00e3o de ora\u00e7\u00e3o neste m\u00eas em que a Igreja celebra o Dia Mundial do Enfermo. O Papa Francisco lembra que \u201ch\u00e1 duas palavras que, quando alguns falam de doen\u00e7as terminais, as confundem: incur\u00e1vel e in-cuid\u00e1vel. E n\u00e3o s\u00e3o a mesma coisa\u201d. \u201cS\u00e3o Jo\u00e3o Paulo II dizia que &#8216;curar se \u00e9 poss\u00edvel, cuidar sempre&#8217;\u201d, diz ainda o Papa.<\/p>\n<p>A mensagem de v\u00eddeo de fevereiro, mostra um casal, sentando na areia que contempla o mar. Uma menina que abra\u00e7a o seu av\u00f4 no leito do hospital. Um homem que est\u00e1 junto ao leito de seu pai, com uma B\u00edblia no colo e um Ros\u00e1rio nas m\u00e3os. Uma enfermeira que leva ao jardim um paciente que j\u00e1 n\u00e3o pode caminhar. Um m\u00e9dico que explica a uma fam\u00edlia o dif\u00edcil caminho que v\u00e3o ter que percorrer com seu parente a partir de agora.<\/p>\n<p style=\"text-align: center;\"><iframe title=\"YouTube video player\" src=\"https:\/\/www.youtube.com\/embed\/KvBbhYq_N_Y?si=ycIGI6eS6_3aN8K1\" width=\"560\" height=\"315\" frameborder=\"0\" allowfullscreen=\"allowfullscreen\"><\/iframe><\/p>\n<h2>Cuidar sempre<\/h2>\n<p>Conforme as olhamos, as imagens do v\u00eddeo do Papa de fevereiro nos falam de uma s\u00e9rie de fracassos ou \u00eaxitos: fracassos, se o \u00fanico resultado aceit\u00e1vel \u00e9 a cura; \u00eaxitos, se o objetivo \u00e9 o cuidado.<\/p>\n<p>Mesmo quando existem muito poucas possibilidades de cura, todos os enfermos t\u00eam direito ao acompanhamento m\u00e9dico, ao acompanhamento psicol\u00f3gico, ao acompanhamento espiritual, ao acompanhamento humano.<\/p>\n<p>O Papa acrescenta: Nem sempre se alcan\u00e7a a cura. Por\u00e9m sempre podemos cuidar do doente, acariciar o enfermo.<\/p>\n<h2>Olhar o doente com amor<\/h2>\n<p>Em nossa cultura do descarte n\u00e3o h\u00e1 lugar para os doentes terminais. E n\u00e3o \u00e9 por acaso que, nas \u00faltimas d\u00e9cadas, a tenta\u00e7\u00e3o da eutan\u00e1sia tenha ganhado terreno em muitos pa\u00edses. Contrariamente a isso, o Papa Francisco convida a olhar o doente com amor \u2013 a compreender, por exemplo, que o contato f\u00edsico pode ajudar muito, inclusive a quem j\u00e1 n\u00e3o \u00e9 capaz de falar e parece j\u00e1 n\u00e3o reconhecer seus pr\u00f3prios familiares \u2013 e a acompanh\u00e1-lo do melhor modo poss\u00edvel, durante todo o tempo que necessite.<\/p>\n<p>E \u00e9 aqui onde entram os cuidados paliativos, que garantem ao paciente n\u00e3o somente a aten\u00e7\u00e3o m\u00e9dica, mas tamb\u00e9m um acompanhamento humano e pr\u00f3ximo.<\/p>\n<h3>N\u00e3o deixar as fam\u00edlias sozinhas<\/h3>\n<p>Ao falar sobre o papel das fam\u00edlias, o Papa lembra que elas \u201cn\u00e3o podem ficar sozinhas nesses momentos dif\u00edceis\u201d, pois \u201cseu papel \u00e9 decisivo e devem ter os meios adequados para desempenhar o apoio f\u00edsico, o apoio espiritual, o apoio social\u201d.<\/p>\n<p>Rezemos para que os doentes terminais e suas fam\u00edlias recebam sempre os cuidados e o acompanhamento necess\u00e1rios, tanto do ponto de vista m\u00e9dico quanto humano.<\/p>\n<p>Fonte: <a href=\"https:\/\/www.vaticannews.va\/pt.html\" target=\"_blank\" rel=\"noopener\">vaticannews.va\/pt<\/a><\/p>\n","protected":false},"excerpt":{"rendered":"<p>Na inten\u00e7\u00e3o de ora\u00e7\u00e3o para o m\u00eas de fevereiro de 2024, o Papa Francisco convida toda a Igreja a rezar pelos doentes terminais e por seus familiares.<\/p>\n","protected":false},"author":3,"featured_media":32402,"comment_status":"closed","ping_status":"closed","sticky":false,"template":"","format":"standard","meta":{"footnotes":""},"categories":[608],"tags":[],"class_list":["post-34534","post","type-post","status-publish","format-standard","has-post-thumbnail","hentry","category-igreja-pt-pt"],"yoast_head":"<!-- This site is optimized with the Yoast SEO Premium plugin v27.4 (Yoast SEO v27.4) - https:\/\/yoast.com\/product\/yoast-seo-premium-wordpress\/ -->\n<title>O V\u00eddeo do Papa deste m\u00eas convida a rezar pelos doentes terminais<\/title>\n<meta name=\"description\" content=\"Na inten\u00e7\u00e3o de ora\u00e7\u00e3o para o m\u00eas de fevereiro de 2024, o Papa Francisco convida toda a Igreja a rezar pelos doentes terminais\" \/>\n<meta name=\"robots\" content=\"index, follow, max-snippet:-1, max-image-preview:large, max-video-preview:-1\" \/>\n<link rel=\"canonical\" href=\"https:\/\/schoenstatt.com\/pt-pt\/o-video-do-papa-deste-mes-convida-a-rezar-pelos-doentes-terminais\/\" \/>\n<meta property=\"og:locale\" content=\"pt_PT\" \/>\n<meta property=\"og:type\" content=\"article\" \/>\n<meta property=\"og:title\" content=\"O V\u00eddeo do Papa deste m\u00eas convida a rezar pelos doentes terminais\" \/>\n<meta property=\"og:description\" content=\"Na inten\u00e7\u00e3o de ora\u00e7\u00e3o para o m\u00eas de fevereiro de 2024, o Papa Francisco convida toda a Igreja a rezar pelos doentes terminais\" \/>\n<meta property=\"og:url\" content=\"https:\/\/schoenstatt.com\/pt-pt\/o-video-do-papa-deste-mes-convida-a-rezar-pelos-doentes-terminais\/\" \/>\n<meta property=\"og:site_name\" content=\"Schoenstatt\" \/>\n<meta property=\"article:published_time\" content=\"2024-01-31T11:54:00+00:00\" \/>\n<meta property=\"article:modified_time\" content=\"2025-05-15T23:19:12+00:00\" \/>\n<meta property=\"og:image\" content=\"https:\/\/schoenstatt.com\/wp-content\/uploads\/2023\/09\/cruz-de-la-unidad-Unity-Cross-schoenstatt-2-1.jpg\" \/>\n\t<meta property=\"og:image:width\" content=\"2048\" \/>\n\t<meta property=\"og:image:height\" content=\"1362\" \/>\n\t<meta property=\"og:image:type\" content=\"image\/jpeg\" \/>\n<meta name=\"author\" content=\"Karen Bueno\" \/>\n<meta name=\"twitter:card\" content=\"summary_large_image\" \/>\n<meta name=\"twitter:label1\" content=\"Escrito por\" \/>\n\t<meta name=\"twitter:data1\" content=\"Karen Bueno\" \/>\n\t<meta name=\"twitter:label2\" content=\"Tempo estimado de leitura\" \/>\n\t<meta name=\"twitter:data2\" content=\"2 minutos\" \/>\n<script type=\"application\/ld+json\" class=\"yoast-schema-graph\">{\"@context\":\"https:\\\/\\\/schema.org\",\"@graph\":[{\"@type\":\"Article\",\"@id\":\"https:\\\/\\\/schoenstatt.com\\\/pt-pt\\\/o-video-do-papa-deste-mes-convida-a-rezar-pelos-doentes-terminais\\\/#article\",\"isPartOf\":{\"@id\":\"https:\\\/\\\/schoenstatt.com\\\/pt-pt\\\/o-video-do-papa-deste-mes-convida-a-rezar-pelos-doentes-terminais\\\/\"},\"author\":{\"name\":\"Karen Bueno\",\"@id\":\"https:\\\/\\\/schoenstatt.com\\\/pt-pt\\\/#\\\/schema\\\/person\\\/5158877ad4acae98b34daaeef2a1ce6e\"},\"headline\":\"O V\u00eddeo do Papa deste m\u00eas convida a rezar pelos doentes terminais\",\"datePublished\":\"2024-01-31T11:54:00+00:00\",\"dateModified\":\"2025-05-15T23:19:12+00:00\",\"mainEntityOfPage\":{\"@id\":\"https:\\\/\\\/schoenstatt.com\\\/pt-pt\\\/o-video-do-papa-deste-mes-convida-a-rezar-pelos-doentes-terminais\\\/\"},\"wordCount\":476,\"publisher\":{\"@id\":\"https:\\\/\\\/schoenstatt.com\\\/pt-pt\\\/#organization\"},\"image\":{\"@id\":\"https:\\\/\\\/schoenstatt.com\\\/pt-pt\\\/o-video-do-papa-deste-mes-convida-a-rezar-pelos-doentes-terminais\\\/#primaryimage\"},\"thumbnailUrl\":\"https:\\\/\\\/schoenstatt.com\\\/wp-content\\\/uploads\\\/2023\\\/09\\\/cruz-de-la-unidad-Unity-Cross-schoenstatt-2-1.jpg\",\"articleSection\":[\"Igreja\"],\"inLanguage\":\"pt-PT\"},{\"@type\":\"WebPage\",\"@id\":\"https:\\\/\\\/schoenstatt.com\\\/pt-pt\\\/o-video-do-papa-deste-mes-convida-a-rezar-pelos-doentes-terminais\\\/\",\"url\":\"https:\\\/\\\/schoenstatt.com\\\/pt-pt\\\/o-video-do-papa-deste-mes-convida-a-rezar-pelos-doentes-terminais\\\/\",\"name\":\"O V\u00eddeo do Papa deste m\u00eas convida a rezar pelos doentes terminais\",\"isPartOf\":{\"@id\":\"https:\\\/\\\/schoenstatt.com\\\/pt-pt\\\/#website\"},\"primaryImageOfPage\":{\"@id\":\"https:\\\/\\\/schoenstatt.com\\\/pt-pt\\\/o-video-do-papa-deste-mes-convida-a-rezar-pelos-doentes-terminais\\\/#primaryimage\"},\"image\":{\"@id\":\"https:\\\/\\\/schoenstatt.com\\\/pt-pt\\\/o-video-do-papa-deste-mes-convida-a-rezar-pelos-doentes-terminais\\\/#primaryimage\"},\"thumbnailUrl\":\"https:\\\/\\\/schoenstatt.com\\\/wp-content\\\/uploads\\\/2023\\\/09\\\/cruz-de-la-unidad-Unity-Cross-schoenstatt-2-1.jpg\",\"datePublished\":\"2024-01-31T11:54:00+00:00\",\"dateModified\":\"2025-05-15T23:19:12+00:00\",\"description\":\"Na inten\u00e7\u00e3o de ora\u00e7\u00e3o para o m\u00eas de fevereiro de 2024, o Papa Francisco convida toda a Igreja a rezar pelos doentes terminais\",\"breadcrumb\":{\"@id\":\"https:\\\/\\\/schoenstatt.com\\\/pt-pt\\\/o-video-do-papa-deste-mes-convida-a-rezar-pelos-doentes-terminais\\\/#breadcrumb\"},\"inLanguage\":\"pt-PT\",\"potentialAction\":[{\"@type\":\"ReadAction\",\"target\":[\"https:\\\/\\\/schoenstatt.com\\\/pt-pt\\\/o-video-do-papa-deste-mes-convida-a-rezar-pelos-doentes-terminais\\\/\"]}]},{\"@type\":\"ImageObject\",\"inLanguage\":\"pt-PT\",\"@id\":\"https:\\\/\\\/schoenstatt.com\\\/pt-pt\\\/o-video-do-papa-deste-mes-convida-a-rezar-pelos-doentes-terminais\\\/#primaryimage\",\"url\":\"https:\\\/\\\/schoenstatt.com\\\/wp-content\\\/uploads\\\/2023\\\/09\\\/cruz-de-la-unidad-Unity-Cross-schoenstatt-2-1.jpg\",\"contentUrl\":\"https:\\\/\\\/schoenstatt.com\\\/wp-content\\\/uploads\\\/2023\\\/09\\\/cruz-de-la-unidad-Unity-Cross-schoenstatt-2-1.jpg\",\"width\":2048,\"height\":1362},{\"@type\":\"BreadcrumbList\",\"@id\":\"https:\\\/\\\/schoenstatt.com\\\/pt-pt\\\/o-video-do-papa-deste-mes-convida-a-rezar-pelos-doentes-terminais\\\/#breadcrumb\",\"itemListElement\":[{\"@type\":\"ListItem\",\"position\":1,\"name\":\"Portada\",\"item\":\"https:\\\/\\\/schoenstatt.com\\\/pt-pt\\\/home\\\/\"},{\"@type\":\"ListItem\",\"position\":2,\"name\":\"O V\u00eddeo do Papa deste m\u00eas convida a rezar pelos doentes terminais\"}]},{\"@type\":\"WebSite\",\"@id\":\"https:\\\/\\\/schoenstatt.com\\\/pt-pt\\\/#website\",\"url\":\"https:\\\/\\\/schoenstatt.com\\\/pt-pt\\\/\",\"name\":\"Schoenstatt\",\"description\":\"Apostolic Movement\",\"publisher\":{\"@id\":\"https:\\\/\\\/schoenstatt.com\\\/pt-pt\\\/#organization\"},\"potentialAction\":[{\"@type\":\"SearchAction\",\"target\":{\"@type\":\"EntryPoint\",\"urlTemplate\":\"https:\\\/\\\/schoenstatt.com\\\/pt-pt\\\/?s={search_term_string}\"},\"query-input\":{\"@type\":\"PropertyValueSpecification\",\"valueRequired\":true,\"valueName\":\"search_term_string\"}}],\"inLanguage\":\"pt-PT\"},{\"@type\":\"Organization\",\"@id\":\"https:\\\/\\\/schoenstatt.com\\\/pt-pt\\\/#organization\",\"name\":\"Schoenstatt\",\"url\":\"https:\\\/\\\/schoenstatt.com\\\/pt-pt\\\/\",\"logo\":{\"@type\":\"ImageObject\",\"inLanguage\":\"pt-PT\",\"@id\":\"https:\\\/\\\/schoenstatt.com\\\/pt-pt\\\/#\\\/schema\\\/logo\\\/image\\\/\",\"url\":\"https:\\\/\\\/schoenstatt.com\\\/wp-content\\\/uploads\\\/2025\\\/04\\\/logo-schoenstatt-white-696x696-1.png\",\"contentUrl\":\"https:\\\/\\\/schoenstatt.com\\\/wp-content\\\/uploads\\\/2025\\\/04\\\/logo-schoenstatt-white-696x696-1.png\",\"width\":696,\"height\":694,\"caption\":\"Schoenstatt\"},\"image\":{\"@id\":\"https:\\\/\\\/schoenstatt.com\\\/pt-pt\\\/#\\\/schema\\\/logo\\\/image\\\/\"}},{\"@type\":\"Person\",\"@id\":\"https:\\\/\\\/schoenstatt.com\\\/pt-pt\\\/#\\\/schema\\\/person\\\/5158877ad4acae98b34daaeef2a1ce6e\",\"name\":\"Karen Bueno\",\"image\":{\"@type\":\"ImageObject\",\"inLanguage\":\"pt-PT\",\"@id\":\"https:\\\/\\\/secure.gravatar.com\\\/avatar\\\/f9f4b823873154269d2b2130f195f6d41037dd0d7fc5f3cacb5c846bae70d66b?s=96&d=mm&r=g\",\"url\":\"https:\\\/\\\/secure.gravatar.com\\\/avatar\\\/f9f4b823873154269d2b2130f195f6d41037dd0d7fc5f3cacb5c846bae70d66b?s=96&d=mm&r=g\",\"contentUrl\":\"https:\\\/\\\/secure.gravatar.com\\\/avatar\\\/f9f4b823873154269d2b2130f195f6d41037dd0d7fc5f3cacb5c846bae70d66b?s=96&d=mm&r=g\",\"caption\":\"Karen Bueno\"},\"url\":\"https:\\\/\\\/schoenstatt.com\\\/pt-pt\\\/author\\\/karen-bueno\\\/\"}]}<\/script>\n<!-- \/ Yoast SEO Premium plugin. -->","yoast_head_json":{"title":"O V\u00eddeo do Papa deste m\u00eas convida a rezar pelos doentes terminais","description":"Na inten\u00e7\u00e3o de ora\u00e7\u00e3o para o m\u00eas de fevereiro de 2024, o Papa Francisco convida toda a Igreja a rezar pelos doentes terminais","robots":{"index":"index","follow":"follow","max-snippet":"max-snippet:-1","max-image-preview":"max-image-preview:large","max-video-preview":"max-video-preview:-1"},"canonical":"https:\/\/schoenstatt.com\/pt-pt\/o-video-do-papa-deste-mes-convida-a-rezar-pelos-doentes-terminais\/","og_locale":"pt_PT","og_type":"article","og_title":"O V\u00eddeo do Papa deste m\u00eas convida a rezar pelos doentes terminais","og_description":"Na inten\u00e7\u00e3o de ora\u00e7\u00e3o para o m\u00eas de fevereiro de 2024, o Papa Francisco convida toda a Igreja a rezar pelos doentes terminais","og_url":"https:\/\/schoenstatt.com\/pt-pt\/o-video-do-papa-deste-mes-convida-a-rezar-pelos-doentes-terminais\/","og_site_name":"Schoenstatt","article_published_time":"2024-01-31T11:54:00+00:00","article_modified_time":"2025-05-15T23:19:12+00:00","og_image":[{"width":2048,"height":1362,"url":"https:\/\/schoenstatt.com\/wp-content\/uploads\/2023\/09\/cruz-de-la-unidad-Unity-Cross-schoenstatt-2-1.jpg","type":"image\/jpeg"}],"author":"Karen Bueno","twitter_card":"summary_large_image","twitter_misc":{"Escrito por":"Karen Bueno","Tempo estimado de leitura":"2 minutos"},"schema":{"@context":"https:\/\/schema.org","@graph":[{"@type":"Article","@id":"https:\/\/schoenstatt.com\/pt-pt\/o-video-do-papa-deste-mes-convida-a-rezar-pelos-doentes-terminais\/#article","isPartOf":{"@id":"https:\/\/schoenstatt.com\/pt-pt\/o-video-do-papa-deste-mes-convida-a-rezar-pelos-doentes-terminais\/"},"author":{"name":"Karen Bueno","@id":"https:\/\/schoenstatt.com\/pt-pt\/#\/schema\/person\/5158877ad4acae98b34daaeef2a1ce6e"},"headline":"O V\u00eddeo do Papa deste m\u00eas convida a rezar pelos doentes terminais","datePublished":"2024-01-31T11:54:00+00:00","dateModified":"2025-05-15T23:19:12+00:00","mainEntityOfPage":{"@id":"https:\/\/schoenstatt.com\/pt-pt\/o-video-do-papa-deste-mes-convida-a-rezar-pelos-doentes-terminais\/"},"wordCount":476,"publisher":{"@id":"https:\/\/schoenstatt.com\/pt-pt\/#organization"},"image":{"@id":"https:\/\/schoenstatt.com\/pt-pt\/o-video-do-papa-deste-mes-convida-a-rezar-pelos-doentes-terminais\/#primaryimage"},"thumbnailUrl":"https:\/\/schoenstatt.com\/wp-content\/uploads\/2023\/09\/cruz-de-la-unidad-Unity-Cross-schoenstatt-2-1.jpg","articleSection":["Igreja"],"inLanguage":"pt-PT"},{"@type":"WebPage","@id":"https:\/\/schoenstatt.com\/pt-pt\/o-video-do-papa-deste-mes-convida-a-rezar-pelos-doentes-terminais\/","url":"https:\/\/schoenstatt.com\/pt-pt\/o-video-do-papa-deste-mes-convida-a-rezar-pelos-doentes-terminais\/","name":"O V\u00eddeo do Papa deste m\u00eas convida a rezar pelos doentes terminais","isPartOf":{"@id":"https:\/\/schoenstatt.com\/pt-pt\/#website"},"primaryImageOfPage":{"@id":"https:\/\/schoenstatt.com\/pt-pt\/o-video-do-papa-deste-mes-convida-a-rezar-pelos-doentes-terminais\/#primaryimage"},"image":{"@id":"https:\/\/schoenstatt.com\/pt-pt\/o-video-do-papa-deste-mes-convida-a-rezar-pelos-doentes-terminais\/#primaryimage"},"thumbnailUrl":"https:\/\/schoenstatt.com\/wp-content\/uploads\/2023\/09\/cruz-de-la-unidad-Unity-Cross-schoenstatt-2-1.jpg","datePublished":"2024-01-31T11:54:00+00:00","dateModified":"2025-05-15T23:19:12+00:00","description":"Na inten\u00e7\u00e3o de ora\u00e7\u00e3o para o m\u00eas de fevereiro de 2024, o Papa Francisco convida toda a Igreja a rezar pelos doentes terminais","breadcrumb":{"@id":"https:\/\/schoenstatt.com\/pt-pt\/o-video-do-papa-deste-mes-convida-a-rezar-pelos-doentes-terminais\/#breadcrumb"},"inLanguage":"pt-PT","potentialAction":[{"@type":"ReadAction","target":["https:\/\/schoenstatt.com\/pt-pt\/o-video-do-papa-deste-mes-convida-a-rezar-pelos-doentes-terminais\/"]}]},{"@type":"ImageObject","inLanguage":"pt-PT","@id":"https:\/\/schoenstatt.com\/pt-pt\/o-video-do-papa-deste-mes-convida-a-rezar-pelos-doentes-terminais\/#primaryimage","url":"https:\/\/schoenstatt.com\/wp-content\/uploads\/2023\/09\/cruz-de-la-unidad-Unity-Cross-schoenstatt-2-1.jpg","contentUrl":"https:\/\/schoenstatt.com\/wp-content\/uploads\/2023\/09\/cruz-de-la-unidad-Unity-Cross-schoenstatt-2-1.jpg","width":2048,"height":1362},{"@type":"BreadcrumbList","@id":"https:\/\/schoenstatt.com\/pt-pt\/o-video-do-papa-deste-mes-convida-a-rezar-pelos-doentes-terminais\/#breadcrumb","itemListElement":[{"@type":"ListItem","position":1,"name":"Portada","item":"https:\/\/schoenstatt.com\/pt-pt\/home\/"},{"@type":"ListItem","position":2,"name":"O V\u00eddeo do Papa deste m\u00eas convida a rezar pelos doentes terminais"}]},{"@type":"WebSite","@id":"https:\/\/schoenstatt.com\/pt-pt\/#website","url":"https:\/\/schoenstatt.com\/pt-pt\/","name":"Schoenstatt","description":"Apostolic Movement","publisher":{"@id":"https:\/\/schoenstatt.com\/pt-pt\/#organization"},"potentialAction":[{"@type":"SearchAction","target":{"@type":"EntryPoint","urlTemplate":"https:\/\/schoenstatt.com\/pt-pt\/?s={search_term_string}"},"query-input":{"@type":"PropertyValueSpecification","valueRequired":true,"valueName":"search_term_string"}}],"inLanguage":"pt-PT"},{"@type":"Organization","@id":"https:\/\/schoenstatt.com\/pt-pt\/#organization","name":"Schoenstatt","url":"https:\/\/schoenstatt.com\/pt-pt\/","logo":{"@type":"ImageObject","inLanguage":"pt-PT","@id":"https:\/\/schoenstatt.com\/pt-pt\/#\/schema\/logo\/image\/","url":"https:\/\/schoenstatt.com\/wp-content\/uploads\/2025\/04\/logo-schoenstatt-white-696x696-1.png","contentUrl":"https:\/\/schoenstatt.com\/wp-content\/uploads\/2025\/04\/logo-schoenstatt-white-696x696-1.png","width":696,"height":694,"caption":"Schoenstatt"},"image":{"@id":"https:\/\/schoenstatt.com\/pt-pt\/#\/schema\/logo\/image\/"}},{"@type":"Person","@id":"https:\/\/schoenstatt.com\/pt-pt\/#\/schema\/person\/5158877ad4acae98b34daaeef2a1ce6e","name":"Karen Bueno","image":{"@type":"ImageObject","inLanguage":"pt-PT","@id":"https:\/\/secure.gravatar.com\/avatar\/f9f4b823873154269d2b2130f195f6d41037dd0d7fc5f3cacb5c846bae70d66b?s=96&d=mm&r=g","url":"https:\/\/secure.gravatar.com\/avatar\/f9f4b823873154269d2b2130f195f6d41037dd0d7fc5f3cacb5c846bae70d66b?s=96&d=mm&r=g","contentUrl":"https:\/\/secure.gravatar.com\/avatar\/f9f4b823873154269d2b2130f195f6d41037dd0d7fc5f3cacb5c846bae70d66b?s=96&d=mm&r=g","caption":"Karen Bueno"},"url":"https:\/\/schoenstatt.com\/pt-pt\/author\/karen-bueno\/"}]}},"_links":{"self":[{"href":"https:\/\/schoenstatt.com\/pt-pt\/wp-json\/wp\/v2\/posts\/34534","targetHints":{"allow":["GET"]}}],"collection":[{"href":"https:\/\/schoenstatt.com\/pt-pt\/wp-json\/wp\/v2\/posts"}],"about":[{"href":"https:\/\/schoenstatt.com\/pt-pt\/wp-json\/wp\/v2\/types\/post"}],"author":[{"embeddable":true,"href":"https:\/\/schoenstatt.com\/pt-pt\/wp-json\/wp\/v2\/users\/3"}],"replies":[{"embeddable":true,"href":"https:\/\/schoenstatt.com\/pt-pt\/wp-json\/wp\/v2\/comments?post=34534"}],"version-history":[{"count":1,"href":"https:\/\/schoenstatt.com\/pt-pt\/wp-json\/wp\/v2\/posts\/34534\/revisions"}],"predecessor-version":[{"id":46640,"href":"https:\/\/schoenstatt.com\/pt-pt\/wp-json\/wp\/v2\/posts\/34534\/revisions\/46640"}],"wp:featuredmedia":[{"embeddable":true,"href":"https:\/\/schoenstatt.com\/pt-pt\/wp-json\/wp\/v2\/media\/32402"}],"wp:attachment":[{"href":"https:\/\/schoenstatt.com\/pt-pt\/wp-json\/wp\/v2\/media?parent=34534"}],"wp:term":[{"taxonomy":"category","embeddable":true,"href":"https:\/\/schoenstatt.com\/pt-pt\/wp-json\/wp\/v2\/categories?post=34534"},{"taxonomy":"post_tag","embeddable":true,"href":"https:\/\/schoenstatt.com\/pt-pt\/wp-json\/wp\/v2\/tags?post=34534"}],"curies":[{"name":"wp","href":"https:\/\/api.w.org\/{rel}","templated":true}]}}