{"id":34360,"date":"2024-01-23T11:37:22","date_gmt":"2024-01-23T10:37:22","guid":{"rendered":"https:\/\/schoenstatt.com\/?p=34360"},"modified":"2025-05-16T01:40:28","modified_gmt":"2025-05-15T23:40:28","slug":"argentina-tempo-de-ferias-e-tempo-de-missao","status":"publish","type":"post","link":"https:\/\/schoenstatt.com\/pt-pt\/argentina-tempo-de-ferias-e-tempo-de-missao\/","title":{"rendered":"Argentina: Tempo de f\u00e9rias \u00e9 tempo de miss\u00e3o"},"content":{"rendered":"<p>Imagine passar umas f\u00e9rias tendo de dormir no ch\u00e3o, tomar banho gelado, talvez em algum vilarejo sem sinal de internet. Parece estranho e bem pouco convidativo \u00e0 primeira vista. No entanto, isso faz parte da vida de centenas de jovens de <a href=\"https:\/\/www.schoenstatt.org.ar\/\" target=\"_blank\" rel=\"noopener\">Schoenstatt da Argentina<\/a> no per\u00edodo de f\u00e9rias de ver\u00e3o, entre o final e o in\u00edcio de um novo ano.<\/p>\n<p>Completamente desconectados da bagun\u00e7a do mundo agitado, mas conectados uns com os outros, eles vivem a experi\u00eancia das miss\u00f5es. A juventude dedica seus dias livres para visitar casas e lugares, levando a imagem da M\u00e3e e Rainha e as gra\u00e7as do Santu\u00e1rio.<\/p>\n<h2>Miss\u00e3o Ignis Mariae<\/h2>\n<p>240 jovens das Prov\u00edncias de Salta e Tucum\u00e1n estiveram reunidos de 26 de dezembro a 4 de janeiro para a Miss\u00e3o Ignis Mariae. Eles passaram juntos a virada de ano.<\/p>\n<p><img fetchpriority=\"high\" decoding=\"async\" class=\"aligncenter wp-image-34365 \" src=\"https:\/\/schoenstatt.com\/wp-content\/uploads\/2024\/01\/mission-missiones-missao-juventud-4.jpeg\" alt=\"\" width=\"624\" height=\"832\" \/><\/p>\n<p>Josema Sanguinetti, da Juventude Masculina de Salta, diz: \u201cMissionar \u00e9 o melhor estado do homem, porque \u00e9 um estado de servi\u00e7o, de converter-se em puro instrumento de Deus, porque Deus nos d\u00e1 a possibilidade de deixar de lado nossos problemas, nossas preocupa\u00e7\u00f5es, para sermos servos Dele&#8221;.<\/p>\n<p>Segundo Josema, os desconfortos se tornam pequenos para um cora\u00e7\u00e3o mission\u00e1rio: \u201cQuando as for\u00e7as n\u00e3o s\u00e3o mais suficientes nesses 10 dias, basta olhar para o lado e ver como ao seu redor h\u00e1 pessoas dispostas a ajud\u00e1-lo a se levantar, a continuar na miss\u00e3o. Essas pessoas loucas que, quando lhes pediam que pulassem, o faziam, que trabalhavam a servi\u00e7o dos demais no sil\u00eancio, sem buscar os holofotes, e que nos motivam a ser melhor filho, melhor servidor. N\u00e3o h\u00e1 palavras suficientes para descrever o que se vive ali. Missionar \u00e9 o melhor estado do homem\u201d.<\/p>\n<h2>Miss\u00e3o MTA, \u201cVem e ver\u00e1s\u201d<\/h2>\n<p>Nesse mesmo per\u00edodo, jovens universit\u00e1rios de Buenos Aires realizaram a Miss\u00e3o MTA, sob o lema \u201cVem e ver\u00e1s\u201d. 200 mission\u00e1rios, acompanhados por quatro Padres de Schoenstatt, um sacerdote diocesano e dois seminaristas, visitaram a cidade de Carlos Casares, na Diocese de 9 de Julio.<\/p>\n<p><img decoding=\"async\" class=\"aligncenter wp-image-34369 size-full\" src=\"https:\/\/schoenstatt.com\/wp-content\/uploads\/2024\/01\/mission-missiones-missao-juventud-2.jpg\" alt=\"\" width=\"768\" height=\"722\" \/><\/p>\n<p>O Pe. Juan Molina comenta: \u201cA Miss\u00e3o MTA \u00e9 a maneira pela qual muitos jovens do Movimento saem para levar a presen\u00e7a da M\u00e3e de Deus, pela imagem da M\u00e3e Peregrina, que traz alegria para nossas vidas. Ao mesmo tempo, \u00e9 tamb\u00e9m uma grande oportunidade para muitos jovens conhecerem o Movimento de Schoenstatt\u201d.<\/p>\n<p>No dia 31, todos os mission\u00e1rios se reuniram para celebrar o ano novo juntos, em uma Santa Missa presidida por Dom Ariel Torrado Mosconi, bispo da Diocese de 9 de Julio. Na missa, o bispo destacou: \u201cA visita dos jovens mission\u00e1rios renova a esperan\u00e7a das comunidades por meio de seu testemunho de generosidade, sacrif\u00edcio e alegria\u201d. E acrescentou: \u201cEles s\u00e3o uma semente que o Senhor far\u00e1 frutificar no seu devido tempo\u201d.<\/p>\n<p><img decoding=\"async\" class=\"aligncenter wp-image-34373 \" src=\"https:\/\/schoenstatt.com\/wp-content\/uploads\/2024\/01\/mission-missiones-missao-juventud.jpeg\" alt=\"\" width=\"636\" height=\"848\" \/><\/p>\n<p>A mission\u00e1ria Pilar Dura\u00f1ona diz: \u201cEssa miss\u00e3o permitiu que eu me encontrasse sempre aberta a surpreender-me e a seguir o esp\u00edrito que foi brotando dia a dia\u201d. Pachi Ambroa tamb\u00e9m resumiu: &#8220;Durante esses dias, a M\u00e3e de Deus convidou cada um de n\u00f3s a sermos aut\u00eanticos instrumentos dEla e de Jesus. Sou imensamente grata&#8221;.<\/p>\n<h2>Miss\u00e3o GM: \u201cCom os p\u00e9s na terra e os olhos no c\u00e9u\u201d<\/h2>\n<p>De 26 de dezembro a 3 de janeiro tamb\u00e9m aconteceu a Miss\u00e3o Universit\u00e1ria GM -\u201cGaudium Mariae\u201d- na cidade de Arroyito, prov\u00edncia de C\u00f3rdoba. Foram 9 dias de entrega e amor, sob o lema \u201cEdificando em Cristo, cidade de Maria\u201d.<\/p>\n<p>230 jovens de C\u00f3rdoba, San Juan, San Luis, Mendoza, Entre R\u00edos e Corrientes participaram.<\/p>\n<p><img loading=\"lazy\" decoding=\"async\" class=\"aligncenter wp-image-34377 size-full\" src=\"https:\/\/schoenstatt.com\/wp-content\/uploads\/2024\/01\/mission-missiones-missao-juventud-5.png\" alt=\"\" width=\"768\" height=\"570\" \/><\/p>\n<p>Virginia Gazal, da Juventude Feminina de C\u00f3rdoba, tenta resumir a experi\u00eancia mission\u00e1ria:<\/p>\n<p><em>\u201cSempre perguntam &#8220;para voc\u00ea, o que \u00e9 a GM?&#8221; E toda vez que ouvia uma resposta, sentia que n\u00e3o era suficiente. Quando tive que responder, tamb\u00e9m n\u00e3o consegui descrever essa imensid\u00e3o.<\/em><\/p>\n<p><em>Mas ela se aproxima um pouco da frase: \u2018Com os p\u00e9s na terra e os olhos no c\u00e9u\u2019. Com os p\u00e9s na terra, saindo de nosso metro quadrado que tanto nos cega. Indo ao encontro. Com os p\u00e9s na terra e, muitas vezes, na lama. Aquela lama que suja nossos sapatos e da qual muitas vezes nos esquivamos. Na GM, n\u00f3s pisamos nela. Pisamos naquilo que n\u00e3o gostamos de ver. Realidades que est\u00e3o na porta do lado e que somente nesses 9 dias ousamos tocar.<\/em><\/p>\n<p><em>Com os p\u00e9s na terra, caminhando e caminhando. Caminhando sem parar, muitas vezes com um companheiro que nos ajuda a tornar o passo mais leve. Nossos p\u00e9s nos pedem para diminuir o ritmo, nossas pernas n\u00e3o aguentam mais. Mas sabemos que temos que continuar caminhando, alcan\u00e7ando mais pessoas que realmente necessitam de uma m\u00e3o. Elas precisam de um abra\u00e7o. Elas precisam de companhia.<\/em><\/p>\n<p><em>Com os p\u00e9s na terra, mas com os olhos no c\u00e9u. Esse c\u00e9u que nos d\u00e1 esperan\u00e7a, que nos d\u00e1 amor e for\u00e7a. Olhos no c\u00e9u e na maior de todas, aquela que primeiro partiu em miss\u00e3o pelo outro e nos deixou essa tarefa. Olhos no c\u00e9u, olhos em Maria.<\/em><\/p>\n<p><em>Com os p\u00e9s na terra, mas com os olhos no c\u00e9u. A GM nos ensina a caminhar por onde quer que andemos, mas sempre olhando para cima, olhando para al\u00e9m do meu nariz, procurando e perseguindo uma esperan\u00e7a que muitos acreditam ter desaparecido\u201d.<\/em><\/p>\n<p><img loading=\"lazy\" decoding=\"async\" class=\"aligncenter wp-image-34381 \" src=\"https:\/\/schoenstatt.com\/wp-content\/uploads\/2024\/01\/mission-missiones-missao-juventud-6.jpg\" alt=\"\" width=\"706\" height=\"592\" \/><br \/>\nV\u00e1rias modalidades de miss\u00e3o acontecem ainda durante o ano na Argentina e em v\u00e1rios outros pa\u00edses, deixando um rastro mission\u00e1rio de Schoenstatt no mundo e transformando profundamente os cora\u00e7\u00f5es dos mission\u00e1rios e missionados. Eles partem com os p\u00e9s na terra e seguindo os passos daquela \u201cque primeiro partiu em miss\u00e3o pelo outro e nos deixou essa tarefa. Com os olhos no c\u00e9u, olhos em Maria\u201d.<\/p>\n","protected":false},"excerpt":{"rendered":"<p>A Juventude n\u00e3o para. Cerca de 670 jovens s\u00e3o mission\u00e1rios da alegria e da esperan\u00e7a na Argentina. As f\u00e9rias de ver\u00e3o se transformam em momentos especiais de entrega e de amor durante as miss\u00f5es, que acontecem em v\u00e1rias partes do pa\u00eds simultaneamente.<\/p>\n","protected":false},"author":3,"featured_media":34361,"comment_status":"closed","ping_status":"closed","sticky":false,"template":"","format":"standard","meta":{"footnotes":""},"categories":[665,869],"tags":[],"class_list":["post-34360","post","type-post","status-publish","format-standard","has-post-thumbnail","hentry","category-juventude-pt-pt","category-paises-pt-pt"],"yoast_head":"<!-- This site is optimized with the Yoast SEO Premium plugin v27.4 (Yoast SEO v27.4) - https:\/\/yoast.com\/product\/yoast-seo-premium-wordpress\/ -->\n<title>Argentina: Tempo de f\u00e9rias \u00e9 tempo de miss\u00e3o - Schoenstatt<\/title>\n<meta name=\"description\" content=\"A Juventude n\u00e3o para. As f\u00e9rias de ver\u00e3o se transformam em momentos especiais de entrega e amor na Argentina.\" \/>\n<meta name=\"robots\" content=\"index, follow, max-snippet:-1, max-image-preview:large, max-video-preview:-1\" \/>\n<link rel=\"canonical\" href=\"https:\/\/schoenstatt.com\/pt-pt\/argentina-tempo-de-ferias-e-tempo-de-missao\/\" \/>\n<meta property=\"og:locale\" content=\"pt_PT\" \/>\n<meta property=\"og:type\" content=\"article\" \/>\n<meta property=\"og:title\" content=\"Argentina: Tempo de f\u00e9rias \u00e9 tempo de miss\u00e3o\" \/>\n<meta property=\"og:description\" content=\"A Juventude n\u00e3o para. As f\u00e9rias de ver\u00e3o se transformam em momentos especiais de entrega e amor na Argentina.\" \/>\n<meta property=\"og:url\" content=\"https:\/\/schoenstatt.com\/pt-pt\/argentina-tempo-de-ferias-e-tempo-de-missao\/\" \/>\n<meta property=\"og:site_name\" content=\"Schoenstatt\" \/>\n<meta property=\"article:published_time\" content=\"2024-01-23T10:37:22+00:00\" \/>\n<meta property=\"article:modified_time\" content=\"2025-05-15T23:40:28+00:00\" \/>\n<meta property=\"og:image\" content=\"https:\/\/schoenstatt.com\/wp-content\/uploads\/2024\/01\/mission-missiones-missao-juventud-3-1.jpg\" \/>\n\t<meta property=\"og:image:width\" content=\"1880\" \/>\n\t<meta property=\"og:image:height\" content=\"1576\" \/>\n\t<meta property=\"og:image:type\" content=\"image\/jpeg\" \/>\n<meta name=\"author\" content=\"Karen Bueno\" \/>\n<meta name=\"twitter:card\" content=\"summary_large_image\" \/>\n<meta name=\"twitter:label1\" content=\"Escrito por\" \/>\n\t<meta name=\"twitter:data1\" content=\"Karen Bueno\" \/>\n\t<meta name=\"twitter:label2\" content=\"Tempo estimado de leitura\" \/>\n\t<meta name=\"twitter:data2\" content=\"6 minutos\" \/>\n<script type=\"application\/ld+json\" class=\"yoast-schema-graph\">{\"@context\":\"https:\\\/\\\/schema.org\",\"@graph\":[{\"@type\":\"Article\",\"@id\":\"https:\\\/\\\/schoenstatt.com\\\/pt-pt\\\/argentina-tempo-de-ferias-e-tempo-de-missao\\\/#article\",\"isPartOf\":{\"@id\":\"https:\\\/\\\/schoenstatt.com\\\/pt-pt\\\/argentina-tempo-de-ferias-e-tempo-de-missao\\\/\"},\"author\":{\"name\":\"Karen Bueno\",\"@id\":\"https:\\\/\\\/schoenstatt.com\\\/pt-pt\\\/#\\\/schema\\\/person\\\/5158877ad4acae98b34daaeef2a1ce6e\"},\"headline\":\"Argentina: Tempo de f\u00e9rias \u00e9 tempo de miss\u00e3o\",\"datePublished\":\"2024-01-23T10:37:22+00:00\",\"dateModified\":\"2025-05-15T23:40:28+00:00\",\"mainEntityOfPage\":{\"@id\":\"https:\\\/\\\/schoenstatt.com\\\/pt-pt\\\/argentina-tempo-de-ferias-e-tempo-de-missao\\\/\"},\"wordCount\":1013,\"publisher\":{\"@id\":\"https:\\\/\\\/schoenstatt.com\\\/pt-pt\\\/#organization\"},\"image\":{\"@id\":\"https:\\\/\\\/schoenstatt.com\\\/pt-pt\\\/argentina-tempo-de-ferias-e-tempo-de-missao\\\/#primaryimage\"},\"thumbnailUrl\":\"https:\\\/\\\/schoenstatt.com\\\/wp-content\\\/uploads\\\/2024\\\/01\\\/mission-missiones-missao-juventud-3-1.jpg\",\"articleSection\":[\"Juventude\",\"Pa\u00edses\"],\"inLanguage\":\"pt-PT\"},{\"@type\":\"WebPage\",\"@id\":\"https:\\\/\\\/schoenstatt.com\\\/pt-pt\\\/argentina-tempo-de-ferias-e-tempo-de-missao\\\/\",\"url\":\"https:\\\/\\\/schoenstatt.com\\\/pt-pt\\\/argentina-tempo-de-ferias-e-tempo-de-missao\\\/\",\"name\":\"Argentina: Tempo de f\u00e9rias \u00e9 tempo de miss\u00e3o - Schoenstatt\",\"isPartOf\":{\"@id\":\"https:\\\/\\\/schoenstatt.com\\\/pt-pt\\\/#website\"},\"primaryImageOfPage\":{\"@id\":\"https:\\\/\\\/schoenstatt.com\\\/pt-pt\\\/argentina-tempo-de-ferias-e-tempo-de-missao\\\/#primaryimage\"},\"image\":{\"@id\":\"https:\\\/\\\/schoenstatt.com\\\/pt-pt\\\/argentina-tempo-de-ferias-e-tempo-de-missao\\\/#primaryimage\"},\"thumbnailUrl\":\"https:\\\/\\\/schoenstatt.com\\\/wp-content\\\/uploads\\\/2024\\\/01\\\/mission-missiones-missao-juventud-3-1.jpg\",\"datePublished\":\"2024-01-23T10:37:22+00:00\",\"dateModified\":\"2025-05-15T23:40:28+00:00\",\"description\":\"A Juventude n\u00e3o para. As f\u00e9rias de ver\u00e3o se transformam em momentos especiais de entrega e amor na Argentina.\",\"breadcrumb\":{\"@id\":\"https:\\\/\\\/schoenstatt.com\\\/pt-pt\\\/argentina-tempo-de-ferias-e-tempo-de-missao\\\/#breadcrumb\"},\"inLanguage\":\"pt-PT\",\"potentialAction\":[{\"@type\":\"ReadAction\",\"target\":[\"https:\\\/\\\/schoenstatt.com\\\/pt-pt\\\/argentina-tempo-de-ferias-e-tempo-de-missao\\\/\"]}]},{\"@type\":\"ImageObject\",\"inLanguage\":\"pt-PT\",\"@id\":\"https:\\\/\\\/schoenstatt.com\\\/pt-pt\\\/argentina-tempo-de-ferias-e-tempo-de-missao\\\/#primaryimage\",\"url\":\"https:\\\/\\\/schoenstatt.com\\\/wp-content\\\/uploads\\\/2024\\\/01\\\/mission-missiones-missao-juventud-3-1.jpg\",\"contentUrl\":\"https:\\\/\\\/schoenstatt.com\\\/wp-content\\\/uploads\\\/2024\\\/01\\\/mission-missiones-missao-juventud-3-1.jpg\",\"width\":1880,\"height\":1576},{\"@type\":\"BreadcrumbList\",\"@id\":\"https:\\\/\\\/schoenstatt.com\\\/pt-pt\\\/argentina-tempo-de-ferias-e-tempo-de-missao\\\/#breadcrumb\",\"itemListElement\":[{\"@type\":\"ListItem\",\"position\":1,\"name\":\"Portada\",\"item\":\"https:\\\/\\\/schoenstatt.com\\\/pt-pt\\\/home\\\/\"},{\"@type\":\"ListItem\",\"position\":2,\"name\":\"Argentina: Tempo de f\u00e9rias \u00e9 tempo de miss\u00e3o\"}]},{\"@type\":\"WebSite\",\"@id\":\"https:\\\/\\\/schoenstatt.com\\\/pt-pt\\\/#website\",\"url\":\"https:\\\/\\\/schoenstatt.com\\\/pt-pt\\\/\",\"name\":\"Schoenstatt\",\"description\":\"Apostolic Movement\",\"publisher\":{\"@id\":\"https:\\\/\\\/schoenstatt.com\\\/pt-pt\\\/#organization\"},\"potentialAction\":[{\"@type\":\"SearchAction\",\"target\":{\"@type\":\"EntryPoint\",\"urlTemplate\":\"https:\\\/\\\/schoenstatt.com\\\/pt-pt\\\/?s={search_term_string}\"},\"query-input\":{\"@type\":\"PropertyValueSpecification\",\"valueRequired\":true,\"valueName\":\"search_term_string\"}}],\"inLanguage\":\"pt-PT\"},{\"@type\":\"Organization\",\"@id\":\"https:\\\/\\\/schoenstatt.com\\\/pt-pt\\\/#organization\",\"name\":\"Schoenstatt\",\"url\":\"https:\\\/\\\/schoenstatt.com\\\/pt-pt\\\/\",\"logo\":{\"@type\":\"ImageObject\",\"inLanguage\":\"pt-PT\",\"@id\":\"https:\\\/\\\/schoenstatt.com\\\/pt-pt\\\/#\\\/schema\\\/logo\\\/image\\\/\",\"url\":\"https:\\\/\\\/schoenstatt.com\\\/wp-content\\\/uploads\\\/2025\\\/04\\\/logo-schoenstatt-white-696x696-1.png\",\"contentUrl\":\"https:\\\/\\\/schoenstatt.com\\\/wp-content\\\/uploads\\\/2025\\\/04\\\/logo-schoenstatt-white-696x696-1.png\",\"width\":696,\"height\":694,\"caption\":\"Schoenstatt\"},\"image\":{\"@id\":\"https:\\\/\\\/schoenstatt.com\\\/pt-pt\\\/#\\\/schema\\\/logo\\\/image\\\/\"}},{\"@type\":\"Person\",\"@id\":\"https:\\\/\\\/schoenstatt.com\\\/pt-pt\\\/#\\\/schema\\\/person\\\/5158877ad4acae98b34daaeef2a1ce6e\",\"name\":\"Karen Bueno\",\"image\":{\"@type\":\"ImageObject\",\"inLanguage\":\"pt-PT\",\"@id\":\"https:\\\/\\\/secure.gravatar.com\\\/avatar\\\/f9f4b823873154269d2b2130f195f6d41037dd0d7fc5f3cacb5c846bae70d66b?s=96&d=mm&r=g\",\"url\":\"https:\\\/\\\/secure.gravatar.com\\\/avatar\\\/f9f4b823873154269d2b2130f195f6d41037dd0d7fc5f3cacb5c846bae70d66b?s=96&d=mm&r=g\",\"contentUrl\":\"https:\\\/\\\/secure.gravatar.com\\\/avatar\\\/f9f4b823873154269d2b2130f195f6d41037dd0d7fc5f3cacb5c846bae70d66b?s=96&d=mm&r=g\",\"caption\":\"Karen Bueno\"},\"url\":\"https:\\\/\\\/schoenstatt.com\\\/pt-pt\\\/author\\\/karen-bueno\\\/\"}]}<\/script>\n<!-- \/ Yoast SEO Premium plugin. -->","yoast_head_json":{"title":"Argentina: Tempo de f\u00e9rias \u00e9 tempo de miss\u00e3o - Schoenstatt","description":"A Juventude n\u00e3o para. As f\u00e9rias de ver\u00e3o se transformam em momentos especiais de entrega e amor na Argentina.","robots":{"index":"index","follow":"follow","max-snippet":"max-snippet:-1","max-image-preview":"max-image-preview:large","max-video-preview":"max-video-preview:-1"},"canonical":"https:\/\/schoenstatt.com\/pt-pt\/argentina-tempo-de-ferias-e-tempo-de-missao\/","og_locale":"pt_PT","og_type":"article","og_title":"Argentina: Tempo de f\u00e9rias \u00e9 tempo de miss\u00e3o","og_description":"A Juventude n\u00e3o para. As f\u00e9rias de ver\u00e3o se transformam em momentos especiais de entrega e amor na Argentina.","og_url":"https:\/\/schoenstatt.com\/pt-pt\/argentina-tempo-de-ferias-e-tempo-de-missao\/","og_site_name":"Schoenstatt","article_published_time":"2024-01-23T10:37:22+00:00","article_modified_time":"2025-05-15T23:40:28+00:00","og_image":[{"width":1880,"height":1576,"url":"https:\/\/schoenstatt.com\/wp-content\/uploads\/2024\/01\/mission-missiones-missao-juventud-3-1.jpg","type":"image\/jpeg"}],"author":"Karen Bueno","twitter_card":"summary_large_image","twitter_misc":{"Escrito por":"Karen Bueno","Tempo estimado de leitura":"6 minutos"},"schema":{"@context":"https:\/\/schema.org","@graph":[{"@type":"Article","@id":"https:\/\/schoenstatt.com\/pt-pt\/argentina-tempo-de-ferias-e-tempo-de-missao\/#article","isPartOf":{"@id":"https:\/\/schoenstatt.com\/pt-pt\/argentina-tempo-de-ferias-e-tempo-de-missao\/"},"author":{"name":"Karen Bueno","@id":"https:\/\/schoenstatt.com\/pt-pt\/#\/schema\/person\/5158877ad4acae98b34daaeef2a1ce6e"},"headline":"Argentina: Tempo de f\u00e9rias \u00e9 tempo de miss\u00e3o","datePublished":"2024-01-23T10:37:22+00:00","dateModified":"2025-05-15T23:40:28+00:00","mainEntityOfPage":{"@id":"https:\/\/schoenstatt.com\/pt-pt\/argentina-tempo-de-ferias-e-tempo-de-missao\/"},"wordCount":1013,"publisher":{"@id":"https:\/\/schoenstatt.com\/pt-pt\/#organization"},"image":{"@id":"https:\/\/schoenstatt.com\/pt-pt\/argentina-tempo-de-ferias-e-tempo-de-missao\/#primaryimage"},"thumbnailUrl":"https:\/\/schoenstatt.com\/wp-content\/uploads\/2024\/01\/mission-missiones-missao-juventud-3-1.jpg","articleSection":["Juventude","Pa\u00edses"],"inLanguage":"pt-PT"},{"@type":"WebPage","@id":"https:\/\/schoenstatt.com\/pt-pt\/argentina-tempo-de-ferias-e-tempo-de-missao\/","url":"https:\/\/schoenstatt.com\/pt-pt\/argentina-tempo-de-ferias-e-tempo-de-missao\/","name":"Argentina: Tempo de f\u00e9rias \u00e9 tempo de miss\u00e3o - Schoenstatt","isPartOf":{"@id":"https:\/\/schoenstatt.com\/pt-pt\/#website"},"primaryImageOfPage":{"@id":"https:\/\/schoenstatt.com\/pt-pt\/argentina-tempo-de-ferias-e-tempo-de-missao\/#primaryimage"},"image":{"@id":"https:\/\/schoenstatt.com\/pt-pt\/argentina-tempo-de-ferias-e-tempo-de-missao\/#primaryimage"},"thumbnailUrl":"https:\/\/schoenstatt.com\/wp-content\/uploads\/2024\/01\/mission-missiones-missao-juventud-3-1.jpg","datePublished":"2024-01-23T10:37:22+00:00","dateModified":"2025-05-15T23:40:28+00:00","description":"A Juventude n\u00e3o para. As f\u00e9rias de ver\u00e3o se transformam em momentos especiais de entrega e amor na Argentina.","breadcrumb":{"@id":"https:\/\/schoenstatt.com\/pt-pt\/argentina-tempo-de-ferias-e-tempo-de-missao\/#breadcrumb"},"inLanguage":"pt-PT","potentialAction":[{"@type":"ReadAction","target":["https:\/\/schoenstatt.com\/pt-pt\/argentina-tempo-de-ferias-e-tempo-de-missao\/"]}]},{"@type":"ImageObject","inLanguage":"pt-PT","@id":"https:\/\/schoenstatt.com\/pt-pt\/argentina-tempo-de-ferias-e-tempo-de-missao\/#primaryimage","url":"https:\/\/schoenstatt.com\/wp-content\/uploads\/2024\/01\/mission-missiones-missao-juventud-3-1.jpg","contentUrl":"https:\/\/schoenstatt.com\/wp-content\/uploads\/2024\/01\/mission-missiones-missao-juventud-3-1.jpg","width":1880,"height":1576},{"@type":"BreadcrumbList","@id":"https:\/\/schoenstatt.com\/pt-pt\/argentina-tempo-de-ferias-e-tempo-de-missao\/#breadcrumb","itemListElement":[{"@type":"ListItem","position":1,"name":"Portada","item":"https:\/\/schoenstatt.com\/pt-pt\/home\/"},{"@type":"ListItem","position":2,"name":"Argentina: Tempo de f\u00e9rias \u00e9 tempo de miss\u00e3o"}]},{"@type":"WebSite","@id":"https:\/\/schoenstatt.com\/pt-pt\/#website","url":"https:\/\/schoenstatt.com\/pt-pt\/","name":"Schoenstatt","description":"Apostolic Movement","publisher":{"@id":"https:\/\/schoenstatt.com\/pt-pt\/#organization"},"potentialAction":[{"@type":"SearchAction","target":{"@type":"EntryPoint","urlTemplate":"https:\/\/schoenstatt.com\/pt-pt\/?s={search_term_string}"},"query-input":{"@type":"PropertyValueSpecification","valueRequired":true,"valueName":"search_term_string"}}],"inLanguage":"pt-PT"},{"@type":"Organization","@id":"https:\/\/schoenstatt.com\/pt-pt\/#organization","name":"Schoenstatt","url":"https:\/\/schoenstatt.com\/pt-pt\/","logo":{"@type":"ImageObject","inLanguage":"pt-PT","@id":"https:\/\/schoenstatt.com\/pt-pt\/#\/schema\/logo\/image\/","url":"https:\/\/schoenstatt.com\/wp-content\/uploads\/2025\/04\/logo-schoenstatt-white-696x696-1.png","contentUrl":"https:\/\/schoenstatt.com\/wp-content\/uploads\/2025\/04\/logo-schoenstatt-white-696x696-1.png","width":696,"height":694,"caption":"Schoenstatt"},"image":{"@id":"https:\/\/schoenstatt.com\/pt-pt\/#\/schema\/logo\/image\/"}},{"@type":"Person","@id":"https:\/\/schoenstatt.com\/pt-pt\/#\/schema\/person\/5158877ad4acae98b34daaeef2a1ce6e","name":"Karen Bueno","image":{"@type":"ImageObject","inLanguage":"pt-PT","@id":"https:\/\/secure.gravatar.com\/avatar\/f9f4b823873154269d2b2130f195f6d41037dd0d7fc5f3cacb5c846bae70d66b?s=96&d=mm&r=g","url":"https:\/\/secure.gravatar.com\/avatar\/f9f4b823873154269d2b2130f195f6d41037dd0d7fc5f3cacb5c846bae70d66b?s=96&d=mm&r=g","contentUrl":"https:\/\/secure.gravatar.com\/avatar\/f9f4b823873154269d2b2130f195f6d41037dd0d7fc5f3cacb5c846bae70d66b?s=96&d=mm&r=g","caption":"Karen Bueno"},"url":"https:\/\/schoenstatt.com\/pt-pt\/author\/karen-bueno\/"}]}},"_links":{"self":[{"href":"https:\/\/schoenstatt.com\/pt-pt\/wp-json\/wp\/v2\/posts\/34360","targetHints":{"allow":["GET"]}}],"collection":[{"href":"https:\/\/schoenstatt.com\/pt-pt\/wp-json\/wp\/v2\/posts"}],"about":[{"href":"https:\/\/schoenstatt.com\/pt-pt\/wp-json\/wp\/v2\/types\/post"}],"author":[{"embeddable":true,"href":"https:\/\/schoenstatt.com\/pt-pt\/wp-json\/wp\/v2\/users\/3"}],"replies":[{"embeddable":true,"href":"https:\/\/schoenstatt.com\/pt-pt\/wp-json\/wp\/v2\/comments?post=34360"}],"version-history":[{"count":1,"href":"https:\/\/schoenstatt.com\/pt-pt\/wp-json\/wp\/v2\/posts\/34360\/revisions"}],"predecessor-version":[{"id":46617,"href":"https:\/\/schoenstatt.com\/pt-pt\/wp-json\/wp\/v2\/posts\/34360\/revisions\/46617"}],"wp:featuredmedia":[{"embeddable":true,"href":"https:\/\/schoenstatt.com\/pt-pt\/wp-json\/wp\/v2\/media\/34361"}],"wp:attachment":[{"href":"https:\/\/schoenstatt.com\/pt-pt\/wp-json\/wp\/v2\/media?parent=34360"}],"wp:term":[{"taxonomy":"category","embeddable":true,"href":"https:\/\/schoenstatt.com\/pt-pt\/wp-json\/wp\/v2\/categories?post=34360"},{"taxonomy":"post_tag","embeddable":true,"href":"https:\/\/schoenstatt.com\/pt-pt\/wp-json\/wp\/v2\/tags?post=34360"}],"curies":[{"name":"wp","href":"https:\/\/api.w.org\/{rel}","templated":true}]}}