{"id":34306,"date":"2024-01-21T06:15:07","date_gmt":"2024-01-21T05:15:07","guid":{"rendered":"https:\/\/schoenstatt.com\/?p=34306"},"modified":"2025-05-16T00:29:08","modified_gmt":"2025-05-15T22:29:08","slug":"dicas-para-quem-quer-comecar-a-ler-a-biblia","status":"publish","type":"post","link":"https:\/\/schoenstatt.com\/pt-pt\/dicas-para-quem-quer-comecar-a-ler-a-biblia\/","title":{"rendered":"Dicas para quem quer come\u00e7ar a ler a B\u00edblia"},"content":{"rendered":"<p>Neste dia 21 de janeiro, III Domingo do Tempo Comum, pela quinta vez vamos celebrar o \u201cDomingo da Palavra de Deus\u201d, institu\u00eddo pelo Papa Francisco em 2019 com o Motu Proprio \u201c<a href=\"https:\/\/www.vatican.va\/content\/francesco\/pt\/motu_proprio\/documents\/papa-francesco-motu-proprio-20190930_aperuit-illis.html\" target=\"_blank\" rel=\"noopener\">Aperuit illis<\/a>\u201d.<\/p>\n<p>O tema escolhido pelo Papa, para este ano de 2024, foi tirado do Evangelho de Jo\u00e3o: \u201cPermanecei na minha Palavra\u201d (Jo 8,31).<\/p>\n<p>O objetivo principal deste domingo \u00e9 promover \u201ca celebra\u00e7\u00e3o, reflex\u00e3o e divulga\u00e7\u00e3o da Palavra de Deus\u201d. Para isso, no n. 3 do Motu Proprio, s\u00e3o dadas v\u00e1rias indica\u00e7\u00f5es, entre as quais \u201cfazer emergir a import\u00e2ncia de continuar na vida di\u00e1ria a leitura, o aprofundamento e a ora\u00e7\u00e3o com a Sagrada Escritura, com particular refer\u00eancia \u00e0 <a href=\"https:\/\/pt.wikipedia.org\/wiki\/Lectio_Divina#:~:text=Consiste%20na%20pr%C3%A1tica%20de%20ora%C3%A7%C3%A3o,Leitura%20Orante%20ou%20Lectio%20Divina.\" target=\"_blank\" rel=\"noopener\">lectio divina<\/a>\u201d.<\/p>\n<h2>Dicas para ler a B\u00edblia<\/h2>\n<p>Todo crist\u00e3o deve ter a Palavra de Deus como refer\u00eancia da sua vida de f\u00e9 e como alimento da sua espiritualidade. Esta Palavra se encontra de maneira privilegiada na B\u00edblia que, gra\u00e7as a Deus, tem sido mais conhecida, lida e estudada de alguns anos para c\u00e1.<\/p>\n<p>Entre os muitos conselhos que eu gostaria de dar para quem inicia a leitura sistem\u00e1tica e orante da B\u00edblia destaco, sobretudo, dois:<\/p>\n<h3>a) Ler a B\u00edblia em forma orante<\/h3>\n<p>Ou seja, n\u00e3o tomar o texto sagrado como um livro qualquer, procurando realizar a leitura b\u00edblica como um encontro com o Deus Vivo e Verdadeiro. Para isso, ajuda bastante o m\u00e9todo da Leitura Orante da Palavra de Deus, tamb\u00e9m conhecida como Lectio Divina.<\/p>\n<h3>b) Evitar toda leitura fundamentalista<\/h3>\n<p>Em outras palavras: considerar o texto no seu contexto, n\u00e3o tomando as palavras de forma literal. Em vista disso, \u00e9 importante estudar a Sagrada Escritura frequentando um dos in\u00fameros cursos ou grupos de leitura b\u00edblica dispon\u00edveis, inclusive online.<\/p>\n<h2>Qual a melhor sequ\u00eancia para ler os livros da B\u00edblia?<\/h2>\n<p>Muitos me perguntam sobre a melhor sequ\u00eancia para a leitura b\u00edblica. Considero que a resposta deve ser personalizada, porque o m\u00e9todo escolhido depende muito do interesse de quem l\u00ea, das suas buscas pessoais, dos seus objetivos com a leitura da Sagrada Escritura.<\/p>\n<p>Num grupo de leitura b\u00edblica online que assisto teol\u00f3gica e espiritualmente \u2013 o<em> Theophilu<\/em>s \u2013 optamos por oferecer a leitura b\u00edblica em ordem cronol\u00f3gica (ou seja, de acordo com os tempos nos quais os livros foram escritos), que diferencia um pouco da sequ\u00eancia can\u00f4nica (ordem dos livros como est\u00e1 nas edi\u00e7\u00f5es b\u00edblicas cat\u00f3licas). \u00c9 um dos muitos m\u00e9todos, bastante frutuoso, enriquecedor e espiritual, gra\u00e7as tamb\u00e9m \u00e0s introdu\u00e7\u00f5es, coment\u00e1rios e pistas dos instrutores.<\/p>\n<p><img fetchpriority=\"high\" decoding=\"async\" class=\"aligncenter wp-image-34315 size-large\" src=\"https:\/\/schoenstatt.com\/wp-content\/uploads\/2024\/01\/biblia-bible-bibel-cruz-cross-kreuz-1024x768.jpg\" alt=\"\" width=\"840\" height=\"630\" \/><\/p>\n<h3>N\u00e3o apenas ler, mas compreender<\/h3>\n<p>Um princ\u00edpio importante para a leitura b\u00edblica \u00e9 procurar ler e entender a B\u00edblia como faz a Igreja, renunciando a uma interpreta\u00e7\u00e3o muito pessoal e talvez abusiva. Digo sempre que precisamos de muita humildade diante da Sagrada Escritura. Humildade diante de Deus (pois a Palavra \u00e9 Dele e n\u00e3o nossa) e humildade diante da Igreja (pois muitos santos e estudiosos leram a Escritura antes da gente e podem nos ajudar a entender melhor o que lemos).<\/p>\n<p>De acordo com esse princ\u00edpio, \u00e9 sempre bom suplicar ao Esp\u00edrito Santo que ilumine a nossa leitura e conceda o discernimento e \u00e9 sempre importante pedir a Nossa Senhora (que guardava a Palavra no cora\u00e7\u00e3o) a gra\u00e7a de compreender a mensagem.<\/p>\n<p>Tamb\u00e9m \u00e9 bom perguntar aos Pais e Doutores da Igreja o que compreenderam do texto lido, consultando obras de refer\u00eancia, como os coment\u00e1rios patr\u00edsticos e teol\u00f3gicos.<\/p>\n<p>Alguns dizem que o importante \u00e9 ler. Penso que t\u00e3o importante quanto ler, \u00e9 compreender! Por isso, agrade\u00e7o a Deus a sede da Palavra que tem sido colocada no seu Povo e agrade\u00e7o \u00e0 Igreja Cat\u00f3lica a possibilidade de aceder \u00e0s Sagradas Escrituras com instrumentos \u00fateis para uma correta compreens\u00e3o.<\/p>\n<p><strong>Fonte:<\/strong> Schoenstatt Brasil &#8211; <a href=\"https:\/\/schoenstatt.org.br\/\" target=\"_blank\" rel=\"noopener\">schoenstatt.org.br<\/a><\/p>\n","protected":false},"excerpt":{"rendered":"<p>Neste \u201cDomingo da Palavra de Deus\u201d, acompanhe algumas dicas para iniciar ou aprofundar a leitura b\u00edblica. O Pe. Marcelo Cervi, doutor em Teologia e membro do Instituto Secular dos Sacerdotes Diocesanos de Schoenstatt, coordena um grupo online de estudos b\u00edblicos e apresenta algumas sugest\u00f5es.<\/p>\n","protected":false},"author":3,"featured_media":34307,"comment_status":"closed","ping_status":"closed","sticky":false,"template":"","format":"standard","meta":{"footnotes":""},"categories":[916],"tags":[],"class_list":["post-34306","post","type-post","status-publish","format-standard","has-post-thumbnail","hentry","category-espiritualidade-pt-pt"],"yoast_head":"<!-- This site is optimized with the Yoast SEO Premium plugin v27.4 (Yoast SEO v27.5) - https:\/\/yoast.com\/product\/yoast-seo-premium-wordpress\/ -->\n<title>Dicas para quem quer come\u00e7ar a ler a B\u00edblia - Schoenstatt<\/title>\n<meta name=\"description\" content=\"Neste \u201cDomingo da Palavra de Deus\u201d, acompanhe algumas dicas para iniciar ou aprofundar a leitura b\u00edblica e descubra curiosidades.\" \/>\n<meta name=\"robots\" content=\"index, follow, max-snippet:-1, max-image-preview:large, max-video-preview:-1\" \/>\n<link rel=\"canonical\" href=\"https:\/\/schoenstatt.com\/pt-pt\/dicas-para-quem-quer-comecar-a-ler-a-biblia\/\" \/>\n<meta property=\"og:locale\" content=\"pt_PT\" \/>\n<meta property=\"og:type\" content=\"article\" \/>\n<meta property=\"og:title\" content=\"Dicas para quem quer come\u00e7ar a ler a B\u00edblia\" \/>\n<meta property=\"og:description\" content=\"Neste \u201cDomingo da Palavra de Deus\u201d, acompanhe algumas dicas para iniciar ou aprofundar a leitura b\u00edblica e descubra curiosidades.\" \/>\n<meta property=\"og:url\" content=\"https:\/\/schoenstatt.com\/pt-pt\/dicas-para-quem-quer-comecar-a-ler-a-biblia\/\" \/>\n<meta property=\"og:site_name\" content=\"Schoenstatt\" \/>\n<meta property=\"article:published_time\" content=\"2024-01-21T05:15:07+00:00\" \/>\n<meta property=\"article:modified_time\" content=\"2025-05-15T22:29:08+00:00\" \/>\n<meta property=\"og:image\" content=\"https:\/\/schoenstatt.com\/wp-content\/uploads\/2024\/01\/biblia-bible-bibel-1.jpg\" \/>\n\t<meta property=\"og:image:width\" content=\"2048\" \/>\n\t<meta property=\"og:image:height\" content=\"1502\" \/>\n\t<meta property=\"og:image:type\" content=\"image\/jpeg\" \/>\n<meta name=\"author\" content=\"Karen Bueno\" \/>\n<meta name=\"twitter:card\" content=\"summary_large_image\" \/>\n<meta name=\"twitter:label1\" content=\"Escrito por\" \/>\n\t<meta name=\"twitter:data1\" content=\"Karen Bueno\" \/>\n\t<meta name=\"twitter:label2\" content=\"Tempo estimado de leitura\" \/>\n\t<meta name=\"twitter:data2\" content=\"3 minutos\" \/>\n<script type=\"application\/ld+json\" class=\"yoast-schema-graph\">{\"@context\":\"https:\\\/\\\/schema.org\",\"@graph\":[{\"@type\":\"Article\",\"@id\":\"https:\\\/\\\/schoenstatt.com\\\/pt-pt\\\/dicas-para-quem-quer-comecar-a-ler-a-biblia\\\/#article\",\"isPartOf\":{\"@id\":\"https:\\\/\\\/schoenstatt.com\\\/pt-pt\\\/dicas-para-quem-quer-comecar-a-ler-a-biblia\\\/\"},\"author\":{\"name\":\"Karen Bueno\",\"@id\":\"https:\\\/\\\/schoenstatt.com\\\/pt-pt\\\/#\\\/schema\\\/person\\\/5158877ad4acae98b34daaeef2a1ce6e\"},\"headline\":\"Dicas para quem quer come\u00e7ar a ler a B\u00edblia\",\"datePublished\":\"2024-01-21T05:15:07+00:00\",\"dateModified\":\"2025-05-15T22:29:08+00:00\",\"mainEntityOfPage\":{\"@id\":\"https:\\\/\\\/schoenstatt.com\\\/pt-pt\\\/dicas-para-quem-quer-comecar-a-ler-a-biblia\\\/\"},\"wordCount\":666,\"publisher\":{\"@id\":\"https:\\\/\\\/schoenstatt.com\\\/pt-pt\\\/#organization\"},\"image\":{\"@id\":\"https:\\\/\\\/schoenstatt.com\\\/pt-pt\\\/dicas-para-quem-quer-comecar-a-ler-a-biblia\\\/#primaryimage\"},\"thumbnailUrl\":\"https:\\\/\\\/schoenstatt.com\\\/wp-content\\\/uploads\\\/2024\\\/01\\\/biblia-bible-bibel-1.jpg\",\"articleSection\":[\"Espiritualidade\"],\"inLanguage\":\"pt-PT\"},{\"@type\":\"WebPage\",\"@id\":\"https:\\\/\\\/schoenstatt.com\\\/pt-pt\\\/dicas-para-quem-quer-comecar-a-ler-a-biblia\\\/\",\"url\":\"https:\\\/\\\/schoenstatt.com\\\/pt-pt\\\/dicas-para-quem-quer-comecar-a-ler-a-biblia\\\/\",\"name\":\"Dicas para quem quer come\u00e7ar a ler a B\u00edblia - Schoenstatt\",\"isPartOf\":{\"@id\":\"https:\\\/\\\/schoenstatt.com\\\/pt-pt\\\/#website\"},\"primaryImageOfPage\":{\"@id\":\"https:\\\/\\\/schoenstatt.com\\\/pt-pt\\\/dicas-para-quem-quer-comecar-a-ler-a-biblia\\\/#primaryimage\"},\"image\":{\"@id\":\"https:\\\/\\\/schoenstatt.com\\\/pt-pt\\\/dicas-para-quem-quer-comecar-a-ler-a-biblia\\\/#primaryimage\"},\"thumbnailUrl\":\"https:\\\/\\\/schoenstatt.com\\\/wp-content\\\/uploads\\\/2024\\\/01\\\/biblia-bible-bibel-1.jpg\",\"datePublished\":\"2024-01-21T05:15:07+00:00\",\"dateModified\":\"2025-05-15T22:29:08+00:00\",\"description\":\"Neste \u201cDomingo da Palavra de Deus\u201d, acompanhe algumas dicas para iniciar ou aprofundar a leitura b\u00edblica e descubra curiosidades.\",\"breadcrumb\":{\"@id\":\"https:\\\/\\\/schoenstatt.com\\\/pt-pt\\\/dicas-para-quem-quer-comecar-a-ler-a-biblia\\\/#breadcrumb\"},\"inLanguage\":\"pt-PT\",\"potentialAction\":[{\"@type\":\"ReadAction\",\"target\":[\"https:\\\/\\\/schoenstatt.com\\\/pt-pt\\\/dicas-para-quem-quer-comecar-a-ler-a-biblia\\\/\"]}]},{\"@type\":\"ImageObject\",\"inLanguage\":\"pt-PT\",\"@id\":\"https:\\\/\\\/schoenstatt.com\\\/pt-pt\\\/dicas-para-quem-quer-comecar-a-ler-a-biblia\\\/#primaryimage\",\"url\":\"https:\\\/\\\/schoenstatt.com\\\/wp-content\\\/uploads\\\/2024\\\/01\\\/biblia-bible-bibel-1.jpg\",\"contentUrl\":\"https:\\\/\\\/schoenstatt.com\\\/wp-content\\\/uploads\\\/2024\\\/01\\\/biblia-bible-bibel-1.jpg\",\"width\":2048,\"height\":1502},{\"@type\":\"BreadcrumbList\",\"@id\":\"https:\\\/\\\/schoenstatt.com\\\/pt-pt\\\/dicas-para-quem-quer-comecar-a-ler-a-biblia\\\/#breadcrumb\",\"itemListElement\":[{\"@type\":\"ListItem\",\"position\":1,\"name\":\"Portada\",\"item\":\"https:\\\/\\\/schoenstatt.com\\\/pt-pt\\\/home\\\/\"},{\"@type\":\"ListItem\",\"position\":2,\"name\":\"Dicas para quem quer come\u00e7ar a ler a B\u00edblia\"}]},{\"@type\":\"WebSite\",\"@id\":\"https:\\\/\\\/schoenstatt.com\\\/pt-pt\\\/#website\",\"url\":\"https:\\\/\\\/schoenstatt.com\\\/pt-pt\\\/\",\"name\":\"Schoenstatt\",\"description\":\"Apostolic Movement\",\"publisher\":{\"@id\":\"https:\\\/\\\/schoenstatt.com\\\/pt-pt\\\/#organization\"},\"potentialAction\":[{\"@type\":\"SearchAction\",\"target\":{\"@type\":\"EntryPoint\",\"urlTemplate\":\"https:\\\/\\\/schoenstatt.com\\\/pt-pt\\\/?s={search_term_string}\"},\"query-input\":{\"@type\":\"PropertyValueSpecification\",\"valueRequired\":true,\"valueName\":\"search_term_string\"}}],\"inLanguage\":\"pt-PT\"},{\"@type\":\"Organization\",\"@id\":\"https:\\\/\\\/schoenstatt.com\\\/pt-pt\\\/#organization\",\"name\":\"Schoenstatt\",\"url\":\"https:\\\/\\\/schoenstatt.com\\\/pt-pt\\\/\",\"logo\":{\"@type\":\"ImageObject\",\"inLanguage\":\"pt-PT\",\"@id\":\"https:\\\/\\\/schoenstatt.com\\\/pt-pt\\\/#\\\/schema\\\/logo\\\/image\\\/\",\"url\":\"https:\\\/\\\/schoenstatt.com\\\/wp-content\\\/uploads\\\/2025\\\/04\\\/logo-schoenstatt-white-696x696-1.png\",\"contentUrl\":\"https:\\\/\\\/schoenstatt.com\\\/wp-content\\\/uploads\\\/2025\\\/04\\\/logo-schoenstatt-white-696x696-1.png\",\"width\":696,\"height\":694,\"caption\":\"Schoenstatt\"},\"image\":{\"@id\":\"https:\\\/\\\/schoenstatt.com\\\/pt-pt\\\/#\\\/schema\\\/logo\\\/image\\\/\"}},{\"@type\":\"Person\",\"@id\":\"https:\\\/\\\/schoenstatt.com\\\/pt-pt\\\/#\\\/schema\\\/person\\\/5158877ad4acae98b34daaeef2a1ce6e\",\"name\":\"Karen Bueno\",\"image\":{\"@type\":\"ImageObject\",\"inLanguage\":\"pt-PT\",\"@id\":\"https:\\\/\\\/secure.gravatar.com\\\/avatar\\\/f9f4b823873154269d2b2130f195f6d41037dd0d7fc5f3cacb5c846bae70d66b?s=96&d=mm&r=g\",\"url\":\"https:\\\/\\\/secure.gravatar.com\\\/avatar\\\/f9f4b823873154269d2b2130f195f6d41037dd0d7fc5f3cacb5c846bae70d66b?s=96&d=mm&r=g\",\"contentUrl\":\"https:\\\/\\\/secure.gravatar.com\\\/avatar\\\/f9f4b823873154269d2b2130f195f6d41037dd0d7fc5f3cacb5c846bae70d66b?s=96&d=mm&r=g\",\"caption\":\"Karen Bueno\"},\"url\":\"https:\\\/\\\/schoenstatt.com\\\/pt-pt\\\/author\\\/karen-bueno\\\/\"}]}<\/script>\n<!-- \/ Yoast SEO Premium plugin. -->","yoast_head_json":{"title":"Dicas para quem quer come\u00e7ar a ler a B\u00edblia - Schoenstatt","description":"Neste \u201cDomingo da Palavra de Deus\u201d, acompanhe algumas dicas para iniciar ou aprofundar a leitura b\u00edblica e descubra curiosidades.","robots":{"index":"index","follow":"follow","max-snippet":"max-snippet:-1","max-image-preview":"max-image-preview:large","max-video-preview":"max-video-preview:-1"},"canonical":"https:\/\/schoenstatt.com\/pt-pt\/dicas-para-quem-quer-comecar-a-ler-a-biblia\/","og_locale":"pt_PT","og_type":"article","og_title":"Dicas para quem quer come\u00e7ar a ler a B\u00edblia","og_description":"Neste \u201cDomingo da Palavra de Deus\u201d, acompanhe algumas dicas para iniciar ou aprofundar a leitura b\u00edblica e descubra curiosidades.","og_url":"https:\/\/schoenstatt.com\/pt-pt\/dicas-para-quem-quer-comecar-a-ler-a-biblia\/","og_site_name":"Schoenstatt","article_published_time":"2024-01-21T05:15:07+00:00","article_modified_time":"2025-05-15T22:29:08+00:00","og_image":[{"width":2048,"height":1502,"url":"https:\/\/schoenstatt.com\/wp-content\/uploads\/2024\/01\/biblia-bible-bibel-1.jpg","type":"image\/jpeg"}],"author":"Karen Bueno","twitter_card":"summary_large_image","twitter_misc":{"Escrito por":"Karen Bueno","Tempo estimado de leitura":"3 minutos"},"schema":{"@context":"https:\/\/schema.org","@graph":[{"@type":"Article","@id":"https:\/\/schoenstatt.com\/pt-pt\/dicas-para-quem-quer-comecar-a-ler-a-biblia\/#article","isPartOf":{"@id":"https:\/\/schoenstatt.com\/pt-pt\/dicas-para-quem-quer-comecar-a-ler-a-biblia\/"},"author":{"name":"Karen Bueno","@id":"https:\/\/schoenstatt.com\/pt-pt\/#\/schema\/person\/5158877ad4acae98b34daaeef2a1ce6e"},"headline":"Dicas para quem quer come\u00e7ar a ler a B\u00edblia","datePublished":"2024-01-21T05:15:07+00:00","dateModified":"2025-05-15T22:29:08+00:00","mainEntityOfPage":{"@id":"https:\/\/schoenstatt.com\/pt-pt\/dicas-para-quem-quer-comecar-a-ler-a-biblia\/"},"wordCount":666,"publisher":{"@id":"https:\/\/schoenstatt.com\/pt-pt\/#organization"},"image":{"@id":"https:\/\/schoenstatt.com\/pt-pt\/dicas-para-quem-quer-comecar-a-ler-a-biblia\/#primaryimage"},"thumbnailUrl":"https:\/\/schoenstatt.com\/wp-content\/uploads\/2024\/01\/biblia-bible-bibel-1.jpg","articleSection":["Espiritualidade"],"inLanguage":"pt-PT"},{"@type":"WebPage","@id":"https:\/\/schoenstatt.com\/pt-pt\/dicas-para-quem-quer-comecar-a-ler-a-biblia\/","url":"https:\/\/schoenstatt.com\/pt-pt\/dicas-para-quem-quer-comecar-a-ler-a-biblia\/","name":"Dicas para quem quer come\u00e7ar a ler a B\u00edblia - Schoenstatt","isPartOf":{"@id":"https:\/\/schoenstatt.com\/pt-pt\/#website"},"primaryImageOfPage":{"@id":"https:\/\/schoenstatt.com\/pt-pt\/dicas-para-quem-quer-comecar-a-ler-a-biblia\/#primaryimage"},"image":{"@id":"https:\/\/schoenstatt.com\/pt-pt\/dicas-para-quem-quer-comecar-a-ler-a-biblia\/#primaryimage"},"thumbnailUrl":"https:\/\/schoenstatt.com\/wp-content\/uploads\/2024\/01\/biblia-bible-bibel-1.jpg","datePublished":"2024-01-21T05:15:07+00:00","dateModified":"2025-05-15T22:29:08+00:00","description":"Neste \u201cDomingo da Palavra de Deus\u201d, acompanhe algumas dicas para iniciar ou aprofundar a leitura b\u00edblica e descubra curiosidades.","breadcrumb":{"@id":"https:\/\/schoenstatt.com\/pt-pt\/dicas-para-quem-quer-comecar-a-ler-a-biblia\/#breadcrumb"},"inLanguage":"pt-PT","potentialAction":[{"@type":"ReadAction","target":["https:\/\/schoenstatt.com\/pt-pt\/dicas-para-quem-quer-comecar-a-ler-a-biblia\/"]}]},{"@type":"ImageObject","inLanguage":"pt-PT","@id":"https:\/\/schoenstatt.com\/pt-pt\/dicas-para-quem-quer-comecar-a-ler-a-biblia\/#primaryimage","url":"https:\/\/schoenstatt.com\/wp-content\/uploads\/2024\/01\/biblia-bible-bibel-1.jpg","contentUrl":"https:\/\/schoenstatt.com\/wp-content\/uploads\/2024\/01\/biblia-bible-bibel-1.jpg","width":2048,"height":1502},{"@type":"BreadcrumbList","@id":"https:\/\/schoenstatt.com\/pt-pt\/dicas-para-quem-quer-comecar-a-ler-a-biblia\/#breadcrumb","itemListElement":[{"@type":"ListItem","position":1,"name":"Portada","item":"https:\/\/schoenstatt.com\/pt-pt\/home\/"},{"@type":"ListItem","position":2,"name":"Dicas para quem quer come\u00e7ar a ler a B\u00edblia"}]},{"@type":"WebSite","@id":"https:\/\/schoenstatt.com\/pt-pt\/#website","url":"https:\/\/schoenstatt.com\/pt-pt\/","name":"Schoenstatt","description":"Apostolic Movement","publisher":{"@id":"https:\/\/schoenstatt.com\/pt-pt\/#organization"},"potentialAction":[{"@type":"SearchAction","target":{"@type":"EntryPoint","urlTemplate":"https:\/\/schoenstatt.com\/pt-pt\/?s={search_term_string}"},"query-input":{"@type":"PropertyValueSpecification","valueRequired":true,"valueName":"search_term_string"}}],"inLanguage":"pt-PT"},{"@type":"Organization","@id":"https:\/\/schoenstatt.com\/pt-pt\/#organization","name":"Schoenstatt","url":"https:\/\/schoenstatt.com\/pt-pt\/","logo":{"@type":"ImageObject","inLanguage":"pt-PT","@id":"https:\/\/schoenstatt.com\/pt-pt\/#\/schema\/logo\/image\/","url":"https:\/\/schoenstatt.com\/wp-content\/uploads\/2025\/04\/logo-schoenstatt-white-696x696-1.png","contentUrl":"https:\/\/schoenstatt.com\/wp-content\/uploads\/2025\/04\/logo-schoenstatt-white-696x696-1.png","width":696,"height":694,"caption":"Schoenstatt"},"image":{"@id":"https:\/\/schoenstatt.com\/pt-pt\/#\/schema\/logo\/image\/"}},{"@type":"Person","@id":"https:\/\/schoenstatt.com\/pt-pt\/#\/schema\/person\/5158877ad4acae98b34daaeef2a1ce6e","name":"Karen Bueno","image":{"@type":"ImageObject","inLanguage":"pt-PT","@id":"https:\/\/secure.gravatar.com\/avatar\/f9f4b823873154269d2b2130f195f6d41037dd0d7fc5f3cacb5c846bae70d66b?s=96&d=mm&r=g","url":"https:\/\/secure.gravatar.com\/avatar\/f9f4b823873154269d2b2130f195f6d41037dd0d7fc5f3cacb5c846bae70d66b?s=96&d=mm&r=g","contentUrl":"https:\/\/secure.gravatar.com\/avatar\/f9f4b823873154269d2b2130f195f6d41037dd0d7fc5f3cacb5c846bae70d66b?s=96&d=mm&r=g","caption":"Karen Bueno"},"url":"https:\/\/schoenstatt.com\/pt-pt\/author\/karen-bueno\/"}]}},"_links":{"self":[{"href":"https:\/\/schoenstatt.com\/pt-pt\/wp-json\/wp\/v2\/posts\/34306","targetHints":{"allow":["GET"]}}],"collection":[{"href":"https:\/\/schoenstatt.com\/pt-pt\/wp-json\/wp\/v2\/posts"}],"about":[{"href":"https:\/\/schoenstatt.com\/pt-pt\/wp-json\/wp\/v2\/types\/post"}],"author":[{"embeddable":true,"href":"https:\/\/schoenstatt.com\/pt-pt\/wp-json\/wp\/v2\/users\/3"}],"replies":[{"embeddable":true,"href":"https:\/\/schoenstatt.com\/pt-pt\/wp-json\/wp\/v2\/comments?post=34306"}],"version-history":[{"count":1,"href":"https:\/\/schoenstatt.com\/pt-pt\/wp-json\/wp\/v2\/posts\/34306\/revisions"}],"predecessor-version":[{"id":46605,"href":"https:\/\/schoenstatt.com\/pt-pt\/wp-json\/wp\/v2\/posts\/34306\/revisions\/46605"}],"wp:featuredmedia":[{"embeddable":true,"href":"https:\/\/schoenstatt.com\/pt-pt\/wp-json\/wp\/v2\/media\/34307"}],"wp:attachment":[{"href":"https:\/\/schoenstatt.com\/pt-pt\/wp-json\/wp\/v2\/media?parent=34306"}],"wp:term":[{"taxonomy":"category","embeddable":true,"href":"https:\/\/schoenstatt.com\/pt-pt\/wp-json\/wp\/v2\/categories?post=34306"},{"taxonomy":"post_tag","embeddable":true,"href":"https:\/\/schoenstatt.com\/pt-pt\/wp-json\/wp\/v2\/tags?post=34306"}],"curies":[{"name":"wp","href":"https:\/\/api.w.org\/{rel}","templated":true}]}}