{"id":34243,"date":"2024-01-18T02:19:48","date_gmt":"2024-01-18T01:19:48","guid":{"rendered":"https:\/\/schoenstatt.com\/?p=34243"},"modified":"2025-05-16T00:59:10","modified_gmt":"2025-05-15T22:59:10","slug":"diga-a-eles-que-permaneco-fiel-ate-a-morte","status":"publish","type":"post","link":"https:\/\/schoenstatt.com\/pt-pt\/diga-a-eles-que-permaneco-fiel-ate-a-morte\/","title":{"rendered":"\u201cDiga a eles que permane\u00e7o fiel at\u00e9 a morte!\u201d"},"content":{"rendered":"<p>Falando sobre o seu tempo de estudante, voc\u00ea se recorda de alguma vez ter<em> colado<\/em> em uma prova? Essa certamente n\u00e3o \u00e9 uma atitude nobre, mas muitas vezes \u00e9 a decis\u00e3o desesperada que leva muitos a serem aprovados. Foi assim que o jovem Fritz Esser \u201cdeu seu jeitinho\u201d para passar de ano. Com esse fato come\u00e7amos a falar sobre a hist\u00f3ria deste jovem her\u00f3i que faleceu no dia 18 de janeiro de 1924, h\u00e1 exatos 100 anos. Esser mostra que os erros e os desafios da vida s\u00e3o oportunidades para o hero\u00edsmo e para o recome\u00e7o. A Alian\u00e7a de Amor, que conduziu sua vida, \u00e9 luz tamb\u00e9m para n\u00f3s hoje, no caminho de santidade.<\/p>\n<h2>Quem \u00e9 Fritz Esser?<\/h2>\n<p>Ele \u00e9 um dos her\u00f3is da primeira gera\u00e7\u00e3o do Movimento de Schoenstatt. Foi sacrist\u00e3o do Santu\u00e1rio Original e ficou conhecido por criar a moldura luminosa com a frase <a href=\"https:\/\/schoenstatt.com\/pt-pt\/santuario-original-pt\/o-que-significa-servus-mariae-nunquam-peribit\/\">\u201cServus Mariae Nunquam Peribit\u201d<\/a>.<\/p>\n<p>Esser nasceu no dia 20 de novembro de 1900, em <a href=\"https:\/\/maps.app.goo.gl\/9Gs6RF6MDC3TZGtu6\" target=\"_blank\" rel=\"noopener\">Dorn D\u00fcrkheim<\/a>, Rheinhessen. Tinha duas irm\u00e3s e um irm\u00e3o mais velho que se tornou sacerdote. Seu pai faleceu antes de Fritz completar 1 ano e sua m\u00e3e provavelmente mantinha um pequeno armaz\u00e9m para o sustento da fam\u00edlia.<\/p>\n<p>Por natureza, era um jovem alegre, cativante e simp\u00e1tico, querido por todos. De temperamento sangu\u00edneo, ganhava rapidamente a simpatia, o amor e o apre\u00e7o dos colegas e dos professores.<\/p>\n<p><img fetchpriority=\"high\" decoding=\"async\" class=\"aligncenter wp-image-34248 \" src=\"https:\/\/schoenstatt.com\/wp-content\/uploads\/2024\/01\/Fritz-Esser-Schoenstatt-1-700x1024.jpg\" alt=\"\" width=\"622\" height=\"910\" \/><\/p>\n<h3>\u201cSou dez vezes mais est\u00fapido do que pare\u00e7o\u201d<\/h3>\n<p>Fritz tinha v\u00e1rias habilidades sociais e pessoais. Seu grande desafio, contudo, era o estudo. Estudava com muito esfor\u00e7o, mas cada prova era sempre um enorme problema. S\u00f3 com muita ajuda dos colegas, especialmente do amigo Jos\u00e9 Engling, e a generosidade dos professores, superou as avalia\u00e7\u00f5es. Era t\u00e3o estimado pelos amigos que eles faziam de tudo para n\u00e3o perd\u00ea-lo. Um deles deu um \u201cjeitinho\u201d para Fritz \u201ccolar\u201d na prova final do primeiro ano. Felizmente, nas avalia\u00e7\u00f5es do semin\u00e1rio tamb\u00e9m se levava em conta a aplica\u00e7\u00e3o no estudo, o car\u00e1ter aut\u00eantico, o esfor\u00e7o e a dedica\u00e7\u00e3o \u2013 e nisso ele era muito bem avaliado!<\/p>\n<p>Foi justamente essa dificuldade com os estudos que aproximou Esser cada vez mais da M\u00e3e de Deus. Pode-se dizer que, nos primeiros anos, quem mais se dedicou e se preocupou de modo singular com o Santu\u00e1rio Original, tornando-o acolhedor e atraente, foi Fritz Esser.<\/p>\n<h2>Um discreto, mas significativo, her\u00f3i<\/h2>\n<p>Fritz destacou-se n\u00e3o pelo brilho das suas ideias, da sua intelig\u00eancia ou de seus grandes feitos, mas pela facilidade com que se entusiasmava por tudo o que \u00e9 bom. Empenhou-se pelas contribui\u00e7\u00f5es ao Capital de Gra\u00e7as e a ideia de transformar a capelinha em um Santu\u00e1rio da MTA.<\/p>\n<p>De maneira singular e mais do que todos os outros, ele fez do Santu\u00e1rio a sua preocupa\u00e7\u00e3o principal. Ali, por assim dizer, ele \u201cperdeu seu cora\u00e7\u00e3o\u201d. Durante anos, passava quase todo seu tempo de folga usando as habilidades art\u00edsticas para tornar o Santu\u00e1rio belo, atraente e acolhedor. N\u00e3o s\u00f3 visitava o Santu\u00e1rio para rezar, mas tamb\u00e9m para conserv\u00e1-lo limpo, enfeit\u00e1-lo com flores e torn\u00e1-lo o lar espiritual dos congregados.<\/p>\n<p>Ao perceber que as visitas \u00e0 capelinha estavam diminuindo, Fritz teve uma ideia interessante. Com alguns colegas, furou o telhado do Santu\u00e1rio e colocou ali uma pequena chamin\u00e9 de lata. Arranjou (n\u00e3o se sabe de onde) uma estufa de carv\u00e3o para secar e aquecer o Santu\u00e1rio. E assim, n\u00e3o raras vezes, o Santu\u00e1rio era o \u00fanico local aquecido, enquanto havia neve, gelo e frio em todo lugar. As visitas, obviamente, aumentaram muito!<\/p>\n<h2>Um servo de Maria jamais perecer\u00e1!<\/h2>\n<p>Devido a tudo que a MTA realizou em sua vida e na vida dos congregados, Esser decidiu criar um marco. Assim surgiu a ideia para a moldura de luz \u201cServus Mariae Nunquam Peribit\u201d. Seu desejo era de que, ao olhar para esse monumento, todos sentissem uma confian\u00e7a ousada e vitoriosa no poder e no amor da M\u00e3e.<\/p>\n<figure id=\"attachment_34252\" aria-describedby=\"caption-attachment-34252\" style=\"width: 748px\" class=\"wp-caption aligncenter\"><img decoding=\"async\" class=\"wp-image-34252\" src=\"https:\/\/schoenstatt.com\/wp-content\/uploads\/2024\/01\/original-moldura-fritz-esser-888x1024.png\" alt=\"\" width=\"748\" height=\"863\" \/><figcaption id=\"caption-attachment-34252\" class=\"wp-caption-text\">Foto da moldura original, criada por Esser<\/figcaption><\/figure>\n<h3>Entre quedas e recome\u00e7os<\/h3>\n<p>A vida de Fritz \u00e9 tamb\u00e9m marcada por prova\u00e7\u00f5es e quedas. Ele passou um breve per\u00edodo no servi\u00e7o militar e, a apesar disso, esse ambiente impactou bastante sua vida religiosa e nobre. Ao voltar das f\u00e9rias, ele estava mudado: ap\u00e1tico e bastante distante de seus ideais. Se recusava, inclusive, a cuidar do Santu\u00e1rio. Tamb\u00e9m esteve desanimado com as atividades da Congrega\u00e7\u00e3o, em certos momentos, e sem vontade de ajudar.<\/p>\n<p>Contudo, compreendendo os erros e buscando repara\u00e7\u00e3o, aos poucos foi abrindo o cora\u00e7\u00e3o para a MTA educ\u00e1-lo novamente. Sabendo que precisava de ajuda, Fritz procurava orienta\u00e7\u00e3o no diretor espiritual, o Pe. Jos\u00e9 Kentenich, e os conselhos do amigo Engling.<\/p>\n<h3>Anos de entrega e de sofrimento<\/h3>\n<p>Tr\u00eas anos de doen\u00e7a e sofrimentos marcaram o fim da vida de Fritz Esser. Havia semanas em que n\u00e3o podia sair da cama, devido \u00e0 fragilidade dos pulm\u00f5es. Esse foi, ao mesmo tempo, um per\u00edodo de muita atividade apost\u00f3lica, com escrita de cartas e materiais para a Revista MTA. Seu leito se tornou uma esp\u00e9cie de secretaria para ajudar nas atividades de Schoenstatt.<\/p>\n<p>O fim de sua vida caracterizou-se por um sofrimento vivido com amor e com prop\u00f3sito. Dedicou as dores e todas as suas for\u00e7as pelo in\u00edcio do Movimento de Schoenstatt. Na \u00faltima carta enviada ao Pe. Kentenich, Fritz escreve: \u201cDiga a eles que permane\u00e7o fiel at\u00e9 a morte!\u201d<\/p>\n<h3>Dicas pr\u00e1ticas para a vida<\/h3>\n<p>Ap\u00f3s o falecimento, Fritz Esser foi transferido do primeiro local de sepultamento, Alzey, em Rhine-Hesse, para o Centro de Schoenstatt de Weiskirchen, em 1995. Seu t\u00famulo est\u00e1 agora ao lado do t\u00famulo de Monsenhor Werner Krimm (1928-2000), sacerdote da Diocese de Mainz e membro do Instituto de Schoenstatt, que assegurou que a mem\u00f3ria de Fritz Esser permanecesse viva, especialmente a n\u00edvel diocesano.<\/p>\n<figure id=\"attachment_34256\" aria-describedby=\"caption-attachment-34256\" style=\"width: 840px\" class=\"wp-caption aligncenter\"><img decoding=\"async\" class=\"wp-image-34256 size-large\" src=\"https:\/\/schoenstatt.com\/wp-content\/uploads\/2024\/01\/Grabstatten-Fritz-Esser-1024x483.jpg\" alt=\"\" width=\"840\" height=\"396\" \/><figcaption id=\"caption-attachment-34256\" class=\"wp-caption-text\">T\u00famulos de Fritz Esser e de Mons. Werner Krimm, junto ao Santu\u00e1rio da Santidade de Todos os Dias, em Weiskirchen (Foto: Anne Etz)<\/figcaption><\/figure>\n<p>Nesses 100 anos que se passaram, olhamos para a vida de Fritz Esser com gratid\u00e3o. Sua hist\u00f3ria deixa alguns tra\u00e7os para nos inspirar. Tamb\u00e9m Werner Krimm deixou uma interpreta\u00e7\u00e3o sobre a vida de Fritz Esser para n\u00f3s hoje: em primeiro lugar, havia sua liga\u00e7\u00e3o viva com o Santu\u00e1rio Original em Schoenstatt, pela organiza\u00e7\u00e3o da qual ele era um dos grandes respons\u00e1veis, especialmente como sacrist\u00e3o. Ele contribuiu para que os membros da gera\u00e7\u00e3o fundadora de Schoenstatt gostassem de visitar esse lugar. Fritz Esser foi tamb\u00e9m um exemplo de como uma pessoa com uma disposi\u00e7\u00e3o alegre e renana pode se esfor\u00e7ar por uma vida espiritual s\u00e9ria. Ele o fez sob a orienta\u00e7\u00e3o de seu constante conselheiro espiritual, o Padre Kentenich. Ele tamb\u00e9m deu a Fritz o seguinte incentivo durante sua grave doen\u00e7a no final de sua vida: \u201cPermane\u00e7a o filho despreocupado de nossa M\u00e3e celestial!\u201d<\/p>\n<figure id=\"attachment_34260\" aria-describedby=\"caption-attachment-34260\" style=\"width: 800px\" class=\"wp-caption aligncenter\"><img loading=\"lazy\" decoding=\"async\" class=\"wp-image-34260 size-large\" src=\"https:\/\/schoenstatt.com\/wp-content\/uploads\/2024\/01\/Grabstatte-Fritz-Esser_-Foto-Ursula-Doll-800x1024.jpg\" alt=\"\" width=\"800\" height=\"1024\" \/><figcaption id=\"caption-attachment-34260\" class=\"wp-caption-text\">Foto: Ursula Doll<\/figcaption><\/figure>\n","protected":false},"excerpt":{"rendered":"<p>H\u00e1 100 anos o jovem Fritz Esser, co-fundador de Schoenstatt, her\u00f3i da primeira gera\u00e7\u00e3o, entregava sua vida. Ele deixa uma hist\u00f3ria de amor e de entusiasmo, de fracassos e de recome\u00e7os, de vida real \u2013 iluminada pela Alian\u00e7a de Amor.<\/p>\n","protected":false},"author":3,"featured_media":34244,"comment_status":"closed","ping_status":"closed","sticky":false,"template":"","format":"standard","meta":{"footnotes":""},"categories":[888],"tags":[],"class_list":["post-34243","post","type-post","status-publish","format-standard","has-post-thumbnail","hentry","category-herois-de-schoenstatt-pt-pt"],"yoast_head":"<!-- This site is optimized with the Yoast SEO Premium plugin v27.4 (Yoast SEO v27.4) - https:\/\/yoast.com\/product\/yoast-seo-premium-wordpress\/ -->\n<title>\u201cDiga a eles que permane\u00e7o fiel at\u00e9 a morte!\u201d - Schoenstatt<\/title>\n<meta name=\"description\" content=\"H\u00e1 100 anos o jovem Fritz Esser, co-fundador de Schoenstatt, her\u00f3i da primeira gera\u00e7\u00e3o, entregava sua vida.\" \/>\n<meta name=\"robots\" content=\"index, follow, max-snippet:-1, max-image-preview:large, max-video-preview:-1\" \/>\n<link rel=\"canonical\" href=\"https:\/\/schoenstatt.com\/pt-pt\/diga-a-eles-que-permaneco-fiel-ate-a-morte\/\" \/>\n<meta property=\"og:locale\" content=\"pt_PT\" \/>\n<meta property=\"og:type\" content=\"article\" \/>\n<meta property=\"og:title\" content=\"\u201cDiga a eles que permane\u00e7o fiel at\u00e9 a morte!\u201d\" \/>\n<meta property=\"og:description\" content=\"H\u00e1 100 anos o jovem Fritz Esser, co-fundador de Schoenstatt, her\u00f3i da primeira gera\u00e7\u00e3o, entregava sua vida.\" \/>\n<meta property=\"og:url\" content=\"https:\/\/schoenstatt.com\/pt-pt\/diga-a-eles-que-permaneco-fiel-ate-a-morte\/\" \/>\n<meta property=\"og:site_name\" content=\"Schoenstatt\" \/>\n<meta property=\"article:published_time\" content=\"2024-01-18T01:19:48+00:00\" \/>\n<meta property=\"article:modified_time\" content=\"2025-05-15T22:59:10+00:00\" \/>\n<meta property=\"og:image\" content=\"https:\/\/schoenstatt.com\/wp-content\/uploads\/2024\/01\/esser-1.jpg\" \/>\n\t<meta property=\"og:image:width\" content=\"2048\" \/>\n\t<meta property=\"og:image:height\" content=\"965\" \/>\n\t<meta property=\"og:image:type\" content=\"image\/jpeg\" \/>\n<meta name=\"author\" content=\"Karen Bueno\" \/>\n<meta name=\"twitter:card\" content=\"summary_large_image\" \/>\n<meta name=\"twitter:label1\" content=\"Escrito por\" \/>\n\t<meta name=\"twitter:data1\" content=\"Karen Bueno\" \/>\n\t<meta name=\"twitter:label2\" content=\"Tempo estimado de leitura\" \/>\n\t<meta name=\"twitter:data2\" content=\"6 minutos\" \/>\n<script type=\"application\/ld+json\" class=\"yoast-schema-graph\">{\"@context\":\"https:\\\/\\\/schema.org\",\"@graph\":[{\"@type\":\"Article\",\"@id\":\"https:\\\/\\\/schoenstatt.com\\\/pt-pt\\\/diga-a-eles-que-permaneco-fiel-ate-a-morte\\\/#article\",\"isPartOf\":{\"@id\":\"https:\\\/\\\/schoenstatt.com\\\/pt-pt\\\/diga-a-eles-que-permaneco-fiel-ate-a-morte\\\/\"},\"author\":{\"name\":\"Karen Bueno\",\"@id\":\"https:\\\/\\\/schoenstatt.com\\\/pt-pt\\\/#\\\/schema\\\/person\\\/5158877ad4acae98b34daaeef2a1ce6e\"},\"headline\":\"\u201cDiga a eles que permane\u00e7o fiel at\u00e9 a morte!\u201d\",\"datePublished\":\"2024-01-18T01:19:48+00:00\",\"dateModified\":\"2025-05-15T22:59:10+00:00\",\"mainEntityOfPage\":{\"@id\":\"https:\\\/\\\/schoenstatt.com\\\/pt-pt\\\/diga-a-eles-que-permaneco-fiel-ate-a-morte\\\/\"},\"wordCount\":1242,\"publisher\":{\"@id\":\"https:\\\/\\\/schoenstatt.com\\\/pt-pt\\\/#organization\"},\"image\":{\"@id\":\"https:\\\/\\\/schoenstatt.com\\\/pt-pt\\\/diga-a-eles-que-permaneco-fiel-ate-a-morte\\\/#primaryimage\"},\"thumbnailUrl\":\"https:\\\/\\\/schoenstatt.com\\\/wp-content\\\/uploads\\\/2024\\\/01\\\/esser-1.jpg\",\"articleSection\":[\"Her\u00f3is de Schoenstatt\"],\"inLanguage\":\"pt-PT\"},{\"@type\":\"WebPage\",\"@id\":\"https:\\\/\\\/schoenstatt.com\\\/pt-pt\\\/diga-a-eles-que-permaneco-fiel-ate-a-morte\\\/\",\"url\":\"https:\\\/\\\/schoenstatt.com\\\/pt-pt\\\/diga-a-eles-que-permaneco-fiel-ate-a-morte\\\/\",\"name\":\"\u201cDiga a eles que permane\u00e7o fiel at\u00e9 a morte!\u201d - Schoenstatt\",\"isPartOf\":{\"@id\":\"https:\\\/\\\/schoenstatt.com\\\/pt-pt\\\/#website\"},\"primaryImageOfPage\":{\"@id\":\"https:\\\/\\\/schoenstatt.com\\\/pt-pt\\\/diga-a-eles-que-permaneco-fiel-ate-a-morte\\\/#primaryimage\"},\"image\":{\"@id\":\"https:\\\/\\\/schoenstatt.com\\\/pt-pt\\\/diga-a-eles-que-permaneco-fiel-ate-a-morte\\\/#primaryimage\"},\"thumbnailUrl\":\"https:\\\/\\\/schoenstatt.com\\\/wp-content\\\/uploads\\\/2024\\\/01\\\/esser-1.jpg\",\"datePublished\":\"2024-01-18T01:19:48+00:00\",\"dateModified\":\"2025-05-15T22:59:10+00:00\",\"description\":\"H\u00e1 100 anos o jovem Fritz Esser, co-fundador de Schoenstatt, her\u00f3i da primeira gera\u00e7\u00e3o, entregava sua vida.\",\"breadcrumb\":{\"@id\":\"https:\\\/\\\/schoenstatt.com\\\/pt-pt\\\/diga-a-eles-que-permaneco-fiel-ate-a-morte\\\/#breadcrumb\"},\"inLanguage\":\"pt-PT\",\"potentialAction\":[{\"@type\":\"ReadAction\",\"target\":[\"https:\\\/\\\/schoenstatt.com\\\/pt-pt\\\/diga-a-eles-que-permaneco-fiel-ate-a-morte\\\/\"]}]},{\"@type\":\"ImageObject\",\"inLanguage\":\"pt-PT\",\"@id\":\"https:\\\/\\\/schoenstatt.com\\\/pt-pt\\\/diga-a-eles-que-permaneco-fiel-ate-a-morte\\\/#primaryimage\",\"url\":\"https:\\\/\\\/schoenstatt.com\\\/wp-content\\\/uploads\\\/2024\\\/01\\\/esser-1.jpg\",\"contentUrl\":\"https:\\\/\\\/schoenstatt.com\\\/wp-content\\\/uploads\\\/2024\\\/01\\\/esser-1.jpg\",\"width\":2048,\"height\":965},{\"@type\":\"BreadcrumbList\",\"@id\":\"https:\\\/\\\/schoenstatt.com\\\/pt-pt\\\/diga-a-eles-que-permaneco-fiel-ate-a-morte\\\/#breadcrumb\",\"itemListElement\":[{\"@type\":\"ListItem\",\"position\":1,\"name\":\"Portada\",\"item\":\"https:\\\/\\\/schoenstatt.com\\\/pt-pt\\\/home\\\/\"},{\"@type\":\"ListItem\",\"position\":2,\"name\":\"\u201cDiga a eles que permane\u00e7o fiel at\u00e9 a morte!\u201d\"}]},{\"@type\":\"WebSite\",\"@id\":\"https:\\\/\\\/schoenstatt.com\\\/pt-pt\\\/#website\",\"url\":\"https:\\\/\\\/schoenstatt.com\\\/pt-pt\\\/\",\"name\":\"Schoenstatt\",\"description\":\"Apostolic Movement\",\"publisher\":{\"@id\":\"https:\\\/\\\/schoenstatt.com\\\/pt-pt\\\/#organization\"},\"potentialAction\":[{\"@type\":\"SearchAction\",\"target\":{\"@type\":\"EntryPoint\",\"urlTemplate\":\"https:\\\/\\\/schoenstatt.com\\\/pt-pt\\\/?s={search_term_string}\"},\"query-input\":{\"@type\":\"PropertyValueSpecification\",\"valueRequired\":true,\"valueName\":\"search_term_string\"}}],\"inLanguage\":\"pt-PT\"},{\"@type\":\"Organization\",\"@id\":\"https:\\\/\\\/schoenstatt.com\\\/pt-pt\\\/#organization\",\"name\":\"Schoenstatt\",\"url\":\"https:\\\/\\\/schoenstatt.com\\\/pt-pt\\\/\",\"logo\":{\"@type\":\"ImageObject\",\"inLanguage\":\"pt-PT\",\"@id\":\"https:\\\/\\\/schoenstatt.com\\\/pt-pt\\\/#\\\/schema\\\/logo\\\/image\\\/\",\"url\":\"https:\\\/\\\/schoenstatt.com\\\/wp-content\\\/uploads\\\/2025\\\/04\\\/logo-schoenstatt-white-696x696-1.png\",\"contentUrl\":\"https:\\\/\\\/schoenstatt.com\\\/wp-content\\\/uploads\\\/2025\\\/04\\\/logo-schoenstatt-white-696x696-1.png\",\"width\":696,\"height\":694,\"caption\":\"Schoenstatt\"},\"image\":{\"@id\":\"https:\\\/\\\/schoenstatt.com\\\/pt-pt\\\/#\\\/schema\\\/logo\\\/image\\\/\"}},{\"@type\":\"Person\",\"@id\":\"https:\\\/\\\/schoenstatt.com\\\/pt-pt\\\/#\\\/schema\\\/person\\\/5158877ad4acae98b34daaeef2a1ce6e\",\"name\":\"Karen Bueno\",\"image\":{\"@type\":\"ImageObject\",\"inLanguage\":\"pt-PT\",\"@id\":\"https:\\\/\\\/secure.gravatar.com\\\/avatar\\\/f9f4b823873154269d2b2130f195f6d41037dd0d7fc5f3cacb5c846bae70d66b?s=96&d=mm&r=g\",\"url\":\"https:\\\/\\\/secure.gravatar.com\\\/avatar\\\/f9f4b823873154269d2b2130f195f6d41037dd0d7fc5f3cacb5c846bae70d66b?s=96&d=mm&r=g\",\"contentUrl\":\"https:\\\/\\\/secure.gravatar.com\\\/avatar\\\/f9f4b823873154269d2b2130f195f6d41037dd0d7fc5f3cacb5c846bae70d66b?s=96&d=mm&r=g\",\"caption\":\"Karen Bueno\"},\"url\":\"https:\\\/\\\/schoenstatt.com\\\/pt-pt\\\/author\\\/karen-bueno\\\/\"}]}<\/script>\n<!-- \/ Yoast SEO Premium plugin. -->","yoast_head_json":{"title":"\u201cDiga a eles que permane\u00e7o fiel at\u00e9 a morte!\u201d - Schoenstatt","description":"H\u00e1 100 anos o jovem Fritz Esser, co-fundador de Schoenstatt, her\u00f3i da primeira gera\u00e7\u00e3o, entregava sua vida.","robots":{"index":"index","follow":"follow","max-snippet":"max-snippet:-1","max-image-preview":"max-image-preview:large","max-video-preview":"max-video-preview:-1"},"canonical":"https:\/\/schoenstatt.com\/pt-pt\/diga-a-eles-que-permaneco-fiel-ate-a-morte\/","og_locale":"pt_PT","og_type":"article","og_title":"\u201cDiga a eles que permane\u00e7o fiel at\u00e9 a morte!\u201d","og_description":"H\u00e1 100 anos o jovem Fritz Esser, co-fundador de Schoenstatt, her\u00f3i da primeira gera\u00e7\u00e3o, entregava sua vida.","og_url":"https:\/\/schoenstatt.com\/pt-pt\/diga-a-eles-que-permaneco-fiel-ate-a-morte\/","og_site_name":"Schoenstatt","article_published_time":"2024-01-18T01:19:48+00:00","article_modified_time":"2025-05-15T22:59:10+00:00","og_image":[{"width":2048,"height":965,"url":"https:\/\/schoenstatt.com\/wp-content\/uploads\/2024\/01\/esser-1.jpg","type":"image\/jpeg"}],"author":"Karen Bueno","twitter_card":"summary_large_image","twitter_misc":{"Escrito por":"Karen Bueno","Tempo estimado de leitura":"6 minutos"},"schema":{"@context":"https:\/\/schema.org","@graph":[{"@type":"Article","@id":"https:\/\/schoenstatt.com\/pt-pt\/diga-a-eles-que-permaneco-fiel-ate-a-morte\/#article","isPartOf":{"@id":"https:\/\/schoenstatt.com\/pt-pt\/diga-a-eles-que-permaneco-fiel-ate-a-morte\/"},"author":{"name":"Karen Bueno","@id":"https:\/\/schoenstatt.com\/pt-pt\/#\/schema\/person\/5158877ad4acae98b34daaeef2a1ce6e"},"headline":"\u201cDiga a eles que permane\u00e7o fiel at\u00e9 a morte!\u201d","datePublished":"2024-01-18T01:19:48+00:00","dateModified":"2025-05-15T22:59:10+00:00","mainEntityOfPage":{"@id":"https:\/\/schoenstatt.com\/pt-pt\/diga-a-eles-que-permaneco-fiel-ate-a-morte\/"},"wordCount":1242,"publisher":{"@id":"https:\/\/schoenstatt.com\/pt-pt\/#organization"},"image":{"@id":"https:\/\/schoenstatt.com\/pt-pt\/diga-a-eles-que-permaneco-fiel-ate-a-morte\/#primaryimage"},"thumbnailUrl":"https:\/\/schoenstatt.com\/wp-content\/uploads\/2024\/01\/esser-1.jpg","articleSection":["Her\u00f3is de Schoenstatt"],"inLanguage":"pt-PT"},{"@type":"WebPage","@id":"https:\/\/schoenstatt.com\/pt-pt\/diga-a-eles-que-permaneco-fiel-ate-a-morte\/","url":"https:\/\/schoenstatt.com\/pt-pt\/diga-a-eles-que-permaneco-fiel-ate-a-morte\/","name":"\u201cDiga a eles que permane\u00e7o fiel at\u00e9 a morte!\u201d - Schoenstatt","isPartOf":{"@id":"https:\/\/schoenstatt.com\/pt-pt\/#website"},"primaryImageOfPage":{"@id":"https:\/\/schoenstatt.com\/pt-pt\/diga-a-eles-que-permaneco-fiel-ate-a-morte\/#primaryimage"},"image":{"@id":"https:\/\/schoenstatt.com\/pt-pt\/diga-a-eles-que-permaneco-fiel-ate-a-morte\/#primaryimage"},"thumbnailUrl":"https:\/\/schoenstatt.com\/wp-content\/uploads\/2024\/01\/esser-1.jpg","datePublished":"2024-01-18T01:19:48+00:00","dateModified":"2025-05-15T22:59:10+00:00","description":"H\u00e1 100 anos o jovem Fritz Esser, co-fundador de Schoenstatt, her\u00f3i da primeira gera\u00e7\u00e3o, entregava sua vida.","breadcrumb":{"@id":"https:\/\/schoenstatt.com\/pt-pt\/diga-a-eles-que-permaneco-fiel-ate-a-morte\/#breadcrumb"},"inLanguage":"pt-PT","potentialAction":[{"@type":"ReadAction","target":["https:\/\/schoenstatt.com\/pt-pt\/diga-a-eles-que-permaneco-fiel-ate-a-morte\/"]}]},{"@type":"ImageObject","inLanguage":"pt-PT","@id":"https:\/\/schoenstatt.com\/pt-pt\/diga-a-eles-que-permaneco-fiel-ate-a-morte\/#primaryimage","url":"https:\/\/schoenstatt.com\/wp-content\/uploads\/2024\/01\/esser-1.jpg","contentUrl":"https:\/\/schoenstatt.com\/wp-content\/uploads\/2024\/01\/esser-1.jpg","width":2048,"height":965},{"@type":"BreadcrumbList","@id":"https:\/\/schoenstatt.com\/pt-pt\/diga-a-eles-que-permaneco-fiel-ate-a-morte\/#breadcrumb","itemListElement":[{"@type":"ListItem","position":1,"name":"Portada","item":"https:\/\/schoenstatt.com\/pt-pt\/home\/"},{"@type":"ListItem","position":2,"name":"\u201cDiga a eles que permane\u00e7o fiel at\u00e9 a morte!\u201d"}]},{"@type":"WebSite","@id":"https:\/\/schoenstatt.com\/pt-pt\/#website","url":"https:\/\/schoenstatt.com\/pt-pt\/","name":"Schoenstatt","description":"Apostolic Movement","publisher":{"@id":"https:\/\/schoenstatt.com\/pt-pt\/#organization"},"potentialAction":[{"@type":"SearchAction","target":{"@type":"EntryPoint","urlTemplate":"https:\/\/schoenstatt.com\/pt-pt\/?s={search_term_string}"},"query-input":{"@type":"PropertyValueSpecification","valueRequired":true,"valueName":"search_term_string"}}],"inLanguage":"pt-PT"},{"@type":"Organization","@id":"https:\/\/schoenstatt.com\/pt-pt\/#organization","name":"Schoenstatt","url":"https:\/\/schoenstatt.com\/pt-pt\/","logo":{"@type":"ImageObject","inLanguage":"pt-PT","@id":"https:\/\/schoenstatt.com\/pt-pt\/#\/schema\/logo\/image\/","url":"https:\/\/schoenstatt.com\/wp-content\/uploads\/2025\/04\/logo-schoenstatt-white-696x696-1.png","contentUrl":"https:\/\/schoenstatt.com\/wp-content\/uploads\/2025\/04\/logo-schoenstatt-white-696x696-1.png","width":696,"height":694,"caption":"Schoenstatt"},"image":{"@id":"https:\/\/schoenstatt.com\/pt-pt\/#\/schema\/logo\/image\/"}},{"@type":"Person","@id":"https:\/\/schoenstatt.com\/pt-pt\/#\/schema\/person\/5158877ad4acae98b34daaeef2a1ce6e","name":"Karen Bueno","image":{"@type":"ImageObject","inLanguage":"pt-PT","@id":"https:\/\/secure.gravatar.com\/avatar\/f9f4b823873154269d2b2130f195f6d41037dd0d7fc5f3cacb5c846bae70d66b?s=96&d=mm&r=g","url":"https:\/\/secure.gravatar.com\/avatar\/f9f4b823873154269d2b2130f195f6d41037dd0d7fc5f3cacb5c846bae70d66b?s=96&d=mm&r=g","contentUrl":"https:\/\/secure.gravatar.com\/avatar\/f9f4b823873154269d2b2130f195f6d41037dd0d7fc5f3cacb5c846bae70d66b?s=96&d=mm&r=g","caption":"Karen Bueno"},"url":"https:\/\/schoenstatt.com\/pt-pt\/author\/karen-bueno\/"}]}},"_links":{"self":[{"href":"https:\/\/schoenstatt.com\/pt-pt\/wp-json\/wp\/v2\/posts\/34243","targetHints":{"allow":["GET"]}}],"collection":[{"href":"https:\/\/schoenstatt.com\/pt-pt\/wp-json\/wp\/v2\/posts"}],"about":[{"href":"https:\/\/schoenstatt.com\/pt-pt\/wp-json\/wp\/v2\/types\/post"}],"author":[{"embeddable":true,"href":"https:\/\/schoenstatt.com\/pt-pt\/wp-json\/wp\/v2\/users\/3"}],"replies":[{"embeddable":true,"href":"https:\/\/schoenstatt.com\/pt-pt\/wp-json\/wp\/v2\/comments?post=34243"}],"version-history":[{"count":1,"href":"https:\/\/schoenstatt.com\/pt-pt\/wp-json\/wp\/v2\/posts\/34243\/revisions"}],"predecessor-version":[{"id":46593,"href":"https:\/\/schoenstatt.com\/pt-pt\/wp-json\/wp\/v2\/posts\/34243\/revisions\/46593"}],"wp:featuredmedia":[{"embeddable":true,"href":"https:\/\/schoenstatt.com\/pt-pt\/wp-json\/wp\/v2\/media\/34244"}],"wp:attachment":[{"href":"https:\/\/schoenstatt.com\/pt-pt\/wp-json\/wp\/v2\/media?parent=34243"}],"wp:term":[{"taxonomy":"category","embeddable":true,"href":"https:\/\/schoenstatt.com\/pt-pt\/wp-json\/wp\/v2\/categories?post=34243"},{"taxonomy":"post_tag","embeddable":true,"href":"https:\/\/schoenstatt.com\/pt-pt\/wp-json\/wp\/v2\/tags?post=34243"}],"curies":[{"name":"wp","href":"https:\/\/api.w.org\/{rel}","templated":true}]}}