{"id":34205,"date":"2024-01-11T13:09:39","date_gmt":"2024-01-11T12:09:39","guid":{"rendered":"https:\/\/schoenstatt.com\/?p=34205"},"modified":"2025-05-16T00:59:11","modified_gmt":"2025-05-15T22:59:11","slug":"sabe-quem-foi-fritz-esser-recordamos-o-centenario-de-sua-morte","status":"publish","type":"post","link":"https:\/\/schoenstatt.com\/pt-pt\/sabe-quem-foi-fritz-esser-recordamos-o-centenario-de-sua-morte\/","title":{"rendered":"Sabe quem foi Fritz Esser? Recordamos o centen\u00e1rio de sua morte"},"content":{"rendered":"<p>Quem entra em um Santu\u00e1rio de Schoenstatt v\u00ea rapidamente o quadro de luz que brilha em torno da imagem da M\u00e3e de Deus, que ali \u00e9 venerada como \u201cM\u00e3e Tr\u00eas Vezes Admir\u00e1vel\u201d (Mater Ter Admirabilis &#8211; MTA). Entretanto, nem todo visitante sabe o nome da pessoa que criou esse quadro de luz t\u00e3o atrativo. Trata-se de Fritz Esser, cujo t\u00famulo se encontra ao lado do Santu\u00e1rio de Schoenstatt de Weiskirchen, na diocese de Mainz, Alemanha. O dia 18 de janeiro de 2024 marca os 100 anos da morte de Fritz Esser. Por isso, hoje vamos conhecer um pouco mais sobre sua vida e seu legado na Obra de Schoenstatt.<\/p>\n<p style=\"text-align: center;\"><iframe style=\"border: 0;\" src=\"https:\/\/www.google.com\/maps\/embed?pb=!1m18!1m12!1m3!1d82833.38304128815!2d6.721924876490145!3d49.54977267259728!2m3!1f0!2f0!3f0!3m2!1i1024!2i768!4f13.1!3m3!1m2!1s0x47959e5e8c3e5651%3A0x422d4d510dc3930!2s66709%20Weiskirchen%2C%20Germany!5e0!3m2!1sen!2sbr!4v1704975839912!5m2!1sen!2sbr\" width=\"400\" height=\"300\" allowfullscreen=\"allowfullscreen\"><\/iframe><\/p>\n<h3>A iniciativa nasce de um fervoroso amor a Maria<\/h3>\n<p>Fritz era um dos alunos do Pe. Jos\u00e9 Kentenich. Com sa\u00fade fr\u00e1gil, ele teve de lutar para alcan\u00e7ar as notas de sua classe. Esse jovem, que uma vez disse de si mesmo que era \u2018dez vezes mais burro do que aparentava\u2019, desenvolveu um amor ardente pela M\u00e3e de Deus, por quem fez muitos sacrif\u00edcios e sempre quis ajudar para que seus colegas de classe gostassem de passar o tempo no Santu\u00e1rio, em Schoenstatt. Ele decorou a capelinha e aqueceu da melhor maneira poss\u00edvel, at\u00e9 mesmo plantou um pequeno jardim em frente ao Santu\u00e1rio.<\/p>\n<p><img fetchpriority=\"high\" decoding=\"async\" class=\"aligncenter wp-image-34210 \" src=\"https:\/\/schoenstatt.com\/wp-content\/uploads\/2024\/01\/fritz-esser-schoenstatt-2-730x1024.jpg\" alt=\"\" width=\"500\" height=\"702\" \/><\/p>\n<p>Com muito esfor\u00e7o, revis\u00f5es e ora\u00e7\u00f5es, Fritz conseguiu passar no exame anual, apesar de sua sa\u00fade fr\u00e1gil. A gratid\u00e3o pela ajuda da M\u00e3e de Deus nos estudos, na forma\u00e7\u00e3o de grupos durante a Primeira Guerra Mundial, o sucesso em seu zelo apost\u00f3lico, a fidelidade \u00e0 sua voca\u00e7\u00e3o, a ajuda na doen\u00e7a e os cinco anos de exist\u00eancia da Congrega\u00e7\u00e3o Mariana, fundada em 19 de abril de 1914, foram a for\u00e7a motriz por tr\u00e1s de sua ideia de dar \u00e0 MTA um quadro de luz. Ele recebeu apoio ativo dos Irm\u00e3os Palotinos. Com a ajuda deles, o quadro foi at\u00e9 equipado com luz el\u00e9trica.<\/p>\n<h2>Um Servo de Maria jamais perecer\u00e1<\/h2>\n<p><img decoding=\"async\" class=\"aligncenter wp-image-34218 size-large\" src=\"https:\/\/schoenstatt.com\/wp-content\/uploads\/2024\/01\/mae-mater-mutter-MTA-maria-santuario-shrine-1024x643.jpg\" alt=\"\" width=\"840\" height=\"527\" \/><\/p>\n<p>A inscri\u00e7\u00e3o: SERVUS MARIAE NUNQUAM PERIBIT (Um Servo de Maria jamais perecer\u00e1) pretende ser a confiss\u00e3o de sua jovem vida e a da Congrega\u00e7\u00e3o Mariana, conforme indicado pelos dois n\u00fameros chanfrados \u201c1914 \u2013 1919\u201d. Provavelmente essa moldura foi colocada no Santu\u00e1rio por ocasi\u00e3o do quinto anivers\u00e1rio da Congrega\u00e7\u00e3o Mariana, no Domingo Branco (segundo domingo da P\u00e1scoa), 27 de abril de 1919.<\/p>\n<p>A moldura de luz, feita originalmente de madeira, ficou pendurada no Santu\u00e1rio Original at\u00e9 1934, quando se quebrou ao ser removida. O calor constante das l\u00e2mpadas certamente contribuiu para isso. As Irm\u00e3s de Maria de Schoenstatt j\u00e1 haviam feito uma c\u00f3pia fiel dessa moldura antes de 1934, a qual foi pendurada na capela de sua casa em 8 de dezembro de 1928 e agora se encontra na casa das Irm\u00e3s Adoradoras, no Monte Schoenstatt. A nova moldura de luz foi feita em metal para o Santu\u00e1rio Original e agora pode ser vista em mais de 220 Santu\u00e1rios filiais em todo o mundo.<\/p>\n<h3>Uma imagem que emana luz<\/h3>\n<p>Quanta luz tem se irradiado dessa moldura em torno da imagem da M\u00e3e de Deus nos Santu\u00e1rios desde ent\u00e3o, dando esperan\u00e7a e conforto a in\u00fameras pessoas!<\/p>\n<p>A Fam\u00edlia de Schoenstatt em Mainz possui um peda\u00e7o de 10 cm de comprimento da moldura original que Fritz Esser serrou, que pode ser visto no Centro de Schoenstatt em Weiskirchen.<\/p>\n<figure id=\"attachment_34214\" aria-describedby=\"caption-attachment-34214\" style=\"width: 680px\" class=\"wp-caption aligncenter\"><img decoding=\"async\" class=\"wp-image-34214 size-full\" src=\"https:\/\/schoenstatt.com\/wp-content\/uploads\/2024\/01\/Fritz-Esser-santuario-heiligtum-Weiskirchen.png\" alt=\"\" width=\"680\" height=\"453\" \/><figcaption id=\"caption-attachment-34214\" class=\"wp-caption-text\">T\u00famulo de Fritz Esser junto ao Santu\u00e1rio de Weiskirchen<\/figcaption><\/figure>\n<p>*Texto adaptado. Fonte: <a href=\"https:\/\/www.schoenstatt.de\/de\/\" target=\"_blank\" rel=\"noopener\">schoenstatt.de<\/a><\/p>\n<p>Foto em destaque: Padres de Schoenstatt Nig\u00e9ria<\/p>\n","protected":false},"excerpt":{"rendered":"<p>Voc\u00ea conhece algo sobre a vida desse jovem her\u00f3i de Schoenstatt? Talvez n\u00e3o o conhe\u00e7a, mas provavelmente j\u00e1 viu uma pe\u00e7a marcante que pode ser encontrada em todos os Santu\u00e1rios de Schoenstatt e que foi criada por ele: o quadro de luz SERVUS MARIAE NUNQUAM PERIBIT.<\/p>\n","protected":false},"author":3,"featured_media":34206,"comment_status":"closed","ping_status":"closed","sticky":false,"template":"","format":"standard","meta":{"footnotes":""},"categories":[888],"tags":[],"class_list":["post-34205","post","type-post","status-publish","format-standard","has-post-thumbnail","hentry","category-herois-de-schoenstatt-pt-pt"],"yoast_head":"<!-- This site is optimized with the Yoast SEO Premium plugin v27.4 (Yoast SEO v27.4) - https:\/\/yoast.com\/product\/yoast-seo-premium-wordpress\/ -->\n<title>Sabe quem foi Fritz Esser? Recordamos o centen\u00e1rio de sua morte<\/title>\n<meta name=\"description\" content=\"Servus Mariae nunquam peribit - Esta frase marcante faz parte da vida do jovem Fritz Esser e de toda a Obra de Schoenstatt.\" \/>\n<meta name=\"robots\" content=\"index, follow, max-snippet:-1, max-image-preview:large, max-video-preview:-1\" \/>\n<link rel=\"canonical\" href=\"https:\/\/schoenstatt.com\/pt-pt\/sabe-quem-foi-fritz-esser-recordamos-o-centenario-de-sua-morte\/\" \/>\n<meta property=\"og:locale\" content=\"pt_PT\" \/>\n<meta property=\"og:type\" content=\"article\" \/>\n<meta property=\"og:title\" content=\"Sabe quem foi Fritz Esser? Recordamos o centen\u00e1rio de sua morte\" \/>\n<meta property=\"og:description\" content=\"Servus Mariae nunquam peribit - Esta frase marcante faz parte da vida do jovem Fritz Esser e de toda a Obra de Schoenstatt.\" \/>\n<meta property=\"og:url\" content=\"https:\/\/schoenstatt.com\/pt-pt\/sabe-quem-foi-fritz-esser-recordamos-o-centenario-de-sua-morte\/\" \/>\n<meta property=\"og:site_name\" content=\"Schoenstatt\" \/>\n<meta property=\"article:published_time\" content=\"2024-01-11T12:09:39+00:00\" \/>\n<meta property=\"article:modified_time\" content=\"2025-05-15T22:59:11+00:00\" \/>\n<meta property=\"og:image\" content=\"https:\/\/schoenstatt.com\/wp-content\/uploads\/2024\/01\/fritz-esser-schoenstatt-3.jpg\" \/>\n\t<meta property=\"og:image:width\" content=\"1920\" \/>\n\t<meta property=\"og:image:height\" content=\"1308\" \/>\n\t<meta property=\"og:image:type\" content=\"image\/jpeg\" \/>\n<meta name=\"author\" content=\"Karen Bueno\" \/>\n<meta name=\"twitter:card\" content=\"summary_large_image\" \/>\n<meta name=\"twitter:label1\" content=\"Escrito por\" \/>\n\t<meta name=\"twitter:data1\" content=\"Karen Bueno\" \/>\n\t<meta name=\"twitter:label2\" content=\"Tempo estimado de leitura\" \/>\n\t<meta name=\"twitter:data2\" content=\"4 minutos\" \/>\n<script type=\"application\/ld+json\" class=\"yoast-schema-graph\">{\"@context\":\"https:\\\/\\\/schema.org\",\"@graph\":[{\"@type\":\"Article\",\"@id\":\"https:\\\/\\\/schoenstatt.com\\\/pt-pt\\\/sabe-quem-foi-fritz-esser-recordamos-o-centenario-de-sua-morte\\\/#article\",\"isPartOf\":{\"@id\":\"https:\\\/\\\/schoenstatt.com\\\/pt-pt\\\/sabe-quem-foi-fritz-esser-recordamos-o-centenario-de-sua-morte\\\/\"},\"author\":{\"name\":\"Karen Bueno\",\"@id\":\"https:\\\/\\\/schoenstatt.com\\\/pt-pt\\\/#\\\/schema\\\/person\\\/5158877ad4acae98b34daaeef2a1ce6e\"},\"headline\":\"Sabe quem foi Fritz Esser? Recordamos o centen\u00e1rio de sua morte\",\"datePublished\":\"2024-01-11T12:09:39+00:00\",\"dateModified\":\"2025-05-15T22:59:11+00:00\",\"mainEntityOfPage\":{\"@id\":\"https:\\\/\\\/schoenstatt.com\\\/pt-pt\\\/sabe-quem-foi-fritz-esser-recordamos-o-centenario-de-sua-morte\\\/\"},\"wordCount\":625,\"publisher\":{\"@id\":\"https:\\\/\\\/schoenstatt.com\\\/pt-pt\\\/#organization\"},\"image\":{\"@id\":\"https:\\\/\\\/schoenstatt.com\\\/pt-pt\\\/sabe-quem-foi-fritz-esser-recordamos-o-centenario-de-sua-morte\\\/#primaryimage\"},\"thumbnailUrl\":\"https:\\\/\\\/schoenstatt.com\\\/wp-content\\\/uploads\\\/2024\\\/01\\\/fritz-esser-schoenstatt-3.jpg\",\"articleSection\":[\"Her\u00f3is de Schoenstatt\"],\"inLanguage\":\"pt-PT\"},{\"@type\":\"WebPage\",\"@id\":\"https:\\\/\\\/schoenstatt.com\\\/pt-pt\\\/sabe-quem-foi-fritz-esser-recordamos-o-centenario-de-sua-morte\\\/\",\"url\":\"https:\\\/\\\/schoenstatt.com\\\/pt-pt\\\/sabe-quem-foi-fritz-esser-recordamos-o-centenario-de-sua-morte\\\/\",\"name\":\"Sabe quem foi Fritz Esser? Recordamos o centen\u00e1rio de sua morte\",\"isPartOf\":{\"@id\":\"https:\\\/\\\/schoenstatt.com\\\/pt-pt\\\/#website\"},\"primaryImageOfPage\":{\"@id\":\"https:\\\/\\\/schoenstatt.com\\\/pt-pt\\\/sabe-quem-foi-fritz-esser-recordamos-o-centenario-de-sua-morte\\\/#primaryimage\"},\"image\":{\"@id\":\"https:\\\/\\\/schoenstatt.com\\\/pt-pt\\\/sabe-quem-foi-fritz-esser-recordamos-o-centenario-de-sua-morte\\\/#primaryimage\"},\"thumbnailUrl\":\"https:\\\/\\\/schoenstatt.com\\\/wp-content\\\/uploads\\\/2024\\\/01\\\/fritz-esser-schoenstatt-3.jpg\",\"datePublished\":\"2024-01-11T12:09:39+00:00\",\"dateModified\":\"2025-05-15T22:59:11+00:00\",\"description\":\"Servus Mariae nunquam peribit - Esta frase marcante faz parte da vida do jovem Fritz Esser e de toda a Obra de Schoenstatt.\",\"breadcrumb\":{\"@id\":\"https:\\\/\\\/schoenstatt.com\\\/pt-pt\\\/sabe-quem-foi-fritz-esser-recordamos-o-centenario-de-sua-morte\\\/#breadcrumb\"},\"inLanguage\":\"pt-PT\",\"potentialAction\":[{\"@type\":\"ReadAction\",\"target\":[\"https:\\\/\\\/schoenstatt.com\\\/pt-pt\\\/sabe-quem-foi-fritz-esser-recordamos-o-centenario-de-sua-morte\\\/\"]}]},{\"@type\":\"ImageObject\",\"inLanguage\":\"pt-PT\",\"@id\":\"https:\\\/\\\/schoenstatt.com\\\/pt-pt\\\/sabe-quem-foi-fritz-esser-recordamos-o-centenario-de-sua-morte\\\/#primaryimage\",\"url\":\"https:\\\/\\\/schoenstatt.com\\\/wp-content\\\/uploads\\\/2024\\\/01\\\/fritz-esser-schoenstatt-3.jpg\",\"contentUrl\":\"https:\\\/\\\/schoenstatt.com\\\/wp-content\\\/uploads\\\/2024\\\/01\\\/fritz-esser-schoenstatt-3.jpg\",\"width\":1920,\"height\":1308},{\"@type\":\"BreadcrumbList\",\"@id\":\"https:\\\/\\\/schoenstatt.com\\\/pt-pt\\\/sabe-quem-foi-fritz-esser-recordamos-o-centenario-de-sua-morte\\\/#breadcrumb\",\"itemListElement\":[{\"@type\":\"ListItem\",\"position\":1,\"name\":\"Portada\",\"item\":\"https:\\\/\\\/schoenstatt.com\\\/pt-pt\\\/home\\\/\"},{\"@type\":\"ListItem\",\"position\":2,\"name\":\"Sabe quem foi Fritz Esser? Recordamos o centen\u00e1rio de sua morte\"}]},{\"@type\":\"WebSite\",\"@id\":\"https:\\\/\\\/schoenstatt.com\\\/pt-pt\\\/#website\",\"url\":\"https:\\\/\\\/schoenstatt.com\\\/pt-pt\\\/\",\"name\":\"Schoenstatt\",\"description\":\"Apostolic Movement\",\"publisher\":{\"@id\":\"https:\\\/\\\/schoenstatt.com\\\/pt-pt\\\/#organization\"},\"potentialAction\":[{\"@type\":\"SearchAction\",\"target\":{\"@type\":\"EntryPoint\",\"urlTemplate\":\"https:\\\/\\\/schoenstatt.com\\\/pt-pt\\\/?s={search_term_string}\"},\"query-input\":{\"@type\":\"PropertyValueSpecification\",\"valueRequired\":true,\"valueName\":\"search_term_string\"}}],\"inLanguage\":\"pt-PT\"},{\"@type\":\"Organization\",\"@id\":\"https:\\\/\\\/schoenstatt.com\\\/pt-pt\\\/#organization\",\"name\":\"Schoenstatt\",\"url\":\"https:\\\/\\\/schoenstatt.com\\\/pt-pt\\\/\",\"logo\":{\"@type\":\"ImageObject\",\"inLanguage\":\"pt-PT\",\"@id\":\"https:\\\/\\\/schoenstatt.com\\\/pt-pt\\\/#\\\/schema\\\/logo\\\/image\\\/\",\"url\":\"https:\\\/\\\/schoenstatt.com\\\/wp-content\\\/uploads\\\/2025\\\/04\\\/logo-schoenstatt-white-696x696-1.png\",\"contentUrl\":\"https:\\\/\\\/schoenstatt.com\\\/wp-content\\\/uploads\\\/2025\\\/04\\\/logo-schoenstatt-white-696x696-1.png\",\"width\":696,\"height\":694,\"caption\":\"Schoenstatt\"},\"image\":{\"@id\":\"https:\\\/\\\/schoenstatt.com\\\/pt-pt\\\/#\\\/schema\\\/logo\\\/image\\\/\"}},{\"@type\":\"Person\",\"@id\":\"https:\\\/\\\/schoenstatt.com\\\/pt-pt\\\/#\\\/schema\\\/person\\\/5158877ad4acae98b34daaeef2a1ce6e\",\"name\":\"Karen Bueno\",\"image\":{\"@type\":\"ImageObject\",\"inLanguage\":\"pt-PT\",\"@id\":\"https:\\\/\\\/secure.gravatar.com\\\/avatar\\\/f9f4b823873154269d2b2130f195f6d41037dd0d7fc5f3cacb5c846bae70d66b?s=96&d=mm&r=g\",\"url\":\"https:\\\/\\\/secure.gravatar.com\\\/avatar\\\/f9f4b823873154269d2b2130f195f6d41037dd0d7fc5f3cacb5c846bae70d66b?s=96&d=mm&r=g\",\"contentUrl\":\"https:\\\/\\\/secure.gravatar.com\\\/avatar\\\/f9f4b823873154269d2b2130f195f6d41037dd0d7fc5f3cacb5c846bae70d66b?s=96&d=mm&r=g\",\"caption\":\"Karen Bueno\"},\"url\":\"https:\\\/\\\/schoenstatt.com\\\/pt-pt\\\/author\\\/karen-bueno\\\/\"}]}<\/script>\n<!-- \/ Yoast SEO Premium plugin. -->","yoast_head_json":{"title":"Sabe quem foi Fritz Esser? Recordamos o centen\u00e1rio de sua morte","description":"Servus Mariae nunquam peribit - Esta frase marcante faz parte da vida do jovem Fritz Esser e de toda a Obra de Schoenstatt.","robots":{"index":"index","follow":"follow","max-snippet":"max-snippet:-1","max-image-preview":"max-image-preview:large","max-video-preview":"max-video-preview:-1"},"canonical":"https:\/\/schoenstatt.com\/pt-pt\/sabe-quem-foi-fritz-esser-recordamos-o-centenario-de-sua-morte\/","og_locale":"pt_PT","og_type":"article","og_title":"Sabe quem foi Fritz Esser? Recordamos o centen\u00e1rio de sua morte","og_description":"Servus Mariae nunquam peribit - Esta frase marcante faz parte da vida do jovem Fritz Esser e de toda a Obra de Schoenstatt.","og_url":"https:\/\/schoenstatt.com\/pt-pt\/sabe-quem-foi-fritz-esser-recordamos-o-centenario-de-sua-morte\/","og_site_name":"Schoenstatt","article_published_time":"2024-01-11T12:09:39+00:00","article_modified_time":"2025-05-15T22:59:11+00:00","og_image":[{"width":1920,"height":1308,"url":"https:\/\/schoenstatt.com\/wp-content\/uploads\/2024\/01\/fritz-esser-schoenstatt-3.jpg","type":"image\/jpeg"}],"author":"Karen Bueno","twitter_card":"summary_large_image","twitter_misc":{"Escrito por":"Karen Bueno","Tempo estimado de leitura":"4 minutos"},"schema":{"@context":"https:\/\/schema.org","@graph":[{"@type":"Article","@id":"https:\/\/schoenstatt.com\/pt-pt\/sabe-quem-foi-fritz-esser-recordamos-o-centenario-de-sua-morte\/#article","isPartOf":{"@id":"https:\/\/schoenstatt.com\/pt-pt\/sabe-quem-foi-fritz-esser-recordamos-o-centenario-de-sua-morte\/"},"author":{"name":"Karen Bueno","@id":"https:\/\/schoenstatt.com\/pt-pt\/#\/schema\/person\/5158877ad4acae98b34daaeef2a1ce6e"},"headline":"Sabe quem foi Fritz Esser? Recordamos o centen\u00e1rio de sua morte","datePublished":"2024-01-11T12:09:39+00:00","dateModified":"2025-05-15T22:59:11+00:00","mainEntityOfPage":{"@id":"https:\/\/schoenstatt.com\/pt-pt\/sabe-quem-foi-fritz-esser-recordamos-o-centenario-de-sua-morte\/"},"wordCount":625,"publisher":{"@id":"https:\/\/schoenstatt.com\/pt-pt\/#organization"},"image":{"@id":"https:\/\/schoenstatt.com\/pt-pt\/sabe-quem-foi-fritz-esser-recordamos-o-centenario-de-sua-morte\/#primaryimage"},"thumbnailUrl":"https:\/\/schoenstatt.com\/wp-content\/uploads\/2024\/01\/fritz-esser-schoenstatt-3.jpg","articleSection":["Her\u00f3is de Schoenstatt"],"inLanguage":"pt-PT"},{"@type":"WebPage","@id":"https:\/\/schoenstatt.com\/pt-pt\/sabe-quem-foi-fritz-esser-recordamos-o-centenario-de-sua-morte\/","url":"https:\/\/schoenstatt.com\/pt-pt\/sabe-quem-foi-fritz-esser-recordamos-o-centenario-de-sua-morte\/","name":"Sabe quem foi Fritz Esser? Recordamos o centen\u00e1rio de sua morte","isPartOf":{"@id":"https:\/\/schoenstatt.com\/pt-pt\/#website"},"primaryImageOfPage":{"@id":"https:\/\/schoenstatt.com\/pt-pt\/sabe-quem-foi-fritz-esser-recordamos-o-centenario-de-sua-morte\/#primaryimage"},"image":{"@id":"https:\/\/schoenstatt.com\/pt-pt\/sabe-quem-foi-fritz-esser-recordamos-o-centenario-de-sua-morte\/#primaryimage"},"thumbnailUrl":"https:\/\/schoenstatt.com\/wp-content\/uploads\/2024\/01\/fritz-esser-schoenstatt-3.jpg","datePublished":"2024-01-11T12:09:39+00:00","dateModified":"2025-05-15T22:59:11+00:00","description":"Servus Mariae nunquam peribit - Esta frase marcante faz parte da vida do jovem Fritz Esser e de toda a Obra de Schoenstatt.","breadcrumb":{"@id":"https:\/\/schoenstatt.com\/pt-pt\/sabe-quem-foi-fritz-esser-recordamos-o-centenario-de-sua-morte\/#breadcrumb"},"inLanguage":"pt-PT","potentialAction":[{"@type":"ReadAction","target":["https:\/\/schoenstatt.com\/pt-pt\/sabe-quem-foi-fritz-esser-recordamos-o-centenario-de-sua-morte\/"]}]},{"@type":"ImageObject","inLanguage":"pt-PT","@id":"https:\/\/schoenstatt.com\/pt-pt\/sabe-quem-foi-fritz-esser-recordamos-o-centenario-de-sua-morte\/#primaryimage","url":"https:\/\/schoenstatt.com\/wp-content\/uploads\/2024\/01\/fritz-esser-schoenstatt-3.jpg","contentUrl":"https:\/\/schoenstatt.com\/wp-content\/uploads\/2024\/01\/fritz-esser-schoenstatt-3.jpg","width":1920,"height":1308},{"@type":"BreadcrumbList","@id":"https:\/\/schoenstatt.com\/pt-pt\/sabe-quem-foi-fritz-esser-recordamos-o-centenario-de-sua-morte\/#breadcrumb","itemListElement":[{"@type":"ListItem","position":1,"name":"Portada","item":"https:\/\/schoenstatt.com\/pt-pt\/home\/"},{"@type":"ListItem","position":2,"name":"Sabe quem foi Fritz Esser? Recordamos o centen\u00e1rio de sua morte"}]},{"@type":"WebSite","@id":"https:\/\/schoenstatt.com\/pt-pt\/#website","url":"https:\/\/schoenstatt.com\/pt-pt\/","name":"Schoenstatt","description":"Apostolic Movement","publisher":{"@id":"https:\/\/schoenstatt.com\/pt-pt\/#organization"},"potentialAction":[{"@type":"SearchAction","target":{"@type":"EntryPoint","urlTemplate":"https:\/\/schoenstatt.com\/pt-pt\/?s={search_term_string}"},"query-input":{"@type":"PropertyValueSpecification","valueRequired":true,"valueName":"search_term_string"}}],"inLanguage":"pt-PT"},{"@type":"Organization","@id":"https:\/\/schoenstatt.com\/pt-pt\/#organization","name":"Schoenstatt","url":"https:\/\/schoenstatt.com\/pt-pt\/","logo":{"@type":"ImageObject","inLanguage":"pt-PT","@id":"https:\/\/schoenstatt.com\/pt-pt\/#\/schema\/logo\/image\/","url":"https:\/\/schoenstatt.com\/wp-content\/uploads\/2025\/04\/logo-schoenstatt-white-696x696-1.png","contentUrl":"https:\/\/schoenstatt.com\/wp-content\/uploads\/2025\/04\/logo-schoenstatt-white-696x696-1.png","width":696,"height":694,"caption":"Schoenstatt"},"image":{"@id":"https:\/\/schoenstatt.com\/pt-pt\/#\/schema\/logo\/image\/"}},{"@type":"Person","@id":"https:\/\/schoenstatt.com\/pt-pt\/#\/schema\/person\/5158877ad4acae98b34daaeef2a1ce6e","name":"Karen Bueno","image":{"@type":"ImageObject","inLanguage":"pt-PT","@id":"https:\/\/secure.gravatar.com\/avatar\/f9f4b823873154269d2b2130f195f6d41037dd0d7fc5f3cacb5c846bae70d66b?s=96&d=mm&r=g","url":"https:\/\/secure.gravatar.com\/avatar\/f9f4b823873154269d2b2130f195f6d41037dd0d7fc5f3cacb5c846bae70d66b?s=96&d=mm&r=g","contentUrl":"https:\/\/secure.gravatar.com\/avatar\/f9f4b823873154269d2b2130f195f6d41037dd0d7fc5f3cacb5c846bae70d66b?s=96&d=mm&r=g","caption":"Karen Bueno"},"url":"https:\/\/schoenstatt.com\/pt-pt\/author\/karen-bueno\/"}]}},"_links":{"self":[{"href":"https:\/\/schoenstatt.com\/pt-pt\/wp-json\/wp\/v2\/posts\/34205","targetHints":{"allow":["GET"]}}],"collection":[{"href":"https:\/\/schoenstatt.com\/pt-pt\/wp-json\/wp\/v2\/posts"}],"about":[{"href":"https:\/\/schoenstatt.com\/pt-pt\/wp-json\/wp\/v2\/types\/post"}],"author":[{"embeddable":true,"href":"https:\/\/schoenstatt.com\/pt-pt\/wp-json\/wp\/v2\/users\/3"}],"replies":[{"embeddable":true,"href":"https:\/\/schoenstatt.com\/pt-pt\/wp-json\/wp\/v2\/comments?post=34205"}],"version-history":[{"count":1,"href":"https:\/\/schoenstatt.com\/pt-pt\/wp-json\/wp\/v2\/posts\/34205\/revisions"}],"predecessor-version":[{"id":46585,"href":"https:\/\/schoenstatt.com\/pt-pt\/wp-json\/wp\/v2\/posts\/34205\/revisions\/46585"}],"wp:featuredmedia":[{"embeddable":true,"href":"https:\/\/schoenstatt.com\/pt-pt\/wp-json\/wp\/v2\/media\/34206"}],"wp:attachment":[{"href":"https:\/\/schoenstatt.com\/pt-pt\/wp-json\/wp\/v2\/media?parent=34205"}],"wp:term":[{"taxonomy":"category","embeddable":true,"href":"https:\/\/schoenstatt.com\/pt-pt\/wp-json\/wp\/v2\/categories?post=34205"},{"taxonomy":"post_tag","embeddable":true,"href":"https:\/\/schoenstatt.com\/pt-pt\/wp-json\/wp\/v2\/tags?post=34205"}],"curies":[{"name":"wp","href":"https:\/\/api.w.org\/{rel}","templated":true}]}}