{"id":34123,"date":"2023-12-22T16:55:37","date_gmt":"2023-12-22T15:55:37","guid":{"rendered":"https:\/\/schoenstatt.com\/espiritualidade\/in-january-adaptations-at-the-altar-of-the-original-shrine\/"},"modified":"2025-05-16T03:03:21","modified_gmt":"2025-05-16T01:03:21","slug":"em-janeiro-adaptacoes-no-altar-do-santuario-original","status":"publish","type":"post","link":"https:\/\/schoenstatt.com\/pt-pt\/em-janeiro-adaptacoes-no-altar-do-santuario-original\/","title":{"rendered":"Em janeiro: Adapta\u00e7\u00f5es no altar do Santu\u00e1rio Original"},"content":{"rendered":"<p><strong>Schoenstatt, 22 de dezembro de 2023<\/strong><\/p>\n<p><strong>Querida Fam\u00edlia Internacional de Schoenstatt,<\/strong><\/p>\n<p>H\u00e1 justamente dois anos, o site oficial do Movimento de Schoenstatt publicou a not\u00edcia sobre a decis\u00e3o un\u00e2nime da Presid\u00eancia Geral, ap\u00f3s quase seis meses de conversa\u00e7\u00f5es, sobre a adapta\u00e7\u00e3o do altar do Santu\u00e1rio Original, para que ele pudesse ser movido para frente durante a celebra\u00e7\u00e3o da Santa Missa. Nesse comunicado, foram informados os crit\u00e9rios para a mudan\u00e7a: <a href=\"https:\/\/schoenstatt.com\/pt-pt\/espiritualidade\/santuario-original-recebera-modificacoes\/\"><strong>Veja os detalhes aqui.<\/strong><\/a><\/p>\n<p>O processo de realiza\u00e7\u00e3o desse trabalho, confiado ao Reitor e \u00e0 Administra\u00e7\u00e3o do Santu\u00e1rio <em>(Verwaltungsrat)<\/em>, tem sido mais lento do que o esperado. Houve mudan\u00e7as de alguns membros da Presid\u00eancia Geral e do pr\u00f3prio Reitor do Santu\u00e1rio.<\/p>\n<p>Este ano retornaram os contatos com duas empresas para a execu\u00e7\u00e3o das obras. Ap\u00f3s receber as propostas, estudar as possibilidades e viabilidades, a Administra\u00e7\u00e3o do Santu\u00e1rio, com a aprova\u00e7\u00e3o da Presid\u00eancia Geral, optou por uma empresa que realizar\u00e1 as mudan\u00e7as no in\u00edcio do ano de 2024.<\/p>\n<p>Esta empresa j\u00e1 realizou o trabalho de separa\u00e7\u00e3o do altar do Santu\u00e1rio da Casa das Fam\u00edlias e est\u00e1 muito consciente do valor simb\u00f3lico do Santu\u00e1rio Original para toda a Fam\u00edlia de Schoenstatt. Isso nos assegura que essa a\u00e7\u00e3o ser\u00e1 realizada com o maior respeito e delicadeza poss\u00edveis.<\/p>\n<p>No<strong> in\u00edcio de janeiro<\/strong>, a parte inferior do altar ser\u00e1 removida e levada para as oficinas da empresa. Nesse meio tempo, uma parte inferior provis\u00f3ria ser\u00e1 colocada, para sustentar o restante do ret\u00e1bulo. Desta forma, o Santu\u00e1rio poder\u00e1 seguir funcionando normalmente.<\/p>\n<p>Existem <strong>tr\u00eas crit\u00e9rios<\/strong> que determinam esse trabalho e o funcionamento posterior.<\/p>\n<ul>\n<li>O altar continuar\u00e1 com a mesma apar\u00eancia de antes. Ele ser\u00e1 movido somente para a celebra\u00e7\u00e3o da Eucaristia. Assim como acontece na grande maioria dos lugares onde o altar \u00e9 m\u00f3vel.<\/li>\n<li>Os bancos de comunh\u00e3o n\u00e3o ser\u00e3o removidos ou movidos de lugar.<\/li>\n<li>A estrutura hist\u00f3rica do altar ser\u00e1 mantida. O trabalho ser\u00e1 feito somente onde estiver deteriorado e para lhe dar maior estabilidade e durabilidade.<\/li>\n<\/ul>\n<p>De acordo com o planejado, <strong>o trabalho deve ser conclu\u00eddo at\u00e9 o final de janeiro ou in\u00edcio de fevereiro.<\/strong><\/p>\n<p>Sabemos que, para algumas sensibilidades, esse tem sido um processo dif\u00edcil e, por isso, agradecemos sua abertura e compreens\u00e3o.<\/p>\n<p>Convidamos todos a acompanhar esse processo com ora\u00e7\u00e3o, pedindo que tudo corra bem e que essa mudan\u00e7a ajude no desenvolvimento e no servi\u00e7o da vida em nossa fonte de gra\u00e7a. Esse \u00e9 o principal objetivo dessa mudan\u00e7a.<\/p>\n<p>De nosso Santu\u00e1rio Original, rezo por voc\u00eas e desejo um Natal muito feliz a cada um e um aben\u00e7oado 2024.<\/p>\n<p><strong>Pe. Ignacio Camacho<\/strong><br \/>\nReitor do Santu\u00e1rio Original<\/p>\n","protected":false},"excerpt":{"rendered":"<p>O reitor do Santu\u00e1rio Original de Schoenstatt, Pe. Ignacio Camacho, comunica sobre as reformas que iniciar\u00e3o no m\u00eas de janeiro de 2024, no altar do Santu\u00e1rio. A pe\u00e7a hist\u00f3rica passar\u00e1 por restauros, com o intuito de preserv\u00e1-la e de facilitar a vida pastoral ao redor deste lugar de gra\u00e7as. <\/p>\n","protected":false},"author":3,"featured_media":34117,"comment_status":"closed","ping_status":"closed","sticky":false,"template":"","format":"standard","meta":{"footnotes":""},"categories":[696],"tags":[],"class_list":["post-34123","post","type-post","status-publish","format-standard","has-post-thumbnail","hentry","category-santuario-original-pt-pt"],"yoast_head":"<!-- This site is optimized with the Yoast SEO Premium plugin v27.4 (Yoast SEO v27.4) - https:\/\/yoast.com\/product\/yoast-seo-premium-wordpress\/ -->\n<title>Em janeiro: Adapta\u00e7\u00f5es no altar do Santu\u00e1rio Original<\/title>\n<meta name=\"description\" content=\"Em janeiro de 2024 o altar do Santu\u00e1rio Original ser\u00e1 reformado e adaptado para facilitar a vida pastoral.\" \/>\n<meta name=\"robots\" content=\"index, follow, max-snippet:-1, max-image-preview:large, max-video-preview:-1\" \/>\n<link rel=\"canonical\" href=\"https:\/\/schoenstatt.com\/pt-pt\/em-janeiro-adaptacoes-no-altar-do-santuario-original\/\" \/>\n<meta property=\"og:locale\" content=\"pt_PT\" \/>\n<meta property=\"og:type\" content=\"article\" \/>\n<meta property=\"og:title\" content=\"Em janeiro: Adapta\u00e7\u00f5es no altar do Santu\u00e1rio Original\" \/>\n<meta property=\"og:description\" content=\"Em janeiro de 2024 o altar do Santu\u00e1rio Original ser\u00e1 reformado e adaptado para facilitar a vida pastoral.\" \/>\n<meta property=\"og:url\" content=\"https:\/\/schoenstatt.com\/pt-pt\/em-janeiro-adaptacoes-no-altar-do-santuario-original\/\" \/>\n<meta property=\"og:site_name\" content=\"Schoenstatt\" \/>\n<meta property=\"article:published_time\" content=\"2023-12-22T15:55:37+00:00\" \/>\n<meta property=\"article:modified_time\" content=\"2025-05-16T01:03:21+00:00\" \/>\n<meta property=\"og:image\" content=\"https:\/\/schoenstatt.com\/wp-content\/uploads\/2023\/12\/urheiligtum-santuario-original-christmas-navidad-natal-2-1.jpg\" \/>\n\t<meta property=\"og:image:width\" content=\"2048\" \/>\n\t<meta property=\"og:image:height\" content=\"1151\" \/>\n\t<meta property=\"og:image:type\" content=\"image\/jpeg\" \/>\n<meta name=\"author\" content=\"Karen Bueno\" \/>\n<meta name=\"twitter:card\" content=\"summary_large_image\" \/>\n<meta name=\"twitter:label1\" content=\"Escrito por\" \/>\n\t<meta name=\"twitter:data1\" content=\"Karen Bueno\" \/>\n\t<meta name=\"twitter:label2\" content=\"Tempo estimado de leitura\" \/>\n\t<meta name=\"twitter:data2\" content=\"2 minutos\" \/>\n<script type=\"application\/ld+json\" class=\"yoast-schema-graph\">{\"@context\":\"https:\\\/\\\/schema.org\",\"@graph\":[{\"@type\":\"Article\",\"@id\":\"https:\\\/\\\/schoenstatt.com\\\/pt-pt\\\/em-janeiro-adaptacoes-no-altar-do-santuario-original\\\/#article\",\"isPartOf\":{\"@id\":\"https:\\\/\\\/schoenstatt.com\\\/pt-pt\\\/em-janeiro-adaptacoes-no-altar-do-santuario-original\\\/\"},\"author\":{\"name\":\"Karen Bueno\",\"@id\":\"https:\\\/\\\/schoenstatt.com\\\/pt-pt\\\/#\\\/schema\\\/person\\\/5158877ad4acae98b34daaeef2a1ce6e\"},\"headline\":\"Em janeiro: Adapta\u00e7\u00f5es no altar do Santu\u00e1rio Original\",\"datePublished\":\"2023-12-22T15:55:37+00:00\",\"dateModified\":\"2025-05-16T01:03:21+00:00\",\"mainEntityOfPage\":{\"@id\":\"https:\\\/\\\/schoenstatt.com\\\/pt-pt\\\/em-janeiro-adaptacoes-no-altar-do-santuario-original\\\/\"},\"wordCount\":486,\"publisher\":{\"@id\":\"https:\\\/\\\/schoenstatt.com\\\/pt-pt\\\/#organization\"},\"image\":{\"@id\":\"https:\\\/\\\/schoenstatt.com\\\/pt-pt\\\/em-janeiro-adaptacoes-no-altar-do-santuario-original\\\/#primaryimage\"},\"thumbnailUrl\":\"https:\\\/\\\/schoenstatt.com\\\/wp-content\\\/uploads\\\/2023\\\/12\\\/urheiligtum-santuario-original-christmas-navidad-natal-2-1.jpg\",\"articleSection\":[\"Santu\u00e1rio Original\"],\"inLanguage\":\"pt-PT\"},{\"@type\":\"WebPage\",\"@id\":\"https:\\\/\\\/schoenstatt.com\\\/pt-pt\\\/em-janeiro-adaptacoes-no-altar-do-santuario-original\\\/\",\"url\":\"https:\\\/\\\/schoenstatt.com\\\/pt-pt\\\/em-janeiro-adaptacoes-no-altar-do-santuario-original\\\/\",\"name\":\"Em janeiro: Adapta\u00e7\u00f5es no altar do Santu\u00e1rio Original\",\"isPartOf\":{\"@id\":\"https:\\\/\\\/schoenstatt.com\\\/pt-pt\\\/#website\"},\"primaryImageOfPage\":{\"@id\":\"https:\\\/\\\/schoenstatt.com\\\/pt-pt\\\/em-janeiro-adaptacoes-no-altar-do-santuario-original\\\/#primaryimage\"},\"image\":{\"@id\":\"https:\\\/\\\/schoenstatt.com\\\/pt-pt\\\/em-janeiro-adaptacoes-no-altar-do-santuario-original\\\/#primaryimage\"},\"thumbnailUrl\":\"https:\\\/\\\/schoenstatt.com\\\/wp-content\\\/uploads\\\/2023\\\/12\\\/urheiligtum-santuario-original-christmas-navidad-natal-2-1.jpg\",\"datePublished\":\"2023-12-22T15:55:37+00:00\",\"dateModified\":\"2025-05-16T01:03:21+00:00\",\"description\":\"Em janeiro de 2024 o altar do Santu\u00e1rio Original ser\u00e1 reformado e adaptado para facilitar a vida pastoral.\",\"breadcrumb\":{\"@id\":\"https:\\\/\\\/schoenstatt.com\\\/pt-pt\\\/em-janeiro-adaptacoes-no-altar-do-santuario-original\\\/#breadcrumb\"},\"inLanguage\":\"pt-PT\",\"potentialAction\":[{\"@type\":\"ReadAction\",\"target\":[\"https:\\\/\\\/schoenstatt.com\\\/pt-pt\\\/em-janeiro-adaptacoes-no-altar-do-santuario-original\\\/\"]}]},{\"@type\":\"ImageObject\",\"inLanguage\":\"pt-PT\",\"@id\":\"https:\\\/\\\/schoenstatt.com\\\/pt-pt\\\/em-janeiro-adaptacoes-no-altar-do-santuario-original\\\/#primaryimage\",\"url\":\"https:\\\/\\\/schoenstatt.com\\\/wp-content\\\/uploads\\\/2023\\\/12\\\/urheiligtum-santuario-original-christmas-navidad-natal-2-1.jpg\",\"contentUrl\":\"https:\\\/\\\/schoenstatt.com\\\/wp-content\\\/uploads\\\/2023\\\/12\\\/urheiligtum-santuario-original-christmas-navidad-natal-2-1.jpg\",\"width\":2048,\"height\":1151},{\"@type\":\"BreadcrumbList\",\"@id\":\"https:\\\/\\\/schoenstatt.com\\\/pt-pt\\\/em-janeiro-adaptacoes-no-altar-do-santuario-original\\\/#breadcrumb\",\"itemListElement\":[{\"@type\":\"ListItem\",\"position\":1,\"name\":\"Portada\",\"item\":\"https:\\\/\\\/schoenstatt.com\\\/pt-pt\\\/home\\\/\"},{\"@type\":\"ListItem\",\"position\":2,\"name\":\"Em janeiro: Adapta\u00e7\u00f5es no altar do Santu\u00e1rio Original\"}]},{\"@type\":\"WebSite\",\"@id\":\"https:\\\/\\\/schoenstatt.com\\\/pt-pt\\\/#website\",\"url\":\"https:\\\/\\\/schoenstatt.com\\\/pt-pt\\\/\",\"name\":\"Schoenstatt\",\"description\":\"Apostolic Movement\",\"publisher\":{\"@id\":\"https:\\\/\\\/schoenstatt.com\\\/pt-pt\\\/#organization\"},\"potentialAction\":[{\"@type\":\"SearchAction\",\"target\":{\"@type\":\"EntryPoint\",\"urlTemplate\":\"https:\\\/\\\/schoenstatt.com\\\/pt-pt\\\/?s={search_term_string}\"},\"query-input\":{\"@type\":\"PropertyValueSpecification\",\"valueRequired\":true,\"valueName\":\"search_term_string\"}}],\"inLanguage\":\"pt-PT\"},{\"@type\":\"Organization\",\"@id\":\"https:\\\/\\\/schoenstatt.com\\\/pt-pt\\\/#organization\",\"name\":\"Schoenstatt\",\"url\":\"https:\\\/\\\/schoenstatt.com\\\/pt-pt\\\/\",\"logo\":{\"@type\":\"ImageObject\",\"inLanguage\":\"pt-PT\",\"@id\":\"https:\\\/\\\/schoenstatt.com\\\/pt-pt\\\/#\\\/schema\\\/logo\\\/image\\\/\",\"url\":\"https:\\\/\\\/schoenstatt.com\\\/wp-content\\\/uploads\\\/2025\\\/04\\\/logo-schoenstatt-white-696x696-1.png\",\"contentUrl\":\"https:\\\/\\\/schoenstatt.com\\\/wp-content\\\/uploads\\\/2025\\\/04\\\/logo-schoenstatt-white-696x696-1.png\",\"width\":696,\"height\":694,\"caption\":\"Schoenstatt\"},\"image\":{\"@id\":\"https:\\\/\\\/schoenstatt.com\\\/pt-pt\\\/#\\\/schema\\\/logo\\\/image\\\/\"}},{\"@type\":\"Person\",\"@id\":\"https:\\\/\\\/schoenstatt.com\\\/pt-pt\\\/#\\\/schema\\\/person\\\/5158877ad4acae98b34daaeef2a1ce6e\",\"name\":\"Karen Bueno\",\"image\":{\"@type\":\"ImageObject\",\"inLanguage\":\"pt-PT\",\"@id\":\"https:\\\/\\\/secure.gravatar.com\\\/avatar\\\/f9f4b823873154269d2b2130f195f6d41037dd0d7fc5f3cacb5c846bae70d66b?s=96&d=mm&r=g\",\"url\":\"https:\\\/\\\/secure.gravatar.com\\\/avatar\\\/f9f4b823873154269d2b2130f195f6d41037dd0d7fc5f3cacb5c846bae70d66b?s=96&d=mm&r=g\",\"contentUrl\":\"https:\\\/\\\/secure.gravatar.com\\\/avatar\\\/f9f4b823873154269d2b2130f195f6d41037dd0d7fc5f3cacb5c846bae70d66b?s=96&d=mm&r=g\",\"caption\":\"Karen Bueno\"},\"url\":\"https:\\\/\\\/schoenstatt.com\\\/pt-pt\\\/author\\\/karen-bueno\\\/\"}]}<\/script>\n<!-- \/ Yoast SEO Premium plugin. -->","yoast_head_json":{"title":"Em janeiro: Adapta\u00e7\u00f5es no altar do Santu\u00e1rio Original","description":"Em janeiro de 2024 o altar do Santu\u00e1rio Original ser\u00e1 reformado e adaptado para facilitar a vida pastoral.","robots":{"index":"index","follow":"follow","max-snippet":"max-snippet:-1","max-image-preview":"max-image-preview:large","max-video-preview":"max-video-preview:-1"},"canonical":"https:\/\/schoenstatt.com\/pt-pt\/em-janeiro-adaptacoes-no-altar-do-santuario-original\/","og_locale":"pt_PT","og_type":"article","og_title":"Em janeiro: Adapta\u00e7\u00f5es no altar do Santu\u00e1rio Original","og_description":"Em janeiro de 2024 o altar do Santu\u00e1rio Original ser\u00e1 reformado e adaptado para facilitar a vida pastoral.","og_url":"https:\/\/schoenstatt.com\/pt-pt\/em-janeiro-adaptacoes-no-altar-do-santuario-original\/","og_site_name":"Schoenstatt","article_published_time":"2023-12-22T15:55:37+00:00","article_modified_time":"2025-05-16T01:03:21+00:00","og_image":[{"width":2048,"height":1151,"url":"https:\/\/schoenstatt.com\/wp-content\/uploads\/2023\/12\/urheiligtum-santuario-original-christmas-navidad-natal-2-1.jpg","type":"image\/jpeg"}],"author":"Karen Bueno","twitter_card":"summary_large_image","twitter_misc":{"Escrito por":"Karen Bueno","Tempo estimado de leitura":"2 minutos"},"schema":{"@context":"https:\/\/schema.org","@graph":[{"@type":"Article","@id":"https:\/\/schoenstatt.com\/pt-pt\/em-janeiro-adaptacoes-no-altar-do-santuario-original\/#article","isPartOf":{"@id":"https:\/\/schoenstatt.com\/pt-pt\/em-janeiro-adaptacoes-no-altar-do-santuario-original\/"},"author":{"name":"Karen Bueno","@id":"https:\/\/schoenstatt.com\/pt-pt\/#\/schema\/person\/5158877ad4acae98b34daaeef2a1ce6e"},"headline":"Em janeiro: Adapta\u00e7\u00f5es no altar do Santu\u00e1rio Original","datePublished":"2023-12-22T15:55:37+00:00","dateModified":"2025-05-16T01:03:21+00:00","mainEntityOfPage":{"@id":"https:\/\/schoenstatt.com\/pt-pt\/em-janeiro-adaptacoes-no-altar-do-santuario-original\/"},"wordCount":486,"publisher":{"@id":"https:\/\/schoenstatt.com\/pt-pt\/#organization"},"image":{"@id":"https:\/\/schoenstatt.com\/pt-pt\/em-janeiro-adaptacoes-no-altar-do-santuario-original\/#primaryimage"},"thumbnailUrl":"https:\/\/schoenstatt.com\/wp-content\/uploads\/2023\/12\/urheiligtum-santuario-original-christmas-navidad-natal-2-1.jpg","articleSection":["Santu\u00e1rio Original"],"inLanguage":"pt-PT"},{"@type":"WebPage","@id":"https:\/\/schoenstatt.com\/pt-pt\/em-janeiro-adaptacoes-no-altar-do-santuario-original\/","url":"https:\/\/schoenstatt.com\/pt-pt\/em-janeiro-adaptacoes-no-altar-do-santuario-original\/","name":"Em janeiro: Adapta\u00e7\u00f5es no altar do Santu\u00e1rio Original","isPartOf":{"@id":"https:\/\/schoenstatt.com\/pt-pt\/#website"},"primaryImageOfPage":{"@id":"https:\/\/schoenstatt.com\/pt-pt\/em-janeiro-adaptacoes-no-altar-do-santuario-original\/#primaryimage"},"image":{"@id":"https:\/\/schoenstatt.com\/pt-pt\/em-janeiro-adaptacoes-no-altar-do-santuario-original\/#primaryimage"},"thumbnailUrl":"https:\/\/schoenstatt.com\/wp-content\/uploads\/2023\/12\/urheiligtum-santuario-original-christmas-navidad-natal-2-1.jpg","datePublished":"2023-12-22T15:55:37+00:00","dateModified":"2025-05-16T01:03:21+00:00","description":"Em janeiro de 2024 o altar do Santu\u00e1rio Original ser\u00e1 reformado e adaptado para facilitar a vida pastoral.","breadcrumb":{"@id":"https:\/\/schoenstatt.com\/pt-pt\/em-janeiro-adaptacoes-no-altar-do-santuario-original\/#breadcrumb"},"inLanguage":"pt-PT","potentialAction":[{"@type":"ReadAction","target":["https:\/\/schoenstatt.com\/pt-pt\/em-janeiro-adaptacoes-no-altar-do-santuario-original\/"]}]},{"@type":"ImageObject","inLanguage":"pt-PT","@id":"https:\/\/schoenstatt.com\/pt-pt\/em-janeiro-adaptacoes-no-altar-do-santuario-original\/#primaryimage","url":"https:\/\/schoenstatt.com\/wp-content\/uploads\/2023\/12\/urheiligtum-santuario-original-christmas-navidad-natal-2-1.jpg","contentUrl":"https:\/\/schoenstatt.com\/wp-content\/uploads\/2023\/12\/urheiligtum-santuario-original-christmas-navidad-natal-2-1.jpg","width":2048,"height":1151},{"@type":"BreadcrumbList","@id":"https:\/\/schoenstatt.com\/pt-pt\/em-janeiro-adaptacoes-no-altar-do-santuario-original\/#breadcrumb","itemListElement":[{"@type":"ListItem","position":1,"name":"Portada","item":"https:\/\/schoenstatt.com\/pt-pt\/home\/"},{"@type":"ListItem","position":2,"name":"Em janeiro: Adapta\u00e7\u00f5es no altar do Santu\u00e1rio Original"}]},{"@type":"WebSite","@id":"https:\/\/schoenstatt.com\/pt-pt\/#website","url":"https:\/\/schoenstatt.com\/pt-pt\/","name":"Schoenstatt","description":"Apostolic Movement","publisher":{"@id":"https:\/\/schoenstatt.com\/pt-pt\/#organization"},"potentialAction":[{"@type":"SearchAction","target":{"@type":"EntryPoint","urlTemplate":"https:\/\/schoenstatt.com\/pt-pt\/?s={search_term_string}"},"query-input":{"@type":"PropertyValueSpecification","valueRequired":true,"valueName":"search_term_string"}}],"inLanguage":"pt-PT"},{"@type":"Organization","@id":"https:\/\/schoenstatt.com\/pt-pt\/#organization","name":"Schoenstatt","url":"https:\/\/schoenstatt.com\/pt-pt\/","logo":{"@type":"ImageObject","inLanguage":"pt-PT","@id":"https:\/\/schoenstatt.com\/pt-pt\/#\/schema\/logo\/image\/","url":"https:\/\/schoenstatt.com\/wp-content\/uploads\/2025\/04\/logo-schoenstatt-white-696x696-1.png","contentUrl":"https:\/\/schoenstatt.com\/wp-content\/uploads\/2025\/04\/logo-schoenstatt-white-696x696-1.png","width":696,"height":694,"caption":"Schoenstatt"},"image":{"@id":"https:\/\/schoenstatt.com\/pt-pt\/#\/schema\/logo\/image\/"}},{"@type":"Person","@id":"https:\/\/schoenstatt.com\/pt-pt\/#\/schema\/person\/5158877ad4acae98b34daaeef2a1ce6e","name":"Karen Bueno","image":{"@type":"ImageObject","inLanguage":"pt-PT","@id":"https:\/\/secure.gravatar.com\/avatar\/f9f4b823873154269d2b2130f195f6d41037dd0d7fc5f3cacb5c846bae70d66b?s=96&d=mm&r=g","url":"https:\/\/secure.gravatar.com\/avatar\/f9f4b823873154269d2b2130f195f6d41037dd0d7fc5f3cacb5c846bae70d66b?s=96&d=mm&r=g","contentUrl":"https:\/\/secure.gravatar.com\/avatar\/f9f4b823873154269d2b2130f195f6d41037dd0d7fc5f3cacb5c846bae70d66b?s=96&d=mm&r=g","caption":"Karen Bueno"},"url":"https:\/\/schoenstatt.com\/pt-pt\/author\/karen-bueno\/"}]}},"_links":{"self":[{"href":"https:\/\/schoenstatt.com\/pt-pt\/wp-json\/wp\/v2\/posts\/34123","targetHints":{"allow":["GET"]}}],"collection":[{"href":"https:\/\/schoenstatt.com\/pt-pt\/wp-json\/wp\/v2\/posts"}],"about":[{"href":"https:\/\/schoenstatt.com\/pt-pt\/wp-json\/wp\/v2\/types\/post"}],"author":[{"embeddable":true,"href":"https:\/\/schoenstatt.com\/pt-pt\/wp-json\/wp\/v2\/users\/3"}],"replies":[{"embeddable":true,"href":"https:\/\/schoenstatt.com\/pt-pt\/wp-json\/wp\/v2\/comments?post=34123"}],"version-history":[{"count":1,"href":"https:\/\/schoenstatt.com\/pt-pt\/wp-json\/wp\/v2\/posts\/34123\/revisions"}],"predecessor-version":[{"id":46563,"href":"https:\/\/schoenstatt.com\/pt-pt\/wp-json\/wp\/v2\/posts\/34123\/revisions\/46563"}],"wp:featuredmedia":[{"embeddable":true,"href":"https:\/\/schoenstatt.com\/pt-pt\/wp-json\/wp\/v2\/media\/34117"}],"wp:attachment":[{"href":"https:\/\/schoenstatt.com\/pt-pt\/wp-json\/wp\/v2\/media?parent=34123"}],"wp:term":[{"taxonomy":"category","embeddable":true,"href":"https:\/\/schoenstatt.com\/pt-pt\/wp-json\/wp\/v2\/categories?post=34123"},{"taxonomy":"post_tag","embeddable":true,"href":"https:\/\/schoenstatt.com\/pt-pt\/wp-json\/wp\/v2\/tags?post=34123"}],"curies":[{"name":"wp","href":"https:\/\/api.w.org\/{rel}","templated":true}]}}