{"id":33996,"date":"2023-12-12T06:37:05","date_gmt":"2023-12-12T05:37:05","guid":{"rendered":"https:\/\/schoenstatt.com\/?p=33996"},"modified":"2025-05-16T01:40:31","modified_gmt":"2025-05-15T23:40:31","slug":"convite-internacional-rumo-aos-75-anos-da-campanha-da-mae-peregrina","status":"publish","type":"post","link":"https:\/\/schoenstatt.com\/pt-pt\/convite-internacional-rumo-aos-75-anos-da-campanha-da-mae-peregrina\/","title":{"rendered":"Convite Internacional: Rumo aos 75 anos da Campanha da M\u00e3e Peregrina"},"content":{"rendered":"<p>Com grande alegria a <a href=\"https:\/\/schoenstatt.org.br\/\" target=\"_blank\" rel=\"noopener\">Fam\u00edlia de Schoenstatt brasileira<\/a> se prepara para celebrar os 75 anos da Campanha da M\u00e3e Peregrina de Schoenstatt. A expans\u00e3o e o alcance deste apostolado, que hoje alcan\u00e7a o mundo todo, levaram o Movimento de Schoenstatt do Brasil a planejar um encontro internacional no ano jubilar de 2025.<\/p>\n<p>Dado o car\u00e1ter global da Campanha, a Presid\u00eancia Geral da Obra de Schoenstatt autorizou a realiza\u00e7\u00e3o de um grande encontro internacional em Santa Maria, Rio Grande do Sul, vinculado ao Santu\u00e1rio Tabor, onde tudo come\u00e7ou. <strong>De 9 a 14 de setembro de 2025, se reunir\u00e3o representantes de diversos pa\u00edses e continentes<\/strong>, que fazem parte deste apostolado. Estar\u00e3o ali n\u00e3o s\u00f3 para celebrar, mas tamb\u00e9m para compartilhar experi\u00eancias, trocar ideias e rever os documentos de consenso redigidos nos encontros internacionais anteriores.<\/p>\n<h2>Uma oportunidade para nos unirmos como Fam\u00edlia<\/h2>\n<p>Segundo os diretores do Movimento no Brasil, no dia 10 de setembro haver\u00e1 uma celebra\u00e7\u00e3o internacional e no domingo, 14 de setembro, a grande festa popular, com a tradicional Romaria da Primavera.<\/p>\n<p>Durante os dias de celebra\u00e7\u00e3o, est\u00e1 previsto de acontecer um semin\u00e1rio sobre a pastoral da Campanha da M\u00e3e Peregrina, um trabalho de atualiza\u00e7\u00e3o do \u201cDocumento de Consenso\u201d e uma jornada de reuni\u00f5es para delegados e respons\u00e1veis nos pa\u00edses.<\/p>\n<p>Em carta assinada, o Pe. Alexandre Awi Mello escreve: <em>\u201cComo Presid\u00eancia Internacional, estamos muito felizes com essa iniciativa e estamos certos de que ser\u00e1 uma excelente oportunidade para continuar a aprofundar e desenvolver esta corrente de vida que se espalhou por tantos continentes, culturas e l\u00ednguas. Esperamos que seja tamb\u00e9m uma oportunidade para nos unirmos como Fam\u00edlia de Schoenstatt Internacional em torno de nossos Santu\u00e1rios, para agradecer por toda a vida que a M\u00e3e de Deus vem desenvolvendo ao longo de todos esses anos, a partir da humilde e generosa iniciativa do Servo de Deus Jo\u00e3o Luiz Pozzobon, e assim podermos nos comprometer a levar a MTA por todos os rinc\u00f5es da nossa sociedade\u201d.<\/em><\/p>\n<h2>Equipe internacional de trabalho<\/h2>\n<p>Os primeiros passos para a forma\u00e7\u00e3o de uma equipe central, de car\u00e1ter internacional, que prepara este evento, j\u00e1 foram dados. E muito em breve, os respons\u00e1veis pela Campanha da M\u00e3e Peregrina nos diversos pa\u00edses receber\u00e3o convite e informa\u00e7\u00f5es sobre o encontro, que promete ser um novo marco para este apostolado, quase \u00e0s v\u00e9speras dos seus 75 anos de exist\u00eancia.<\/p>\n<p>A Campanha da M\u00e3e Peregrina nasceu como fruto do empenho apost\u00f3lico do Servo de Deus Jo\u00e3o Luiz Pozzobon. De seu empenho, ao longo de 35 anos, nasceu um vasto apostolado, que hoje envolve milhares de volunt\u00e1rios empenhados a levar, a partir do Santu\u00e1rio de Schoenstatt, a imagem da M\u00e3e Peregrina \u00e0s fam\u00edlias, hospitais, escolas e a todos os locais onde se lhe abrem as portas. Para todos, Jo\u00e3o Pozzobon, cuja causa de beatifica\u00e7\u00e3o foi iniciada em 1994, \u00e9 exemplo e fonte inspiradora.<\/p>\n<h3>Lema e logo<\/h3>\n<p>Sob o lema <strong>\u201cCom a M\u00e3e Peregrina, mission\u00e1rios da Esperan\u00e7a\u201d<\/strong>, o tema faz eco \u00e0s palavras do Papa Francisco e se vincula ao grande Jubileu da Igreja de 2025.<\/p>\n<p>A logomarca, que foi constru\u00edda com a participa\u00e7\u00e3o de muitos coordenadores, tem como foco a imagem da M\u00e3e Peregrina e seu filho Jesus. Acima est\u00e1 a logo de Schoenstatt, iluminando a rota em seu tom de dourado. Do lado esquerdo, Jo\u00e3o Pozzobon conduzindo e chamando \u00e0 miss\u00e3o. E ao lado direito as fam\u00edlias e os mission\u00e1rios, caminhando com Maria, nos passos de Pozzobon.<\/p>\n<p><img fetchpriority=\"high\" decoding=\"async\" class=\"aligncenter wp-image-34001 size-full\" src=\"https:\/\/schoenstatt.com\/wp-content\/uploads\/2023\/12\/logo-jubileu-mae-peregrina.jpg\" alt=\"\" width=\"898\" height=\"617\"><\/p>\n<p><strong>Para baixar:<\/strong><\/p>\n<p><a class=\"fasc-button fasc-size-medium fasc-type-flat fasc-rounded-medium fasc-style-bold\" style=\"background-color: #10217d; color: #ffffff;\" target=\"_blank\" href=\"https:\/\/schoenstatt.com\/wp-content\/uploads\/2023\/12\/PT-carta-aos-directores-nacionals.pdf\" rel=\"noopener\">Carta do Movimento no Brasil<\/a><\/p>\n<p><a class=\"fasc-button fasc-size-medium fasc-type-flat fasc-rounded-medium fasc-style-bold\" style=\"background-color: #10217d; color: #ffffff;\" target=\"_blank\" href=\"https:\/\/schoenstatt.com\/wp-content\/uploads\/2023\/12\/Presidencia-Internacional-Autorizacao-Jubileu-Campanha-20230306.pdf\" rel=\"noopener\">Carta da Presid\u00eancia Geral<\/a><\/p>\n","protected":false},"excerpt":{"rendered":"<p>Um dos maiores apostolados e uma das grandes marcas da Obra Internacional de Schoenstatt \u2013 a Campanha da M\u00e3e Peregrina \u2013 vai completar 75 anos em 2025. Para celebrar essa hist\u00f3ria de gra\u00e7as, a Fam\u00edlia de Schoenstatt do Brasil convida a todos para um encontro internacional em Santa Maria, \u00e0 sombra do Santu\u00e1rio Tabor, onde tudo come\u00e7ou.<\/p>\n","protected":false},"author":3,"featured_media":33997,"comment_status":"closed","ping_status":"closed","sticky":false,"template":"","format":"standard","meta":{"footnotes":""},"categories":[636,869],"tags":[],"class_list":["post-33996","post","type-post","status-publish","format-standard","has-post-thumbnail","hentry","category-eventos-pt-pt","category-paises-pt-pt"],"yoast_head":"<!-- This site is optimized with the Yoast SEO Premium plugin v27.4 (Yoast SEO v27.4) - https:\/\/yoast.com\/product\/yoast-seo-premium-wordpress\/ -->\n<title>Convite Internacional: Rumo aos 75 anos da Campanha da M\u00e3e Peregrina<\/title>\n<meta name=\"description\" content=\"Com grande alegria a Fam\u00edlia de Schoenstatt brasileira se prepara para celebrar os 75 anos da Campanha da M\u00e3e Peregrina de Schoenstatt.\" \/>\n<meta name=\"robots\" content=\"index, follow, max-snippet:-1, max-image-preview:large, max-video-preview:-1\" \/>\n<link rel=\"canonical\" href=\"https:\/\/schoenstatt.com\/pt-pt\/convite-internacional-rumo-aos-75-anos-da-campanha-da-mae-peregrina\/\" \/>\n<meta property=\"og:locale\" content=\"pt_PT\" \/>\n<meta property=\"og:type\" content=\"article\" \/>\n<meta property=\"og:title\" content=\"Convite Internacional: Rumo aos 75 anos da Campanha da M\u00e3e Peregrina\" \/>\n<meta property=\"og:description\" content=\"Com grande alegria a Fam\u00edlia de Schoenstatt brasileira se prepara para celebrar os 75 anos da Campanha da M\u00e3e Peregrina de Schoenstatt.\" \/>\n<meta property=\"og:url\" content=\"https:\/\/schoenstatt.com\/pt-pt\/convite-internacional-rumo-aos-75-anos-da-campanha-da-mae-peregrina\/\" \/>\n<meta property=\"og:site_name\" content=\"Schoenstatt\" \/>\n<meta property=\"article:published_time\" content=\"2023-12-12T05:37:05+00:00\" \/>\n<meta property=\"article:modified_time\" content=\"2025-05-15T23:40:31+00:00\" \/>\n<meta property=\"og:image\" content=\"https:\/\/schoenstatt.com\/wp-content\/uploads\/2023\/12\/mae-peregrina-virgen-peregrina-schoenstatt-1.jpg\" \/>\n\t<meta property=\"og:image:width\" content=\"2048\" \/>\n\t<meta property=\"og:image:height\" content=\"1413\" \/>\n\t<meta property=\"og:image:type\" content=\"image\/jpeg\" \/>\n<meta name=\"author\" content=\"Karen Bueno\" \/>\n<meta name=\"twitter:card\" content=\"summary_large_image\" \/>\n<meta name=\"twitter:label1\" content=\"Escrito por\" \/>\n\t<meta name=\"twitter:data1\" content=\"Karen Bueno\" \/>\n\t<meta name=\"twitter:label2\" content=\"Tempo estimado de leitura\" \/>\n\t<meta name=\"twitter:data2\" content=\"3 minutos\" \/>\n<script type=\"application\/ld+json\" class=\"yoast-schema-graph\">{\"@context\":\"https:\\\/\\\/schema.org\",\"@graph\":[{\"@type\":\"Article\",\"@id\":\"https:\\\/\\\/schoenstatt.com\\\/pt-pt\\\/convite-internacional-rumo-aos-75-anos-da-campanha-da-mae-peregrina\\\/#article\",\"isPartOf\":{\"@id\":\"https:\\\/\\\/schoenstatt.com\\\/pt-pt\\\/convite-internacional-rumo-aos-75-anos-da-campanha-da-mae-peregrina\\\/\"},\"author\":{\"name\":\"Karen Bueno\",\"@id\":\"https:\\\/\\\/schoenstatt.com\\\/pt-pt\\\/#\\\/schema\\\/person\\\/5158877ad4acae98b34daaeef2a1ce6e\"},\"headline\":\"Convite Internacional: Rumo aos 75 anos da Campanha da M\u00e3e Peregrina\",\"datePublished\":\"2023-12-12T05:37:05+00:00\",\"dateModified\":\"2025-05-15T23:40:31+00:00\",\"mainEntityOfPage\":{\"@id\":\"https:\\\/\\\/schoenstatt.com\\\/pt-pt\\\/convite-internacional-rumo-aos-75-anos-da-campanha-da-mae-peregrina\\\/\"},\"wordCount\":633,\"publisher\":{\"@id\":\"https:\\\/\\\/schoenstatt.com\\\/pt-pt\\\/#organization\"},\"image\":{\"@id\":\"https:\\\/\\\/schoenstatt.com\\\/pt-pt\\\/convite-internacional-rumo-aos-75-anos-da-campanha-da-mae-peregrina\\\/#primaryimage\"},\"thumbnailUrl\":\"https:\\\/\\\/schoenstatt.com\\\/wp-content\\\/uploads\\\/2023\\\/12\\\/mae-peregrina-virgen-peregrina-schoenstatt-1.jpg\",\"articleSection\":[\"Eventos\",\"Pa\u00edses\"],\"inLanguage\":\"pt-PT\"},{\"@type\":\"WebPage\",\"@id\":\"https:\\\/\\\/schoenstatt.com\\\/pt-pt\\\/convite-internacional-rumo-aos-75-anos-da-campanha-da-mae-peregrina\\\/\",\"url\":\"https:\\\/\\\/schoenstatt.com\\\/pt-pt\\\/convite-internacional-rumo-aos-75-anos-da-campanha-da-mae-peregrina\\\/\",\"name\":\"Convite Internacional: Rumo aos 75 anos da Campanha da M\u00e3e Peregrina\",\"isPartOf\":{\"@id\":\"https:\\\/\\\/schoenstatt.com\\\/pt-pt\\\/#website\"},\"primaryImageOfPage\":{\"@id\":\"https:\\\/\\\/schoenstatt.com\\\/pt-pt\\\/convite-internacional-rumo-aos-75-anos-da-campanha-da-mae-peregrina\\\/#primaryimage\"},\"image\":{\"@id\":\"https:\\\/\\\/schoenstatt.com\\\/pt-pt\\\/convite-internacional-rumo-aos-75-anos-da-campanha-da-mae-peregrina\\\/#primaryimage\"},\"thumbnailUrl\":\"https:\\\/\\\/schoenstatt.com\\\/wp-content\\\/uploads\\\/2023\\\/12\\\/mae-peregrina-virgen-peregrina-schoenstatt-1.jpg\",\"datePublished\":\"2023-12-12T05:37:05+00:00\",\"dateModified\":\"2025-05-15T23:40:31+00:00\",\"description\":\"Com grande alegria a Fam\u00edlia de Schoenstatt brasileira se prepara para celebrar os 75 anos da Campanha da M\u00e3e Peregrina de Schoenstatt.\",\"breadcrumb\":{\"@id\":\"https:\\\/\\\/schoenstatt.com\\\/pt-pt\\\/convite-internacional-rumo-aos-75-anos-da-campanha-da-mae-peregrina\\\/#breadcrumb\"},\"inLanguage\":\"pt-PT\",\"potentialAction\":[{\"@type\":\"ReadAction\",\"target\":[\"https:\\\/\\\/schoenstatt.com\\\/pt-pt\\\/convite-internacional-rumo-aos-75-anos-da-campanha-da-mae-peregrina\\\/\"]}]},{\"@type\":\"ImageObject\",\"inLanguage\":\"pt-PT\",\"@id\":\"https:\\\/\\\/schoenstatt.com\\\/pt-pt\\\/convite-internacional-rumo-aos-75-anos-da-campanha-da-mae-peregrina\\\/#primaryimage\",\"url\":\"https:\\\/\\\/schoenstatt.com\\\/wp-content\\\/uploads\\\/2023\\\/12\\\/mae-peregrina-virgen-peregrina-schoenstatt-1.jpg\",\"contentUrl\":\"https:\\\/\\\/schoenstatt.com\\\/wp-content\\\/uploads\\\/2023\\\/12\\\/mae-peregrina-virgen-peregrina-schoenstatt-1.jpg\",\"width\":2048,\"height\":1413},{\"@type\":\"BreadcrumbList\",\"@id\":\"https:\\\/\\\/schoenstatt.com\\\/pt-pt\\\/convite-internacional-rumo-aos-75-anos-da-campanha-da-mae-peregrina\\\/#breadcrumb\",\"itemListElement\":[{\"@type\":\"ListItem\",\"position\":1,\"name\":\"Portada\",\"item\":\"https:\\\/\\\/schoenstatt.com\\\/pt-pt\\\/home\\\/\"},{\"@type\":\"ListItem\",\"position\":2,\"name\":\"Convite Internacional: Rumo aos 75 anos da Campanha da M\u00e3e Peregrina\"}]},{\"@type\":\"WebSite\",\"@id\":\"https:\\\/\\\/schoenstatt.com\\\/pt-pt\\\/#website\",\"url\":\"https:\\\/\\\/schoenstatt.com\\\/pt-pt\\\/\",\"name\":\"Schoenstatt\",\"description\":\"Apostolic Movement\",\"publisher\":{\"@id\":\"https:\\\/\\\/schoenstatt.com\\\/pt-pt\\\/#organization\"},\"potentialAction\":[{\"@type\":\"SearchAction\",\"target\":{\"@type\":\"EntryPoint\",\"urlTemplate\":\"https:\\\/\\\/schoenstatt.com\\\/pt-pt\\\/?s={search_term_string}\"},\"query-input\":{\"@type\":\"PropertyValueSpecification\",\"valueRequired\":true,\"valueName\":\"search_term_string\"}}],\"inLanguage\":\"pt-PT\"},{\"@type\":\"Organization\",\"@id\":\"https:\\\/\\\/schoenstatt.com\\\/pt-pt\\\/#organization\",\"name\":\"Schoenstatt\",\"url\":\"https:\\\/\\\/schoenstatt.com\\\/pt-pt\\\/\",\"logo\":{\"@type\":\"ImageObject\",\"inLanguage\":\"pt-PT\",\"@id\":\"https:\\\/\\\/schoenstatt.com\\\/pt-pt\\\/#\\\/schema\\\/logo\\\/image\\\/\",\"url\":\"https:\\\/\\\/schoenstatt.com\\\/wp-content\\\/uploads\\\/2025\\\/04\\\/logo-schoenstatt-white-696x696-1.png\",\"contentUrl\":\"https:\\\/\\\/schoenstatt.com\\\/wp-content\\\/uploads\\\/2025\\\/04\\\/logo-schoenstatt-white-696x696-1.png\",\"width\":696,\"height\":694,\"caption\":\"Schoenstatt\"},\"image\":{\"@id\":\"https:\\\/\\\/schoenstatt.com\\\/pt-pt\\\/#\\\/schema\\\/logo\\\/image\\\/\"}},{\"@type\":\"Person\",\"@id\":\"https:\\\/\\\/schoenstatt.com\\\/pt-pt\\\/#\\\/schema\\\/person\\\/5158877ad4acae98b34daaeef2a1ce6e\",\"name\":\"Karen Bueno\",\"image\":{\"@type\":\"ImageObject\",\"inLanguage\":\"pt-PT\",\"@id\":\"https:\\\/\\\/secure.gravatar.com\\\/avatar\\\/f9f4b823873154269d2b2130f195f6d41037dd0d7fc5f3cacb5c846bae70d66b?s=96&d=mm&r=g\",\"url\":\"https:\\\/\\\/secure.gravatar.com\\\/avatar\\\/f9f4b823873154269d2b2130f195f6d41037dd0d7fc5f3cacb5c846bae70d66b?s=96&d=mm&r=g\",\"contentUrl\":\"https:\\\/\\\/secure.gravatar.com\\\/avatar\\\/f9f4b823873154269d2b2130f195f6d41037dd0d7fc5f3cacb5c846bae70d66b?s=96&d=mm&r=g\",\"caption\":\"Karen Bueno\"},\"url\":\"https:\\\/\\\/schoenstatt.com\\\/pt-pt\\\/author\\\/karen-bueno\\\/\"}]}<\/script>\n<!-- \/ Yoast SEO Premium plugin. -->","yoast_head_json":{"title":"Convite Internacional: Rumo aos 75 anos da Campanha da M\u00e3e Peregrina","description":"Com grande alegria a Fam\u00edlia de Schoenstatt brasileira se prepara para celebrar os 75 anos da Campanha da M\u00e3e Peregrina de Schoenstatt.","robots":{"index":"index","follow":"follow","max-snippet":"max-snippet:-1","max-image-preview":"max-image-preview:large","max-video-preview":"max-video-preview:-1"},"canonical":"https:\/\/schoenstatt.com\/pt-pt\/convite-internacional-rumo-aos-75-anos-da-campanha-da-mae-peregrina\/","og_locale":"pt_PT","og_type":"article","og_title":"Convite Internacional: Rumo aos 75 anos da Campanha da M\u00e3e Peregrina","og_description":"Com grande alegria a Fam\u00edlia de Schoenstatt brasileira se prepara para celebrar os 75 anos da Campanha da M\u00e3e Peregrina de Schoenstatt.","og_url":"https:\/\/schoenstatt.com\/pt-pt\/convite-internacional-rumo-aos-75-anos-da-campanha-da-mae-peregrina\/","og_site_name":"Schoenstatt","article_published_time":"2023-12-12T05:37:05+00:00","article_modified_time":"2025-05-15T23:40:31+00:00","og_image":[{"width":2048,"height":1413,"url":"https:\/\/schoenstatt.com\/wp-content\/uploads\/2023\/12\/mae-peregrina-virgen-peregrina-schoenstatt-1.jpg","type":"image\/jpeg"}],"author":"Karen Bueno","twitter_card":"summary_large_image","twitter_misc":{"Escrito por":"Karen Bueno","Tempo estimado de leitura":"3 minutos"},"schema":{"@context":"https:\/\/schema.org","@graph":[{"@type":"Article","@id":"https:\/\/schoenstatt.com\/pt-pt\/convite-internacional-rumo-aos-75-anos-da-campanha-da-mae-peregrina\/#article","isPartOf":{"@id":"https:\/\/schoenstatt.com\/pt-pt\/convite-internacional-rumo-aos-75-anos-da-campanha-da-mae-peregrina\/"},"author":{"name":"Karen Bueno","@id":"https:\/\/schoenstatt.com\/pt-pt\/#\/schema\/person\/5158877ad4acae98b34daaeef2a1ce6e"},"headline":"Convite Internacional: Rumo aos 75 anos da Campanha da M\u00e3e Peregrina","datePublished":"2023-12-12T05:37:05+00:00","dateModified":"2025-05-15T23:40:31+00:00","mainEntityOfPage":{"@id":"https:\/\/schoenstatt.com\/pt-pt\/convite-internacional-rumo-aos-75-anos-da-campanha-da-mae-peregrina\/"},"wordCount":633,"publisher":{"@id":"https:\/\/schoenstatt.com\/pt-pt\/#organization"},"image":{"@id":"https:\/\/schoenstatt.com\/pt-pt\/convite-internacional-rumo-aos-75-anos-da-campanha-da-mae-peregrina\/#primaryimage"},"thumbnailUrl":"https:\/\/schoenstatt.com\/wp-content\/uploads\/2023\/12\/mae-peregrina-virgen-peregrina-schoenstatt-1.jpg","articleSection":["Eventos","Pa\u00edses"],"inLanguage":"pt-PT"},{"@type":"WebPage","@id":"https:\/\/schoenstatt.com\/pt-pt\/convite-internacional-rumo-aos-75-anos-da-campanha-da-mae-peregrina\/","url":"https:\/\/schoenstatt.com\/pt-pt\/convite-internacional-rumo-aos-75-anos-da-campanha-da-mae-peregrina\/","name":"Convite Internacional: Rumo aos 75 anos da Campanha da M\u00e3e Peregrina","isPartOf":{"@id":"https:\/\/schoenstatt.com\/pt-pt\/#website"},"primaryImageOfPage":{"@id":"https:\/\/schoenstatt.com\/pt-pt\/convite-internacional-rumo-aos-75-anos-da-campanha-da-mae-peregrina\/#primaryimage"},"image":{"@id":"https:\/\/schoenstatt.com\/pt-pt\/convite-internacional-rumo-aos-75-anos-da-campanha-da-mae-peregrina\/#primaryimage"},"thumbnailUrl":"https:\/\/schoenstatt.com\/wp-content\/uploads\/2023\/12\/mae-peregrina-virgen-peregrina-schoenstatt-1.jpg","datePublished":"2023-12-12T05:37:05+00:00","dateModified":"2025-05-15T23:40:31+00:00","description":"Com grande alegria a Fam\u00edlia de Schoenstatt brasileira se prepara para celebrar os 75 anos da Campanha da M\u00e3e Peregrina de Schoenstatt.","breadcrumb":{"@id":"https:\/\/schoenstatt.com\/pt-pt\/convite-internacional-rumo-aos-75-anos-da-campanha-da-mae-peregrina\/#breadcrumb"},"inLanguage":"pt-PT","potentialAction":[{"@type":"ReadAction","target":["https:\/\/schoenstatt.com\/pt-pt\/convite-internacional-rumo-aos-75-anos-da-campanha-da-mae-peregrina\/"]}]},{"@type":"ImageObject","inLanguage":"pt-PT","@id":"https:\/\/schoenstatt.com\/pt-pt\/convite-internacional-rumo-aos-75-anos-da-campanha-da-mae-peregrina\/#primaryimage","url":"https:\/\/schoenstatt.com\/wp-content\/uploads\/2023\/12\/mae-peregrina-virgen-peregrina-schoenstatt-1.jpg","contentUrl":"https:\/\/schoenstatt.com\/wp-content\/uploads\/2023\/12\/mae-peregrina-virgen-peregrina-schoenstatt-1.jpg","width":2048,"height":1413},{"@type":"BreadcrumbList","@id":"https:\/\/schoenstatt.com\/pt-pt\/convite-internacional-rumo-aos-75-anos-da-campanha-da-mae-peregrina\/#breadcrumb","itemListElement":[{"@type":"ListItem","position":1,"name":"Portada","item":"https:\/\/schoenstatt.com\/pt-pt\/home\/"},{"@type":"ListItem","position":2,"name":"Convite Internacional: Rumo aos 75 anos da Campanha da M\u00e3e Peregrina"}]},{"@type":"WebSite","@id":"https:\/\/schoenstatt.com\/pt-pt\/#website","url":"https:\/\/schoenstatt.com\/pt-pt\/","name":"Schoenstatt","description":"Apostolic Movement","publisher":{"@id":"https:\/\/schoenstatt.com\/pt-pt\/#organization"},"potentialAction":[{"@type":"SearchAction","target":{"@type":"EntryPoint","urlTemplate":"https:\/\/schoenstatt.com\/pt-pt\/?s={search_term_string}"},"query-input":{"@type":"PropertyValueSpecification","valueRequired":true,"valueName":"search_term_string"}}],"inLanguage":"pt-PT"},{"@type":"Organization","@id":"https:\/\/schoenstatt.com\/pt-pt\/#organization","name":"Schoenstatt","url":"https:\/\/schoenstatt.com\/pt-pt\/","logo":{"@type":"ImageObject","inLanguage":"pt-PT","@id":"https:\/\/schoenstatt.com\/pt-pt\/#\/schema\/logo\/image\/","url":"https:\/\/schoenstatt.com\/wp-content\/uploads\/2025\/04\/logo-schoenstatt-white-696x696-1.png","contentUrl":"https:\/\/schoenstatt.com\/wp-content\/uploads\/2025\/04\/logo-schoenstatt-white-696x696-1.png","width":696,"height":694,"caption":"Schoenstatt"},"image":{"@id":"https:\/\/schoenstatt.com\/pt-pt\/#\/schema\/logo\/image\/"}},{"@type":"Person","@id":"https:\/\/schoenstatt.com\/pt-pt\/#\/schema\/person\/5158877ad4acae98b34daaeef2a1ce6e","name":"Karen Bueno","image":{"@type":"ImageObject","inLanguage":"pt-PT","@id":"https:\/\/secure.gravatar.com\/avatar\/f9f4b823873154269d2b2130f195f6d41037dd0d7fc5f3cacb5c846bae70d66b?s=96&d=mm&r=g","url":"https:\/\/secure.gravatar.com\/avatar\/f9f4b823873154269d2b2130f195f6d41037dd0d7fc5f3cacb5c846bae70d66b?s=96&d=mm&r=g","contentUrl":"https:\/\/secure.gravatar.com\/avatar\/f9f4b823873154269d2b2130f195f6d41037dd0d7fc5f3cacb5c846bae70d66b?s=96&d=mm&r=g","caption":"Karen Bueno"},"url":"https:\/\/schoenstatt.com\/pt-pt\/author\/karen-bueno\/"}]}},"_links":{"self":[{"href":"https:\/\/schoenstatt.com\/pt-pt\/wp-json\/wp\/v2\/posts\/33996","targetHints":{"allow":["GET"]}}],"collection":[{"href":"https:\/\/schoenstatt.com\/pt-pt\/wp-json\/wp\/v2\/posts"}],"about":[{"href":"https:\/\/schoenstatt.com\/pt-pt\/wp-json\/wp\/v2\/types\/post"}],"author":[{"embeddable":true,"href":"https:\/\/schoenstatt.com\/pt-pt\/wp-json\/wp\/v2\/users\/3"}],"replies":[{"embeddable":true,"href":"https:\/\/schoenstatt.com\/pt-pt\/wp-json\/wp\/v2\/comments?post=33996"}],"version-history":[{"count":1,"href":"https:\/\/schoenstatt.com\/pt-pt\/wp-json\/wp\/v2\/posts\/33996\/revisions"}],"predecessor-version":[{"id":46545,"href":"https:\/\/schoenstatt.com\/pt-pt\/wp-json\/wp\/v2\/posts\/33996\/revisions\/46545"}],"wp:featuredmedia":[{"embeddable":true,"href":"https:\/\/schoenstatt.com\/pt-pt\/wp-json\/wp\/v2\/media\/33997"}],"wp:attachment":[{"href":"https:\/\/schoenstatt.com\/pt-pt\/wp-json\/wp\/v2\/media?parent=33996"}],"wp:term":[{"taxonomy":"category","embeddable":true,"href":"https:\/\/schoenstatt.com\/pt-pt\/wp-json\/wp\/v2\/categories?post=33996"},{"taxonomy":"post_tag","embeddable":true,"href":"https:\/\/schoenstatt.com\/pt-pt\/wp-json\/wp\/v2\/tags?post=33996"}],"curies":[{"name":"wp","href":"https:\/\/api.w.org\/{rel}","templated":true}]}}