{"id":33964,"date":"2023-12-08T06:00:47","date_gmt":"2023-12-08T05:00:47","guid":{"rendered":"https:\/\/schoenstatt.com\/?p=33964"},"modified":"2025-05-16T01:40:33","modified_gmt":"2025-05-15T23:40:33","slug":"schoenstatt-quito-realizou-sua-jornada-regional-de-dirigentes","status":"publish","type":"post","link":"https:\/\/schoenstatt.com\/pt-pt\/schoenstatt-quito-realizou-sua-jornada-regional-de-dirigentes\/","title":{"rendered":"Schoenstatt Quito realizou sua Jornada Regional de Dirigentes"},"content":{"rendered":"<p>No s\u00e1bado, dia 18 de novembro, foi realizada a Jornada Regional de Dirigentes de Schoenstatt de Quito, na Bas\u00edlica do Voto Nacional, que est\u00e1 localizada no Centro Hist\u00f3rico da capital.<\/p>\n<p>Foi um encontro onde se viveram momentos muito significativos. O tema central foi a Consagra\u00e7\u00e3o do <a href=\"https:\/\/www.schoenstatt.ec\/\" target=\"_blank\" rel=\"noopener\">Equador<\/a> ao Sagrado Cora\u00e7\u00e3o de Jesus, um ato de extrema import\u00e2ncia que se tornou um marco na sociedade equatoriana. No dia 25 de mar\u00e7o de 2024, o Equador celebrar\u00e1 os 150 anos desta Consagra\u00e7\u00e3o, o que tamb\u00e9m o tornou o primeiro pa\u00eds do mundo a realiz\u00e1-la.<\/p>\n<h2>Quito: sede do Congresso Eucar\u00edstico Internacional em setembro de 2024<\/h2>\n<p>Dado este importante acontecimento, o Papa Francisco escolheu o Equador para ser a sede do pr\u00f3ximo Congresso Eucar\u00edstico Internacional (CEI), que ser\u00e1 realizado em Quito, de 8 a 15 de setembro de 2024. Seu objetivo \u00e9 dar a conhecer, amar e melhor servir a Nosso Senhor Jesus Cristo em seu Mist\u00e9rio Eucar\u00edstico, centro da vida da Igreja e da sua miss\u00e3o de curar as feridas do mundo.<\/p>\n<p>\u00c9 por isso que o lema escolhido para o 53\u00ba CEI \u00e9 \u201cFraternidade para curar o mundo\u201d. O Santo Padre espera que a experi\u00eancia desse Congresso manifeste a fecundidade da Eucaristia para a evangeliza\u00e7\u00e3o e a renova\u00e7\u00e3o da f\u00e9 no continente americano. Esses dois elementos-chave foram o marco da Jornada.<\/p>\n<h3><img fetchpriority=\"high\" decoding=\"async\" class=\"aligncenter wp-image-33956 size-large\" src=\"https:\/\/schoenstatt.com\/wp-content\/uploads\/2023\/12\/schoenstatt-quito-ecuador-4-768x1024.jpg\" alt=\"\" width=\"768\" height=\"1024\" \/><\/h3>\n<h3>Adora\u00e7\u00e3o e miss\u00e3o<\/h3>\n<p>Para aquietar nosso cora\u00e7\u00e3o, que estava vibrante de emo\u00e7\u00e3o, a primeira coisa foi nos colocarmos aos p\u00e9s de quem recebemos todas as gra\u00e7as e b\u00ean\u00e7\u00e3os. Fomos ao Sant\u00edssimo Sacramento e oferecemos um momento de ora\u00e7\u00e3o e adora\u00e7\u00e3o, um encontro \u00edntimo com Jesus Sacramentado, que vivemos com muita devo\u00e7\u00e3o.<\/p>\n<p>Para continuar com a Jornada e conhecer mais a fundo o momento hist\u00f3rico vivido no Equador h\u00e1 150 anos e que levou o presidente da \u00e9poca, Gabriel Garc\u00eda Moreno, a tomar a decis\u00e3o de consagrar nosso pa\u00eds ao Sagrado Cora\u00e7\u00e3o de Jesus, foi convidado o renomado historiador cat\u00f3lico e professor universit\u00e1rio de longa trajet\u00f3ria, Dr. Carlos Freile, que compartilhou seu amplo conhecimento sobre o assunto e nos fez refletir sobre qual \u00e9 o nosso papel hoje como cat\u00f3licos consagrados.<\/p>\n<h3>Fam\u00edlia do Pai, consagrada na Patena<\/h3>\n<p>Em seguida, o Pe. Felipe R\u00edos, Diretor Nacional do Movimento de Schoenstatt no Equador, aprofundou a atualidade e os desafios do Ideal nacional \u201cFam\u00edlia do Pai, consagrada na Patena\u201d. Falou-nos sobre como Schoenstatt no Equador insere-se em uma hist\u00f3ria santa e chega a enriquecer-se dela, mas tamb\u00e9m a enriquec\u00ea-la; que ser consagrado \u00e9 consagrar-se a uma miss\u00e3o e que o nosso carisma \u00e9 o que queremos dar \u00e0 nossa Igreja, para que juntos possamos ser fermento na massa, sendo germe de unidade, esperan\u00e7a e salva\u00e7\u00e3o.<\/p>\n<p><img decoding=\"async\" class=\"aligncenter wp-image-33952 \" src=\"https:\/\/schoenstatt.com\/wp-content\/uploads\/2023\/12\/schoenstatt-quito-ecuador-2-833x1024.jpg\" alt=\"\" width=\"775\" height=\"953\" \/><\/p>\n<p>Algo tamb\u00e9m muito significativo foi o fato de a Jornada ter ocorrido em 18 de novembro, <a href=\"https:\/\/schoenstatt.com\/pt-pt\/about\/espiritualidade\/alianca-de-amor\/\">Dia da Alian\u00e7a<\/a>. A Missa foi concelebrada pelo Pe. Dar\u00edo Balbont\u00edn, Pe. Felipe e Pe. Pablo Gajardo, na capela do Sagrado Cora\u00e7\u00e3o de Jesus. Em seguida, n\u00f3s nos dirigimos ao altar onde foi entronizada a imagem da M\u00e3e e Rainha Tr\u00eas Vezes Admir\u00e1vel de Schoenstatt; ali renovamos a nossa Alian\u00e7a de Amor e recebemos a b\u00ean\u00e7\u00e3o final. Estiveram presentes tamb\u00e9m nossas assessoras, a Ir. M. Montserrat Darquea e a Ir. M. Lorena Sarria.<\/p>\n<p>Sem d\u00favida foi uma Jornada intensa que nos deixou grandes desafios e um firme compromisso de permanecermos unidos sob o nosso Ideal e de poder colaborar ativamente na Igreja para a realiza\u00e7\u00e3o do Congresso e de ser instrumentos ativos na forma\u00e7\u00e3o de uma p\u00e1tria e um mundo novo, onde prevale\u00e7am a fraternidade e o amor, para, assim, curar as feridas do mundo.<\/p>\n<p><img decoding=\"async\" class=\"aligncenter wp-image-33960 size-large\" src=\"https:\/\/schoenstatt.com\/wp-content\/uploads\/2023\/12\/schoenstatt-quito-ecuador-3-800x1024.jpg\" alt=\"\" width=\"800\" height=\"1024\" \/><\/p>\n","protected":false},"excerpt":{"rendered":"<p>A capital do Equador, Quito, ser\u00e1 a sede do pr\u00f3ximo Congresso Eucar\u00edstico Internacional em setembro de 2024, a pedido do Papa Francisco. A Fam\u00edlia de Schoenstatt vive este momento com expectativa e emo\u00e7\u00e3o. Isso se reflete na Jornada Regional de Dirigentes, realizada recentemente entre os l\u00edderes em um dia de forma\u00e7\u00e3o.<\/p>\n","protected":false},"author":3,"featured_media":33948,"comment_status":"closed","ping_status":"closed","sticky":false,"template":"","format":"standard","meta":{"footnotes":""},"categories":[869],"tags":[],"class_list":["post-33964","post","type-post","status-publish","format-standard","has-post-thumbnail","hentry","category-paises-pt-pt"],"yoast_head":"<!-- This site is optimized with the Yoast SEO Premium plugin v27.4 (Yoast SEO v27.4) - https:\/\/yoast.com\/product\/yoast-seo-premium-wordpress\/ -->\n<title>Schoenstatt Quito realizou sua Jornada Regional de Dirigentes<\/title>\n<meta name=\"description\" content=\"Na Bas\u00edlica do Voto Nacional, foi realizada a Jornada Regional dos Dirigentes de Schoenstatt de Quito 2023, com expectativa e emo\u00e7\u00e3o.\" \/>\n<meta name=\"robots\" content=\"index, follow, max-snippet:-1, max-image-preview:large, max-video-preview:-1\" \/>\n<link rel=\"canonical\" href=\"https:\/\/schoenstatt.com\/pt-pt\/schoenstatt-quito-realizou-sua-jornada-regional-de-dirigentes\/\" \/>\n<meta property=\"og:locale\" content=\"pt_PT\" \/>\n<meta property=\"og:type\" content=\"article\" \/>\n<meta property=\"og:title\" content=\"Schoenstatt Quito realizou sua Jornada Regional de Dirigentes\" \/>\n<meta property=\"og:description\" content=\"Na Bas\u00edlica do Voto Nacional, foi realizada a Jornada Regional dos Dirigentes de Schoenstatt de Quito 2023, com expectativa e emo\u00e7\u00e3o.\" \/>\n<meta property=\"og:url\" content=\"https:\/\/schoenstatt.com\/pt-pt\/schoenstatt-quito-realizou-sua-jornada-regional-de-dirigentes\/\" \/>\n<meta property=\"og:site_name\" content=\"Schoenstatt\" \/>\n<meta property=\"article:published_time\" content=\"2023-12-08T05:00:47+00:00\" \/>\n<meta property=\"article:modified_time\" content=\"2025-05-15T23:40:33+00:00\" \/>\n<meta property=\"og:image\" content=\"https:\/\/schoenstatt.com\/wp-content\/uploads\/2023\/12\/schoenstatt-quito-ecuador-1.jpg\" \/>\n\t<meta property=\"og:image:width\" content=\"1600\" \/>\n\t<meta property=\"og:image:height\" content=\"876\" \/>\n\t<meta property=\"og:image:type\" content=\"image\/jpeg\" \/>\n<meta name=\"author\" content=\"Karen Bueno\" \/>\n<meta name=\"twitter:card\" content=\"summary_large_image\" \/>\n<meta name=\"twitter:label1\" content=\"Escrito por\" \/>\n\t<meta name=\"twitter:data1\" content=\"Karen Bueno\" \/>\n\t<meta name=\"twitter:label2\" content=\"Tempo estimado de leitura\" \/>\n\t<meta name=\"twitter:data2\" content=\"4 minutos\" \/>\n<script type=\"application\/ld+json\" class=\"yoast-schema-graph\">{\"@context\":\"https:\\\/\\\/schema.org\",\"@graph\":[{\"@type\":\"Article\",\"@id\":\"https:\\\/\\\/schoenstatt.com\\\/pt-pt\\\/schoenstatt-quito-realizou-sua-jornada-regional-de-dirigentes\\\/#article\",\"isPartOf\":{\"@id\":\"https:\\\/\\\/schoenstatt.com\\\/pt-pt\\\/schoenstatt-quito-realizou-sua-jornada-regional-de-dirigentes\\\/\"},\"author\":{\"name\":\"Karen Bueno\",\"@id\":\"https:\\\/\\\/schoenstatt.com\\\/pt-pt\\\/#\\\/schema\\\/person\\\/5158877ad4acae98b34daaeef2a1ce6e\"},\"headline\":\"Schoenstatt Quito realizou sua Jornada Regional de Dirigentes\",\"datePublished\":\"2023-12-08T05:00:47+00:00\",\"dateModified\":\"2025-05-15T23:40:33+00:00\",\"mainEntityOfPage\":{\"@id\":\"https:\\\/\\\/schoenstatt.com\\\/pt-pt\\\/schoenstatt-quito-realizou-sua-jornada-regional-de-dirigentes\\\/\"},\"wordCount\":649,\"publisher\":{\"@id\":\"https:\\\/\\\/schoenstatt.com\\\/pt-pt\\\/#organization\"},\"image\":{\"@id\":\"https:\\\/\\\/schoenstatt.com\\\/pt-pt\\\/schoenstatt-quito-realizou-sua-jornada-regional-de-dirigentes\\\/#primaryimage\"},\"thumbnailUrl\":\"https:\\\/\\\/schoenstatt.com\\\/wp-content\\\/uploads\\\/2023\\\/12\\\/schoenstatt-quito-ecuador-1.jpg\",\"articleSection\":[\"Pa\u00edses\"],\"inLanguage\":\"pt-PT\"},{\"@type\":\"WebPage\",\"@id\":\"https:\\\/\\\/schoenstatt.com\\\/pt-pt\\\/schoenstatt-quito-realizou-sua-jornada-regional-de-dirigentes\\\/\",\"url\":\"https:\\\/\\\/schoenstatt.com\\\/pt-pt\\\/schoenstatt-quito-realizou-sua-jornada-regional-de-dirigentes\\\/\",\"name\":\"Schoenstatt Quito realizou sua Jornada Regional de Dirigentes\",\"isPartOf\":{\"@id\":\"https:\\\/\\\/schoenstatt.com\\\/pt-pt\\\/#website\"},\"primaryImageOfPage\":{\"@id\":\"https:\\\/\\\/schoenstatt.com\\\/pt-pt\\\/schoenstatt-quito-realizou-sua-jornada-regional-de-dirigentes\\\/#primaryimage\"},\"image\":{\"@id\":\"https:\\\/\\\/schoenstatt.com\\\/pt-pt\\\/schoenstatt-quito-realizou-sua-jornada-regional-de-dirigentes\\\/#primaryimage\"},\"thumbnailUrl\":\"https:\\\/\\\/schoenstatt.com\\\/wp-content\\\/uploads\\\/2023\\\/12\\\/schoenstatt-quito-ecuador-1.jpg\",\"datePublished\":\"2023-12-08T05:00:47+00:00\",\"dateModified\":\"2025-05-15T23:40:33+00:00\",\"description\":\"Na Bas\u00edlica do Voto Nacional, foi realizada a Jornada Regional dos Dirigentes de Schoenstatt de Quito 2023, com expectativa e emo\u00e7\u00e3o.\",\"breadcrumb\":{\"@id\":\"https:\\\/\\\/schoenstatt.com\\\/pt-pt\\\/schoenstatt-quito-realizou-sua-jornada-regional-de-dirigentes\\\/#breadcrumb\"},\"inLanguage\":\"pt-PT\",\"potentialAction\":[{\"@type\":\"ReadAction\",\"target\":[\"https:\\\/\\\/schoenstatt.com\\\/pt-pt\\\/schoenstatt-quito-realizou-sua-jornada-regional-de-dirigentes\\\/\"]}]},{\"@type\":\"ImageObject\",\"inLanguage\":\"pt-PT\",\"@id\":\"https:\\\/\\\/schoenstatt.com\\\/pt-pt\\\/schoenstatt-quito-realizou-sua-jornada-regional-de-dirigentes\\\/#primaryimage\",\"url\":\"https:\\\/\\\/schoenstatt.com\\\/wp-content\\\/uploads\\\/2023\\\/12\\\/schoenstatt-quito-ecuador-1.jpg\",\"contentUrl\":\"https:\\\/\\\/schoenstatt.com\\\/wp-content\\\/uploads\\\/2023\\\/12\\\/schoenstatt-quito-ecuador-1.jpg\",\"width\":1600,\"height\":876},{\"@type\":\"BreadcrumbList\",\"@id\":\"https:\\\/\\\/schoenstatt.com\\\/pt-pt\\\/schoenstatt-quito-realizou-sua-jornada-regional-de-dirigentes\\\/#breadcrumb\",\"itemListElement\":[{\"@type\":\"ListItem\",\"position\":1,\"name\":\"Portada\",\"item\":\"https:\\\/\\\/schoenstatt.com\\\/pt-pt\\\/home\\\/\"},{\"@type\":\"ListItem\",\"position\":2,\"name\":\"Schoenstatt Quito realizou sua Jornada Regional de Dirigentes\"}]},{\"@type\":\"WebSite\",\"@id\":\"https:\\\/\\\/schoenstatt.com\\\/pt-pt\\\/#website\",\"url\":\"https:\\\/\\\/schoenstatt.com\\\/pt-pt\\\/\",\"name\":\"Schoenstatt\",\"description\":\"Apostolic Movement\",\"publisher\":{\"@id\":\"https:\\\/\\\/schoenstatt.com\\\/pt-pt\\\/#organization\"},\"potentialAction\":[{\"@type\":\"SearchAction\",\"target\":{\"@type\":\"EntryPoint\",\"urlTemplate\":\"https:\\\/\\\/schoenstatt.com\\\/pt-pt\\\/?s={search_term_string}\"},\"query-input\":{\"@type\":\"PropertyValueSpecification\",\"valueRequired\":true,\"valueName\":\"search_term_string\"}}],\"inLanguage\":\"pt-PT\"},{\"@type\":\"Organization\",\"@id\":\"https:\\\/\\\/schoenstatt.com\\\/pt-pt\\\/#organization\",\"name\":\"Schoenstatt\",\"url\":\"https:\\\/\\\/schoenstatt.com\\\/pt-pt\\\/\",\"logo\":{\"@type\":\"ImageObject\",\"inLanguage\":\"pt-PT\",\"@id\":\"https:\\\/\\\/schoenstatt.com\\\/pt-pt\\\/#\\\/schema\\\/logo\\\/image\\\/\",\"url\":\"https:\\\/\\\/schoenstatt.com\\\/wp-content\\\/uploads\\\/2025\\\/04\\\/logo-schoenstatt-white-696x696-1.png\",\"contentUrl\":\"https:\\\/\\\/schoenstatt.com\\\/wp-content\\\/uploads\\\/2025\\\/04\\\/logo-schoenstatt-white-696x696-1.png\",\"width\":696,\"height\":694,\"caption\":\"Schoenstatt\"},\"image\":{\"@id\":\"https:\\\/\\\/schoenstatt.com\\\/pt-pt\\\/#\\\/schema\\\/logo\\\/image\\\/\"}},{\"@type\":\"Person\",\"@id\":\"https:\\\/\\\/schoenstatt.com\\\/pt-pt\\\/#\\\/schema\\\/person\\\/5158877ad4acae98b34daaeef2a1ce6e\",\"name\":\"Karen Bueno\",\"image\":{\"@type\":\"ImageObject\",\"inLanguage\":\"pt-PT\",\"@id\":\"https:\\\/\\\/secure.gravatar.com\\\/avatar\\\/f9f4b823873154269d2b2130f195f6d41037dd0d7fc5f3cacb5c846bae70d66b?s=96&d=mm&r=g\",\"url\":\"https:\\\/\\\/secure.gravatar.com\\\/avatar\\\/f9f4b823873154269d2b2130f195f6d41037dd0d7fc5f3cacb5c846bae70d66b?s=96&d=mm&r=g\",\"contentUrl\":\"https:\\\/\\\/secure.gravatar.com\\\/avatar\\\/f9f4b823873154269d2b2130f195f6d41037dd0d7fc5f3cacb5c846bae70d66b?s=96&d=mm&r=g\",\"caption\":\"Karen Bueno\"},\"url\":\"https:\\\/\\\/schoenstatt.com\\\/pt-pt\\\/author\\\/karen-bueno\\\/\"}]}<\/script>\n<!-- \/ Yoast SEO Premium plugin. -->","yoast_head_json":{"title":"Schoenstatt Quito realizou sua Jornada Regional de Dirigentes","description":"Na Bas\u00edlica do Voto Nacional, foi realizada a Jornada Regional dos Dirigentes de Schoenstatt de Quito 2023, com expectativa e emo\u00e7\u00e3o.","robots":{"index":"index","follow":"follow","max-snippet":"max-snippet:-1","max-image-preview":"max-image-preview:large","max-video-preview":"max-video-preview:-1"},"canonical":"https:\/\/schoenstatt.com\/pt-pt\/schoenstatt-quito-realizou-sua-jornada-regional-de-dirigentes\/","og_locale":"pt_PT","og_type":"article","og_title":"Schoenstatt Quito realizou sua Jornada Regional de Dirigentes","og_description":"Na Bas\u00edlica do Voto Nacional, foi realizada a Jornada Regional dos Dirigentes de Schoenstatt de Quito 2023, com expectativa e emo\u00e7\u00e3o.","og_url":"https:\/\/schoenstatt.com\/pt-pt\/schoenstatt-quito-realizou-sua-jornada-regional-de-dirigentes\/","og_site_name":"Schoenstatt","article_published_time":"2023-12-08T05:00:47+00:00","article_modified_time":"2025-05-15T23:40:33+00:00","og_image":[{"width":1600,"height":876,"url":"https:\/\/schoenstatt.com\/wp-content\/uploads\/2023\/12\/schoenstatt-quito-ecuador-1.jpg","type":"image\/jpeg"}],"author":"Karen Bueno","twitter_card":"summary_large_image","twitter_misc":{"Escrito por":"Karen Bueno","Tempo estimado de leitura":"4 minutos"},"schema":{"@context":"https:\/\/schema.org","@graph":[{"@type":"Article","@id":"https:\/\/schoenstatt.com\/pt-pt\/schoenstatt-quito-realizou-sua-jornada-regional-de-dirigentes\/#article","isPartOf":{"@id":"https:\/\/schoenstatt.com\/pt-pt\/schoenstatt-quito-realizou-sua-jornada-regional-de-dirigentes\/"},"author":{"name":"Karen Bueno","@id":"https:\/\/schoenstatt.com\/pt-pt\/#\/schema\/person\/5158877ad4acae98b34daaeef2a1ce6e"},"headline":"Schoenstatt Quito realizou sua Jornada Regional de Dirigentes","datePublished":"2023-12-08T05:00:47+00:00","dateModified":"2025-05-15T23:40:33+00:00","mainEntityOfPage":{"@id":"https:\/\/schoenstatt.com\/pt-pt\/schoenstatt-quito-realizou-sua-jornada-regional-de-dirigentes\/"},"wordCount":649,"publisher":{"@id":"https:\/\/schoenstatt.com\/pt-pt\/#organization"},"image":{"@id":"https:\/\/schoenstatt.com\/pt-pt\/schoenstatt-quito-realizou-sua-jornada-regional-de-dirigentes\/#primaryimage"},"thumbnailUrl":"https:\/\/schoenstatt.com\/wp-content\/uploads\/2023\/12\/schoenstatt-quito-ecuador-1.jpg","articleSection":["Pa\u00edses"],"inLanguage":"pt-PT"},{"@type":"WebPage","@id":"https:\/\/schoenstatt.com\/pt-pt\/schoenstatt-quito-realizou-sua-jornada-regional-de-dirigentes\/","url":"https:\/\/schoenstatt.com\/pt-pt\/schoenstatt-quito-realizou-sua-jornada-regional-de-dirigentes\/","name":"Schoenstatt Quito realizou sua Jornada Regional de Dirigentes","isPartOf":{"@id":"https:\/\/schoenstatt.com\/pt-pt\/#website"},"primaryImageOfPage":{"@id":"https:\/\/schoenstatt.com\/pt-pt\/schoenstatt-quito-realizou-sua-jornada-regional-de-dirigentes\/#primaryimage"},"image":{"@id":"https:\/\/schoenstatt.com\/pt-pt\/schoenstatt-quito-realizou-sua-jornada-regional-de-dirigentes\/#primaryimage"},"thumbnailUrl":"https:\/\/schoenstatt.com\/wp-content\/uploads\/2023\/12\/schoenstatt-quito-ecuador-1.jpg","datePublished":"2023-12-08T05:00:47+00:00","dateModified":"2025-05-15T23:40:33+00:00","description":"Na Bas\u00edlica do Voto Nacional, foi realizada a Jornada Regional dos Dirigentes de Schoenstatt de Quito 2023, com expectativa e emo\u00e7\u00e3o.","breadcrumb":{"@id":"https:\/\/schoenstatt.com\/pt-pt\/schoenstatt-quito-realizou-sua-jornada-regional-de-dirigentes\/#breadcrumb"},"inLanguage":"pt-PT","potentialAction":[{"@type":"ReadAction","target":["https:\/\/schoenstatt.com\/pt-pt\/schoenstatt-quito-realizou-sua-jornada-regional-de-dirigentes\/"]}]},{"@type":"ImageObject","inLanguage":"pt-PT","@id":"https:\/\/schoenstatt.com\/pt-pt\/schoenstatt-quito-realizou-sua-jornada-regional-de-dirigentes\/#primaryimage","url":"https:\/\/schoenstatt.com\/wp-content\/uploads\/2023\/12\/schoenstatt-quito-ecuador-1.jpg","contentUrl":"https:\/\/schoenstatt.com\/wp-content\/uploads\/2023\/12\/schoenstatt-quito-ecuador-1.jpg","width":1600,"height":876},{"@type":"BreadcrumbList","@id":"https:\/\/schoenstatt.com\/pt-pt\/schoenstatt-quito-realizou-sua-jornada-regional-de-dirigentes\/#breadcrumb","itemListElement":[{"@type":"ListItem","position":1,"name":"Portada","item":"https:\/\/schoenstatt.com\/pt-pt\/home\/"},{"@type":"ListItem","position":2,"name":"Schoenstatt Quito realizou sua Jornada Regional de Dirigentes"}]},{"@type":"WebSite","@id":"https:\/\/schoenstatt.com\/pt-pt\/#website","url":"https:\/\/schoenstatt.com\/pt-pt\/","name":"Schoenstatt","description":"Apostolic Movement","publisher":{"@id":"https:\/\/schoenstatt.com\/pt-pt\/#organization"},"potentialAction":[{"@type":"SearchAction","target":{"@type":"EntryPoint","urlTemplate":"https:\/\/schoenstatt.com\/pt-pt\/?s={search_term_string}"},"query-input":{"@type":"PropertyValueSpecification","valueRequired":true,"valueName":"search_term_string"}}],"inLanguage":"pt-PT"},{"@type":"Organization","@id":"https:\/\/schoenstatt.com\/pt-pt\/#organization","name":"Schoenstatt","url":"https:\/\/schoenstatt.com\/pt-pt\/","logo":{"@type":"ImageObject","inLanguage":"pt-PT","@id":"https:\/\/schoenstatt.com\/pt-pt\/#\/schema\/logo\/image\/","url":"https:\/\/schoenstatt.com\/wp-content\/uploads\/2025\/04\/logo-schoenstatt-white-696x696-1.png","contentUrl":"https:\/\/schoenstatt.com\/wp-content\/uploads\/2025\/04\/logo-schoenstatt-white-696x696-1.png","width":696,"height":694,"caption":"Schoenstatt"},"image":{"@id":"https:\/\/schoenstatt.com\/pt-pt\/#\/schema\/logo\/image\/"}},{"@type":"Person","@id":"https:\/\/schoenstatt.com\/pt-pt\/#\/schema\/person\/5158877ad4acae98b34daaeef2a1ce6e","name":"Karen Bueno","image":{"@type":"ImageObject","inLanguage":"pt-PT","@id":"https:\/\/secure.gravatar.com\/avatar\/f9f4b823873154269d2b2130f195f6d41037dd0d7fc5f3cacb5c846bae70d66b?s=96&d=mm&r=g","url":"https:\/\/secure.gravatar.com\/avatar\/f9f4b823873154269d2b2130f195f6d41037dd0d7fc5f3cacb5c846bae70d66b?s=96&d=mm&r=g","contentUrl":"https:\/\/secure.gravatar.com\/avatar\/f9f4b823873154269d2b2130f195f6d41037dd0d7fc5f3cacb5c846bae70d66b?s=96&d=mm&r=g","caption":"Karen Bueno"},"url":"https:\/\/schoenstatt.com\/pt-pt\/author\/karen-bueno\/"}]}},"_links":{"self":[{"href":"https:\/\/schoenstatt.com\/pt-pt\/wp-json\/wp\/v2\/posts\/33964","targetHints":{"allow":["GET"]}}],"collection":[{"href":"https:\/\/schoenstatt.com\/pt-pt\/wp-json\/wp\/v2\/posts"}],"about":[{"href":"https:\/\/schoenstatt.com\/pt-pt\/wp-json\/wp\/v2\/types\/post"}],"author":[{"embeddable":true,"href":"https:\/\/schoenstatt.com\/pt-pt\/wp-json\/wp\/v2\/users\/3"}],"replies":[{"embeddable":true,"href":"https:\/\/schoenstatt.com\/pt-pt\/wp-json\/wp\/v2\/comments?post=33964"}],"version-history":[{"count":1,"href":"https:\/\/schoenstatt.com\/pt-pt\/wp-json\/wp\/v2\/posts\/33964\/revisions"}],"predecessor-version":[{"id":46534,"href":"https:\/\/schoenstatt.com\/pt-pt\/wp-json\/wp\/v2\/posts\/33964\/revisions\/46534"}],"wp:featuredmedia":[{"embeddable":true,"href":"https:\/\/schoenstatt.com\/pt-pt\/wp-json\/wp\/v2\/media\/33948"}],"wp:attachment":[{"href":"https:\/\/schoenstatt.com\/pt-pt\/wp-json\/wp\/v2\/media?parent=33964"}],"wp:term":[{"taxonomy":"category","embeddable":true,"href":"https:\/\/schoenstatt.com\/pt-pt\/wp-json\/wp\/v2\/categories?post=33964"},{"taxonomy":"post_tag","embeddable":true,"href":"https:\/\/schoenstatt.com\/pt-pt\/wp-json\/wp\/v2\/tags?post=33964"}],"curies":[{"name":"wp","href":"https:\/\/api.w.org\/{rel}","templated":true}]}}