{"id":33928,"date":"2023-12-07T12:34:34","date_gmt":"2023-12-07T11:34:34","guid":{"rendered":"https:\/\/schoenstatt.com\/?p=33928"},"modified":"2025-05-16T01:40:34","modified_gmt":"2025-05-15T23:40:34","slug":"pela-primeira-vez-um-casal-sera-diretor-do-movimento-na-suica","status":"publish","type":"post","link":"https:\/\/schoenstatt.com\/pt-pt\/pela-primeira-vez-um-casal-sera-diretor-do-movimento-na-suica\/","title":{"rendered":"Pela primeira vez um casal ser\u00e1 Diretor do Movimento na Su\u00ed\u00e7a"},"content":{"rendered":"<p>Na reuni\u00e3o de 15 de novembro de 2023, em Quarten, os membros da Presid\u00eancia Nacional de <a href=\"https:\/\/schoenstatt.ch\/\" target=\"_blank\" rel=\"noopener\">Schoenstatt da Su\u00ed\u00e7a<\/a> nomearam Rita e Franz Schuler para assumir a tarefa de Diretores do Movimento no pa\u00eds. Eles suceder\u00e3o ao Pe. Raffael Rieger (Padre de Schoenstatt) a partir de 1\u00ba de janeiro de 2024. Seu mandato \u00e9 de seis anos. O Sr. e a Sra. Schuler s\u00e3o o primeiro casal a assumir a dire\u00e7\u00e3o do Movimento de Schoenstatt na Su\u00ed\u00e7a.<\/p>\n<p>Os novos diretores pertencem \u00e0 Uni\u00e3o de Fam\u00edlias de Schoenstatt. Eles se colocam \u00e0 disposi\u00e7\u00e3o, para contribuir e somar: <em>\u201cSomos o primeiro casal na Su\u00ed\u00e7a a assumir a dire\u00e7\u00e3o do Movimento. Estamos nos colocando completamente \u00e0 disposi\u00e7\u00e3o do Movimento e dos ramos da Liga Apost\u00f3lica, como diretores. No que diz respeito ao desafio, n\u00e3o sabemos exatamente o que esperar no momento. Somos apoiados em nossa tarefa pela Central Nacional de Assessores. A Central \u00e9 formada por Irm\u00e3s, padres e outras pessoas que trabalham em v\u00e1rios ramos. Atualmente, s\u00e3o cerca de 13 pessoas.\u201d<\/em><\/p>\n<h2>Qual \u00e9 a tarefa de um diretor do Movimento?<\/h2>\n<p>A fun\u00e7\u00e3o dos diretores do Movimento \u00e9 ser um \u201ccriador de redes\u201d e \u201cconstrutor de pontes\u201d. Eles conectam os grupos independentes dos ramos da Liga Apost\u00f3lica de Schoenstatt. A dire\u00e7\u00e3o do Movimento \u00e9 respons\u00e1vel, entre outras coisas, pelo encontro anual dos dirigentes. Os diretores do Movimento tamb\u00e9m organizam e administram a Central Nacional de Assessores do Movimento de Schoenstatt. Os assessores, que prestam um servi\u00e7o inspirador aos ramos da Liga e s\u00e3o ativos no cuidado espiritual, constituem a Central. Juntamente com a Presid\u00eancia Nacional, os diretores representam o Movimento externamente. <a href=\"https:\/\/schoenstatt.com\/pt-pt\/familia\/comunidades-do-movimento-apostolico-de-schoenstatt\/\"><strong>Veja mais detalhes aqui.<\/strong><\/a><\/p>\n<p>O casal tamb\u00e9m fala sobre suas expectativas para a nova tarefa: <em>\u201cSob a orienta\u00e7\u00e3o e o apoio da querida M\u00e3e de Deus, queremos conduzir a Fam\u00edlia de Schoenstatt Su\u00ed\u00e7a para o futuro. Nessa tarefa, dependemos da ajuda de muitas pessoas, do apoio de cada indiv\u00edduo, cada um em seu lugar e cada um com suas possibilidades. Um dos nossos objetivos \u00e9 reconhecer a diversidade do Movimento de Schoenstatt na Su\u00ed\u00e7a, estar atentos, refletir sobre onde h\u00e1 crescimento, onde algo est\u00e1 se inflamando e onde \u00e9 necess\u00e1rio apoio. Tamb\u00e9m vemos o trabalho em rede e o crescimento conjunto como acento de nossa tarefa.\u201d<\/em><\/p>\n<figure id=\"attachment_33933\" aria-describedby=\"caption-attachment-33933\" style=\"width: 924px\" class=\"wp-caption aligncenter\"><img fetchpriority=\"high\" decoding=\"async\" class=\"wp-image-33933\" src=\"https:\/\/schoenstatt.com\/wp-content\/uploads\/2023\/12\/Schonstatt-Schweiz-1024x512.jpg\" alt=\"\" width=\"924\" height=\"462\" \/><figcaption id=\"caption-attachment-33933\" class=\"wp-caption-text\">A fun\u00e7\u00e3o dos diretores do Movimento \u00e9 ser um \u201ccriador de redes\u201d e \u201cconstrutor de pontes\u201d. Foto &#8211; facebook.com\/schoenstattschweiz<\/figcaption><\/figure>\n<h2>Mensagem da Presid\u00eancia Nacional<\/h2>\n<p>Os membros da Presid\u00eancia agradecem calorosamente a Rita e Franz por sua disposi\u00e7\u00e3o em assumir essa tarefa e, assim, dirigir e acompanhar o Movimento de Schoenstatt su\u00ed\u00e7o em uma nova fase. Na carta oficial, a Presid\u00eancia escreve:<\/p>\n<blockquote><p>\u201c\u00c9 importante para a Presid\u00eancia Nacional e tamb\u00e9m para Rita e Franz Schuler que eles sejam apoiados nessa tarefa. Portanto, como pr\u00f3ximo passo, eles buscar\u00e3o \u2018conselheiros e colaboradores\u2019 com quem gostariam de cumprir essa tarefa.<br \/>\nParabenizamos calorosamente Rita e Franz por sua nomea\u00e7\u00e3o e pedimos a b\u00ean\u00e7\u00e3o de Deus e seu Esp\u00edrito Santo de sabedoria para essa tarefa. Obrigado por todas as suas ora\u00e7\u00f5es pedindo por um bom caminho para o futuro do Movimento de Schoenstatt na Su\u00ed\u00e7a!\u201d<\/p><\/blockquote>\n<p>Por fim, os novos diretores do Movimento dizem: <em>\u201cJuntos, queremos repensar e redefinir constantemente a vis\u00e3o do Pe Jos\u00e9 Kentenich, onde todos est\u00e3o e atuam\u201d.<\/em><\/p>\n","protected":false},"excerpt":{"rendered":"<p>A Presid\u00eancia Nacional do Movimento de Schoenstatt da Su\u00ed\u00e7a nomeou o casal Rita e Franz Schuler como os Diretores do Movimento no pa\u00eds.<\/p>\n","protected":false},"author":3,"featured_media":33929,"comment_status":"closed","ping_status":"closed","sticky":false,"template":"","format":"standard","meta":{"footnotes":""},"categories":[869],"tags":[],"class_list":["post-33928","post","type-post","status-publish","format-standard","has-post-thumbnail","hentry","category-paises-pt-pt"],"yoast_head":"<!-- This site is optimized with the Yoast SEO Premium plugin v27.4 (Yoast SEO v27.5) - https:\/\/yoast.com\/product\/yoast-seo-premium-wordpress\/ -->\n<title>Pela primeira vez um casal ser\u00e1 Diretor do Movimento na Su\u00ed\u00e7a<\/title>\n<meta name=\"description\" content=\"A Presid\u00eancia Nacional do Movimento de Schoenstatt nomeou Rita e Franz Schuler como os novos diretores do Movimento na Su\u00ed\u00e7a.\" \/>\n<meta name=\"robots\" content=\"index, follow, max-snippet:-1, max-image-preview:large, max-video-preview:-1\" \/>\n<link rel=\"canonical\" href=\"https:\/\/schoenstatt.com\/pt-pt\/pela-primeira-vez-um-casal-sera-diretor-do-movimento-na-suica\/\" \/>\n<meta property=\"og:locale\" content=\"pt_PT\" \/>\n<meta property=\"og:type\" content=\"article\" \/>\n<meta property=\"og:title\" content=\"Pela primeira vez um casal ser\u00e1 Diretor do Movimento na Su\u00ed\u00e7a\" \/>\n<meta property=\"og:description\" content=\"A Presid\u00eancia Nacional do Movimento de Schoenstatt nomeou Rita e Franz Schuler como os novos diretores do Movimento na Su\u00ed\u00e7a.\" \/>\n<meta property=\"og:url\" content=\"https:\/\/schoenstatt.com\/pt-pt\/pela-primeira-vez-um-casal-sera-diretor-do-movimento-na-suica\/\" \/>\n<meta property=\"og:site_name\" content=\"Schoenstatt\" \/>\n<meta property=\"article:published_time\" content=\"2023-12-07T11:34:34+00:00\" \/>\n<meta property=\"article:modified_time\" content=\"2025-05-15T23:40:34+00:00\" \/>\n<meta property=\"og:image\" content=\"https:\/\/schoenstatt.com\/wp-content\/uploads\/2023\/12\/Rita-and-Franz-Schuler-Schoenstatt-1.jpg\" \/>\n\t<meta property=\"og:image:width\" content=\"2048\" \/>\n\t<meta property=\"og:image:height\" content=\"1365\" \/>\n\t<meta property=\"og:image:type\" content=\"image\/jpeg\" \/>\n<meta name=\"author\" content=\"Karen Bueno\" \/>\n<meta name=\"twitter:card\" content=\"summary_large_image\" \/>\n<meta name=\"twitter:label1\" content=\"Escrito por\" \/>\n\t<meta name=\"twitter:data1\" content=\"Karen Bueno\" \/>\n\t<meta name=\"twitter:label2\" content=\"Tempo estimado de leitura\" \/>\n\t<meta name=\"twitter:data2\" content=\"3 minutos\" \/>\n<script type=\"application\/ld+json\" class=\"yoast-schema-graph\">{\"@context\":\"https:\\\/\\\/schema.org\",\"@graph\":[{\"@type\":\"Article\",\"@id\":\"https:\\\/\\\/schoenstatt.com\\\/pt-pt\\\/pela-primeira-vez-um-casal-sera-diretor-do-movimento-na-suica\\\/#article\",\"isPartOf\":{\"@id\":\"https:\\\/\\\/schoenstatt.com\\\/pt-pt\\\/pela-primeira-vez-um-casal-sera-diretor-do-movimento-na-suica\\\/\"},\"author\":{\"name\":\"Karen Bueno\",\"@id\":\"https:\\\/\\\/schoenstatt.com\\\/pt-pt\\\/#\\\/schema\\\/person\\\/5158877ad4acae98b34daaeef2a1ce6e\"},\"headline\":\"Pela primeira vez um casal ser\u00e1 Diretor do Movimento na Su\u00ed\u00e7a\",\"datePublished\":\"2023-12-07T11:34:34+00:00\",\"dateModified\":\"2025-05-15T23:40:34+00:00\",\"mainEntityOfPage\":{\"@id\":\"https:\\\/\\\/schoenstatt.com\\\/pt-pt\\\/pela-primeira-vez-um-casal-sera-diretor-do-movimento-na-suica\\\/\"},\"wordCount\":595,\"publisher\":{\"@id\":\"https:\\\/\\\/schoenstatt.com\\\/pt-pt\\\/#organization\"},\"image\":{\"@id\":\"https:\\\/\\\/schoenstatt.com\\\/pt-pt\\\/pela-primeira-vez-um-casal-sera-diretor-do-movimento-na-suica\\\/#primaryimage\"},\"thumbnailUrl\":\"https:\\\/\\\/schoenstatt.com\\\/wp-content\\\/uploads\\\/2023\\\/12\\\/Rita-and-Franz-Schuler-Schoenstatt-1.jpg\",\"articleSection\":[\"Pa\u00edses\"],\"inLanguage\":\"pt-PT\"},{\"@type\":\"WebPage\",\"@id\":\"https:\\\/\\\/schoenstatt.com\\\/pt-pt\\\/pela-primeira-vez-um-casal-sera-diretor-do-movimento-na-suica\\\/\",\"url\":\"https:\\\/\\\/schoenstatt.com\\\/pt-pt\\\/pela-primeira-vez-um-casal-sera-diretor-do-movimento-na-suica\\\/\",\"name\":\"Pela primeira vez um casal ser\u00e1 Diretor do Movimento na Su\u00ed\u00e7a\",\"isPartOf\":{\"@id\":\"https:\\\/\\\/schoenstatt.com\\\/pt-pt\\\/#website\"},\"primaryImageOfPage\":{\"@id\":\"https:\\\/\\\/schoenstatt.com\\\/pt-pt\\\/pela-primeira-vez-um-casal-sera-diretor-do-movimento-na-suica\\\/#primaryimage\"},\"image\":{\"@id\":\"https:\\\/\\\/schoenstatt.com\\\/pt-pt\\\/pela-primeira-vez-um-casal-sera-diretor-do-movimento-na-suica\\\/#primaryimage\"},\"thumbnailUrl\":\"https:\\\/\\\/schoenstatt.com\\\/wp-content\\\/uploads\\\/2023\\\/12\\\/Rita-and-Franz-Schuler-Schoenstatt-1.jpg\",\"datePublished\":\"2023-12-07T11:34:34+00:00\",\"dateModified\":\"2025-05-15T23:40:34+00:00\",\"description\":\"A Presid\u00eancia Nacional do Movimento de Schoenstatt nomeou Rita e Franz Schuler como os novos diretores do Movimento na Su\u00ed\u00e7a.\",\"breadcrumb\":{\"@id\":\"https:\\\/\\\/schoenstatt.com\\\/pt-pt\\\/pela-primeira-vez-um-casal-sera-diretor-do-movimento-na-suica\\\/#breadcrumb\"},\"inLanguage\":\"pt-PT\",\"potentialAction\":[{\"@type\":\"ReadAction\",\"target\":[\"https:\\\/\\\/schoenstatt.com\\\/pt-pt\\\/pela-primeira-vez-um-casal-sera-diretor-do-movimento-na-suica\\\/\"]}]},{\"@type\":\"ImageObject\",\"inLanguage\":\"pt-PT\",\"@id\":\"https:\\\/\\\/schoenstatt.com\\\/pt-pt\\\/pela-primeira-vez-um-casal-sera-diretor-do-movimento-na-suica\\\/#primaryimage\",\"url\":\"https:\\\/\\\/schoenstatt.com\\\/wp-content\\\/uploads\\\/2023\\\/12\\\/Rita-and-Franz-Schuler-Schoenstatt-1.jpg\",\"contentUrl\":\"https:\\\/\\\/schoenstatt.com\\\/wp-content\\\/uploads\\\/2023\\\/12\\\/Rita-and-Franz-Schuler-Schoenstatt-1.jpg\",\"width\":2048,\"height\":1365},{\"@type\":\"BreadcrumbList\",\"@id\":\"https:\\\/\\\/schoenstatt.com\\\/pt-pt\\\/pela-primeira-vez-um-casal-sera-diretor-do-movimento-na-suica\\\/#breadcrumb\",\"itemListElement\":[{\"@type\":\"ListItem\",\"position\":1,\"name\":\"Portada\",\"item\":\"https:\\\/\\\/schoenstatt.com\\\/pt-pt\\\/home\\\/\"},{\"@type\":\"ListItem\",\"position\":2,\"name\":\"Pela primeira vez um casal ser\u00e1 Diretor do Movimento na Su\u00ed\u00e7a\"}]},{\"@type\":\"WebSite\",\"@id\":\"https:\\\/\\\/schoenstatt.com\\\/pt-pt\\\/#website\",\"url\":\"https:\\\/\\\/schoenstatt.com\\\/pt-pt\\\/\",\"name\":\"Schoenstatt\",\"description\":\"Apostolic Movement\",\"publisher\":{\"@id\":\"https:\\\/\\\/schoenstatt.com\\\/pt-pt\\\/#organization\"},\"potentialAction\":[{\"@type\":\"SearchAction\",\"target\":{\"@type\":\"EntryPoint\",\"urlTemplate\":\"https:\\\/\\\/schoenstatt.com\\\/pt-pt\\\/?s={search_term_string}\"},\"query-input\":{\"@type\":\"PropertyValueSpecification\",\"valueRequired\":true,\"valueName\":\"search_term_string\"}}],\"inLanguage\":\"pt-PT\"},{\"@type\":\"Organization\",\"@id\":\"https:\\\/\\\/schoenstatt.com\\\/pt-pt\\\/#organization\",\"name\":\"Schoenstatt\",\"url\":\"https:\\\/\\\/schoenstatt.com\\\/pt-pt\\\/\",\"logo\":{\"@type\":\"ImageObject\",\"inLanguage\":\"pt-PT\",\"@id\":\"https:\\\/\\\/schoenstatt.com\\\/pt-pt\\\/#\\\/schema\\\/logo\\\/image\\\/\",\"url\":\"https:\\\/\\\/schoenstatt.com\\\/wp-content\\\/uploads\\\/2025\\\/04\\\/logo-schoenstatt-white-696x696-1.png\",\"contentUrl\":\"https:\\\/\\\/schoenstatt.com\\\/wp-content\\\/uploads\\\/2025\\\/04\\\/logo-schoenstatt-white-696x696-1.png\",\"width\":696,\"height\":694,\"caption\":\"Schoenstatt\"},\"image\":{\"@id\":\"https:\\\/\\\/schoenstatt.com\\\/pt-pt\\\/#\\\/schema\\\/logo\\\/image\\\/\"}},{\"@type\":\"Person\",\"@id\":\"https:\\\/\\\/schoenstatt.com\\\/pt-pt\\\/#\\\/schema\\\/person\\\/5158877ad4acae98b34daaeef2a1ce6e\",\"name\":\"Karen Bueno\",\"image\":{\"@type\":\"ImageObject\",\"inLanguage\":\"pt-PT\",\"@id\":\"https:\\\/\\\/secure.gravatar.com\\\/avatar\\\/f9f4b823873154269d2b2130f195f6d41037dd0d7fc5f3cacb5c846bae70d66b?s=96&d=mm&r=g\",\"url\":\"https:\\\/\\\/secure.gravatar.com\\\/avatar\\\/f9f4b823873154269d2b2130f195f6d41037dd0d7fc5f3cacb5c846bae70d66b?s=96&d=mm&r=g\",\"contentUrl\":\"https:\\\/\\\/secure.gravatar.com\\\/avatar\\\/f9f4b823873154269d2b2130f195f6d41037dd0d7fc5f3cacb5c846bae70d66b?s=96&d=mm&r=g\",\"caption\":\"Karen Bueno\"},\"url\":\"https:\\\/\\\/schoenstatt.com\\\/pt-pt\\\/author\\\/karen-bueno\\\/\"}]}<\/script>\n<!-- \/ Yoast SEO Premium plugin. -->","yoast_head_json":{"title":"Pela primeira vez um casal ser\u00e1 Diretor do Movimento na Su\u00ed\u00e7a","description":"A Presid\u00eancia Nacional do Movimento de Schoenstatt nomeou Rita e Franz Schuler como os novos diretores do Movimento na Su\u00ed\u00e7a.","robots":{"index":"index","follow":"follow","max-snippet":"max-snippet:-1","max-image-preview":"max-image-preview:large","max-video-preview":"max-video-preview:-1"},"canonical":"https:\/\/schoenstatt.com\/pt-pt\/pela-primeira-vez-um-casal-sera-diretor-do-movimento-na-suica\/","og_locale":"pt_PT","og_type":"article","og_title":"Pela primeira vez um casal ser\u00e1 Diretor do Movimento na Su\u00ed\u00e7a","og_description":"A Presid\u00eancia Nacional do Movimento de Schoenstatt nomeou Rita e Franz Schuler como os novos diretores do Movimento na Su\u00ed\u00e7a.","og_url":"https:\/\/schoenstatt.com\/pt-pt\/pela-primeira-vez-um-casal-sera-diretor-do-movimento-na-suica\/","og_site_name":"Schoenstatt","article_published_time":"2023-12-07T11:34:34+00:00","article_modified_time":"2025-05-15T23:40:34+00:00","og_image":[{"width":2048,"height":1365,"url":"https:\/\/schoenstatt.com\/wp-content\/uploads\/2023\/12\/Rita-and-Franz-Schuler-Schoenstatt-1.jpg","type":"image\/jpeg"}],"author":"Karen Bueno","twitter_card":"summary_large_image","twitter_misc":{"Escrito por":"Karen Bueno","Tempo estimado de leitura":"3 minutos"},"schema":{"@context":"https:\/\/schema.org","@graph":[{"@type":"Article","@id":"https:\/\/schoenstatt.com\/pt-pt\/pela-primeira-vez-um-casal-sera-diretor-do-movimento-na-suica\/#article","isPartOf":{"@id":"https:\/\/schoenstatt.com\/pt-pt\/pela-primeira-vez-um-casal-sera-diretor-do-movimento-na-suica\/"},"author":{"name":"Karen Bueno","@id":"https:\/\/schoenstatt.com\/pt-pt\/#\/schema\/person\/5158877ad4acae98b34daaeef2a1ce6e"},"headline":"Pela primeira vez um casal ser\u00e1 Diretor do Movimento na Su\u00ed\u00e7a","datePublished":"2023-12-07T11:34:34+00:00","dateModified":"2025-05-15T23:40:34+00:00","mainEntityOfPage":{"@id":"https:\/\/schoenstatt.com\/pt-pt\/pela-primeira-vez-um-casal-sera-diretor-do-movimento-na-suica\/"},"wordCount":595,"publisher":{"@id":"https:\/\/schoenstatt.com\/pt-pt\/#organization"},"image":{"@id":"https:\/\/schoenstatt.com\/pt-pt\/pela-primeira-vez-um-casal-sera-diretor-do-movimento-na-suica\/#primaryimage"},"thumbnailUrl":"https:\/\/schoenstatt.com\/wp-content\/uploads\/2023\/12\/Rita-and-Franz-Schuler-Schoenstatt-1.jpg","articleSection":["Pa\u00edses"],"inLanguage":"pt-PT"},{"@type":"WebPage","@id":"https:\/\/schoenstatt.com\/pt-pt\/pela-primeira-vez-um-casal-sera-diretor-do-movimento-na-suica\/","url":"https:\/\/schoenstatt.com\/pt-pt\/pela-primeira-vez-um-casal-sera-diretor-do-movimento-na-suica\/","name":"Pela primeira vez um casal ser\u00e1 Diretor do Movimento na Su\u00ed\u00e7a","isPartOf":{"@id":"https:\/\/schoenstatt.com\/pt-pt\/#website"},"primaryImageOfPage":{"@id":"https:\/\/schoenstatt.com\/pt-pt\/pela-primeira-vez-um-casal-sera-diretor-do-movimento-na-suica\/#primaryimage"},"image":{"@id":"https:\/\/schoenstatt.com\/pt-pt\/pela-primeira-vez-um-casal-sera-diretor-do-movimento-na-suica\/#primaryimage"},"thumbnailUrl":"https:\/\/schoenstatt.com\/wp-content\/uploads\/2023\/12\/Rita-and-Franz-Schuler-Schoenstatt-1.jpg","datePublished":"2023-12-07T11:34:34+00:00","dateModified":"2025-05-15T23:40:34+00:00","description":"A Presid\u00eancia Nacional do Movimento de Schoenstatt nomeou Rita e Franz Schuler como os novos diretores do Movimento na Su\u00ed\u00e7a.","breadcrumb":{"@id":"https:\/\/schoenstatt.com\/pt-pt\/pela-primeira-vez-um-casal-sera-diretor-do-movimento-na-suica\/#breadcrumb"},"inLanguage":"pt-PT","potentialAction":[{"@type":"ReadAction","target":["https:\/\/schoenstatt.com\/pt-pt\/pela-primeira-vez-um-casal-sera-diretor-do-movimento-na-suica\/"]}]},{"@type":"ImageObject","inLanguage":"pt-PT","@id":"https:\/\/schoenstatt.com\/pt-pt\/pela-primeira-vez-um-casal-sera-diretor-do-movimento-na-suica\/#primaryimage","url":"https:\/\/schoenstatt.com\/wp-content\/uploads\/2023\/12\/Rita-and-Franz-Schuler-Schoenstatt-1.jpg","contentUrl":"https:\/\/schoenstatt.com\/wp-content\/uploads\/2023\/12\/Rita-and-Franz-Schuler-Schoenstatt-1.jpg","width":2048,"height":1365},{"@type":"BreadcrumbList","@id":"https:\/\/schoenstatt.com\/pt-pt\/pela-primeira-vez-um-casal-sera-diretor-do-movimento-na-suica\/#breadcrumb","itemListElement":[{"@type":"ListItem","position":1,"name":"Portada","item":"https:\/\/schoenstatt.com\/pt-pt\/home\/"},{"@type":"ListItem","position":2,"name":"Pela primeira vez um casal ser\u00e1 Diretor do Movimento na Su\u00ed\u00e7a"}]},{"@type":"WebSite","@id":"https:\/\/schoenstatt.com\/pt-pt\/#website","url":"https:\/\/schoenstatt.com\/pt-pt\/","name":"Schoenstatt","description":"Apostolic Movement","publisher":{"@id":"https:\/\/schoenstatt.com\/pt-pt\/#organization"},"potentialAction":[{"@type":"SearchAction","target":{"@type":"EntryPoint","urlTemplate":"https:\/\/schoenstatt.com\/pt-pt\/?s={search_term_string}"},"query-input":{"@type":"PropertyValueSpecification","valueRequired":true,"valueName":"search_term_string"}}],"inLanguage":"pt-PT"},{"@type":"Organization","@id":"https:\/\/schoenstatt.com\/pt-pt\/#organization","name":"Schoenstatt","url":"https:\/\/schoenstatt.com\/pt-pt\/","logo":{"@type":"ImageObject","inLanguage":"pt-PT","@id":"https:\/\/schoenstatt.com\/pt-pt\/#\/schema\/logo\/image\/","url":"https:\/\/schoenstatt.com\/wp-content\/uploads\/2025\/04\/logo-schoenstatt-white-696x696-1.png","contentUrl":"https:\/\/schoenstatt.com\/wp-content\/uploads\/2025\/04\/logo-schoenstatt-white-696x696-1.png","width":696,"height":694,"caption":"Schoenstatt"},"image":{"@id":"https:\/\/schoenstatt.com\/pt-pt\/#\/schema\/logo\/image\/"}},{"@type":"Person","@id":"https:\/\/schoenstatt.com\/pt-pt\/#\/schema\/person\/5158877ad4acae98b34daaeef2a1ce6e","name":"Karen Bueno","image":{"@type":"ImageObject","inLanguage":"pt-PT","@id":"https:\/\/secure.gravatar.com\/avatar\/f9f4b823873154269d2b2130f195f6d41037dd0d7fc5f3cacb5c846bae70d66b?s=96&d=mm&r=g","url":"https:\/\/secure.gravatar.com\/avatar\/f9f4b823873154269d2b2130f195f6d41037dd0d7fc5f3cacb5c846bae70d66b?s=96&d=mm&r=g","contentUrl":"https:\/\/secure.gravatar.com\/avatar\/f9f4b823873154269d2b2130f195f6d41037dd0d7fc5f3cacb5c846bae70d66b?s=96&d=mm&r=g","caption":"Karen Bueno"},"url":"https:\/\/schoenstatt.com\/pt-pt\/author\/karen-bueno\/"}]}},"_links":{"self":[{"href":"https:\/\/schoenstatt.com\/pt-pt\/wp-json\/wp\/v2\/posts\/33928","targetHints":{"allow":["GET"]}}],"collection":[{"href":"https:\/\/schoenstatt.com\/pt-pt\/wp-json\/wp\/v2\/posts"}],"about":[{"href":"https:\/\/schoenstatt.com\/pt-pt\/wp-json\/wp\/v2\/types\/post"}],"author":[{"embeddable":true,"href":"https:\/\/schoenstatt.com\/pt-pt\/wp-json\/wp\/v2\/users\/3"}],"replies":[{"embeddable":true,"href":"https:\/\/schoenstatt.com\/pt-pt\/wp-json\/wp\/v2\/comments?post=33928"}],"version-history":[{"count":1,"href":"https:\/\/schoenstatt.com\/pt-pt\/wp-json\/wp\/v2\/posts\/33928\/revisions"}],"predecessor-version":[{"id":46533,"href":"https:\/\/schoenstatt.com\/pt-pt\/wp-json\/wp\/v2\/posts\/33928\/revisions\/46533"}],"wp:featuredmedia":[{"embeddable":true,"href":"https:\/\/schoenstatt.com\/pt-pt\/wp-json\/wp\/v2\/media\/33929"}],"wp:attachment":[{"href":"https:\/\/schoenstatt.com\/pt-pt\/wp-json\/wp\/v2\/media?parent=33928"}],"wp:term":[{"taxonomy":"category","embeddable":true,"href":"https:\/\/schoenstatt.com\/pt-pt\/wp-json\/wp\/v2\/categories?post=33928"},{"taxonomy":"post_tag","embeddable":true,"href":"https:\/\/schoenstatt.com\/pt-pt\/wp-json\/wp\/v2\/tags?post=33928"}],"curies":[{"name":"wp","href":"https:\/\/api.w.org\/{rel}","templated":true}]}}