{"id":33905,"date":"2023-12-06T12:06:53","date_gmt":"2023-12-06T11:06:53","guid":{"rendered":"https:\/\/schoenstatt.com\/?p=33905"},"modified":"2025-05-16T02:51:37","modified_gmt":"2025-05-16T00:51:37","slug":"formatura-na-oficina-de-costura-bom-futuro-em-burundi","status":"publish","type":"post","link":"https:\/\/schoenstatt.com\/pt-pt\/formatura-na-oficina-de-costura-bom-futuro-em-burundi\/","title":{"rendered":"Formatura na oficina de costura \u201cBom Futuro\u201d em Burundi"},"content":{"rendered":"<p>Em 2021, a comunidade das <a href=\"https:\/\/schoenstatt.com\/pt-pt\/familia\/comunidades-do-movimento-apostolico-de-schoenstatt\/woman\/\">Irm\u00e3s de Maria de Schoenstatt<\/a> abriu uma escola de costura em <a href=\"https:\/\/maps.app.goo.gl\/AQACUL1U4QBw99rR6\" target=\"_blank\" rel=\"noopener\">Burundi (\u00c1frica Central)<\/a> chamado Akazoza Keza &#8211; Bom Futuro.<\/p>\n<p>Esta escola \u00e9 para mulheres e jovens, com n\u00edvel de ensino fundamental, que querem aprender a profiss\u00e3o a fim de melhorar a sua vida e a realidade de suas fam\u00edlias.<\/p>\n<h2>Desenvolvendo Habilidades Pessoais<\/h2>\n<p>Al\u00e9m da profiss\u00e3o de costureira, a forma\u00e7\u00e3o foca tamb\u00e9m na vida comunit\u00e1ria, no esp\u00edrito criativo e tenta promover os talentos e habilidades das pessoas. A pobreza muitas vezes impede de prosperar e crescer na f\u00e9. A oficina permite que as mulheres desenvolvam perspectivas positivas. Cada uma delas elabora um plano e um projeto para seu crescimento financeiro.<\/p>\n<p><img fetchpriority=\"high\" decoding=\"async\" class=\"aligncenter wp-image-33910 size-large\" src=\"https:\/\/schoenstatt.com\/wp-content\/uploads\/2023\/12\/Nahatelier-Gute-Zukunft-Schoenstatt-Burundi-4-1024x768.jpg\" alt=\"\" width=\"840\" height=\"630\" \/><\/p>\n<h3>Formatura<\/h3>\n<p>Agora, o quarto grupo de mulheres concluiu este curso de forma\u00e7\u00e3o. Durante uma celebra\u00e7\u00e3o, para elas, seus familiares e convidados, cada uma recebeu seu certificado.<\/p>\n<p>A programa\u00e7\u00e3o incluiu uma Santa Missa em a\u00e7\u00e3o de gra\u00e7as. Na homilia, o Pe. Abb\u00e9 Dismas enfatizou a import\u00e2ncia da alfaiataria: \u201cAs vestes est\u00e3o nos c\u00e9us e na terra. Maria aparece vestida e ela tamb\u00e9m costurou as roupas para Jesus\u201d.<\/p>\n<p>Ele as aconselhou a n\u00e3o trabalharem como outras pessoas, tentando ganhar dinheiro a qualquer custo, mas a permanecerem honestas, verdadeiras e justas.<\/p>\n<h3>Presentes da M\u00e3e Tr\u00eas Vezes Admir\u00e1vel<\/h3>\n<p>Em seguida da Santa Missa, todos os presentes foram para o sal\u00e3o e Juliette Kavabuha tomou a palavra, dando parab\u00e9ns e conselhos \u00e0s formandas. Ela lembrou que este dia \u00e9 um dos presentes que a M\u00e3e Tr\u00eas Vezes Admir\u00e1vel nos d\u00e1 e pediu a elas que testemunhem em seu ambiente o esp\u00edrito que receberam na oficina. O Centro de Schoenstatt n\u00e3o s\u00f3 as treinou em alfaiataria, mas ali elas tamb\u00e9m receberam orienta\u00e7\u00e3o espiritual.<\/p>\n<p><img decoding=\"async\" class=\"aligncenter wp-image-33914 size-large\" src=\"https:\/\/schoenstatt.com\/wp-content\/uploads\/2023\/12\/Nahatelier-Gute-Zukunft-Schoenstatt-Burundi-3-1024x768.jpg\" alt=\"\" width=\"840\" height=\"630\" \/><\/p>\n<h3>Express\u00e3o de alegria<\/h3>\n<p>Uma das 17 mulheres que conclu\u00edram esse curso de costura tomou a palavra para expressar sua alegria. Ela manifestou seus sinceros agradecimentos aos respons\u00e1veis pelo centro \u201cAkazoza Keza\u201d e \u00e0 professora, que dedicou cora\u00e7\u00e3o e alma para ensin\u00e1-las.<\/p>\n<p>Ela tamb\u00e9m agradeceu \u00e0s colegas pelo bom relacionamento nesses seis meses. Em sinal de gratid\u00e3o, presenteou com uma imagem de S\u00e3o Jos\u00e9, que as acompanhar\u00e1 em sua profiss\u00e3o de costureira.<\/p>\n<h3>Espa\u00e7o pequeno<\/h3>\n<p>A Ir. M. Fran\u00e7oise contou a todos como surgiu a ideia desse projeto: A comunidade das Irm\u00e3s de Maria de Schoenstatt percebeu a pobreza no pa\u00eds, especialmente nas fam\u00edlias, e que isso era uma amea\u00e7a, especialmente para muitas senhoras e meninas. Ent\u00e3o, surgiu a ideia de criar este Centro de Costura para apoiar aquelas que desejassem. Disse que as dez m\u00e1quinas de costura j\u00e1 s\u00e3o poucas e tamb\u00e9m a sala de aulas j\u00e1 se tornou pequena, pois h\u00e1 muitas mulheres que querem aprender.<\/p>\n<p>No final, as universit\u00e1rias de Schoenstatt saudaram as formandas com dan\u00e7as. A celebra\u00e7\u00e3o terminou numa atmosfera de muita alegria.<\/p>\n<p><img decoding=\"async\" class=\"aligncenter wp-image-33918 size-large\" src=\"https:\/\/schoenstatt.com\/wp-content\/uploads\/2023\/12\/Nahatelier-Gute-Zukunft-Schoenstatt-Burundi-2-1024x744.jpg\" alt=\"\" width=\"840\" height=\"610\" \/><\/p>\n<p>Fotos: Ir. M. Lisette Seiter, Bujumbura, Burundi<\/p>\n<p>Fonte: Irm\u00e3s de Maria de Schoenstatt &#8211; <a href=\"https:\/\/www.s-ms.org\/pt-br\/\" target=\"_blank\" rel=\"noopener\">s-ms.org<\/a><\/p>\n","protected":false},"excerpt":{"rendered":"<p>Entrega de certificados em Burundi: Um novo grupo de mulheres concluiu o curso de costura oferecido pelas Irm\u00e3s de Maria de Schoenstatt. O trabalho social tem o objetivo de transformar a sociedade e contribuir para o desenvolvimento profissional e espiritual das mulheres.<\/p>\n","protected":false},"author":3,"featured_media":33906,"comment_status":"closed","ping_status":"closed","sticky":false,"template":"","format":"standard","meta":{"footnotes":""},"categories":[869,912],"tags":[],"class_list":["post-33905","post","type-post","status-publish","format-standard","has-post-thumbnail","hentry","category-paises-pt-pt","category-sociedade-pt-pt"],"yoast_head":"<!-- This site is optimized with the Yoast SEO Premium plugin v27.4 (Yoast SEO v27.4) - https:\/\/yoast.com\/product\/yoast-seo-premium-wordpress\/ -->\n<title>Formatura na oficina de costura \u201cBom Futuro\u201d em Burundi<\/title>\n<meta name=\"description\" content=\"Um novo grupo de mulheres completou o curso de costura oferecido pelas Irm\u00e3s de Maria de Schoenstatt em Burundi.\" \/>\n<meta name=\"robots\" content=\"index, follow, max-snippet:-1, max-image-preview:large, max-video-preview:-1\" \/>\n<link rel=\"canonical\" href=\"https:\/\/schoenstatt.com\/pt-pt\/formatura-na-oficina-de-costura-bom-futuro-em-burundi\/\" \/>\n<meta property=\"og:locale\" content=\"pt_PT\" \/>\n<meta property=\"og:type\" content=\"article\" \/>\n<meta property=\"og:title\" content=\"Formatura na oficina de costura \u201cBom Futuro\u201d em Burundi\" \/>\n<meta property=\"og:description\" content=\"Um novo grupo de mulheres completou o curso de costura oferecido pelas Irm\u00e3s de Maria de Schoenstatt em Burundi.\" \/>\n<meta property=\"og:url\" content=\"https:\/\/schoenstatt.com\/pt-pt\/formatura-na-oficina-de-costura-bom-futuro-em-burundi\/\" \/>\n<meta property=\"og:site_name\" content=\"Schoenstatt\" \/>\n<meta property=\"article:published_time\" content=\"2023-12-06T11:06:53+00:00\" \/>\n<meta property=\"article:modified_time\" content=\"2025-05-16T00:51:37+00:00\" \/>\n<meta property=\"og:image\" content=\"https:\/\/schoenstatt.com\/wp-content\/uploads\/2023\/12\/Nahatelier-Gute-Zukunft-Schoenstatt-Burundi-1.jpg\" \/>\n\t<meta property=\"og:image:width\" content=\"2048\" \/>\n\t<meta property=\"og:image:height\" content=\"1126\" \/>\n\t<meta property=\"og:image:type\" content=\"image\/jpeg\" \/>\n<meta name=\"author\" content=\"Karen Bueno\" \/>\n<meta name=\"twitter:card\" content=\"summary_large_image\" \/>\n<meta name=\"twitter:label1\" content=\"Escrito por\" \/>\n\t<meta name=\"twitter:data1\" content=\"Karen Bueno\" \/>\n\t<meta name=\"twitter:label2\" content=\"Tempo estimado de leitura\" \/>\n\t<meta name=\"twitter:data2\" content=\"3 minutos\" \/>\n<script type=\"application\/ld+json\" class=\"yoast-schema-graph\">{\"@context\":\"https:\\\/\\\/schema.org\",\"@graph\":[{\"@type\":\"Article\",\"@id\":\"https:\\\/\\\/schoenstatt.com\\\/pt-pt\\\/formatura-na-oficina-de-costura-bom-futuro-em-burundi\\\/#article\",\"isPartOf\":{\"@id\":\"https:\\\/\\\/schoenstatt.com\\\/pt-pt\\\/formatura-na-oficina-de-costura-bom-futuro-em-burundi\\\/\"},\"author\":{\"name\":\"Karen Bueno\",\"@id\":\"https:\\\/\\\/schoenstatt.com\\\/pt-pt\\\/#\\\/schema\\\/person\\\/5158877ad4acae98b34daaeef2a1ce6e\"},\"headline\":\"Formatura na oficina de costura \u201cBom Futuro\u201d em Burundi\",\"datePublished\":\"2023-12-06T11:06:53+00:00\",\"dateModified\":\"2025-05-16T00:51:37+00:00\",\"mainEntityOfPage\":{\"@id\":\"https:\\\/\\\/schoenstatt.com\\\/pt-pt\\\/formatura-na-oficina-de-costura-bom-futuro-em-burundi\\\/\"},\"wordCount\":532,\"publisher\":{\"@id\":\"https:\\\/\\\/schoenstatt.com\\\/pt-pt\\\/#organization\"},\"image\":{\"@id\":\"https:\\\/\\\/schoenstatt.com\\\/pt-pt\\\/formatura-na-oficina-de-costura-bom-futuro-em-burundi\\\/#primaryimage\"},\"thumbnailUrl\":\"https:\\\/\\\/schoenstatt.com\\\/wp-content\\\/uploads\\\/2023\\\/12\\\/Nahatelier-Gute-Zukunft-Schoenstatt-Burundi-1.jpg\",\"articleSection\":[\"Pa\u00edses\",\"Sociedade\"],\"inLanguage\":\"pt-PT\"},{\"@type\":\"WebPage\",\"@id\":\"https:\\\/\\\/schoenstatt.com\\\/pt-pt\\\/formatura-na-oficina-de-costura-bom-futuro-em-burundi\\\/\",\"url\":\"https:\\\/\\\/schoenstatt.com\\\/pt-pt\\\/formatura-na-oficina-de-costura-bom-futuro-em-burundi\\\/\",\"name\":\"Formatura na oficina de costura \u201cBom Futuro\u201d em Burundi\",\"isPartOf\":{\"@id\":\"https:\\\/\\\/schoenstatt.com\\\/pt-pt\\\/#website\"},\"primaryImageOfPage\":{\"@id\":\"https:\\\/\\\/schoenstatt.com\\\/pt-pt\\\/formatura-na-oficina-de-costura-bom-futuro-em-burundi\\\/#primaryimage\"},\"image\":{\"@id\":\"https:\\\/\\\/schoenstatt.com\\\/pt-pt\\\/formatura-na-oficina-de-costura-bom-futuro-em-burundi\\\/#primaryimage\"},\"thumbnailUrl\":\"https:\\\/\\\/schoenstatt.com\\\/wp-content\\\/uploads\\\/2023\\\/12\\\/Nahatelier-Gute-Zukunft-Schoenstatt-Burundi-1.jpg\",\"datePublished\":\"2023-12-06T11:06:53+00:00\",\"dateModified\":\"2025-05-16T00:51:37+00:00\",\"description\":\"Um novo grupo de mulheres completou o curso de costura oferecido pelas Irm\u00e3s de Maria de Schoenstatt em Burundi.\",\"breadcrumb\":{\"@id\":\"https:\\\/\\\/schoenstatt.com\\\/pt-pt\\\/formatura-na-oficina-de-costura-bom-futuro-em-burundi\\\/#breadcrumb\"},\"inLanguage\":\"pt-PT\",\"potentialAction\":[{\"@type\":\"ReadAction\",\"target\":[\"https:\\\/\\\/schoenstatt.com\\\/pt-pt\\\/formatura-na-oficina-de-costura-bom-futuro-em-burundi\\\/\"]}]},{\"@type\":\"ImageObject\",\"inLanguage\":\"pt-PT\",\"@id\":\"https:\\\/\\\/schoenstatt.com\\\/pt-pt\\\/formatura-na-oficina-de-costura-bom-futuro-em-burundi\\\/#primaryimage\",\"url\":\"https:\\\/\\\/schoenstatt.com\\\/wp-content\\\/uploads\\\/2023\\\/12\\\/Nahatelier-Gute-Zukunft-Schoenstatt-Burundi-1.jpg\",\"contentUrl\":\"https:\\\/\\\/schoenstatt.com\\\/wp-content\\\/uploads\\\/2023\\\/12\\\/Nahatelier-Gute-Zukunft-Schoenstatt-Burundi-1.jpg\",\"width\":2048,\"height\":1126},{\"@type\":\"BreadcrumbList\",\"@id\":\"https:\\\/\\\/schoenstatt.com\\\/pt-pt\\\/formatura-na-oficina-de-costura-bom-futuro-em-burundi\\\/#breadcrumb\",\"itemListElement\":[{\"@type\":\"ListItem\",\"position\":1,\"name\":\"Portada\",\"item\":\"https:\\\/\\\/schoenstatt.com\\\/pt-pt\\\/home\\\/\"},{\"@type\":\"ListItem\",\"position\":2,\"name\":\"Formatura na oficina de costura \u201cBom Futuro\u201d em Burundi\"}]},{\"@type\":\"WebSite\",\"@id\":\"https:\\\/\\\/schoenstatt.com\\\/pt-pt\\\/#website\",\"url\":\"https:\\\/\\\/schoenstatt.com\\\/pt-pt\\\/\",\"name\":\"Schoenstatt\",\"description\":\"Apostolic Movement\",\"publisher\":{\"@id\":\"https:\\\/\\\/schoenstatt.com\\\/pt-pt\\\/#organization\"},\"potentialAction\":[{\"@type\":\"SearchAction\",\"target\":{\"@type\":\"EntryPoint\",\"urlTemplate\":\"https:\\\/\\\/schoenstatt.com\\\/pt-pt\\\/?s={search_term_string}\"},\"query-input\":{\"@type\":\"PropertyValueSpecification\",\"valueRequired\":true,\"valueName\":\"search_term_string\"}}],\"inLanguage\":\"pt-PT\"},{\"@type\":\"Organization\",\"@id\":\"https:\\\/\\\/schoenstatt.com\\\/pt-pt\\\/#organization\",\"name\":\"Schoenstatt\",\"url\":\"https:\\\/\\\/schoenstatt.com\\\/pt-pt\\\/\",\"logo\":{\"@type\":\"ImageObject\",\"inLanguage\":\"pt-PT\",\"@id\":\"https:\\\/\\\/schoenstatt.com\\\/pt-pt\\\/#\\\/schema\\\/logo\\\/image\\\/\",\"url\":\"https:\\\/\\\/schoenstatt.com\\\/wp-content\\\/uploads\\\/2025\\\/04\\\/logo-schoenstatt-white-696x696-1.png\",\"contentUrl\":\"https:\\\/\\\/schoenstatt.com\\\/wp-content\\\/uploads\\\/2025\\\/04\\\/logo-schoenstatt-white-696x696-1.png\",\"width\":696,\"height\":694,\"caption\":\"Schoenstatt\"},\"image\":{\"@id\":\"https:\\\/\\\/schoenstatt.com\\\/pt-pt\\\/#\\\/schema\\\/logo\\\/image\\\/\"}},{\"@type\":\"Person\",\"@id\":\"https:\\\/\\\/schoenstatt.com\\\/pt-pt\\\/#\\\/schema\\\/person\\\/5158877ad4acae98b34daaeef2a1ce6e\",\"name\":\"Karen Bueno\",\"image\":{\"@type\":\"ImageObject\",\"inLanguage\":\"pt-PT\",\"@id\":\"https:\\\/\\\/secure.gravatar.com\\\/avatar\\\/f9f4b823873154269d2b2130f195f6d41037dd0d7fc5f3cacb5c846bae70d66b?s=96&d=mm&r=g\",\"url\":\"https:\\\/\\\/secure.gravatar.com\\\/avatar\\\/f9f4b823873154269d2b2130f195f6d41037dd0d7fc5f3cacb5c846bae70d66b?s=96&d=mm&r=g\",\"contentUrl\":\"https:\\\/\\\/secure.gravatar.com\\\/avatar\\\/f9f4b823873154269d2b2130f195f6d41037dd0d7fc5f3cacb5c846bae70d66b?s=96&d=mm&r=g\",\"caption\":\"Karen Bueno\"},\"url\":\"https:\\\/\\\/schoenstatt.com\\\/pt-pt\\\/author\\\/karen-bueno\\\/\"}]}<\/script>\n<!-- \/ Yoast SEO Premium plugin. -->","yoast_head_json":{"title":"Formatura na oficina de costura \u201cBom Futuro\u201d em Burundi","description":"Um novo grupo de mulheres completou o curso de costura oferecido pelas Irm\u00e3s de Maria de Schoenstatt em Burundi.","robots":{"index":"index","follow":"follow","max-snippet":"max-snippet:-1","max-image-preview":"max-image-preview:large","max-video-preview":"max-video-preview:-1"},"canonical":"https:\/\/schoenstatt.com\/pt-pt\/formatura-na-oficina-de-costura-bom-futuro-em-burundi\/","og_locale":"pt_PT","og_type":"article","og_title":"Formatura na oficina de costura \u201cBom Futuro\u201d em Burundi","og_description":"Um novo grupo de mulheres completou o curso de costura oferecido pelas Irm\u00e3s de Maria de Schoenstatt em Burundi.","og_url":"https:\/\/schoenstatt.com\/pt-pt\/formatura-na-oficina-de-costura-bom-futuro-em-burundi\/","og_site_name":"Schoenstatt","article_published_time":"2023-12-06T11:06:53+00:00","article_modified_time":"2025-05-16T00:51:37+00:00","og_image":[{"width":2048,"height":1126,"url":"https:\/\/schoenstatt.com\/wp-content\/uploads\/2023\/12\/Nahatelier-Gute-Zukunft-Schoenstatt-Burundi-1.jpg","type":"image\/jpeg"}],"author":"Karen Bueno","twitter_card":"summary_large_image","twitter_misc":{"Escrito por":"Karen Bueno","Tempo estimado de leitura":"3 minutos"},"schema":{"@context":"https:\/\/schema.org","@graph":[{"@type":"Article","@id":"https:\/\/schoenstatt.com\/pt-pt\/formatura-na-oficina-de-costura-bom-futuro-em-burundi\/#article","isPartOf":{"@id":"https:\/\/schoenstatt.com\/pt-pt\/formatura-na-oficina-de-costura-bom-futuro-em-burundi\/"},"author":{"name":"Karen Bueno","@id":"https:\/\/schoenstatt.com\/pt-pt\/#\/schema\/person\/5158877ad4acae98b34daaeef2a1ce6e"},"headline":"Formatura na oficina de costura \u201cBom Futuro\u201d em Burundi","datePublished":"2023-12-06T11:06:53+00:00","dateModified":"2025-05-16T00:51:37+00:00","mainEntityOfPage":{"@id":"https:\/\/schoenstatt.com\/pt-pt\/formatura-na-oficina-de-costura-bom-futuro-em-burundi\/"},"wordCount":532,"publisher":{"@id":"https:\/\/schoenstatt.com\/pt-pt\/#organization"},"image":{"@id":"https:\/\/schoenstatt.com\/pt-pt\/formatura-na-oficina-de-costura-bom-futuro-em-burundi\/#primaryimage"},"thumbnailUrl":"https:\/\/schoenstatt.com\/wp-content\/uploads\/2023\/12\/Nahatelier-Gute-Zukunft-Schoenstatt-Burundi-1.jpg","articleSection":["Pa\u00edses","Sociedade"],"inLanguage":"pt-PT"},{"@type":"WebPage","@id":"https:\/\/schoenstatt.com\/pt-pt\/formatura-na-oficina-de-costura-bom-futuro-em-burundi\/","url":"https:\/\/schoenstatt.com\/pt-pt\/formatura-na-oficina-de-costura-bom-futuro-em-burundi\/","name":"Formatura na oficina de costura \u201cBom Futuro\u201d em Burundi","isPartOf":{"@id":"https:\/\/schoenstatt.com\/pt-pt\/#website"},"primaryImageOfPage":{"@id":"https:\/\/schoenstatt.com\/pt-pt\/formatura-na-oficina-de-costura-bom-futuro-em-burundi\/#primaryimage"},"image":{"@id":"https:\/\/schoenstatt.com\/pt-pt\/formatura-na-oficina-de-costura-bom-futuro-em-burundi\/#primaryimage"},"thumbnailUrl":"https:\/\/schoenstatt.com\/wp-content\/uploads\/2023\/12\/Nahatelier-Gute-Zukunft-Schoenstatt-Burundi-1.jpg","datePublished":"2023-12-06T11:06:53+00:00","dateModified":"2025-05-16T00:51:37+00:00","description":"Um novo grupo de mulheres completou o curso de costura oferecido pelas Irm\u00e3s de Maria de Schoenstatt em Burundi.","breadcrumb":{"@id":"https:\/\/schoenstatt.com\/pt-pt\/formatura-na-oficina-de-costura-bom-futuro-em-burundi\/#breadcrumb"},"inLanguage":"pt-PT","potentialAction":[{"@type":"ReadAction","target":["https:\/\/schoenstatt.com\/pt-pt\/formatura-na-oficina-de-costura-bom-futuro-em-burundi\/"]}]},{"@type":"ImageObject","inLanguage":"pt-PT","@id":"https:\/\/schoenstatt.com\/pt-pt\/formatura-na-oficina-de-costura-bom-futuro-em-burundi\/#primaryimage","url":"https:\/\/schoenstatt.com\/wp-content\/uploads\/2023\/12\/Nahatelier-Gute-Zukunft-Schoenstatt-Burundi-1.jpg","contentUrl":"https:\/\/schoenstatt.com\/wp-content\/uploads\/2023\/12\/Nahatelier-Gute-Zukunft-Schoenstatt-Burundi-1.jpg","width":2048,"height":1126},{"@type":"BreadcrumbList","@id":"https:\/\/schoenstatt.com\/pt-pt\/formatura-na-oficina-de-costura-bom-futuro-em-burundi\/#breadcrumb","itemListElement":[{"@type":"ListItem","position":1,"name":"Portada","item":"https:\/\/schoenstatt.com\/pt-pt\/home\/"},{"@type":"ListItem","position":2,"name":"Formatura na oficina de costura \u201cBom Futuro\u201d em Burundi"}]},{"@type":"WebSite","@id":"https:\/\/schoenstatt.com\/pt-pt\/#website","url":"https:\/\/schoenstatt.com\/pt-pt\/","name":"Schoenstatt","description":"Apostolic Movement","publisher":{"@id":"https:\/\/schoenstatt.com\/pt-pt\/#organization"},"potentialAction":[{"@type":"SearchAction","target":{"@type":"EntryPoint","urlTemplate":"https:\/\/schoenstatt.com\/pt-pt\/?s={search_term_string}"},"query-input":{"@type":"PropertyValueSpecification","valueRequired":true,"valueName":"search_term_string"}}],"inLanguage":"pt-PT"},{"@type":"Organization","@id":"https:\/\/schoenstatt.com\/pt-pt\/#organization","name":"Schoenstatt","url":"https:\/\/schoenstatt.com\/pt-pt\/","logo":{"@type":"ImageObject","inLanguage":"pt-PT","@id":"https:\/\/schoenstatt.com\/pt-pt\/#\/schema\/logo\/image\/","url":"https:\/\/schoenstatt.com\/wp-content\/uploads\/2025\/04\/logo-schoenstatt-white-696x696-1.png","contentUrl":"https:\/\/schoenstatt.com\/wp-content\/uploads\/2025\/04\/logo-schoenstatt-white-696x696-1.png","width":696,"height":694,"caption":"Schoenstatt"},"image":{"@id":"https:\/\/schoenstatt.com\/pt-pt\/#\/schema\/logo\/image\/"}},{"@type":"Person","@id":"https:\/\/schoenstatt.com\/pt-pt\/#\/schema\/person\/5158877ad4acae98b34daaeef2a1ce6e","name":"Karen Bueno","image":{"@type":"ImageObject","inLanguage":"pt-PT","@id":"https:\/\/secure.gravatar.com\/avatar\/f9f4b823873154269d2b2130f195f6d41037dd0d7fc5f3cacb5c846bae70d66b?s=96&d=mm&r=g","url":"https:\/\/secure.gravatar.com\/avatar\/f9f4b823873154269d2b2130f195f6d41037dd0d7fc5f3cacb5c846bae70d66b?s=96&d=mm&r=g","contentUrl":"https:\/\/secure.gravatar.com\/avatar\/f9f4b823873154269d2b2130f195f6d41037dd0d7fc5f3cacb5c846bae70d66b?s=96&d=mm&r=g","caption":"Karen Bueno"},"url":"https:\/\/schoenstatt.com\/pt-pt\/author\/karen-bueno\/"}]}},"_links":{"self":[{"href":"https:\/\/schoenstatt.com\/pt-pt\/wp-json\/wp\/v2\/posts\/33905","targetHints":{"allow":["GET"]}}],"collection":[{"href":"https:\/\/schoenstatt.com\/pt-pt\/wp-json\/wp\/v2\/posts"}],"about":[{"href":"https:\/\/schoenstatt.com\/pt-pt\/wp-json\/wp\/v2\/types\/post"}],"author":[{"embeddable":true,"href":"https:\/\/schoenstatt.com\/pt-pt\/wp-json\/wp\/v2\/users\/3"}],"replies":[{"embeddable":true,"href":"https:\/\/schoenstatt.com\/pt-pt\/wp-json\/wp\/v2\/comments?post=33905"}],"version-history":[{"count":1,"href":"https:\/\/schoenstatt.com\/pt-pt\/wp-json\/wp\/v2\/posts\/33905\/revisions"}],"predecessor-version":[{"id":46529,"href":"https:\/\/schoenstatt.com\/pt-pt\/wp-json\/wp\/v2\/posts\/33905\/revisions\/46529"}],"wp:featuredmedia":[{"embeddable":true,"href":"https:\/\/schoenstatt.com\/pt-pt\/wp-json\/wp\/v2\/media\/33906"}],"wp:attachment":[{"href":"https:\/\/schoenstatt.com\/pt-pt\/wp-json\/wp\/v2\/media?parent=33905"}],"wp:term":[{"taxonomy":"category","embeddable":true,"href":"https:\/\/schoenstatt.com\/pt-pt\/wp-json\/wp\/v2\/categories?post=33905"},{"taxonomy":"post_tag","embeddable":true,"href":"https:\/\/schoenstatt.com\/pt-pt\/wp-json\/wp\/v2\/tags?post=33905"}],"curies":[{"name":"wp","href":"https:\/\/api.w.org\/{rel}","templated":true}]}}