{"id":33897,"date":"2023-12-05T12:55:11","date_gmt":"2023-12-05T11:55:11","guid":{"rendered":"https:\/\/schoenstatt.com\/espiritualidade\/viaje-enriquecedor-centroamerica-ofrece-curso-de-formacion-de-formadores\/"},"modified":"2025-05-16T02:51:39","modified_gmt":"2025-05-16T00:51:39","slug":"jornada-enriquecedora-america-central-oferece-curso-de-formacao-para-formadores","status":"publish","type":"post","link":"https:\/\/schoenstatt.com\/pt-pt\/jornada-enriquecedora-america-central-oferece-curso-de-formacao-para-formadores\/","title":{"rendered":"Jornada enriquecedora: Am\u00e9rica Central oferece curso de forma\u00e7\u00e3o para formadores"},"content":{"rendered":"<p>Como disse Joseph Joubert, <em>\u201cEnsinar \u00e9 aprender duas vezes\u201d<\/em> e podemos acrescentar que, quando compartilhado, \u00e9 aprendido mil vezes. O interc\u00e2mbio de t\u00e9cnicas, conceitos, metodologias, ideias e experi\u00eancias que ocorreu no curso <strong>\u201cForma\u00e7\u00e3o para Formadores Schoenstatt 2023\u201d<\/strong>, realizado para o Movimento na Am\u00e9rica Central, gerou um impacto transformador nos participantes.<\/p>\n<p>Schoenstatt \u00e9 um Movimento \u201cde educa\u00e7\u00e3o e de educadores\u201d, nas palavras do <a href=\"https:\/\/schoenstatt.com\/pt-pt\/about\/fundador\/\">Pe. Jos\u00e9 Kentenich<\/a>. Inspirado no fundador, o curso conduzido por Erika Cede\u00f1o Cobe\u00f1a, especialista em tecnologia educacional e l\u00edder em opera\u00e7\u00f5es internacionais na institui\u00e7\u00e3o de ensino superior Tecnol\u00f3gico de Monterrey, transcendeu fronteiras. Esse programa foi destinado a instrutores de pessoas da Costa Rica, Nicar\u00e1gua, Guatemala e El Salvador. <em>\u201cEstamos orgulhosos desse projeto que ultrapassa fronteiras. Obrigado por nos acompanharem, por nos darem essa oportunidade de acreditar no Treinamento de Instrutores\u201d<\/em>, disse Erika Cede\u00f1o. Sua energia, entusiasmo e gratid\u00e3o para com os participantes e colegas refletem o compromisso e a paix\u00e3o que caracterizaram o curso.<\/p>\n<h2>Poderei modernizar meu ramo<\/h2>\n<p>A natureza inovadora do programa, que contempla fundamentos da aprendizagem andrag\u00f3gica e ensina o uso da tecnologia educacional, possibilita compet\u00eancias para ensinar adultos neste s\u00e9culo. <em>\u201cFoi uma experi\u00eancia desafiadora, enriquecedora e produtiva. J\u00e1 estou aplicando o que aprendi em meu trabalho e tamb\u00e9m o colocarei em pr\u00e1tica para modernizar o Ramo das M\u00e3es\u201d<\/em>, disse Elisa Velasquez, uma das participantes.<\/p>\n<p>O curso foi estruturado em quatro m\u00f3dulos, cada um com foco no processo educacional. Desde os fundamentos da aprendizagem, passando pelo desenho de cursos, at\u00e9 a integra\u00e7\u00e3o de tecnologias digitais e a compreens\u00e3o da instru\u00e7\u00e3o geral, os facilitadores ofereceram uma vis\u00e3o abrangente da educa\u00e7\u00e3o moderna. Felipe Font, formador e assessor leigo da Costa Rica, explicou que <em>\u201cesse curso nos deu as ferramentas para nos adaptarmos \u00e0s novas gera\u00e7\u00f5es, j\u00e1 que 60% da Liga de Fam\u00edlias \u00e9 formada por casais jovens. H\u00e1 muito que podemos incorporar em oficinas, sess\u00f5es, tanto em n\u00edvel de Schoenstatt como em n\u00edvel profissional\u201d.<\/em><\/p>\n<h3>Cerim\u00f4nia de formatura<\/h3>\n<p><img fetchpriority=\"high\" decoding=\"async\" class=\"aligncenter wp-image-33883 size-large\" src=\"https:\/\/schoenstatt.com\/wp-content\/uploads\/2023\/12\/Formacion-de-Formadores-Schoenstatt-1024x483.jpg\" alt=\"\" width=\"840\" height=\"396\" \/><\/p>\n<p>A t\u00e9cnica did\u00e1tica e a aprendizagem baseada em desafios, combinadas com sess\u00f5es s\u00edncronas e ass\u00edncronas, proporcionaram uma experi\u00eancia educacional autodirigida e colaborativa. Foi o que contaram Fernando e Linda Arzube, de Schoenstatt do Equador. <em>\u201cFoi uma alegria imensa quando o Pe. Felipe R\u00edos apresentou o curso no p\u00f3s-CIOF (Congresso Internacional da Obra de Fam\u00edlias de Schoenstatt, Paraguai 2023). \u00c9 uma alegria e orgulho que j\u00e1 transcendeu do Equador para os irm\u00e3os da Alian\u00e7a na Am\u00e9rica Central. Somos instrumentos aptos nas m\u00e3os de Maria e Jesus, para compartilh\u00e1-la e entreg\u00e1-la a outros. E assim podemos levar adiante a gra\u00e7a do envio apost\u00f3lico que Maria nos d\u00e1 no Santu\u00e1rio&#8221;<\/em>, compartilhou o casal.<\/p>\n<p>O curso culminou com uma s\u00e9rie de desafios, um projeto final e uma cerim\u00f4nia de gradua\u00e7\u00e3o no dia 30 de novembro, que tamb\u00e9m contou com a presen\u00e7a do Pe. Felipe R\u00edos, diretor do Movimento no Equador e Coordenador Continental do Movimento nas Am\u00e9ricas. Ele, emocionado, enfatizou a import\u00e2ncia de aproveitar as ferramentas tecnol\u00f3gicas: <em>&#8220;Neste momento, estamos conectados pelo Zoom de v\u00e1rios pa\u00edses. Sem d\u00favida, a aprendizagem andrag\u00f3gica nos ajudar\u00e1 a continuar com perseveran\u00e7a e entusiasmo para continuar formando formadores&#8221;.<\/em><\/p>\n<h3>Olhando para o futuro<\/h3>\n<p>O verdadeiro cora\u00e7\u00e3o do curso foi uma combina\u00e7\u00e3o da diversidade de participantes, do carisma e do conhecimento dos facilitadores. \u201cA gl\u00f3ria de tudo pertence a Deus Pai\u201d, compartilhou Erika. <em>\u201cSem voc\u00eas isso n\u00e3o seria poss\u00edvel, algu\u00e9m tem que querer esse projeto. Seria imposs\u00edvel sem a experi\u00eancia de minhas incr\u00edveis colegas e amigas: Adriana Espinoza, Gisela Loya e Deyra Charles\u201d,<\/em> continuou Erika.<\/p>\n<p><em>\u201cA experi\u00eancia do curso n\u00e3o termina com a formatura; \u00e9 um compromisso cont\u00ednuo de aplicar e compartilhar o conhecimento adquirido&#8221;<\/em>, acrescentou Adriana Espinoza, que encerrou seu discurso com a frase motivadora de Marcel Proust: <em>\u201cMesmo que nada mude, se eu mudar, tudo muda\u201d.<\/em><\/p>\n<p>Sem d\u00favida, esse curso n\u00e3o foi apenas uma conquista para os mais de 30 participantes, mas tamb\u00e9m para toda a regi\u00e3o da Am\u00e9rica Central, que colher\u00e1 os frutos. A excel\u00eancia alcan\u00e7ada, os la\u00e7os fortalecidos e os v\u00ednculos entre os participantes dos diferentes pa\u00edses s\u00e3o testemunhos do projeto educacional. A alegria e a gratid\u00e3o expressas por todos aqueles que inspiraram e participaram do projeto refletem as palavras de nosso fundador: <em>\u201cEducar significa servir desinteressadamente \u00e0 singularidade e \u00e0 originalidade do outro&#8230;. Essa atitude fundamental deve ser traduzida em a\u00e7\u00e3o&#8230;\u201d.<\/em><\/p>\n<h3>Saiba mais:<\/h3>\n<p>Se quiser saber mais informa\u00e7\u00f5es ou fazer parte deste curso em suas pr\u00f3ximas edi\u00e7\u00f5es:<\/p>\n<p><a href=\"https:\/\/view.genial.ly\/622cb4b19d7c3100182e9ef9\/guide-formacion-de-formadores-schoenstatt-2023\" target=\"_blank\" rel=\"noopener\">https:\/\/bit.ly\/formadoresschoenstatt<\/a><\/p>\n<p>schformaciondeformadores@gmail.com<\/p>\n","protected":false},"excerpt":{"rendered":"<p>O Movimento de Schoenstatt na Am\u00e9rica Central concluiu o curso \u201cForma\u00e7\u00e3o de Formadores Schoenstatt 2023\u201d. Participaram formadores de diferentes ramos e comunidades da Obra, provenientes de diversos pa\u00edses: Costa Rica, Nicar\u00e1gua, Guatemala e El Salvador.<\/p>\n","protected":false},"author":3,"featured_media":33889,"comment_status":"closed","ping_status":"closed","sticky":false,"template":"","format":"standard","meta":{"footnotes":""},"categories":[636,912],"tags":[],"class_list":["post-33897","post","type-post","status-publish","format-standard","has-post-thumbnail","hentry","category-eventos-pt-pt","category-sociedade-pt-pt"],"yoast_head":"<!-- This site is optimized with the Yoast SEO Premium plugin v27.4 (Yoast SEO v27.4) - https:\/\/yoast.com\/product\/yoast-seo-premium-wordpress\/ -->\n<title>Jornada enriquecedora: Am\u00e9rica Central oferece curso de forma\u00e7\u00e3o para formadores<\/title>\n<meta name=\"description\" content=\"O Movimento na Am\u00e9rica Central concluiu o curso &quot;Forma\u00e7\u00e3o de Formadores Schoenstatt 2023&quot;, uma jornada enriquecedora.\" \/>\n<meta name=\"robots\" content=\"index, follow, max-snippet:-1, max-image-preview:large, max-video-preview:-1\" \/>\n<link rel=\"canonical\" href=\"https:\/\/schoenstatt.com\/pt-pt\/jornada-enriquecedora-america-central-oferece-curso-de-formacao-para-formadores\/\" \/>\n<meta property=\"og:locale\" content=\"pt_PT\" \/>\n<meta property=\"og:type\" content=\"article\" \/>\n<meta property=\"og:title\" content=\"Jornada enriquecedora: Am\u00e9rica Central oferece curso de forma\u00e7\u00e3o para formadores\" \/>\n<meta property=\"og:description\" content=\"O Movimento na Am\u00e9rica Central concluiu o curso &quot;Forma\u00e7\u00e3o de Formadores Schoenstatt 2023&quot;, uma jornada enriquecedora.\" \/>\n<meta property=\"og:url\" content=\"https:\/\/schoenstatt.com\/pt-pt\/jornada-enriquecedora-america-central-oferece-curso-de-formacao-para-formadores\/\" \/>\n<meta property=\"og:site_name\" content=\"Schoenstatt\" \/>\n<meta property=\"article:published_time\" content=\"2023-12-05T11:55:11+00:00\" \/>\n<meta property=\"article:modified_time\" content=\"2025-05-16T00:51:39+00:00\" \/>\n<meta property=\"og:image\" content=\"https:\/\/schoenstatt.com\/wp-content\/uploads\/2023\/12\/Formacion-de-Formadores-Schoenstatt-2-1.jpg\" \/>\n\t<meta property=\"og:image:width\" content=\"987\" \/>\n\t<meta property=\"og:image:height\" content=\"572\" \/>\n\t<meta property=\"og:image:type\" content=\"image\/jpeg\" \/>\n<meta name=\"author\" content=\"Karen Bueno\" \/>\n<meta name=\"twitter:card\" content=\"summary_large_image\" \/>\n<meta name=\"twitter:label1\" content=\"Escrito por\" \/>\n\t<meta name=\"twitter:data1\" content=\"Karen Bueno\" \/>\n\t<meta name=\"twitter:label2\" content=\"Tempo estimado de leitura\" \/>\n\t<meta name=\"twitter:data2\" content=\"4 minutos\" \/>\n<script type=\"application\/ld+json\" class=\"yoast-schema-graph\">{\"@context\":\"https:\\\/\\\/schema.org\",\"@graph\":[{\"@type\":\"Article\",\"@id\":\"https:\\\/\\\/schoenstatt.com\\\/pt-pt\\\/jornada-enriquecedora-america-central-oferece-curso-de-formacao-para-formadores\\\/#article\",\"isPartOf\":{\"@id\":\"https:\\\/\\\/schoenstatt.com\\\/pt-pt\\\/jornada-enriquecedora-america-central-oferece-curso-de-formacao-para-formadores\\\/\"},\"author\":{\"name\":\"Karen Bueno\",\"@id\":\"https:\\\/\\\/schoenstatt.com\\\/pt-pt\\\/#\\\/schema\\\/person\\\/5158877ad4acae98b34daaeef2a1ce6e\"},\"headline\":\"Jornada enriquecedora: Am\u00e9rica Central oferece curso de forma\u00e7\u00e3o para formadores\",\"datePublished\":\"2023-12-05T11:55:11+00:00\",\"dateModified\":\"2025-05-16T00:51:39+00:00\",\"mainEntityOfPage\":{\"@id\":\"https:\\\/\\\/schoenstatt.com\\\/pt-pt\\\/jornada-enriquecedora-america-central-oferece-curso-de-formacao-para-formadores\\\/\"},\"wordCount\":822,\"publisher\":{\"@id\":\"https:\\\/\\\/schoenstatt.com\\\/pt-pt\\\/#organization\"},\"image\":{\"@id\":\"https:\\\/\\\/schoenstatt.com\\\/pt-pt\\\/jornada-enriquecedora-america-central-oferece-curso-de-formacao-para-formadores\\\/#primaryimage\"},\"thumbnailUrl\":\"https:\\\/\\\/schoenstatt.com\\\/wp-content\\\/uploads\\\/2023\\\/12\\\/Formacion-de-Formadores-Schoenstatt-2-1.jpg\",\"articleSection\":[\"Eventos\",\"Sociedade\"],\"inLanguage\":\"pt-PT\"},{\"@type\":\"WebPage\",\"@id\":\"https:\\\/\\\/schoenstatt.com\\\/pt-pt\\\/jornada-enriquecedora-america-central-oferece-curso-de-formacao-para-formadores\\\/\",\"url\":\"https:\\\/\\\/schoenstatt.com\\\/pt-pt\\\/jornada-enriquecedora-america-central-oferece-curso-de-formacao-para-formadores\\\/\",\"name\":\"Jornada enriquecedora: Am\u00e9rica Central oferece curso de forma\u00e7\u00e3o para formadores\",\"isPartOf\":{\"@id\":\"https:\\\/\\\/schoenstatt.com\\\/pt-pt\\\/#website\"},\"primaryImageOfPage\":{\"@id\":\"https:\\\/\\\/schoenstatt.com\\\/pt-pt\\\/jornada-enriquecedora-america-central-oferece-curso-de-formacao-para-formadores\\\/#primaryimage\"},\"image\":{\"@id\":\"https:\\\/\\\/schoenstatt.com\\\/pt-pt\\\/jornada-enriquecedora-america-central-oferece-curso-de-formacao-para-formadores\\\/#primaryimage\"},\"thumbnailUrl\":\"https:\\\/\\\/schoenstatt.com\\\/wp-content\\\/uploads\\\/2023\\\/12\\\/Formacion-de-Formadores-Schoenstatt-2-1.jpg\",\"datePublished\":\"2023-12-05T11:55:11+00:00\",\"dateModified\":\"2025-05-16T00:51:39+00:00\",\"description\":\"O Movimento na Am\u00e9rica Central concluiu o curso \\\"Forma\u00e7\u00e3o de Formadores Schoenstatt 2023\\\", uma jornada enriquecedora.\",\"breadcrumb\":{\"@id\":\"https:\\\/\\\/schoenstatt.com\\\/pt-pt\\\/jornada-enriquecedora-america-central-oferece-curso-de-formacao-para-formadores\\\/#breadcrumb\"},\"inLanguage\":\"pt-PT\",\"potentialAction\":[{\"@type\":\"ReadAction\",\"target\":[\"https:\\\/\\\/schoenstatt.com\\\/pt-pt\\\/jornada-enriquecedora-america-central-oferece-curso-de-formacao-para-formadores\\\/\"]}]},{\"@type\":\"ImageObject\",\"inLanguage\":\"pt-PT\",\"@id\":\"https:\\\/\\\/schoenstatt.com\\\/pt-pt\\\/jornada-enriquecedora-america-central-oferece-curso-de-formacao-para-formadores\\\/#primaryimage\",\"url\":\"https:\\\/\\\/schoenstatt.com\\\/wp-content\\\/uploads\\\/2023\\\/12\\\/Formacion-de-Formadores-Schoenstatt-2-1.jpg\",\"contentUrl\":\"https:\\\/\\\/schoenstatt.com\\\/wp-content\\\/uploads\\\/2023\\\/12\\\/Formacion-de-Formadores-Schoenstatt-2-1.jpg\",\"width\":987,\"height\":572},{\"@type\":\"BreadcrumbList\",\"@id\":\"https:\\\/\\\/schoenstatt.com\\\/pt-pt\\\/jornada-enriquecedora-america-central-oferece-curso-de-formacao-para-formadores\\\/#breadcrumb\",\"itemListElement\":[{\"@type\":\"ListItem\",\"position\":1,\"name\":\"Portada\",\"item\":\"https:\\\/\\\/schoenstatt.com\\\/pt-pt\\\/home\\\/\"},{\"@type\":\"ListItem\",\"position\":2,\"name\":\"Jornada enriquecedora: Am\u00e9rica Central oferece curso de forma\u00e7\u00e3o para formadores\"}]},{\"@type\":\"WebSite\",\"@id\":\"https:\\\/\\\/schoenstatt.com\\\/pt-pt\\\/#website\",\"url\":\"https:\\\/\\\/schoenstatt.com\\\/pt-pt\\\/\",\"name\":\"Schoenstatt\",\"description\":\"Apostolic Movement\",\"publisher\":{\"@id\":\"https:\\\/\\\/schoenstatt.com\\\/pt-pt\\\/#organization\"},\"potentialAction\":[{\"@type\":\"SearchAction\",\"target\":{\"@type\":\"EntryPoint\",\"urlTemplate\":\"https:\\\/\\\/schoenstatt.com\\\/pt-pt\\\/?s={search_term_string}\"},\"query-input\":{\"@type\":\"PropertyValueSpecification\",\"valueRequired\":true,\"valueName\":\"search_term_string\"}}],\"inLanguage\":\"pt-PT\"},{\"@type\":\"Organization\",\"@id\":\"https:\\\/\\\/schoenstatt.com\\\/pt-pt\\\/#organization\",\"name\":\"Schoenstatt\",\"url\":\"https:\\\/\\\/schoenstatt.com\\\/pt-pt\\\/\",\"logo\":{\"@type\":\"ImageObject\",\"inLanguage\":\"pt-PT\",\"@id\":\"https:\\\/\\\/schoenstatt.com\\\/pt-pt\\\/#\\\/schema\\\/logo\\\/image\\\/\",\"url\":\"https:\\\/\\\/schoenstatt.com\\\/wp-content\\\/uploads\\\/2025\\\/04\\\/logo-schoenstatt-white-696x696-1.png\",\"contentUrl\":\"https:\\\/\\\/schoenstatt.com\\\/wp-content\\\/uploads\\\/2025\\\/04\\\/logo-schoenstatt-white-696x696-1.png\",\"width\":696,\"height\":694,\"caption\":\"Schoenstatt\"},\"image\":{\"@id\":\"https:\\\/\\\/schoenstatt.com\\\/pt-pt\\\/#\\\/schema\\\/logo\\\/image\\\/\"}},{\"@type\":\"Person\",\"@id\":\"https:\\\/\\\/schoenstatt.com\\\/pt-pt\\\/#\\\/schema\\\/person\\\/5158877ad4acae98b34daaeef2a1ce6e\",\"name\":\"Karen Bueno\",\"image\":{\"@type\":\"ImageObject\",\"inLanguage\":\"pt-PT\",\"@id\":\"https:\\\/\\\/secure.gravatar.com\\\/avatar\\\/f9f4b823873154269d2b2130f195f6d41037dd0d7fc5f3cacb5c846bae70d66b?s=96&d=mm&r=g\",\"url\":\"https:\\\/\\\/secure.gravatar.com\\\/avatar\\\/f9f4b823873154269d2b2130f195f6d41037dd0d7fc5f3cacb5c846bae70d66b?s=96&d=mm&r=g\",\"contentUrl\":\"https:\\\/\\\/secure.gravatar.com\\\/avatar\\\/f9f4b823873154269d2b2130f195f6d41037dd0d7fc5f3cacb5c846bae70d66b?s=96&d=mm&r=g\",\"caption\":\"Karen Bueno\"},\"url\":\"https:\\\/\\\/schoenstatt.com\\\/pt-pt\\\/author\\\/karen-bueno\\\/\"}]}<\/script>\n<!-- \/ Yoast SEO Premium plugin. -->","yoast_head_json":{"title":"Jornada enriquecedora: Am\u00e9rica Central oferece curso de forma\u00e7\u00e3o para formadores","description":"O Movimento na Am\u00e9rica Central concluiu o curso \"Forma\u00e7\u00e3o de Formadores Schoenstatt 2023\", uma jornada enriquecedora.","robots":{"index":"index","follow":"follow","max-snippet":"max-snippet:-1","max-image-preview":"max-image-preview:large","max-video-preview":"max-video-preview:-1"},"canonical":"https:\/\/schoenstatt.com\/pt-pt\/jornada-enriquecedora-america-central-oferece-curso-de-formacao-para-formadores\/","og_locale":"pt_PT","og_type":"article","og_title":"Jornada enriquecedora: Am\u00e9rica Central oferece curso de forma\u00e7\u00e3o para formadores","og_description":"O Movimento na Am\u00e9rica Central concluiu o curso \"Forma\u00e7\u00e3o de Formadores Schoenstatt 2023\", uma jornada enriquecedora.","og_url":"https:\/\/schoenstatt.com\/pt-pt\/jornada-enriquecedora-america-central-oferece-curso-de-formacao-para-formadores\/","og_site_name":"Schoenstatt","article_published_time":"2023-12-05T11:55:11+00:00","article_modified_time":"2025-05-16T00:51:39+00:00","og_image":[{"width":987,"height":572,"url":"https:\/\/schoenstatt.com\/wp-content\/uploads\/2023\/12\/Formacion-de-Formadores-Schoenstatt-2-1.jpg","type":"image\/jpeg"}],"author":"Karen Bueno","twitter_card":"summary_large_image","twitter_misc":{"Escrito por":"Karen Bueno","Tempo estimado de leitura":"4 minutos"},"schema":{"@context":"https:\/\/schema.org","@graph":[{"@type":"Article","@id":"https:\/\/schoenstatt.com\/pt-pt\/jornada-enriquecedora-america-central-oferece-curso-de-formacao-para-formadores\/#article","isPartOf":{"@id":"https:\/\/schoenstatt.com\/pt-pt\/jornada-enriquecedora-america-central-oferece-curso-de-formacao-para-formadores\/"},"author":{"name":"Karen Bueno","@id":"https:\/\/schoenstatt.com\/pt-pt\/#\/schema\/person\/5158877ad4acae98b34daaeef2a1ce6e"},"headline":"Jornada enriquecedora: Am\u00e9rica Central oferece curso de forma\u00e7\u00e3o para formadores","datePublished":"2023-12-05T11:55:11+00:00","dateModified":"2025-05-16T00:51:39+00:00","mainEntityOfPage":{"@id":"https:\/\/schoenstatt.com\/pt-pt\/jornada-enriquecedora-america-central-oferece-curso-de-formacao-para-formadores\/"},"wordCount":822,"publisher":{"@id":"https:\/\/schoenstatt.com\/pt-pt\/#organization"},"image":{"@id":"https:\/\/schoenstatt.com\/pt-pt\/jornada-enriquecedora-america-central-oferece-curso-de-formacao-para-formadores\/#primaryimage"},"thumbnailUrl":"https:\/\/schoenstatt.com\/wp-content\/uploads\/2023\/12\/Formacion-de-Formadores-Schoenstatt-2-1.jpg","articleSection":["Eventos","Sociedade"],"inLanguage":"pt-PT"},{"@type":"WebPage","@id":"https:\/\/schoenstatt.com\/pt-pt\/jornada-enriquecedora-america-central-oferece-curso-de-formacao-para-formadores\/","url":"https:\/\/schoenstatt.com\/pt-pt\/jornada-enriquecedora-america-central-oferece-curso-de-formacao-para-formadores\/","name":"Jornada enriquecedora: Am\u00e9rica Central oferece curso de forma\u00e7\u00e3o para formadores","isPartOf":{"@id":"https:\/\/schoenstatt.com\/pt-pt\/#website"},"primaryImageOfPage":{"@id":"https:\/\/schoenstatt.com\/pt-pt\/jornada-enriquecedora-america-central-oferece-curso-de-formacao-para-formadores\/#primaryimage"},"image":{"@id":"https:\/\/schoenstatt.com\/pt-pt\/jornada-enriquecedora-america-central-oferece-curso-de-formacao-para-formadores\/#primaryimage"},"thumbnailUrl":"https:\/\/schoenstatt.com\/wp-content\/uploads\/2023\/12\/Formacion-de-Formadores-Schoenstatt-2-1.jpg","datePublished":"2023-12-05T11:55:11+00:00","dateModified":"2025-05-16T00:51:39+00:00","description":"O Movimento na Am\u00e9rica Central concluiu o curso \"Forma\u00e7\u00e3o de Formadores Schoenstatt 2023\", uma jornada enriquecedora.","breadcrumb":{"@id":"https:\/\/schoenstatt.com\/pt-pt\/jornada-enriquecedora-america-central-oferece-curso-de-formacao-para-formadores\/#breadcrumb"},"inLanguage":"pt-PT","potentialAction":[{"@type":"ReadAction","target":["https:\/\/schoenstatt.com\/pt-pt\/jornada-enriquecedora-america-central-oferece-curso-de-formacao-para-formadores\/"]}]},{"@type":"ImageObject","inLanguage":"pt-PT","@id":"https:\/\/schoenstatt.com\/pt-pt\/jornada-enriquecedora-america-central-oferece-curso-de-formacao-para-formadores\/#primaryimage","url":"https:\/\/schoenstatt.com\/wp-content\/uploads\/2023\/12\/Formacion-de-Formadores-Schoenstatt-2-1.jpg","contentUrl":"https:\/\/schoenstatt.com\/wp-content\/uploads\/2023\/12\/Formacion-de-Formadores-Schoenstatt-2-1.jpg","width":987,"height":572},{"@type":"BreadcrumbList","@id":"https:\/\/schoenstatt.com\/pt-pt\/jornada-enriquecedora-america-central-oferece-curso-de-formacao-para-formadores\/#breadcrumb","itemListElement":[{"@type":"ListItem","position":1,"name":"Portada","item":"https:\/\/schoenstatt.com\/pt-pt\/home\/"},{"@type":"ListItem","position":2,"name":"Jornada enriquecedora: Am\u00e9rica Central oferece curso de forma\u00e7\u00e3o para formadores"}]},{"@type":"WebSite","@id":"https:\/\/schoenstatt.com\/pt-pt\/#website","url":"https:\/\/schoenstatt.com\/pt-pt\/","name":"Schoenstatt","description":"Apostolic Movement","publisher":{"@id":"https:\/\/schoenstatt.com\/pt-pt\/#organization"},"potentialAction":[{"@type":"SearchAction","target":{"@type":"EntryPoint","urlTemplate":"https:\/\/schoenstatt.com\/pt-pt\/?s={search_term_string}"},"query-input":{"@type":"PropertyValueSpecification","valueRequired":true,"valueName":"search_term_string"}}],"inLanguage":"pt-PT"},{"@type":"Organization","@id":"https:\/\/schoenstatt.com\/pt-pt\/#organization","name":"Schoenstatt","url":"https:\/\/schoenstatt.com\/pt-pt\/","logo":{"@type":"ImageObject","inLanguage":"pt-PT","@id":"https:\/\/schoenstatt.com\/pt-pt\/#\/schema\/logo\/image\/","url":"https:\/\/schoenstatt.com\/wp-content\/uploads\/2025\/04\/logo-schoenstatt-white-696x696-1.png","contentUrl":"https:\/\/schoenstatt.com\/wp-content\/uploads\/2025\/04\/logo-schoenstatt-white-696x696-1.png","width":696,"height":694,"caption":"Schoenstatt"},"image":{"@id":"https:\/\/schoenstatt.com\/pt-pt\/#\/schema\/logo\/image\/"}},{"@type":"Person","@id":"https:\/\/schoenstatt.com\/pt-pt\/#\/schema\/person\/5158877ad4acae98b34daaeef2a1ce6e","name":"Karen Bueno","image":{"@type":"ImageObject","inLanguage":"pt-PT","@id":"https:\/\/secure.gravatar.com\/avatar\/f9f4b823873154269d2b2130f195f6d41037dd0d7fc5f3cacb5c846bae70d66b?s=96&d=mm&r=g","url":"https:\/\/secure.gravatar.com\/avatar\/f9f4b823873154269d2b2130f195f6d41037dd0d7fc5f3cacb5c846bae70d66b?s=96&d=mm&r=g","contentUrl":"https:\/\/secure.gravatar.com\/avatar\/f9f4b823873154269d2b2130f195f6d41037dd0d7fc5f3cacb5c846bae70d66b?s=96&d=mm&r=g","caption":"Karen Bueno"},"url":"https:\/\/schoenstatt.com\/pt-pt\/author\/karen-bueno\/"}]}},"_links":{"self":[{"href":"https:\/\/schoenstatt.com\/pt-pt\/wp-json\/wp\/v2\/posts\/33897","targetHints":{"allow":["GET"]}}],"collection":[{"href":"https:\/\/schoenstatt.com\/pt-pt\/wp-json\/wp\/v2\/posts"}],"about":[{"href":"https:\/\/schoenstatt.com\/pt-pt\/wp-json\/wp\/v2\/types\/post"}],"author":[{"embeddable":true,"href":"https:\/\/schoenstatt.com\/pt-pt\/wp-json\/wp\/v2\/users\/3"}],"replies":[{"embeddable":true,"href":"https:\/\/schoenstatt.com\/pt-pt\/wp-json\/wp\/v2\/comments?post=33897"}],"version-history":[{"count":1,"href":"https:\/\/schoenstatt.com\/pt-pt\/wp-json\/wp\/v2\/posts\/33897\/revisions"}],"predecessor-version":[{"id":46522,"href":"https:\/\/schoenstatt.com\/pt-pt\/wp-json\/wp\/v2\/posts\/33897\/revisions\/46522"}],"wp:featuredmedia":[{"embeddable":true,"href":"https:\/\/schoenstatt.com\/pt-pt\/wp-json\/wp\/v2\/media\/33889"}],"wp:attachment":[{"href":"https:\/\/schoenstatt.com\/pt-pt\/wp-json\/wp\/v2\/media?parent=33897"}],"wp:term":[{"taxonomy":"category","embeddable":true,"href":"https:\/\/schoenstatt.com\/pt-pt\/wp-json\/wp\/v2\/categories?post=33897"},{"taxonomy":"post_tag","embeddable":true,"href":"https:\/\/schoenstatt.com\/pt-pt\/wp-json\/wp\/v2\/tags?post=33897"}],"curies":[{"name":"wp","href":"https:\/\/api.w.org\/{rel}","templated":true}]}}