{"id":33857,"date":"2023-12-02T06:10:36","date_gmt":"2023-12-02T05:10:36","guid":{"rendered":"https:\/\/schoenstatt.com\/?p=33857"},"modified":"2025-05-16T02:51:39","modified_gmt":"2025-05-16T00:51:39","slug":"a-experiencia-dos-schoenstattianos-no-encontro-de-juntos-pela-europa","status":"publish","type":"post","link":"https:\/\/schoenstatt.com\/pt-pt\/a-experiencia-dos-schoenstattianos-no-encontro-de-juntos-pela-europa\/","title":{"rendered":"A experi\u00eancia dos schoenstattianos no encontro de \u201cJuntos pela Europa\u201d"},"content":{"rendered":"<p>De 16 a 18 de novembro de 2023, mais de 20 membros do Movimento de Schoenstatt, de v\u00e1rios pa\u00edses europeus, estavam entre os 220 participantes no encontro do grupo de apoio ao \u201c<a href=\"https:\/\/together4europe.org\/en\/\" target=\"_blank\" rel=\"noopener\">Juntos pela Europa<\/a>\u201d. Eles se reuniram para sua reuni\u00e3o anual, desta vez na Capital Europeia da Cultura, Timisoara, na Rom\u00eania. Al\u00e9m de uma \u201cIgreja em movimento\u201d, como Elisabeth Hagmann, da Uni\u00e3o de Fam\u00edlias de Schoenstatt da Alemanha, descreveu, eles experimentaram uma unidade enriquecedora na diversidade.<\/p>\n<p>Tilman M\u00fcller, estudante de Teologia e membro da Juventude Masculina de Schoenstatt da Alemanha, diz: \u201cPara mim, foi muito enriquecedor ver no encontro em Timisoara como a unidade na diversidade pode ser frut\u00edfera. Ao longo dos dias, entre todos os crist\u00e3os de muitas denomina\u00e7\u00f5es diferentes, foi poss\u00edvel experimentar como \u00e9 enriquecedor o interc\u00e2mbio entre eles e que isso \u00e9 poss\u00edvel em absoluta paz uns com os outros.\u201d<\/p>\n<h3>Impressionante experi\u00eancia de unidade<\/h3>\n<p>O Pe. Ludwig G\u00fcthlein, diretor do Movimento de Schoenstatt na Alemanha, tamb\u00e9m enfatizou isso: \u201cA Europa no pequeno foi uma palavra-chave no que diz respeito \u00e0 coexist\u00eancia bem-sucedida de denomina\u00e7\u00f5es e grupos \u00e9tnicos. O sucesso na diversidade foi uma experi\u00eancia viva durante longos per\u00edodos da hist\u00f3ria em Timisoara\u201d, o que \u00e9 &#8220;uma inspira\u00e7\u00e3o&#8221; para a coopera\u00e7\u00e3o na rede ecum\u00eanica Juntos pela Europa.<\/p>\n<figure id=\"attachment_33845\" aria-describedby=\"caption-attachment-33845\" style=\"width: 840px\" class=\"wp-caption aligncenter\"><img fetchpriority=\"high\" decoding=\"async\" class=\"wp-image-33845 size-large\" src=\"https:\/\/schoenstatt.com\/wp-content\/uploads\/2023\/12\/Miteinander-fur-Europa-2023-Timiossara-Foto-HBhrem-2-1024x680.jpg\" alt=\"\" width=\"840\" height=\"558\" \/><figcaption id=\"caption-attachment-33845\" class=\"wp-caption-text\">Um grupo de participantes do Movimento de Schoenstatt em frente \u00e0 Catedral Ortodoxa de Timisoara &#8211; Foto: HBrehm<\/figcaption><\/figure>\n<p>Rebekka Bischoff, fundadora da rede alem\u00e3 \u201cJuventude para a Igreja\u201d, participou pela primeira vez de um encontro continental do Juntos pela Europa e tamb\u00e9m ficou impressionada com a experi\u00eancia de unidade na diversidade. \u201c\u00c0 noite n\u00f3s, jovens schoenstattianos, sa\u00edmos com uma mulher romena e, no dia seguinte, almo\u00e7amos com duas mulheres ucranianas, que receberam um presente dos participantes russos, o que realmente me tocou. N\u00f3s nos reunimos de tantos pa\u00edses (29 desta vez) e de tantos grupos diferentes (50 no total) das Igrejas Cat\u00f3lica, Protestante, Igreja Livre e Ortodoxa, e foi poss\u00edvel rezar juntos.\u201d<\/p>\n<p>Johanna Denkinger, membro da Juventude Feminina de Schoenstatt, tamb\u00e9m enfatizou a unidade tang\u00edvel: \u201cEu nunca tinha experimentado isso antes, mas percebi que se todos realmente amam Jesus, ent\u00e3o a forma \u00e9 secund\u00e1ria \u2013 voc\u00ea tem mais do que o suficiente em comum\u201d.<\/p>\n<p>Para Tilman M\u00fcller, essa \u201cunidade em Cristo foi sentida da maneira mais profunda na ora\u00e7\u00e3o\u201d. Essa \u201cabertura para a diversidade do cristianismo\u201d, continuou M\u00fcller, n\u00e3o s\u00f3 lhe deu a oportunidade de \u201ccontinuar a compartilhar o esp\u00edrito de Schoenstatt\u201d, mas agora tamb\u00e9m \u00e9 um desafio e uma miss\u00e3o para ele \u201ctrazer os enriquecimentos dessa diversidade de volta a Schoenstatt e, assim, torn\u00e1-la um enriquecimento para o nosso Movimento\u201d.<\/p>\n<figure id=\"attachment_33849\" aria-describedby=\"caption-attachment-33849\" style=\"width: 840px\" class=\"wp-caption aligncenter\"><img decoding=\"async\" class=\"wp-image-33849 size-large\" src=\"https:\/\/schoenstatt.com\/wp-content\/uploads\/2023\/12\/Miteinander-fur-Europa-2023-Timiossara-Foto-HBhrem-3-1024x680.jpg\" alt=\"\" width=\"840\" height=\"558\" \/><figcaption id=\"caption-attachment-33849\" class=\"wp-caption-text\">Pe. Ludwig G\u00fcthlein, Johanna Denkinger, Rebekka Bischoff e Ir. M. Vernita Wei\u00df &#8211; Foto: HBrehm<\/figcaption><\/figure>\n<p>Como membro da equipe de coordena\u00e7\u00e3o do Grupo de Apoio Internacional ao Juntos pela Europa e, portanto, correspons\u00e1vel pela organiza\u00e7\u00e3o dos dias em Timisoara, a Ir. M. Lioba Ruprecht tamb\u00e9m enfatiza a palavra-chave unidade, que foi experimentada j\u00e1 na hospitalidade local. \u201cHospitalidade &#8211; o bispo cat\u00f3lico da cidade foi a pessoa que convidou e foi assim que ele se mostrou: ele sempre foi um dos primeiros na sala; ele se aproximou de todos e disse palavras finais que atingiram a todos: a reuni\u00e3o lhe deu a esperan\u00e7a de que a unidade \u00e9 poss\u00edvel.\u201d O bispo Josef-Csaba P\u00e1l teve uma vis\u00e3o realista: \u201cOs relacionamentos s\u00e3o um trabalho \u00e1rduo, mas s\u00e3o a \u00fanica maneira de alcan\u00e7ar a unidade\u201d, disse a Ir. M. Lioba.<\/p>\n<h2>Os crist\u00e3os precisam compartilhar a responsabilidade pela pol\u00edtica<\/h2>\n<p>Ir. M. Lioba, que faz parte da dire\u00e7\u00e3o geral das Irm\u00e3s de Maria de Schoenstatt, disse que levou consigo outro impulso de Timisoara: a contribui\u00e7\u00e3o emocionante de Eduard Heger, ex-primeiro-ministro da Eslov\u00e1quia. \u201c\u2018N\u00e3o deixem os pol\u00edticos de fora. Eles precisam de sua sabedoria, de sua proximidade, de seu encorajamento\u2019. Essas foram palavras de um pol\u00edtico que, de acordo com sua pr\u00f3pria declara\u00e7\u00e3o, acredita em Jesus Cristo h\u00e1 22 anos e lidera uma comunidade carism\u00e1tica em Bratislava. Isso provocou em mim a pergunta: o que posso fazer, em termos concretos? Heger deixou claro o quanto os pol\u00edticos crist\u00e3os dependem da f\u00e9 vivida pelos crist\u00e3os e o quanto \u00e9 importante que os crist\u00e3os em particular \u2018construam relacionamentos com aqueles que t\u00eam responsabilidade em nossa sociedade\u2019&#8221;, disse a Ir. M. Lioba.<\/p>\n<figure id=\"attachment_33853\" aria-describedby=\"caption-attachment-33853\" style=\"width: 840px\" class=\"wp-caption aligncenter\"><img decoding=\"async\" class=\"wp-image-33853 size-large\" src=\"https:\/\/schoenstatt.com\/wp-content\/uploads\/2023\/12\/Miteinander-fur-Europa-2023-Timiossara-Foto-HBhrem-4-1024x680.jpg\" alt=\"\" width=\"840\" height=\"558\" \/><figcaption id=\"caption-attachment-33853\" class=\"wp-caption-text\">Reuni\u00e3o no sagu\u00e3o do Centro de Conven\u00e7\u00f5es de Timisoara &#8211; Foto: HBrehm<\/figcaption><\/figure>\n<p>O Pe. G\u00fcthlein tamb\u00e9m enfatiza isso quando diz: \u201cA forma com que o Primeiro-Ministro da Eslov\u00e1quia fez campanha para o envolvimento crist\u00e3o na esfera pol\u00edtica \u00e9 algo que ressoa em mim. N\u00f3s, crist\u00e3os em particular, precisamos ter um interesse respons\u00e1vel. N\u00e3o devemos subestimar os esfor\u00e7os dos pol\u00edticos motivados pelos crist\u00e3os.\u201d<\/p>\n<p>A Ir. M. Ilga Dreyer, superiora provincial de Liebfrauenh\u00f6he e respons\u00e1vel pela filial das Irm\u00e3s de Maria de Schoenstatt em Timisoara, conta sobre a conversa que teve com um casal durante o encontro: \u201cEla foi professora de educa\u00e7\u00e3o religiosa protestante at\u00e9 recentemente; ele, cat\u00f3lico, foi diretor de uma escola prim\u00e1ria at\u00e9 o ano passado\u201d. E, sobre a pergunta no programa da confer\u00eancia, \u201cse os pol\u00edticos n\u00e3o deveriam estar mais envolvidos quando se trata do futuro da Europa\u201d, a Ir. M. Ilga diz que \u201ca contribui\u00e7\u00e3o impressionante e emocionante de Eduard Heger foi uma resposta eloquente a essa discuss\u00e3o\u201d.<\/p>\n<h3>Reconcilia\u00e7\u00e3o &#8211; Aproximar-se uns dos outros<\/h3>\n<p>Esse \u00e9 outro tema que a Ir. M. Lioba leva para casa ap\u00f3s a reuni\u00e3o em Timisoara. \u201cA reconcilia\u00e7\u00e3o s\u00f3 \u00e9 poss\u00edvel se ambas as partes mudarem suas expectativas, retirarem suas exig\u00eancias e se aproximarem uma da outra\u201d. Ela retirou isso da apresenta\u00e7\u00e3o de Margaret Karram, presidente do Movimento dos Focolares, que, como crist\u00e3 \u00e1rabe, estudou ci\u00eancias judaicas para poder trabalhar pela reconcilia\u00e7\u00e3o entre a Palestina e Israel, disse. \u201cEsta \u00e9 a chave para a t\u00e3o sonhada paz na Terra Santa e tamb\u00e9m para a R\u00fassia e a Ucr\u00e2nia\u201d. Em Timisoara, uma cidade p\u00f3s-comunista que est\u00e1 se abrindo para o turismo e tem uma face multicultural, \u201cesses pensamentos t\u00eam um impacto ainda mais profundo\u201d, diz a Irm\u00e3 de Maria. \u201cEles me incentivam a rezar e a realizar pequenos atos de reconcilia\u00e7\u00e3o em minha vida cotidiana.\u201d<\/p>\n<p>O n\u00facleo central da rede \u201cJuntos pela Europa\u201d \u00e9 a alian\u00e7a de amor m\u00fatua, enfatiza a Ir. M. Vernita Wei\u00df, que tamb\u00e9m integra a equipe central de Juntos pela Europa da Alemanha. \u201cFoi uma bela coincid\u00eancia o fato de o dia 18 de novembro coincidir com a data do encontro e de Schoenstatt ter sido respons\u00e1vel pela organiza\u00e7\u00e3o do in\u00edcio do dia. Talvez seja tamb\u00e9m um sinal de como a nossa <a href=\"https:\/\/schoenstatt.com\/pt-pt\/about\/espiritualidade\/alianca-de-amor\/\">Alian\u00e7a de Amor<\/a> pode ser fecunda, especialmente nesta uni\u00e3o.\u201d Olhando para tr\u00e1s, a Irm\u00e3 de Maria tamb\u00e9m se alegrou com o fato de que \u201ca pr\u00f3xima gera\u00e7\u00e3o estava no in\u00edcio\u201d com alguns dos participantes mais jovens. Schoenstatt tamb\u00e9m foi bem representado com novos t\u00f3picos e preocupa\u00e7\u00f5es, como \u201cmais participa\u00e7\u00e3o, mais interc\u00e2mbio espiritual e mais ora\u00e7\u00e3o\u201d.<\/p>\n<p>Fonte: <a href=\"https:\/\/www.schoenstatt.de\/de\/\" target=\"_blank\" rel=\"noopener\">schoenstatt.de<\/a><\/p>\n","protected":false},"excerpt":{"rendered":"<p>A unidade na diversidade pode ser um sucesso &#8211; uma revis\u00e3o das experi\u00eancias no encontro do grupo de apoio ao \u201cJuntos pela Europa\u201d, em Timisoara, Rom\u00eania.<\/p>\n","protected":false},"author":3,"featured_media":33841,"comment_status":"closed","ping_status":"closed","sticky":false,"template":"","format":"standard","meta":{"footnotes":""},"categories":[912],"tags":[],"class_list":["post-33857","post","type-post","status-publish","format-standard","has-post-thumbnail","hentry","category-sociedade-pt-pt"],"yoast_head":"<!-- This site is optimized with the Yoast SEO Premium plugin v27.4 (Yoast SEO v27.4) - https:\/\/yoast.com\/product\/yoast-seo-premium-wordpress\/ -->\n<title>A experi\u00eancia dos schoenstattianos no encontro de \u201cJuntos pela Europa\u201d<\/title>\n<meta name=\"description\" content=\"A unidade na diversidade pode ser um sucesso - uma revis\u00e3o das experi\u00eancias no encontro de \u201cJuntos pela Europa\u201d em Timisoara, Rom\u00eania.\" \/>\n<meta name=\"robots\" content=\"index, follow, max-snippet:-1, max-image-preview:large, max-video-preview:-1\" \/>\n<link rel=\"canonical\" href=\"https:\/\/schoenstatt.com\/pt-pt\/a-experiencia-dos-schoenstattianos-no-encontro-de-juntos-pela-europa\/\" \/>\n<meta property=\"og:locale\" content=\"pt_PT\" \/>\n<meta property=\"og:type\" content=\"article\" \/>\n<meta property=\"og:title\" content=\"A experi\u00eancia dos schoenstattianos no encontro de \u201cJuntos pela Europa\u201d\" \/>\n<meta property=\"og:description\" content=\"A unidade na diversidade pode ser um sucesso - uma revis\u00e3o das experi\u00eancias no encontro de \u201cJuntos pela Europa\u201d em Timisoara, Rom\u00eania.\" \/>\n<meta property=\"og:url\" content=\"https:\/\/schoenstatt.com\/pt-pt\/a-experiencia-dos-schoenstattianos-no-encontro-de-juntos-pela-europa\/\" \/>\n<meta property=\"og:site_name\" content=\"Schoenstatt\" \/>\n<meta property=\"article:published_time\" content=\"2023-12-02T05:10:36+00:00\" \/>\n<meta property=\"article:modified_time\" content=\"2025-05-16T00:51:39+00:00\" \/>\n<meta property=\"og:image\" content=\"https:\/\/schoenstatt.com\/wp-content\/uploads\/2023\/12\/Miteinander-fur-Europa-2023-Timiossara-Foto-HBhrem-1.jpg\" \/>\n\t<meta property=\"og:image:width\" content=\"1800\" \/>\n\t<meta property=\"og:image:height\" content=\"1196\" \/>\n\t<meta property=\"og:image:type\" content=\"image\/jpeg\" \/>\n<meta name=\"author\" content=\"Karen Bueno\" \/>\n<meta name=\"twitter:card\" content=\"summary_large_image\" \/>\n<meta name=\"twitter:label1\" content=\"Escrito por\" \/>\n\t<meta name=\"twitter:data1\" content=\"Karen Bueno\" \/>\n\t<meta name=\"twitter:label2\" content=\"Tempo estimado de leitura\" \/>\n\t<meta name=\"twitter:data2\" content=\"6 minutos\" \/>\n<script type=\"application\/ld+json\" class=\"yoast-schema-graph\">{\"@context\":\"https:\\\/\\\/schema.org\",\"@graph\":[{\"@type\":\"Article\",\"@id\":\"https:\\\/\\\/schoenstatt.com\\\/pt-pt\\\/a-experiencia-dos-schoenstattianos-no-encontro-de-juntos-pela-europa\\\/#article\",\"isPartOf\":{\"@id\":\"https:\\\/\\\/schoenstatt.com\\\/pt-pt\\\/a-experiencia-dos-schoenstattianos-no-encontro-de-juntos-pela-europa\\\/\"},\"author\":{\"name\":\"Karen Bueno\",\"@id\":\"https:\\\/\\\/schoenstatt.com\\\/pt-pt\\\/#\\\/schema\\\/person\\\/5158877ad4acae98b34daaeef2a1ce6e\"},\"headline\":\"A experi\u00eancia dos schoenstattianos no encontro de \u201cJuntos pela Europa\u201d\",\"datePublished\":\"2023-12-02T05:10:36+00:00\",\"dateModified\":\"2025-05-16T00:51:39+00:00\",\"mainEntityOfPage\":{\"@id\":\"https:\\\/\\\/schoenstatt.com\\\/pt-pt\\\/a-experiencia-dos-schoenstattianos-no-encontro-de-juntos-pela-europa\\\/\"},\"wordCount\":1281,\"publisher\":{\"@id\":\"https:\\\/\\\/schoenstatt.com\\\/pt-pt\\\/#organization\"},\"image\":{\"@id\":\"https:\\\/\\\/schoenstatt.com\\\/pt-pt\\\/a-experiencia-dos-schoenstattianos-no-encontro-de-juntos-pela-europa\\\/#primaryimage\"},\"thumbnailUrl\":\"https:\\\/\\\/schoenstatt.com\\\/wp-content\\\/uploads\\\/2023\\\/12\\\/Miteinander-fur-Europa-2023-Timiossara-Foto-HBhrem-1.jpg\",\"articleSection\":[\"Sociedade\"],\"inLanguage\":\"pt-PT\"},{\"@type\":\"WebPage\",\"@id\":\"https:\\\/\\\/schoenstatt.com\\\/pt-pt\\\/a-experiencia-dos-schoenstattianos-no-encontro-de-juntos-pela-europa\\\/\",\"url\":\"https:\\\/\\\/schoenstatt.com\\\/pt-pt\\\/a-experiencia-dos-schoenstattianos-no-encontro-de-juntos-pela-europa\\\/\",\"name\":\"A experi\u00eancia dos schoenstattianos no encontro de \u201cJuntos pela Europa\u201d\",\"isPartOf\":{\"@id\":\"https:\\\/\\\/schoenstatt.com\\\/pt-pt\\\/#website\"},\"primaryImageOfPage\":{\"@id\":\"https:\\\/\\\/schoenstatt.com\\\/pt-pt\\\/a-experiencia-dos-schoenstattianos-no-encontro-de-juntos-pela-europa\\\/#primaryimage\"},\"image\":{\"@id\":\"https:\\\/\\\/schoenstatt.com\\\/pt-pt\\\/a-experiencia-dos-schoenstattianos-no-encontro-de-juntos-pela-europa\\\/#primaryimage\"},\"thumbnailUrl\":\"https:\\\/\\\/schoenstatt.com\\\/wp-content\\\/uploads\\\/2023\\\/12\\\/Miteinander-fur-Europa-2023-Timiossara-Foto-HBhrem-1.jpg\",\"datePublished\":\"2023-12-02T05:10:36+00:00\",\"dateModified\":\"2025-05-16T00:51:39+00:00\",\"description\":\"A unidade na diversidade pode ser um sucesso - uma revis\u00e3o das experi\u00eancias no encontro de \u201cJuntos pela Europa\u201d em Timisoara, Rom\u00eania.\",\"breadcrumb\":{\"@id\":\"https:\\\/\\\/schoenstatt.com\\\/pt-pt\\\/a-experiencia-dos-schoenstattianos-no-encontro-de-juntos-pela-europa\\\/#breadcrumb\"},\"inLanguage\":\"pt-PT\",\"potentialAction\":[{\"@type\":\"ReadAction\",\"target\":[\"https:\\\/\\\/schoenstatt.com\\\/pt-pt\\\/a-experiencia-dos-schoenstattianos-no-encontro-de-juntos-pela-europa\\\/\"]}]},{\"@type\":\"ImageObject\",\"inLanguage\":\"pt-PT\",\"@id\":\"https:\\\/\\\/schoenstatt.com\\\/pt-pt\\\/a-experiencia-dos-schoenstattianos-no-encontro-de-juntos-pela-europa\\\/#primaryimage\",\"url\":\"https:\\\/\\\/schoenstatt.com\\\/wp-content\\\/uploads\\\/2023\\\/12\\\/Miteinander-fur-Europa-2023-Timiossara-Foto-HBhrem-1.jpg\",\"contentUrl\":\"https:\\\/\\\/schoenstatt.com\\\/wp-content\\\/uploads\\\/2023\\\/12\\\/Miteinander-fur-Europa-2023-Timiossara-Foto-HBhrem-1.jpg\",\"width\":1800,\"height\":1196},{\"@type\":\"BreadcrumbList\",\"@id\":\"https:\\\/\\\/schoenstatt.com\\\/pt-pt\\\/a-experiencia-dos-schoenstattianos-no-encontro-de-juntos-pela-europa\\\/#breadcrumb\",\"itemListElement\":[{\"@type\":\"ListItem\",\"position\":1,\"name\":\"Portada\",\"item\":\"https:\\\/\\\/schoenstatt.com\\\/pt-pt\\\/home\\\/\"},{\"@type\":\"ListItem\",\"position\":2,\"name\":\"A experi\u00eancia dos schoenstattianos no encontro de \u201cJuntos pela Europa\u201d\"}]},{\"@type\":\"WebSite\",\"@id\":\"https:\\\/\\\/schoenstatt.com\\\/pt-pt\\\/#website\",\"url\":\"https:\\\/\\\/schoenstatt.com\\\/pt-pt\\\/\",\"name\":\"Schoenstatt\",\"description\":\"Apostolic Movement\",\"publisher\":{\"@id\":\"https:\\\/\\\/schoenstatt.com\\\/pt-pt\\\/#organization\"},\"potentialAction\":[{\"@type\":\"SearchAction\",\"target\":{\"@type\":\"EntryPoint\",\"urlTemplate\":\"https:\\\/\\\/schoenstatt.com\\\/pt-pt\\\/?s={search_term_string}\"},\"query-input\":{\"@type\":\"PropertyValueSpecification\",\"valueRequired\":true,\"valueName\":\"search_term_string\"}}],\"inLanguage\":\"pt-PT\"},{\"@type\":\"Organization\",\"@id\":\"https:\\\/\\\/schoenstatt.com\\\/pt-pt\\\/#organization\",\"name\":\"Schoenstatt\",\"url\":\"https:\\\/\\\/schoenstatt.com\\\/pt-pt\\\/\",\"logo\":{\"@type\":\"ImageObject\",\"inLanguage\":\"pt-PT\",\"@id\":\"https:\\\/\\\/schoenstatt.com\\\/pt-pt\\\/#\\\/schema\\\/logo\\\/image\\\/\",\"url\":\"https:\\\/\\\/schoenstatt.com\\\/wp-content\\\/uploads\\\/2025\\\/04\\\/logo-schoenstatt-white-696x696-1.png\",\"contentUrl\":\"https:\\\/\\\/schoenstatt.com\\\/wp-content\\\/uploads\\\/2025\\\/04\\\/logo-schoenstatt-white-696x696-1.png\",\"width\":696,\"height\":694,\"caption\":\"Schoenstatt\"},\"image\":{\"@id\":\"https:\\\/\\\/schoenstatt.com\\\/pt-pt\\\/#\\\/schema\\\/logo\\\/image\\\/\"}},{\"@type\":\"Person\",\"@id\":\"https:\\\/\\\/schoenstatt.com\\\/pt-pt\\\/#\\\/schema\\\/person\\\/5158877ad4acae98b34daaeef2a1ce6e\",\"name\":\"Karen Bueno\",\"image\":{\"@type\":\"ImageObject\",\"inLanguage\":\"pt-PT\",\"@id\":\"https:\\\/\\\/secure.gravatar.com\\\/avatar\\\/f9f4b823873154269d2b2130f195f6d41037dd0d7fc5f3cacb5c846bae70d66b?s=96&d=mm&r=g\",\"url\":\"https:\\\/\\\/secure.gravatar.com\\\/avatar\\\/f9f4b823873154269d2b2130f195f6d41037dd0d7fc5f3cacb5c846bae70d66b?s=96&d=mm&r=g\",\"contentUrl\":\"https:\\\/\\\/secure.gravatar.com\\\/avatar\\\/f9f4b823873154269d2b2130f195f6d41037dd0d7fc5f3cacb5c846bae70d66b?s=96&d=mm&r=g\",\"caption\":\"Karen Bueno\"},\"url\":\"https:\\\/\\\/schoenstatt.com\\\/pt-pt\\\/author\\\/karen-bueno\\\/\"}]}<\/script>\n<!-- \/ Yoast SEO Premium plugin. -->","yoast_head_json":{"title":"A experi\u00eancia dos schoenstattianos no encontro de \u201cJuntos pela Europa\u201d","description":"A unidade na diversidade pode ser um sucesso - uma revis\u00e3o das experi\u00eancias no encontro de \u201cJuntos pela Europa\u201d em Timisoara, Rom\u00eania.","robots":{"index":"index","follow":"follow","max-snippet":"max-snippet:-1","max-image-preview":"max-image-preview:large","max-video-preview":"max-video-preview:-1"},"canonical":"https:\/\/schoenstatt.com\/pt-pt\/a-experiencia-dos-schoenstattianos-no-encontro-de-juntos-pela-europa\/","og_locale":"pt_PT","og_type":"article","og_title":"A experi\u00eancia dos schoenstattianos no encontro de \u201cJuntos pela Europa\u201d","og_description":"A unidade na diversidade pode ser um sucesso - uma revis\u00e3o das experi\u00eancias no encontro de \u201cJuntos pela Europa\u201d em Timisoara, Rom\u00eania.","og_url":"https:\/\/schoenstatt.com\/pt-pt\/a-experiencia-dos-schoenstattianos-no-encontro-de-juntos-pela-europa\/","og_site_name":"Schoenstatt","article_published_time":"2023-12-02T05:10:36+00:00","article_modified_time":"2025-05-16T00:51:39+00:00","og_image":[{"width":1800,"height":1196,"url":"https:\/\/schoenstatt.com\/wp-content\/uploads\/2023\/12\/Miteinander-fur-Europa-2023-Timiossara-Foto-HBhrem-1.jpg","type":"image\/jpeg"}],"author":"Karen Bueno","twitter_card":"summary_large_image","twitter_misc":{"Escrito por":"Karen Bueno","Tempo estimado de leitura":"6 minutos"},"schema":{"@context":"https:\/\/schema.org","@graph":[{"@type":"Article","@id":"https:\/\/schoenstatt.com\/pt-pt\/a-experiencia-dos-schoenstattianos-no-encontro-de-juntos-pela-europa\/#article","isPartOf":{"@id":"https:\/\/schoenstatt.com\/pt-pt\/a-experiencia-dos-schoenstattianos-no-encontro-de-juntos-pela-europa\/"},"author":{"name":"Karen Bueno","@id":"https:\/\/schoenstatt.com\/pt-pt\/#\/schema\/person\/5158877ad4acae98b34daaeef2a1ce6e"},"headline":"A experi\u00eancia dos schoenstattianos no encontro de \u201cJuntos pela Europa\u201d","datePublished":"2023-12-02T05:10:36+00:00","dateModified":"2025-05-16T00:51:39+00:00","mainEntityOfPage":{"@id":"https:\/\/schoenstatt.com\/pt-pt\/a-experiencia-dos-schoenstattianos-no-encontro-de-juntos-pela-europa\/"},"wordCount":1281,"publisher":{"@id":"https:\/\/schoenstatt.com\/pt-pt\/#organization"},"image":{"@id":"https:\/\/schoenstatt.com\/pt-pt\/a-experiencia-dos-schoenstattianos-no-encontro-de-juntos-pela-europa\/#primaryimage"},"thumbnailUrl":"https:\/\/schoenstatt.com\/wp-content\/uploads\/2023\/12\/Miteinander-fur-Europa-2023-Timiossara-Foto-HBhrem-1.jpg","articleSection":["Sociedade"],"inLanguage":"pt-PT"},{"@type":"WebPage","@id":"https:\/\/schoenstatt.com\/pt-pt\/a-experiencia-dos-schoenstattianos-no-encontro-de-juntos-pela-europa\/","url":"https:\/\/schoenstatt.com\/pt-pt\/a-experiencia-dos-schoenstattianos-no-encontro-de-juntos-pela-europa\/","name":"A experi\u00eancia dos schoenstattianos no encontro de \u201cJuntos pela Europa\u201d","isPartOf":{"@id":"https:\/\/schoenstatt.com\/pt-pt\/#website"},"primaryImageOfPage":{"@id":"https:\/\/schoenstatt.com\/pt-pt\/a-experiencia-dos-schoenstattianos-no-encontro-de-juntos-pela-europa\/#primaryimage"},"image":{"@id":"https:\/\/schoenstatt.com\/pt-pt\/a-experiencia-dos-schoenstattianos-no-encontro-de-juntos-pela-europa\/#primaryimage"},"thumbnailUrl":"https:\/\/schoenstatt.com\/wp-content\/uploads\/2023\/12\/Miteinander-fur-Europa-2023-Timiossara-Foto-HBhrem-1.jpg","datePublished":"2023-12-02T05:10:36+00:00","dateModified":"2025-05-16T00:51:39+00:00","description":"A unidade na diversidade pode ser um sucesso - uma revis\u00e3o das experi\u00eancias no encontro de \u201cJuntos pela Europa\u201d em Timisoara, Rom\u00eania.","breadcrumb":{"@id":"https:\/\/schoenstatt.com\/pt-pt\/a-experiencia-dos-schoenstattianos-no-encontro-de-juntos-pela-europa\/#breadcrumb"},"inLanguage":"pt-PT","potentialAction":[{"@type":"ReadAction","target":["https:\/\/schoenstatt.com\/pt-pt\/a-experiencia-dos-schoenstattianos-no-encontro-de-juntos-pela-europa\/"]}]},{"@type":"ImageObject","inLanguage":"pt-PT","@id":"https:\/\/schoenstatt.com\/pt-pt\/a-experiencia-dos-schoenstattianos-no-encontro-de-juntos-pela-europa\/#primaryimage","url":"https:\/\/schoenstatt.com\/wp-content\/uploads\/2023\/12\/Miteinander-fur-Europa-2023-Timiossara-Foto-HBhrem-1.jpg","contentUrl":"https:\/\/schoenstatt.com\/wp-content\/uploads\/2023\/12\/Miteinander-fur-Europa-2023-Timiossara-Foto-HBhrem-1.jpg","width":1800,"height":1196},{"@type":"BreadcrumbList","@id":"https:\/\/schoenstatt.com\/pt-pt\/a-experiencia-dos-schoenstattianos-no-encontro-de-juntos-pela-europa\/#breadcrumb","itemListElement":[{"@type":"ListItem","position":1,"name":"Portada","item":"https:\/\/schoenstatt.com\/pt-pt\/home\/"},{"@type":"ListItem","position":2,"name":"A experi\u00eancia dos schoenstattianos no encontro de \u201cJuntos pela Europa\u201d"}]},{"@type":"WebSite","@id":"https:\/\/schoenstatt.com\/pt-pt\/#website","url":"https:\/\/schoenstatt.com\/pt-pt\/","name":"Schoenstatt","description":"Apostolic Movement","publisher":{"@id":"https:\/\/schoenstatt.com\/pt-pt\/#organization"},"potentialAction":[{"@type":"SearchAction","target":{"@type":"EntryPoint","urlTemplate":"https:\/\/schoenstatt.com\/pt-pt\/?s={search_term_string}"},"query-input":{"@type":"PropertyValueSpecification","valueRequired":true,"valueName":"search_term_string"}}],"inLanguage":"pt-PT"},{"@type":"Organization","@id":"https:\/\/schoenstatt.com\/pt-pt\/#organization","name":"Schoenstatt","url":"https:\/\/schoenstatt.com\/pt-pt\/","logo":{"@type":"ImageObject","inLanguage":"pt-PT","@id":"https:\/\/schoenstatt.com\/pt-pt\/#\/schema\/logo\/image\/","url":"https:\/\/schoenstatt.com\/wp-content\/uploads\/2025\/04\/logo-schoenstatt-white-696x696-1.png","contentUrl":"https:\/\/schoenstatt.com\/wp-content\/uploads\/2025\/04\/logo-schoenstatt-white-696x696-1.png","width":696,"height":694,"caption":"Schoenstatt"},"image":{"@id":"https:\/\/schoenstatt.com\/pt-pt\/#\/schema\/logo\/image\/"}},{"@type":"Person","@id":"https:\/\/schoenstatt.com\/pt-pt\/#\/schema\/person\/5158877ad4acae98b34daaeef2a1ce6e","name":"Karen Bueno","image":{"@type":"ImageObject","inLanguage":"pt-PT","@id":"https:\/\/secure.gravatar.com\/avatar\/f9f4b823873154269d2b2130f195f6d41037dd0d7fc5f3cacb5c846bae70d66b?s=96&d=mm&r=g","url":"https:\/\/secure.gravatar.com\/avatar\/f9f4b823873154269d2b2130f195f6d41037dd0d7fc5f3cacb5c846bae70d66b?s=96&d=mm&r=g","contentUrl":"https:\/\/secure.gravatar.com\/avatar\/f9f4b823873154269d2b2130f195f6d41037dd0d7fc5f3cacb5c846bae70d66b?s=96&d=mm&r=g","caption":"Karen Bueno"},"url":"https:\/\/schoenstatt.com\/pt-pt\/author\/karen-bueno\/"}]}},"_links":{"self":[{"href":"https:\/\/schoenstatt.com\/pt-pt\/wp-json\/wp\/v2\/posts\/33857","targetHints":{"allow":["GET"]}}],"collection":[{"href":"https:\/\/schoenstatt.com\/pt-pt\/wp-json\/wp\/v2\/posts"}],"about":[{"href":"https:\/\/schoenstatt.com\/pt-pt\/wp-json\/wp\/v2\/types\/post"}],"author":[{"embeddable":true,"href":"https:\/\/schoenstatt.com\/pt-pt\/wp-json\/wp\/v2\/users\/3"}],"replies":[{"embeddable":true,"href":"https:\/\/schoenstatt.com\/pt-pt\/wp-json\/wp\/v2\/comments?post=33857"}],"version-history":[{"count":1,"href":"https:\/\/schoenstatt.com\/pt-pt\/wp-json\/wp\/v2\/posts\/33857\/revisions"}],"predecessor-version":[{"id":46514,"href":"https:\/\/schoenstatt.com\/pt-pt\/wp-json\/wp\/v2\/posts\/33857\/revisions\/46514"}],"wp:featuredmedia":[{"embeddable":true,"href":"https:\/\/schoenstatt.com\/pt-pt\/wp-json\/wp\/v2\/media\/33841"}],"wp:attachment":[{"href":"https:\/\/schoenstatt.com\/pt-pt\/wp-json\/wp\/v2\/media?parent=33857"}],"wp:term":[{"taxonomy":"category","embeddable":true,"href":"https:\/\/schoenstatt.com\/pt-pt\/wp-json\/wp\/v2\/categories?post=33857"},{"taxonomy":"post_tag","embeddable":true,"href":"https:\/\/schoenstatt.com\/pt-pt\/wp-json\/wp\/v2\/tags?post=33857"}],"curies":[{"name":"wp","href":"https:\/\/api.w.org\/{rel}","templated":true}]}}