{"id":33807,"date":"2023-11-30T14:15:42","date_gmt":"2023-11-30T13:15:42","guid":{"rendered":"https:\/\/schoenstatt.com\/espiritualidade\/nuevo-padre-de-schoenstatt-el-p-lucas-chiappe-ordenado-sacerdote-en-argentina\/"},"modified":"2025-05-16T01:41:25","modified_gmt":"2025-05-15T23:41:25","slug":"novo-padre-de-schoenstatt-pe-lucas-chiappe-e-ordenado-sacerdote-na-argentina","status":"publish","type":"post","link":"https:\/\/schoenstatt.com\/pt-pt\/novo-padre-de-schoenstatt-pe-lucas-chiappe-e-ordenado-sacerdote-na-argentina\/","title":{"rendered":"Novo Padre de Schoenstatt: Pe. Lucas Chiappe \u00e9 ordenado sacerdote na Argentina"},"content":{"rendered":"<p>O presb\u00edtero Lucas Chiappe, do <a href=\"https:\/\/schoenstatt.com\/pt-pt\/familia\/comunidades-do-movimento-apostolico-de-schoenstatt\/sacerdotes\/\">Instituto Secular dos Padres de Schoenstatt<\/a>, foi ordenado sacerdote pelo bispo de Quilmes, Dom Carlos Tissera. A missa foi celebrada no s\u00e1bado, 25 de novembro, na Igreja de Deus Pai, em <a href=\"https:\/\/www.nuevoschoenstatt.org.ar\/\" target=\"_blank\" rel=\"noopener\">Novo Schoenstatt, Flor\u00eancio Varela<\/a>. A Eucaristia foi concelebrada por sacerdotes de Schoenstatt e diocesanos.<\/p>\n<p>Na homilia, Dom Tissera destacou:<em> \u201cA fecundidade de nossa vida depende da uni\u00e3o com Cristo. A gl\u00f3ria do Pai \u00e9 que se produzam muitos frutos. A fecundidade do homem glorifica a Deus que, ao cri\u00e1-lo, pediu: &#8216;Sede fecundo&#8217;, e essa fecundidade est\u00e1 muito ligada com a ora\u00e7\u00e3o\u201d.<\/em><\/p>\n<p><em>\u201cA fecundidade da vida n\u00e3o est\u00e1 simplesmente na produ\u00e7\u00e3o, na multiplica\u00e7\u00e3o de trabalhos, no gasto de energia, na soma de planos e projetos, mas na intensidade de seu amor pelo irm\u00e3o\u201d<\/em>, enfatizou.<\/p>\n<p><iframe title=\"Ordenaci\u00f3n Sacerdotal de Lucas Chiappe\" width=\"800\" height=\"450\" src=\"https:\/\/www.youtube.com\/embed\/jiwxVIJivQU?feature=oembed\" frameborder=\"0\" allow=\"accelerometer; autoplay; clipboard-write; encrypted-media; gyroscope; picture-in-picture; web-share\" referrerpolicy=\"strict-origin-when-cross-origin\" allowfullscreen><\/iframe><\/p>\n<h3>Contemplou e compartilhou o amor de Maria<\/h3>\n<p>Dirigindo-se ao ordenando, Dom Tissera disse: <em>\u201cVoc\u00ea ser\u00e1 aquele que presidir\u00e1 a comunidade dos disc\u00edpulos mission\u00e1rios de Jesus, partindo o P\u00e3o da vida; por seus gestos e palavras, voc\u00ea consagrar\u00e1 o Corpo e o Sangue de Cristo para os irm\u00e3os. Nessa escola de amor eucar\u00edstico, o Senhor, o P\u00e3o da Vida, ir\u00e1 te formando sacerdote para o seu povo. Deixa-te amassar por Ele e pelo povo santo de Deus, para ser p\u00e3o de bondade para todos, todos, todos, como insiste o Papa Francisco. Hoje voc\u00ea ser\u00e1 um sacerdote para sempre. Todo de Deus e de seu povo&#8221;.<\/em><\/p>\n<p>Recentemente, o Pe. Lucas trabalhou por alguns meses no Santu\u00e1rio Nacional de Nossa Senhora de Luj\u00e1n, na Argentina. O bispo continuou dizendo:<em> \u201cA m\u00e3o do Senhor te trouxe nesses \u00faltimos tempos \u00e0 casa de Nossa Senhora na Argentina, a Bas\u00edlica de Luj\u00e1n. A Virgenzinha \u00e9 testemunha de todo esse tempo precioso de sua vida; junto a ela, voc\u00ea aprendeu a amar como ela ama. Voc\u00ea contemplou e compartilhou o amor de Maria ao seu povo, e compartilhou as alegrias e tristezas de tantas mulheres e tantos homens que peregrinam ao santu\u00e1rio para serem cobertos pelo manto da M\u00e3e\u201d.<\/em><\/p>\n<p><em><img fetchpriority=\"high\" decoding=\"async\" class=\"aligncenter wp-image-33799 size-large\" src=\"https:\/\/schoenstatt.com\/wp-content\/uploads\/2023\/11\/ordenacion-P-Lucas-Chiappe-argentina-2-1024x769.jpg\" alt=\"\" width=\"840\" height=\"631\" \/><\/em><\/p>\n<h2>Sacerdote e amigo de Deus para os homens<\/h2>\n<p><em>&#8220;Ser\u00e1s sacerdote, o amigo de Deus para os homens, aquele que sabe como ouvir com interesse, falar com oportunidade e seguir cotidianamente a jornada com os outros. Voc\u00ea ser\u00e1 a presen\u00e7a do Senhor entre os irm\u00e3os. Desejo que voc\u00ea seja um homem de Deus, que viva sempre a alegre intimidade do Pai para comunicar Deus incessantemente aos outros, na Palavra, na Eucaristia e na simples presen\u00e7a\u201d<\/em>, disse o bispo.<\/p>\n<p>Finalmente, assinalou:<em> \u201cSer\u00e1s um homem da Igreja, com perfeita fidelidade ao seu mist\u00e9rio, com um imenso afeto pelo seu bispo, seu superior, com uma generosa dedica\u00e7\u00e3o de servi\u00e7o a todo o povo de Deus que lhe foi confiado\u201d.<\/em><\/p>\n<h2>\u201cPermanecei em meu amor\u201d (Jo 15,9)<\/h2>\n<p>Em suas palavras finais, o Pe. Lucas agradeceu a toda a Fam\u00edlia de Schoenstatt dos lugares por onde passou, em especial \u00e0 Fam\u00edlia de San Isidro, pois foi onde teve a gra\u00e7a de conhecer o Santu\u00e1rio, selar a Alian\u00e7a de Amor e descobrir sua voca\u00e7\u00e3o. Tamb\u00e9m mencionou as muitas pessoas que o acompanharam ao longo de seus anos de forma\u00e7\u00e3o.<\/p>\n<p><em>\u201cEm 24 de setembro de 2013, Jesus tocou fortemente meu cora\u00e7\u00e3o. Dois dias depois, enquanto eu estava rezando, respondi sim a esse chamado que senti que ele estava me fazendo para segui-lo como sacerdote, como Padre de Schoenstatt. Durante esses dez anos de forma\u00e7\u00e3o, a Virgem Maria, por meio de muitas pessoas, foi me ensinando a \u2018permanecer em seu amor\u2019, como nos disse Jesus (Jo 15,9), e escolhi isso como lema de minha ordena\u00e7\u00e3o. Conto com vossas ora\u00e7\u00f5es para viver sempre este dom com generosidade e alegria a servi\u00e7o dos demais\u201d<\/em>, escreve o neossacerdote.<\/p>\n<p><img decoding=\"async\" class=\"aligncenter wp-image-33803 size-large\" src=\"https:\/\/schoenstatt.com\/wp-content\/uploads\/2023\/11\/ordenacion-P-Lucas-Chiappe-argentina-711x1024.jpg\" alt=\"\" width=\"711\" height=\"1024\" \/><\/p>\n<p>Ap\u00f3s sua ordena\u00e7\u00e3o, o Pe. Lucas Chiappe presidiu suas primeiras celebra\u00e7\u00f5es no Santu\u00e1rio de Schoenstatt em San Isidro e no Santu\u00e1rio de Los Olmos em Pilar, no domingo, 26 de novembro, e na segunda-feira, 27 de novembro.<\/p>\n<p>Na quinta-feira, 29 de novembro, e no domingo, 3 de dezembro, \u00e0s 19 horas, ele celebrar\u00e1 a Eucaristia na Par\u00f3quia de Santa Rosa de Lima de Bragado e no Santu\u00e1rio de Nossa Senhora de Luj\u00e1n, respectivamente.<\/p>\n<p>Com informa\u00e7\u00f5es de <a href=\"https:\/\/aica.org\/noticia-mons-tissera-ordeno-un-nuevo-sacerdote-para-el-movimiento-de-schoenstatt\" target=\"_blank\" rel=\"noopener\">aica.org<\/a><\/p>\n","protected":false},"excerpt":{"rendered":"<p>Sob o lema \u201cPermanecei em meu amor\u201d (Jo 15,9), o Pe. Lucas Chiappe recebeu sua ordena\u00e7\u00e3o pelas m\u00e3os do Bispo de Quilmes, Dom Carlos Tissera, que o exortou a \u201ccomunicar Deus sem cessar na Palavra, na Eucaristia e na presen\u00e7a\u201d.<\/p>\n","protected":false},"author":3,"featured_media":33795,"comment_status":"closed","ping_status":"closed","sticky":false,"template":"","format":"standard","meta":{"footnotes":""},"categories":[908,869],"tags":[],"class_list":["post-33807","post","type-post","status-publish","format-standard","has-post-thumbnail","hentry","category-comunidades-de-schoenstatt-pt-pt","category-paises-pt-pt"],"yoast_head":"<!-- This site is optimized with the Yoast SEO Premium plugin v27.4 (Yoast SEO v27.5) - https:\/\/yoast.com\/product\/yoast-seo-premium-wordpress\/ -->\n<title>Novo Padre de Schoenstatt: Pe. Lucas Chiappe \u00e9 ordenado sacerdote na Argentina<\/title>\n<meta name=\"description\" content=\"Permanecei em meu amor: Na Argentina, o Padre Lucas Chiappe foi ordenado pelo bispo de Quilmes, Dom Carlos Tissera.\" \/>\n<meta name=\"robots\" content=\"index, follow, max-snippet:-1, max-image-preview:large, max-video-preview:-1\" \/>\n<link rel=\"canonical\" href=\"https:\/\/schoenstatt.com\/pt-pt\/novo-padre-de-schoenstatt-pe-lucas-chiappe-e-ordenado-sacerdote-na-argentina\/\" \/>\n<meta property=\"og:locale\" content=\"pt_PT\" \/>\n<meta property=\"og:type\" content=\"article\" \/>\n<meta property=\"og:title\" content=\"Novo Padre de Schoenstatt: Pe. Lucas Chiappe \u00e9 ordenado sacerdote na Argentina\" \/>\n<meta property=\"og:description\" content=\"Permanecei em meu amor: Na Argentina, o Padre Lucas Chiappe foi ordenado pelo bispo de Quilmes, Dom Carlos Tissera.\" \/>\n<meta property=\"og:url\" content=\"https:\/\/schoenstatt.com\/pt-pt\/novo-padre-de-schoenstatt-pe-lucas-chiappe-e-ordenado-sacerdote-na-argentina\/\" \/>\n<meta property=\"og:site_name\" content=\"Schoenstatt\" \/>\n<meta property=\"article:published_time\" content=\"2023-11-30T13:15:42+00:00\" \/>\n<meta property=\"article:modified_time\" content=\"2025-05-15T23:41:25+00:00\" \/>\n<meta property=\"og:image\" content=\"https:\/\/schoenstatt.com\/wp-content\/uploads\/2023\/11\/ordenacion-P-Lucas-Chiappe-argentina-3-1.png\" \/>\n\t<meta property=\"og:image:width\" content=\"1600\" \/>\n\t<meta property=\"og:image:height\" content=\"902\" \/>\n\t<meta property=\"og:image:type\" content=\"image\/png\" \/>\n<meta name=\"author\" content=\"Karen Bueno\" \/>\n<meta name=\"twitter:card\" content=\"summary_large_image\" \/>\n<meta name=\"twitter:label1\" content=\"Escrito por\" \/>\n\t<meta name=\"twitter:data1\" content=\"Karen Bueno\" \/>\n\t<meta name=\"twitter:label2\" content=\"Tempo estimado de leitura\" \/>\n\t<meta name=\"twitter:data2\" content=\"4 minutos\" \/>\n<script type=\"application\/ld+json\" class=\"yoast-schema-graph\">{\"@context\":\"https:\\\/\\\/schema.org\",\"@graph\":[{\"@type\":\"Article\",\"@id\":\"https:\\\/\\\/schoenstatt.com\\\/pt-pt\\\/novo-padre-de-schoenstatt-pe-lucas-chiappe-e-ordenado-sacerdote-na-argentina\\\/#article\",\"isPartOf\":{\"@id\":\"https:\\\/\\\/schoenstatt.com\\\/pt-pt\\\/novo-padre-de-schoenstatt-pe-lucas-chiappe-e-ordenado-sacerdote-na-argentina\\\/\"},\"author\":{\"name\":\"Karen Bueno\",\"@id\":\"https:\\\/\\\/schoenstatt.com\\\/pt-pt\\\/#\\\/schema\\\/person\\\/5158877ad4acae98b34daaeef2a1ce6e\"},\"headline\":\"Novo Padre de Schoenstatt: Pe. Lucas Chiappe \u00e9 ordenado sacerdote na Argentina\",\"datePublished\":\"2023-11-30T13:15:42+00:00\",\"dateModified\":\"2025-05-15T23:41:25+00:00\",\"mainEntityOfPage\":{\"@id\":\"https:\\\/\\\/schoenstatt.com\\\/pt-pt\\\/novo-padre-de-schoenstatt-pe-lucas-chiappe-e-ordenado-sacerdote-na-argentina\\\/\"},\"wordCount\":743,\"publisher\":{\"@id\":\"https:\\\/\\\/schoenstatt.com\\\/pt-pt\\\/#organization\"},\"image\":{\"@id\":\"https:\\\/\\\/schoenstatt.com\\\/pt-pt\\\/novo-padre-de-schoenstatt-pe-lucas-chiappe-e-ordenado-sacerdote-na-argentina\\\/#primaryimage\"},\"thumbnailUrl\":\"https:\\\/\\\/schoenstatt.com\\\/wp-content\\\/uploads\\\/2023\\\/11\\\/ordenacion-P-Lucas-Chiappe-argentina-3-1.png\",\"articleSection\":[\"Comunidades de Schoenstatt\",\"Pa\u00edses\"],\"inLanguage\":\"pt-PT\"},{\"@type\":\"WebPage\",\"@id\":\"https:\\\/\\\/schoenstatt.com\\\/pt-pt\\\/novo-padre-de-schoenstatt-pe-lucas-chiappe-e-ordenado-sacerdote-na-argentina\\\/\",\"url\":\"https:\\\/\\\/schoenstatt.com\\\/pt-pt\\\/novo-padre-de-schoenstatt-pe-lucas-chiappe-e-ordenado-sacerdote-na-argentina\\\/\",\"name\":\"Novo Padre de Schoenstatt: Pe. Lucas Chiappe \u00e9 ordenado sacerdote na Argentina\",\"isPartOf\":{\"@id\":\"https:\\\/\\\/schoenstatt.com\\\/pt-pt\\\/#website\"},\"primaryImageOfPage\":{\"@id\":\"https:\\\/\\\/schoenstatt.com\\\/pt-pt\\\/novo-padre-de-schoenstatt-pe-lucas-chiappe-e-ordenado-sacerdote-na-argentina\\\/#primaryimage\"},\"image\":{\"@id\":\"https:\\\/\\\/schoenstatt.com\\\/pt-pt\\\/novo-padre-de-schoenstatt-pe-lucas-chiappe-e-ordenado-sacerdote-na-argentina\\\/#primaryimage\"},\"thumbnailUrl\":\"https:\\\/\\\/schoenstatt.com\\\/wp-content\\\/uploads\\\/2023\\\/11\\\/ordenacion-P-Lucas-Chiappe-argentina-3-1.png\",\"datePublished\":\"2023-11-30T13:15:42+00:00\",\"dateModified\":\"2025-05-15T23:41:25+00:00\",\"description\":\"Permanecei em meu amor: Na Argentina, o Padre Lucas Chiappe foi ordenado pelo bispo de Quilmes, Dom Carlos Tissera.\",\"breadcrumb\":{\"@id\":\"https:\\\/\\\/schoenstatt.com\\\/pt-pt\\\/novo-padre-de-schoenstatt-pe-lucas-chiappe-e-ordenado-sacerdote-na-argentina\\\/#breadcrumb\"},\"inLanguage\":\"pt-PT\",\"potentialAction\":[{\"@type\":\"ReadAction\",\"target\":[\"https:\\\/\\\/schoenstatt.com\\\/pt-pt\\\/novo-padre-de-schoenstatt-pe-lucas-chiappe-e-ordenado-sacerdote-na-argentina\\\/\"]}]},{\"@type\":\"ImageObject\",\"inLanguage\":\"pt-PT\",\"@id\":\"https:\\\/\\\/schoenstatt.com\\\/pt-pt\\\/novo-padre-de-schoenstatt-pe-lucas-chiappe-e-ordenado-sacerdote-na-argentina\\\/#primaryimage\",\"url\":\"https:\\\/\\\/schoenstatt.com\\\/wp-content\\\/uploads\\\/2023\\\/11\\\/ordenacion-P-Lucas-Chiappe-argentina-3-1.png\",\"contentUrl\":\"https:\\\/\\\/schoenstatt.com\\\/wp-content\\\/uploads\\\/2023\\\/11\\\/ordenacion-P-Lucas-Chiappe-argentina-3-1.png\",\"width\":1600,\"height\":902},{\"@type\":\"BreadcrumbList\",\"@id\":\"https:\\\/\\\/schoenstatt.com\\\/pt-pt\\\/novo-padre-de-schoenstatt-pe-lucas-chiappe-e-ordenado-sacerdote-na-argentina\\\/#breadcrumb\",\"itemListElement\":[{\"@type\":\"ListItem\",\"position\":1,\"name\":\"Portada\",\"item\":\"https:\\\/\\\/schoenstatt.com\\\/pt-pt\\\/home\\\/\"},{\"@type\":\"ListItem\",\"position\":2,\"name\":\"Novo Padre de Schoenstatt: Pe. Lucas Chiappe \u00e9 ordenado sacerdote na Argentina\"}]},{\"@type\":\"WebSite\",\"@id\":\"https:\\\/\\\/schoenstatt.com\\\/pt-pt\\\/#website\",\"url\":\"https:\\\/\\\/schoenstatt.com\\\/pt-pt\\\/\",\"name\":\"Schoenstatt\",\"description\":\"Apostolic Movement\",\"publisher\":{\"@id\":\"https:\\\/\\\/schoenstatt.com\\\/pt-pt\\\/#organization\"},\"potentialAction\":[{\"@type\":\"SearchAction\",\"target\":{\"@type\":\"EntryPoint\",\"urlTemplate\":\"https:\\\/\\\/schoenstatt.com\\\/pt-pt\\\/?s={search_term_string}\"},\"query-input\":{\"@type\":\"PropertyValueSpecification\",\"valueRequired\":true,\"valueName\":\"search_term_string\"}}],\"inLanguage\":\"pt-PT\"},{\"@type\":\"Organization\",\"@id\":\"https:\\\/\\\/schoenstatt.com\\\/pt-pt\\\/#organization\",\"name\":\"Schoenstatt\",\"url\":\"https:\\\/\\\/schoenstatt.com\\\/pt-pt\\\/\",\"logo\":{\"@type\":\"ImageObject\",\"inLanguage\":\"pt-PT\",\"@id\":\"https:\\\/\\\/schoenstatt.com\\\/pt-pt\\\/#\\\/schema\\\/logo\\\/image\\\/\",\"url\":\"https:\\\/\\\/schoenstatt.com\\\/wp-content\\\/uploads\\\/2025\\\/04\\\/logo-schoenstatt-white-696x696-1.png\",\"contentUrl\":\"https:\\\/\\\/schoenstatt.com\\\/wp-content\\\/uploads\\\/2025\\\/04\\\/logo-schoenstatt-white-696x696-1.png\",\"width\":696,\"height\":694,\"caption\":\"Schoenstatt\"},\"image\":{\"@id\":\"https:\\\/\\\/schoenstatt.com\\\/pt-pt\\\/#\\\/schema\\\/logo\\\/image\\\/\"}},{\"@type\":\"Person\",\"@id\":\"https:\\\/\\\/schoenstatt.com\\\/pt-pt\\\/#\\\/schema\\\/person\\\/5158877ad4acae98b34daaeef2a1ce6e\",\"name\":\"Karen Bueno\",\"image\":{\"@type\":\"ImageObject\",\"inLanguage\":\"pt-PT\",\"@id\":\"https:\\\/\\\/secure.gravatar.com\\\/avatar\\\/f9f4b823873154269d2b2130f195f6d41037dd0d7fc5f3cacb5c846bae70d66b?s=96&d=mm&r=g\",\"url\":\"https:\\\/\\\/secure.gravatar.com\\\/avatar\\\/f9f4b823873154269d2b2130f195f6d41037dd0d7fc5f3cacb5c846bae70d66b?s=96&d=mm&r=g\",\"contentUrl\":\"https:\\\/\\\/secure.gravatar.com\\\/avatar\\\/f9f4b823873154269d2b2130f195f6d41037dd0d7fc5f3cacb5c846bae70d66b?s=96&d=mm&r=g\",\"caption\":\"Karen Bueno\"},\"url\":\"https:\\\/\\\/schoenstatt.com\\\/pt-pt\\\/author\\\/karen-bueno\\\/\"}]}<\/script>\n<!-- \/ Yoast SEO Premium plugin. -->","yoast_head_json":{"title":"Novo Padre de Schoenstatt: Pe. Lucas Chiappe \u00e9 ordenado sacerdote na Argentina","description":"Permanecei em meu amor: Na Argentina, o Padre Lucas Chiappe foi ordenado pelo bispo de Quilmes, Dom Carlos Tissera.","robots":{"index":"index","follow":"follow","max-snippet":"max-snippet:-1","max-image-preview":"max-image-preview:large","max-video-preview":"max-video-preview:-1"},"canonical":"https:\/\/schoenstatt.com\/pt-pt\/novo-padre-de-schoenstatt-pe-lucas-chiappe-e-ordenado-sacerdote-na-argentina\/","og_locale":"pt_PT","og_type":"article","og_title":"Novo Padre de Schoenstatt: Pe. Lucas Chiappe \u00e9 ordenado sacerdote na Argentina","og_description":"Permanecei em meu amor: Na Argentina, o Padre Lucas Chiappe foi ordenado pelo bispo de Quilmes, Dom Carlos Tissera.","og_url":"https:\/\/schoenstatt.com\/pt-pt\/novo-padre-de-schoenstatt-pe-lucas-chiappe-e-ordenado-sacerdote-na-argentina\/","og_site_name":"Schoenstatt","article_published_time":"2023-11-30T13:15:42+00:00","article_modified_time":"2025-05-15T23:41:25+00:00","og_image":[{"width":1600,"height":902,"url":"https:\/\/schoenstatt.com\/wp-content\/uploads\/2023\/11\/ordenacion-P-Lucas-Chiappe-argentina-3-1.png","type":"image\/png"}],"author":"Karen Bueno","twitter_card":"summary_large_image","twitter_misc":{"Escrito por":"Karen Bueno","Tempo estimado de leitura":"4 minutos"},"schema":{"@context":"https:\/\/schema.org","@graph":[{"@type":"Article","@id":"https:\/\/schoenstatt.com\/pt-pt\/novo-padre-de-schoenstatt-pe-lucas-chiappe-e-ordenado-sacerdote-na-argentina\/#article","isPartOf":{"@id":"https:\/\/schoenstatt.com\/pt-pt\/novo-padre-de-schoenstatt-pe-lucas-chiappe-e-ordenado-sacerdote-na-argentina\/"},"author":{"name":"Karen Bueno","@id":"https:\/\/schoenstatt.com\/pt-pt\/#\/schema\/person\/5158877ad4acae98b34daaeef2a1ce6e"},"headline":"Novo Padre de Schoenstatt: Pe. Lucas Chiappe \u00e9 ordenado sacerdote na Argentina","datePublished":"2023-11-30T13:15:42+00:00","dateModified":"2025-05-15T23:41:25+00:00","mainEntityOfPage":{"@id":"https:\/\/schoenstatt.com\/pt-pt\/novo-padre-de-schoenstatt-pe-lucas-chiappe-e-ordenado-sacerdote-na-argentina\/"},"wordCount":743,"publisher":{"@id":"https:\/\/schoenstatt.com\/pt-pt\/#organization"},"image":{"@id":"https:\/\/schoenstatt.com\/pt-pt\/novo-padre-de-schoenstatt-pe-lucas-chiappe-e-ordenado-sacerdote-na-argentina\/#primaryimage"},"thumbnailUrl":"https:\/\/schoenstatt.com\/wp-content\/uploads\/2023\/11\/ordenacion-P-Lucas-Chiappe-argentina-3-1.png","articleSection":["Comunidades de Schoenstatt","Pa\u00edses"],"inLanguage":"pt-PT"},{"@type":"WebPage","@id":"https:\/\/schoenstatt.com\/pt-pt\/novo-padre-de-schoenstatt-pe-lucas-chiappe-e-ordenado-sacerdote-na-argentina\/","url":"https:\/\/schoenstatt.com\/pt-pt\/novo-padre-de-schoenstatt-pe-lucas-chiappe-e-ordenado-sacerdote-na-argentina\/","name":"Novo Padre de Schoenstatt: Pe. Lucas Chiappe \u00e9 ordenado sacerdote na Argentina","isPartOf":{"@id":"https:\/\/schoenstatt.com\/pt-pt\/#website"},"primaryImageOfPage":{"@id":"https:\/\/schoenstatt.com\/pt-pt\/novo-padre-de-schoenstatt-pe-lucas-chiappe-e-ordenado-sacerdote-na-argentina\/#primaryimage"},"image":{"@id":"https:\/\/schoenstatt.com\/pt-pt\/novo-padre-de-schoenstatt-pe-lucas-chiappe-e-ordenado-sacerdote-na-argentina\/#primaryimage"},"thumbnailUrl":"https:\/\/schoenstatt.com\/wp-content\/uploads\/2023\/11\/ordenacion-P-Lucas-Chiappe-argentina-3-1.png","datePublished":"2023-11-30T13:15:42+00:00","dateModified":"2025-05-15T23:41:25+00:00","description":"Permanecei em meu amor: Na Argentina, o Padre Lucas Chiappe foi ordenado pelo bispo de Quilmes, Dom Carlos Tissera.","breadcrumb":{"@id":"https:\/\/schoenstatt.com\/pt-pt\/novo-padre-de-schoenstatt-pe-lucas-chiappe-e-ordenado-sacerdote-na-argentina\/#breadcrumb"},"inLanguage":"pt-PT","potentialAction":[{"@type":"ReadAction","target":["https:\/\/schoenstatt.com\/pt-pt\/novo-padre-de-schoenstatt-pe-lucas-chiappe-e-ordenado-sacerdote-na-argentina\/"]}]},{"@type":"ImageObject","inLanguage":"pt-PT","@id":"https:\/\/schoenstatt.com\/pt-pt\/novo-padre-de-schoenstatt-pe-lucas-chiappe-e-ordenado-sacerdote-na-argentina\/#primaryimage","url":"https:\/\/schoenstatt.com\/wp-content\/uploads\/2023\/11\/ordenacion-P-Lucas-Chiappe-argentina-3-1.png","contentUrl":"https:\/\/schoenstatt.com\/wp-content\/uploads\/2023\/11\/ordenacion-P-Lucas-Chiappe-argentina-3-1.png","width":1600,"height":902},{"@type":"BreadcrumbList","@id":"https:\/\/schoenstatt.com\/pt-pt\/novo-padre-de-schoenstatt-pe-lucas-chiappe-e-ordenado-sacerdote-na-argentina\/#breadcrumb","itemListElement":[{"@type":"ListItem","position":1,"name":"Portada","item":"https:\/\/schoenstatt.com\/pt-pt\/home\/"},{"@type":"ListItem","position":2,"name":"Novo Padre de Schoenstatt: Pe. Lucas Chiappe \u00e9 ordenado sacerdote na Argentina"}]},{"@type":"WebSite","@id":"https:\/\/schoenstatt.com\/pt-pt\/#website","url":"https:\/\/schoenstatt.com\/pt-pt\/","name":"Schoenstatt","description":"Apostolic Movement","publisher":{"@id":"https:\/\/schoenstatt.com\/pt-pt\/#organization"},"potentialAction":[{"@type":"SearchAction","target":{"@type":"EntryPoint","urlTemplate":"https:\/\/schoenstatt.com\/pt-pt\/?s={search_term_string}"},"query-input":{"@type":"PropertyValueSpecification","valueRequired":true,"valueName":"search_term_string"}}],"inLanguage":"pt-PT"},{"@type":"Organization","@id":"https:\/\/schoenstatt.com\/pt-pt\/#organization","name":"Schoenstatt","url":"https:\/\/schoenstatt.com\/pt-pt\/","logo":{"@type":"ImageObject","inLanguage":"pt-PT","@id":"https:\/\/schoenstatt.com\/pt-pt\/#\/schema\/logo\/image\/","url":"https:\/\/schoenstatt.com\/wp-content\/uploads\/2025\/04\/logo-schoenstatt-white-696x696-1.png","contentUrl":"https:\/\/schoenstatt.com\/wp-content\/uploads\/2025\/04\/logo-schoenstatt-white-696x696-1.png","width":696,"height":694,"caption":"Schoenstatt"},"image":{"@id":"https:\/\/schoenstatt.com\/pt-pt\/#\/schema\/logo\/image\/"}},{"@type":"Person","@id":"https:\/\/schoenstatt.com\/pt-pt\/#\/schema\/person\/5158877ad4acae98b34daaeef2a1ce6e","name":"Karen Bueno","image":{"@type":"ImageObject","inLanguage":"pt-PT","@id":"https:\/\/secure.gravatar.com\/avatar\/f9f4b823873154269d2b2130f195f6d41037dd0d7fc5f3cacb5c846bae70d66b?s=96&d=mm&r=g","url":"https:\/\/secure.gravatar.com\/avatar\/f9f4b823873154269d2b2130f195f6d41037dd0d7fc5f3cacb5c846bae70d66b?s=96&d=mm&r=g","contentUrl":"https:\/\/secure.gravatar.com\/avatar\/f9f4b823873154269d2b2130f195f6d41037dd0d7fc5f3cacb5c846bae70d66b?s=96&d=mm&r=g","caption":"Karen Bueno"},"url":"https:\/\/schoenstatt.com\/pt-pt\/author\/karen-bueno\/"}]}},"_links":{"self":[{"href":"https:\/\/schoenstatt.com\/pt-pt\/wp-json\/wp\/v2\/posts\/33807","targetHints":{"allow":["GET"]}}],"collection":[{"href":"https:\/\/schoenstatt.com\/pt-pt\/wp-json\/wp\/v2\/posts"}],"about":[{"href":"https:\/\/schoenstatt.com\/pt-pt\/wp-json\/wp\/v2\/types\/post"}],"author":[{"embeddable":true,"href":"https:\/\/schoenstatt.com\/pt-pt\/wp-json\/wp\/v2\/users\/3"}],"replies":[{"embeddable":true,"href":"https:\/\/schoenstatt.com\/pt-pt\/wp-json\/wp\/v2\/comments?post=33807"}],"version-history":[{"count":1,"href":"https:\/\/schoenstatt.com\/pt-pt\/wp-json\/wp\/v2\/posts\/33807\/revisions"}],"predecessor-version":[{"id":46506,"href":"https:\/\/schoenstatt.com\/pt-pt\/wp-json\/wp\/v2\/posts\/33807\/revisions\/46506"}],"wp:featuredmedia":[{"embeddable":true,"href":"https:\/\/schoenstatt.com\/pt-pt\/wp-json\/wp\/v2\/media\/33795"}],"wp:attachment":[{"href":"https:\/\/schoenstatt.com\/pt-pt\/wp-json\/wp\/v2\/media?parent=33807"}],"wp:term":[{"taxonomy":"category","embeddable":true,"href":"https:\/\/schoenstatt.com\/pt-pt\/wp-json\/wp\/v2\/categories?post=33807"},{"taxonomy":"post_tag","embeddable":true,"href":"https:\/\/schoenstatt.com\/pt-pt\/wp-json\/wp\/v2\/tags?post=33807"}],"curies":[{"name":"wp","href":"https:\/\/api.w.org\/{rel}","templated":true}]}}