{"id":33764,"date":"2023-11-29T06:34:49","date_gmt":"2023-11-29T05:34:49","guid":{"rendered":"https:\/\/schoenstatt.com\/espiritualidade\/una-invitacion-a-toda-la-familia-de-schoenstatt-75-anos-del-31-de-mayo\/"},"modified":"2025-05-16T01:41:26","modified_gmt":"2025-05-15T23:41:26","slug":"um-convite-a-toda-familia-de-schoenstatt-75-anos-do-31-de-maio","status":"publish","type":"post","link":"https:\/\/schoenstatt.com\/pt-pt\/um-convite-a-toda-familia-de-schoenstatt-75-anos-do-31-de-maio\/","title":{"rendered":"Um convite a toda Fam\u00edlia de Schoenstatt: 75 anos do 31 de Maio"},"content":{"rendered":"<p>A Fam\u00edlia de Schoenstatt do Chile faz uma grande convoca\u00e7\u00e3o para convidar todos os schoenstattianos do mundo a peregrinar ao <a href=\"http:\/\/www.schoenstatt.cl\/la-florida-santuario-cenaculo-de-bellavista\/prontus_schoenstatt\/2018-04-06\/101407.html\" target=\"_blank\" rel=\"noopener\">Santu\u00e1rio de Bellavista<\/a> no pr\u00f3ximo ano, para celebrar o jubileu de 75 anos da miss\u00e3o do \u201c31 de Maio\u201d.<\/p>\n<p>Em 2024 completam-se 75 anos do Terceiro Marco da hist\u00f3ria de nosso Movimento. Naquele 31 de maio de 1949, implorando as gra\u00e7as de Pentecostes, o Pe. Kentenich confiou \u201ca miss\u00e3o de Schoenstatt\u201d \u00e0 M\u00e3e de Deus, o desejo de que nosso carisma se abrisse \u00e0 Igreja com toda a sua riqueza, presenteando a todos a Alian\u00e7a de Amor com Maria, que nos ajuda a unir vitalmente o natural com o sobrenatural na vida cotidiana.<\/p>\n<p>Em agradecimento por toda a vida e a corrente mission\u00e1ria que surgiu desde esse momento da hist\u00f3ria de Schoenstatt, a Fam\u00edlia do Chile convida para <strong>uma grande celebra\u00e7\u00e3o internacional nos dias 31 de maio, 1 e 2 de junho de 2024<\/strong>, aberta a todos os peregrinos do Chile e do mundo, para que possam fazer parte desta celebra\u00e7\u00e3o jubilar.<\/p>\n<h2><img fetchpriority=\"high\" decoding=\"async\" class=\"aligncenter wp-image-33760 size-large\" src=\"https:\/\/schoenstatt.com\/wp-content\/uploads\/2023\/11\/santuario-de-bellavista-chile-2-1024x771.jpg\" alt=\"\" width=\"840\" height=\"632\"><\/h2>\n<h2>O s\u00edmbolo ser\u00e1 a Cruz da Unidade<\/h2>\n<p>O Jubileu j\u00e1 tem uma imagem como logo: a Cruz da Unidade. Ela simboliza a miss\u00e3o de Schoenstatt, que \u00e9 a miss\u00e3o dos v\u00ednculos, a uni\u00e3o de Cristo com Maria no natural e no sobrenatural.<\/p>\n<p>No logotipo do Jubileu, a cruz tem as cores do fogo, por causa do Cen\u00e1culo que se abre para o mundo. No centro est\u00e1 o Santu\u00e1rio, a chama do Esp\u00edrito Santo e o c\u00e1lice que \u00e9 segurado por Maria, que recebe toda as nossas contribui\u00e7\u00f5es para o Capital de Gra\u00e7as.<\/p>\n<p>A Cruz da Unidade, tradicional s\u00edmbolo do Santu\u00e1rio de Bellavista, <a href=\"https:\/\/schoenstatt.com\/pt-pt\/comunidades-de-schoenstatt-pt\/o-roubo-da-cruz-da-unidade\/\">foi roubada<\/a> h\u00e1 alguns meses e ser\u00e1 entronizada novamente no pr\u00f3ximo ano durante a celebra\u00e7\u00e3o do Jubileu.<\/p>\n<h2>&#8220;Seguimos um no outro&#8221;<\/h2>\n<p>O Jubileu tamb\u00e9m tem um lema: \u201cSeguimos um no outro\u201d.<\/p>\n<p>Em 31 de maio de 1949, em sua palestra no Santu\u00e1rio de Bellavista, o Padre Kentenich falou sobre o fato de que somos uma Fam\u00edlia e que pertencemos uns aos outros, agora e na eternidade. Ele nos disse: <em>\u201cA M\u00e3e de Deus nos entregou uns aos outros, queremos permanecer mutuamente fi\u00e9is: um no outro, um com o outro, um para o outro, no cora\u00e7\u00e3o de Deus\u201d.<\/em><\/p>\n<p>Isso tamb\u00e9m faz parte de nossa miss\u00e3o, e \u00e9 por isso que o lema do Jubileu quer nos animar a caminhar juntos na mesma dire\u00e7\u00e3o.<\/p>\n<h3>Em breve mais informa\u00e7\u00f5es<\/h3>\n<p>Uma p\u00e1gina web com mais informa\u00e7\u00f5es sobre o Jubileu e novas informa\u00e7\u00f5es ser\u00e1 lan\u00e7ada em breve, em uma data posterior &#8211; fique atento \u00e0s <a href=\"https:\/\/www.instagram.com\/schoenstattchile?igshid=MzMyNGUyNmU2YQ%3D%3D\" target=\"_blank\" rel=\"noopener\">redes sociais de Schoenstatt Chile<\/a> e participe!<\/p>\n<p><strong>&#8211; Baixe aqui:<\/strong>&nbsp;<a class=\"fasc-button fasc-size-medium fasc-type-flat fasc-style-bold\" style=\"background-color: #051d87; color: #ffffff;\" target=\"_blank\" rel=\"noopener\" href=\"https:\/\/schoenstatt.com\/wp-content\/uploads\/2023\/11\/PT-Convocatoria-Jubileo-75-anos-31-de-mayo.pdf\">Carta de convoca\u00e7\u00e3o para o Jubileu PDF&nbsp;<\/a><\/p>\n","protected":false},"excerpt":{"rendered":"<p>Em 2024 celebraremos 75 anos do \u201c31 de Maio\u201d. Para isso, o Chile convida todos os schoenstattianos do mundo a celebrar o jubileu, em uma peregrina\u00e7\u00e3o a Santiago, ao Santu\u00e1rio Cen\u00e1culo, ou \u00e0 dist\u00e2ncia, em seus pa\u00edses. Todos est\u00e3o convidados a fazer parte desta grande celebra\u00e7\u00e3o!<\/p>\n","protected":false},"author":3,"featured_media":33752,"comment_status":"closed","ping_status":"closed","sticky":false,"template":"","format":"standard","meta":{"footnotes":""},"categories":[636,869],"tags":[],"class_list":["post-33764","post","type-post","status-publish","format-standard","has-post-thumbnail","hentry","category-eventos-pt-pt","category-paises-pt-pt"],"yoast_head":"<!-- This site is optimized with the Yoast SEO Premium plugin v27.4 (Yoast SEO v27.4) - https:\/\/yoast.com\/product\/yoast-seo-premium-wordpress\/ -->\n<title>Um convite a toda Fam\u00edlia de Schoenstatt: 75 anos do 31 de Maio<\/title>\n<meta name=\"description\" content=\"Em 2024, celebraremos os 75 anos do \u201c31 de Maio\u201d. Para isso, todos est\u00e3o convidados para uma peregrina\u00e7\u00e3o a Santiago do Chile.\" \/>\n<meta name=\"robots\" content=\"index, follow, max-snippet:-1, max-image-preview:large, max-video-preview:-1\" \/>\n<link rel=\"canonical\" href=\"https:\/\/schoenstatt.com\/pt-pt\/um-convite-a-toda-familia-de-schoenstatt-75-anos-do-31-de-maio\/\" \/>\n<meta property=\"og:locale\" content=\"pt_PT\" \/>\n<meta property=\"og:type\" content=\"article\" \/>\n<meta property=\"og:title\" content=\"Um convite a toda Fam\u00edlia de Schoenstatt: 75 anos do 31 de Maio\" \/>\n<meta property=\"og:description\" content=\"Em 2024, celebraremos os 75 anos do \u201c31 de Maio\u201d. Para isso, todos est\u00e3o convidados para uma peregrina\u00e7\u00e3o a Santiago do Chile.\" \/>\n<meta property=\"og:url\" content=\"https:\/\/schoenstatt.com\/pt-pt\/um-convite-a-toda-familia-de-schoenstatt-75-anos-do-31-de-maio\/\" \/>\n<meta property=\"og:site_name\" content=\"Schoenstatt\" \/>\n<meta property=\"article:published_time\" content=\"2023-11-29T05:34:49+00:00\" \/>\n<meta property=\"article:modified_time\" content=\"2025-05-15T23:41:26+00:00\" \/>\n<meta property=\"og:image\" content=\"https:\/\/schoenstatt.com\/wp-content\/uploads\/2023\/11\/jubileu-31-de-mayo-2024-logo-1.jpg\" \/>\n\t<meta property=\"og:image:width\" content=\"2048\" \/>\n\t<meta property=\"og:image:height\" content=\"1065\" \/>\n\t<meta property=\"og:image:type\" content=\"image\/jpeg\" \/>\n<meta name=\"author\" content=\"Karen Bueno\" \/>\n<meta name=\"twitter:card\" content=\"summary_large_image\" \/>\n<meta name=\"twitter:label1\" content=\"Escrito por\" \/>\n\t<meta name=\"twitter:data1\" content=\"Karen Bueno\" \/>\n\t<meta name=\"twitter:label2\" content=\"Tempo estimado de leitura\" \/>\n\t<meta name=\"twitter:data2\" content=\"3 minutos\" \/>\n<script type=\"application\/ld+json\" class=\"yoast-schema-graph\">{\"@context\":\"https:\\\/\\\/schema.org\",\"@graph\":[{\"@type\":\"Article\",\"@id\":\"https:\\\/\\\/schoenstatt.com\\\/pt-pt\\\/um-convite-a-toda-familia-de-schoenstatt-75-anos-do-31-de-maio\\\/#article\",\"isPartOf\":{\"@id\":\"https:\\\/\\\/schoenstatt.com\\\/pt-pt\\\/um-convite-a-toda-familia-de-schoenstatt-75-anos-do-31-de-maio\\\/\"},\"author\":{\"name\":\"Karen Bueno\",\"@id\":\"https:\\\/\\\/schoenstatt.com\\\/pt-pt\\\/#\\\/schema\\\/person\\\/5158877ad4acae98b34daaeef2a1ce6e\"},\"headline\":\"Um convite a toda Fam\u00edlia de Schoenstatt: 75 anos do 31 de Maio\",\"datePublished\":\"2023-11-29T05:34:49+00:00\",\"dateModified\":\"2025-05-15T23:41:26+00:00\",\"mainEntityOfPage\":{\"@id\":\"https:\\\/\\\/schoenstatt.com\\\/pt-pt\\\/um-convite-a-toda-familia-de-schoenstatt-75-anos-do-31-de-maio\\\/\"},\"wordCount\":483,\"publisher\":{\"@id\":\"https:\\\/\\\/schoenstatt.com\\\/pt-pt\\\/#organization\"},\"image\":{\"@id\":\"https:\\\/\\\/schoenstatt.com\\\/pt-pt\\\/um-convite-a-toda-familia-de-schoenstatt-75-anos-do-31-de-maio\\\/#primaryimage\"},\"thumbnailUrl\":\"https:\\\/\\\/schoenstatt.com\\\/wp-content\\\/uploads\\\/2023\\\/11\\\/jubileu-31-de-mayo-2024-logo-1.jpg\",\"articleSection\":[\"Eventos\",\"Pa\u00edses\"],\"inLanguage\":\"pt-PT\"},{\"@type\":\"WebPage\",\"@id\":\"https:\\\/\\\/schoenstatt.com\\\/pt-pt\\\/um-convite-a-toda-familia-de-schoenstatt-75-anos-do-31-de-maio\\\/\",\"url\":\"https:\\\/\\\/schoenstatt.com\\\/pt-pt\\\/um-convite-a-toda-familia-de-schoenstatt-75-anos-do-31-de-maio\\\/\",\"name\":\"Um convite a toda Fam\u00edlia de Schoenstatt: 75 anos do 31 de Maio\",\"isPartOf\":{\"@id\":\"https:\\\/\\\/schoenstatt.com\\\/pt-pt\\\/#website\"},\"primaryImageOfPage\":{\"@id\":\"https:\\\/\\\/schoenstatt.com\\\/pt-pt\\\/um-convite-a-toda-familia-de-schoenstatt-75-anos-do-31-de-maio\\\/#primaryimage\"},\"image\":{\"@id\":\"https:\\\/\\\/schoenstatt.com\\\/pt-pt\\\/um-convite-a-toda-familia-de-schoenstatt-75-anos-do-31-de-maio\\\/#primaryimage\"},\"thumbnailUrl\":\"https:\\\/\\\/schoenstatt.com\\\/wp-content\\\/uploads\\\/2023\\\/11\\\/jubileu-31-de-mayo-2024-logo-1.jpg\",\"datePublished\":\"2023-11-29T05:34:49+00:00\",\"dateModified\":\"2025-05-15T23:41:26+00:00\",\"description\":\"Em 2024, celebraremos os 75 anos do \u201c31 de Maio\u201d. Para isso, todos est\u00e3o convidados para uma peregrina\u00e7\u00e3o a Santiago do Chile.\",\"breadcrumb\":{\"@id\":\"https:\\\/\\\/schoenstatt.com\\\/pt-pt\\\/um-convite-a-toda-familia-de-schoenstatt-75-anos-do-31-de-maio\\\/#breadcrumb\"},\"inLanguage\":\"pt-PT\",\"potentialAction\":[{\"@type\":\"ReadAction\",\"target\":[\"https:\\\/\\\/schoenstatt.com\\\/pt-pt\\\/um-convite-a-toda-familia-de-schoenstatt-75-anos-do-31-de-maio\\\/\"]}]},{\"@type\":\"ImageObject\",\"inLanguage\":\"pt-PT\",\"@id\":\"https:\\\/\\\/schoenstatt.com\\\/pt-pt\\\/um-convite-a-toda-familia-de-schoenstatt-75-anos-do-31-de-maio\\\/#primaryimage\",\"url\":\"https:\\\/\\\/schoenstatt.com\\\/wp-content\\\/uploads\\\/2023\\\/11\\\/jubileu-31-de-mayo-2024-logo-1.jpg\",\"contentUrl\":\"https:\\\/\\\/schoenstatt.com\\\/wp-content\\\/uploads\\\/2023\\\/11\\\/jubileu-31-de-mayo-2024-logo-1.jpg\",\"width\":2048,\"height\":1065},{\"@type\":\"BreadcrumbList\",\"@id\":\"https:\\\/\\\/schoenstatt.com\\\/pt-pt\\\/um-convite-a-toda-familia-de-schoenstatt-75-anos-do-31-de-maio\\\/#breadcrumb\",\"itemListElement\":[{\"@type\":\"ListItem\",\"position\":1,\"name\":\"Portada\",\"item\":\"https:\\\/\\\/schoenstatt.com\\\/pt-pt\\\/home\\\/\"},{\"@type\":\"ListItem\",\"position\":2,\"name\":\"Um convite a toda Fam\u00edlia de Schoenstatt: 75 anos do 31 de Maio\"}]},{\"@type\":\"WebSite\",\"@id\":\"https:\\\/\\\/schoenstatt.com\\\/pt-pt\\\/#website\",\"url\":\"https:\\\/\\\/schoenstatt.com\\\/pt-pt\\\/\",\"name\":\"Schoenstatt\",\"description\":\"Apostolic Movement\",\"publisher\":{\"@id\":\"https:\\\/\\\/schoenstatt.com\\\/pt-pt\\\/#organization\"},\"potentialAction\":[{\"@type\":\"SearchAction\",\"target\":{\"@type\":\"EntryPoint\",\"urlTemplate\":\"https:\\\/\\\/schoenstatt.com\\\/pt-pt\\\/?s={search_term_string}\"},\"query-input\":{\"@type\":\"PropertyValueSpecification\",\"valueRequired\":true,\"valueName\":\"search_term_string\"}}],\"inLanguage\":\"pt-PT\"},{\"@type\":\"Organization\",\"@id\":\"https:\\\/\\\/schoenstatt.com\\\/pt-pt\\\/#organization\",\"name\":\"Schoenstatt\",\"url\":\"https:\\\/\\\/schoenstatt.com\\\/pt-pt\\\/\",\"logo\":{\"@type\":\"ImageObject\",\"inLanguage\":\"pt-PT\",\"@id\":\"https:\\\/\\\/schoenstatt.com\\\/pt-pt\\\/#\\\/schema\\\/logo\\\/image\\\/\",\"url\":\"https:\\\/\\\/schoenstatt.com\\\/wp-content\\\/uploads\\\/2025\\\/04\\\/logo-schoenstatt-white-696x696-1.png\",\"contentUrl\":\"https:\\\/\\\/schoenstatt.com\\\/wp-content\\\/uploads\\\/2025\\\/04\\\/logo-schoenstatt-white-696x696-1.png\",\"width\":696,\"height\":694,\"caption\":\"Schoenstatt\"},\"image\":{\"@id\":\"https:\\\/\\\/schoenstatt.com\\\/pt-pt\\\/#\\\/schema\\\/logo\\\/image\\\/\"}},{\"@type\":\"Person\",\"@id\":\"https:\\\/\\\/schoenstatt.com\\\/pt-pt\\\/#\\\/schema\\\/person\\\/5158877ad4acae98b34daaeef2a1ce6e\",\"name\":\"Karen Bueno\",\"image\":{\"@type\":\"ImageObject\",\"inLanguage\":\"pt-PT\",\"@id\":\"https:\\\/\\\/secure.gravatar.com\\\/avatar\\\/f9f4b823873154269d2b2130f195f6d41037dd0d7fc5f3cacb5c846bae70d66b?s=96&d=mm&r=g\",\"url\":\"https:\\\/\\\/secure.gravatar.com\\\/avatar\\\/f9f4b823873154269d2b2130f195f6d41037dd0d7fc5f3cacb5c846bae70d66b?s=96&d=mm&r=g\",\"contentUrl\":\"https:\\\/\\\/secure.gravatar.com\\\/avatar\\\/f9f4b823873154269d2b2130f195f6d41037dd0d7fc5f3cacb5c846bae70d66b?s=96&d=mm&r=g\",\"caption\":\"Karen Bueno\"},\"url\":\"https:\\\/\\\/schoenstatt.com\\\/pt-pt\\\/author\\\/karen-bueno\\\/\"}]}<\/script>\n<!-- \/ Yoast SEO Premium plugin. -->","yoast_head_json":{"title":"Um convite a toda Fam\u00edlia de Schoenstatt: 75 anos do 31 de Maio","description":"Em 2024, celebraremos os 75 anos do \u201c31 de Maio\u201d. Para isso, todos est\u00e3o convidados para uma peregrina\u00e7\u00e3o a Santiago do Chile.","robots":{"index":"index","follow":"follow","max-snippet":"max-snippet:-1","max-image-preview":"max-image-preview:large","max-video-preview":"max-video-preview:-1"},"canonical":"https:\/\/schoenstatt.com\/pt-pt\/um-convite-a-toda-familia-de-schoenstatt-75-anos-do-31-de-maio\/","og_locale":"pt_PT","og_type":"article","og_title":"Um convite a toda Fam\u00edlia de Schoenstatt: 75 anos do 31 de Maio","og_description":"Em 2024, celebraremos os 75 anos do \u201c31 de Maio\u201d. Para isso, todos est\u00e3o convidados para uma peregrina\u00e7\u00e3o a Santiago do Chile.","og_url":"https:\/\/schoenstatt.com\/pt-pt\/um-convite-a-toda-familia-de-schoenstatt-75-anos-do-31-de-maio\/","og_site_name":"Schoenstatt","article_published_time":"2023-11-29T05:34:49+00:00","article_modified_time":"2025-05-15T23:41:26+00:00","og_image":[{"width":2048,"height":1065,"url":"https:\/\/schoenstatt.com\/wp-content\/uploads\/2023\/11\/jubileu-31-de-mayo-2024-logo-1.jpg","type":"image\/jpeg"}],"author":"Karen Bueno","twitter_card":"summary_large_image","twitter_misc":{"Escrito por":"Karen Bueno","Tempo estimado de leitura":"3 minutos"},"schema":{"@context":"https:\/\/schema.org","@graph":[{"@type":"Article","@id":"https:\/\/schoenstatt.com\/pt-pt\/um-convite-a-toda-familia-de-schoenstatt-75-anos-do-31-de-maio\/#article","isPartOf":{"@id":"https:\/\/schoenstatt.com\/pt-pt\/um-convite-a-toda-familia-de-schoenstatt-75-anos-do-31-de-maio\/"},"author":{"name":"Karen Bueno","@id":"https:\/\/schoenstatt.com\/pt-pt\/#\/schema\/person\/5158877ad4acae98b34daaeef2a1ce6e"},"headline":"Um convite a toda Fam\u00edlia de Schoenstatt: 75 anos do 31 de Maio","datePublished":"2023-11-29T05:34:49+00:00","dateModified":"2025-05-15T23:41:26+00:00","mainEntityOfPage":{"@id":"https:\/\/schoenstatt.com\/pt-pt\/um-convite-a-toda-familia-de-schoenstatt-75-anos-do-31-de-maio\/"},"wordCount":483,"publisher":{"@id":"https:\/\/schoenstatt.com\/pt-pt\/#organization"},"image":{"@id":"https:\/\/schoenstatt.com\/pt-pt\/um-convite-a-toda-familia-de-schoenstatt-75-anos-do-31-de-maio\/#primaryimage"},"thumbnailUrl":"https:\/\/schoenstatt.com\/wp-content\/uploads\/2023\/11\/jubileu-31-de-mayo-2024-logo-1.jpg","articleSection":["Eventos","Pa\u00edses"],"inLanguage":"pt-PT"},{"@type":"WebPage","@id":"https:\/\/schoenstatt.com\/pt-pt\/um-convite-a-toda-familia-de-schoenstatt-75-anos-do-31-de-maio\/","url":"https:\/\/schoenstatt.com\/pt-pt\/um-convite-a-toda-familia-de-schoenstatt-75-anos-do-31-de-maio\/","name":"Um convite a toda Fam\u00edlia de Schoenstatt: 75 anos do 31 de Maio","isPartOf":{"@id":"https:\/\/schoenstatt.com\/pt-pt\/#website"},"primaryImageOfPage":{"@id":"https:\/\/schoenstatt.com\/pt-pt\/um-convite-a-toda-familia-de-schoenstatt-75-anos-do-31-de-maio\/#primaryimage"},"image":{"@id":"https:\/\/schoenstatt.com\/pt-pt\/um-convite-a-toda-familia-de-schoenstatt-75-anos-do-31-de-maio\/#primaryimage"},"thumbnailUrl":"https:\/\/schoenstatt.com\/wp-content\/uploads\/2023\/11\/jubileu-31-de-mayo-2024-logo-1.jpg","datePublished":"2023-11-29T05:34:49+00:00","dateModified":"2025-05-15T23:41:26+00:00","description":"Em 2024, celebraremos os 75 anos do \u201c31 de Maio\u201d. Para isso, todos est\u00e3o convidados para uma peregrina\u00e7\u00e3o a Santiago do Chile.","breadcrumb":{"@id":"https:\/\/schoenstatt.com\/pt-pt\/um-convite-a-toda-familia-de-schoenstatt-75-anos-do-31-de-maio\/#breadcrumb"},"inLanguage":"pt-PT","potentialAction":[{"@type":"ReadAction","target":["https:\/\/schoenstatt.com\/pt-pt\/um-convite-a-toda-familia-de-schoenstatt-75-anos-do-31-de-maio\/"]}]},{"@type":"ImageObject","inLanguage":"pt-PT","@id":"https:\/\/schoenstatt.com\/pt-pt\/um-convite-a-toda-familia-de-schoenstatt-75-anos-do-31-de-maio\/#primaryimage","url":"https:\/\/schoenstatt.com\/wp-content\/uploads\/2023\/11\/jubileu-31-de-mayo-2024-logo-1.jpg","contentUrl":"https:\/\/schoenstatt.com\/wp-content\/uploads\/2023\/11\/jubileu-31-de-mayo-2024-logo-1.jpg","width":2048,"height":1065},{"@type":"BreadcrumbList","@id":"https:\/\/schoenstatt.com\/pt-pt\/um-convite-a-toda-familia-de-schoenstatt-75-anos-do-31-de-maio\/#breadcrumb","itemListElement":[{"@type":"ListItem","position":1,"name":"Portada","item":"https:\/\/schoenstatt.com\/pt-pt\/home\/"},{"@type":"ListItem","position":2,"name":"Um convite a toda Fam\u00edlia de Schoenstatt: 75 anos do 31 de Maio"}]},{"@type":"WebSite","@id":"https:\/\/schoenstatt.com\/pt-pt\/#website","url":"https:\/\/schoenstatt.com\/pt-pt\/","name":"Schoenstatt","description":"Apostolic Movement","publisher":{"@id":"https:\/\/schoenstatt.com\/pt-pt\/#organization"},"potentialAction":[{"@type":"SearchAction","target":{"@type":"EntryPoint","urlTemplate":"https:\/\/schoenstatt.com\/pt-pt\/?s={search_term_string}"},"query-input":{"@type":"PropertyValueSpecification","valueRequired":true,"valueName":"search_term_string"}}],"inLanguage":"pt-PT"},{"@type":"Organization","@id":"https:\/\/schoenstatt.com\/pt-pt\/#organization","name":"Schoenstatt","url":"https:\/\/schoenstatt.com\/pt-pt\/","logo":{"@type":"ImageObject","inLanguage":"pt-PT","@id":"https:\/\/schoenstatt.com\/pt-pt\/#\/schema\/logo\/image\/","url":"https:\/\/schoenstatt.com\/wp-content\/uploads\/2025\/04\/logo-schoenstatt-white-696x696-1.png","contentUrl":"https:\/\/schoenstatt.com\/wp-content\/uploads\/2025\/04\/logo-schoenstatt-white-696x696-1.png","width":696,"height":694,"caption":"Schoenstatt"},"image":{"@id":"https:\/\/schoenstatt.com\/pt-pt\/#\/schema\/logo\/image\/"}},{"@type":"Person","@id":"https:\/\/schoenstatt.com\/pt-pt\/#\/schema\/person\/5158877ad4acae98b34daaeef2a1ce6e","name":"Karen Bueno","image":{"@type":"ImageObject","inLanguage":"pt-PT","@id":"https:\/\/secure.gravatar.com\/avatar\/f9f4b823873154269d2b2130f195f6d41037dd0d7fc5f3cacb5c846bae70d66b?s=96&d=mm&r=g","url":"https:\/\/secure.gravatar.com\/avatar\/f9f4b823873154269d2b2130f195f6d41037dd0d7fc5f3cacb5c846bae70d66b?s=96&d=mm&r=g","contentUrl":"https:\/\/secure.gravatar.com\/avatar\/f9f4b823873154269d2b2130f195f6d41037dd0d7fc5f3cacb5c846bae70d66b?s=96&d=mm&r=g","caption":"Karen Bueno"},"url":"https:\/\/schoenstatt.com\/pt-pt\/author\/karen-bueno\/"}]}},"_links":{"self":[{"href":"https:\/\/schoenstatt.com\/pt-pt\/wp-json\/wp\/v2\/posts\/33764","targetHints":{"allow":["GET"]}}],"collection":[{"href":"https:\/\/schoenstatt.com\/pt-pt\/wp-json\/wp\/v2\/posts"}],"about":[{"href":"https:\/\/schoenstatt.com\/pt-pt\/wp-json\/wp\/v2\/types\/post"}],"author":[{"embeddable":true,"href":"https:\/\/schoenstatt.com\/pt-pt\/wp-json\/wp\/v2\/users\/3"}],"replies":[{"embeddable":true,"href":"https:\/\/schoenstatt.com\/pt-pt\/wp-json\/wp\/v2\/comments?post=33764"}],"version-history":[{"count":1,"href":"https:\/\/schoenstatt.com\/pt-pt\/wp-json\/wp\/v2\/posts\/33764\/revisions"}],"predecessor-version":[{"id":46498,"href":"https:\/\/schoenstatt.com\/pt-pt\/wp-json\/wp\/v2\/posts\/33764\/revisions\/46498"}],"wp:featuredmedia":[{"embeddable":true,"href":"https:\/\/schoenstatt.com\/pt-pt\/wp-json\/wp\/v2\/media\/33752"}],"wp:attachment":[{"href":"https:\/\/schoenstatt.com\/pt-pt\/wp-json\/wp\/v2\/media?parent=33764"}],"wp:term":[{"taxonomy":"category","embeddable":true,"href":"https:\/\/schoenstatt.com\/pt-pt\/wp-json\/wp\/v2\/categories?post=33764"},{"taxonomy":"post_tag","embeddable":true,"href":"https:\/\/schoenstatt.com\/pt-pt\/wp-json\/wp\/v2\/tags?post=33764"}],"curies":[{"name":"wp","href":"https:\/\/api.w.org\/{rel}","templated":true}]}}