{"id":33734,"date":"2023-11-27T12:13:10","date_gmt":"2023-11-27T11:13:10","guid":{"rendered":"https:\/\/schoenstatt.com\/?p=33734"},"modified":"2025-05-16T03:03:22","modified_gmt":"2025-05-16T01:03:22","slug":"participe-da-campanha-uma-estrela-para-voce-rezamos-por-ti-no-santuario","status":"publish","type":"post","link":"https:\/\/schoenstatt.com\/pt-pt\/participe-da-campanha-uma-estrela-para-voce-rezamos-por-ti-no-santuario\/","title":{"rendered":"Participe da Campanha \u201cUma estrela para voc\u00ea\u201d &#8211; Rezamos por ti no Santu\u00e1rio"},"content":{"rendered":"<p>Neste domingo, 26 de novembro, inicia no Santu\u00e1rio Original de Schoenstatt a campanha \u201cUma estrela para voc\u00ea\u201d. Esta iniciativa \u00e9 de \u00e2mbito internacional e todos est\u00e3o convidados a participar, enviando seu nome e seu pedido de ora\u00e7\u00e3o a Schoenstatt.<\/p>\n<p>A cerim\u00f4nia de abertura ser\u00e1 \u00e0s 19h30min (hora local de Schoenstatt), com transmiss\u00e3o via webcam a partir do Santu\u00e1rio Original &#8211; <a href=\"https:\/\/urheiligtum.de\/PT\/10-Servico\/99-Webcam.php\" target=\"_blank\" rel=\"noopener\">clique para acessar<\/a>.<\/p>\n<h2>O que \u00e9 a campanha \u201cUma estrela para voc\u00ea\u201d?<\/h2>\n<p>Essa iniciativa foi iniciada h\u00e1 mais de dez anos. Desde o in\u00edcio, tem sido uma iniciativa internacional que quer unir todas as pessoas que est\u00e3o especialmente vinculadas ao Santu\u00e1rio Original.<\/p>\n<p>O Advento \u00e9 um per\u00edodo em que a Igreja nos convida a nos prepararmos para o nascimento de Jesus. A melhor maneira de fazer isso \u00e9 por meio do jejum, das obras de caridade e da ora\u00e7\u00e3o.<\/p>\n<p>\u00c9 exatamente esse \u00faltimo aspecto que queremos aprofundar por meio dessa a\u00e7\u00e3o.<\/p>\n<p>Muitas vezes acompanhamos uma pessoa em situa\u00e7\u00e3o complicada e dizemos: \u201cVou rezar por voc\u00ea\u201d. Ou, talvez, algu\u00e9m que sabe que temos uma liga\u00e7\u00e3o especial com o Santu\u00e1rio, nos pe\u00e7a para rezar por uma inten\u00e7\u00e3o pessoal. \u00c9 exatamente isso que queremos fazer neste tempo de Advento, que est\u00e1 prestes a come\u00e7ar, esperar pelo Senhor rezando uns pelos outros.<\/p>\n<p>Durante todo o Advento, alguns cart\u00f5es ficam expostos no Santu\u00e1rio Original. Eles t\u00eam duas partes, uma delas tem uma estrela, na qual podemos escrever os nomes e as inten\u00e7\u00f5es das pessoas pelas quais queremos rezar. A outra parte pode ser recortada e levada conosco, para entregar \u00e0 pessoa por quem estamos rezando. Todos os dias, durante a B\u00ean\u00e7\u00e3o da Noite, h\u00e1 uma ora\u00e7\u00e3o especial para as pessoas e as preocupa\u00e7\u00f5es escritas nas estrelas. As Irm\u00e3s de Maria Adoradoras tamb\u00e9m rezam por esses pedidos em seus momentos de ora\u00e7\u00e3o cont\u00ednua durante o dia.<\/p>\n<p>Este ano, queremos rezar especialmente pela paz. H\u00e1 muitas situa\u00e7\u00f5es em que a viol\u00eancia e a guerra tiram nossa esperan\u00e7a. Pensemos que o pr\u00f3prio lugar onde nosso Senhor nasceu est\u00e1 passando por momentos muito dif\u00edceis.<\/p>\n<p>Durante este tempo de Advento, queremos pedir \u00e0 nossa M\u00e3e que, do Santu\u00e1rio, nos presenteie o \u201cPr\u00edncipe da Paz\u201d.<\/p>\n<h2>Como participar?<\/h2>\n<p>Participar \u00e9 muito simples, mesmo \u00e0 dist\u00e2ncia. Basta preencher o formul\u00e1rio a seguir, indicando seu nome, seu e-mail, local (cidade, pa\u00eds), o nome que deseja colocar na estrela e seu pedido para este Advento.<\/p>\n<p>Voc\u00ea tamb\u00e9m pode oferecer a estrela a outra pessoa, colocando o nome dela, para que rezemos em sua inten\u00e7\u00e3o.<\/p>\n<p>\u00c9 uma ocasi\u00e3o especial para cultivar a rede de Santu\u00e1rios (filiais, lares, cora\u00e7\u00e3o) \u00e0 qual pertencemos! Que cheguem cart\u00f5es de todo o mundo! Que o Santu\u00e1rio Original possa estar presente em muitos e muitos lugares!<\/p>\n<p>O prazo final para envio \u00e9 o dia 24 de dezembro, \u00e0s 12 horas (hor\u00e1rio local de Schoenstatt)<\/p>\n<p><iframe style=\"border: none; min-height: 600px; overflow: visible;\" src=\"https:\/\/urheiligtum.de\/PT\/_Estrelas.php\" width=\"100%\" height=\"2000\" allowfullscreen=\"allowfullscreen\"><a href=\"https:\/\/santuariooriginal.org\/PT\/10-Servico\/03-Estrelas_no_Santuario.php\">www.santuariooriginal.org<\/a>&nbsp;<\/p>\n<p>&nbsp;<\/p>\n<p><\/iframe><\/p>\n","protected":false},"excerpt":{"rendered":"<p>Voc\u00ea pode enviar seu nome e o seu pedido de ora\u00e7\u00e3o pelo nosso formul\u00e1rio online. A iniciativa \u201cUma estrela para voc\u00ea\u201d acontece em Schoenstatt durante todo o Advento. Preencha seus dados abaixo.<\/p>\n","protected":false},"author":3,"featured_media":33735,"comment_status":"closed","ping_status":"closed","sticky":false,"template":"","format":"standard","meta":{"footnotes":""},"categories":[696],"tags":[],"class_list":["post-33734","post","type-post","status-publish","format-standard","has-post-thumbnail","hentry","category-santuario-original-pt-pt"],"yoast_head":"<!-- This site is optimized with the Yoast SEO Premium plugin v27.4 (Yoast SEO v27.4) - https:\/\/yoast.com\/product\/yoast-seo-premium-wordpress\/ -->\n<title>Participe da Campanha \u201cUma estrela para voc\u00ea\u201d - Rezamos por ti no Santu\u00e1rio<\/title>\n<meta name=\"description\" content=\"A iniciativa &quot;Uma estrela para voc\u00ea&quot; acontece em Schoenstatt durante o Advento. Preencha aqui seus dados e participe!\" \/>\n<meta name=\"robots\" content=\"index, follow, max-snippet:-1, max-image-preview:large, max-video-preview:-1\" \/>\n<link rel=\"canonical\" href=\"https:\/\/schoenstatt.com\/pt-pt\/participe-da-campanha-uma-estrela-para-voce-rezamos-por-ti-no-santuario\/\" \/>\n<meta property=\"og:locale\" content=\"pt_PT\" \/>\n<meta property=\"og:type\" content=\"article\" \/>\n<meta property=\"og:title\" content=\"Participe da Campanha \u201cUma estrela para voc\u00ea\u201d - Rezamos por ti no Santu\u00e1rio\" \/>\n<meta property=\"og:description\" content=\"A iniciativa &quot;Uma estrela para voc\u00ea&quot; acontece em Schoenstatt durante o Advento. Preencha aqui seus dados e participe!\" \/>\n<meta property=\"og:url\" content=\"https:\/\/schoenstatt.com\/pt-pt\/participe-da-campanha-uma-estrela-para-voce-rezamos-por-ti-no-santuario\/\" \/>\n<meta property=\"og:site_name\" content=\"Schoenstatt\" \/>\n<meta property=\"article:published_time\" content=\"2023-11-27T11:13:10+00:00\" \/>\n<meta property=\"article:modified_time\" content=\"2025-05-16T01:03:22+00:00\" \/>\n<meta property=\"og:image\" content=\"https:\/\/schoenstatt.com\/wp-content\/uploads\/2023\/11\/christmas-natal-Weihnachten-navidad-scaled-1.jpg\" \/>\n\t<meta property=\"og:image:width\" content=\"2048\" \/>\n\t<meta property=\"og:image:height\" content=\"1376\" \/>\n\t<meta property=\"og:image:type\" content=\"image\/jpeg\" \/>\n<meta name=\"author\" content=\"Karen Bueno\" \/>\n<meta name=\"twitter:card\" content=\"summary_large_image\" \/>\n<meta name=\"twitter:label1\" content=\"Escrito por\" \/>\n\t<meta name=\"twitter:data1\" content=\"Karen Bueno\" \/>\n\t<meta name=\"twitter:label2\" content=\"Tempo estimado de leitura\" \/>\n\t<meta name=\"twitter:data2\" content=\"3 minutos\" \/>\n<script type=\"application\/ld+json\" class=\"yoast-schema-graph\">{\"@context\":\"https:\\\/\\\/schema.org\",\"@graph\":[{\"@type\":\"Article\",\"@id\":\"https:\\\/\\\/schoenstatt.com\\\/pt-pt\\\/participe-da-campanha-uma-estrela-para-voce-rezamos-por-ti-no-santuario\\\/#article\",\"isPartOf\":{\"@id\":\"https:\\\/\\\/schoenstatt.com\\\/pt-pt\\\/participe-da-campanha-uma-estrela-para-voce-rezamos-por-ti-no-santuario\\\/\"},\"author\":{\"name\":\"Karen Bueno\",\"@id\":\"https:\\\/\\\/schoenstatt.com\\\/pt-pt\\\/#\\\/schema\\\/person\\\/5158877ad4acae98b34daaeef2a1ce6e\"},\"headline\":\"Participe da Campanha \u201cUma estrela para voc\u00ea\u201d &#8211; Rezamos por ti no Santu\u00e1rio\",\"datePublished\":\"2023-11-27T11:13:10+00:00\",\"dateModified\":\"2025-05-16T01:03:22+00:00\",\"mainEntityOfPage\":{\"@id\":\"https:\\\/\\\/schoenstatt.com\\\/pt-pt\\\/participe-da-campanha-uma-estrela-para-voce-rezamos-por-ti-no-santuario\\\/\"},\"wordCount\":516,\"publisher\":{\"@id\":\"https:\\\/\\\/schoenstatt.com\\\/pt-pt\\\/#organization\"},\"image\":{\"@id\":\"https:\\\/\\\/schoenstatt.com\\\/pt-pt\\\/participe-da-campanha-uma-estrela-para-voce-rezamos-por-ti-no-santuario\\\/#primaryimage\"},\"thumbnailUrl\":\"https:\\\/\\\/schoenstatt.com\\\/wp-content\\\/uploads\\\/2023\\\/11\\\/christmas-natal-Weihnachten-navidad-scaled-1.jpg\",\"articleSection\":[\"Santu\u00e1rio Original\"],\"inLanguage\":\"pt-PT\"},{\"@type\":\"WebPage\",\"@id\":\"https:\\\/\\\/schoenstatt.com\\\/pt-pt\\\/participe-da-campanha-uma-estrela-para-voce-rezamos-por-ti-no-santuario\\\/\",\"url\":\"https:\\\/\\\/schoenstatt.com\\\/pt-pt\\\/participe-da-campanha-uma-estrela-para-voce-rezamos-por-ti-no-santuario\\\/\",\"name\":\"Participe da Campanha \u201cUma estrela para voc\u00ea\u201d - Rezamos por ti no Santu\u00e1rio\",\"isPartOf\":{\"@id\":\"https:\\\/\\\/schoenstatt.com\\\/pt-pt\\\/#website\"},\"primaryImageOfPage\":{\"@id\":\"https:\\\/\\\/schoenstatt.com\\\/pt-pt\\\/participe-da-campanha-uma-estrela-para-voce-rezamos-por-ti-no-santuario\\\/#primaryimage\"},\"image\":{\"@id\":\"https:\\\/\\\/schoenstatt.com\\\/pt-pt\\\/participe-da-campanha-uma-estrela-para-voce-rezamos-por-ti-no-santuario\\\/#primaryimage\"},\"thumbnailUrl\":\"https:\\\/\\\/schoenstatt.com\\\/wp-content\\\/uploads\\\/2023\\\/11\\\/christmas-natal-Weihnachten-navidad-scaled-1.jpg\",\"datePublished\":\"2023-11-27T11:13:10+00:00\",\"dateModified\":\"2025-05-16T01:03:22+00:00\",\"description\":\"A iniciativa \\\"Uma estrela para voc\u00ea\\\" acontece em Schoenstatt durante o Advento. Preencha aqui seus dados e participe!\",\"breadcrumb\":{\"@id\":\"https:\\\/\\\/schoenstatt.com\\\/pt-pt\\\/participe-da-campanha-uma-estrela-para-voce-rezamos-por-ti-no-santuario\\\/#breadcrumb\"},\"inLanguage\":\"pt-PT\",\"potentialAction\":[{\"@type\":\"ReadAction\",\"target\":[\"https:\\\/\\\/schoenstatt.com\\\/pt-pt\\\/participe-da-campanha-uma-estrela-para-voce-rezamos-por-ti-no-santuario\\\/\"]}]},{\"@type\":\"ImageObject\",\"inLanguage\":\"pt-PT\",\"@id\":\"https:\\\/\\\/schoenstatt.com\\\/pt-pt\\\/participe-da-campanha-uma-estrela-para-voce-rezamos-por-ti-no-santuario\\\/#primaryimage\",\"url\":\"https:\\\/\\\/schoenstatt.com\\\/wp-content\\\/uploads\\\/2023\\\/11\\\/christmas-natal-Weihnachten-navidad-scaled-1.jpg\",\"contentUrl\":\"https:\\\/\\\/schoenstatt.com\\\/wp-content\\\/uploads\\\/2023\\\/11\\\/christmas-natal-Weihnachten-navidad-scaled-1.jpg\",\"width\":2048,\"height\":1376},{\"@type\":\"BreadcrumbList\",\"@id\":\"https:\\\/\\\/schoenstatt.com\\\/pt-pt\\\/participe-da-campanha-uma-estrela-para-voce-rezamos-por-ti-no-santuario\\\/#breadcrumb\",\"itemListElement\":[{\"@type\":\"ListItem\",\"position\":1,\"name\":\"Portada\",\"item\":\"https:\\\/\\\/schoenstatt.com\\\/pt-pt\\\/home\\\/\"},{\"@type\":\"ListItem\",\"position\":2,\"name\":\"Participe da Campanha \u201cUma estrela para voc\u00ea\u201d &#8211; Rezamos por ti no Santu\u00e1rio\"}]},{\"@type\":\"WebSite\",\"@id\":\"https:\\\/\\\/schoenstatt.com\\\/pt-pt\\\/#website\",\"url\":\"https:\\\/\\\/schoenstatt.com\\\/pt-pt\\\/\",\"name\":\"Schoenstatt\",\"description\":\"Apostolic Movement\",\"publisher\":{\"@id\":\"https:\\\/\\\/schoenstatt.com\\\/pt-pt\\\/#organization\"},\"potentialAction\":[{\"@type\":\"SearchAction\",\"target\":{\"@type\":\"EntryPoint\",\"urlTemplate\":\"https:\\\/\\\/schoenstatt.com\\\/pt-pt\\\/?s={search_term_string}\"},\"query-input\":{\"@type\":\"PropertyValueSpecification\",\"valueRequired\":true,\"valueName\":\"search_term_string\"}}],\"inLanguage\":\"pt-PT\"},{\"@type\":\"Organization\",\"@id\":\"https:\\\/\\\/schoenstatt.com\\\/pt-pt\\\/#organization\",\"name\":\"Schoenstatt\",\"url\":\"https:\\\/\\\/schoenstatt.com\\\/pt-pt\\\/\",\"logo\":{\"@type\":\"ImageObject\",\"inLanguage\":\"pt-PT\",\"@id\":\"https:\\\/\\\/schoenstatt.com\\\/pt-pt\\\/#\\\/schema\\\/logo\\\/image\\\/\",\"url\":\"https:\\\/\\\/schoenstatt.com\\\/wp-content\\\/uploads\\\/2025\\\/04\\\/logo-schoenstatt-white-696x696-1.png\",\"contentUrl\":\"https:\\\/\\\/schoenstatt.com\\\/wp-content\\\/uploads\\\/2025\\\/04\\\/logo-schoenstatt-white-696x696-1.png\",\"width\":696,\"height\":694,\"caption\":\"Schoenstatt\"},\"image\":{\"@id\":\"https:\\\/\\\/schoenstatt.com\\\/pt-pt\\\/#\\\/schema\\\/logo\\\/image\\\/\"}},{\"@type\":\"Person\",\"@id\":\"https:\\\/\\\/schoenstatt.com\\\/pt-pt\\\/#\\\/schema\\\/person\\\/5158877ad4acae98b34daaeef2a1ce6e\",\"name\":\"Karen Bueno\",\"image\":{\"@type\":\"ImageObject\",\"inLanguage\":\"pt-PT\",\"@id\":\"https:\\\/\\\/secure.gravatar.com\\\/avatar\\\/f9f4b823873154269d2b2130f195f6d41037dd0d7fc5f3cacb5c846bae70d66b?s=96&d=mm&r=g\",\"url\":\"https:\\\/\\\/secure.gravatar.com\\\/avatar\\\/f9f4b823873154269d2b2130f195f6d41037dd0d7fc5f3cacb5c846bae70d66b?s=96&d=mm&r=g\",\"contentUrl\":\"https:\\\/\\\/secure.gravatar.com\\\/avatar\\\/f9f4b823873154269d2b2130f195f6d41037dd0d7fc5f3cacb5c846bae70d66b?s=96&d=mm&r=g\",\"caption\":\"Karen Bueno\"},\"url\":\"https:\\\/\\\/schoenstatt.com\\\/pt-pt\\\/author\\\/karen-bueno\\\/\"}]}<\/script>\n<!-- \/ Yoast SEO Premium plugin. -->","yoast_head_json":{"title":"Participe da Campanha \u201cUma estrela para voc\u00ea\u201d - Rezamos por ti no Santu\u00e1rio","description":"A iniciativa \"Uma estrela para voc\u00ea\" acontece em Schoenstatt durante o Advento. Preencha aqui seus dados e participe!","robots":{"index":"index","follow":"follow","max-snippet":"max-snippet:-1","max-image-preview":"max-image-preview:large","max-video-preview":"max-video-preview:-1"},"canonical":"https:\/\/schoenstatt.com\/pt-pt\/participe-da-campanha-uma-estrela-para-voce-rezamos-por-ti-no-santuario\/","og_locale":"pt_PT","og_type":"article","og_title":"Participe da Campanha \u201cUma estrela para voc\u00ea\u201d - Rezamos por ti no Santu\u00e1rio","og_description":"A iniciativa \"Uma estrela para voc\u00ea\" acontece em Schoenstatt durante o Advento. Preencha aqui seus dados e participe!","og_url":"https:\/\/schoenstatt.com\/pt-pt\/participe-da-campanha-uma-estrela-para-voce-rezamos-por-ti-no-santuario\/","og_site_name":"Schoenstatt","article_published_time":"2023-11-27T11:13:10+00:00","article_modified_time":"2025-05-16T01:03:22+00:00","og_image":[{"width":2048,"height":1376,"url":"https:\/\/schoenstatt.com\/wp-content\/uploads\/2023\/11\/christmas-natal-Weihnachten-navidad-scaled-1.jpg","type":"image\/jpeg"}],"author":"Karen Bueno","twitter_card":"summary_large_image","twitter_misc":{"Escrito por":"Karen Bueno","Tempo estimado de leitura":"3 minutos"},"schema":{"@context":"https:\/\/schema.org","@graph":[{"@type":"Article","@id":"https:\/\/schoenstatt.com\/pt-pt\/participe-da-campanha-uma-estrela-para-voce-rezamos-por-ti-no-santuario\/#article","isPartOf":{"@id":"https:\/\/schoenstatt.com\/pt-pt\/participe-da-campanha-uma-estrela-para-voce-rezamos-por-ti-no-santuario\/"},"author":{"name":"Karen Bueno","@id":"https:\/\/schoenstatt.com\/pt-pt\/#\/schema\/person\/5158877ad4acae98b34daaeef2a1ce6e"},"headline":"Participe da Campanha \u201cUma estrela para voc\u00ea\u201d &#8211; Rezamos por ti no Santu\u00e1rio","datePublished":"2023-11-27T11:13:10+00:00","dateModified":"2025-05-16T01:03:22+00:00","mainEntityOfPage":{"@id":"https:\/\/schoenstatt.com\/pt-pt\/participe-da-campanha-uma-estrela-para-voce-rezamos-por-ti-no-santuario\/"},"wordCount":516,"publisher":{"@id":"https:\/\/schoenstatt.com\/pt-pt\/#organization"},"image":{"@id":"https:\/\/schoenstatt.com\/pt-pt\/participe-da-campanha-uma-estrela-para-voce-rezamos-por-ti-no-santuario\/#primaryimage"},"thumbnailUrl":"https:\/\/schoenstatt.com\/wp-content\/uploads\/2023\/11\/christmas-natal-Weihnachten-navidad-scaled-1.jpg","articleSection":["Santu\u00e1rio Original"],"inLanguage":"pt-PT"},{"@type":"WebPage","@id":"https:\/\/schoenstatt.com\/pt-pt\/participe-da-campanha-uma-estrela-para-voce-rezamos-por-ti-no-santuario\/","url":"https:\/\/schoenstatt.com\/pt-pt\/participe-da-campanha-uma-estrela-para-voce-rezamos-por-ti-no-santuario\/","name":"Participe da Campanha \u201cUma estrela para voc\u00ea\u201d - Rezamos por ti no Santu\u00e1rio","isPartOf":{"@id":"https:\/\/schoenstatt.com\/pt-pt\/#website"},"primaryImageOfPage":{"@id":"https:\/\/schoenstatt.com\/pt-pt\/participe-da-campanha-uma-estrela-para-voce-rezamos-por-ti-no-santuario\/#primaryimage"},"image":{"@id":"https:\/\/schoenstatt.com\/pt-pt\/participe-da-campanha-uma-estrela-para-voce-rezamos-por-ti-no-santuario\/#primaryimage"},"thumbnailUrl":"https:\/\/schoenstatt.com\/wp-content\/uploads\/2023\/11\/christmas-natal-Weihnachten-navidad-scaled-1.jpg","datePublished":"2023-11-27T11:13:10+00:00","dateModified":"2025-05-16T01:03:22+00:00","description":"A iniciativa \"Uma estrela para voc\u00ea\" acontece em Schoenstatt durante o Advento. Preencha aqui seus dados e participe!","breadcrumb":{"@id":"https:\/\/schoenstatt.com\/pt-pt\/participe-da-campanha-uma-estrela-para-voce-rezamos-por-ti-no-santuario\/#breadcrumb"},"inLanguage":"pt-PT","potentialAction":[{"@type":"ReadAction","target":["https:\/\/schoenstatt.com\/pt-pt\/participe-da-campanha-uma-estrela-para-voce-rezamos-por-ti-no-santuario\/"]}]},{"@type":"ImageObject","inLanguage":"pt-PT","@id":"https:\/\/schoenstatt.com\/pt-pt\/participe-da-campanha-uma-estrela-para-voce-rezamos-por-ti-no-santuario\/#primaryimage","url":"https:\/\/schoenstatt.com\/wp-content\/uploads\/2023\/11\/christmas-natal-Weihnachten-navidad-scaled-1.jpg","contentUrl":"https:\/\/schoenstatt.com\/wp-content\/uploads\/2023\/11\/christmas-natal-Weihnachten-navidad-scaled-1.jpg","width":2048,"height":1376},{"@type":"BreadcrumbList","@id":"https:\/\/schoenstatt.com\/pt-pt\/participe-da-campanha-uma-estrela-para-voce-rezamos-por-ti-no-santuario\/#breadcrumb","itemListElement":[{"@type":"ListItem","position":1,"name":"Portada","item":"https:\/\/schoenstatt.com\/pt-pt\/home\/"},{"@type":"ListItem","position":2,"name":"Participe da Campanha \u201cUma estrela para voc\u00ea\u201d &#8211; Rezamos por ti no Santu\u00e1rio"}]},{"@type":"WebSite","@id":"https:\/\/schoenstatt.com\/pt-pt\/#website","url":"https:\/\/schoenstatt.com\/pt-pt\/","name":"Schoenstatt","description":"Apostolic Movement","publisher":{"@id":"https:\/\/schoenstatt.com\/pt-pt\/#organization"},"potentialAction":[{"@type":"SearchAction","target":{"@type":"EntryPoint","urlTemplate":"https:\/\/schoenstatt.com\/pt-pt\/?s={search_term_string}"},"query-input":{"@type":"PropertyValueSpecification","valueRequired":true,"valueName":"search_term_string"}}],"inLanguage":"pt-PT"},{"@type":"Organization","@id":"https:\/\/schoenstatt.com\/pt-pt\/#organization","name":"Schoenstatt","url":"https:\/\/schoenstatt.com\/pt-pt\/","logo":{"@type":"ImageObject","inLanguage":"pt-PT","@id":"https:\/\/schoenstatt.com\/pt-pt\/#\/schema\/logo\/image\/","url":"https:\/\/schoenstatt.com\/wp-content\/uploads\/2025\/04\/logo-schoenstatt-white-696x696-1.png","contentUrl":"https:\/\/schoenstatt.com\/wp-content\/uploads\/2025\/04\/logo-schoenstatt-white-696x696-1.png","width":696,"height":694,"caption":"Schoenstatt"},"image":{"@id":"https:\/\/schoenstatt.com\/pt-pt\/#\/schema\/logo\/image\/"}},{"@type":"Person","@id":"https:\/\/schoenstatt.com\/pt-pt\/#\/schema\/person\/5158877ad4acae98b34daaeef2a1ce6e","name":"Karen Bueno","image":{"@type":"ImageObject","inLanguage":"pt-PT","@id":"https:\/\/secure.gravatar.com\/avatar\/f9f4b823873154269d2b2130f195f6d41037dd0d7fc5f3cacb5c846bae70d66b?s=96&d=mm&r=g","url":"https:\/\/secure.gravatar.com\/avatar\/f9f4b823873154269d2b2130f195f6d41037dd0d7fc5f3cacb5c846bae70d66b?s=96&d=mm&r=g","contentUrl":"https:\/\/secure.gravatar.com\/avatar\/f9f4b823873154269d2b2130f195f6d41037dd0d7fc5f3cacb5c846bae70d66b?s=96&d=mm&r=g","caption":"Karen Bueno"},"url":"https:\/\/schoenstatt.com\/pt-pt\/author\/karen-bueno\/"}]}},"_links":{"self":[{"href":"https:\/\/schoenstatt.com\/pt-pt\/wp-json\/wp\/v2\/posts\/33734","targetHints":{"allow":["GET"]}}],"collection":[{"href":"https:\/\/schoenstatt.com\/pt-pt\/wp-json\/wp\/v2\/posts"}],"about":[{"href":"https:\/\/schoenstatt.com\/pt-pt\/wp-json\/wp\/v2\/types\/post"}],"author":[{"embeddable":true,"href":"https:\/\/schoenstatt.com\/pt-pt\/wp-json\/wp\/v2\/users\/3"}],"replies":[{"embeddable":true,"href":"https:\/\/schoenstatt.com\/pt-pt\/wp-json\/wp\/v2\/comments?post=33734"}],"version-history":[{"count":1,"href":"https:\/\/schoenstatt.com\/pt-pt\/wp-json\/wp\/v2\/posts\/33734\/revisions"}],"predecessor-version":[{"id":46497,"href":"https:\/\/schoenstatt.com\/pt-pt\/wp-json\/wp\/v2\/posts\/33734\/revisions\/46497"}],"wp:featuredmedia":[{"embeddable":true,"href":"https:\/\/schoenstatt.com\/pt-pt\/wp-json\/wp\/v2\/media\/33735"}],"wp:attachment":[{"href":"https:\/\/schoenstatt.com\/pt-pt\/wp-json\/wp\/v2\/media?parent=33734"}],"wp:term":[{"taxonomy":"category","embeddable":true,"href":"https:\/\/schoenstatt.com\/pt-pt\/wp-json\/wp\/v2\/categories?post=33734"},{"taxonomy":"post_tag","embeddable":true,"href":"https:\/\/schoenstatt.com\/pt-pt\/wp-json\/wp\/v2\/tags?post=33734"}],"curies":[{"name":"wp","href":"https:\/\/api.w.org\/{rel}","templated":true}]}}