{"id":33719,"date":"2023-11-26T06:34:22","date_gmt":"2023-11-26T05:34:22","guid":{"rendered":"https:\/\/schoenstatt.com\/?p=33719"},"modified":"2025-05-16T00:29:11","modified_gmt":"2025-05-15T22:29:11","slug":"solenidade-de-cristo-rei-o-valor-da-palavra-reinar","status":"publish","type":"post","link":"https:\/\/schoenstatt.com\/pt-pt\/solenidade-de-cristo-rei-o-valor-da-palavra-reinar\/","title":{"rendered":"Solenidade de Cristo Rei: O valor da palavra \u201creinar\u201d"},"content":{"rendered":"<p>Gosto dessa festa em que o Reino de Deus est\u00e1 no centro. Jesus reina sobre mim, sobre a terra e no c\u00e9u: <em>\u201cPois \u00e9 preciso que ele reine, at\u00e9 que todos os seus inimigos estejam debaixo de seus p\u00e9s. O \u00faltimo inimigo a ser destru\u00eddo \u00e9 a morte. E, quando todas as coisas estiverem submetidas a ele, ent\u00e3o o pr\u00f3prio Filho se submeter\u00e1 \u00e0quele que lhe submeteu todas as coisas, para que Deus seja tudo em todos\u201d<\/em> [1]. Um Reino ao fim do caminho no qual Deus ser\u00e1 tudo em todos. Isso \u00e9 poss\u00edvel? Para Deus n\u00e3o h\u00e1 imposs\u00edvel.<\/p>\n<p>Eu me coloco nas m\u00e3os de Deus para que ele reine em mim: e quanto isso me custa! Muitas vezes, n\u00e3o quero que Deus reine, porque eu mesmo quero reinar. O poder, o bendito poder. A possibilidade de comandar, de outros fazerem o que eu quero, de se adaptarem aos meus planos e de me servirem. Foi assim que me ensinaram o valor da palavra<em> reinar<\/em>. Aquele que reina manda, decide, governa, tem influ\u00eancia, \u00e9 respeitado, admirado, seguido. Esse \u00e9 o conceito de poder que me foi transmitido por anos. Esse reinado \u00e9 o que imagino quando penso em um rei. Mas Jesus n\u00e3o \u00e9 assim.<\/p>\n<h2>Jesus me desconcerta<\/h2>\n<p>Sua forma de reinar me desconcerta nesta festa. Seu trono \u00e9 a cruz, sua coroa \u00e9 de espinhos, seu ex\u00e9rcito s\u00e3o anjos, seu poder \u00e9 o amor. N\u00e3o celebro hoje o poder de Jesus, mas a sua impot\u00eancia manifestada ao longo de sua vida terrena. Outro dia eu lia que: <em>\u201cJesus vem de Deus, n\u00e3o com poder e gl\u00f3ria, mas como um cordeiro indefeso e inerte. Ele nunca se impor\u00e1 pela for\u00e7a, nunca for\u00e7ar\u00e1 ningu\u00e9m a crer Nele. Um dia ser\u00e1 sacrificado em uma cruz. Aqueles que quiserem segui-lo o aceitar\u00e3o livremente\u201d<\/em> [2].<\/p>\n<p><img fetchpriority=\"high\" decoding=\"async\" class=\"aligncenter wp-image-33724 \" src=\"https:\/\/schoenstatt.com\/wp-content\/uploads\/2023\/11\/coroa-cruz-jesus.jpg\" alt=\"\" width=\"974\" height=\"860\" \/><\/p>\n<p>Seu poder se converte em servi\u00e7o. Sua onipot\u00eancia passa a ser uma triste impot\u00eancia. Seu governo \u00e9 a entrega de um escravo, um servi\u00e7o que o leva \u00e0 morte e a ser o \u00faltimo de todos. Um poder centrado no amor, aquele que mais ama \u00e9 aquele que mais serve, aquele que mais reina. Tudo t\u00e3o distante de minhas imagens guardadas na alma. Aquelas imagens de reis poderosos. Fiquei naquele jogo de tronos em que o mais forte vence e subjuga a todos. O rei mais poderoso, aquele que tem mais influ\u00eancia&#8230;.<\/p>\n<h3>Quando temos poder em nossas m\u00e3os, como agimos?<\/h3>\n<p>Atualmente fala-se muito sobre o abuso de poder. O poder que me foi dado, o poder que foi colocado em minhas m\u00e3os. Sempre me recordo de uma frase que ouvi h\u00e1 muito tempo: <em>\u201cD\u00ea poder a um homem e saber\u00e1s como ele \u00e9\u201d.<\/em> \u00c9 verdade. Quando tenho poder, quando posso comandar, o melhor e o pior de minha alma v\u00eam \u00e0 tona. Posso fazer do meu poder um servi\u00e7o para as pessoas que me foram confiadas ou posso usar minha posi\u00e7\u00e3o, meu posto, meu status para oprimir os fracos, para tirar vantagem dos vulner\u00e1veis. O melhor ou o pior sair\u00e1 de mim, dependendo de como eu o compreendi.<\/p>\n<p>Algumas pessoas levam uma vida amargurada porque nunca t\u00eam tanto poder quanto gostariam. H\u00e1 outras que detestam ter poder e preferem ocupar cargos mais baixos e n\u00e3o assumir a responsabilidade do poder. Aprender a comandar \u00e9 uma arte, uma responsabilidade. Aprender a servir \u00e9 um caminho de santidade. Usar bem meu poder quando me coloco a servir \u00e9 o caminho. N\u00e3o esperar que me escutem, que me obede\u00e7am, que me levem em conta, que fa\u00e7am o que eu desejo, que obede\u00e7am \u00e0s minhas ordens. \u00c9 t\u00e3o b\u00e1sico o cora\u00e7\u00e3o humano, t\u00e3o simples.<\/p>\n<p>Preciso que me escutem e me sigam \u2013 o poder da influ\u00eancia. Quando n\u00e3o sou valorizado, quando n\u00e3o sou procurado, quando n\u00e3o sou respeitado, sinto que minha vida n\u00e3o tem valor. Esque\u00e7o que o verdadeiro poder est\u00e1 em meu amor. Em meu amor h\u00e1 uma for\u00e7a oculta que supera tudo. O verdadeiro reinado \u00e9 o do amor, um amor que serve, que exalta o amado, que o busca e o coloca no centro de tudo. Quando busco a felicidade daquele a quem sirvo, tudo muda. N\u00e3o busco a mim mesmo, n\u00e3o estou eu no centro.<\/p>\n<h3>Reinar \u00e9 sin\u00f4nimo de servir<\/h3>\n<p>Os poderosos da Terra parecem ser os que comandam. Os que t\u00eam dinheiro e posi\u00e7\u00e3o respeit\u00e1vel. Desde crian\u00e7a, me disseram que eu deveria procurar esses lugares para influenciar, para mudar este mundo. Parece somente a partir desses lugares importantes \u00e9 que poderia fazer alguma coisa. Tudo \u00e9 vaidade, tudo passa, de pouco serve.<\/p>\n<p>O poder de Jesus, seu reino, esteve em jogo na hora da dor, na noite escura na masmorra, naqueles gritos que condenavam aquele que os havia amado. E eles responderam com \u00f3dio ao amante. A verdade s\u00f3 ser\u00e1 conhecida no c\u00e9u. Enquanto isso, s\u00f3 tenho que me dedicar a servir. N\u00e3o esperar que eles aceitem tudo o que eu fa\u00e7o e digo. Que respeitem minhas posi\u00e7\u00f5es de poder. Que valorizem meu servi\u00e7o generoso. Isso n\u00e3o est\u00e1 em minha m\u00e3o. O que posso fazer \u00e9 servir a partir de minha posi\u00e7\u00e3o.<\/p>\n<p>A partir do respeito que os outros t\u00eam por mim, come\u00e7o um caminho de servi\u00e7o aos homens. N\u00e3o quero tirar proveito de meu poder. N\u00e3o pretendo beneficiar aos meus. N\u00e3o quero que minha opini\u00e3o seja sempre respeitada e seguida. O Reino de Jesus \u00e9 o da pobreza, da humildade, da pequenez e do abandono. O poder de Jesus se manifesta em sua morte na cruz. Nesse amor solit\u00e1rio, que se entrega nas m\u00e3os de seu Pai. Assim \u00e9 o verdadeiro reino para o qual ele me chama.<\/p>\n<p>&nbsp;<\/p>\n<p><em>*Pe. Carlos Padilla Esteban, trecho da homilia de 22 de novembro de 2020. Para ler o texto completo, em espanhol, <a href=\"https:\/\/drive.google.com\/file\/d\/1P7KbZ-fdLjxZE1K0J4EgOWH46Ma09syS\/view\" target=\"_blank\" rel=\"noopener\"><strong>clique aqui<\/strong><\/a>.<\/em><\/p>\n<p>[1] 1 Cor\u00edntios 15,25-26.28<br \/>\n[2] Jos\u00e9 Antonio Pagola, Arturo Asensio Moruno, El camino abierto por Jes\u00fas.<\/p>\n","protected":false},"excerpt":{"rendered":"<p>Jesus tem um estilo diferente de lideran\u00e7a e de reinado. Ele nos ensina como ser um verdadeiro l\u00edder, que inspira e lidera por meio do amor.<\/p>\n","protected":false},"author":3,"featured_media":33720,"comment_status":"closed","ping_status":"closed","sticky":false,"template":"","format":"standard","meta":{"footnotes":""},"categories":[916],"tags":[],"class_list":["post-33719","post","type-post","status-publish","format-standard","has-post-thumbnail","hentry","category-espiritualidade-pt-pt"],"yoast_head":"<!-- This site is optimized with the Yoast SEO Premium plugin v27.4 (Yoast SEO v27.4) - https:\/\/yoast.com\/product\/yoast-seo-premium-wordpress\/ -->\n<title>Solenidade de Cristo Rei: O valor da palavra \u201creinar\u201d - Schoenstatt<\/title>\n<meta name=\"description\" content=\"Jesus tem um estilo diferente de lideran\u00e7a e reinado. Ele nos ensina como ser um verdadeiro l\u00edder, agindo com amor.\" \/>\n<meta name=\"robots\" content=\"index, follow, max-snippet:-1, max-image-preview:large, max-video-preview:-1\" \/>\n<link rel=\"canonical\" href=\"https:\/\/schoenstatt.com\/pt-pt\/solenidade-de-cristo-rei-o-valor-da-palavra-reinar\/\" \/>\n<meta property=\"og:locale\" content=\"pt_PT\" \/>\n<meta property=\"og:type\" content=\"article\" \/>\n<meta property=\"og:title\" content=\"Solenidade de Cristo Rei: O valor da palavra \u201creinar\u201d\" \/>\n<meta property=\"og:description\" content=\"Jesus tem um estilo diferente de lideran\u00e7a e reinado. Ele nos ensina como ser um verdadeiro l\u00edder, agindo com amor.\" \/>\n<meta property=\"og:url\" content=\"https:\/\/schoenstatt.com\/pt-pt\/solenidade-de-cristo-rei-o-valor-da-palavra-reinar\/\" \/>\n<meta property=\"og:site_name\" content=\"Schoenstatt\" \/>\n<meta property=\"article:published_time\" content=\"2023-11-26T05:34:22+00:00\" \/>\n<meta property=\"article:modified_time\" content=\"2025-05-15T22:29:11+00:00\" \/>\n<meta property=\"og:image\" content=\"https:\/\/schoenstatt.com\/wp-content\/uploads\/2023\/11\/jesus-eucaristia-1.jpg\" \/>\n\t<meta property=\"og:image:width\" content=\"2048\" \/>\n\t<meta property=\"og:image:height\" content=\"1365\" \/>\n\t<meta property=\"og:image:type\" content=\"image\/jpeg\" \/>\n<meta name=\"author\" content=\"Karen Bueno\" \/>\n<meta name=\"twitter:card\" content=\"summary_large_image\" \/>\n<meta name=\"twitter:label1\" content=\"Escrito por\" \/>\n\t<meta name=\"twitter:data1\" content=\"Karen Bueno\" \/>\n\t<meta name=\"twitter:label2\" content=\"Tempo estimado de leitura\" \/>\n\t<meta name=\"twitter:data2\" content=\"5 minutos\" \/>\n<script type=\"application\/ld+json\" class=\"yoast-schema-graph\">{\"@context\":\"https:\\\/\\\/schema.org\",\"@graph\":[{\"@type\":\"Article\",\"@id\":\"https:\\\/\\\/schoenstatt.com\\\/pt-pt\\\/solenidade-de-cristo-rei-o-valor-da-palavra-reinar\\\/#article\",\"isPartOf\":{\"@id\":\"https:\\\/\\\/schoenstatt.com\\\/pt-pt\\\/solenidade-de-cristo-rei-o-valor-da-palavra-reinar\\\/\"},\"author\":{\"name\":\"Karen Bueno\",\"@id\":\"https:\\\/\\\/schoenstatt.com\\\/pt-pt\\\/#\\\/schema\\\/person\\\/5158877ad4acae98b34daaeef2a1ce6e\"},\"headline\":\"Solenidade de Cristo Rei: O valor da palavra \u201creinar\u201d\",\"datePublished\":\"2023-11-26T05:34:22+00:00\",\"dateModified\":\"2025-05-15T22:29:11+00:00\",\"mainEntityOfPage\":{\"@id\":\"https:\\\/\\\/schoenstatt.com\\\/pt-pt\\\/solenidade-de-cristo-rei-o-valor-da-palavra-reinar\\\/\"},\"wordCount\":1022,\"publisher\":{\"@id\":\"https:\\\/\\\/schoenstatt.com\\\/pt-pt\\\/#organization\"},\"image\":{\"@id\":\"https:\\\/\\\/schoenstatt.com\\\/pt-pt\\\/solenidade-de-cristo-rei-o-valor-da-palavra-reinar\\\/#primaryimage\"},\"thumbnailUrl\":\"https:\\\/\\\/schoenstatt.com\\\/wp-content\\\/uploads\\\/2023\\\/11\\\/jesus-eucaristia-1.jpg\",\"articleSection\":[\"Espiritualidade\"],\"inLanguage\":\"pt-PT\"},{\"@type\":\"WebPage\",\"@id\":\"https:\\\/\\\/schoenstatt.com\\\/pt-pt\\\/solenidade-de-cristo-rei-o-valor-da-palavra-reinar\\\/\",\"url\":\"https:\\\/\\\/schoenstatt.com\\\/pt-pt\\\/solenidade-de-cristo-rei-o-valor-da-palavra-reinar\\\/\",\"name\":\"Solenidade de Cristo Rei: O valor da palavra \u201creinar\u201d - Schoenstatt\",\"isPartOf\":{\"@id\":\"https:\\\/\\\/schoenstatt.com\\\/pt-pt\\\/#website\"},\"primaryImageOfPage\":{\"@id\":\"https:\\\/\\\/schoenstatt.com\\\/pt-pt\\\/solenidade-de-cristo-rei-o-valor-da-palavra-reinar\\\/#primaryimage\"},\"image\":{\"@id\":\"https:\\\/\\\/schoenstatt.com\\\/pt-pt\\\/solenidade-de-cristo-rei-o-valor-da-palavra-reinar\\\/#primaryimage\"},\"thumbnailUrl\":\"https:\\\/\\\/schoenstatt.com\\\/wp-content\\\/uploads\\\/2023\\\/11\\\/jesus-eucaristia-1.jpg\",\"datePublished\":\"2023-11-26T05:34:22+00:00\",\"dateModified\":\"2025-05-15T22:29:11+00:00\",\"description\":\"Jesus tem um estilo diferente de lideran\u00e7a e reinado. Ele nos ensina como ser um verdadeiro l\u00edder, agindo com amor.\",\"breadcrumb\":{\"@id\":\"https:\\\/\\\/schoenstatt.com\\\/pt-pt\\\/solenidade-de-cristo-rei-o-valor-da-palavra-reinar\\\/#breadcrumb\"},\"inLanguage\":\"pt-PT\",\"potentialAction\":[{\"@type\":\"ReadAction\",\"target\":[\"https:\\\/\\\/schoenstatt.com\\\/pt-pt\\\/solenidade-de-cristo-rei-o-valor-da-palavra-reinar\\\/\"]}]},{\"@type\":\"ImageObject\",\"inLanguage\":\"pt-PT\",\"@id\":\"https:\\\/\\\/schoenstatt.com\\\/pt-pt\\\/solenidade-de-cristo-rei-o-valor-da-palavra-reinar\\\/#primaryimage\",\"url\":\"https:\\\/\\\/schoenstatt.com\\\/wp-content\\\/uploads\\\/2023\\\/11\\\/jesus-eucaristia-1.jpg\",\"contentUrl\":\"https:\\\/\\\/schoenstatt.com\\\/wp-content\\\/uploads\\\/2023\\\/11\\\/jesus-eucaristia-1.jpg\",\"width\":2048,\"height\":1365},{\"@type\":\"BreadcrumbList\",\"@id\":\"https:\\\/\\\/schoenstatt.com\\\/pt-pt\\\/solenidade-de-cristo-rei-o-valor-da-palavra-reinar\\\/#breadcrumb\",\"itemListElement\":[{\"@type\":\"ListItem\",\"position\":1,\"name\":\"Portada\",\"item\":\"https:\\\/\\\/schoenstatt.com\\\/pt-pt\\\/home\\\/\"},{\"@type\":\"ListItem\",\"position\":2,\"name\":\"Solenidade de Cristo Rei: O valor da palavra \u201creinar\u201d\"}]},{\"@type\":\"WebSite\",\"@id\":\"https:\\\/\\\/schoenstatt.com\\\/pt-pt\\\/#website\",\"url\":\"https:\\\/\\\/schoenstatt.com\\\/pt-pt\\\/\",\"name\":\"Schoenstatt\",\"description\":\"Apostolic Movement\",\"publisher\":{\"@id\":\"https:\\\/\\\/schoenstatt.com\\\/pt-pt\\\/#organization\"},\"potentialAction\":[{\"@type\":\"SearchAction\",\"target\":{\"@type\":\"EntryPoint\",\"urlTemplate\":\"https:\\\/\\\/schoenstatt.com\\\/pt-pt\\\/?s={search_term_string}\"},\"query-input\":{\"@type\":\"PropertyValueSpecification\",\"valueRequired\":true,\"valueName\":\"search_term_string\"}}],\"inLanguage\":\"pt-PT\"},{\"@type\":\"Organization\",\"@id\":\"https:\\\/\\\/schoenstatt.com\\\/pt-pt\\\/#organization\",\"name\":\"Schoenstatt\",\"url\":\"https:\\\/\\\/schoenstatt.com\\\/pt-pt\\\/\",\"logo\":{\"@type\":\"ImageObject\",\"inLanguage\":\"pt-PT\",\"@id\":\"https:\\\/\\\/schoenstatt.com\\\/pt-pt\\\/#\\\/schema\\\/logo\\\/image\\\/\",\"url\":\"https:\\\/\\\/schoenstatt.com\\\/wp-content\\\/uploads\\\/2025\\\/04\\\/logo-schoenstatt-white-696x696-1.png\",\"contentUrl\":\"https:\\\/\\\/schoenstatt.com\\\/wp-content\\\/uploads\\\/2025\\\/04\\\/logo-schoenstatt-white-696x696-1.png\",\"width\":696,\"height\":694,\"caption\":\"Schoenstatt\"},\"image\":{\"@id\":\"https:\\\/\\\/schoenstatt.com\\\/pt-pt\\\/#\\\/schema\\\/logo\\\/image\\\/\"}},{\"@type\":\"Person\",\"@id\":\"https:\\\/\\\/schoenstatt.com\\\/pt-pt\\\/#\\\/schema\\\/person\\\/5158877ad4acae98b34daaeef2a1ce6e\",\"name\":\"Karen Bueno\",\"image\":{\"@type\":\"ImageObject\",\"inLanguage\":\"pt-PT\",\"@id\":\"https:\\\/\\\/secure.gravatar.com\\\/avatar\\\/f9f4b823873154269d2b2130f195f6d41037dd0d7fc5f3cacb5c846bae70d66b?s=96&d=mm&r=g\",\"url\":\"https:\\\/\\\/secure.gravatar.com\\\/avatar\\\/f9f4b823873154269d2b2130f195f6d41037dd0d7fc5f3cacb5c846bae70d66b?s=96&d=mm&r=g\",\"contentUrl\":\"https:\\\/\\\/secure.gravatar.com\\\/avatar\\\/f9f4b823873154269d2b2130f195f6d41037dd0d7fc5f3cacb5c846bae70d66b?s=96&d=mm&r=g\",\"caption\":\"Karen Bueno\"},\"url\":\"https:\\\/\\\/schoenstatt.com\\\/pt-pt\\\/author\\\/karen-bueno\\\/\"}]}<\/script>\n<!-- \/ Yoast SEO Premium plugin. -->","yoast_head_json":{"title":"Solenidade de Cristo Rei: O valor da palavra \u201creinar\u201d - Schoenstatt","description":"Jesus tem um estilo diferente de lideran\u00e7a e reinado. Ele nos ensina como ser um verdadeiro l\u00edder, agindo com amor.","robots":{"index":"index","follow":"follow","max-snippet":"max-snippet:-1","max-image-preview":"max-image-preview:large","max-video-preview":"max-video-preview:-1"},"canonical":"https:\/\/schoenstatt.com\/pt-pt\/solenidade-de-cristo-rei-o-valor-da-palavra-reinar\/","og_locale":"pt_PT","og_type":"article","og_title":"Solenidade de Cristo Rei: O valor da palavra \u201creinar\u201d","og_description":"Jesus tem um estilo diferente de lideran\u00e7a e reinado. Ele nos ensina como ser um verdadeiro l\u00edder, agindo com amor.","og_url":"https:\/\/schoenstatt.com\/pt-pt\/solenidade-de-cristo-rei-o-valor-da-palavra-reinar\/","og_site_name":"Schoenstatt","article_published_time":"2023-11-26T05:34:22+00:00","article_modified_time":"2025-05-15T22:29:11+00:00","og_image":[{"width":2048,"height":1365,"url":"https:\/\/schoenstatt.com\/wp-content\/uploads\/2023\/11\/jesus-eucaristia-1.jpg","type":"image\/jpeg"}],"author":"Karen Bueno","twitter_card":"summary_large_image","twitter_misc":{"Escrito por":"Karen Bueno","Tempo estimado de leitura":"5 minutos"},"schema":{"@context":"https:\/\/schema.org","@graph":[{"@type":"Article","@id":"https:\/\/schoenstatt.com\/pt-pt\/solenidade-de-cristo-rei-o-valor-da-palavra-reinar\/#article","isPartOf":{"@id":"https:\/\/schoenstatt.com\/pt-pt\/solenidade-de-cristo-rei-o-valor-da-palavra-reinar\/"},"author":{"name":"Karen Bueno","@id":"https:\/\/schoenstatt.com\/pt-pt\/#\/schema\/person\/5158877ad4acae98b34daaeef2a1ce6e"},"headline":"Solenidade de Cristo Rei: O valor da palavra \u201creinar\u201d","datePublished":"2023-11-26T05:34:22+00:00","dateModified":"2025-05-15T22:29:11+00:00","mainEntityOfPage":{"@id":"https:\/\/schoenstatt.com\/pt-pt\/solenidade-de-cristo-rei-o-valor-da-palavra-reinar\/"},"wordCount":1022,"publisher":{"@id":"https:\/\/schoenstatt.com\/pt-pt\/#organization"},"image":{"@id":"https:\/\/schoenstatt.com\/pt-pt\/solenidade-de-cristo-rei-o-valor-da-palavra-reinar\/#primaryimage"},"thumbnailUrl":"https:\/\/schoenstatt.com\/wp-content\/uploads\/2023\/11\/jesus-eucaristia-1.jpg","articleSection":["Espiritualidade"],"inLanguage":"pt-PT"},{"@type":"WebPage","@id":"https:\/\/schoenstatt.com\/pt-pt\/solenidade-de-cristo-rei-o-valor-da-palavra-reinar\/","url":"https:\/\/schoenstatt.com\/pt-pt\/solenidade-de-cristo-rei-o-valor-da-palavra-reinar\/","name":"Solenidade de Cristo Rei: O valor da palavra \u201creinar\u201d - Schoenstatt","isPartOf":{"@id":"https:\/\/schoenstatt.com\/pt-pt\/#website"},"primaryImageOfPage":{"@id":"https:\/\/schoenstatt.com\/pt-pt\/solenidade-de-cristo-rei-o-valor-da-palavra-reinar\/#primaryimage"},"image":{"@id":"https:\/\/schoenstatt.com\/pt-pt\/solenidade-de-cristo-rei-o-valor-da-palavra-reinar\/#primaryimage"},"thumbnailUrl":"https:\/\/schoenstatt.com\/wp-content\/uploads\/2023\/11\/jesus-eucaristia-1.jpg","datePublished":"2023-11-26T05:34:22+00:00","dateModified":"2025-05-15T22:29:11+00:00","description":"Jesus tem um estilo diferente de lideran\u00e7a e reinado. Ele nos ensina como ser um verdadeiro l\u00edder, agindo com amor.","breadcrumb":{"@id":"https:\/\/schoenstatt.com\/pt-pt\/solenidade-de-cristo-rei-o-valor-da-palavra-reinar\/#breadcrumb"},"inLanguage":"pt-PT","potentialAction":[{"@type":"ReadAction","target":["https:\/\/schoenstatt.com\/pt-pt\/solenidade-de-cristo-rei-o-valor-da-palavra-reinar\/"]}]},{"@type":"ImageObject","inLanguage":"pt-PT","@id":"https:\/\/schoenstatt.com\/pt-pt\/solenidade-de-cristo-rei-o-valor-da-palavra-reinar\/#primaryimage","url":"https:\/\/schoenstatt.com\/wp-content\/uploads\/2023\/11\/jesus-eucaristia-1.jpg","contentUrl":"https:\/\/schoenstatt.com\/wp-content\/uploads\/2023\/11\/jesus-eucaristia-1.jpg","width":2048,"height":1365},{"@type":"BreadcrumbList","@id":"https:\/\/schoenstatt.com\/pt-pt\/solenidade-de-cristo-rei-o-valor-da-palavra-reinar\/#breadcrumb","itemListElement":[{"@type":"ListItem","position":1,"name":"Portada","item":"https:\/\/schoenstatt.com\/pt-pt\/home\/"},{"@type":"ListItem","position":2,"name":"Solenidade de Cristo Rei: O valor da palavra \u201creinar\u201d"}]},{"@type":"WebSite","@id":"https:\/\/schoenstatt.com\/pt-pt\/#website","url":"https:\/\/schoenstatt.com\/pt-pt\/","name":"Schoenstatt","description":"Apostolic Movement","publisher":{"@id":"https:\/\/schoenstatt.com\/pt-pt\/#organization"},"potentialAction":[{"@type":"SearchAction","target":{"@type":"EntryPoint","urlTemplate":"https:\/\/schoenstatt.com\/pt-pt\/?s={search_term_string}"},"query-input":{"@type":"PropertyValueSpecification","valueRequired":true,"valueName":"search_term_string"}}],"inLanguage":"pt-PT"},{"@type":"Organization","@id":"https:\/\/schoenstatt.com\/pt-pt\/#organization","name":"Schoenstatt","url":"https:\/\/schoenstatt.com\/pt-pt\/","logo":{"@type":"ImageObject","inLanguage":"pt-PT","@id":"https:\/\/schoenstatt.com\/pt-pt\/#\/schema\/logo\/image\/","url":"https:\/\/schoenstatt.com\/wp-content\/uploads\/2025\/04\/logo-schoenstatt-white-696x696-1.png","contentUrl":"https:\/\/schoenstatt.com\/wp-content\/uploads\/2025\/04\/logo-schoenstatt-white-696x696-1.png","width":696,"height":694,"caption":"Schoenstatt"},"image":{"@id":"https:\/\/schoenstatt.com\/pt-pt\/#\/schema\/logo\/image\/"}},{"@type":"Person","@id":"https:\/\/schoenstatt.com\/pt-pt\/#\/schema\/person\/5158877ad4acae98b34daaeef2a1ce6e","name":"Karen Bueno","image":{"@type":"ImageObject","inLanguage":"pt-PT","@id":"https:\/\/secure.gravatar.com\/avatar\/f9f4b823873154269d2b2130f195f6d41037dd0d7fc5f3cacb5c846bae70d66b?s=96&d=mm&r=g","url":"https:\/\/secure.gravatar.com\/avatar\/f9f4b823873154269d2b2130f195f6d41037dd0d7fc5f3cacb5c846bae70d66b?s=96&d=mm&r=g","contentUrl":"https:\/\/secure.gravatar.com\/avatar\/f9f4b823873154269d2b2130f195f6d41037dd0d7fc5f3cacb5c846bae70d66b?s=96&d=mm&r=g","caption":"Karen Bueno"},"url":"https:\/\/schoenstatt.com\/pt-pt\/author\/karen-bueno\/"}]}},"_links":{"self":[{"href":"https:\/\/schoenstatt.com\/pt-pt\/wp-json\/wp\/v2\/posts\/33719","targetHints":{"allow":["GET"]}}],"collection":[{"href":"https:\/\/schoenstatt.com\/pt-pt\/wp-json\/wp\/v2\/posts"}],"about":[{"href":"https:\/\/schoenstatt.com\/pt-pt\/wp-json\/wp\/v2\/types\/post"}],"author":[{"embeddable":true,"href":"https:\/\/schoenstatt.com\/pt-pt\/wp-json\/wp\/v2\/users\/3"}],"replies":[{"embeddable":true,"href":"https:\/\/schoenstatt.com\/pt-pt\/wp-json\/wp\/v2\/comments?post=33719"}],"version-history":[{"count":1,"href":"https:\/\/schoenstatt.com\/pt-pt\/wp-json\/wp\/v2\/posts\/33719\/revisions"}],"predecessor-version":[{"id":46493,"href":"https:\/\/schoenstatt.com\/pt-pt\/wp-json\/wp\/v2\/posts\/33719\/revisions\/46493"}],"wp:featuredmedia":[{"embeddable":true,"href":"https:\/\/schoenstatt.com\/pt-pt\/wp-json\/wp\/v2\/media\/33720"}],"wp:attachment":[{"href":"https:\/\/schoenstatt.com\/pt-pt\/wp-json\/wp\/v2\/media?parent=33719"}],"wp:term":[{"taxonomy":"category","embeddable":true,"href":"https:\/\/schoenstatt.com\/pt-pt\/wp-json\/wp\/v2\/categories?post=33719"},{"taxonomy":"post_tag","embeddable":true,"href":"https:\/\/schoenstatt.com\/pt-pt\/wp-json\/wp\/v2\/tags?post=33719"}],"curies":[{"name":"wp","href":"https:\/\/api.w.org\/{rel}","templated":true}]}}