{"id":33680,"date":"2023-11-17T14:39:38","date_gmt":"2023-11-17T13:39:38","guid":{"rendered":"https:\/\/schoenstatt.com\/espiritualidade\/peregrinos-de-varios-paises-celebran-el-80-aniversario-de-los-santuarios-filiales\/"},"modified":"2025-05-16T01:41:28","modified_gmt":"2025-05-15T23:41:28","slug":"peregrinos-de-varios-paises-celebram-os-80-anos-dos-santuarios-filiais","status":"publish","type":"post","link":"https:\/\/schoenstatt.com\/pt-pt\/peregrinos-de-varios-paises-celebram-os-80-anos-dos-santuarios-filiais\/","title":{"rendered":"Peregrinos de v\u00e1rios pa\u00edses celebram os 80 anos dos Santu\u00e1rios Filiais"},"content":{"rendered":"<p>Quando o Padre Jos\u00e9 Kentenich ofereceu alguns dias de exerc\u00edcios espirituais em <a href=\"https:\/\/schoenstatt.org.uy\/\" target=\"_blank\" rel=\"noopener\">Nueva Helvecia\/Uruguai<\/a>, come\u00e7ou uma de suas palestras dizendo: \u201cH\u00e1 um &#8216;terremoto de gra\u00e7as&#8217; que se espalha de lugar a lugar, de pa\u00eds a pa\u00eds\u201d (1947). Olhando para tr\u00e1s, para os \u00faltimos meses em que toda a sua Fam\u00edlia de Schoenstatt, a cidade de Nueva Helvecia e muito al\u00e9m das fronteiras uruguaias se prepararam para celebrar os <a href=\"https:\/\/schoenstatt.com\/pt-pt\/comunidades-de-schoenstatt-pt\/80-anos-do-primer-santuario-filial-em-nueva-helvecia\/\">80 anos de presen\u00e7a da MTA em um Santu\u00e1rio Filial<\/a>, ele n\u00e3o diria exatamente a mesma coisa?<\/p>\n<p>Depois de meses de prepara\u00e7\u00e3o e expectativa, finalmente chegou o dia do jubileu. Os cora\u00e7\u00f5es explodem de alegria.<\/p>\n<h2>Houve dias de festa, come\u00e7ando no s\u00e1bado<\/h2>\n<p>A festa come\u00e7ou no s\u00e1bado, 14 de outubro, com uma tarde repleta de diversas atividades: o ter\u00e7o e a santa missa de abertura, a espet\u00e1culo da Orquestra Municipal de Col\u00f4nia, ao lado do Santu\u00e1rio, uma recorda\u00e7\u00e3o da hist\u00f3ria e um olhar ao presente e ao futuro, atrav\u00e9s de uma apresenta\u00e7\u00e3o em textos e v\u00eddeos das Irm\u00e3s de Maria, para culminar com o jantar festivo em um clube pr\u00f3ximo ao Santu\u00e1rio.<\/p>\n<p><img fetchpriority=\"high\" decoding=\"async\" class=\"aligncenter wp-image-33647 \" src=\"https:\/\/schoenstatt.com\/wp-content\/uploads\/2023\/11\/schoenstatt-nueva-helvecia-uruguay-4.jpg\" alt=\"\" width=\"1064\" height=\"360\" \/><\/p>\n<p>Na missa de abertura, o Bispo de Ober\u00e1\/Argentina, Dom Dami\u00e1n Bitar, disse: <em>\u201cEsvaziamos todo o nosso cora\u00e7\u00e3o no seu, M\u00e3e. Bendizemos a Deus que <a href=\"https:\/\/schoenstatt.com\/pt-pt\/paises-pt\/80-anos-do-primeiro-santuario-filial\/\">quis permanecer neste lugar t\u00e3o significativo<\/a>, neste pa\u00eds, neste continente. Bendizemos a Deus pelo dom da presen\u00e7a de Maria nesses 80 anos de vida, de caminhada, de ora\u00e7\u00e3o, de abrigo. Quantas ora\u00e7\u00f5es de s\u00faplica, de a\u00e7\u00e3o de gra\u00e7as, quantas l\u00e1grimas que s\u00f3 ela, como M\u00e3e, conhece, quantas ofertas ao Capital de Gra\u00e7as que vem se acumulando neste lugar aben\u00e7oado para a gl\u00f3ria de Deus e para a gl\u00f3ria dos filhos de Deus e filhos de Maria!\u201d.<\/em><\/p>\n<p>Rosario Caravia de Burbaquis, da equipe organizadora, conta: <em>\u201cNo s\u00e1bado, dia 14, foi o encontro da Fam\u00edlia de Schoenstatt. Recebemos delega\u00e7\u00f5es da Argentina, Paraguai, Brasil e diversas regi\u00f5es do Uruguai. \u00c0 noite nos reunimos para jantar e houve palavras de boas-vindas e gratid\u00e3o do Uruguai e das delega\u00e7\u00f5es. As sauda\u00e7\u00f5es dos diferentes Santu\u00e1rios do mundo foram muito emocionantes, rodeados pelos nossos irm\u00e3os schoenstattianos\u201d.<\/em><\/p>\n<p>\u00c0 noite, o grande dia de festa come\u00e7a com a vig\u00edlia dos jovens no Santu\u00e1rio. Com seus cantos e ora\u00e7\u00f5es, eles t\u00eam o privil\u00e9gio de acompanhar a MTA desde os primeiros momentos at\u00e9 o amanhecer.<\/p>\n<h3>Bendizemos a Deus pela presen\u00e7a de Maria nesses 80 anos<\/h3>\n<p><img decoding=\"async\" class=\"aligncenter wp-image-33635 \" src=\"https:\/\/schoenstatt.com\/wp-content\/uploads\/2023\/11\/obispo-Carlos-Maria-Colazzi.jpg\" alt=\"\" width=\"997\" height=\"664\" \/><\/p>\n<p>O momento central do jubileu \u00e9 a santa missa, presidida pelo bispo de Mercedes, Dom Carlos Mar\u00eda Collazzi, diocese \u00e0 qual pertence o Santu\u00e1rio. E foi concelebrada por dois bispos: Dom Dami\u00e1n Bitar, Bispo de Ober\u00e1\/Argentina; e Dom Pedro Wolcan, Bispo de Tacuaremb\u00f3\/Uruguai, ex-aluno do Col\u00e9gio MTA. Tamb\u00e9m concelebraram tr\u00eas sacerdotes: o Padre de Schoenstatt Juan Pablo Cattoggio, Padre Luciano Retamosa, de Mercedes, e Padre Marcelo Ortiz, p\u00e1roco de Nueva Helvecia.<\/p>\n<p>Com palavras sinceras, Dom Collazzi referiu-se ao conte\u00fado da festa, destacando a import\u00e2ncia deste Santu\u00e1rio. Aproveitamos tamb\u00e9m para lhe agradecer, porque depois de 29 anos de servi\u00e7o \u00e0 diocese, anos em que nos acompanhou fielmente nas festividades e eventos, deixa o seu lugar ao pr\u00f3ximo Bispo j\u00e1 nomeado pelo Papa Francisco, Dom Luis Eduardo Gonz\u00e1lez Cedr\u00e9s.<\/p>\n<h3><img decoding=\"async\" class=\"aligncenter wp-image-33639 \" src=\"https:\/\/schoenstatt.com\/wp-content\/uploads\/2023\/11\/schoenstatt-nueva-helvecia-uruguay-2.jpg\" alt=\"\" width=\"1024\" height=\"788\" \/><\/h3>\n<h3>Novas Alian\u00e7as, um presente para a MTA<\/h3>\n<p>Ao meio-dia, enquanto as pessoas escolhem o almo\u00e7o, ouvem-se os sons da banda militar que realiza marchas com a sua fanfarra e culmina com os parab\u00e9ns e o hino nacional.<\/p>\n<p>Segue-se, ent\u00e3o, um bal\u00e9 folcl\u00f3rico que apresenta dan\u00e7as t\u00edpicas e chega o momento esperado por muitos, quando selar\u00e3o sua Alian\u00e7a de Amor com Maria. Aos 80 anos sonh\u00e1vamos em preparar 80 novas alian\u00e7as, mas a MTA nos surpreendeu com um n\u00famero muito maior.<\/p>\n<p>Mais tarde, a imagem peregrina \u00e9 colocada em uma caminhonete para realizar a prociss\u00e3o at\u00e9 \u00e0 Par\u00f3quia. As pessoas se re\u00fanem em torno da imagem e com passos determinados caminham de um lado para o outro para finalmente receber a b\u00ean\u00e7\u00e3o que encerra o dia.<\/p>\n<p>O sol est\u00e1 se pondo, para quem est\u00e1 longe a programa\u00e7\u00e3o acaba, mas em Nueva Helvecia a festa continua!<\/p>\n<p><img loading=\"lazy\" decoding=\"async\" class=\"aligncenter wp-image-33643 \" src=\"https:\/\/schoenstatt.com\/wp-content\/uploads\/2023\/11\/schoenstatt-nueva-helvecia-uruguay-3.jpg\" alt=\"\" width=\"1032\" height=\"368\" \/><\/p>\n<h2>Dia 18 \u2013 80 anos do Santu\u00e1rio<\/h2>\n<p>Quarta-feira, dia 18, \u00e9 o verdadeiro dia do anivers\u00e1rio. \u00c9 por isso que as crian\u00e7as do Col\u00e9gio MTA t\u00eam o privil\u00e9gio de celebrar a sua Rainha com uma bela missa ao ar livre. Minutos antes chega uma romaria de senhoras que caminharam 20 km para homenagear a MTA. J\u00e1 se tornou uma tradi\u00e7\u00e3o entre elas e o n\u00famero de peregrinas cresce ano ap\u00f3s ano.<\/p>\n<p>Segundo Rosario Caravia, <em>\u201cforam dias extraordin\u00e1rios, onde o clima que reinava era de profundidade, gratid\u00e3o, reconhecimento e muita alegria. Que festa! Tudo colaborou&#8230; o sol brilhava, o parque estava cheio de fi\u00e9is, as pessoas sorriam, todos estavam muito felizes. Imagino a Virgem olhando para os seus filhos, satisfeita por nos ver unidos em torno da \u2018sua casa\u2019, da \u2018nossa casa\u2019, onde nos sentimos abrigados, amados e compreendidos por Ela\u201d.<\/em><\/p>\n","protected":false},"excerpt":{"rendered":"<p>O Santu\u00e1rio de Nueva Helvecia, no Uruguai, completou 80 anos. Dias de festa, alegria e gratid\u00e3o marcaram as celebra\u00e7\u00f5es jubilares. Tr\u00eas bispos celebraram o jubileu e uma multid\u00e3o levou alegria e cor ao primeiro Santu\u00e1rio Filial de Schoenstatt no mundo.<\/p>\n","protected":false},"author":3,"featured_media":33631,"comment_status":"closed","ping_status":"closed","sticky":false,"template":"","format":"standard","meta":{"footnotes":""},"categories":[869],"tags":[],"class_list":["post-33680","post","type-post","status-publish","format-standard","has-post-thumbnail","hentry","category-paises-pt-pt"],"yoast_head":"<!-- This site is optimized with the Yoast SEO Premium plugin v27.4 (Yoast SEO v27.4) - https:\/\/yoast.com\/product\/yoast-seo-premium-wordpress\/ -->\n<title>Peregrinos de v\u00e1rios pa\u00edses celebram os 80 anos dos Santu\u00e1rios Filiais<\/title>\n<meta name=\"description\" content=\"O Santu\u00e1rio de Nueva Helvecia, no Uruguai, completou 80 anos. Dias de festa, alegria e gratid\u00e3o marcaram as celebra\u00e7\u00f5es jubilares.\" \/>\n<meta name=\"robots\" content=\"index, follow, max-snippet:-1, max-image-preview:large, max-video-preview:-1\" \/>\n<link rel=\"canonical\" href=\"https:\/\/schoenstatt.com\/pt-pt\/peregrinos-de-varios-paises-celebram-os-80-anos-dos-santuarios-filiais\/\" \/>\n<meta property=\"og:locale\" content=\"pt_PT\" \/>\n<meta property=\"og:type\" content=\"article\" \/>\n<meta property=\"og:title\" content=\"Peregrinos de v\u00e1rios pa\u00edses celebram os 80 anos dos Santu\u00e1rios Filiais\" \/>\n<meta property=\"og:description\" content=\"O Santu\u00e1rio de Nueva Helvecia, no Uruguai, completou 80 anos. Dias de festa, alegria e gratid\u00e3o marcaram as celebra\u00e7\u00f5es jubilares.\" \/>\n<meta property=\"og:url\" content=\"https:\/\/schoenstatt.com\/pt-pt\/peregrinos-de-varios-paises-celebram-os-80-anos-dos-santuarios-filiais\/\" \/>\n<meta property=\"og:site_name\" content=\"Schoenstatt\" \/>\n<meta property=\"article:published_time\" content=\"2023-11-17T13:39:38+00:00\" \/>\n<meta property=\"article:modified_time\" content=\"2025-05-15T23:41:28+00:00\" \/>\n<meta property=\"og:image\" content=\"https:\/\/schoenstatt.com\/wp-content\/uploads\/2023\/11\/schoenstatt-nueva-helvecia-uruguay-1.jpg\" \/>\n\t<meta property=\"og:image:width\" content=\"2048\" \/>\n\t<meta property=\"og:image:height\" content=\"1384\" \/>\n\t<meta property=\"og:image:type\" content=\"image\/jpeg\" \/>\n<meta name=\"author\" content=\"Karen Bueno\" \/>\n<meta name=\"twitter:card\" content=\"summary_large_image\" \/>\n<meta name=\"twitter:label1\" content=\"Escrito por\" \/>\n\t<meta name=\"twitter:data1\" content=\"Karen Bueno\" \/>\n\t<meta name=\"twitter:label2\" content=\"Tempo estimado de leitura\" \/>\n\t<meta name=\"twitter:data2\" content=\"5 minutos\" \/>\n<script type=\"application\/ld+json\" class=\"yoast-schema-graph\">{\"@context\":\"https:\\\/\\\/schema.org\",\"@graph\":[{\"@type\":\"Article\",\"@id\":\"https:\\\/\\\/schoenstatt.com\\\/pt-pt\\\/peregrinos-de-varios-paises-celebram-os-80-anos-dos-santuarios-filiais\\\/#article\",\"isPartOf\":{\"@id\":\"https:\\\/\\\/schoenstatt.com\\\/pt-pt\\\/peregrinos-de-varios-paises-celebram-os-80-anos-dos-santuarios-filiais\\\/\"},\"author\":{\"name\":\"Karen Bueno\",\"@id\":\"https:\\\/\\\/schoenstatt.com\\\/pt-pt\\\/#\\\/schema\\\/person\\\/5158877ad4acae98b34daaeef2a1ce6e\"},\"headline\":\"Peregrinos de v\u00e1rios pa\u00edses celebram os 80 anos dos Santu\u00e1rios Filiais\",\"datePublished\":\"2023-11-17T13:39:38+00:00\",\"dateModified\":\"2025-05-15T23:41:28+00:00\",\"mainEntityOfPage\":{\"@id\":\"https:\\\/\\\/schoenstatt.com\\\/pt-pt\\\/peregrinos-de-varios-paises-celebram-os-80-anos-dos-santuarios-filiais\\\/\"},\"wordCount\":900,\"publisher\":{\"@id\":\"https:\\\/\\\/schoenstatt.com\\\/pt-pt\\\/#organization\"},\"image\":{\"@id\":\"https:\\\/\\\/schoenstatt.com\\\/pt-pt\\\/peregrinos-de-varios-paises-celebram-os-80-anos-dos-santuarios-filiais\\\/#primaryimage\"},\"thumbnailUrl\":\"https:\\\/\\\/schoenstatt.com\\\/wp-content\\\/uploads\\\/2023\\\/11\\\/schoenstatt-nueva-helvecia-uruguay-1.jpg\",\"articleSection\":[\"Pa\u00edses\"],\"inLanguage\":\"pt-PT\"},{\"@type\":\"WebPage\",\"@id\":\"https:\\\/\\\/schoenstatt.com\\\/pt-pt\\\/peregrinos-de-varios-paises-celebram-os-80-anos-dos-santuarios-filiais\\\/\",\"url\":\"https:\\\/\\\/schoenstatt.com\\\/pt-pt\\\/peregrinos-de-varios-paises-celebram-os-80-anos-dos-santuarios-filiais\\\/\",\"name\":\"Peregrinos de v\u00e1rios pa\u00edses celebram os 80 anos dos Santu\u00e1rios Filiais\",\"isPartOf\":{\"@id\":\"https:\\\/\\\/schoenstatt.com\\\/pt-pt\\\/#website\"},\"primaryImageOfPage\":{\"@id\":\"https:\\\/\\\/schoenstatt.com\\\/pt-pt\\\/peregrinos-de-varios-paises-celebram-os-80-anos-dos-santuarios-filiais\\\/#primaryimage\"},\"image\":{\"@id\":\"https:\\\/\\\/schoenstatt.com\\\/pt-pt\\\/peregrinos-de-varios-paises-celebram-os-80-anos-dos-santuarios-filiais\\\/#primaryimage\"},\"thumbnailUrl\":\"https:\\\/\\\/schoenstatt.com\\\/wp-content\\\/uploads\\\/2023\\\/11\\\/schoenstatt-nueva-helvecia-uruguay-1.jpg\",\"datePublished\":\"2023-11-17T13:39:38+00:00\",\"dateModified\":\"2025-05-15T23:41:28+00:00\",\"description\":\"O Santu\u00e1rio de Nueva Helvecia, no Uruguai, completou 80 anos. Dias de festa, alegria e gratid\u00e3o marcaram as celebra\u00e7\u00f5es jubilares.\",\"breadcrumb\":{\"@id\":\"https:\\\/\\\/schoenstatt.com\\\/pt-pt\\\/peregrinos-de-varios-paises-celebram-os-80-anos-dos-santuarios-filiais\\\/#breadcrumb\"},\"inLanguage\":\"pt-PT\",\"potentialAction\":[{\"@type\":\"ReadAction\",\"target\":[\"https:\\\/\\\/schoenstatt.com\\\/pt-pt\\\/peregrinos-de-varios-paises-celebram-os-80-anos-dos-santuarios-filiais\\\/\"]}]},{\"@type\":\"ImageObject\",\"inLanguage\":\"pt-PT\",\"@id\":\"https:\\\/\\\/schoenstatt.com\\\/pt-pt\\\/peregrinos-de-varios-paises-celebram-os-80-anos-dos-santuarios-filiais\\\/#primaryimage\",\"url\":\"https:\\\/\\\/schoenstatt.com\\\/wp-content\\\/uploads\\\/2023\\\/11\\\/schoenstatt-nueva-helvecia-uruguay-1.jpg\",\"contentUrl\":\"https:\\\/\\\/schoenstatt.com\\\/wp-content\\\/uploads\\\/2023\\\/11\\\/schoenstatt-nueva-helvecia-uruguay-1.jpg\",\"width\":2048,\"height\":1384,\"caption\":\"smart\"},{\"@type\":\"BreadcrumbList\",\"@id\":\"https:\\\/\\\/schoenstatt.com\\\/pt-pt\\\/peregrinos-de-varios-paises-celebram-os-80-anos-dos-santuarios-filiais\\\/#breadcrumb\",\"itemListElement\":[{\"@type\":\"ListItem\",\"position\":1,\"name\":\"Portada\",\"item\":\"https:\\\/\\\/schoenstatt.com\\\/pt-pt\\\/home\\\/\"},{\"@type\":\"ListItem\",\"position\":2,\"name\":\"Peregrinos de v\u00e1rios pa\u00edses celebram os 80 anos dos Santu\u00e1rios Filiais\"}]},{\"@type\":\"WebSite\",\"@id\":\"https:\\\/\\\/schoenstatt.com\\\/pt-pt\\\/#website\",\"url\":\"https:\\\/\\\/schoenstatt.com\\\/pt-pt\\\/\",\"name\":\"Schoenstatt\",\"description\":\"Apostolic Movement\",\"publisher\":{\"@id\":\"https:\\\/\\\/schoenstatt.com\\\/pt-pt\\\/#organization\"},\"potentialAction\":[{\"@type\":\"SearchAction\",\"target\":{\"@type\":\"EntryPoint\",\"urlTemplate\":\"https:\\\/\\\/schoenstatt.com\\\/pt-pt\\\/?s={search_term_string}\"},\"query-input\":{\"@type\":\"PropertyValueSpecification\",\"valueRequired\":true,\"valueName\":\"search_term_string\"}}],\"inLanguage\":\"pt-PT\"},{\"@type\":\"Organization\",\"@id\":\"https:\\\/\\\/schoenstatt.com\\\/pt-pt\\\/#organization\",\"name\":\"Schoenstatt\",\"url\":\"https:\\\/\\\/schoenstatt.com\\\/pt-pt\\\/\",\"logo\":{\"@type\":\"ImageObject\",\"inLanguage\":\"pt-PT\",\"@id\":\"https:\\\/\\\/schoenstatt.com\\\/pt-pt\\\/#\\\/schema\\\/logo\\\/image\\\/\",\"url\":\"https:\\\/\\\/schoenstatt.com\\\/wp-content\\\/uploads\\\/2025\\\/04\\\/logo-schoenstatt-white-696x696-1.png\",\"contentUrl\":\"https:\\\/\\\/schoenstatt.com\\\/wp-content\\\/uploads\\\/2025\\\/04\\\/logo-schoenstatt-white-696x696-1.png\",\"width\":696,\"height\":694,\"caption\":\"Schoenstatt\"},\"image\":{\"@id\":\"https:\\\/\\\/schoenstatt.com\\\/pt-pt\\\/#\\\/schema\\\/logo\\\/image\\\/\"}},{\"@type\":\"Person\",\"@id\":\"https:\\\/\\\/schoenstatt.com\\\/pt-pt\\\/#\\\/schema\\\/person\\\/5158877ad4acae98b34daaeef2a1ce6e\",\"name\":\"Karen Bueno\",\"image\":{\"@type\":\"ImageObject\",\"inLanguage\":\"pt-PT\",\"@id\":\"https:\\\/\\\/secure.gravatar.com\\\/avatar\\\/f9f4b823873154269d2b2130f195f6d41037dd0d7fc5f3cacb5c846bae70d66b?s=96&d=mm&r=g\",\"url\":\"https:\\\/\\\/secure.gravatar.com\\\/avatar\\\/f9f4b823873154269d2b2130f195f6d41037dd0d7fc5f3cacb5c846bae70d66b?s=96&d=mm&r=g\",\"contentUrl\":\"https:\\\/\\\/secure.gravatar.com\\\/avatar\\\/f9f4b823873154269d2b2130f195f6d41037dd0d7fc5f3cacb5c846bae70d66b?s=96&d=mm&r=g\",\"caption\":\"Karen Bueno\"},\"url\":\"https:\\\/\\\/schoenstatt.com\\\/pt-pt\\\/author\\\/karen-bueno\\\/\"}]}<\/script>\n<!-- \/ Yoast SEO Premium plugin. -->","yoast_head_json":{"title":"Peregrinos de v\u00e1rios pa\u00edses celebram os 80 anos dos Santu\u00e1rios Filiais","description":"O Santu\u00e1rio de Nueva Helvecia, no Uruguai, completou 80 anos. Dias de festa, alegria e gratid\u00e3o marcaram as celebra\u00e7\u00f5es jubilares.","robots":{"index":"index","follow":"follow","max-snippet":"max-snippet:-1","max-image-preview":"max-image-preview:large","max-video-preview":"max-video-preview:-1"},"canonical":"https:\/\/schoenstatt.com\/pt-pt\/peregrinos-de-varios-paises-celebram-os-80-anos-dos-santuarios-filiais\/","og_locale":"pt_PT","og_type":"article","og_title":"Peregrinos de v\u00e1rios pa\u00edses celebram os 80 anos dos Santu\u00e1rios Filiais","og_description":"O Santu\u00e1rio de Nueva Helvecia, no Uruguai, completou 80 anos. Dias de festa, alegria e gratid\u00e3o marcaram as celebra\u00e7\u00f5es jubilares.","og_url":"https:\/\/schoenstatt.com\/pt-pt\/peregrinos-de-varios-paises-celebram-os-80-anos-dos-santuarios-filiais\/","og_site_name":"Schoenstatt","article_published_time":"2023-11-17T13:39:38+00:00","article_modified_time":"2025-05-15T23:41:28+00:00","og_image":[{"width":2048,"height":1384,"url":"https:\/\/schoenstatt.com\/wp-content\/uploads\/2023\/11\/schoenstatt-nueva-helvecia-uruguay-1.jpg","type":"image\/jpeg"}],"author":"Karen Bueno","twitter_card":"summary_large_image","twitter_misc":{"Escrito por":"Karen Bueno","Tempo estimado de leitura":"5 minutos"},"schema":{"@context":"https:\/\/schema.org","@graph":[{"@type":"Article","@id":"https:\/\/schoenstatt.com\/pt-pt\/peregrinos-de-varios-paises-celebram-os-80-anos-dos-santuarios-filiais\/#article","isPartOf":{"@id":"https:\/\/schoenstatt.com\/pt-pt\/peregrinos-de-varios-paises-celebram-os-80-anos-dos-santuarios-filiais\/"},"author":{"name":"Karen Bueno","@id":"https:\/\/schoenstatt.com\/pt-pt\/#\/schema\/person\/5158877ad4acae98b34daaeef2a1ce6e"},"headline":"Peregrinos de v\u00e1rios pa\u00edses celebram os 80 anos dos Santu\u00e1rios Filiais","datePublished":"2023-11-17T13:39:38+00:00","dateModified":"2025-05-15T23:41:28+00:00","mainEntityOfPage":{"@id":"https:\/\/schoenstatt.com\/pt-pt\/peregrinos-de-varios-paises-celebram-os-80-anos-dos-santuarios-filiais\/"},"wordCount":900,"publisher":{"@id":"https:\/\/schoenstatt.com\/pt-pt\/#organization"},"image":{"@id":"https:\/\/schoenstatt.com\/pt-pt\/peregrinos-de-varios-paises-celebram-os-80-anos-dos-santuarios-filiais\/#primaryimage"},"thumbnailUrl":"https:\/\/schoenstatt.com\/wp-content\/uploads\/2023\/11\/schoenstatt-nueva-helvecia-uruguay-1.jpg","articleSection":["Pa\u00edses"],"inLanguage":"pt-PT"},{"@type":"WebPage","@id":"https:\/\/schoenstatt.com\/pt-pt\/peregrinos-de-varios-paises-celebram-os-80-anos-dos-santuarios-filiais\/","url":"https:\/\/schoenstatt.com\/pt-pt\/peregrinos-de-varios-paises-celebram-os-80-anos-dos-santuarios-filiais\/","name":"Peregrinos de v\u00e1rios pa\u00edses celebram os 80 anos dos Santu\u00e1rios Filiais","isPartOf":{"@id":"https:\/\/schoenstatt.com\/pt-pt\/#website"},"primaryImageOfPage":{"@id":"https:\/\/schoenstatt.com\/pt-pt\/peregrinos-de-varios-paises-celebram-os-80-anos-dos-santuarios-filiais\/#primaryimage"},"image":{"@id":"https:\/\/schoenstatt.com\/pt-pt\/peregrinos-de-varios-paises-celebram-os-80-anos-dos-santuarios-filiais\/#primaryimage"},"thumbnailUrl":"https:\/\/schoenstatt.com\/wp-content\/uploads\/2023\/11\/schoenstatt-nueva-helvecia-uruguay-1.jpg","datePublished":"2023-11-17T13:39:38+00:00","dateModified":"2025-05-15T23:41:28+00:00","description":"O Santu\u00e1rio de Nueva Helvecia, no Uruguai, completou 80 anos. Dias de festa, alegria e gratid\u00e3o marcaram as celebra\u00e7\u00f5es jubilares.","breadcrumb":{"@id":"https:\/\/schoenstatt.com\/pt-pt\/peregrinos-de-varios-paises-celebram-os-80-anos-dos-santuarios-filiais\/#breadcrumb"},"inLanguage":"pt-PT","potentialAction":[{"@type":"ReadAction","target":["https:\/\/schoenstatt.com\/pt-pt\/peregrinos-de-varios-paises-celebram-os-80-anos-dos-santuarios-filiais\/"]}]},{"@type":"ImageObject","inLanguage":"pt-PT","@id":"https:\/\/schoenstatt.com\/pt-pt\/peregrinos-de-varios-paises-celebram-os-80-anos-dos-santuarios-filiais\/#primaryimage","url":"https:\/\/schoenstatt.com\/wp-content\/uploads\/2023\/11\/schoenstatt-nueva-helvecia-uruguay-1.jpg","contentUrl":"https:\/\/schoenstatt.com\/wp-content\/uploads\/2023\/11\/schoenstatt-nueva-helvecia-uruguay-1.jpg","width":2048,"height":1384,"caption":"smart"},{"@type":"BreadcrumbList","@id":"https:\/\/schoenstatt.com\/pt-pt\/peregrinos-de-varios-paises-celebram-os-80-anos-dos-santuarios-filiais\/#breadcrumb","itemListElement":[{"@type":"ListItem","position":1,"name":"Portada","item":"https:\/\/schoenstatt.com\/pt-pt\/home\/"},{"@type":"ListItem","position":2,"name":"Peregrinos de v\u00e1rios pa\u00edses celebram os 80 anos dos Santu\u00e1rios Filiais"}]},{"@type":"WebSite","@id":"https:\/\/schoenstatt.com\/pt-pt\/#website","url":"https:\/\/schoenstatt.com\/pt-pt\/","name":"Schoenstatt","description":"Apostolic Movement","publisher":{"@id":"https:\/\/schoenstatt.com\/pt-pt\/#organization"},"potentialAction":[{"@type":"SearchAction","target":{"@type":"EntryPoint","urlTemplate":"https:\/\/schoenstatt.com\/pt-pt\/?s={search_term_string}"},"query-input":{"@type":"PropertyValueSpecification","valueRequired":true,"valueName":"search_term_string"}}],"inLanguage":"pt-PT"},{"@type":"Organization","@id":"https:\/\/schoenstatt.com\/pt-pt\/#organization","name":"Schoenstatt","url":"https:\/\/schoenstatt.com\/pt-pt\/","logo":{"@type":"ImageObject","inLanguage":"pt-PT","@id":"https:\/\/schoenstatt.com\/pt-pt\/#\/schema\/logo\/image\/","url":"https:\/\/schoenstatt.com\/wp-content\/uploads\/2025\/04\/logo-schoenstatt-white-696x696-1.png","contentUrl":"https:\/\/schoenstatt.com\/wp-content\/uploads\/2025\/04\/logo-schoenstatt-white-696x696-1.png","width":696,"height":694,"caption":"Schoenstatt"},"image":{"@id":"https:\/\/schoenstatt.com\/pt-pt\/#\/schema\/logo\/image\/"}},{"@type":"Person","@id":"https:\/\/schoenstatt.com\/pt-pt\/#\/schema\/person\/5158877ad4acae98b34daaeef2a1ce6e","name":"Karen Bueno","image":{"@type":"ImageObject","inLanguage":"pt-PT","@id":"https:\/\/secure.gravatar.com\/avatar\/f9f4b823873154269d2b2130f195f6d41037dd0d7fc5f3cacb5c846bae70d66b?s=96&d=mm&r=g","url":"https:\/\/secure.gravatar.com\/avatar\/f9f4b823873154269d2b2130f195f6d41037dd0d7fc5f3cacb5c846bae70d66b?s=96&d=mm&r=g","contentUrl":"https:\/\/secure.gravatar.com\/avatar\/f9f4b823873154269d2b2130f195f6d41037dd0d7fc5f3cacb5c846bae70d66b?s=96&d=mm&r=g","caption":"Karen Bueno"},"url":"https:\/\/schoenstatt.com\/pt-pt\/author\/karen-bueno\/"}]}},"_links":{"self":[{"href":"https:\/\/schoenstatt.com\/pt-pt\/wp-json\/wp\/v2\/posts\/33680","targetHints":{"allow":["GET"]}}],"collection":[{"href":"https:\/\/schoenstatt.com\/pt-pt\/wp-json\/wp\/v2\/posts"}],"about":[{"href":"https:\/\/schoenstatt.com\/pt-pt\/wp-json\/wp\/v2\/types\/post"}],"author":[{"embeddable":true,"href":"https:\/\/schoenstatt.com\/pt-pt\/wp-json\/wp\/v2\/users\/3"}],"replies":[{"embeddable":true,"href":"https:\/\/schoenstatt.com\/pt-pt\/wp-json\/wp\/v2\/comments?post=33680"}],"version-history":[{"count":1,"href":"https:\/\/schoenstatt.com\/pt-pt\/wp-json\/wp\/v2\/posts\/33680\/revisions"}],"predecessor-version":[{"id":46473,"href":"https:\/\/schoenstatt.com\/pt-pt\/wp-json\/wp\/v2\/posts\/33680\/revisions\/46473"}],"wp:featuredmedia":[{"embeddable":true,"href":"https:\/\/schoenstatt.com\/pt-pt\/wp-json\/wp\/v2\/media\/33631"}],"wp:attachment":[{"href":"https:\/\/schoenstatt.com\/pt-pt\/wp-json\/wp\/v2\/media?parent=33680"}],"wp:term":[{"taxonomy":"category","embeddable":true,"href":"https:\/\/schoenstatt.com\/pt-pt\/wp-json\/wp\/v2\/categories?post=33680"},{"taxonomy":"post_tag","embeddable":true,"href":"https:\/\/schoenstatt.com\/pt-pt\/wp-json\/wp\/v2\/tags?post=33680"}],"curies":[{"name":"wp","href":"https:\/\/api.w.org\/{rel}","templated":true}]}}